{"id":35853,"date":"2011-05-15T00:16:29","date_gmt":"2011-05-14T21:16:29","guid":{"rendered":"http:\/\/www.epochtimestr.com\/?p=35853"},"modified":"2011-05-15T00:16:29","modified_gmt":"2011-05-14T21:16:29","slug":"yeni-dunya-malta-erigi","status":"publish","type":"post","link":"https:\/\/epochtimestr.com\/index.php\/yeni-dunya-malta-erigi","title":{"rendered":"Yeni D\u00fcnya( Malta Eri\u011fi)"},"content":{"rendered":"<figure id=\"attachment_35854\" aria-describedby=\"caption-attachment-35854\" style=\"width: 314px\" class=\"wp-caption aligncenter\"><a class=\"highslide\" rel=\"attachment wp-att-35854\" href=\"http:\/\/www.epochtimestr.com\/index.php\/yeni-dunya-malta-erigi\/800px-eriobotrya_japonica2\/\"><img loading=\"lazy\" decoding=\"async\" class=\"size-full wp-image-35854\" src=\"http:\/\/www.epochtimestr.com\/wp-content\/uploads\/2011y\/800px-Eriobotrya_japonica2.jpg\" alt=\"\" width=\"314\" height=\"235\" srcset=\"https:\/\/epochtimestr.com\/wp-content\/uploads\/2011y\/800px-Eriobotrya_japonica2.jpg 314w, https:\/\/epochtimestr.com\/wp-content\/uploads\/2011y\/800px-Eriobotrya_japonica2-150x113.jpg 150w, https:\/\/epochtimestr.com\/wp-content\/uploads\/2011y\/800px-Eriobotrya_japonica2-300x224.jpg 300w, https:\/\/epochtimestr.com\/wp-content\/uploads\/2011y\/800px-Eriobotrya_japonica2-269x201.jpg 269w, https:\/\/epochtimestr.com\/wp-content\/uploads\/2011y\/800px-Eriobotrya_japonica2-292x218.jpg 292w\" sizes=\"(max-width: 314px) 100vw, 314px\" \/><\/a><figcaption id=\"caption-attachment-35854\" class=\"wp-caption-text\">Vikipedia<\/figcaption><\/figure>\n<p style=\"text-align: justify\">Akdeniz ve Ege k\u0131y\u0131lar\u0131nda \u00e7ocuklu\u011fu ge\u00e7enler yaz\u0131n gelmesiyle beraber bah\u00e7elerde ilk ke\u015ffedilecek ve sarar\u0131nca tad\u0131lacak meyvenin yenid\u00fcnya oldu\u011funu bilirler. Kolay yeti\u015fen ve fazla se\u00e7ici olmayan bir a\u011fa\u00e7 oldu\u011fu i\u00e7in hemen hemen her evin bah\u00e7esinde\u00a0olurdu.\u00a0\u00a0Yirmi y\u0131l \u00f6ncesinden bahsediyorum. O zamanlarda yeti\u015fenler daha k\u00fc\u00e7\u00fck meyveli fakat inan\u0131lmaz lezzetli ve tatl\u0131 olurdu.\u00a0Art\u0131k g\u00fcn\u00fcm\u00fczde tar\u0131mda yeni ve erkenci meyve ve sebzeler o kadar \u00e7o\u011fald\u0131 ki marketlerde \u015feftali, kay\u0131s\u0131, karpuz v.s. mevsiminden \u00f6nce bulabiliyoruz. B\u00f6yle olunca da mevsimi gelen ve \u00f6zellikle de kendine has meyve yap\u0131s\u0131yla olan, tad\u0131 ve aromas\u0131yla g\u00fczel bir meyve olan yenid\u00fcnyay\u0131 \u00a0ya da literat\u00fcr ad\u0131 malta eri\u011fini yeterince tan\u0131m\u0131yoruz.<\/p>\n<p style=\"text-align: justify\">\u00a0Meyve ve sebze t\u00fcketirken \u00e7ok\u00a0 basit bir ilke olan her \u015feyi zaman\u0131nda t\u00fcketmeye \u00f6zen g\u00f6stermenin \u00f6nemli oldu\u011funu unutmayarak \u00f6zelikle bu g\u00fcnlerde bu farkl\u0131 meyveyi tatmay\u0131 ihmal etmeyelim. Meyve kabu\u011fu turuncu renkli ve biraz kal\u0131n; meyvesi etli, sulu, mayho\u015f ya da tatl\u0131 ve iri \u00e7ekirdeklidir. Yeni d\u00fcnya G\u00fclgiller familyas\u0131ndan olup Anavatan\u0131 Japonya, \u00c7in ve Hindistan\u2019d\u0131r. \u00c7in ve Japon K\u00f6kenli iki ana grup i\u00e7inde s\u0131n\u0131fland\u0131r\u0131l\u0131r. \u00c7in grubu a\u011fac\u0131n meyvesi iri, armut bi\u00e7iminde ve koyu portakal renkli s\u0131k\u0131 etli ve ge\u00e7 olgunla\u015f\u0131r. Japon grubunun meyveleri ise meyveleri daha soluk sar\u0131 renkli, daha k\u00fc\u00e7\u00fck boylu ve beyaz\u0131ms\u0131 yumu\u015fak renklidir.<\/p>\n<p style=\"text-align: justify\">Yeni d\u00fcnya a\u011fa\u00e7lar\u0131 ekim ay\u0131 sonu ile kas\u0131m ay\u0131 aras\u0131nda \u00e7i\u00e7ek a\u00e7maya ba\u015flar ve k\u0131\u015f boyunca \u00e7i\u00e7ekli kal\u0131r. Bile\u015fik salk\u0131ml\u0131 krem ve beyaz renkli \u00e7i\u00e7ekleri g\u00fczel kokulu olup bal\u00f6z\u00fc bak\u0131m\u0131ndan zenginli\u011finden balar\u0131lar\u0131n\u0131 kendine \u00e7eker. K\u0131\u015f\u0131n \u00f6zellikle ge\u00e7meyen \u00f6ks\u00fcr\u00fck i\u00e7in \u00e7i\u00e7ekleri kaynat\u0131l\u0131p i\u00e7ildi\u011finde balgam\u0131n s\u00f6k\u00fclerek \u00f6ks\u00fcr\u00fc\u011f\u00fcn kesildi\u011fini s\u00f6yleyebiliriz.<\/p>\n<p style=\"text-align: justify\">\u00a0Yeni d\u00fcnya meyvesi, y\u00fcksek oranda A vitamini i\u00e7erir. Eti ve kabuk rengi A vitamini kayna\u011f\u0131 olan karoten y\u00f6n\u00fcnden zengindir. Ayr\u0131ca B ve C vitaminleri, fosfor, potasyum ve kalsiyumca ve \u015feker bak\u0131m\u0131ndan zengindir. A\u011fac\u0131n yapraklar\u0131 tanen i\u00e7erdi\u011fi i\u00e7in peklik vericidir. \u0130shale kar\u015f\u0131 a\u011fac\u0131n taze yapraklar\u0131ndan toplan\u0131p g\u00fcne\u015f g\u00f6rmeyen bir yerde kurutulmu\u015f yapraklar\u0131n \u00fczerine kaynar su d\u00f6k\u00fcl\u00fcp 10-15 dakika kadar demlendirilerek g\u00fcnde 2-3 bardak i\u00e7ilebilir.<\/p>\n","protected":false},"excerpt":{"rendered":"<p>Akdeniz ve Ege k\u0131y\u0131lar\u0131nda \u00e7ocuklu\u011fu ge\u00e7enler yaz\u0131n gelmesiyle beraber bah\u00e7elerde ilk ke\u015ffedilecek ve sarar\u0131nca tad\u0131lacak meyvenin yenid\u00fcnya oldu\u011funu bilirler. Kolay yeti\u015fen ve fazla se\u00e7ici olmayan bir a\u011fa\u00e7 oldu\u011fu i\u00e7in hemen hemen her evin bah\u00e7esinde\u00a0olurdu.\u00a0\u00a0Yirmi y\u0131l \u00f6ncesinden bahsediyorum. O zamanlarda yeti\u015fenler daha k\u00fc\u00e7\u00fck meyveli fakat inan\u0131lmaz lezzetli ve tatl\u0131 olurdu.\u00a0Art\u0131k g\u00fcn\u00fcm\u00fczde tar\u0131mda yeni ve erkenci meyve [&hellip;]<\/p>\n","protected":false},"author":7,"featured_media":0,"comment_status":"closed","ping_status":"closed","sticky":false,"template":"","format":"standard","meta":{"_yoast_wpseo_focuskw":"","_yoast_wpseo_title":"","_yoast_wpseo_metadesc":"","_bbp_topic_count":0,"_bbp_reply_count":0,"_bbp_total_topic_count":0,"_bbp_total_reply_count":0,"_bbp_voice_count":0,"_bbp_anonymous_reply_count":0,"_bbp_topic_count_hidden":0,"_bbp_reply_count_hidden":0,"_bbp_forum_subforum_count":0,"footnotes":"","_yoast_wpseo_focuskw_text_input":""},"categories":[19],"tags":[1375,1374],"yoast_head":"<!-- This site is optimized with the Yoast SEO plugin v23.0 - https:\/\/yoast.com\/wordpress\/plugins\/seo\/ -->\n<title>Yeni D\u00fcnya( Malta Eri\u011fi) - The Epoch Times TR<\/title>\n<meta name=\"robots\" content=\"index, follow, max-snippet:-1, max-image-preview:large, max-video-preview:-1\" \/>\n<link rel=\"canonical\" href=\"https:\/\/epochtimestr.com\/index.php\/yeni-dunya-malta-erigi\" \/>\n<meta property=\"og:locale\" content=\"tr_TR\" \/>\n<meta property=\"og:type\" content=\"article\" \/>\n<meta property=\"og:title\" content=\"Yeni D\u00fcnya( Malta Eri\u011fi) - The Epoch Times TR\" \/>\n<meta property=\"og:description\" content=\"Akdeniz ve Ege k\u0131y\u0131lar\u0131nda \u00e7ocuklu\u011fu ge\u00e7enler yaz\u0131n gelmesiyle beraber bah\u00e7elerde ilk ke\u015ffedilecek ve sarar\u0131nca tad\u0131lacak meyvenin yenid\u00fcnya oldu\u011funu bilirler. Kolay yeti\u015fen ve fazla se\u00e7ici olmayan bir a\u011fa\u00e7 oldu\u011fu i\u00e7in hemen hemen her evin bah\u00e7esinde\u00a0olurdu.\u00a0\u00a0Yirmi y\u0131l \u00f6ncesinden bahsediyorum. O zamanlarda yeti\u015fenler daha k\u00fc\u00e7\u00fck meyveli fakat inan\u0131lmaz lezzetli ve tatl\u0131 olurdu.\u00a0Art\u0131k g\u00fcn\u00fcm\u00fczde tar\u0131mda yeni ve erkenci meyve [&hellip;]\" \/>\n<meta property=\"og:url\" content=\"https:\/\/epochtimestr.com\/index.php\/yeni-dunya-malta-erigi\" \/>\n<meta property=\"og:site_name\" content=\"The Epoch Times TR\" \/>\n<meta property=\"article:publisher\" content=\"https:\/\/www.facebook.com\/theepochtimestr\" \/>\n<meta property=\"article:published_time\" content=\"2011-05-14T21:16:29+00:00\" \/>\n<meta property=\"og:image\" content=\"http:\/\/www.epochtimestr.com\/wp-content\/uploads\/2011y\/800px-Eriobotrya_japonica2.jpg\" \/>\n<meta name=\"author\" content=\"D.Alk\u0131n\" \/>\n<meta name=\"twitter:card\" content=\"summary_large_image\" \/>\n<meta name=\"twitter:creator\" content=\"@TheEpochTimesTR\" \/>\n<meta name=\"twitter:site\" content=\"@TheEpochTimesTR\" \/>\n<meta name=\"twitter:label1\" content=\"Yazan:\" \/>\n\t<meta name=\"twitter:data1\" content=\"D.Alk\u0131n\" \/>\n\t<meta name=\"twitter:label2\" content=\"Tahmini okuma s\u00fcresi\" \/>\n\t<meta name=\"twitter:data2\" content=\"2 dakika\" \/>\n<script type=\"application\/ld+json\" class=\"yoast-schema-graph\">{\"@context\":\"https:\/\/schema.org\",\"@graph\":[{\"@type\":\"Article\",\"@id\":\"https:\/\/epochtimestr.com\/index.php\/yeni-dunya-malta-erigi#article\",\"isPartOf\":{\"@id\":\"https:\/\/epochtimestr.com\/index.php\/yeni-dunya-malta-erigi\"},\"author\":{\"name\":\"D.Alk\u0131n\",\"@id\":\"https:\/\/epochtimestr.com\/#\/schema\/person\/68d6c22d0fb4650d2f0b9f7d8f486b58\"},\"headline\":\"Yeni D\u00fcnya( Malta Eri\u011fi)\",\"datePublished\":\"2011-05-14T21:16:29+00:00\",\"dateModified\":\"2011-05-14T21:16:29+00:00\",\"mainEntityOfPage\":{\"@id\":\"https:\/\/epochtimestr.com\/index.php\/yeni-dunya-malta-erigi\"},\"wordCount\":451,\"publisher\":{\"@id\":\"https:\/\/epochtimestr.com\/#organization\"},\"image\":{\"@id\":\"https:\/\/epochtimestr.com\/index.php\/yeni-dunya-malta-erigi#primaryimage\"},\"thumbnailUrl\":\"http:\/\/www.epochtimestr.com\/wp-content\/uploads\/2011y\/800px-Eriobotrya_japonica2.jpg\",\"keywords\":[\"malta eri\u011fi\",\"Yeni d\u00fcnya\"],\"articleSection\":[\"Sa\u011fl\u0131k\"],\"inLanguage\":\"tr\"},{\"@type\":\"WebPage\",\"@id\":\"https:\/\/epochtimestr.com\/index.php\/yeni-dunya-malta-erigi\",\"url\":\"https:\/\/epochtimestr.com\/index.php\/yeni-dunya-malta-erigi\",\"name\":\"Yeni D\u00fcnya( Malta Eri\u011fi) - The Epoch Times TR\",\"isPartOf\":{\"@id\":\"https:\/\/epochtimestr.com\/#website\"},\"primaryImageOfPage\":{\"@id\":\"https:\/\/epochtimestr.com\/index.php\/yeni-dunya-malta-erigi#primaryimage\"},\"image\":{\"@id\":\"https:\/\/epochtimestr.com\/index.php\/yeni-dunya-malta-erigi#primaryimage\"},\"thumbnailUrl\":\"http:\/\/www.epochtimestr.com\/wp-content\/uploads\/2011y\/800px-Eriobotrya_japonica2.jpg\",\"datePublished\":\"2011-05-14T21:16:29+00:00\",\"dateModified\":\"2011-05-14T21:16:29+00:00\",\"inLanguage\":\"tr\",\"potentialAction\":[{\"@type\":\"ReadAction\",\"target\":[\"https:\/\/epochtimestr.com\/index.php\/yeni-dunya-malta-erigi\"]}]},{\"@type\":\"ImageObject\",\"inLanguage\":\"tr\",\"@id\":\"https:\/\/epochtimestr.com\/index.php\/yeni-dunya-malta-erigi#primaryimage\",\"url\":\"http:\/\/www.epochtimestr.com\/wp-content\/uploads\/2011y\/800px-Eriobotrya_japonica2.jpg\",\"contentUrl\":\"http:\/\/www.epochtimestr.com\/wp-content\/uploads\/2011y\/800px-Eriobotrya_japonica2.jpg\"},{\"@type\":\"WebSite\",\"@id\":\"https:\/\/epochtimestr.com\/#website\",\"url\":\"https:\/\/epochtimestr.com\/\",\"name\":\"The Epoch Times TR\",\"description\":\"De\u011fi\u015fen D\u00fcnyam\u0131za Taze Bir Bak\u0131\u015f\",\"publisher\":{\"@id\":\"https:\/\/epochtimestr.com\/#organization\"},\"potentialAction\":[{\"@type\":\"SearchAction\",\"target\":{\"@type\":\"EntryPoint\",\"urlTemplate\":\"https:\/\/epochtimestr.com\/?s={search_term_string}\"},\"query-input\":\"required name=search_term_string\"}],\"inLanguage\":\"tr\"},{\"@type\":\"Organization\",\"@id\":\"https:\/\/epochtimestr.com\/#organization\",\"name\":\"The EpochTimes T\u00fcrkiye\",\"url\":\"https:\/\/epochtimestr.com\/\",\"logo\":{\"@type\":\"ImageObject\",\"inLanguage\":\"tr\",\"@id\":\"https:\/\/epochtimestr.com\/#\/schema\/logo\/image\/\",\"url\":\"https:\/\/epochtimestr.com\/wp-content\/uploads\/2011y\/ET-Logo-YG.jpg\",\"contentUrl\":\"https:\/\/epochtimestr.com\/wp-content\/uploads\/2011y\/ET-Logo-YG.jpg\",\"width\":346,\"height\":29,\"caption\":\"The EpochTimes T\u00fcrkiye\"},\"image\":{\"@id\":\"https:\/\/epochtimestr.com\/#\/schema\/logo\/image\/\"},\"sameAs\":[\"https:\/\/www.facebook.com\/theepochtimestr\",\"https:\/\/x.com\/TheEpochTimesTR\",\"https:\/\/www.instagram.com\/epochtimestr\"]},{\"@type\":\"Person\",\"@id\":\"https:\/\/epochtimestr.com\/#\/schema\/person\/68d6c22d0fb4650d2f0b9f7d8f486b58\",\"name\":\"D.Alk\u0131n\",\"image\":{\"@type\":\"ImageObject\",\"inLanguage\":\"tr\",\"@id\":\"https:\/\/epochtimestr.com\/#\/schema\/person\/image\/\",\"url\":\"https:\/\/secure.gravatar.com\/avatar\/595e935617b845a3d7cc21afea615017?s=96&d=mm&r=g\",\"contentUrl\":\"https:\/\/secure.gravatar.com\/avatar\/595e935617b845a3d7cc21afea615017?s=96&d=mm&r=g\",\"caption\":\"D.Alk\u0131n\"},\"url\":\"https:\/\/epochtimestr.com\/index.php\/author\/derya\"}]}<\/script>\n<!-- \/ Yoast SEO plugin. -->","yoast_head_json":{"title":"Yeni D\u00fcnya( Malta Eri\u011fi) - The Epoch Times TR","robots":{"index":"index","follow":"follow","max-snippet":"max-snippet:-1","max-image-preview":"max-image-preview:large","max-video-preview":"max-video-preview:-1"},"canonical":"https:\/\/epochtimestr.com\/index.php\/yeni-dunya-malta-erigi","og_locale":"tr_TR","og_type":"article","og_title":"Yeni D\u00fcnya( Malta Eri\u011fi) - The Epoch Times TR","og_description":"Akdeniz ve Ege k\u0131y\u0131lar\u0131nda \u00e7ocuklu\u011fu ge\u00e7enler yaz\u0131n gelmesiyle beraber bah\u00e7elerde ilk ke\u015ffedilecek ve sarar\u0131nca tad\u0131lacak meyvenin yenid\u00fcnya oldu\u011funu bilirler. Kolay yeti\u015fen ve fazla se\u00e7ici olmayan bir a\u011fa\u00e7 oldu\u011fu i\u00e7in hemen hemen her evin bah\u00e7esinde\u00a0olurdu.\u00a0\u00a0Yirmi y\u0131l \u00f6ncesinden bahsediyorum. O zamanlarda yeti\u015fenler daha k\u00fc\u00e7\u00fck meyveli fakat inan\u0131lmaz lezzetli ve tatl\u0131 olurdu.\u00a0Art\u0131k g\u00fcn\u00fcm\u00fczde tar\u0131mda yeni ve erkenci meyve [&hellip;]","og_url":"https:\/\/epochtimestr.com\/index.php\/yeni-dunya-malta-erigi","og_site_name":"The Epoch Times TR","article_publisher":"https:\/\/www.facebook.com\/theepochtimestr","article_published_time":"2011-05-14T21:16:29+00:00","og_image":[{"url":"http:\/\/www.epochtimestr.com\/wp-content\/uploads\/2011y\/800px-Eriobotrya_japonica2.jpg"}],"author":"D.Alk\u0131n","twitter_card":"summary_large_image","twitter_creator":"@TheEpochTimesTR","twitter_site":"@TheEpochTimesTR","twitter_misc":{"Yazan:":"D.Alk\u0131n","Tahmini okuma s\u00fcresi":"2 dakika"},"schema":{"@context":"https:\/\/schema.org","@graph":[{"@type":"Article","@id":"https:\/\/epochtimestr.com\/index.php\/yeni-dunya-malta-erigi#article","isPartOf":{"@id":"https:\/\/epochtimestr.com\/index.php\/yeni-dunya-malta-erigi"},"author":{"name":"D.Alk\u0131n","@id":"https:\/\/epochtimestr.com\/#\/schema\/person\/68d6c22d0fb4650d2f0b9f7d8f486b58"},"headline":"Yeni D\u00fcnya( Malta Eri\u011fi)","datePublished":"2011-05-14T21:16:29+00:00","dateModified":"2011-05-14T21:16:29+00:00","mainEntityOfPage":{"@id":"https:\/\/epochtimestr.com\/index.php\/yeni-dunya-malta-erigi"},"wordCount":451,"publisher":{"@id":"https:\/\/epochtimestr.com\/#organization"},"image":{"@id":"https:\/\/epochtimestr.com\/index.php\/yeni-dunya-malta-erigi#primaryimage"},"thumbnailUrl":"http:\/\/www.epochtimestr.com\/wp-content\/uploads\/2011y\/800px-Eriobotrya_japonica2.jpg","keywords":["malta eri\u011fi","Yeni d\u00fcnya"],"articleSection":["Sa\u011fl\u0131k"],"inLanguage":"tr"},{"@type":"WebPage","@id":"https:\/\/epochtimestr.com\/index.php\/yeni-dunya-malta-erigi","url":"https:\/\/epochtimestr.com\/index.php\/yeni-dunya-malta-erigi","name":"Yeni D\u00fcnya( Malta Eri\u011fi) - The Epoch Times TR","isPartOf":{"@id":"https:\/\/epochtimestr.com\/#website"},"primaryImageOfPage":{"@id":"https:\/\/epochtimestr.com\/index.php\/yeni-dunya-malta-erigi#primaryimage"},"image":{"@id":"https:\/\/epochtimestr.com\/index.php\/yeni-dunya-malta-erigi#primaryimage"},"thumbnailUrl":"http:\/\/www.epochtimestr.com\/wp-content\/uploads\/2011y\/800px-Eriobotrya_japonica2.jpg","datePublished":"2011-05-14T21:16:29+00:00","dateModified":"2011-05-14T21:16:29+00:00","inLanguage":"tr","potentialAction":[{"@type":"ReadAction","target":["https:\/\/epochtimestr.com\/index.php\/yeni-dunya-malta-erigi"]}]},{"@type":"ImageObject","inLanguage":"tr","@id":"https:\/\/epochtimestr.com\/index.php\/yeni-dunya-malta-erigi#primaryimage","url":"http:\/\/www.epochtimestr.com\/wp-content\/uploads\/2011y\/800px-Eriobotrya_japonica2.jpg","contentUrl":"http:\/\/www.epochtimestr.com\/wp-content\/uploads\/2011y\/800px-Eriobotrya_japonica2.jpg"},{"@type":"WebSite","@id":"https:\/\/epochtimestr.com\/#website","url":"https:\/\/epochtimestr.com\/","name":"The Epoch Times TR","description":"De\u011fi\u015fen D\u00fcnyam\u0131za Taze Bir Bak\u0131\u015f","publisher":{"@id":"https:\/\/epochtimestr.com\/#organization"},"potentialAction":[{"@type":"SearchAction","target":{"@type":"EntryPoint","urlTemplate":"https:\/\/epochtimestr.com\/?s={search_term_string}"},"query-input":"required name=search_term_string"}],"inLanguage":"tr"},{"@type":"Organization","@id":"https:\/\/epochtimestr.com\/#organization","name":"The EpochTimes T\u00fcrkiye","url":"https:\/\/epochtimestr.com\/","logo":{"@type":"ImageObject","inLanguage":"tr","@id":"https:\/\/epochtimestr.com\/#\/schema\/logo\/image\/","url":"https:\/\/epochtimestr.com\/wp-content\/uploads\/2011y\/ET-Logo-YG.jpg","contentUrl":"https:\/\/epochtimestr.com\/wp-content\/uploads\/2011y\/ET-Logo-YG.jpg","width":346,"height":29,"caption":"The EpochTimes T\u00fcrkiye"},"image":{"@id":"https:\/\/epochtimestr.com\/#\/schema\/logo\/image\/"},"sameAs":["https:\/\/www.facebook.com\/theepochtimestr","https:\/\/x.com\/TheEpochTimesTR","https:\/\/www.instagram.com\/epochtimestr"]},{"@type":"Person","@id":"https:\/\/epochtimestr.com\/#\/schema\/person\/68d6c22d0fb4650d2f0b9f7d8f486b58","name":"D.Alk\u0131n","image":{"@type":"ImageObject","inLanguage":"tr","@id":"https:\/\/epochtimestr.com\/#\/schema\/person\/image\/","url":"https:\/\/secure.gravatar.com\/avatar\/595e935617b845a3d7cc21afea615017?s=96&d=mm&r=g","contentUrl":"https:\/\/secure.gravatar.com\/avatar\/595e935617b845a3d7cc21afea615017?s=96&d=mm&r=g","caption":"D.Alk\u0131n"},"url":"https:\/\/epochtimestr.com\/index.php\/author\/derya"}]}},"_links":{"self":[{"href":"https:\/\/epochtimestr.com\/index.php\/wp-json\/wp\/v2\/posts\/35853"}],"collection":[{"href":"https:\/\/epochtimestr.com\/index.php\/wp-json\/wp\/v2\/posts"}],"about":[{"href":"https:\/\/epochtimestr.com\/index.php\/wp-json\/wp\/v2\/types\/post"}],"author":[{"embeddable":true,"href":"https:\/\/epochtimestr.com\/index.php\/wp-json\/wp\/v2\/users\/7"}],"replies":[{"embeddable":true,"href":"https:\/\/epochtimestr.com\/index.php\/wp-json\/wp\/v2\/comments?post=35853"}],"version-history":[{"count":3,"href":"https:\/\/epochtimestr.com\/index.php\/wp-json\/wp\/v2\/posts\/35853\/revisions"}],"predecessor-version":[{"id":35857,"href":"https:\/\/epochtimestr.com\/index.php\/wp-json\/wp\/v2\/posts\/35853\/revisions\/35857"}],"wp:attachment":[{"href":"https:\/\/epochtimestr.com\/index.php\/wp-json\/wp\/v2\/media?parent=35853"}],"wp:term":[{"taxonomy":"category","embeddable":true,"href":"https:\/\/epochtimestr.com\/index.php\/wp-json\/wp\/v2\/categories?post=35853"},{"taxonomy":"post_tag","embeddable":true,"href":"https:\/\/epochtimestr.com\/index.php\/wp-json\/wp\/v2\/tags?post=35853"}],"curies":[{"name":"wp","href":"https:\/\/api.w.org\/{rel}","templated":true}]}}