{"id":36793,"date":"2011-06-04T04:00:35","date_gmt":"2011-06-04T01:00:35","guid":{"rendered":"http:\/\/www.epochtimestr.com\/?p=36793"},"modified":"2011-06-03T01:09:20","modified_gmt":"2011-06-02T22:09:20","slug":"kor-insanlar-ekolokasyon-ile-gorebiliyor","status":"publish","type":"post","link":"https:\/\/epochtimestr.com\/index.php\/kor-insanlar-ekolokasyon-ile-gorebiliyor","title":{"rendered":"K\u00f6r \u0130nsanlar Ekolokasyon ile G\u00f6rebiliyor"},"content":{"rendered":"<p style=\"text-align: justify\">Plos ONE\u2019da May\u0131s ay\u0131nda yay\u0131nlanan haberde,\u00a0 k\u00f6r insanlar\u0131n ekolokasyon ile yerlerini belirleyebildikleri belirtiliyor.<\/p>\n<p style=\"text-align: justify\">Ekolokasyon, balina, yunus gibi baz\u0131 memeli hayvanlar\u0131n ve yarasalar\u0131n, ses dalgalar\u0131n\u0131\u00a0kullanarak, cismin boyut, uzakl\u0131k ve di\u011fer verilerini g\u00f6rmelerine yarayan bir teknik. Uzakl\u0131k, hayvan\u0131n sesinin \u00e7\u0131kt\u0131\u011f\u0131 anla, yank\u0131s\u0131n\u0131n geri d\u00f6n\u00fc\u015f\u00fc aras\u0131nda ge\u00e7en zaman ile hesaplan\u0131yor. Hayvan\u0131n iki kula\u011f\u0131n\u0131n birbirinden uzak olmas\u0131 sebebiyle yank\u0131, nesnenin pozisyonuna g\u00f6re iki kula\u011fa farkl\u0131 zamanlarda ve farkl\u0131 \u015fiddetlerde var\u0131yor. S\u00fcre ve \u015fiddet fark\u0131, hayvan taraf\u0131ndan nesnenin pozisyonunu belirlemek i\u00e7in kullan\u0131l\u0131yor. Ekolokasyonla hayvan sadece uzakl\u0131\u011f\u0131 de\u011fil, bi\u00e7im ve b\u00fcy\u00fckl\u00fc\u011f\u00fc de saptayabiliyor.<\/p>\n<p style=\"text-align: justify\">Hayvanlardaki bu \u00f6zellik, insan ekolasyonunun ara\u015ft\u0131r\u0131lmas\u0131na, dolay\u0131s\u0131yla da k\u00f6r insanlar\u0131n yapmas\u0131n\u0131n imkans\u0131z olarak g\u00f6r\u00fcld\u011f\u00fc baz\u0131 \u015feyleri yapmas\u0131na olanak sa\u011flam\u0131\u015f, mesela bisiklet kullanmak gibi.<\/p>\n<p style=\"text-align: justify\">K\u00f6r insanlar, dilleriyle \u00e7\u0131kard\u0131klar\u0131 ses ile, geriye d\u00f6nen yank\u0131y\u0131 dinleyerek, objeleri hissetmeyi \u00f6\u011freniyorlar.<\/p>\n<p style=\"text-align: justify\">Kanadal\u0131 ara\u015ft\u0131rmac\u0131lar, ekolokasyon yapan iki k\u00f6r insan\u0131n kulaklar\u0131na birer mikrofon yerle\u015ftirerek, \u00e7\u0131kard\u0131klar\u0131 ses ve geriye d\u00f6nen yank\u0131yla etraflar\u0131ndaki objeleri tan\u0131maya \u00e7al\u0131\u015fmalar\u0131n\u0131 kaydettiler. Kay\u0131tlar tekrar deneklere dinlettirilerek, beyinsel aktivitelerini g\u00f6rmek i\u00e7in, ara\u015ft\u0131rmac\u0131lar fonksyonel manyetik rezonans g\u00f6r\u00fcnt\u00fcleme (fMRI) ile \u00e7al\u0131\u015ft\u0131lar.<\/p>\n<p style=\"text-align: justify\">&nbsp;<\/p>\n<p style=\"text-align: justify\"><a class=\"highslide\" rel=\"attachment wp-att-36922\" href=\"http:\/\/www.epochtimestr.com\/index.php\/kor-insanlar-ekolokasyon-ile-gorebiliyor\/kor-2\/\"><img loading=\"lazy\" decoding=\"async\" class=\"aligncenter size-full wp-image-36922\" src=\"http:\/\/www.epochtimestr.com\/wp-content\/uploads\/2011y\/kor1.jpg\" alt=\"\" width=\"539\" height=\"330\" srcset=\"https:\/\/epochtimestr.com\/wp-content\/uploads\/2011y\/kor1.jpg 539w, https:\/\/epochtimestr.com\/wp-content\/uploads\/2011y\/kor1-300x183.jpg 300w\" sizes=\"(max-width: 539px) 100vw, 539px\" \/><\/a><\/p>\n<p style=\"text-align: justify\">Ara\u015ft\u0131rma, k\u00f6r insanlar\u0131n, objelerin \u015fekillerini, hareketlerini ve yerlerini do\u011fru bir \u015fekilde tesbit edebildiklerini ortaya \u00e7\u0131kard\u0131.<\/p>\n<p style=\"text-align: justify\">\u0130lgin\u00e7 bir \u015fekilde, beynin g\u00f6zleri g\u00f6ren insanlarda aktif oldu\u011funu bildi\u011fimiz g\u00f6rsel k\u0131sm\u0131n\u0131n, k\u00f6r insanlarda da aktif oldu\u011fu belirlendi. Buna kar\u015f\u0131l\u0131k, deneklerin yank\u0131l\u0131 haldeki kay\u0131tlar\u0131 dinlerken, beyinlerinin i\u015fitsel alg\u0131lama ile ilgili k\u0131sm\u0131n\u0131n ise aktif olmad\u0131\u011f\u0131 g\u00f6zlendi.<\/p>\n<p style=\"text-align: justify\">Bas\u0131n a\u00e7\u0131klamas\u0131nda konu\u015fan Western Ontario \u00dcniveristesi\u2019nden Lore Thaler, bu sonucun k\u00f6r insanlarda beynin g\u00f6rsel alg\u0131lama k\u0131sm\u0131n\u0131n, ekolokasyon i\u00e7in \u00e7ok \u00f6nemli bir rol oynad\u0131\u011f\u0131n\u0131 g\u00f6sterdi\u011fini belirtti. Bunun yan\u0131nda, g\u00f6rebilen ve yank\u0131lama kay\u0131tlar\u0131 dinletilen deneklerde, objelerin tan\u0131nmad\u0131\u011f\u0131 ve beynin yank\u0131lara y\u00f6nelik bir aktivite g\u00f6stermedi\u011fi g\u00f6r\u00fcld\u00fc.<\/p>\n<p style=\"text-align: justify\">Ara\u015ft\u0131rmac\u0131lardan Stephen Amott, yine de g\u00f6rebilen ki\u015filere ekolokasyonun \u00f6\u011fretilerek, g\u00f6rsel beyinlerinin e\u011fitilebilece\u011fini belirtiyor.<\/p>\n<p style=\"text-align: justify\">Orjinal <a href=\"http:\/\/www.theepochtimes.com\/n2\/science\/blind-people-see-with-echolocation-56965.html\" target=\"_blank\">ingilizce kaynak<\/a><\/p>\n<blockquote><p><strong>\u0130lgili Haberler:<\/strong><\/p>\n<p><a href=\"http:\/\/www.epochtimestr.com\/index.php\/beynin-okumak-icin-gormeye-gerek-duymadigi-ortaya-cikti-2\/\" target=\"_blank\">Beynin Okumak i\u00e7in G\u00f6rmeye Gerek Duymad\u0131\u011f\u0131 Ortaya \u00c7\u0131kt\u0131<\/a><\/p><\/blockquote>\n<p>&nbsp;<\/p>\n<p>&nbsp;<\/p>\n","protected":false},"excerpt":{"rendered":"<p>Plos ONE\u2019da May\u0131s ay\u0131nda yay\u0131nlanan haberde,\u00a0 k\u00f6r insanlar\u0131n ekolokasyon ile yerlerini belirleyebildikleri belirtiliyor. Ekolokasyon, balina, yunus gibi baz\u0131 memeli hayvanlar\u0131n ve yarasalar\u0131n, ses dalgalar\u0131n\u0131\u00a0kullanarak, cismin boyut, uzakl\u0131k ve di\u011fer verilerini g\u00f6rmelerine yarayan bir teknik. Uzakl\u0131k, hayvan\u0131n sesinin \u00e7\u0131kt\u0131\u011f\u0131 anla, yank\u0131s\u0131n\u0131n geri d\u00f6n\u00fc\u015f\u00fc aras\u0131nda ge\u00e7en zaman ile hesaplan\u0131yor. Hayvan\u0131n iki kula\u011f\u0131n\u0131n birbirinden uzak olmas\u0131 sebebiyle yank\u0131, [&hellip;]<\/p>\n","protected":false},"author":24,"featured_media":36922,"comment_status":"closed","ping_status":"closed","sticky":false,"template":"","format":"standard","meta":{"_yoast_wpseo_focuskw":"","_yoast_wpseo_title":"","_yoast_wpseo_metadesc":"","_bbp_topic_count":0,"_bbp_reply_count":0,"_bbp_total_topic_count":0,"_bbp_total_reply_count":0,"_bbp_voice_count":0,"_bbp_anonymous_reply_count":0,"_bbp_topic_count_hidden":0,"_bbp_reply_count_hidden":0,"_bbp_forum_subforum_count":0,"footnotes":"","_yoast_wpseo_focuskw_text_input":""},"categories":[31,70,18],"tags":[1541,1540,1542],"yoast_head":"<!-- This site is optimized with the Yoast SEO plugin v23.0 - https:\/\/yoast.com\/wordpress\/plugins\/seo\/ -->\n<title>K\u00f6r \u0130nsanlar Ekolokasyon ile G\u00f6rebiliyor - The Epoch Times TR<\/title>\n<meta name=\"robots\" content=\"index, follow, max-snippet:-1, max-image-preview:large, max-video-preview:-1\" \/>\n<link rel=\"canonical\" href=\"https:\/\/epochtimestr.com\/index.php\/kor-insanlar-ekolokasyon-ile-gorebiliyor\" \/>\n<meta property=\"og:locale\" content=\"tr_TR\" \/>\n<meta property=\"og:type\" content=\"article\" \/>\n<meta property=\"og:title\" content=\"K\u00f6r \u0130nsanlar Ekolokasyon ile G\u00f6rebiliyor - The Epoch Times TR\" \/>\n<meta property=\"og:description\" content=\"Plos ONE\u2019da May\u0131s ay\u0131nda yay\u0131nlanan haberde,\u00a0 k\u00f6r insanlar\u0131n ekolokasyon ile yerlerini belirleyebildikleri belirtiliyor. Ekolokasyon, balina, yunus gibi baz\u0131 memeli hayvanlar\u0131n ve yarasalar\u0131n, ses dalgalar\u0131n\u0131\u00a0kullanarak, cismin boyut, uzakl\u0131k ve di\u011fer verilerini g\u00f6rmelerine yarayan bir teknik. Uzakl\u0131k, hayvan\u0131n sesinin \u00e7\u0131kt\u0131\u011f\u0131 anla, yank\u0131s\u0131n\u0131n geri d\u00f6n\u00fc\u015f\u00fc aras\u0131nda ge\u00e7en zaman ile hesaplan\u0131yor. Hayvan\u0131n iki kula\u011f\u0131n\u0131n birbirinden uzak olmas\u0131 sebebiyle yank\u0131, [&hellip;]\" \/>\n<meta property=\"og:url\" content=\"https:\/\/epochtimestr.com\/index.php\/kor-insanlar-ekolokasyon-ile-gorebiliyor\" \/>\n<meta property=\"og:site_name\" content=\"The Epoch Times TR\" \/>\n<meta property=\"article:publisher\" content=\"https:\/\/www.facebook.com\/theepochtimestr\" \/>\n<meta property=\"article:published_time\" content=\"2011-06-04T01:00:35+00:00\" \/>\n<meta property=\"article:modified_time\" content=\"2011-06-02T22:09:20+00:00\" \/>\n<meta property=\"og:image\" content=\"https:\/\/epochtimestr.com\/wp-content\/uploads\/2011y\/kor1.jpg\" \/>\n\t<meta property=\"og:image:width\" content=\"539\" \/>\n\t<meta property=\"og:image:height\" content=\"330\" \/>\n\t<meta property=\"og:image:type\" content=\"image\/jpeg\" \/>\n<meta name=\"author\" content=\"Yasemin Erdem\" \/>\n<meta name=\"twitter:card\" content=\"summary_large_image\" \/>\n<meta name=\"twitter:creator\" content=\"@TheEpochTimesTR\" \/>\n<meta name=\"twitter:site\" content=\"@TheEpochTimesTR\" \/>\n<meta name=\"twitter:label1\" content=\"Yazan:\" \/>\n\t<meta name=\"twitter:data1\" content=\"Yasemin Erdem\" \/>\n\t<meta name=\"twitter:label2\" content=\"Tahmini okuma s\u00fcresi\" \/>\n\t<meta name=\"twitter:data2\" content=\"2 dakika\" \/>\n<script type=\"application\/ld+json\" class=\"yoast-schema-graph\">{\"@context\":\"https:\/\/schema.org\",\"@graph\":[{\"@type\":\"Article\",\"@id\":\"https:\/\/epochtimestr.com\/index.php\/kor-insanlar-ekolokasyon-ile-gorebiliyor#article\",\"isPartOf\":{\"@id\":\"https:\/\/epochtimestr.com\/index.php\/kor-insanlar-ekolokasyon-ile-gorebiliyor\"},\"author\":{\"name\":\"Yasemin Erdem\",\"@id\":\"https:\/\/epochtimestr.com\/#\/schema\/person\/a4191798a6b3dfc5ab6197b62adba3e0\"},\"headline\":\"K\u00f6r \u0130nsanlar Ekolokasyon ile G\u00f6rebiliyor\",\"datePublished\":\"2011-06-04T01:00:35+00:00\",\"dateModified\":\"2011-06-02T22:09:20+00:00\",\"mainEntityOfPage\":{\"@id\":\"https:\/\/epochtimestr.com\/index.php\/kor-insanlar-ekolokasyon-ile-gorebiliyor\"},\"wordCount\":432,\"publisher\":{\"@id\":\"https:\/\/epochtimestr.com\/#organization\"},\"image\":{\"@id\":\"https:\/\/epochtimestr.com\/index.php\/kor-insanlar-ekolokasyon-ile-gorebiliyor#primaryimage\"},\"thumbnailUrl\":\"https:\/\/epochtimestr.com\/wp-content\/uploads\/2011y\/kor1.jpg\",\"keywords\":[\"ekolokasyon\",\"k\u00f6r\",\"k\u00f6r insanlar g\u00f6rebiliyor\"],\"articleSection\":[\"B\u0130L\u0130M ve \u00d6TES\u0130\",\"Bilimsel Ke\u015fifler\",\"Foto\u011fraf &amp; Video\"],\"inLanguage\":\"tr\"},{\"@type\":\"WebPage\",\"@id\":\"https:\/\/epochtimestr.com\/index.php\/kor-insanlar-ekolokasyon-ile-gorebiliyor\",\"url\":\"https:\/\/epochtimestr.com\/index.php\/kor-insanlar-ekolokasyon-ile-gorebiliyor\",\"name\":\"K\u00f6r \u0130nsanlar Ekolokasyon ile G\u00f6rebiliyor - The Epoch Times TR\",\"isPartOf\":{\"@id\":\"https:\/\/epochtimestr.com\/#website\"},\"primaryImageOfPage\":{\"@id\":\"https:\/\/epochtimestr.com\/index.php\/kor-insanlar-ekolokasyon-ile-gorebiliyor#primaryimage\"},\"image\":{\"@id\":\"https:\/\/epochtimestr.com\/index.php\/kor-insanlar-ekolokasyon-ile-gorebiliyor#primaryimage\"},\"thumbnailUrl\":\"https:\/\/epochtimestr.com\/wp-content\/uploads\/2011y\/kor1.jpg\",\"datePublished\":\"2011-06-04T01:00:35+00:00\",\"dateModified\":\"2011-06-02T22:09:20+00:00\",\"inLanguage\":\"tr\",\"potentialAction\":[{\"@type\":\"ReadAction\",\"target\":[\"https:\/\/epochtimestr.com\/index.php\/kor-insanlar-ekolokasyon-ile-gorebiliyor\"]}]},{\"@type\":\"ImageObject\",\"inLanguage\":\"tr\",\"@id\":\"https:\/\/epochtimestr.com\/index.php\/kor-insanlar-ekolokasyon-ile-gorebiliyor#primaryimage\",\"url\":\"https:\/\/epochtimestr.com\/wp-content\/uploads\/2011y\/kor1.jpg\",\"contentUrl\":\"https:\/\/epochtimestr.com\/wp-content\/uploads\/2011y\/kor1.jpg\",\"width\":539,\"height\":330},{\"@type\":\"WebSite\",\"@id\":\"https:\/\/epochtimestr.com\/#website\",\"url\":\"https:\/\/epochtimestr.com\/\",\"name\":\"The Epoch Times TR\",\"description\":\"De\u011fi\u015fen D\u00fcnyam\u0131za Taze Bir Bak\u0131\u015f\",\"publisher\":{\"@id\":\"https:\/\/epochtimestr.com\/#organization\"},\"potentialAction\":[{\"@type\":\"SearchAction\",\"target\":{\"@type\":\"EntryPoint\",\"urlTemplate\":\"https:\/\/epochtimestr.com\/?s={search_term_string}\"},\"query-input\":\"required name=search_term_string\"}],\"inLanguage\":\"tr\"},{\"@type\":\"Organization\",\"@id\":\"https:\/\/epochtimestr.com\/#organization\",\"name\":\"The EpochTimes T\u00fcrkiye\",\"url\":\"https:\/\/epochtimestr.com\/\",\"logo\":{\"@type\":\"ImageObject\",\"inLanguage\":\"tr\",\"@id\":\"https:\/\/epochtimestr.com\/#\/schema\/logo\/image\/\",\"url\":\"https:\/\/epochtimestr.com\/wp-content\/uploads\/2011y\/ET-Logo-YG.jpg\",\"contentUrl\":\"https:\/\/epochtimestr.com\/wp-content\/uploads\/2011y\/ET-Logo-YG.jpg\",\"width\":346,\"height\":29,\"caption\":\"The EpochTimes T\u00fcrkiye\"},\"image\":{\"@id\":\"https:\/\/epochtimestr.com\/#\/schema\/logo\/image\/\"},\"sameAs\":[\"https:\/\/www.facebook.com\/theepochtimestr\",\"https:\/\/x.com\/TheEpochTimesTR\",\"https:\/\/www.instagram.com\/epochtimestr\"]},{\"@type\":\"Person\",\"@id\":\"https:\/\/epochtimestr.com\/#\/schema\/person\/a4191798a6b3dfc5ab6197b62adba3e0\",\"name\":\"Yasemin Erdem\",\"image\":{\"@type\":\"ImageObject\",\"inLanguage\":\"tr\",\"@id\":\"https:\/\/epochtimestr.com\/#\/schema\/person\/image\/\",\"url\":\"https:\/\/secure.gravatar.com\/avatar\/c0c9345bed3ae6748a3d8f60389f790a?s=96&d=mm&r=g\",\"contentUrl\":\"https:\/\/secure.gravatar.com\/avatar\/c0c9345bed3ae6748a3d8f60389f790a?s=96&d=mm&r=g\",\"caption\":\"Yasemin Erdem\"},\"url\":\"https:\/\/epochtimestr.com\/index.php\/author\/yasemin\"}]}<\/script>\n<!-- \/ Yoast SEO plugin. -->","yoast_head_json":{"title":"K\u00f6r \u0130nsanlar Ekolokasyon ile G\u00f6rebiliyor - The Epoch Times TR","robots":{"index":"index","follow":"follow","max-snippet":"max-snippet:-1","max-image-preview":"max-image-preview:large","max-video-preview":"max-video-preview:-1"},"canonical":"https:\/\/epochtimestr.com\/index.php\/kor-insanlar-ekolokasyon-ile-gorebiliyor","og_locale":"tr_TR","og_type":"article","og_title":"K\u00f6r \u0130nsanlar Ekolokasyon ile G\u00f6rebiliyor - The Epoch Times TR","og_description":"Plos ONE\u2019da May\u0131s ay\u0131nda yay\u0131nlanan haberde,\u00a0 k\u00f6r insanlar\u0131n ekolokasyon ile yerlerini belirleyebildikleri belirtiliyor. Ekolokasyon, balina, yunus gibi baz\u0131 memeli hayvanlar\u0131n ve yarasalar\u0131n, ses dalgalar\u0131n\u0131\u00a0kullanarak, cismin boyut, uzakl\u0131k ve di\u011fer verilerini g\u00f6rmelerine yarayan bir teknik. Uzakl\u0131k, hayvan\u0131n sesinin \u00e7\u0131kt\u0131\u011f\u0131 anla, yank\u0131s\u0131n\u0131n geri d\u00f6n\u00fc\u015f\u00fc aras\u0131nda ge\u00e7en zaman ile hesaplan\u0131yor. Hayvan\u0131n iki kula\u011f\u0131n\u0131n birbirinden uzak olmas\u0131 sebebiyle yank\u0131, [&hellip;]","og_url":"https:\/\/epochtimestr.com\/index.php\/kor-insanlar-ekolokasyon-ile-gorebiliyor","og_site_name":"The Epoch Times TR","article_publisher":"https:\/\/www.facebook.com\/theepochtimestr","article_published_time":"2011-06-04T01:00:35+00:00","article_modified_time":"2011-06-02T22:09:20+00:00","og_image":[{"width":539,"height":330,"url":"https:\/\/epochtimestr.com\/wp-content\/uploads\/2011y\/kor1.jpg","type":"image\/jpeg"}],"author":"Yasemin Erdem","twitter_card":"summary_large_image","twitter_creator":"@TheEpochTimesTR","twitter_site":"@TheEpochTimesTR","twitter_misc":{"Yazan:":"Yasemin Erdem","Tahmini okuma s\u00fcresi":"2 dakika"},"schema":{"@context":"https:\/\/schema.org","@graph":[{"@type":"Article","@id":"https:\/\/epochtimestr.com\/index.php\/kor-insanlar-ekolokasyon-ile-gorebiliyor#article","isPartOf":{"@id":"https:\/\/epochtimestr.com\/index.php\/kor-insanlar-ekolokasyon-ile-gorebiliyor"},"author":{"name":"Yasemin Erdem","@id":"https:\/\/epochtimestr.com\/#\/schema\/person\/a4191798a6b3dfc5ab6197b62adba3e0"},"headline":"K\u00f6r \u0130nsanlar Ekolokasyon ile G\u00f6rebiliyor","datePublished":"2011-06-04T01:00:35+00:00","dateModified":"2011-06-02T22:09:20+00:00","mainEntityOfPage":{"@id":"https:\/\/epochtimestr.com\/index.php\/kor-insanlar-ekolokasyon-ile-gorebiliyor"},"wordCount":432,"publisher":{"@id":"https:\/\/epochtimestr.com\/#organization"},"image":{"@id":"https:\/\/epochtimestr.com\/index.php\/kor-insanlar-ekolokasyon-ile-gorebiliyor#primaryimage"},"thumbnailUrl":"https:\/\/epochtimestr.com\/wp-content\/uploads\/2011y\/kor1.jpg","keywords":["ekolokasyon","k\u00f6r","k\u00f6r insanlar g\u00f6rebiliyor"],"articleSection":["B\u0130L\u0130M ve \u00d6TES\u0130","Bilimsel Ke\u015fifler","Foto\u011fraf &amp; Video"],"inLanguage":"tr"},{"@type":"WebPage","@id":"https:\/\/epochtimestr.com\/index.php\/kor-insanlar-ekolokasyon-ile-gorebiliyor","url":"https:\/\/epochtimestr.com\/index.php\/kor-insanlar-ekolokasyon-ile-gorebiliyor","name":"K\u00f6r \u0130nsanlar Ekolokasyon ile G\u00f6rebiliyor - The Epoch Times TR","isPartOf":{"@id":"https:\/\/epochtimestr.com\/#website"},"primaryImageOfPage":{"@id":"https:\/\/epochtimestr.com\/index.php\/kor-insanlar-ekolokasyon-ile-gorebiliyor#primaryimage"},"image":{"@id":"https:\/\/epochtimestr.com\/index.php\/kor-insanlar-ekolokasyon-ile-gorebiliyor#primaryimage"},"thumbnailUrl":"https:\/\/epochtimestr.com\/wp-content\/uploads\/2011y\/kor1.jpg","datePublished":"2011-06-04T01:00:35+00:00","dateModified":"2011-06-02T22:09:20+00:00","inLanguage":"tr","potentialAction":[{"@type":"ReadAction","target":["https:\/\/epochtimestr.com\/index.php\/kor-insanlar-ekolokasyon-ile-gorebiliyor"]}]},{"@type":"ImageObject","inLanguage":"tr","@id":"https:\/\/epochtimestr.com\/index.php\/kor-insanlar-ekolokasyon-ile-gorebiliyor#primaryimage","url":"https:\/\/epochtimestr.com\/wp-content\/uploads\/2011y\/kor1.jpg","contentUrl":"https:\/\/epochtimestr.com\/wp-content\/uploads\/2011y\/kor1.jpg","width":539,"height":330},{"@type":"WebSite","@id":"https:\/\/epochtimestr.com\/#website","url":"https:\/\/epochtimestr.com\/","name":"The Epoch Times TR","description":"De\u011fi\u015fen D\u00fcnyam\u0131za Taze Bir Bak\u0131\u015f","publisher":{"@id":"https:\/\/epochtimestr.com\/#organization"},"potentialAction":[{"@type":"SearchAction","target":{"@type":"EntryPoint","urlTemplate":"https:\/\/epochtimestr.com\/?s={search_term_string}"},"query-input":"required name=search_term_string"}],"inLanguage":"tr"},{"@type":"Organization","@id":"https:\/\/epochtimestr.com\/#organization","name":"The EpochTimes T\u00fcrkiye","url":"https:\/\/epochtimestr.com\/","logo":{"@type":"ImageObject","inLanguage":"tr","@id":"https:\/\/epochtimestr.com\/#\/schema\/logo\/image\/","url":"https:\/\/epochtimestr.com\/wp-content\/uploads\/2011y\/ET-Logo-YG.jpg","contentUrl":"https:\/\/epochtimestr.com\/wp-content\/uploads\/2011y\/ET-Logo-YG.jpg","width":346,"height":29,"caption":"The EpochTimes T\u00fcrkiye"},"image":{"@id":"https:\/\/epochtimestr.com\/#\/schema\/logo\/image\/"},"sameAs":["https:\/\/www.facebook.com\/theepochtimestr","https:\/\/x.com\/TheEpochTimesTR","https:\/\/www.instagram.com\/epochtimestr"]},{"@type":"Person","@id":"https:\/\/epochtimestr.com\/#\/schema\/person\/a4191798a6b3dfc5ab6197b62adba3e0","name":"Yasemin Erdem","image":{"@type":"ImageObject","inLanguage":"tr","@id":"https:\/\/epochtimestr.com\/#\/schema\/person\/image\/","url":"https:\/\/secure.gravatar.com\/avatar\/c0c9345bed3ae6748a3d8f60389f790a?s=96&d=mm&r=g","contentUrl":"https:\/\/secure.gravatar.com\/avatar\/c0c9345bed3ae6748a3d8f60389f790a?s=96&d=mm&r=g","caption":"Yasemin Erdem"},"url":"https:\/\/epochtimestr.com\/index.php\/author\/yasemin"}]}},"_links":{"self":[{"href":"https:\/\/epochtimestr.com\/index.php\/wp-json\/wp\/v2\/posts\/36793"}],"collection":[{"href":"https:\/\/epochtimestr.com\/index.php\/wp-json\/wp\/v2\/posts"}],"about":[{"href":"https:\/\/epochtimestr.com\/index.php\/wp-json\/wp\/v2\/types\/post"}],"author":[{"embeddable":true,"href":"https:\/\/epochtimestr.com\/index.php\/wp-json\/wp\/v2\/users\/24"}],"replies":[{"embeddable":true,"href":"https:\/\/epochtimestr.com\/index.php\/wp-json\/wp\/v2\/comments?post=36793"}],"version-history":[{"count":11,"href":"https:\/\/epochtimestr.com\/index.php\/wp-json\/wp\/v2\/posts\/36793\/revisions"}],"predecessor-version":[{"id":36925,"href":"https:\/\/epochtimestr.com\/index.php\/wp-json\/wp\/v2\/posts\/36793\/revisions\/36925"}],"wp:featuredmedia":[{"embeddable":true,"href":"https:\/\/epochtimestr.com\/index.php\/wp-json\/wp\/v2\/media\/36922"}],"wp:attachment":[{"href":"https:\/\/epochtimestr.com\/index.php\/wp-json\/wp\/v2\/media?parent=36793"}],"wp:term":[{"taxonomy":"category","embeddable":true,"href":"https:\/\/epochtimestr.com\/index.php\/wp-json\/wp\/v2\/categories?post=36793"},{"taxonomy":"post_tag","embeddable":true,"href":"https:\/\/epochtimestr.com\/index.php\/wp-json\/wp\/v2\/tags?post=36793"}],"curies":[{"name":"wp","href":"https:\/\/api.w.org\/{rel}","templated":true}]}}