{"id":4236,"date":"2010-04-06T16:14:05","date_gmt":"2010-04-06T14:14:05","guid":{"rendered":"http:\/\/www.epochtimestr.com\/?p=4236"},"modified":"2010-04-06T16:14:05","modified_gmt":"2010-04-06T14:14:05","slug":"darussafakadan-burslu-egitim-imkani","status":"publish","type":"post","link":"https:\/\/epochtimestr.com\/index.php\/darussafakadan-burslu-egitim-imkani","title":{"rendered":"Dar\u00fc\u015f\u015fafaka&#8217;dan burslu e\u011fitim imkan\u0131"},"content":{"rendered":"<p><strong><a><a class=\"highslide\" href=\"http:\/\/www.epochtimestr.com\/wp-content\/uploads\/2010\/mart\/1406969_p.jpg\"><img loading=\"lazy\" decoding=\"async\" class=\"alignleft size-thumbnail wp-image-4237\" src=\"http:\/\/www.epochtimestr.com\/wp-content\/uploads\/2010\/mart\/1406969_p-150x150.jpg\" alt=\"\" width=\"150\" height=\"150\" \/><\/a>A\u011eRI<\/a><\/strong>&#8211; \t\t<a>Dar\u00fc\u015f\u015fafaka e\u011fitim kurumlar\u0131, babas\u0131 hayatta olmayan, maddi  imkans\u0131zl\u0131klar nedeniyle iyi e\u011fitim f\u0131rsat\u0131 bulamayan \u00f6\u011frencilere,  ilk\u00f6\u011fretim 4. s\u0131n\u0131ftan itibaren liseyi bitirinceye kadar tam burslu ve  yat\u0131l\u0131 \u0130ngilizce e\u011fitim veriyor.<br \/>\nDar\u00fc\u015f\u015fafaka E\u011fitim Kurumlar\u0131  Geli\u015fim Koordinat\u00f6r\u00fc Ahmet \u00c7akaloz, 30 May\u0131s 2010 tarihinde yap\u0131lacak  Dar\u00fc\u015f\u015fafaka Giri\u015f S\u0131nav\u0131 \u00f6ncesinde A\u011fr\u0131&#8217;da tan\u0131t\u0131m toplant\u0131s\u0131 d\u00fczenledi.<br \/>\nH\u00fcrriyet \u0130lk\u00f6\u011fretim Okulu&#8217;nda d\u00fczenlenen toplant\u0131, sayg\u0131 duru\u015funda  bulunulmas\u0131 ve \u0130stiklal Mar\u015f\u0131 okunmas\u0131yla ba\u015flad\u0131. Toplant\u0131da konu\u015fan  Dar\u00fc\u015f\u015fafaka E\u011fitim Kurumlar\u0131 Geli\u015fim Koordinat\u00f6r\u00fc \u00c7akaloz, 2010-2011  e\u011fitim \u00f6\u011fretim y\u0131l\u0131nda e\u011fitim kurumlar\u0131nda okuyacak \u00f6\u011frenciler i\u00e7in 30  May\u0131s&#8217;ta s\u0131nav yap\u0131laca\u011f\u0131n\u0131 belirterek, s\u0131nav \u00f6ncesinde hem okulun, hem  de s\u0131nav sisteminin tan\u0131t\u0131m\u0131n\u0131 yapt\u0131klar\u0131n\u0131 ifade etti. Dar\u00fc\u015f\u015fafaka&#8217;n\u0131n  1873 y\u0131l\u0131ndan bu yana babas\u0131 hayatta olmayan, maddi imkans\u0131zl\u0131klar  nedeniyle iyi e\u011fitim f\u0131rsat\u0131 bulamayan \u00f6\u011frencilere, ilk\u00f6\u011fretim 4.  s\u0131n\u0131ftan itibaren liseyi bitirinceye kadar tam burslu ve yat\u0131l\u0131  \u0130ngilizce e\u011fitim verdi\u011fini anlatan \u00c7akaloz, \u00fcniversiteyi kazanan  \u00f6\u011frencilere de burs verilmeye devam edilece\u011fini s\u00f6yledi.<br \/>\n\u00d6\u011frencilerin ve velilerin ula\u015f\u0131m giderinin Dar\u00fc\u015f\u015fafaka taraf\u0131ndan  kar\u015f\u0131land\u0131\u011f\u0131n\u0131 vurgulayan \u00c7akaloz, A\u011fr\u0131&#8217;yla birlikte 20 merkezde  ger\u00e7ekle\u015fecek Dar\u00fc\u015f\u015fafaka Giri\u015f S\u0131nav\u0131n\u0131n 30 May\u0131s&#8217;ta Van Atat\u00fcrk  \u0130lk\u00f6\u011fretim Okulu&#8217;nda yap\u0131laca\u011f\u0131n\u0131 s\u00f6zlerine ekledi.<br \/>\nToplant\u0131ya,  \u00f6\u011frenci velisi olarak kat\u0131lan ve konu\u015fma yapan K\u00fclt\u00fcr Turizm \u0130l M\u00fcd\u00fcr\u00fc  Muhsin Bulut, Dar\u00fc\u015f\u015fafaka E\u011fitim Kurumlar\u0131&#8217;n\u0131n 137 y\u0131ldan beri e\u011fitime  verdi\u011fi destekten dolay\u0131 te\u015fekk\u00fcr etti. Toplant\u0131ya, Milli E\u011fitim M\u00fcd\u00fcr\u00fc  Turgut Ko\u00e7ak, okul idarecileri, \u00f6\u011fretmenler ve veliler kat\u0131ld\u0131.<\/a><\/p>\n","protected":false},"excerpt":{"rendered":"<p>A\u011eRI&#8211; Dar\u00fc\u015f\u015fafaka e\u011fitim kurumlar\u0131, babas\u0131 hayatta olmayan, maddi imkans\u0131zl\u0131klar nedeniyle iyi e\u011fitim f\u0131rsat\u0131 bulamayan \u00f6\u011frencilere, ilk\u00f6\u011fretim 4. s\u0131n\u0131ftan itibaren liseyi bitirinceye kadar tam burslu ve yat\u0131l\u0131 \u0130ngilizce e\u011fitim veriyor. Dar\u00fc\u015f\u015fafaka E\u011fitim Kurumlar\u0131 Geli\u015fim Koordinat\u00f6r\u00fc Ahmet \u00c7akaloz, 30 May\u0131s 2010 tarihinde yap\u0131lacak Dar\u00fc\u015f\u015fafaka Giri\u015f S\u0131nav\u0131 \u00f6ncesinde A\u011fr\u0131&#8217;da tan\u0131t\u0131m toplant\u0131s\u0131 d\u00fczenledi. H\u00fcrriyet \u0130lk\u00f6\u011fretim Okulu&#8217;nda d\u00fczenlenen toplant\u0131, sayg\u0131 [&hellip;]<\/p>\n","protected":false},"author":7,"featured_media":0,"comment_status":"open","ping_status":"open","sticky":false,"template":"","format":"standard","meta":{"_yoast_wpseo_focuskw":"","_yoast_wpseo_title":"","_yoast_wpseo_metadesc":"","_bbp_topic_count":0,"_bbp_reply_count":0,"_bbp_total_topic_count":0,"_bbp_total_reply_count":0,"_bbp_voice_count":0,"_bbp_anonymous_reply_count":0,"_bbp_topic_count_hidden":0,"_bbp_reply_count_hidden":0,"_bbp_forum_subforum_count":0,"footnotes":"","_yoast_wpseo_focuskw_text_input":""},"categories":[60],"tags":[],"yoast_head":"<!-- This site is optimized with the Yoast SEO plugin v23.0 - https:\/\/yoast.com\/wordpress\/plugins\/seo\/ -->\n<title>Dar\u00fc\u015f\u015fafaka&#039;dan burslu e\u011fitim imkan\u0131 - The Epoch Times TR<\/title>\n<meta name=\"robots\" content=\"index, follow, max-snippet:-1, max-image-preview:large, max-video-preview:-1\" \/>\n<link rel=\"canonical\" href=\"https:\/\/epochtimestr.com\/index.php\/darussafakadan-burslu-egitim-imkani\" \/>\n<meta property=\"og:locale\" content=\"tr_TR\" \/>\n<meta property=\"og:type\" content=\"article\" \/>\n<meta property=\"og:title\" content=\"Dar\u00fc\u015f\u015fafaka&#039;dan burslu e\u011fitim imkan\u0131 - The Epoch Times TR\" \/>\n<meta property=\"og:description\" content=\"A\u011eRI&#8211; Dar\u00fc\u015f\u015fafaka e\u011fitim kurumlar\u0131, babas\u0131 hayatta olmayan, maddi imkans\u0131zl\u0131klar nedeniyle iyi e\u011fitim f\u0131rsat\u0131 bulamayan \u00f6\u011frencilere, ilk\u00f6\u011fretim 4. s\u0131n\u0131ftan itibaren liseyi bitirinceye kadar tam burslu ve yat\u0131l\u0131 \u0130ngilizce e\u011fitim veriyor. Dar\u00fc\u015f\u015fafaka E\u011fitim Kurumlar\u0131 Geli\u015fim Koordinat\u00f6r\u00fc Ahmet \u00c7akaloz, 30 May\u0131s 2010 tarihinde yap\u0131lacak Dar\u00fc\u015f\u015fafaka Giri\u015f S\u0131nav\u0131 \u00f6ncesinde A\u011fr\u0131&#8217;da tan\u0131t\u0131m toplant\u0131s\u0131 d\u00fczenledi. H\u00fcrriyet \u0130lk\u00f6\u011fretim Okulu&#8217;nda d\u00fczenlenen toplant\u0131, sayg\u0131 [&hellip;]\" \/>\n<meta property=\"og:url\" content=\"https:\/\/epochtimestr.com\/index.php\/darussafakadan-burslu-egitim-imkani\" \/>\n<meta property=\"og:site_name\" content=\"The Epoch Times TR\" \/>\n<meta property=\"article:publisher\" content=\"https:\/\/www.facebook.com\/theepochtimestr\" \/>\n<meta property=\"article:published_time\" content=\"2010-04-06T14:14:05+00:00\" \/>\n<meta property=\"og:image\" content=\"http:\/\/www.epochtimestr.com\/wp-content\/uploads\/2010\/mart\/1406969_p-150x150.jpg\" \/>\n<meta name=\"author\" content=\"D.Alk\u0131n\" \/>\n<meta name=\"twitter:card\" content=\"summary_large_image\" \/>\n<meta name=\"twitter:creator\" content=\"@TheEpochTimesTR\" \/>\n<meta name=\"twitter:site\" content=\"@TheEpochTimesTR\" \/>\n<meta name=\"twitter:label1\" content=\"Yazan:\" \/>\n\t<meta name=\"twitter:data1\" content=\"D.Alk\u0131n\" \/>\n\t<meta name=\"twitter:label2\" content=\"Tahmini okuma s\u00fcresi\" \/>\n\t<meta name=\"twitter:data2\" content=\"2 dakika\" \/>\n<script type=\"application\/ld+json\" class=\"yoast-schema-graph\">{\"@context\":\"https:\/\/schema.org\",\"@graph\":[{\"@type\":\"Article\",\"@id\":\"https:\/\/epochtimestr.com\/index.php\/darussafakadan-burslu-egitim-imkani#article\",\"isPartOf\":{\"@id\":\"https:\/\/epochtimestr.com\/index.php\/darussafakadan-burslu-egitim-imkani\"},\"author\":{\"name\":\"D.Alk\u0131n\",\"@id\":\"https:\/\/epochtimestr.com\/#\/schema\/person\/68d6c22d0fb4650d2f0b9f7d8f486b58\"},\"headline\":\"Dar\u00fc\u015f\u015fafaka&#8217;dan burslu e\u011fitim imkan\u0131\",\"datePublished\":\"2010-04-06T14:14:05+00:00\",\"dateModified\":\"2010-04-06T14:14:05+00:00\",\"mainEntityOfPage\":{\"@id\":\"https:\/\/epochtimestr.com\/index.php\/darussafakadan-burslu-egitim-imkani\"},\"wordCount\":312,\"commentCount\":0,\"publisher\":{\"@id\":\"https:\/\/epochtimestr.com\/#organization\"},\"image\":{\"@id\":\"https:\/\/epochtimestr.com\/index.php\/darussafakadan-burslu-egitim-imkani#primaryimage\"},\"thumbnailUrl\":\"http:\/\/www.epochtimestr.com\/wp-content\/uploads\/2010\/mart\/1406969_p-150x150.jpg\",\"articleSection\":[\"Taslak'da b\u0131rak\"],\"inLanguage\":\"tr\",\"potentialAction\":[{\"@type\":\"CommentAction\",\"name\":\"Comment\",\"target\":[\"https:\/\/epochtimestr.com\/index.php\/darussafakadan-burslu-egitim-imkani#respond\"]}]},{\"@type\":\"WebPage\",\"@id\":\"https:\/\/epochtimestr.com\/index.php\/darussafakadan-burslu-egitim-imkani\",\"url\":\"https:\/\/epochtimestr.com\/index.php\/darussafakadan-burslu-egitim-imkani\",\"name\":\"Dar\u00fc\u015f\u015fafaka'dan burslu e\u011fitim imkan\u0131 - The Epoch Times TR\",\"isPartOf\":{\"@id\":\"https:\/\/epochtimestr.com\/#website\"},\"primaryImageOfPage\":{\"@id\":\"https:\/\/epochtimestr.com\/index.php\/darussafakadan-burslu-egitim-imkani#primaryimage\"},\"image\":{\"@id\":\"https:\/\/epochtimestr.com\/index.php\/darussafakadan-burslu-egitim-imkani#primaryimage\"},\"thumbnailUrl\":\"http:\/\/www.epochtimestr.com\/wp-content\/uploads\/2010\/mart\/1406969_p-150x150.jpg\",\"datePublished\":\"2010-04-06T14:14:05+00:00\",\"dateModified\":\"2010-04-06T14:14:05+00:00\",\"inLanguage\":\"tr\",\"potentialAction\":[{\"@type\":\"ReadAction\",\"target\":[\"https:\/\/epochtimestr.com\/index.php\/darussafakadan-burslu-egitim-imkani\"]}]},{\"@type\":\"ImageObject\",\"inLanguage\":\"tr\",\"@id\":\"https:\/\/epochtimestr.com\/index.php\/darussafakadan-burslu-egitim-imkani#primaryimage\",\"url\":\"http:\/\/www.epochtimestr.com\/wp-content\/uploads\/2010\/mart\/1406969_p-150x150.jpg\",\"contentUrl\":\"http:\/\/www.epochtimestr.com\/wp-content\/uploads\/2010\/mart\/1406969_p-150x150.jpg\"},{\"@type\":\"WebSite\",\"@id\":\"https:\/\/epochtimestr.com\/#website\",\"url\":\"https:\/\/epochtimestr.com\/\",\"name\":\"The Epoch Times TR\",\"description\":\"De\u011fi\u015fen D\u00fcnyam\u0131za Taze Bir Bak\u0131\u015f\",\"publisher\":{\"@id\":\"https:\/\/epochtimestr.com\/#organization\"},\"potentialAction\":[{\"@type\":\"SearchAction\",\"target\":{\"@type\":\"EntryPoint\",\"urlTemplate\":\"https:\/\/epochtimestr.com\/?s={search_term_string}\"},\"query-input\":\"required name=search_term_string\"}],\"inLanguage\":\"tr\"},{\"@type\":\"Organization\",\"@id\":\"https:\/\/epochtimestr.com\/#organization\",\"name\":\"The EpochTimes T\u00fcrkiye\",\"url\":\"https:\/\/epochtimestr.com\/\",\"logo\":{\"@type\":\"ImageObject\",\"inLanguage\":\"tr\",\"@id\":\"https:\/\/epochtimestr.com\/#\/schema\/logo\/image\/\",\"url\":\"https:\/\/epochtimestr.com\/wp-content\/uploads\/2011y\/ET-Logo-YG.jpg\",\"contentUrl\":\"https:\/\/epochtimestr.com\/wp-content\/uploads\/2011y\/ET-Logo-YG.jpg\",\"width\":346,\"height\":29,\"caption\":\"The EpochTimes T\u00fcrkiye\"},\"image\":{\"@id\":\"https:\/\/epochtimestr.com\/#\/schema\/logo\/image\/\"},\"sameAs\":[\"https:\/\/www.facebook.com\/theepochtimestr\",\"https:\/\/x.com\/TheEpochTimesTR\",\"https:\/\/www.instagram.com\/epochtimestr\"]},{\"@type\":\"Person\",\"@id\":\"https:\/\/epochtimestr.com\/#\/schema\/person\/68d6c22d0fb4650d2f0b9f7d8f486b58\",\"name\":\"D.Alk\u0131n\",\"image\":{\"@type\":\"ImageObject\",\"inLanguage\":\"tr\",\"@id\":\"https:\/\/epochtimestr.com\/#\/schema\/person\/image\/\",\"url\":\"https:\/\/secure.gravatar.com\/avatar\/595e935617b845a3d7cc21afea615017?s=96&d=mm&r=g\",\"contentUrl\":\"https:\/\/secure.gravatar.com\/avatar\/595e935617b845a3d7cc21afea615017?s=96&d=mm&r=g\",\"caption\":\"D.Alk\u0131n\"},\"url\":\"https:\/\/epochtimestr.com\/index.php\/author\/derya\"}]}<\/script>\n<!-- \/ Yoast SEO plugin. -->","yoast_head_json":{"title":"Dar\u00fc\u015f\u015fafaka'dan burslu e\u011fitim imkan\u0131 - The Epoch Times TR","robots":{"index":"index","follow":"follow","max-snippet":"max-snippet:-1","max-image-preview":"max-image-preview:large","max-video-preview":"max-video-preview:-1"},"canonical":"https:\/\/epochtimestr.com\/index.php\/darussafakadan-burslu-egitim-imkani","og_locale":"tr_TR","og_type":"article","og_title":"Dar\u00fc\u015f\u015fafaka'dan burslu e\u011fitim imkan\u0131 - The Epoch Times TR","og_description":"A\u011eRI&#8211; Dar\u00fc\u015f\u015fafaka e\u011fitim kurumlar\u0131, babas\u0131 hayatta olmayan, maddi imkans\u0131zl\u0131klar nedeniyle iyi e\u011fitim f\u0131rsat\u0131 bulamayan \u00f6\u011frencilere, ilk\u00f6\u011fretim 4. s\u0131n\u0131ftan itibaren liseyi bitirinceye kadar tam burslu ve yat\u0131l\u0131 \u0130ngilizce e\u011fitim veriyor. Dar\u00fc\u015f\u015fafaka E\u011fitim Kurumlar\u0131 Geli\u015fim Koordinat\u00f6r\u00fc Ahmet \u00c7akaloz, 30 May\u0131s 2010 tarihinde yap\u0131lacak Dar\u00fc\u015f\u015fafaka Giri\u015f S\u0131nav\u0131 \u00f6ncesinde A\u011fr\u0131&#8217;da tan\u0131t\u0131m toplant\u0131s\u0131 d\u00fczenledi. H\u00fcrriyet \u0130lk\u00f6\u011fretim Okulu&#8217;nda d\u00fczenlenen toplant\u0131, sayg\u0131 [&hellip;]","og_url":"https:\/\/epochtimestr.com\/index.php\/darussafakadan-burslu-egitim-imkani","og_site_name":"The Epoch Times TR","article_publisher":"https:\/\/www.facebook.com\/theepochtimestr","article_published_time":"2010-04-06T14:14:05+00:00","og_image":[{"url":"http:\/\/www.epochtimestr.com\/wp-content\/uploads\/2010\/mart\/1406969_p-150x150.jpg"}],"author":"D.Alk\u0131n","twitter_card":"summary_large_image","twitter_creator":"@TheEpochTimesTR","twitter_site":"@TheEpochTimesTR","twitter_misc":{"Yazan:":"D.Alk\u0131n","Tahmini okuma s\u00fcresi":"2 dakika"},"schema":{"@context":"https:\/\/schema.org","@graph":[{"@type":"Article","@id":"https:\/\/epochtimestr.com\/index.php\/darussafakadan-burslu-egitim-imkani#article","isPartOf":{"@id":"https:\/\/epochtimestr.com\/index.php\/darussafakadan-burslu-egitim-imkani"},"author":{"name":"D.Alk\u0131n","@id":"https:\/\/epochtimestr.com\/#\/schema\/person\/68d6c22d0fb4650d2f0b9f7d8f486b58"},"headline":"Dar\u00fc\u015f\u015fafaka&#8217;dan burslu e\u011fitim imkan\u0131","datePublished":"2010-04-06T14:14:05+00:00","dateModified":"2010-04-06T14:14:05+00:00","mainEntityOfPage":{"@id":"https:\/\/epochtimestr.com\/index.php\/darussafakadan-burslu-egitim-imkani"},"wordCount":312,"commentCount":0,"publisher":{"@id":"https:\/\/epochtimestr.com\/#organization"},"image":{"@id":"https:\/\/epochtimestr.com\/index.php\/darussafakadan-burslu-egitim-imkani#primaryimage"},"thumbnailUrl":"http:\/\/www.epochtimestr.com\/wp-content\/uploads\/2010\/mart\/1406969_p-150x150.jpg","articleSection":["Taslak'da b\u0131rak"],"inLanguage":"tr","potentialAction":[{"@type":"CommentAction","name":"Comment","target":["https:\/\/epochtimestr.com\/index.php\/darussafakadan-burslu-egitim-imkani#respond"]}]},{"@type":"WebPage","@id":"https:\/\/epochtimestr.com\/index.php\/darussafakadan-burslu-egitim-imkani","url":"https:\/\/epochtimestr.com\/index.php\/darussafakadan-burslu-egitim-imkani","name":"Dar\u00fc\u015f\u015fafaka'dan burslu e\u011fitim imkan\u0131 - The Epoch Times TR","isPartOf":{"@id":"https:\/\/epochtimestr.com\/#website"},"primaryImageOfPage":{"@id":"https:\/\/epochtimestr.com\/index.php\/darussafakadan-burslu-egitim-imkani#primaryimage"},"image":{"@id":"https:\/\/epochtimestr.com\/index.php\/darussafakadan-burslu-egitim-imkani#primaryimage"},"thumbnailUrl":"http:\/\/www.epochtimestr.com\/wp-content\/uploads\/2010\/mart\/1406969_p-150x150.jpg","datePublished":"2010-04-06T14:14:05+00:00","dateModified":"2010-04-06T14:14:05+00:00","inLanguage":"tr","potentialAction":[{"@type":"ReadAction","target":["https:\/\/epochtimestr.com\/index.php\/darussafakadan-burslu-egitim-imkani"]}]},{"@type":"ImageObject","inLanguage":"tr","@id":"https:\/\/epochtimestr.com\/index.php\/darussafakadan-burslu-egitim-imkani#primaryimage","url":"http:\/\/www.epochtimestr.com\/wp-content\/uploads\/2010\/mart\/1406969_p-150x150.jpg","contentUrl":"http:\/\/www.epochtimestr.com\/wp-content\/uploads\/2010\/mart\/1406969_p-150x150.jpg"},{"@type":"WebSite","@id":"https:\/\/epochtimestr.com\/#website","url":"https:\/\/epochtimestr.com\/","name":"The Epoch Times TR","description":"De\u011fi\u015fen D\u00fcnyam\u0131za Taze Bir Bak\u0131\u015f","publisher":{"@id":"https:\/\/epochtimestr.com\/#organization"},"potentialAction":[{"@type":"SearchAction","target":{"@type":"EntryPoint","urlTemplate":"https:\/\/epochtimestr.com\/?s={search_term_string}"},"query-input":"required name=search_term_string"}],"inLanguage":"tr"},{"@type":"Organization","@id":"https:\/\/epochtimestr.com\/#organization","name":"The EpochTimes T\u00fcrkiye","url":"https:\/\/epochtimestr.com\/","logo":{"@type":"ImageObject","inLanguage":"tr","@id":"https:\/\/epochtimestr.com\/#\/schema\/logo\/image\/","url":"https:\/\/epochtimestr.com\/wp-content\/uploads\/2011y\/ET-Logo-YG.jpg","contentUrl":"https:\/\/epochtimestr.com\/wp-content\/uploads\/2011y\/ET-Logo-YG.jpg","width":346,"height":29,"caption":"The EpochTimes T\u00fcrkiye"},"image":{"@id":"https:\/\/epochtimestr.com\/#\/schema\/logo\/image\/"},"sameAs":["https:\/\/www.facebook.com\/theepochtimestr","https:\/\/x.com\/TheEpochTimesTR","https:\/\/www.instagram.com\/epochtimestr"]},{"@type":"Person","@id":"https:\/\/epochtimestr.com\/#\/schema\/person\/68d6c22d0fb4650d2f0b9f7d8f486b58","name":"D.Alk\u0131n","image":{"@type":"ImageObject","inLanguage":"tr","@id":"https:\/\/epochtimestr.com\/#\/schema\/person\/image\/","url":"https:\/\/secure.gravatar.com\/avatar\/595e935617b845a3d7cc21afea615017?s=96&d=mm&r=g","contentUrl":"https:\/\/secure.gravatar.com\/avatar\/595e935617b845a3d7cc21afea615017?s=96&d=mm&r=g","caption":"D.Alk\u0131n"},"url":"https:\/\/epochtimestr.com\/index.php\/author\/derya"}]}},"_links":{"self":[{"href":"https:\/\/epochtimestr.com\/index.php\/wp-json\/wp\/v2\/posts\/4236"}],"collection":[{"href":"https:\/\/epochtimestr.com\/index.php\/wp-json\/wp\/v2\/posts"}],"about":[{"href":"https:\/\/epochtimestr.com\/index.php\/wp-json\/wp\/v2\/types\/post"}],"author":[{"embeddable":true,"href":"https:\/\/epochtimestr.com\/index.php\/wp-json\/wp\/v2\/users\/7"}],"replies":[{"embeddable":true,"href":"https:\/\/epochtimestr.com\/index.php\/wp-json\/wp\/v2\/comments?post=4236"}],"version-history":[{"count":1,"href":"https:\/\/epochtimestr.com\/index.php\/wp-json\/wp\/v2\/posts\/4236\/revisions"}],"predecessor-version":[{"id":4238,"href":"https:\/\/epochtimestr.com\/index.php\/wp-json\/wp\/v2\/posts\/4236\/revisions\/4238"}],"wp:attachment":[{"href":"https:\/\/epochtimestr.com\/index.php\/wp-json\/wp\/v2\/media?parent=4236"}],"wp:term":[{"taxonomy":"category","embeddable":true,"href":"https:\/\/epochtimestr.com\/index.php\/wp-json\/wp\/v2\/categories?post=4236"},{"taxonomy":"post_tag","embeddable":true,"href":"https:\/\/epochtimestr.com\/index.php\/wp-json\/wp\/v2\/tags?post=4236"}],"curies":[{"name":"wp","href":"https:\/\/api.w.org\/{rel}","templated":true}]}}