{"id":43593,"date":"2011-07-17T00:09:29","date_gmt":"2011-07-16T21:09:29","guid":{"rendered":"http:\/\/www.epochtimestr.com\/?p=43593"},"modified":"2022-12-25T20:17:46","modified_gmt":"2022-12-25T17:17:46","slug":"waldorf-okullarinda-nasil-bir-mufredat-uygulaniyor","status":"publish","type":"post","link":"https:\/\/epochtimestr.com\/index.php\/waldorf-okullarinda-nasil-bir-mufredat-uygulaniyor","title":{"rendered":"Waldorf Okullar\u0131nda Nas\u0131l Bir M\u00fcfredat Uygulan\u0131yor? 4"},"content":{"rendered":"<figure id=\"attachment_65598\" aria-describedby=\"caption-attachment-65598\" style=\"width: 400px\" class=\"wp-caption alignleft\"><a href=\"https:\/\/epochtimestr.com\/index.php\/waldorf-okullarinda-nasil-bir-mufredat-uygulaniyor\/trier-german-waldorf-school\" rel=\"attachment wp-att-65598\"><img loading=\"lazy\" decoding=\"async\" class=\"size-full wp-image-65598 \" alt=\"Trier German Waldorf School\" src=\"https:\/\/epochtimestr.com\/wp-content\/uploads\/2011y\/Trier-German-Waldorf-School.jpg\" width=\"400\" height=\"267\" srcset=\"https:\/\/epochtimestr.com\/wp-content\/uploads\/2011y\/Trier-German-Waldorf-School.jpg 400w, https:\/\/epochtimestr.com\/wp-content\/uploads\/2011y\/Trier-German-Waldorf-School-150x100.jpg 150w, https:\/\/epochtimestr.com\/wp-content\/uploads\/2011y\/Trier-German-Waldorf-School-300x200.jpg 300w, https:\/\/epochtimestr.com\/wp-content\/uploads\/2011y\/Trier-German-Waldorf-School-292x194.jpg 292w\" sizes=\"(max-width: 400px) 100vw, 400px\" \/><\/a><figcaption id=\"caption-attachment-65598\" class=\"wp-caption-text\">Trier German Waldorf School<\/figcaption><\/figure>\n<p style=\"text-align: justify;\">Waldorf okullar\u0131nda \u00f6\u011frenciler konular\u0131 par\u00e7alar halinde soyut olarak de\u011fil, alg\u0131lama ve d\u00fc\u015f\u00fcnmenin bir b\u00fct\u00fcn olarak kullan\u0131ld\u0131\u011f\u0131 deneyimleri ya\u015fayarak\u00a0\u00f6\u011frenirler.<\/p>\n<p style=\"text-align: justify;\"><strong>Waldorf\u00a0 m\u00fcfredat\u0131 <\/strong>; <em>Entegrasyon, sanatsal yakla\u015f\u0131m, geli\u015fimsel yakla\u015f\u0131m, k\u00fclt\u00fcrel yakla\u015f\u0131m<\/em>, <em>eurythmy (uyumsal- ritimsel) yakla\u015f\u0131mdan <\/em>olu\u015fur.<\/p>\n<p style=\"text-align: justify;\"><strong><em>Entegrasyon<\/em>;<\/strong> Steiner&#8217;e g\u00f6re her \u015fey bir b\u00fct\u00fcn\u00fcn bir par\u00e7as\u0131d\u0131r. Ruhu bedenden ayr\u0131ran d\u00fc\u015f\u00fcnce zekay\u0131 bedenden ay\u0131ran d\u00fc\u015f\u00fcnce kadar tehlikelidir. &#8216;Biz zihin ve ruh ile ilgili unsurlar\u0131n bedenden bahsetmeden a\u00e7\u0131kland\u0131\u011f\u0131 zararl\u0131 modern d\u00fc\u015f\u00fcncenin tamamen kar\u015f\u0131s\u0131nday\u0131z&#8217; der. B\u00f6ylece haz\u0131rlanan ders program\u0131nda\u00a0 b\u00fct\u00fcn konular i\u00e7i\u00e7e konulmu\u015f, birle\u015ftirilmi\u015ftir.Hi\u00e7 bir \u015fey izole edilmemi\u015f soyutlanmam\u0131\u015ft\u0131r. \u00c7ocu\u011fun bunun fark\u0131na varmas\u0131 Wadorf e\u011fitimcileri taraf\u0131ndan &#8216;kat\u0131l\u0131mc\u0131 bilin\u00e7lenme&#8217; \u00a0olarak adland\u0131r\u0131l\u0131r\u00a0 ki, bu insan\u0131n hayat\u0131n i\u00e7inde hareketli olmas\u0131d\u0131r.<\/p>\n<p style=\"text-align: justify;\">\u00c7ocuklar ayr\u0131ca ara\u015ft\u0131rd\u0131klar\u0131 her alanda b\u00fct\u00fcnl\u00fc\u011f\u00fc hissetmeyi \u00f6\u011frenirler . Mesela konu\u015fman\u0131n b\u00f6l\u00fcmleri v\u00fccudun organlar\u0131 olarak g\u00f6r\u00fcl\u00fcr. Tiyatroda, mimaride veya bir resimdeki renkler\u00a0 gibi bunlar\u0131 izole edilmi\u015f cans\u0131z olarak d\u00fc\u015f\u00fcnmezler. \u00c7ocuklar aktivitenin yan\u0131s\u0131ra hayal g\u00fc\u00e7leriyle de \u00f6\u011frenirler.<\/p>\n<p style=\"text-align: justify;\"><strong><em>Sanatsal yakla\u015f\u0131m<\/em>;<\/strong> Steiner&#8217;e e\u011fitim bir sanatt\u0131r. \u00c7ocuklar okumay\u0131 \u00f6\u011frenmeden \u00f6nce yazmay\u0131 ve \u00e7izmeyi \u00f6\u011frenirler. \u0130lk s\u0131n\u0131flarda renklerin kullan\u0131lmas\u0131 b\u00fcy\u00fck \u00f6nem ta\u015f\u0131r. Gittik\u00e7e \u00f6rg\u00fc i\u015fleri ve \u00e7amurla yap\u0131lan \u00e7al\u0131\u015fmalar \u00e7ocuklar\u0131n tasar\u0131m duygusunu kazanmas\u0131n\u0131 sa\u011flar. Daha sonra ah\u015fap i\u015fleri, \u00a0heykeltra\u015fl\u0131k\u00a0 daha b\u00fcy\u00fck s\u0131n\u0131flarda marangozluk \u00f6\u011fretilir. Alt\u0131nc\u0131 s\u0131n\u0131fta akustik \u00e7al\u0131\u015fmalar\u0131 yap\u0131l\u0131r.<\/p>\n<p style=\"text-align: justify;\">Bir \u00f6\u011frenci sadece zihinsel aktivite ve kavramlarla s\u0131n\u0131rlanmamal\u0131d\u0131r. Waldorf \u00f6\u011frencileri sanat\u00e7\u0131lar\u0131n bak\u0131\u015f a\u00e7\u0131s\u0131yla olaylar\u0131 alg\u0131lamay\u0131 \u00f6\u011frenirler. Okuldaki en belirgin \u00f6zellik ders kitaplar\u0131n\u0131n nadiren kullan\u0131lmas\u0131d\u0131r. Her dersin ard\u0131ndan \u00f6\u011frenciler ana ders kitab\u0131n\u0131 yazarlar.<\/p>\n<p style=\"text-align: justify;\"><strong><em>Geli\u015fimsel yakla\u015f\u0131m; <\/em><\/strong>Waldorf e\u011fitiminde ders program\u0131 \u00e7ocu\u011fun sezgileriyle paralel gitmelidir. &#8216; Do\u011fru zamanda do\u011fru \u015fey&#8217;. Steiner&#8217;e g\u00f6re zihinsel ve fiziksel aktiviteler aras\u0131ndaki \u00f6\u011frenme ritminin amac\u0131 i\u00e7sel dayan\u0131kl\u0131l\u0131k ve esnekli\u011fin artt\u0131\u011f\u0131 ruhani v\u00fccudun geli\u015fmesini sa\u011flamakt\u0131r. Bunun i\u00e7in normal okullardaki beden e\u011fitimi dersi \u00f6\u011fretmenlerinden ya da anatomi ve fizyoloji bilgisinden daha fazlas\u0131 gerekmektedir.<\/p>\n<p style=\"text-align: justify;\"><strong><em>K\u00fclt\u00fcrel yakla\u015f\u0131m<\/em><\/strong>; Waldorf okullar\u0131 belirli bir z\u00fcmrenin ya da tarikat\u0131n inan\u0131\u015flar\u0131na ba\u011fl\u0131 de\u011filidir. Din ya da doktrin \u00fczerine olan konular Waldorf\u00a0 program\u0131nda yer almaz . Program hayat\u0131n g\u00fczelli\u011fi ve ke\u015ffi \u00fczerine do\u011fal duygular\u0131n fark\u0131na var\u0131lmas\u0131 ve sayg\u0131 duyulmas\u0131 \u00fczerine \u00e7al\u0131\u015f\u0131r.<\/p>\n<p style=\"text-align: justify;\"><strong><em>Eurythmy (uyumsal-ritimsel<\/em><\/strong>); Waldorf\u00a0 m\u00fcfredat\u0131na Steiner&#8217;in\u00a0 kendisi taraf\u0131ndan konulan bu ders Waldorf e\u011fitimine \u00f6zg\u00fcd\u00fcr. Kelimelerle tam olarak anlat\u0131lamasa da\u00a0 k\u0131saca m\u00fczi\u011fin ve konu\u015fmalar\u0131n v\u00fccut hareketleriyle d\u0131\u015fa vurumu denebilir. \u00c7ocuklar her g\u00fcn basit ritimlere uyarak egzersiz yaparlar ve v\u00fccutlar\u0131n\u0131 geli\u015ftirerek ya\u015fam g\u00fc\u00e7leriyle bedenleri aras\u0131ndaki uyuma ula\u015f\u0131rlar.<\/p>\n<blockquote>\n<p style=\"text-align: justify;\"><em>Gelecek yaz\u0131 ; Waldorf okullar\u0131 nas\u0131l y\u00f6netiliyor? 5<\/em><\/p>\n<\/blockquote>\n","protected":false},"excerpt":{"rendered":"<p>Waldorf okullar\u0131nda \u00f6\u011frenciler konular\u0131 par\u00e7alar halinde soyut olarak de\u011fil, alg\u0131lama ve d\u00fc\u015f\u00fcnmenin bir b\u00fct\u00fcn olarak kullan\u0131ld\u0131\u011f\u0131 deneyimleri ya\u015fayarak\u00a0\u00f6\u011frenirler. Waldorf\u00a0 m\u00fcfredat\u0131 ; Entegrasyon, sanatsal yakla\u015f\u0131m, geli\u015fimsel yakla\u015f\u0131m, k\u00fclt\u00fcrel yakla\u015f\u0131m, eurythmy (uyumsal- ritimsel) yakla\u015f\u0131mdan olu\u015fur. Entegrasyon; Steiner&#8217;e g\u00f6re her \u015fey bir b\u00fct\u00fcn\u00fcn bir par\u00e7as\u0131d\u0131r. Ruhu bedenden ayr\u0131ran d\u00fc\u015f\u00fcnce zekay\u0131 bedenden ay\u0131ran d\u00fc\u015f\u00fcnce kadar tehlikelidir. &#8216;Biz zihin ve [&hellip;]<\/p>\n","protected":false},"author":14,"featured_media":65598,"comment_status":"open","ping_status":"open","sticky":false,"template":"","format":"standard","meta":{"_yoast_wpseo_focuskw":"","_yoast_wpseo_title":"","_yoast_wpseo_metadesc":"","_bbp_topic_count":0,"_bbp_reply_count":0,"_bbp_total_topic_count":0,"_bbp_total_reply_count":0,"_bbp_voice_count":0,"_bbp_anonymous_reply_count":0,"_bbp_topic_count_hidden":0,"_bbp_reply_count_hidden":0,"_bbp_forum_subforum_count":0,"footnotes":"","_yoast_wpseo_focuskw_text_input":""},"categories":[8173],"tags":[],"yoast_head":"<!-- This site is optimized with the Yoast SEO plugin v23.0 - https:\/\/yoast.com\/wordpress\/plugins\/seo\/ -->\n<title>Waldorf Okullar\u0131nda Nas\u0131l Bir M\u00fcfredat Uygulan\u0131yor? 4 - The Epoch Times TR<\/title>\n<meta name=\"robots\" content=\"index, follow, max-snippet:-1, max-image-preview:large, max-video-preview:-1\" \/>\n<link rel=\"canonical\" href=\"https:\/\/epochtimestr.com\/index.php\/waldorf-okullarinda-nasil-bir-mufredat-uygulaniyor\" \/>\n<meta property=\"og:locale\" content=\"tr_TR\" \/>\n<meta property=\"og:type\" content=\"article\" \/>\n<meta property=\"og:title\" content=\"Waldorf Okullar\u0131nda Nas\u0131l Bir M\u00fcfredat Uygulan\u0131yor? 4 - The Epoch Times TR\" \/>\n<meta property=\"og:description\" content=\"Waldorf okullar\u0131nda \u00f6\u011frenciler konular\u0131 par\u00e7alar halinde soyut olarak de\u011fil, alg\u0131lama ve d\u00fc\u015f\u00fcnmenin bir b\u00fct\u00fcn olarak kullan\u0131ld\u0131\u011f\u0131 deneyimleri ya\u015fayarak\u00a0\u00f6\u011frenirler. Waldorf\u00a0 m\u00fcfredat\u0131 ; Entegrasyon, sanatsal yakla\u015f\u0131m, geli\u015fimsel yakla\u015f\u0131m, k\u00fclt\u00fcrel yakla\u015f\u0131m, eurythmy (uyumsal- ritimsel) yakla\u015f\u0131mdan olu\u015fur. Entegrasyon; Steiner&#8217;e g\u00f6re her \u015fey bir b\u00fct\u00fcn\u00fcn bir par\u00e7as\u0131d\u0131r. Ruhu bedenden ayr\u0131ran d\u00fc\u015f\u00fcnce zekay\u0131 bedenden ay\u0131ran d\u00fc\u015f\u00fcnce kadar tehlikelidir. &#8216;Biz zihin ve [&hellip;]\" \/>\n<meta property=\"og:url\" content=\"https:\/\/epochtimestr.com\/index.php\/waldorf-okullarinda-nasil-bir-mufredat-uygulaniyor\" \/>\n<meta property=\"og:site_name\" content=\"The Epoch Times TR\" \/>\n<meta property=\"article:publisher\" content=\"https:\/\/www.facebook.com\/theepochtimestr\" \/>\n<meta property=\"article:published_time\" content=\"2011-07-16T21:09:29+00:00\" \/>\n<meta property=\"article:modified_time\" content=\"2022-12-25T17:17:46+00:00\" \/>\n<meta property=\"og:image\" content=\"https:\/\/epochtimestr.com\/wp-content\/uploads\/2011y\/Trier-German-Waldorf-School.jpg\" \/>\n\t<meta property=\"og:image:width\" content=\"400\" \/>\n\t<meta property=\"og:image:height\" content=\"267\" \/>\n\t<meta property=\"og:image:type\" content=\"image\/jpeg\" \/>\n<meta name=\"author\" content=\"S.\u015eener\" \/>\n<meta name=\"twitter:card\" content=\"summary_large_image\" \/>\n<meta name=\"twitter:creator\" content=\"@TheEpochTimesTR\" \/>\n<meta name=\"twitter:site\" content=\"@TheEpochTimesTR\" \/>\n<meta name=\"twitter:label1\" content=\"Yazan:\" \/>\n\t<meta name=\"twitter:data1\" content=\"S.\u015eener\" \/>\n\t<meta name=\"twitter:label2\" content=\"Tahmini okuma s\u00fcresi\" \/>\n\t<meta name=\"twitter:data2\" content=\"3 dakika\" \/>\n<script type=\"application\/ld+json\" class=\"yoast-schema-graph\">{\"@context\":\"https:\/\/schema.org\",\"@graph\":[{\"@type\":\"Article\",\"@id\":\"https:\/\/epochtimestr.com\/index.php\/waldorf-okullarinda-nasil-bir-mufredat-uygulaniyor#article\",\"isPartOf\":{\"@id\":\"https:\/\/epochtimestr.com\/index.php\/waldorf-okullarinda-nasil-bir-mufredat-uygulaniyor\"},\"author\":{\"name\":\"S.\u015eener\",\"@id\":\"https:\/\/epochtimestr.com\/#\/schema\/person\/bef9adaaadf46533210ca5eaaa548466\"},\"headline\":\"Waldorf Okullar\u0131nda Nas\u0131l Bir M\u00fcfredat Uygulan\u0131yor? 4\",\"datePublished\":\"2011-07-16T21:09:29+00:00\",\"dateModified\":\"2022-12-25T17:17:46+00:00\",\"mainEntityOfPage\":{\"@id\":\"https:\/\/epochtimestr.com\/index.php\/waldorf-okullarinda-nasil-bir-mufredat-uygulaniyor\"},\"wordCount\":566,\"commentCount\":0,\"publisher\":{\"@id\":\"https:\/\/epochtimestr.com\/#organization\"},\"image\":{\"@id\":\"https:\/\/epochtimestr.com\/index.php\/waldorf-okullarinda-nasil-bir-mufredat-uygulaniyor#primaryimage\"},\"thumbnailUrl\":\"https:\/\/epochtimestr.com\/wp-content\/uploads\/2011y\/Trier-German-Waldorf-School.jpg\",\"articleSection\":[\"A\u0130LE ve EG\u0130T\u0130M\"],\"inLanguage\":\"tr\",\"potentialAction\":[{\"@type\":\"CommentAction\",\"name\":\"Comment\",\"target\":[\"https:\/\/epochtimestr.com\/index.php\/waldorf-okullarinda-nasil-bir-mufredat-uygulaniyor#respond\"]}]},{\"@type\":\"WebPage\",\"@id\":\"https:\/\/epochtimestr.com\/index.php\/waldorf-okullarinda-nasil-bir-mufredat-uygulaniyor\",\"url\":\"https:\/\/epochtimestr.com\/index.php\/waldorf-okullarinda-nasil-bir-mufredat-uygulaniyor\",\"name\":\"Waldorf Okullar\u0131nda Nas\u0131l Bir M\u00fcfredat Uygulan\u0131yor? 4 - The Epoch Times TR\",\"isPartOf\":{\"@id\":\"https:\/\/epochtimestr.com\/#website\"},\"primaryImageOfPage\":{\"@id\":\"https:\/\/epochtimestr.com\/index.php\/waldorf-okullarinda-nasil-bir-mufredat-uygulaniyor#primaryimage\"},\"image\":{\"@id\":\"https:\/\/epochtimestr.com\/index.php\/waldorf-okullarinda-nasil-bir-mufredat-uygulaniyor#primaryimage\"},\"thumbnailUrl\":\"https:\/\/epochtimestr.com\/wp-content\/uploads\/2011y\/Trier-German-Waldorf-School.jpg\",\"datePublished\":\"2011-07-16T21:09:29+00:00\",\"dateModified\":\"2022-12-25T17:17:46+00:00\",\"inLanguage\":\"tr\",\"potentialAction\":[{\"@type\":\"ReadAction\",\"target\":[\"https:\/\/epochtimestr.com\/index.php\/waldorf-okullarinda-nasil-bir-mufredat-uygulaniyor\"]}]},{\"@type\":\"ImageObject\",\"inLanguage\":\"tr\",\"@id\":\"https:\/\/epochtimestr.com\/index.php\/waldorf-okullarinda-nasil-bir-mufredat-uygulaniyor#primaryimage\",\"url\":\"https:\/\/epochtimestr.com\/wp-content\/uploads\/2011y\/Trier-German-Waldorf-School.jpg\",\"contentUrl\":\"https:\/\/epochtimestr.com\/wp-content\/uploads\/2011y\/Trier-German-Waldorf-School.jpg\",\"width\":400,\"height\":267,\"caption\":\"Trier German Waldorf School\"},{\"@type\":\"WebSite\",\"@id\":\"https:\/\/epochtimestr.com\/#website\",\"url\":\"https:\/\/epochtimestr.com\/\",\"name\":\"The Epoch Times TR\",\"description\":\"De\u011fi\u015fen D\u00fcnyam\u0131za Taze Bir Bak\u0131\u015f\",\"publisher\":{\"@id\":\"https:\/\/epochtimestr.com\/#organization\"},\"potentialAction\":[{\"@type\":\"SearchAction\",\"target\":{\"@type\":\"EntryPoint\",\"urlTemplate\":\"https:\/\/epochtimestr.com\/?s={search_term_string}\"},\"query-input\":\"required name=search_term_string\"}],\"inLanguage\":\"tr\"},{\"@type\":\"Organization\",\"@id\":\"https:\/\/epochtimestr.com\/#organization\",\"name\":\"The EpochTimes T\u00fcrkiye\",\"url\":\"https:\/\/epochtimestr.com\/\",\"logo\":{\"@type\":\"ImageObject\",\"inLanguage\":\"tr\",\"@id\":\"https:\/\/epochtimestr.com\/#\/schema\/logo\/image\/\",\"url\":\"https:\/\/epochtimestr.com\/wp-content\/uploads\/2011y\/ET-Logo-YG.jpg\",\"contentUrl\":\"https:\/\/epochtimestr.com\/wp-content\/uploads\/2011y\/ET-Logo-YG.jpg\",\"width\":346,\"height\":29,\"caption\":\"The EpochTimes T\u00fcrkiye\"},\"image\":{\"@id\":\"https:\/\/epochtimestr.com\/#\/schema\/logo\/image\/\"},\"sameAs\":[\"https:\/\/www.facebook.com\/theepochtimestr\",\"https:\/\/x.com\/TheEpochTimesTR\",\"https:\/\/www.instagram.com\/epochtimestr\"]},{\"@type\":\"Person\",\"@id\":\"https:\/\/epochtimestr.com\/#\/schema\/person\/bef9adaaadf46533210ca5eaaa548466\",\"name\":\"S.\u015eener\",\"image\":{\"@type\":\"ImageObject\",\"inLanguage\":\"tr\",\"@id\":\"https:\/\/epochtimestr.com\/#\/schema\/person\/image\/\",\"url\":\"https:\/\/secure.gravatar.com\/avatar\/17a8f6795001e76d7c247cf5e3926672?s=96&d=mm&r=g\",\"contentUrl\":\"https:\/\/secure.gravatar.com\/avatar\/17a8f6795001e76d7c247cf5e3926672?s=96&d=mm&r=g\",\"caption\":\"S.\u015eener\"},\"url\":\"https:\/\/epochtimestr.com\/index.php\/author\/semra\"}]}<\/script>\n<!-- \/ Yoast SEO plugin. -->","yoast_head_json":{"title":"Waldorf Okullar\u0131nda Nas\u0131l Bir M\u00fcfredat Uygulan\u0131yor? 4 - The Epoch Times TR","robots":{"index":"index","follow":"follow","max-snippet":"max-snippet:-1","max-image-preview":"max-image-preview:large","max-video-preview":"max-video-preview:-1"},"canonical":"https:\/\/epochtimestr.com\/index.php\/waldorf-okullarinda-nasil-bir-mufredat-uygulaniyor","og_locale":"tr_TR","og_type":"article","og_title":"Waldorf Okullar\u0131nda Nas\u0131l Bir M\u00fcfredat Uygulan\u0131yor? 4 - The Epoch Times TR","og_description":"Waldorf okullar\u0131nda \u00f6\u011frenciler konular\u0131 par\u00e7alar halinde soyut olarak de\u011fil, alg\u0131lama ve d\u00fc\u015f\u00fcnmenin bir b\u00fct\u00fcn olarak kullan\u0131ld\u0131\u011f\u0131 deneyimleri ya\u015fayarak\u00a0\u00f6\u011frenirler. Waldorf\u00a0 m\u00fcfredat\u0131 ; Entegrasyon, sanatsal yakla\u015f\u0131m, geli\u015fimsel yakla\u015f\u0131m, k\u00fclt\u00fcrel yakla\u015f\u0131m, eurythmy (uyumsal- ritimsel) yakla\u015f\u0131mdan olu\u015fur. Entegrasyon; Steiner&#8217;e g\u00f6re her \u015fey bir b\u00fct\u00fcn\u00fcn bir par\u00e7as\u0131d\u0131r. Ruhu bedenden ayr\u0131ran d\u00fc\u015f\u00fcnce zekay\u0131 bedenden ay\u0131ran d\u00fc\u015f\u00fcnce kadar tehlikelidir. &#8216;Biz zihin ve [&hellip;]","og_url":"https:\/\/epochtimestr.com\/index.php\/waldorf-okullarinda-nasil-bir-mufredat-uygulaniyor","og_site_name":"The Epoch Times TR","article_publisher":"https:\/\/www.facebook.com\/theepochtimestr","article_published_time":"2011-07-16T21:09:29+00:00","article_modified_time":"2022-12-25T17:17:46+00:00","og_image":[{"width":400,"height":267,"url":"https:\/\/epochtimestr.com\/wp-content\/uploads\/2011y\/Trier-German-Waldorf-School.jpg","type":"image\/jpeg"}],"author":"S.\u015eener","twitter_card":"summary_large_image","twitter_creator":"@TheEpochTimesTR","twitter_site":"@TheEpochTimesTR","twitter_misc":{"Yazan:":"S.\u015eener","Tahmini okuma s\u00fcresi":"3 dakika"},"schema":{"@context":"https:\/\/schema.org","@graph":[{"@type":"Article","@id":"https:\/\/epochtimestr.com\/index.php\/waldorf-okullarinda-nasil-bir-mufredat-uygulaniyor#article","isPartOf":{"@id":"https:\/\/epochtimestr.com\/index.php\/waldorf-okullarinda-nasil-bir-mufredat-uygulaniyor"},"author":{"name":"S.\u015eener","@id":"https:\/\/epochtimestr.com\/#\/schema\/person\/bef9adaaadf46533210ca5eaaa548466"},"headline":"Waldorf Okullar\u0131nda Nas\u0131l Bir M\u00fcfredat Uygulan\u0131yor? 4","datePublished":"2011-07-16T21:09:29+00:00","dateModified":"2022-12-25T17:17:46+00:00","mainEntityOfPage":{"@id":"https:\/\/epochtimestr.com\/index.php\/waldorf-okullarinda-nasil-bir-mufredat-uygulaniyor"},"wordCount":566,"commentCount":0,"publisher":{"@id":"https:\/\/epochtimestr.com\/#organization"},"image":{"@id":"https:\/\/epochtimestr.com\/index.php\/waldorf-okullarinda-nasil-bir-mufredat-uygulaniyor#primaryimage"},"thumbnailUrl":"https:\/\/epochtimestr.com\/wp-content\/uploads\/2011y\/Trier-German-Waldorf-School.jpg","articleSection":["A\u0130LE ve EG\u0130T\u0130M"],"inLanguage":"tr","potentialAction":[{"@type":"CommentAction","name":"Comment","target":["https:\/\/epochtimestr.com\/index.php\/waldorf-okullarinda-nasil-bir-mufredat-uygulaniyor#respond"]}]},{"@type":"WebPage","@id":"https:\/\/epochtimestr.com\/index.php\/waldorf-okullarinda-nasil-bir-mufredat-uygulaniyor","url":"https:\/\/epochtimestr.com\/index.php\/waldorf-okullarinda-nasil-bir-mufredat-uygulaniyor","name":"Waldorf Okullar\u0131nda Nas\u0131l Bir M\u00fcfredat Uygulan\u0131yor? 4 - The Epoch Times TR","isPartOf":{"@id":"https:\/\/epochtimestr.com\/#website"},"primaryImageOfPage":{"@id":"https:\/\/epochtimestr.com\/index.php\/waldorf-okullarinda-nasil-bir-mufredat-uygulaniyor#primaryimage"},"image":{"@id":"https:\/\/epochtimestr.com\/index.php\/waldorf-okullarinda-nasil-bir-mufredat-uygulaniyor#primaryimage"},"thumbnailUrl":"https:\/\/epochtimestr.com\/wp-content\/uploads\/2011y\/Trier-German-Waldorf-School.jpg","datePublished":"2011-07-16T21:09:29+00:00","dateModified":"2022-12-25T17:17:46+00:00","inLanguage":"tr","potentialAction":[{"@type":"ReadAction","target":["https:\/\/epochtimestr.com\/index.php\/waldorf-okullarinda-nasil-bir-mufredat-uygulaniyor"]}]},{"@type":"ImageObject","inLanguage":"tr","@id":"https:\/\/epochtimestr.com\/index.php\/waldorf-okullarinda-nasil-bir-mufredat-uygulaniyor#primaryimage","url":"https:\/\/epochtimestr.com\/wp-content\/uploads\/2011y\/Trier-German-Waldorf-School.jpg","contentUrl":"https:\/\/epochtimestr.com\/wp-content\/uploads\/2011y\/Trier-German-Waldorf-School.jpg","width":400,"height":267,"caption":"Trier German Waldorf School"},{"@type":"WebSite","@id":"https:\/\/epochtimestr.com\/#website","url":"https:\/\/epochtimestr.com\/","name":"The Epoch Times TR","description":"De\u011fi\u015fen D\u00fcnyam\u0131za Taze Bir Bak\u0131\u015f","publisher":{"@id":"https:\/\/epochtimestr.com\/#organization"},"potentialAction":[{"@type":"SearchAction","target":{"@type":"EntryPoint","urlTemplate":"https:\/\/epochtimestr.com\/?s={search_term_string}"},"query-input":"required name=search_term_string"}],"inLanguage":"tr"},{"@type":"Organization","@id":"https:\/\/epochtimestr.com\/#organization","name":"The EpochTimes T\u00fcrkiye","url":"https:\/\/epochtimestr.com\/","logo":{"@type":"ImageObject","inLanguage":"tr","@id":"https:\/\/epochtimestr.com\/#\/schema\/logo\/image\/","url":"https:\/\/epochtimestr.com\/wp-content\/uploads\/2011y\/ET-Logo-YG.jpg","contentUrl":"https:\/\/epochtimestr.com\/wp-content\/uploads\/2011y\/ET-Logo-YG.jpg","width":346,"height":29,"caption":"The EpochTimes T\u00fcrkiye"},"image":{"@id":"https:\/\/epochtimestr.com\/#\/schema\/logo\/image\/"},"sameAs":["https:\/\/www.facebook.com\/theepochtimestr","https:\/\/x.com\/TheEpochTimesTR","https:\/\/www.instagram.com\/epochtimestr"]},{"@type":"Person","@id":"https:\/\/epochtimestr.com\/#\/schema\/person\/bef9adaaadf46533210ca5eaaa548466","name":"S.\u015eener","image":{"@type":"ImageObject","inLanguage":"tr","@id":"https:\/\/epochtimestr.com\/#\/schema\/person\/image\/","url":"https:\/\/secure.gravatar.com\/avatar\/17a8f6795001e76d7c247cf5e3926672?s=96&d=mm&r=g","contentUrl":"https:\/\/secure.gravatar.com\/avatar\/17a8f6795001e76d7c247cf5e3926672?s=96&d=mm&r=g","caption":"S.\u015eener"},"url":"https:\/\/epochtimestr.com\/index.php\/author\/semra"}]}},"_links":{"self":[{"href":"https:\/\/epochtimestr.com\/index.php\/wp-json\/wp\/v2\/posts\/43593"}],"collection":[{"href":"https:\/\/epochtimestr.com\/index.php\/wp-json\/wp\/v2\/posts"}],"about":[{"href":"https:\/\/epochtimestr.com\/index.php\/wp-json\/wp\/v2\/types\/post"}],"author":[{"embeddable":true,"href":"https:\/\/epochtimestr.com\/index.php\/wp-json\/wp\/v2\/users\/14"}],"replies":[{"embeddable":true,"href":"https:\/\/epochtimestr.com\/index.php\/wp-json\/wp\/v2\/comments?post=43593"}],"version-history":[{"count":13,"href":"https:\/\/epochtimestr.com\/index.php\/wp-json\/wp\/v2\/posts\/43593\/revisions"}],"predecessor-version":[{"id":141560,"href":"https:\/\/epochtimestr.com\/index.php\/wp-json\/wp\/v2\/posts\/43593\/revisions\/141560"}],"wp:featuredmedia":[{"embeddable":true,"href":"https:\/\/epochtimestr.com\/index.php\/wp-json\/wp\/v2\/media\/65598"}],"wp:attachment":[{"href":"https:\/\/epochtimestr.com\/index.php\/wp-json\/wp\/v2\/media?parent=43593"}],"wp:term":[{"taxonomy":"category","embeddable":true,"href":"https:\/\/epochtimestr.com\/index.php\/wp-json\/wp\/v2\/categories?post=43593"},{"taxonomy":"post_tag","embeddable":true,"href":"https:\/\/epochtimestr.com\/index.php\/wp-json\/wp\/v2\/tags?post=43593"}],"curies":[{"name":"wp","href":"https:\/\/api.w.org\/{rel}","templated":true}]}}