{"id":44299,"date":"2011-07-29T23:45:18","date_gmt":"2011-07-29T20:45:18","guid":{"rendered":"http:\/\/www.epochtimestr.com\/?p=44299"},"modified":"2013-03-29T10:37:53","modified_gmt":"2013-03-29T07:37:53","slug":"cindeki-iskencelere-karsi-miting-duzenlendi","status":"publish","type":"post","link":"https:\/\/epochtimestr.com\/index.php\/cindeki-iskencelere-karsi-miting-duzenlendi","title":{"rendered":"\u00c7in&#8217;deki \u0130\u015fkencelere Kar\u015f\u0131 Washington&#8217;da Miting D\u00fczenlendi"},"content":{"rendered":"<figure id=\"attachment_44300\" aria-describedby=\"caption-attachment-44300\" style=\"width: 300px\" class=\"wp-caption alignleft\"><a href=\"http:\/\/www.epochtimestr.com\/index.php\/cindeki-iskencelere-karsi-miting-duzenlendi\/575_0_1_0_16777215_0_stories_large_2011_07_19__ma_4561bg_revs\/\" rel=\"attachment wp-att-44300\"><img loading=\"lazy\" decoding=\"async\" class=\"size-medium wp-image-44300\" alt=\"\" src=\"http:\/\/www.epochtimestr.com\/wp-content\/uploads\/2011y\/575_0_1_0_16777215_0_stories_large_2011_07_19__MA_4561BG_revS-300x154.jpg\" width=\"300\" height=\"154\" srcset=\"https:\/\/epochtimestr.com\/wp-content\/uploads\/2011y\/575_0_1_0_16777215_0_stories_large_2011_07_19__MA_4561BG_revS-300x154.jpg 300w, https:\/\/epochtimestr.com\/wp-content\/uploads\/2011y\/575_0_1_0_16777215_0_stories_large_2011_07_19__MA_4561BG_revS.jpg 575w\" sizes=\"(max-width: 300px) 100vw, 300px\" \/><\/a><figcaption id=\"caption-attachment-44300\" class=\"wp-caption-text\">14 Temmuz\u2019da Washington\u2019daki Parlamento binas\u0131 \u00f6n\u00fcnde Falun Gong&#8217;a yap\u0131lan zulm\u00fcn 12. y\u0131l an\u0131s\u0131na miting d\u00fczenlendi (Alex Ma\/The Epoch Times)<\/figcaption><\/figure>\n<p style=\"text-align: justify;\">WASHINGTON\u2014D\u00fcnyan\u0131n d\u00f6rt bir yan\u0131ndan gelen Falun Gong uygulay\u0131c\u0131lar\u0131 ve arkada\u015flar\u0131 14 Temmuz\u2019da Washington D.C.\u2019de Falun Gong\u2019a yap\u0131lan 12 y\u0131ll\u0131k i\u015fkencenin sona ermesi umuduyla bir miting d\u00fczenledi.<\/p>\n<p style=\"text-align: justify;\">Mitingden bir g\u00fcn \u00f6nce, Senat\u00f6r Menendez ve Coburn ABD senatosuna bir \u00f6nerge sundu. Bu, \u00a0\u00c7in Kom\u00fcnist Partisi\u2019ne (\u00c7KP) kar\u015f\u0131 b\u00fcy\u00fcyen hareketi ilk kez tan\u0131yan kongre \u00f6nergesi oldu.<\/p>\n<p style=\"text-align: justify;\">Kongre \u00fcyesi Ileana Ros-Lehtinen, Parlemanto binas\u0131 \u00f6n\u00fcnde yapt\u0131\u011f\u0131 konu\u015fmada Pekin&#8217;deki \u00c7inli y\u00f6neticileri a\u011f\u0131r dille ele\u015ftirdi. Ortado\u011fu&#8217;da \u00e7\u0131kan ayaklanmalardan korkan \u00c7in devletinin, \u00a0\u015eubat ay\u0131ndan bu yana, \u00c7in\u2019de internet kullan\u0131c\u0131lar\u0131na, gazetecilere, insan haklar\u0131 savunucular\u0131na ve Falun Gong uygulay\u0131c\u0131lar\u0131na uygulanan bask\u0131y\u0131 daha da art\u0131rd\u0131\u011f\u0131n\u0131 dile getirdi.<\/p>\n<figure id=\"attachment_44301\" aria-describedby=\"caption-attachment-44301\" style=\"width: 150px\" class=\"wp-caption alignleft\"><a href=\"http:\/\/www.epochtimestr.com\/index.php\/cindeki-iskencelere-karsi-miting-duzenlendi\/350_0_1_0_16777215_0_stories_large_2011_07_14_2nd_photo_front_dc-rally-18\/\" rel=\"attachment wp-att-44301\"><img loading=\"lazy\" decoding=\"async\" class=\"size-thumbnail wp-image-44301 \" alt=\"\" src=\"http:\/\/www.epochtimestr.com\/wp-content\/uploads\/2011y\/350_0_1_0_16777215_0_stories_large_2011_07_14_2ND_PHOTO_FRONT_DC-Rally-18-150x150.jpg\" width=\"150\" height=\"150\" srcset=\"https:\/\/epochtimestr.com\/wp-content\/uploads\/2011y\/350_0_1_0_16777215_0_stories_large_2011_07_14_2ND_PHOTO_FRONT_DC-Rally-18-150x150.jpg 150w, https:\/\/epochtimestr.com\/wp-content\/uploads\/2011y\/350_0_1_0_16777215_0_stories_large_2011_07_14_2ND_PHOTO_FRONT_DC-Rally-18-100x100.jpg 100w, https:\/\/epochtimestr.com\/wp-content\/uploads\/2011y\/350_0_1_0_16777215_0_stories_large_2011_07_14_2ND_PHOTO_FRONT_DC-Rally-18-50x50.jpg 50w\" sizes=\"(max-width: 150px) 100vw, 150px\" \/><\/a><figcaption id=\"caption-attachment-44301\" class=\"wp-caption-text\">ABD Kongre \u00dcyesi Ileana Ros-Lehtinen<\/figcaption><\/figure>\n<p style=\"text-align: justify;\">\u201cPekin&#8217;deki paranoyak devlet liderleri, Yasemin Devrimi ile bir ba\u011flant\u0131s\u0131 olaca\u011f\u0131ndan korkarak, \u2018Yasemin \u00c7i\u00e7e\u011fi&#8217; adl\u0131 geleneksel \u00c7in halk \u015fark\u0131s\u0131n\u0131 bile yasaklad\u0131&#8221; dedi.<\/p>\n<p style=\"text-align: justify;\">Kongre \u00fcyesi Chris Smith, \u201cNobel Bar\u0131\u015f \u00d6d\u00fcl\u00fc sahibi bir Ba\u015fkan ge\u00e7en Ocak ay\u0131nda Hu Jintao buradayken insan haklar\u0131ndan bir kere bile bahsetmedi\u201d diyerek y\u00f6netime \u00f6zellikle ABD Ba\u015fkan\u2019\u0131na sitem etti.<\/p>\n<p style=\"text-align: justify;\">Smith, ayn\u0131 zamanda ABD D\u0131\u015fi\u015fleri Bakan\u0131 Hillary Clinton\u2019\u0131 da bu konuda sert tav\u0131r almad\u0131\u011f\u0131 i\u00e7in ele\u015ftirdi. \u00a0\u0130nsanlar sadece inan\u00e7lar\u0131 y\u00fcz\u00fcnden, Falun Gong uygulay\u0131c\u0131s\u0131 olduklar\u0131 i\u00e7in i\u015fkence ile \u00f6ld\u00fcr\u00fcl\u00fcyor dedi. \u00a0Kongre \u00fcyesi ABD y\u00f6neticilerine sitem etti. Cumhuriyet\u00e7i \u00fcye, Obama\u2019dan \u00f6nceki Ba\u015fkan George W. Bush\u2019u da \u00c7in\u2019deki insan haklar\u0131 konusunda \u00e7ekimser kald\u0131\u011f\u0131 i\u00e7in ele\u015ftirdi.<\/p>\n<p style=\"text-align: justify;\">Smith, insan haklar\u0131 ihlalleri yapan herhangi bir \u00c7in yetkilisinin Amerika Birle\u015fik Devletleri\u2019ne giri\u015f i\u00e7in vize almas\u0131n\u0131 engelleyecek bir yasa tasar\u0131s\u0131 sundu\u011funu bildirdi.<\/p>\n<figure id=\"attachment_44304\" aria-describedby=\"caption-attachment-44304\" style=\"width: 150px\" class=\"wp-caption alignleft\"><a href=\"http:\/\/www.epochtimestr.com\/index.php\/cindeki-iskencelere-karsi-miting-duzenlendi\/350_0_1_0_16777215_0_stories_large_2011_07_18_3__mg_7299bg_revs\/\" rel=\"attachment wp-att-44304\"><img loading=\"lazy\" decoding=\"async\" class=\"size-thumbnail wp-image-44304\" alt=\"\" src=\"http:\/\/www.epochtimestr.com\/wp-content\/uploads\/2011y\/350_0_1_0_16777215_0_stories_large_2011_07_18_3__MG_7299BG_revS-150x150.jpg\" width=\"150\" height=\"150\" srcset=\"https:\/\/epochtimestr.com\/wp-content\/uploads\/2011y\/350_0_1_0_16777215_0_stories_large_2011_07_18_3__MG_7299BG_revS-150x150.jpg 150w, https:\/\/epochtimestr.com\/wp-content\/uploads\/2011y\/350_0_1_0_16777215_0_stories_large_2011_07_18_3__MG_7299BG_revS-100x100.jpg 100w, https:\/\/epochtimestr.com\/wp-content\/uploads\/2011y\/350_0_1_0_16777215_0_stories_large_2011_07_18_3__MG_7299BG_revS-50x50.jpg 50w\" sizes=\"(max-width: 150px) 100vw, 150px\" \/><\/a><figcaption id=\"caption-attachment-44304\" class=\"wp-caption-text\">ABD Kongre \u00dcyesi Chris Smith<\/figcaption><\/figure>\n<p style=\"text-align: justify;\">Kongre \u00fcyesi Dana Rohrabacher, kom\u00fcnist \u00c7in ile i\u015f yapanlar\u0131 hedef alarak &#8220;\u00c7in&#8217;e giden Amerikal\u0131 i\u015f adamlar\u0131na sesleniyorum. Bir canavar rejim ile i\u015f birli\u011fi yap\u0131yorsunuz\u201d dedi. Rohrabacher &#8220;Bu i\u015fbirli\u011fi Amerikan halk\u0131n\u0131n de\u011ferlerini yans\u0131tmamaktad\u0131r ve bu i\u015fbirli\u011fini yapanlar ikramiye toplarken, burada fabrikalar kapat\u0131l\u0131yor. \u00c7in\u2019de kurulan fabrikalar bizim inand\u0131\u011f\u0131m\u0131zdan farkl\u0131 olarak sendikal haklara izin vermiyor. B\u00fcy\u00fck i\u015fletmeler i\u00e7in k\u0131sa vadeli kardan daha \u00f6nemli \u015feyler oldu\u011funu g\u00f6rmemiz gerekir&#8221; dedi.<\/p>\n<p style=\"text-align: justify;\">Rohrabacher \u201c\u00c7in&#8217;de \u2018\u015feytani g\u00fcc\u00fcn\u2019 devam etmesine izin veriliyor ve engellenmiyor, bu \u015feytani g\u00fc\u00e7 sonunda Amerika Birle\u015fik Devletleri halk\u0131n\u0131 da olumsuz etkileyecek\u201d diyerek uyarmaya \u00e7al\u0131\u015ft\u0131. Rohrabacher, \u00c7in&#8217;in vah\u015fi rejimi konusunda Amerikan halk\u0131n\u0131 uyand\u0131rd\u0131klar\u0131 i\u00e7in Falun Gong uygulay\u0131c\u0131lar\u0131na te\u015fekk\u00fcr etti. &#8220;\u0130nsanlar sizi dikkate almaz ise, bu d\u00fcnyan\u0131n iyili\u011fi i\u00e7in inan\u0131lmaz bir g\u00fc\u00e7 kaybetmi\u015f olaca\u011f\u0131z&#8221; dedi.<\/p>\n<p style=\"text-align: justify;\">Uygulay\u0131c\u0131lar\u0131n \u00c7KP\u2019ye kar\u015f\u0131 m\u00fccadelesine destek olan ABD Kongresi \u00fcye say\u0131s\u0131 son y\u0131llarda giderek artmakta. Kongre \u00fcyesi Sam Farr dokunakl\u0131 dayan\u0131\u015fma \u00e7a\u011fr\u0131s\u0131 yaparak &#8220;Do\u011frulu\u011fu konu\u015fanlar, merhamet g\u00f6sterenler ve ho\u015fg\u00f6r\u00fcy\u00fc anlayanlar, zul\u00fcm de\u011fil, sayg\u0131 g\u00f6rmeli&#8221; dedi.<\/p>\n<p style=\"text-align: justify;\">Kongre \u00fcyesi Gus Bilirakis, Falun Dafa ile dayan\u0131\u015fmay\u0131 ifade ederek &#8220;Ben de yan\u0131n\u0131zda duruyorum ve do\u011fruluk, merhamet ve ho\u015fg\u00f6r\u00fc ilkelerini payla\u015f\u0131yorum&#8221; dedi.<\/p>\n<p style=\"text-align: justify;\">Kongre \u00fcyesi John Garamendi\u2019nin mesaj\u0131, yard\u0131mc\u0131s\u0131 Charles Dambach taraf\u0131ndan mitingde okundu. \u201cUygulay\u0131c\u0131lar\u0131n hayat hikayelerini duydum ve bizzat ac\u0131, eziyet, zorla ayr\u0131l\u0131k ve hatta \u00f6l\u00fcm dolu ger\u00e7ek ya\u015fam hikayelerinden \u00e7ok etkilendim&#8221; dedi.<\/p>\n<p style=\"text-align: justify;\">Yo\u011fun program sebebiyle bir\u00e7ok senat\u00f6r ve kongre \u00fcyesi mitinge kat\u0131lamad\u0131 ancak bildirilerini yay\u0131nlad\u0131.<\/p>\n<p style=\"text-align: justify;\"><strong>\u00c7in\u2019in Ay\u0131b\u0131<\/strong><\/p>\n<p style=\"text-align: justify;\">ABD Uluslararas\u0131 Din \u00d6zg\u00fcrl\u00fc\u011f\u00fc Komisyonu Direkt\u00f6r Yard\u0131mc\u0131s\u0131 Dr. Scott Flipse &#8220;Kendi halk\u0131na zul\u00fcm bitene kadar \u00c7in\u2019i g\u00fcvenilir bir g\u00fc\u00e7 olarak g\u00f6rmek zordur&#8221; dedi. Flipse \u201cZul\u00fcm, i\u015fkence, ve Falun Gong\u2019un yok edilmesi giri\u015fimleri bir g\u00fcn \u2018\u00c7in tarihinin bir ay\u0131b\u0131\u2019 olacakt\u0131r&#8221; dedi. En \u00fcst d\u00fczey Amerikan h\u00fck\u00fcmet yetkililerini Falun Gong sorununu \u00c7inli yetkililer ile g\u00f6r\u00fc\u015fmeye \u00e7a\u011f\u0131rd\u0131. \u201cABD\u2019nin d\u00fcnyan\u0131n di\u011fer \u00fclkelerini \u00c7in\u2019deki de\u011fi\u015fim i\u00e7in harekete ge\u00e7irmesi gerekiyor\u201d dedi.<\/p>\n<p style=\"text-align: justify;\"><strong>\u00d6zg\u00fcrl\u00fck \u0130\u00e7in Falun Gong \u00d6n Cephede<\/strong><\/p>\n<p style=\"text-align: justify;\">\u00c7in&#8217;deki \u00f6zg\u00fcrl\u00fck aray\u0131\u015f\u0131nda Falun Gong uygulay\u0131c\u0131lar\u0131n\u0131n \u00f6nemli rol\u00fc mitingde devaml\u0131 g\u00fcndeme getirildi. Savunma Forumu Vakf\u0131 Ba\u015fkan\u0131 Suzanne Scholte \u201cFalun Gong uygulay\u0131c\u0131lar\u0131n\u0131n, \u00c7in&#8217;de insan haklar\u0131 i\u00e7in \u00f6n cephede sava\u015fmakta oldu\u011funun fark\u0131nday\u0131m. Bu sava\u015f onlar\u0131n tercihi de\u011fil elbet. Onlara zorla dayat\u0131ld\u0131&#8221; dedi.<\/p>\n<p style=\"text-align: justify;\">Falun Gong uygulay\u0131c\u0131lar\u0131 en ciddi hedef olmas\u0131na ra\u011fmen, Gunawardena Vaughn\u00a0 \u201c\u00c7KP, \u00c7in&#8217;de Falun Gong uygulay\u0131c\u0131lar\u0131na yap\u0131lan a\u015f\u0131r\u0131 bask\u0131y\u0131 insan haklar\u0131 avukatlar\u0131na ve savunucular\u0131na ve di\u011fer etnik ve dini az\u0131nl\u0131klara uygulamaya ba\u015flad\u0131\u201d dedi.<\/p>\n<p style=\"text-align: justify;\">ABD\u00a0 Uluslararas\u0131 Af \u00d6rg\u00fct\u00fcn\u00fcn direkt\u00f6r\u00fc T. Kumar, \u00c7in&#8217;de \u00f6ld\u00fcr\u00fclen bir\u00e7ok Falun Gong uygulay\u0131c\u0131s\u0131n\u0131n belgelenmi\u015f oldu\u011funu s\u00f6yledi. Ba\u015fkan Obama\u2019n\u0131n sessiz kalmamas\u0131 gerekti\u011fini bildirdi.<\/p>\n<p style=\"text-align: justify;\"><strong>Tuidang \u2013 Partiden \u0130stifa<\/strong><\/p>\n<p style=\"text-align: justify;\">Kom\u00fcnist rejimin Falun Gong\u2019dan korkmas\u0131n\u0131n bir di\u011fer nedeni, Falun Gong uygulay\u0131c\u0131lar\u0131 taraf\u0131ndan ba\u015flat\u0131lan Tuidang hareketidir. &#8220;Tuidang&#8221; \u00c7KP veya ona ba\u011fl\u0131 gen\u00e7lik \u00f6rg\u00fctleri, Gen\u00e7 \u00d6nc\u00fcler ve Kom\u00fcnist Gen\u00e7lik Birli\u011fi \u00fcyeliklerinden \u00e7ekilme ya da vazge\u00e7mek anlam\u0131na geliyor.<\/p>\n<p style=\"text-align: justify;\">Kas\u0131m 2004\u2019te The Epoch Times\u2019da yay\u0131mlanan &#8220;Kom\u00fcnist Parti \u00dczerine Dokuz Yorum&#8221; adl\u0131 yaz\u0131 dizisi ile hareket daha da ivme kazand\u0131. Bu yaz\u0131 dizisi partinin \u015fiddet dolu ve d\u00fczenbaz ge\u00e7mi\u015fini sans\u00fcrs\u00fcz bir \u015fekilde a\u00e7\u0131klamaktad\u0131r.<\/p>\n","protected":false},"excerpt":{"rendered":"<p>WASHINGTON\u2014D\u00fcnyan\u0131n d\u00f6rt bir yan\u0131ndan gelen Falun Gong uygulay\u0131c\u0131lar\u0131 ve arkada\u015flar\u0131 14 Temmuz\u2019da Washington D.C.\u2019de Falun Gong\u2019a yap\u0131lan 12 y\u0131ll\u0131k i\u015fkencenin sona ermesi umuduyla bir miting d\u00fczenledi. Mitingden bir g\u00fcn \u00f6nce, Senat\u00f6r Menendez ve Coburn ABD senatosuna bir \u00f6nerge sundu. Bu, \u00a0\u00c7in Kom\u00fcnist Partisi\u2019ne (\u00c7KP) kar\u015f\u0131 b\u00fcy\u00fcyen hareketi ilk kez tan\u0131yan kongre \u00f6nergesi oldu. Kongre \u00fcyesi [&hellip;]<\/p>\n","protected":false},"author":25,"featured_media":0,"comment_status":"open","ping_status":"open","sticky":false,"template":"","format":"standard","meta":{"_yoast_wpseo_focuskw":"","_yoast_wpseo_title":"","_yoast_wpseo_metadesc":"","_bbp_topic_count":0,"_bbp_reply_count":0,"_bbp_total_topic_count":0,"_bbp_total_reply_count":0,"_bbp_voice_count":0,"_bbp_anonymous_reply_count":0,"_bbp_topic_count_hidden":0,"_bbp_reply_count_hidden":0,"_bbp_forum_subforum_count":0,"footnotes":"","_yoast_wpseo_focuskw_text_input":""},"categories":[8,35,519],"tags":[1372,2463,2293,260,2464],"yoast_head":"<!-- This site is optimized with the Yoast SEO plugin v23.0 - https:\/\/yoast.com\/wordpress\/plugins\/seo\/ -->\n<title>\u00c7in&#039;deki \u0130\u015fkencelere Kar\u015f\u0131 Washington&#039;da Miting D\u00fczenlendi - The Epoch Times TR<\/title>\n<meta name=\"robots\" content=\"index, follow, max-snippet:-1, max-image-preview:large, max-video-preview:-1\" \/>\n<link rel=\"canonical\" href=\"https:\/\/epochtimestr.com\/index.php\/cindeki-iskencelere-karsi-miting-duzenlendi\" \/>\n<meta property=\"og:locale\" content=\"tr_TR\" \/>\n<meta property=\"og:type\" content=\"article\" \/>\n<meta property=\"og:title\" content=\"\u00c7in&#039;deki \u0130\u015fkencelere Kar\u015f\u0131 Washington&#039;da Miting D\u00fczenlendi - The Epoch Times TR\" \/>\n<meta property=\"og:description\" content=\"WASHINGTON\u2014D\u00fcnyan\u0131n d\u00f6rt bir yan\u0131ndan gelen Falun Gong uygulay\u0131c\u0131lar\u0131 ve arkada\u015flar\u0131 14 Temmuz\u2019da Washington D.C.\u2019de Falun Gong\u2019a yap\u0131lan 12 y\u0131ll\u0131k i\u015fkencenin sona ermesi umuduyla bir miting d\u00fczenledi. Mitingden bir g\u00fcn \u00f6nce, Senat\u00f6r Menendez ve Coburn ABD senatosuna bir \u00f6nerge sundu. Bu, \u00a0\u00c7in Kom\u00fcnist Partisi\u2019ne (\u00c7KP) kar\u015f\u0131 b\u00fcy\u00fcyen hareketi ilk kez tan\u0131yan kongre \u00f6nergesi oldu. Kongre \u00fcyesi [&hellip;]\" \/>\n<meta property=\"og:url\" content=\"https:\/\/epochtimestr.com\/index.php\/cindeki-iskencelere-karsi-miting-duzenlendi\" \/>\n<meta property=\"og:site_name\" content=\"The Epoch Times TR\" \/>\n<meta property=\"article:publisher\" content=\"https:\/\/www.facebook.com\/theepochtimestr\" \/>\n<meta property=\"article:published_time\" content=\"2011-07-29T20:45:18+00:00\" \/>\n<meta property=\"article:modified_time\" content=\"2013-03-29T07:37:53+00:00\" \/>\n<meta property=\"og:image\" content=\"http:\/\/www.epochtimestr.com\/wp-content\/uploads\/2011y\/575_0_1_0_16777215_0_stories_large_2011_07_19__MA_4561BG_revS-300x154.jpg\" \/>\n<meta name=\"author\" content=\"Emel AKAN\" \/>\n<meta name=\"twitter:card\" content=\"summary_large_image\" \/>\n<meta name=\"twitter:creator\" content=\"@TheEpochTimesTR\" \/>\n<meta name=\"twitter:site\" content=\"@TheEpochTimesTR\" \/>\n<meta name=\"twitter:label1\" content=\"Yazan:\" \/>\n\t<meta name=\"twitter:data1\" content=\"Emel AKAN\" \/>\n\t<meta name=\"twitter:label2\" content=\"Tahmini okuma s\u00fcresi\" \/>\n\t<meta name=\"twitter:data2\" content=\"5 dakika\" \/>\n<script type=\"application\/ld+json\" class=\"yoast-schema-graph\">{\"@context\":\"https:\/\/schema.org\",\"@graph\":[{\"@type\":\"Article\",\"@id\":\"https:\/\/epochtimestr.com\/index.php\/cindeki-iskencelere-karsi-miting-duzenlendi#article\",\"isPartOf\":{\"@id\":\"https:\/\/epochtimestr.com\/index.php\/cindeki-iskencelere-karsi-miting-duzenlendi\"},\"author\":{\"name\":\"Emel AKAN\",\"@id\":\"https:\/\/epochtimestr.com\/#\/schema\/person\/6eb643244a30e5bc1e3f24bb56910e83\"},\"headline\":\"\u00c7in&#8217;deki \u0130\u015fkencelere Kar\u015f\u0131 Washington&#8217;da Miting D\u00fczenlendi\",\"datePublished\":\"2011-07-29T20:45:18+00:00\",\"dateModified\":\"2013-03-29T07:37:53+00:00\",\"mainEntityOfPage\":{\"@id\":\"https:\/\/epochtimestr.com\/index.php\/cindeki-iskencelere-karsi-miting-duzenlendi\"},\"wordCount\":1034,\"commentCount\":0,\"publisher\":{\"@id\":\"https:\/\/epochtimestr.com\/#organization\"},\"image\":{\"@id\":\"https:\/\/epochtimestr.com\/index.php\/cindeki-iskencelere-karsi-miting-duzenlendi#primaryimage\"},\"thumbnailUrl\":\"http:\/\/www.epochtimestr.com\/wp-content\/uploads\/2011y\/575_0_1_0_16777215_0_stories_large_2011_07_19__MA_4561BG_revS-300x154.jpg\",\"keywords\":[\"\u00c7in i\u015fkence\",\"\u00e7in sans\u00fcr\",\"Falun Gong i\u015fkence\",\"\u0130nternet sans\u00fcr\u00fc\",\"ortado\u011fuda ayaklanma\"],\"articleSection\":[\"\u00c7\u0130N\",\"\u00c7in'de \u0130nsan Haklar\u0131\",\"ED\u0130T\u00d6R\u00dcN SE\u00c7\u0130M\u0130\"],\"inLanguage\":\"tr\",\"potentialAction\":[{\"@type\":\"CommentAction\",\"name\":\"Comment\",\"target\":[\"https:\/\/epochtimestr.com\/index.php\/cindeki-iskencelere-karsi-miting-duzenlendi#respond\"]}]},{\"@type\":\"WebPage\",\"@id\":\"https:\/\/epochtimestr.com\/index.php\/cindeki-iskencelere-karsi-miting-duzenlendi\",\"url\":\"https:\/\/epochtimestr.com\/index.php\/cindeki-iskencelere-karsi-miting-duzenlendi\",\"name\":\"\u00c7in'deki \u0130\u015fkencelere Kar\u015f\u0131 Washington'da Miting D\u00fczenlendi - The Epoch Times TR\",\"isPartOf\":{\"@id\":\"https:\/\/epochtimestr.com\/#website\"},\"primaryImageOfPage\":{\"@id\":\"https:\/\/epochtimestr.com\/index.php\/cindeki-iskencelere-karsi-miting-duzenlendi#primaryimage\"},\"image\":{\"@id\":\"https:\/\/epochtimestr.com\/index.php\/cindeki-iskencelere-karsi-miting-duzenlendi#primaryimage\"},\"thumbnailUrl\":\"http:\/\/www.epochtimestr.com\/wp-content\/uploads\/2011y\/575_0_1_0_16777215_0_stories_large_2011_07_19__MA_4561BG_revS-300x154.jpg\",\"datePublished\":\"2011-07-29T20:45:18+00:00\",\"dateModified\":\"2013-03-29T07:37:53+00:00\",\"inLanguage\":\"tr\",\"potentialAction\":[{\"@type\":\"ReadAction\",\"target\":[\"https:\/\/epochtimestr.com\/index.php\/cindeki-iskencelere-karsi-miting-duzenlendi\"]}]},{\"@type\":\"ImageObject\",\"inLanguage\":\"tr\",\"@id\":\"https:\/\/epochtimestr.com\/index.php\/cindeki-iskencelere-karsi-miting-duzenlendi#primaryimage\",\"url\":\"http:\/\/www.epochtimestr.com\/wp-content\/uploads\/2011y\/575_0_1_0_16777215_0_stories_large_2011_07_19__MA_4561BG_revS-300x154.jpg\",\"contentUrl\":\"http:\/\/www.epochtimestr.com\/wp-content\/uploads\/2011y\/575_0_1_0_16777215_0_stories_large_2011_07_19__MA_4561BG_revS-300x154.jpg\"},{\"@type\":\"WebSite\",\"@id\":\"https:\/\/epochtimestr.com\/#website\",\"url\":\"https:\/\/epochtimestr.com\/\",\"name\":\"The Epoch Times TR\",\"description\":\"De\u011fi\u015fen D\u00fcnyam\u0131za Taze Bir Bak\u0131\u015f\",\"publisher\":{\"@id\":\"https:\/\/epochtimestr.com\/#organization\"},\"potentialAction\":[{\"@type\":\"SearchAction\",\"target\":{\"@type\":\"EntryPoint\",\"urlTemplate\":\"https:\/\/epochtimestr.com\/?s={search_term_string}\"},\"query-input\":\"required name=search_term_string\"}],\"inLanguage\":\"tr\"},{\"@type\":\"Organization\",\"@id\":\"https:\/\/epochtimestr.com\/#organization\",\"name\":\"The EpochTimes T\u00fcrkiye\",\"url\":\"https:\/\/epochtimestr.com\/\",\"logo\":{\"@type\":\"ImageObject\",\"inLanguage\":\"tr\",\"@id\":\"https:\/\/epochtimestr.com\/#\/schema\/logo\/image\/\",\"url\":\"https:\/\/epochtimestr.com\/wp-content\/uploads\/2011y\/ET-Logo-YG.jpg\",\"contentUrl\":\"https:\/\/epochtimestr.com\/wp-content\/uploads\/2011y\/ET-Logo-YG.jpg\",\"width\":346,\"height\":29,\"caption\":\"The EpochTimes T\u00fcrkiye\"},\"image\":{\"@id\":\"https:\/\/epochtimestr.com\/#\/schema\/logo\/image\/\"},\"sameAs\":[\"https:\/\/www.facebook.com\/theepochtimestr\",\"https:\/\/x.com\/TheEpochTimesTR\",\"https:\/\/www.instagram.com\/epochtimestr\"]},{\"@type\":\"Person\",\"@id\":\"https:\/\/epochtimestr.com\/#\/schema\/person\/6eb643244a30e5bc1e3f24bb56910e83\",\"name\":\"Emel AKAN\",\"image\":{\"@type\":\"ImageObject\",\"inLanguage\":\"tr\",\"@id\":\"https:\/\/epochtimestr.com\/#\/schema\/person\/image\/\",\"url\":\"https:\/\/secure.gravatar.com\/avatar\/390e1c5fc574e7ba54694d0be151ec60?s=96&d=mm&r=g\",\"contentUrl\":\"https:\/\/secure.gravatar.com\/avatar\/390e1c5fc574e7ba54694d0be151ec60?s=96&d=mm&r=g\",\"caption\":\"Emel AKAN\"},\"url\":\"https:\/\/epochtimestr.com\/index.php\/author\/emel\"}]}<\/script>\n<!-- \/ Yoast SEO plugin. -->","yoast_head_json":{"title":"\u00c7in'deki \u0130\u015fkencelere Kar\u015f\u0131 Washington'da Miting D\u00fczenlendi - The Epoch Times TR","robots":{"index":"index","follow":"follow","max-snippet":"max-snippet:-1","max-image-preview":"max-image-preview:large","max-video-preview":"max-video-preview:-1"},"canonical":"https:\/\/epochtimestr.com\/index.php\/cindeki-iskencelere-karsi-miting-duzenlendi","og_locale":"tr_TR","og_type":"article","og_title":"\u00c7in'deki \u0130\u015fkencelere Kar\u015f\u0131 Washington'da Miting D\u00fczenlendi - The Epoch Times TR","og_description":"WASHINGTON\u2014D\u00fcnyan\u0131n d\u00f6rt bir yan\u0131ndan gelen Falun Gong uygulay\u0131c\u0131lar\u0131 ve arkada\u015flar\u0131 14 Temmuz\u2019da Washington D.C.\u2019de Falun Gong\u2019a yap\u0131lan 12 y\u0131ll\u0131k i\u015fkencenin sona ermesi umuduyla bir miting d\u00fczenledi. Mitingden bir g\u00fcn \u00f6nce, Senat\u00f6r Menendez ve Coburn ABD senatosuna bir \u00f6nerge sundu. Bu, \u00a0\u00c7in Kom\u00fcnist Partisi\u2019ne (\u00c7KP) kar\u015f\u0131 b\u00fcy\u00fcyen hareketi ilk kez tan\u0131yan kongre \u00f6nergesi oldu. Kongre \u00fcyesi [&hellip;]","og_url":"https:\/\/epochtimestr.com\/index.php\/cindeki-iskencelere-karsi-miting-duzenlendi","og_site_name":"The Epoch Times TR","article_publisher":"https:\/\/www.facebook.com\/theepochtimestr","article_published_time":"2011-07-29T20:45:18+00:00","article_modified_time":"2013-03-29T07:37:53+00:00","og_image":[{"url":"http:\/\/www.epochtimestr.com\/wp-content\/uploads\/2011y\/575_0_1_0_16777215_0_stories_large_2011_07_19__MA_4561BG_revS-300x154.jpg"}],"author":"Emel AKAN","twitter_card":"summary_large_image","twitter_creator":"@TheEpochTimesTR","twitter_site":"@TheEpochTimesTR","twitter_misc":{"Yazan:":"Emel AKAN","Tahmini okuma s\u00fcresi":"5 dakika"},"schema":{"@context":"https:\/\/schema.org","@graph":[{"@type":"Article","@id":"https:\/\/epochtimestr.com\/index.php\/cindeki-iskencelere-karsi-miting-duzenlendi#article","isPartOf":{"@id":"https:\/\/epochtimestr.com\/index.php\/cindeki-iskencelere-karsi-miting-duzenlendi"},"author":{"name":"Emel AKAN","@id":"https:\/\/epochtimestr.com\/#\/schema\/person\/6eb643244a30e5bc1e3f24bb56910e83"},"headline":"\u00c7in&#8217;deki \u0130\u015fkencelere Kar\u015f\u0131 Washington&#8217;da Miting D\u00fczenlendi","datePublished":"2011-07-29T20:45:18+00:00","dateModified":"2013-03-29T07:37:53+00:00","mainEntityOfPage":{"@id":"https:\/\/epochtimestr.com\/index.php\/cindeki-iskencelere-karsi-miting-duzenlendi"},"wordCount":1034,"commentCount":0,"publisher":{"@id":"https:\/\/epochtimestr.com\/#organization"},"image":{"@id":"https:\/\/epochtimestr.com\/index.php\/cindeki-iskencelere-karsi-miting-duzenlendi#primaryimage"},"thumbnailUrl":"http:\/\/www.epochtimestr.com\/wp-content\/uploads\/2011y\/575_0_1_0_16777215_0_stories_large_2011_07_19__MA_4561BG_revS-300x154.jpg","keywords":["\u00c7in i\u015fkence","\u00e7in sans\u00fcr","Falun Gong i\u015fkence","\u0130nternet sans\u00fcr\u00fc","ortado\u011fuda ayaklanma"],"articleSection":["\u00c7\u0130N","\u00c7in'de \u0130nsan Haklar\u0131","ED\u0130T\u00d6R\u00dcN SE\u00c7\u0130M\u0130"],"inLanguage":"tr","potentialAction":[{"@type":"CommentAction","name":"Comment","target":["https:\/\/epochtimestr.com\/index.php\/cindeki-iskencelere-karsi-miting-duzenlendi#respond"]}]},{"@type":"WebPage","@id":"https:\/\/epochtimestr.com\/index.php\/cindeki-iskencelere-karsi-miting-duzenlendi","url":"https:\/\/epochtimestr.com\/index.php\/cindeki-iskencelere-karsi-miting-duzenlendi","name":"\u00c7in'deki \u0130\u015fkencelere Kar\u015f\u0131 Washington'da Miting D\u00fczenlendi - The Epoch Times TR","isPartOf":{"@id":"https:\/\/epochtimestr.com\/#website"},"primaryImageOfPage":{"@id":"https:\/\/epochtimestr.com\/index.php\/cindeki-iskencelere-karsi-miting-duzenlendi#primaryimage"},"image":{"@id":"https:\/\/epochtimestr.com\/index.php\/cindeki-iskencelere-karsi-miting-duzenlendi#primaryimage"},"thumbnailUrl":"http:\/\/www.epochtimestr.com\/wp-content\/uploads\/2011y\/575_0_1_0_16777215_0_stories_large_2011_07_19__MA_4561BG_revS-300x154.jpg","datePublished":"2011-07-29T20:45:18+00:00","dateModified":"2013-03-29T07:37:53+00:00","inLanguage":"tr","potentialAction":[{"@type":"ReadAction","target":["https:\/\/epochtimestr.com\/index.php\/cindeki-iskencelere-karsi-miting-duzenlendi"]}]},{"@type":"ImageObject","inLanguage":"tr","@id":"https:\/\/epochtimestr.com\/index.php\/cindeki-iskencelere-karsi-miting-duzenlendi#primaryimage","url":"http:\/\/www.epochtimestr.com\/wp-content\/uploads\/2011y\/575_0_1_0_16777215_0_stories_large_2011_07_19__MA_4561BG_revS-300x154.jpg","contentUrl":"http:\/\/www.epochtimestr.com\/wp-content\/uploads\/2011y\/575_0_1_0_16777215_0_stories_large_2011_07_19__MA_4561BG_revS-300x154.jpg"},{"@type":"WebSite","@id":"https:\/\/epochtimestr.com\/#website","url":"https:\/\/epochtimestr.com\/","name":"The Epoch Times TR","description":"De\u011fi\u015fen D\u00fcnyam\u0131za Taze Bir Bak\u0131\u015f","publisher":{"@id":"https:\/\/epochtimestr.com\/#organization"},"potentialAction":[{"@type":"SearchAction","target":{"@type":"EntryPoint","urlTemplate":"https:\/\/epochtimestr.com\/?s={search_term_string}"},"query-input":"required name=search_term_string"}],"inLanguage":"tr"},{"@type":"Organization","@id":"https:\/\/epochtimestr.com\/#organization","name":"The EpochTimes T\u00fcrkiye","url":"https:\/\/epochtimestr.com\/","logo":{"@type":"ImageObject","inLanguage":"tr","@id":"https:\/\/epochtimestr.com\/#\/schema\/logo\/image\/","url":"https:\/\/epochtimestr.com\/wp-content\/uploads\/2011y\/ET-Logo-YG.jpg","contentUrl":"https:\/\/epochtimestr.com\/wp-content\/uploads\/2011y\/ET-Logo-YG.jpg","width":346,"height":29,"caption":"The EpochTimes T\u00fcrkiye"},"image":{"@id":"https:\/\/epochtimestr.com\/#\/schema\/logo\/image\/"},"sameAs":["https:\/\/www.facebook.com\/theepochtimestr","https:\/\/x.com\/TheEpochTimesTR","https:\/\/www.instagram.com\/epochtimestr"]},{"@type":"Person","@id":"https:\/\/epochtimestr.com\/#\/schema\/person\/6eb643244a30e5bc1e3f24bb56910e83","name":"Emel AKAN","image":{"@type":"ImageObject","inLanguage":"tr","@id":"https:\/\/epochtimestr.com\/#\/schema\/person\/image\/","url":"https:\/\/secure.gravatar.com\/avatar\/390e1c5fc574e7ba54694d0be151ec60?s=96&d=mm&r=g","contentUrl":"https:\/\/secure.gravatar.com\/avatar\/390e1c5fc574e7ba54694d0be151ec60?s=96&d=mm&r=g","caption":"Emel AKAN"},"url":"https:\/\/epochtimestr.com\/index.php\/author\/emel"}]}},"_links":{"self":[{"href":"https:\/\/epochtimestr.com\/index.php\/wp-json\/wp\/v2\/posts\/44299"}],"collection":[{"href":"https:\/\/epochtimestr.com\/index.php\/wp-json\/wp\/v2\/posts"}],"about":[{"href":"https:\/\/epochtimestr.com\/index.php\/wp-json\/wp\/v2\/types\/post"}],"author":[{"embeddable":true,"href":"https:\/\/epochtimestr.com\/index.php\/wp-json\/wp\/v2\/users\/25"}],"replies":[{"embeddable":true,"href":"https:\/\/epochtimestr.com\/index.php\/wp-json\/wp\/v2\/comments?post=44299"}],"version-history":[{"count":20,"href":"https:\/\/epochtimestr.com\/index.php\/wp-json\/wp\/v2\/posts\/44299\/revisions"}],"predecessor-version":[{"id":44311,"href":"https:\/\/epochtimestr.com\/index.php\/wp-json\/wp\/v2\/posts\/44299\/revisions\/44311"}],"wp:attachment":[{"href":"https:\/\/epochtimestr.com\/index.php\/wp-json\/wp\/v2\/media?parent=44299"}],"wp:term":[{"taxonomy":"category","embeddable":true,"href":"https:\/\/epochtimestr.com\/index.php\/wp-json\/wp\/v2\/categories?post=44299"},{"taxonomy":"post_tag","embeddable":true,"href":"https:\/\/epochtimestr.com\/index.php\/wp-json\/wp\/v2\/tags?post=44299"}],"curies":[{"name":"wp","href":"https:\/\/api.w.org\/{rel}","templated":true}]}}