{"id":45688,"date":"2011-08-27T12:23:54","date_gmt":"2011-08-27T09:23:54","guid":{"rendered":"http:\/\/www.epochtimestr.com\/?p=45688"},"modified":"2013-03-29T12:10:30","modified_gmt":"2013-03-29T09:10:30","slug":"kosulsuz-iyiligin-simgesi-rahibe-teresa","status":"publish","type":"post","link":"https:\/\/epochtimestr.com\/index.php\/kosulsuz-iyiligin-simgesi-rahibe-teresa","title":{"rendered":"Ko\u015fulsuz \u0130yili\u011fin Simgesi Rahibe Teresa"},"content":{"rendered":"<p style=\"text-align: justify;\"><img loading=\"lazy\" decoding=\"async\" class=\"aligncenter size-full wp-image-45698\" title=\"Rahibe Teresa\" alt=\"\" src=\"http:\/\/www.epochtimestr.com\/wp-content\/uploads\/2011y\/Rahibe-Teresa.jpg\" width=\"400\" height=\"300\" srcset=\"https:\/\/epochtimestr.com\/wp-content\/uploads\/2011y\/Rahibe-Teresa.jpg 400w, https:\/\/epochtimestr.com\/wp-content\/uploads\/2011y\/Rahibe-Teresa-150x113.jpg 150w, https:\/\/epochtimestr.com\/wp-content\/uploads\/2011y\/Rahibe-Teresa-300x225.jpg 300w, https:\/\/epochtimestr.com\/wp-content\/uploads\/2011y\/Rahibe-Teresa-342x256.jpg 342w, https:\/\/epochtimestr.com\/wp-content\/uploads\/2011y\/Rahibe-Teresa-269x201.jpg 269w, https:\/\/epochtimestr.com\/wp-content\/uploads\/2011y\/Rahibe-Teresa-292x219.jpg 292w\" sizes=\"(max-width: 400px) 100vw, 400px\" \/>26 A\u011fustos 1910 y\u0131l\u0131nda Osmanl\u0131 \u0130mparatorlu\u011fu s\u0131n\u0131rlar\u0131 i\u00e7inde bulunan \u00dcsk\u00fcp\u2019te do\u011fdu. Arnavut bir Katolik olan Rahibe Teresa\u2019n\u0131n tam ad\u0131 \u201cAgnes Gonca Boyac\u0131\u201dd\u0131r.<\/p>\n<p style=\"text-align: justify;\"><span style=\"color: #000000;\">Hay\u0131rsever Misyonerler Cemaati&#8217;nin<\/span><span style=\"color: #000000;\"> kurucusu olup, bu faaliyetlerinden \u00f6t\u00fcr\u00fc 1979 y\u0131l\u0131nda Nobel bar\u0131\u015f \u00d6d\u00fcl\u00fc<\/span><span style=\"color: #000000;\"> kendisine verildi.<\/span><\/p>\n<p style=\"text-align: justify;\"><span style=\"color: #000000;\">18 ya\u015f\u0131nda rahibe <\/span><span style=\"color: #000000;\">olmaya karar verdi ve Hindistan<\/span><span style=\"color: #000000;\">&#8216;daki misyonerlik \u00e7al\u0131\u015fmalar\u0131yla tan\u0131nan Loretto Hem\u015fireleri<\/span><span style=\"color: #000000;\">&#8216;ne kat\u0131ld\u0131. Teresa ad\u0131n\u0131 bu d\u00f6nemde ald\u0131. Kalk\u00fcta&#8217;da <\/span><span style=\"color: #000000;\">St. Mary&#8217;s Lisesi&#8217;nde co\u011frafya ve temel H\u0131ristiyanl\u0131k <\/span><span style=\"color: #000000;\">bilgisi dersleri verdi. 1944&#8217;te ayn\u0131 liseye m\u00fcd\u00fcr olarak atand\u0131. K\u0131sa bir s\u00fcre\u00a0sonra vereme yakalanan Rahibe Teresa, \u00f6\u011fretmenli\u011fe devam edemedi ve yoksul ailelerin \u00e7ocuklar\u0131na ders vermeye ba\u015flad\u0131.<\/span><\/p>\n<p style=\"text-align: justify;\"><span style=\"color: #000000;\">Ayn\u0131\u00a0zamanda temel t\u0131p e\u011fitimi ald\u0131 ve hastalar\u0131n evlerine giderek tedavilerine <\/span><span style=\"color: #000000;\">yard\u0131mc\u0131 oldu. 1949&#8217;da eski \u00f6\u011frencilerinden baz\u0131lar\u0131 ona kat\u0131ld\u0131. Grup, <\/span><span style=\"color: #000000;\">yerel hastanelerin reddetti\u011fi ve sokaklarda \u00f6l\u00fcme terk edilen erkek, kad\u0131n, <\/span><span style=\"color: #000000;\">\u00e7ocuk, pek \u00e7ok insanla kar\u015f\u0131la\u015ft\u0131. Bunun \u00fczerine, bir oda kiralayarak, <\/span><span style=\"color: #000000;\">yoksulluk i\u00e7inde \u00f6lmek \u00fczere olan bu \u00e7aresiz insanlara yard\u0131m etmeye ba\u015flad\u0131.<\/span><\/p>\n<p style=\"text-align: justify;\"><span style=\"color: #000000;\">1950\u00a0y\u0131l\u0131nda Vatikan\u2019\u0131n izniyle Hay\u0131rsever Misyonerler Cemaati&#8217;ni kurdu. Rahibe Teresa&#8217;n\u0131n 12 ki\u015fiyle kurdu\u011fu bu cemaat d\u00fcnyan\u0131n 450 noktas\u0131nda 4.000 rahibenin g\u00f6rev ald\u0131\u011f\u0131 bir topluluk haline geldi.<\/span><\/p>\n<p style=\"text-align: justify;\"><span style=\"color: #000000;\">1952&#8217;de Kalk\u00fcta Belediyesi&#8217;nin verdi\u011fi arazide ilk \u00d6l\u00fc Evi a\u00e7\u0131ld\u0131. <\/span><span style=\"color: #000000;\">Daha sonra, Kalk\u00fcta&#8217;dan New York&#8217;a, her yerde, \u00f6lmek \u00fczere olanlar <\/span><span style=\"color: #000000;\">ve terk edilmi\u015fler i\u00e7in sa\u011fl\u0131k evleri a\u00e7t\u0131. AIDS kurbanlar\u0131na y\u00f6nelik <\/span><span style=\"color: #000000;\">hastaneler kuran \u00f6nc\u00fclerden biri oldu. 45 y\u0131l\u0131 a\u015fk\u0131n bir s\u00fcre, d\u00fcnya \u00e7ap\u0131nda, <\/span><span style=\"color: #000000;\">yoksullara, \u00f6lmek \u00fczere olanlara ve terk edilmi\u015flere yard\u0131m etti.<\/span><\/p>\n<p style=\"text-align: justify;\"><span style=\"color: #000000;\">Rahibe Teresa, d\u00fcnya bar\u0131\u015f\u0131na katk\u0131lar\u0131ndan dolay\u0131 b\u00fcy\u00fck \u00f6vg\u00fc toplad\u0131. <\/span><span style=\"color: #000000;\">\u00c7al\u0131\u015fmalar\u0131yla pek \u00e7ok \u00f6d\u00fcl ald\u0131. Bunlar aras\u0131nda, Papa XXIII. John Bar\u0131\u015f <\/span><span style=\"color: #000000;\">\u00d6d\u00fcl\u00fc ve 1979 Nobel Bar\u0131\u015f \u00d6d\u00fcl\u00fc de bulunuyor. Rahibe Teresa, bu \u00f6d\u00fcl\u00fc <\/span><span style=\"color: #000000;\">al\u0131rken geleneksel t\u00f6ren anlay\u0131\u015f\u0131na ayk\u0131r\u0131 bir tutum izleyerek ziyafet <\/span><span style=\"color: #000000;\">verilmesini istemedi ve 6.000 dolarl\u0131k fonun Kalk\u00fctal\u0131 yoksullara ba\u011f\u0131\u015flanmas\u0131n\u0131 <\/span><span style=\"color: #000000;\">talep etti. Bu para, y\u00fczlerce insan\u0131n bir y\u0131l boyunca karn\u0131n\u0131 doyurmaya <\/span><span style=\"color: #000000;\">yetecekti.<\/span><\/p>\n<p style=\"text-align: justify;\"><span style=\"color: #000000;\">Rahibe Teresa, d\u00fcnyevi \u00f6d\u00fcllerin, ancak bu d\u00fcnyadaki muhta\u00e7lara yard\u0131m <\/span><span style=\"color: #000000;\">edilmesini sa\u011fl\u0131yorsa \u00f6nem ta\u015f\u0131d\u0131\u011f\u0131n\u0131 s\u00f6ylerdi.<\/span><\/p>\n<p style=\"text-align: justify;\"><span style=\"color: #000000;\">1980&#8217;den itibaren, d\u00fcnyan\u0131n her yan\u0131nda, uyu\u015fturucu ba\u011f\u0131ml\u0131lar\u0131, fahi\u015feler <\/span><span style=\"color: #000000;\">ve h\u0131rpalanm\u0131\u015f kad\u0131nlara y\u00f6nelik sa\u011fl\u0131k evlerinin, yoksul \u00e7ocuklara y\u00f6nelik <\/span><span style=\"color: #000000;\">yetimhanelerin ve okullar\u0131n say\u0131s\u0131 artmaya ba\u015flad\u0131. Rahibe Teresa, 1985 <\/span><span style=\"color: #000000;\">y\u0131l\u0131nda New York&#8217;ta AIDS kurbanlar\u0131na \u00f6zel ilk hastaneyi kurdu. Daha sonra, <\/span><span style=\"color: #000000;\">San Francisco ve Atlanta&#8217;da sa\u011fl\u0131k evleri a\u00e7\u0131ld\u0131. Rahibe Teresa, ABD&#8217;nin <\/span><span style=\"color: #000000;\">en \u00f6nemli sivil \u00f6d\u00fcl\u00fc olan \u00d6zg\u00fcrl\u00fck Madalyas\u0131 ile \u00f6d\u00fcllendirildi.<\/span><\/p>\n<p style=\"text-align: justify;\"><span style=\"color: #000000;\">Rahibe Teresa, 1991&#8217;de ilk kez kendi anavatan\u0131 Arnavutluk&#8217;a (\u015fimdi S\u0131rbistan <\/span><span style=\"color: #000000;\">olarak biliniyor) geri d\u00f6nd\u00fc ve Tiran&#8217;da bir sa\u011fl\u0131k evi a\u00e7t\u0131. Bu y\u0131la <\/span><span style=\"color: #000000;\">gelinceye kadar Hindistan&#8217;da 168 sa\u011fl\u0131k evi a\u00e7\u0131lm\u0131\u015ft\u0131.<\/span><\/p>\n<p style=\"text-align: justify;\"><span style=\"color: #000000;\">Rahibe Teresa, Etiyopya&#8217;daki a\u00e7lara, \u00c7ernobil&#8217;deki radyasyon kurbanlar\u0131na <\/span><span style=\"color: #000000;\">ve Ermenistan&#8217;daki depremzedelere yard\u0131m etmek i\u00e7in s\u00fcrekli seyahat etti. <\/span><span style=\"color: #000000;\">Yard\u0131m arzusu ve faaliyetleri s\u0131n\u0131r tan\u0131m\u0131yordu. 1996 Kas\u0131m&#8217;\u0131nda, onursal <\/span><span style=\"color: #000000;\">ABD vatanda\u015f\u0131 oldu.<\/span><\/p>\n<p style=\"text-align: justify;\"><span style=\"color: #000000;\">Toplulu\u011fun faaliyetleri \u00e7e\u015fit ve say\u0131 bak\u0131m\u0131ndan \u00e7o\u011fal\u0131yor ve \u00e7al\u0131\u015fmalar s\u00fcrekli art\u0131yordu. <\/span><span style=\"color: #000000;\">Sa\u011fl\u0131k evleri a\u00e7\u0131l\u0131yor; baz\u0131lar\u0131 da politik, sosyal ya da g\u00fcvenli\u011fe ili\u015fkin\u00a0gerek\u00e7elerle kapan\u0131yordu. Topluluk, son derece yo\u011fun ve faaldi. Rahibe <\/span><span style=\"color: #000000;\">Teresa, d\u00fcnyan\u0131n her yan\u0131nda insanlara yard\u0131m ediyor, \u00e7ocuklar\u0131 kurtar\u0131yor, <\/span><span style=\"color: #000000;\">hem\u015firelere \u00f6\u011f\u00fct veriyor, organizasyon ve konu\u015fmalar yap\u0131yordu. Kimi zaman <\/span><span style=\"color: #000000;\">&#8220;s\u0131radan&#8221;, kimi zaman da se\u00e7kin kalabal\u0131klara konu\u015fma yapmas\u0131 <\/span><span style=\"color: #000000;\">i\u00e7in ald\u0131\u011f\u0131 tekliflerin say\u0131s\u0131 her ge\u00e7en g\u00fcn art\u0131yordu. <\/span><\/p>\n<p style=\"text-align: justify;\"><span style=\"color: #000000;\">Mesaj\u0131n\u0131n hep <\/span><span style=\"color: #000000;\">ayn\u0131 ve bir iki t\u00fcmceyle anlat\u0131labilir olmas\u0131na ve \u00e7o\u011fu zaman do\u011fal olarak <\/span><span style=\"color: #000000;\">epey &#8220;geleneksel&#8221; bir bak\u0131\u015f a\u00e7\u0131s\u0131yla konu\u015fmas\u0131na ra\u011fmen, dikkatle <\/span><span style=\"color: #000000;\">dinleniyordu. \u0130lerlemi\u015f ya\u015f\u0131na ra\u011fmen, d\u00fcnyan\u0131n d\u00f6rt bir yan\u0131nda yoksullara <\/span><span style=\"color: #000000;\">yard\u0131m edebilmek i\u00e7in kaynak ara\u015ft\u0131rmaya devam ediyor ve elindeki olanaklar\u0131n <\/span><span style=\"color: #000000;\">t\u00fcm\u00fcn\u00fc kullanarak onlara yard\u0131m ediyordu. Her k\u0131tada, Rusya&#8217;da bile, Teresa&#8217;n\u0131n <\/span><span style=\"color: #000000;\">hem\u015fireleri, \u0130sa a\u015fk\u0131na kimsesizlere yard\u0131m ediyorlard\u0131. 1992 se\u00e7imlerinde <\/span><span style=\"color: #000000;\">g\u00f6revini devretmeye haz\u0131rlan\u0131rken yeniden se\u00e7ildi. 1996&#8217;da sa\u011fl\u0131\u011f\u0131 ciddi <\/span><span style=\"color: #000000;\">bi\u00e7imde bozulmaya ba\u015flad\u0131. Sevgiden ve \u00e7al\u0131\u015fmaktan yorulan kalbi y\u00fcz\u00fcnden <\/span><span style=\"color: #000000;\">devam edemeyece\u011fini s\u00f6yledi.<\/span><\/p>\n<p style=\"text-align: justify;\"><span style=\"color: #000000;\">Rahibe Teresa, 5 Eyl\u00fcl 1997&#8217;de, ak\u015fam 9:30&#8217;da, Kalk\u00fcta&#8217;daki sa\u011fl\u0131k evinde <\/span><span style=\"color: #000000;\">Cennet&#8217;e u\u011furland\u0131. Y\u00fcz\u00fcnde tamamen t\u00fckenmi\u015f; kendini t\u00fcm kalbiyle, \u00f6zg\u00fcrce <\/span><span style=\"color: #000000;\">ve ko\u015fulsuz olarak yoksullara adam\u0131\u015f bir insan\u0131n ifadesi vard\u0131.<\/span><\/p>\n<p style=\"text-align: center;\"><em>&#8220;D\u00fcn, ge\u00e7mi\u015fte kald\u0131. Yar\u0131n, hen\u00fcz gelmedi. Yaln\u0131zca\u00a0bug\u00fcn\u00fcm\u00fcz var. <\/em><\/p>\n<p style=\"text-align: center;\"><em>Haydi ba\u015flayal\u0131m.&#8221;<\/em><\/p>\n<p style=\"text-align: center;\"><em>&#8220;Yoksullar\u0131 sevmenin mutlulu\u011funu her daim hisset\u00a0ve bunu tan\u0131\u015ft\u0131\u011f\u0131n herkesle payla\u015f. Unutma, sevgi dolu olmak, Bar\u0131\u015f dolu\u00a0olmak demektir. Tanr\u0131 seni korusun.&#8221;<\/em><\/p>\n<p style=\"text-align: justify;\"><span style=\"color: #000000;\">Kaynak:<\/span><\/p>\n","protected":false},"excerpt":{"rendered":"<p>26 A\u011fustos 1910 y\u0131l\u0131nda Osmanl\u0131 \u0130mparatorlu\u011fu s\u0131n\u0131rlar\u0131 i\u00e7inde bulunan \u00dcsk\u00fcp\u2019te do\u011fdu. Arnavut bir Katolik olan Rahibe Teresa\u2019n\u0131n tam ad\u0131 \u201cAgnes Gonca Boyac\u0131\u201dd\u0131r. Hay\u0131rsever Misyonerler Cemaati&#8217;nin kurucusu olup, bu faaliyetlerinden \u00f6t\u00fcr\u00fc 1979 y\u0131l\u0131nda Nobel bar\u0131\u015f \u00d6d\u00fcl\u00fc kendisine verildi. 18 ya\u015f\u0131nda rahibe olmaya karar verdi ve Hindistan&#8216;daki misyonerlik \u00e7al\u0131\u015fmalar\u0131yla tan\u0131nan Loretto Hem\u015fireleri&#8216;ne kat\u0131ld\u0131. Teresa ad\u0131n\u0131 bu d\u00f6nemde [&hellip;]<\/p>\n","protected":false},"author":18,"featured_media":0,"comment_status":"open","ping_status":"open","sticky":false,"template":"","format":"standard","meta":{"_yoast_wpseo_focuskw":"","_yoast_wpseo_title":"","_yoast_wpseo_metadesc":"","_bbp_topic_count":0,"_bbp_reply_count":0,"_bbp_total_topic_count":0,"_bbp_total_reply_count":0,"_bbp_voice_count":0,"_bbp_anonymous_reply_count":0,"_bbp_topic_count_hidden":0,"_bbp_reply_count_hidden":0,"_bbp_forum_subforum_count":0,"footnotes":"","_yoast_wpseo_focuskw_text_input":""},"categories":[60],"tags":[],"yoast_head":"<!-- This site is optimized with the Yoast SEO plugin v23.0 - https:\/\/yoast.com\/wordpress\/plugins\/seo\/ -->\n<title>Ko\u015fulsuz \u0130yili\u011fin Simgesi Rahibe Teresa - The Epoch Times TR<\/title>\n<meta name=\"robots\" content=\"index, follow, max-snippet:-1, max-image-preview:large, max-video-preview:-1\" \/>\n<link rel=\"canonical\" href=\"https:\/\/epochtimestr.com\/index.php\/kosulsuz-iyiligin-simgesi-rahibe-teresa\" \/>\n<meta property=\"og:locale\" content=\"tr_TR\" \/>\n<meta property=\"og:type\" content=\"article\" \/>\n<meta property=\"og:title\" content=\"Ko\u015fulsuz \u0130yili\u011fin Simgesi Rahibe Teresa - The Epoch Times TR\" \/>\n<meta property=\"og:description\" content=\"26 A\u011fustos 1910 y\u0131l\u0131nda Osmanl\u0131 \u0130mparatorlu\u011fu s\u0131n\u0131rlar\u0131 i\u00e7inde bulunan \u00dcsk\u00fcp\u2019te do\u011fdu. Arnavut bir Katolik olan Rahibe Teresa\u2019n\u0131n tam ad\u0131 \u201cAgnes Gonca Boyac\u0131\u201dd\u0131r. Hay\u0131rsever Misyonerler Cemaati&#8217;nin kurucusu olup, bu faaliyetlerinden \u00f6t\u00fcr\u00fc 1979 y\u0131l\u0131nda Nobel bar\u0131\u015f \u00d6d\u00fcl\u00fc kendisine verildi. 18 ya\u015f\u0131nda rahibe olmaya karar verdi ve Hindistan&#8216;daki misyonerlik \u00e7al\u0131\u015fmalar\u0131yla tan\u0131nan Loretto Hem\u015fireleri&#8216;ne kat\u0131ld\u0131. Teresa ad\u0131n\u0131 bu d\u00f6nemde [&hellip;]\" \/>\n<meta property=\"og:url\" content=\"https:\/\/epochtimestr.com\/index.php\/kosulsuz-iyiligin-simgesi-rahibe-teresa\" \/>\n<meta property=\"og:site_name\" content=\"The Epoch Times TR\" \/>\n<meta property=\"article:publisher\" content=\"https:\/\/www.facebook.com\/theepochtimestr\" \/>\n<meta property=\"article:published_time\" content=\"2011-08-27T09:23:54+00:00\" \/>\n<meta property=\"article:modified_time\" content=\"2013-03-29T09:10:30+00:00\" \/>\n<meta property=\"og:image\" content=\"http:\/\/www.epochtimestr.com\/wp-content\/uploads\/2011y\/Rahibe-Teresa.jpg\" \/>\n<meta name=\"author\" content=\"Nesrin Se\u00e7er\" \/>\n<meta name=\"twitter:card\" content=\"summary_large_image\" \/>\n<meta name=\"twitter:creator\" content=\"@TheEpochTimesTR\" \/>\n<meta name=\"twitter:site\" content=\"@TheEpochTimesTR\" \/>\n<meta name=\"twitter:label1\" content=\"Yazan:\" \/>\n\t<meta name=\"twitter:data1\" content=\"Nesrin Se\u00e7er\" \/>\n\t<meta name=\"twitter:label2\" content=\"Tahmini okuma s\u00fcresi\" \/>\n\t<meta name=\"twitter:data2\" content=\"4 dakika\" \/>\n<script type=\"application\/ld+json\" class=\"yoast-schema-graph\">{\"@context\":\"https:\/\/schema.org\",\"@graph\":[{\"@type\":\"Article\",\"@id\":\"https:\/\/epochtimestr.com\/index.php\/kosulsuz-iyiligin-simgesi-rahibe-teresa#article\",\"isPartOf\":{\"@id\":\"https:\/\/epochtimestr.com\/index.php\/kosulsuz-iyiligin-simgesi-rahibe-teresa\"},\"author\":{\"name\":\"Nesrin Se\u00e7er\",\"@id\":\"https:\/\/epochtimestr.com\/#\/schema\/person\/9449775713995720d2e8d6af219e3cc3\"},\"headline\":\"Ko\u015fulsuz \u0130yili\u011fin Simgesi Rahibe Teresa\",\"datePublished\":\"2011-08-27T09:23:54+00:00\",\"dateModified\":\"2013-03-29T09:10:30+00:00\",\"mainEntityOfPage\":{\"@id\":\"https:\/\/epochtimestr.com\/index.php\/kosulsuz-iyiligin-simgesi-rahibe-teresa\"},\"wordCount\":881,\"commentCount\":0,\"publisher\":{\"@id\":\"https:\/\/epochtimestr.com\/#organization\"},\"image\":{\"@id\":\"https:\/\/epochtimestr.com\/index.php\/kosulsuz-iyiligin-simgesi-rahibe-teresa#primaryimage\"},\"thumbnailUrl\":\"http:\/\/www.epochtimestr.com\/wp-content\/uploads\/2011y\/Rahibe-Teresa.jpg\",\"articleSection\":[\"Taslak'da b\u0131rak\"],\"inLanguage\":\"tr\",\"potentialAction\":[{\"@type\":\"CommentAction\",\"name\":\"Comment\",\"target\":[\"https:\/\/epochtimestr.com\/index.php\/kosulsuz-iyiligin-simgesi-rahibe-teresa#respond\"]}]},{\"@type\":\"WebPage\",\"@id\":\"https:\/\/epochtimestr.com\/index.php\/kosulsuz-iyiligin-simgesi-rahibe-teresa\",\"url\":\"https:\/\/epochtimestr.com\/index.php\/kosulsuz-iyiligin-simgesi-rahibe-teresa\",\"name\":\"Ko\u015fulsuz \u0130yili\u011fin Simgesi Rahibe Teresa - The Epoch Times TR\",\"isPartOf\":{\"@id\":\"https:\/\/epochtimestr.com\/#website\"},\"primaryImageOfPage\":{\"@id\":\"https:\/\/epochtimestr.com\/index.php\/kosulsuz-iyiligin-simgesi-rahibe-teresa#primaryimage\"},\"image\":{\"@id\":\"https:\/\/epochtimestr.com\/index.php\/kosulsuz-iyiligin-simgesi-rahibe-teresa#primaryimage\"},\"thumbnailUrl\":\"http:\/\/www.epochtimestr.com\/wp-content\/uploads\/2011y\/Rahibe-Teresa.jpg\",\"datePublished\":\"2011-08-27T09:23:54+00:00\",\"dateModified\":\"2013-03-29T09:10:30+00:00\",\"inLanguage\":\"tr\",\"potentialAction\":[{\"@type\":\"ReadAction\",\"target\":[\"https:\/\/epochtimestr.com\/index.php\/kosulsuz-iyiligin-simgesi-rahibe-teresa\"]}]},{\"@type\":\"ImageObject\",\"inLanguage\":\"tr\",\"@id\":\"https:\/\/epochtimestr.com\/index.php\/kosulsuz-iyiligin-simgesi-rahibe-teresa#primaryimage\",\"url\":\"http:\/\/www.epochtimestr.com\/wp-content\/uploads\/2011y\/Rahibe-Teresa.jpg\",\"contentUrl\":\"http:\/\/www.epochtimestr.com\/wp-content\/uploads\/2011y\/Rahibe-Teresa.jpg\"},{\"@type\":\"WebSite\",\"@id\":\"https:\/\/epochtimestr.com\/#website\",\"url\":\"https:\/\/epochtimestr.com\/\",\"name\":\"The Epoch Times TR\",\"description\":\"De\u011fi\u015fen D\u00fcnyam\u0131za Taze Bir Bak\u0131\u015f\",\"publisher\":{\"@id\":\"https:\/\/epochtimestr.com\/#organization\"},\"potentialAction\":[{\"@type\":\"SearchAction\",\"target\":{\"@type\":\"EntryPoint\",\"urlTemplate\":\"https:\/\/epochtimestr.com\/?s={search_term_string}\"},\"query-input\":\"required name=search_term_string\"}],\"inLanguage\":\"tr\"},{\"@type\":\"Organization\",\"@id\":\"https:\/\/epochtimestr.com\/#organization\",\"name\":\"The EpochTimes T\u00fcrkiye\",\"url\":\"https:\/\/epochtimestr.com\/\",\"logo\":{\"@type\":\"ImageObject\",\"inLanguage\":\"tr\",\"@id\":\"https:\/\/epochtimestr.com\/#\/schema\/logo\/image\/\",\"url\":\"https:\/\/epochtimestr.com\/wp-content\/uploads\/2011y\/ET-Logo-YG.jpg\",\"contentUrl\":\"https:\/\/epochtimestr.com\/wp-content\/uploads\/2011y\/ET-Logo-YG.jpg\",\"width\":346,\"height\":29,\"caption\":\"The EpochTimes T\u00fcrkiye\"},\"image\":{\"@id\":\"https:\/\/epochtimestr.com\/#\/schema\/logo\/image\/\"},\"sameAs\":[\"https:\/\/www.facebook.com\/theepochtimestr\",\"https:\/\/x.com\/TheEpochTimesTR\",\"https:\/\/www.instagram.com\/epochtimestr\"]},{\"@type\":\"Person\",\"@id\":\"https:\/\/epochtimestr.com\/#\/schema\/person\/9449775713995720d2e8d6af219e3cc3\",\"name\":\"Nesrin Se\u00e7er\",\"image\":{\"@type\":\"ImageObject\",\"inLanguage\":\"tr\",\"@id\":\"https:\/\/epochtimestr.com\/#\/schema\/person\/image\/\",\"url\":\"https:\/\/secure.gravatar.com\/avatar\/9e76ddf1406df7ae1827116f0007ff40?s=96&d=mm&r=g\",\"contentUrl\":\"https:\/\/secure.gravatar.com\/avatar\/9e76ddf1406df7ae1827116f0007ff40?s=96&d=mm&r=g\",\"caption\":\"Nesrin Se\u00e7er\"},\"url\":\"https:\/\/epochtimestr.com\/index.php\/author\/nesrin\"}]}<\/script>\n<!-- \/ Yoast SEO plugin. -->","yoast_head_json":{"title":"Ko\u015fulsuz \u0130yili\u011fin Simgesi Rahibe Teresa - The Epoch Times TR","robots":{"index":"index","follow":"follow","max-snippet":"max-snippet:-1","max-image-preview":"max-image-preview:large","max-video-preview":"max-video-preview:-1"},"canonical":"https:\/\/epochtimestr.com\/index.php\/kosulsuz-iyiligin-simgesi-rahibe-teresa","og_locale":"tr_TR","og_type":"article","og_title":"Ko\u015fulsuz \u0130yili\u011fin Simgesi Rahibe Teresa - The Epoch Times TR","og_description":"26 A\u011fustos 1910 y\u0131l\u0131nda Osmanl\u0131 \u0130mparatorlu\u011fu s\u0131n\u0131rlar\u0131 i\u00e7inde bulunan \u00dcsk\u00fcp\u2019te do\u011fdu. Arnavut bir Katolik olan Rahibe Teresa\u2019n\u0131n tam ad\u0131 \u201cAgnes Gonca Boyac\u0131\u201dd\u0131r. Hay\u0131rsever Misyonerler Cemaati&#8217;nin kurucusu olup, bu faaliyetlerinden \u00f6t\u00fcr\u00fc 1979 y\u0131l\u0131nda Nobel bar\u0131\u015f \u00d6d\u00fcl\u00fc kendisine verildi. 18 ya\u015f\u0131nda rahibe olmaya karar verdi ve Hindistan&#8216;daki misyonerlik \u00e7al\u0131\u015fmalar\u0131yla tan\u0131nan Loretto Hem\u015fireleri&#8216;ne kat\u0131ld\u0131. Teresa ad\u0131n\u0131 bu d\u00f6nemde [&hellip;]","og_url":"https:\/\/epochtimestr.com\/index.php\/kosulsuz-iyiligin-simgesi-rahibe-teresa","og_site_name":"The Epoch Times TR","article_publisher":"https:\/\/www.facebook.com\/theepochtimestr","article_published_time":"2011-08-27T09:23:54+00:00","article_modified_time":"2013-03-29T09:10:30+00:00","og_image":[{"url":"http:\/\/www.epochtimestr.com\/wp-content\/uploads\/2011y\/Rahibe-Teresa.jpg"}],"author":"Nesrin Se\u00e7er","twitter_card":"summary_large_image","twitter_creator":"@TheEpochTimesTR","twitter_site":"@TheEpochTimesTR","twitter_misc":{"Yazan:":"Nesrin Se\u00e7er","Tahmini okuma s\u00fcresi":"4 dakika"},"schema":{"@context":"https:\/\/schema.org","@graph":[{"@type":"Article","@id":"https:\/\/epochtimestr.com\/index.php\/kosulsuz-iyiligin-simgesi-rahibe-teresa#article","isPartOf":{"@id":"https:\/\/epochtimestr.com\/index.php\/kosulsuz-iyiligin-simgesi-rahibe-teresa"},"author":{"name":"Nesrin Se\u00e7er","@id":"https:\/\/epochtimestr.com\/#\/schema\/person\/9449775713995720d2e8d6af219e3cc3"},"headline":"Ko\u015fulsuz \u0130yili\u011fin Simgesi Rahibe Teresa","datePublished":"2011-08-27T09:23:54+00:00","dateModified":"2013-03-29T09:10:30+00:00","mainEntityOfPage":{"@id":"https:\/\/epochtimestr.com\/index.php\/kosulsuz-iyiligin-simgesi-rahibe-teresa"},"wordCount":881,"commentCount":0,"publisher":{"@id":"https:\/\/epochtimestr.com\/#organization"},"image":{"@id":"https:\/\/epochtimestr.com\/index.php\/kosulsuz-iyiligin-simgesi-rahibe-teresa#primaryimage"},"thumbnailUrl":"http:\/\/www.epochtimestr.com\/wp-content\/uploads\/2011y\/Rahibe-Teresa.jpg","articleSection":["Taslak'da b\u0131rak"],"inLanguage":"tr","potentialAction":[{"@type":"CommentAction","name":"Comment","target":["https:\/\/epochtimestr.com\/index.php\/kosulsuz-iyiligin-simgesi-rahibe-teresa#respond"]}]},{"@type":"WebPage","@id":"https:\/\/epochtimestr.com\/index.php\/kosulsuz-iyiligin-simgesi-rahibe-teresa","url":"https:\/\/epochtimestr.com\/index.php\/kosulsuz-iyiligin-simgesi-rahibe-teresa","name":"Ko\u015fulsuz \u0130yili\u011fin Simgesi Rahibe Teresa - The Epoch Times TR","isPartOf":{"@id":"https:\/\/epochtimestr.com\/#website"},"primaryImageOfPage":{"@id":"https:\/\/epochtimestr.com\/index.php\/kosulsuz-iyiligin-simgesi-rahibe-teresa#primaryimage"},"image":{"@id":"https:\/\/epochtimestr.com\/index.php\/kosulsuz-iyiligin-simgesi-rahibe-teresa#primaryimage"},"thumbnailUrl":"http:\/\/www.epochtimestr.com\/wp-content\/uploads\/2011y\/Rahibe-Teresa.jpg","datePublished":"2011-08-27T09:23:54+00:00","dateModified":"2013-03-29T09:10:30+00:00","inLanguage":"tr","potentialAction":[{"@type":"ReadAction","target":["https:\/\/epochtimestr.com\/index.php\/kosulsuz-iyiligin-simgesi-rahibe-teresa"]}]},{"@type":"ImageObject","inLanguage":"tr","@id":"https:\/\/epochtimestr.com\/index.php\/kosulsuz-iyiligin-simgesi-rahibe-teresa#primaryimage","url":"http:\/\/www.epochtimestr.com\/wp-content\/uploads\/2011y\/Rahibe-Teresa.jpg","contentUrl":"http:\/\/www.epochtimestr.com\/wp-content\/uploads\/2011y\/Rahibe-Teresa.jpg"},{"@type":"WebSite","@id":"https:\/\/epochtimestr.com\/#website","url":"https:\/\/epochtimestr.com\/","name":"The Epoch Times TR","description":"De\u011fi\u015fen D\u00fcnyam\u0131za Taze Bir Bak\u0131\u015f","publisher":{"@id":"https:\/\/epochtimestr.com\/#organization"},"potentialAction":[{"@type":"SearchAction","target":{"@type":"EntryPoint","urlTemplate":"https:\/\/epochtimestr.com\/?s={search_term_string}"},"query-input":"required name=search_term_string"}],"inLanguage":"tr"},{"@type":"Organization","@id":"https:\/\/epochtimestr.com\/#organization","name":"The EpochTimes T\u00fcrkiye","url":"https:\/\/epochtimestr.com\/","logo":{"@type":"ImageObject","inLanguage":"tr","@id":"https:\/\/epochtimestr.com\/#\/schema\/logo\/image\/","url":"https:\/\/epochtimestr.com\/wp-content\/uploads\/2011y\/ET-Logo-YG.jpg","contentUrl":"https:\/\/epochtimestr.com\/wp-content\/uploads\/2011y\/ET-Logo-YG.jpg","width":346,"height":29,"caption":"The EpochTimes T\u00fcrkiye"},"image":{"@id":"https:\/\/epochtimestr.com\/#\/schema\/logo\/image\/"},"sameAs":["https:\/\/www.facebook.com\/theepochtimestr","https:\/\/x.com\/TheEpochTimesTR","https:\/\/www.instagram.com\/epochtimestr"]},{"@type":"Person","@id":"https:\/\/epochtimestr.com\/#\/schema\/person\/9449775713995720d2e8d6af219e3cc3","name":"Nesrin Se\u00e7er","image":{"@type":"ImageObject","inLanguage":"tr","@id":"https:\/\/epochtimestr.com\/#\/schema\/person\/image\/","url":"https:\/\/secure.gravatar.com\/avatar\/9e76ddf1406df7ae1827116f0007ff40?s=96&d=mm&r=g","contentUrl":"https:\/\/secure.gravatar.com\/avatar\/9e76ddf1406df7ae1827116f0007ff40?s=96&d=mm&r=g","caption":"Nesrin Se\u00e7er"},"url":"https:\/\/epochtimestr.com\/index.php\/author\/nesrin"}]}},"_links":{"self":[{"href":"https:\/\/epochtimestr.com\/index.php\/wp-json\/wp\/v2\/posts\/45688"}],"collection":[{"href":"https:\/\/epochtimestr.com\/index.php\/wp-json\/wp\/v2\/posts"}],"about":[{"href":"https:\/\/epochtimestr.com\/index.php\/wp-json\/wp\/v2\/types\/post"}],"author":[{"embeddable":true,"href":"https:\/\/epochtimestr.com\/index.php\/wp-json\/wp\/v2\/users\/18"}],"replies":[{"embeddable":true,"href":"https:\/\/epochtimestr.com\/index.php\/wp-json\/wp\/v2\/comments?post=45688"}],"version-history":[{"count":5,"href":"https:\/\/epochtimestr.com\/index.php\/wp-json\/wp\/v2\/posts\/45688\/revisions"}],"predecessor-version":[{"id":67731,"href":"https:\/\/epochtimestr.com\/index.php\/wp-json\/wp\/v2\/posts\/45688\/revisions\/67731"}],"wp:attachment":[{"href":"https:\/\/epochtimestr.com\/index.php\/wp-json\/wp\/v2\/media?parent=45688"}],"wp:term":[{"taxonomy":"category","embeddable":true,"href":"https:\/\/epochtimestr.com\/index.php\/wp-json\/wp\/v2\/categories?post=45688"},{"taxonomy":"post_tag","embeddable":true,"href":"https:\/\/epochtimestr.com\/index.php\/wp-json\/wp\/v2\/tags?post=45688"}],"curies":[{"name":"wp","href":"https:\/\/api.w.org\/{rel}","templated":true}]}}