{"id":45815,"date":"2011-08-30T15:18:52","date_gmt":"2011-08-30T12:18:52","guid":{"rendered":"http:\/\/www.epochtimestr.com\/?p=45815"},"modified":"2013-03-28T16:41:29","modified_gmt":"2013-03-28T13:41:29","slug":"catal-cubuk-ya-da-radyestezi-ile-su-bulma","status":"publish","type":"post","link":"https:\/\/epochtimestr.com\/index.php\/catal-cubuk-ya-da-radyestezi-ile-su-bulma","title":{"rendered":"\u00c7atal \u00c7ubuk ya da Radyestezi ile Su Bulma"},"content":{"rendered":"<p style=\"text-align: justify;\"><a href=\"http:\/\/www.epochtimestr.com\/index.php\/catal-cubuk-ya-da-radyestezi-ile-su-bulma\/attachment\/107\/\" rel=\"attachment wp-att-45816\"><img loading=\"lazy\" decoding=\"async\" class=\"aligncenter size-full wp-image-45816\" title=\"Arif Canarslan\" alt=\"\" src=\"http:\/\/www.epochtimestr.com\/wp-content\/uploads\/2011y\/107.jpg\" width=\"314\" height=\"209\" srcset=\"https:\/\/epochtimestr.com\/wp-content\/uploads\/2011y\/107.jpg 314w, https:\/\/epochtimestr.com\/wp-content\/uploads\/2011y\/107-150x99.jpg 150w, https:\/\/epochtimestr.com\/wp-content\/uploads\/2011y\/107-300x199.jpg 300w, https:\/\/epochtimestr.com\/wp-content\/uploads\/2011y\/107-292x194.jpg 292w\" sizes=\"(max-width: 314px) 100vw, 314px\" \/><\/a>G\u00fcn\u00fcm\u00fczde n\u00fcfusun artmas\u0131yla birlikte temiz g\u0131da ve su ihtiyac\u0131 da artmaktad\u0131r. K\u00fcresel \u0131s\u0131nmaya ba\u011fl\u0131 olarak yer \u00fcst\u00fc su kaynaklar\u0131 h\u0131zla yok olmakta ve kurakl\u0131k sadece insanlar\u0131n de\u011fil t\u00fcm canl\u0131lar\u0131n hayat\u0131n\u0131 tehdit etmektedir.\u00a0 Yine artan n\u00fcfusu doyurmak i\u00e7in yeni tar\u0131m arazileri a\u00e7\u0131lmakta fakat en \u00f6nemli sorun bu arazilerde sulu tar\u0131m yap\u0131lmas\u0131n\u0131 sa\u011flayacak su kayna\u011f\u0131na sahip olmakt\u0131r.<\/p>\n<p style=\"text-align: justify;\">Yer alt\u0131 su kaynaklar\u0131na ula\u015fabilmek i\u00e7in geli\u015fmi\u015f sondaj teknikleri kullan\u0131lsa da \u00e7ok eski \u00e7a\u011flardan beri kullan\u0131lan &#8221;\u00e7atal \u00e7ubuk&#8221; \u00a0denilen aletlerle de bulunmaktad\u0131r. Alt\u0131 bin y\u0131ld\u0131r bilinen bir y\u00f6ntem olan \u00e7atal \u00e7ubu\u011fu \u00c7in kitabelerinde \u00c7in \u0130mparatorunun elinde de g\u00f6r\u00fcyoruz. Sadece Antik \u00c7in\u2019de de\u011fil d\u00fcnyan\u0131n farkl\u0131 b\u00f6lgelerindeki yaz\u0131tlardan ve duvar resimlerinden de anla\u015f\u0131laca\u011f\u0131 gibi eski insanlar da g\u00fcn\u00fcm\u00fczde &#8221;radyestezi&#8221; olarak bilinen &#8221;insan vucudunun i\u00e7indeki radyasyonun alg\u0131lanmas\u0131 yetene\u011fini&#8221; biliyor ve kullan\u0131yorlard\u0131. Eski insanlarda \u00e7atal \u00e7ubuk y\u00f6ntemiyle toprak alt\u0131nda su ve maden aramas\u0131\u00a0 yapm\u0131\u015flard\u0131r.<\/p>\n<p style=\"text-align: justify;\">D\u00fcnya\u2019da insan sa\u011fl\u0131\u011f\u0131, hayvan sa\u011fl\u0131\u011f\u0131, mineral, maden,su, arkeoloji, astroloji ve kriminoloji alanlar\u0131nda kullan\u0131lan radyestezi y\u00f6ntemiyle ilgili dernekler var. \u2018Society of Dowsing\u2019 ad\u0131 alt\u0131nda internette bir \u00e7ok sitede bir \u00e7ok bilgiye ula\u015f\u0131biliyor. Rusya\u2019da \u00fcniversitelerde ders olarak okutulmas\u0131na kar\u015f\u0131n \u00fclkemizde hen\u00fcz \u00e7ok amat\u00f6rce yer alt\u0131 su kaynaklar\u0131n\u0131 bulmak amac\u0131yla yap\u0131l\u0131yor.<\/p>\n<p style=\"text-align: justify;\">\u00c7atal \u00e7ubukla su k\u0131saca \u015f\u00f6yle bulunuyor: F\u0131nd\u0131k a\u011fac\u0131 \u00e7ubu\u011fu, dal\u0131 veya ba\u015fka bir sezgisel ara\u00e7 metal \u00e7ubuklar da (fakat \u00e7atalla\u015ft\u0131r\u0131lmas\u0131 ya da iki kolunun olmas\u0131 gerekir) olabilir. Arayan ki\u015fi alt\u0131nda mineral ya da su yata\u011f\u0131n\u0131n oldu\u011fundan \u015f\u00fcphelendi\u011fi arazinin \u00fczerinden y\u00fcr\u00fcrken \u00e7ubuk iki elle (\u00e7ubu\u011fun u\u00e7lar\u0131 kar\u015f\u0131ya bakacak \u015fekilde) tutulur. \u00c7ubu\u011fu etkileyen maddeye yakla\u015f\u0131ld\u0131\u011f\u0131nda \u00e7ubuk maddenin bulundu\u011fu y\u00f6ne do\u011fru oynar, titre\u015fir veya sal\u0131n\u0131m yapar. E\u011fer yeralt\u0131nda ise \u00e7ubu\u011fun u\u00e7lar\u0131 yeralt\u0131na do\u011fru y\u00f6nelir. Az rastlan\u0131lan baz\u0131 vakalarda \u00e7ubuk o kadar kuvvetli bir \u015fekilde hareket eder ki, aray\u0131c\u0131n\u0131n elinden kay\u0131p gider.<\/p>\n<p style=\"text-align: justify;\">\u00a0\u00c7atal \u00e7ubuk sadece cisimlerin yaym\u0131\u015f olduklar\u0131 \u0131\u015f\u0131nlara kar\u015f\u0131 duyarl\u0131 kimseler taraf\u0131ndan kullan\u0131labiliyor. Her cismin bir manyetik alan\u0131 oldu\u011fu ve baz\u0131 insanlar\u0131n da v\u00fccudunda bu manyetik \u0131\u015f\u0131n\u0131mlar\u0131 alg\u0131layabildi\u011fi bir yetenekleri oldu\u011fu kabul ediliyor.<\/p>\n<p style=\"text-align: justify;\">\u00dclkemizde de \u00e7atal \u00e7ubuk y\u00f6ntemiyle su, maden, hazine bulan ve bulduklar\u0131 su ve maden kaynaklar\u0131n\u0131 sondaj \u00e7al\u0131\u015fmalar\u0131yla kullan\u0131m\u0131n sa\u011flayan ki\u015filer bulunmaktad\u0131r. Bunlardan Mersin\u2019de ya\u015fayan Arif Canarslan y\u0131llard\u0131r bu y\u00f6ntemle bir \u00e7ok arazide yer alt\u0131 suyu buldu\u011funu hatta \u00e7atal \u00e7ubukla tespit etti\u011fi yer alt\u0131 suyunun(yine kendi geli\u015ftirdi\u011fi kur\u015fun k\u00fcreleri ayn\u0131 anda kullanarak) ka\u00e7 metre derinlikte oldu\u011funu ve ka\u00e7 in\u00e7 kal\u0131nl\u0131\u011f\u0131nda oldu\u011funu tespit edebildi\u011fini iddia etmektedir.<\/p>\n<p style=\"text-align: justify;\">\n","protected":false},"excerpt":{"rendered":"<p>G\u00fcn\u00fcm\u00fczde n\u00fcfusun artmas\u0131yla birlikte temiz g\u0131da ve su ihtiyac\u0131 da artmaktad\u0131r. K\u00fcresel \u0131s\u0131nmaya ba\u011fl\u0131 olarak yer \u00fcst\u00fc su kaynaklar\u0131 h\u0131zla yok olmakta ve kurakl\u0131k sadece insanlar\u0131n de\u011fil t\u00fcm canl\u0131lar\u0131n hayat\u0131n\u0131 tehdit etmektedir.\u00a0 Yine artan n\u00fcfusu doyurmak i\u00e7in yeni tar\u0131m arazileri a\u00e7\u0131lmakta fakat en \u00f6nemli sorun bu arazilerde sulu tar\u0131m yap\u0131lmas\u0131n\u0131 sa\u011flayacak su kayna\u011f\u0131na sahip olmakt\u0131r. [&hellip;]<\/p>\n","protected":false},"author":7,"featured_media":0,"comment_status":"open","ping_status":"open","sticky":false,"template":"","format":"standard","meta":{"_yoast_wpseo_focuskw":"","_yoast_wpseo_title":"","_yoast_wpseo_metadesc":"","_bbp_topic_count":0,"_bbp_reply_count":0,"_bbp_total_topic_count":0,"_bbp_total_reply_count":0,"_bbp_voice_count":0,"_bbp_anonymous_reply_count":0,"_bbp_topic_count_hidden":0,"_bbp_reply_count_hidden":0,"_bbp_forum_subforum_count":0,"footnotes":"","_yoast_wpseo_focuskw_text_input":""},"categories":[2882,37],"tags":[2627,2626,1624,2628],"yoast_head":"<!-- This site is optimized with the Yoast SEO plugin v23.0 - https:\/\/yoast.com\/wordpress\/plugins\/seo\/ -->\n<title>\u00c7atal \u00c7ubuk ya da Radyestezi ile Su Bulma - The Epoch Times TR<\/title>\n<meta name=\"robots\" content=\"index, follow, max-snippet:-1, max-image-preview:large, max-video-preview:-1\" \/>\n<link rel=\"canonical\" href=\"https:\/\/epochtimestr.com\/index.php\/catal-cubuk-ya-da-radyestezi-ile-su-bulma\" \/>\n<meta property=\"og:locale\" content=\"tr_TR\" \/>\n<meta property=\"og:type\" content=\"article\" \/>\n<meta property=\"og:title\" content=\"\u00c7atal \u00c7ubuk ya da Radyestezi ile Su Bulma - The Epoch Times TR\" \/>\n<meta property=\"og:description\" content=\"G\u00fcn\u00fcm\u00fczde n\u00fcfusun artmas\u0131yla birlikte temiz g\u0131da ve su ihtiyac\u0131 da artmaktad\u0131r. K\u00fcresel \u0131s\u0131nmaya ba\u011fl\u0131 olarak yer \u00fcst\u00fc su kaynaklar\u0131 h\u0131zla yok olmakta ve kurakl\u0131k sadece insanlar\u0131n de\u011fil t\u00fcm canl\u0131lar\u0131n hayat\u0131n\u0131 tehdit etmektedir.\u00a0 Yine artan n\u00fcfusu doyurmak i\u00e7in yeni tar\u0131m arazileri a\u00e7\u0131lmakta fakat en \u00f6nemli sorun bu arazilerde sulu tar\u0131m yap\u0131lmas\u0131n\u0131 sa\u011flayacak su kayna\u011f\u0131na sahip olmakt\u0131r. [&hellip;]\" \/>\n<meta property=\"og:url\" content=\"https:\/\/epochtimestr.com\/index.php\/catal-cubuk-ya-da-radyestezi-ile-su-bulma\" \/>\n<meta property=\"og:site_name\" content=\"The Epoch Times TR\" \/>\n<meta property=\"article:publisher\" content=\"https:\/\/www.facebook.com\/theepochtimestr\" \/>\n<meta property=\"article:published_time\" content=\"2011-08-30T12:18:52+00:00\" \/>\n<meta property=\"article:modified_time\" content=\"2013-03-28T13:41:29+00:00\" \/>\n<meta property=\"og:image\" content=\"http:\/\/www.epochtimestr.com\/wp-content\/uploads\/2011y\/107.jpg\" \/>\n<meta name=\"author\" content=\"D.Alk\u0131n\" \/>\n<meta name=\"twitter:card\" content=\"summary_large_image\" \/>\n<meta name=\"twitter:creator\" content=\"@TheEpochTimesTR\" \/>\n<meta name=\"twitter:site\" content=\"@TheEpochTimesTR\" \/>\n<meta name=\"twitter:label1\" content=\"Yazan:\" \/>\n\t<meta name=\"twitter:data1\" content=\"D.Alk\u0131n\" \/>\n\t<meta name=\"twitter:label2\" content=\"Tahmini okuma s\u00fcresi\" \/>\n\t<meta name=\"twitter:data2\" content=\"3 dakika\" \/>\n<script type=\"application\/ld+json\" class=\"yoast-schema-graph\">{\"@context\":\"https:\/\/schema.org\",\"@graph\":[{\"@type\":\"Article\",\"@id\":\"https:\/\/epochtimestr.com\/index.php\/catal-cubuk-ya-da-radyestezi-ile-su-bulma#article\",\"isPartOf\":{\"@id\":\"https:\/\/epochtimestr.com\/index.php\/catal-cubuk-ya-da-radyestezi-ile-su-bulma\"},\"author\":{\"name\":\"D.Alk\u0131n\",\"@id\":\"https:\/\/epochtimestr.com\/#\/schema\/person\/68d6c22d0fb4650d2f0b9f7d8f486b58\"},\"headline\":\"\u00c7atal \u00c7ubuk ya da Radyestezi ile Su Bulma\",\"datePublished\":\"2011-08-30T12:18:52+00:00\",\"dateModified\":\"2013-03-28T13:41:29+00:00\",\"mainEntityOfPage\":{\"@id\":\"https:\/\/epochtimestr.com\/index.php\/catal-cubuk-ya-da-radyestezi-ile-su-bulma\"},\"wordCount\":531,\"commentCount\":0,\"publisher\":{\"@id\":\"https:\/\/epochtimestr.com\/#organization\"},\"image\":{\"@id\":\"https:\/\/epochtimestr.com\/index.php\/catal-cubuk-ya-da-radyestezi-ile-su-bulma#primaryimage\"},\"thumbnailUrl\":\"http:\/\/www.epochtimestr.com\/wp-content\/uploads\/2011y\/107.jpg\",\"keywords\":[\"Arif canarslan\",\"\u00e7atal \u00e7ubuk\",\"mersin\",\"radyestezi\"],\"articleSection\":[\"Do\u011fa ve \u0130nsan\",\"T\u00dcRK\u0130YE\"],\"inLanguage\":\"tr\",\"potentialAction\":[{\"@type\":\"CommentAction\",\"name\":\"Comment\",\"target\":[\"https:\/\/epochtimestr.com\/index.php\/catal-cubuk-ya-da-radyestezi-ile-su-bulma#respond\"]}]},{\"@type\":\"WebPage\",\"@id\":\"https:\/\/epochtimestr.com\/index.php\/catal-cubuk-ya-da-radyestezi-ile-su-bulma\",\"url\":\"https:\/\/epochtimestr.com\/index.php\/catal-cubuk-ya-da-radyestezi-ile-su-bulma\",\"name\":\"\u00c7atal \u00c7ubuk ya da Radyestezi ile Su Bulma - The Epoch Times TR\",\"isPartOf\":{\"@id\":\"https:\/\/epochtimestr.com\/#website\"},\"primaryImageOfPage\":{\"@id\":\"https:\/\/epochtimestr.com\/index.php\/catal-cubuk-ya-da-radyestezi-ile-su-bulma#primaryimage\"},\"image\":{\"@id\":\"https:\/\/epochtimestr.com\/index.php\/catal-cubuk-ya-da-radyestezi-ile-su-bulma#primaryimage\"},\"thumbnailUrl\":\"http:\/\/www.epochtimestr.com\/wp-content\/uploads\/2011y\/107.jpg\",\"datePublished\":\"2011-08-30T12:18:52+00:00\",\"dateModified\":\"2013-03-28T13:41:29+00:00\",\"inLanguage\":\"tr\",\"potentialAction\":[{\"@type\":\"ReadAction\",\"target\":[\"https:\/\/epochtimestr.com\/index.php\/catal-cubuk-ya-da-radyestezi-ile-su-bulma\"]}]},{\"@type\":\"ImageObject\",\"inLanguage\":\"tr\",\"@id\":\"https:\/\/epochtimestr.com\/index.php\/catal-cubuk-ya-da-radyestezi-ile-su-bulma#primaryimage\",\"url\":\"http:\/\/www.epochtimestr.com\/wp-content\/uploads\/2011y\/107.jpg\",\"contentUrl\":\"http:\/\/www.epochtimestr.com\/wp-content\/uploads\/2011y\/107.jpg\"},{\"@type\":\"WebSite\",\"@id\":\"https:\/\/epochtimestr.com\/#website\",\"url\":\"https:\/\/epochtimestr.com\/\",\"name\":\"The Epoch Times TR\",\"description\":\"De\u011fi\u015fen D\u00fcnyam\u0131za Taze Bir Bak\u0131\u015f\",\"publisher\":{\"@id\":\"https:\/\/epochtimestr.com\/#organization\"},\"potentialAction\":[{\"@type\":\"SearchAction\",\"target\":{\"@type\":\"EntryPoint\",\"urlTemplate\":\"https:\/\/epochtimestr.com\/?s={search_term_string}\"},\"query-input\":\"required name=search_term_string\"}],\"inLanguage\":\"tr\"},{\"@type\":\"Organization\",\"@id\":\"https:\/\/epochtimestr.com\/#organization\",\"name\":\"The EpochTimes T\u00fcrkiye\",\"url\":\"https:\/\/epochtimestr.com\/\",\"logo\":{\"@type\":\"ImageObject\",\"inLanguage\":\"tr\",\"@id\":\"https:\/\/epochtimestr.com\/#\/schema\/logo\/image\/\",\"url\":\"https:\/\/epochtimestr.com\/wp-content\/uploads\/2011y\/ET-Logo-YG.jpg\",\"contentUrl\":\"https:\/\/epochtimestr.com\/wp-content\/uploads\/2011y\/ET-Logo-YG.jpg\",\"width\":346,\"height\":29,\"caption\":\"The EpochTimes T\u00fcrkiye\"},\"image\":{\"@id\":\"https:\/\/epochtimestr.com\/#\/schema\/logo\/image\/\"},\"sameAs\":[\"https:\/\/www.facebook.com\/theepochtimestr\",\"https:\/\/x.com\/TheEpochTimesTR\",\"https:\/\/www.instagram.com\/epochtimestr\"]},{\"@type\":\"Person\",\"@id\":\"https:\/\/epochtimestr.com\/#\/schema\/person\/68d6c22d0fb4650d2f0b9f7d8f486b58\",\"name\":\"D.Alk\u0131n\",\"image\":{\"@type\":\"ImageObject\",\"inLanguage\":\"tr\",\"@id\":\"https:\/\/epochtimestr.com\/#\/schema\/person\/image\/\",\"url\":\"https:\/\/secure.gravatar.com\/avatar\/595e935617b845a3d7cc21afea615017?s=96&d=mm&r=g\",\"contentUrl\":\"https:\/\/secure.gravatar.com\/avatar\/595e935617b845a3d7cc21afea615017?s=96&d=mm&r=g\",\"caption\":\"D.Alk\u0131n\"},\"url\":\"https:\/\/epochtimestr.com\/index.php\/author\/derya\"}]}<\/script>\n<!-- \/ Yoast SEO plugin. -->","yoast_head_json":{"title":"\u00c7atal \u00c7ubuk ya da Radyestezi ile Su Bulma - The Epoch Times TR","robots":{"index":"index","follow":"follow","max-snippet":"max-snippet:-1","max-image-preview":"max-image-preview:large","max-video-preview":"max-video-preview:-1"},"canonical":"https:\/\/epochtimestr.com\/index.php\/catal-cubuk-ya-da-radyestezi-ile-su-bulma","og_locale":"tr_TR","og_type":"article","og_title":"\u00c7atal \u00c7ubuk ya da Radyestezi ile Su Bulma - The Epoch Times TR","og_description":"G\u00fcn\u00fcm\u00fczde n\u00fcfusun artmas\u0131yla birlikte temiz g\u0131da ve su ihtiyac\u0131 da artmaktad\u0131r. K\u00fcresel \u0131s\u0131nmaya ba\u011fl\u0131 olarak yer \u00fcst\u00fc su kaynaklar\u0131 h\u0131zla yok olmakta ve kurakl\u0131k sadece insanlar\u0131n de\u011fil t\u00fcm canl\u0131lar\u0131n hayat\u0131n\u0131 tehdit etmektedir.\u00a0 Yine artan n\u00fcfusu doyurmak i\u00e7in yeni tar\u0131m arazileri a\u00e7\u0131lmakta fakat en \u00f6nemli sorun bu arazilerde sulu tar\u0131m yap\u0131lmas\u0131n\u0131 sa\u011flayacak su kayna\u011f\u0131na sahip olmakt\u0131r. [&hellip;]","og_url":"https:\/\/epochtimestr.com\/index.php\/catal-cubuk-ya-da-radyestezi-ile-su-bulma","og_site_name":"The Epoch Times TR","article_publisher":"https:\/\/www.facebook.com\/theepochtimestr","article_published_time":"2011-08-30T12:18:52+00:00","article_modified_time":"2013-03-28T13:41:29+00:00","og_image":[{"url":"http:\/\/www.epochtimestr.com\/wp-content\/uploads\/2011y\/107.jpg"}],"author":"D.Alk\u0131n","twitter_card":"summary_large_image","twitter_creator":"@TheEpochTimesTR","twitter_site":"@TheEpochTimesTR","twitter_misc":{"Yazan:":"D.Alk\u0131n","Tahmini okuma s\u00fcresi":"3 dakika"},"schema":{"@context":"https:\/\/schema.org","@graph":[{"@type":"Article","@id":"https:\/\/epochtimestr.com\/index.php\/catal-cubuk-ya-da-radyestezi-ile-su-bulma#article","isPartOf":{"@id":"https:\/\/epochtimestr.com\/index.php\/catal-cubuk-ya-da-radyestezi-ile-su-bulma"},"author":{"name":"D.Alk\u0131n","@id":"https:\/\/epochtimestr.com\/#\/schema\/person\/68d6c22d0fb4650d2f0b9f7d8f486b58"},"headline":"\u00c7atal \u00c7ubuk ya da Radyestezi ile Su Bulma","datePublished":"2011-08-30T12:18:52+00:00","dateModified":"2013-03-28T13:41:29+00:00","mainEntityOfPage":{"@id":"https:\/\/epochtimestr.com\/index.php\/catal-cubuk-ya-da-radyestezi-ile-su-bulma"},"wordCount":531,"commentCount":0,"publisher":{"@id":"https:\/\/epochtimestr.com\/#organization"},"image":{"@id":"https:\/\/epochtimestr.com\/index.php\/catal-cubuk-ya-da-radyestezi-ile-su-bulma#primaryimage"},"thumbnailUrl":"http:\/\/www.epochtimestr.com\/wp-content\/uploads\/2011y\/107.jpg","keywords":["Arif canarslan","\u00e7atal \u00e7ubuk","mersin","radyestezi"],"articleSection":["Do\u011fa ve \u0130nsan","T\u00dcRK\u0130YE"],"inLanguage":"tr","potentialAction":[{"@type":"CommentAction","name":"Comment","target":["https:\/\/epochtimestr.com\/index.php\/catal-cubuk-ya-da-radyestezi-ile-su-bulma#respond"]}]},{"@type":"WebPage","@id":"https:\/\/epochtimestr.com\/index.php\/catal-cubuk-ya-da-radyestezi-ile-su-bulma","url":"https:\/\/epochtimestr.com\/index.php\/catal-cubuk-ya-da-radyestezi-ile-su-bulma","name":"\u00c7atal \u00c7ubuk ya da Radyestezi ile Su Bulma - The Epoch Times TR","isPartOf":{"@id":"https:\/\/epochtimestr.com\/#website"},"primaryImageOfPage":{"@id":"https:\/\/epochtimestr.com\/index.php\/catal-cubuk-ya-da-radyestezi-ile-su-bulma#primaryimage"},"image":{"@id":"https:\/\/epochtimestr.com\/index.php\/catal-cubuk-ya-da-radyestezi-ile-su-bulma#primaryimage"},"thumbnailUrl":"http:\/\/www.epochtimestr.com\/wp-content\/uploads\/2011y\/107.jpg","datePublished":"2011-08-30T12:18:52+00:00","dateModified":"2013-03-28T13:41:29+00:00","inLanguage":"tr","potentialAction":[{"@type":"ReadAction","target":["https:\/\/epochtimestr.com\/index.php\/catal-cubuk-ya-da-radyestezi-ile-su-bulma"]}]},{"@type":"ImageObject","inLanguage":"tr","@id":"https:\/\/epochtimestr.com\/index.php\/catal-cubuk-ya-da-radyestezi-ile-su-bulma#primaryimage","url":"http:\/\/www.epochtimestr.com\/wp-content\/uploads\/2011y\/107.jpg","contentUrl":"http:\/\/www.epochtimestr.com\/wp-content\/uploads\/2011y\/107.jpg"},{"@type":"WebSite","@id":"https:\/\/epochtimestr.com\/#website","url":"https:\/\/epochtimestr.com\/","name":"The Epoch Times TR","description":"De\u011fi\u015fen D\u00fcnyam\u0131za Taze Bir Bak\u0131\u015f","publisher":{"@id":"https:\/\/epochtimestr.com\/#organization"},"potentialAction":[{"@type":"SearchAction","target":{"@type":"EntryPoint","urlTemplate":"https:\/\/epochtimestr.com\/?s={search_term_string}"},"query-input":"required name=search_term_string"}],"inLanguage":"tr"},{"@type":"Organization","@id":"https:\/\/epochtimestr.com\/#organization","name":"The EpochTimes T\u00fcrkiye","url":"https:\/\/epochtimestr.com\/","logo":{"@type":"ImageObject","inLanguage":"tr","@id":"https:\/\/epochtimestr.com\/#\/schema\/logo\/image\/","url":"https:\/\/epochtimestr.com\/wp-content\/uploads\/2011y\/ET-Logo-YG.jpg","contentUrl":"https:\/\/epochtimestr.com\/wp-content\/uploads\/2011y\/ET-Logo-YG.jpg","width":346,"height":29,"caption":"The EpochTimes T\u00fcrkiye"},"image":{"@id":"https:\/\/epochtimestr.com\/#\/schema\/logo\/image\/"},"sameAs":["https:\/\/www.facebook.com\/theepochtimestr","https:\/\/x.com\/TheEpochTimesTR","https:\/\/www.instagram.com\/epochtimestr"]},{"@type":"Person","@id":"https:\/\/epochtimestr.com\/#\/schema\/person\/68d6c22d0fb4650d2f0b9f7d8f486b58","name":"D.Alk\u0131n","image":{"@type":"ImageObject","inLanguage":"tr","@id":"https:\/\/epochtimestr.com\/#\/schema\/person\/image\/","url":"https:\/\/secure.gravatar.com\/avatar\/595e935617b845a3d7cc21afea615017?s=96&d=mm&r=g","contentUrl":"https:\/\/secure.gravatar.com\/avatar\/595e935617b845a3d7cc21afea615017?s=96&d=mm&r=g","caption":"D.Alk\u0131n"},"url":"https:\/\/epochtimestr.com\/index.php\/author\/derya"}]}},"_links":{"self":[{"href":"https:\/\/epochtimestr.com\/index.php\/wp-json\/wp\/v2\/posts\/45815"}],"collection":[{"href":"https:\/\/epochtimestr.com\/index.php\/wp-json\/wp\/v2\/posts"}],"about":[{"href":"https:\/\/epochtimestr.com\/index.php\/wp-json\/wp\/v2\/types\/post"}],"author":[{"embeddable":true,"href":"https:\/\/epochtimestr.com\/index.php\/wp-json\/wp\/v2\/users\/7"}],"replies":[{"embeddable":true,"href":"https:\/\/epochtimestr.com\/index.php\/wp-json\/wp\/v2\/comments?post=45815"}],"version-history":[{"count":12,"href":"https:\/\/epochtimestr.com\/index.php\/wp-json\/wp\/v2\/posts\/45815\/revisions"}],"predecessor-version":[{"id":66044,"href":"https:\/\/epochtimestr.com\/index.php\/wp-json\/wp\/v2\/posts\/45815\/revisions\/66044"}],"wp:attachment":[{"href":"https:\/\/epochtimestr.com\/index.php\/wp-json\/wp\/v2\/media?parent=45815"}],"wp:term":[{"taxonomy":"category","embeddable":true,"href":"https:\/\/epochtimestr.com\/index.php\/wp-json\/wp\/v2\/categories?post=45815"},{"taxonomy":"post_tag","embeddable":true,"href":"https:\/\/epochtimestr.com\/index.php\/wp-json\/wp\/v2\/tags?post=45815"}],"curies":[{"name":"wp","href":"https:\/\/api.w.org\/{rel}","templated":true}]}}