{"id":47522,"date":"2011-10-05T16:13:42","date_gmt":"2011-10-05T13:13:42","guid":{"rendered":"http:\/\/www.epochtimestr.com\/?p=47522"},"modified":"2013-08-23T15:02:50","modified_gmt":"2013-08-23T12:02:50","slug":"sipa-pressin-kurucusu-unlu-foto-muhabiri-goksin-sipahioglu-hayatini-kaybetti","status":"publish","type":"post","link":"https:\/\/epochtimestr.com\/index.php\/sipa-pressin-kurucusu-unlu-foto-muhabiri-goksin-sipahioglu-hayatini-kaybetti","title":{"rendered":"S\u0130PA Press\u2019in Kurucusu \u00dcnl\u00fc Foto Muhabiri G\u00f6k\u015fin Sipahio\u011flu Hayat\u0131n\u0131 Kaybetti"},"content":{"rendered":"<p style=\"text-align: justify;\">S\u0130PA\u2019n\u0131n kurucusu \u00fcnl\u00fc T\u00fcrk foto muhabiri G\u00f6k\u015fin Sipahio\u011flu 5 Ekim 2011 tarihinde, 50 seneye yak\u0131n zamand\u0131r ya\u015famakta oldu\u011fu Paris\u2019te hayat\u0131n\u0131 kaybetmi\u015ftir.<\/p>\n<p style=\"text-align: justify;\">G\u00f6k\u015fin Sipahio\u011flu, 1961 y\u0131l\u0131nda patlak veren f\u00fcze krizi s\u0131ras\u0131nda K\u00fcba\u2019ya girmeyi ba\u015faran ve r\u00f6portajlar yapan tek bat\u0131l\u0131 gazeteci olmas\u0131; 1968 y\u0131l\u0131nda Paris olaylar\u0131n\u0131 yans\u0131tt\u0131\u011f\u0131 foto\u011fraflar\u0131, \u00c7ekoslovakya ve Arnavutluk\u2019ta meydana gelen olaylar hakk\u0131ndaki haber ve foto\u011fraflar\u0131yla \u00fcn yapm\u0131\u015ft\u0131r. Frans\u0131zlar taraf\u0131ndan \u201cGrand Turc\u201d olarak an\u0131l\u0131r.<\/p>\n<p style=\"text-align: justify;\">Ayn\u0131 zamanda Efes Pilsen basketbol tak\u0131m\u0131n\u0131n kurucusudur.<\/p>\n<p style=\"text-align: justify;\">28 Aral\u0131k 1926\u2032da \u0130zmir\u2019de do\u011fan Sipahio\u011flu, \u0130stanbul\u2019da Saint Joseph Frans\u0131z Lisesi\u2019nde okudu. Sonradan Efes Pilsen basketbol tak\u0131m\u0131na d\u00f6n\u00fc\u015fecek olan Kad\u0131k\u00f6y Spor Kul\u00fcb\u00fc\u2019n\u00fcn kurucusu ve oyuncusu oldu. \u0130stanbul \u00dcniversitesi\u2019nde gazetecilik e\u011fitimi ald\u0131.<\/p>\n<p style=\"text-align: justify;\">Gazetecili\u011fe\u00a0<em>\u0130stanbul Ekspress<\/em> gazetesinde spor yazar\u0131 olarak ba\u015flad\u0131. \u201cSait Ceylan\u201d takma ad\u0131yla yazd\u0131\u011f\u0131 yaz\u0131lar dikkat \u00e7ekti ve k\u0131sa s\u00fcrede gazetenin yaz\u0131 i\u015fleri m\u00fcd\u00fcr\u00fc oldu.<\/p>\n<p style=\"text-align: justify;\">1955\u2019te, \u0130stanbul Ekspress\u2019in yaz\u0131 i\u015fleri m\u00fcd\u00fcrl\u00fc\u011f\u00fcn\u00fc yapt\u0131\u011f\u0131 s\u0131rada yay\u0131mlad\u0131\u011f\u0131 \u201cSelanik\u2019te Atat\u00fcrk\u2019\u00fcn do\u011fdu\u011fu evini bombalad\u0131lar\u201d haberinden \u00f6t\u00fcr\u00fc 6-7 Eyl\u00fcl Olaylar\u0131n\u0131n ortaya \u00e7\u0131kmas\u0131n\u0131 planlamakla su\u00e7lanm\u0131\u015ft\u0131r.<\/p>\n<p style=\"text-align: justify;\">1956\u2019da \u0130srail-M\u0131s\u0131r Sava\u015f\u0131\u2019nda Sina \u00c7\u00f6l\u00fc\u2019nde \u00e7ekti\u011fi yaral\u0131 M\u0131s\u0131r askerleri foto\u011frafalar\u0131, ilk b\u00fcy\u00fck haberi oldu.<\/p>\n<p style=\"text-align: justify;\">&nbsp;<\/p>\n<figure id=\"attachment_47523\" aria-describedby=\"caption-attachment-47523\" style=\"width: 448px\" class=\"wp-caption aligncenter\"><a rel=\"attachment wp-att-47523\" href=\"http:\/\/www.epochtimestr.com\/index.php\/sipa-pressin-kurucusu-unlu-foto-muhabiri-goksin-sipahioglu-hayatini-kaybetti\/f-2\/\"><img loading=\"lazy\" decoding=\"async\" class=\"size-full wp-image-47523\" title=\"G\u00f6k\u015fin Sipahio\u011flu\" src=\"https:\/\/epochtimestr.com\/wp-content\/uploads\/2011y\/G%C3%B6k%C5%9Fin-Sipahio%C4%9Flu.jpg\" alt=\"\" width=\"448\" height=\"330\" \/><\/a><figcaption id=\"caption-attachment-47523\" class=\"wp-caption-text\">Getty Images\/AFP\/Raymond Roig<\/figcaption><\/figure>\n<p>1957\u2019de\u00a0<em>Yeni Gazete<\/em> adl\u0131 gazeteyi yay\u0131mlayarak gezetecili\u011fi s\u00fcrd\u00fcrd\u00fc. Annesinin Ni\u015fanta\u015f\u0131\u2019daki evini ipotekleyerek yay\u0131mlad\u0131\u011f\u0131 bu gazetede \u00c7etin Altan ve Aziz Nesin\u2019in ilk yaz\u0131lar\u0131 yay\u0131mland\u0131.<\/p>\n<p style=\"text-align: justify;\">Bir s\u00fcre Vatan Gazetesi\u2019nde genel yay\u0131n y\u00f6netmenli\u011fi yapt\u0131. Bu s\u0131rada kurdu\u011fu erken bask\u0131 sistemi, T\u00fcrk gazetecili\u011fine yapt\u0131\u011f\u0131 \u00f6nemli katk\u0131lardan birisidir.<\/p>\n<p style=\"text-align: justify;\">Sipahio\u011flu, Vatan Gazetesi\u2019ndeki g\u00f6revinden sonra serbest muhabir olarak \u00e7al\u0131\u015fmaya ba\u015flad\u0131. Bu d\u00f6nemde hi\u00e7bir Bat\u0131l\u0131 gazetecinin giremedi\u011fi Arnavutluk\u2019a gitti. Tiran\u2019da yapt\u0131\u011f\u0131 pek \u00e7ok \u00e7al\u0131\u015fma, bat\u0131l\u0131 gazetelere man\u015fet oldu. 1961 y\u0131l\u0131nda ise patlak veren f\u00fcze krizi nedeniyle giri\u015f-\u00e7\u0131k\u0131\u015flar\u0131n yasakland\u0131\u011f\u0131 K\u00fcba\u2019ya gemici pasaportu ile girdi. \u00c7ekti\u011fi foto\u011fraflar, t\u00fcm d\u00fcnyada pek \u00e7ok gazetede man\u015fet oldu ve ona b\u00fcy\u00fck \u00fcn getirdi. Ayn\u0131 y\u0131l H\u00fcrriyet Gazetesi i\u00e7in \u00e7al\u0131\u015fmaya ba\u015flad\u0131; d\u00f6rt y\u0131l i\u00e7inde seksen \u00fclkede r\u00f6portajlar yapt\u0131. K\u00fclt\u00fcr Devrimi \u00f6ncesinde \u00c7in\u2019e vize alan ilk T\u00fcrk gazeteci oldu.<\/p>\n<p style=\"text-align: justify;\">1966\u2032da Erol Simavi\u2019nin teklifini kabul ederek H\u00fcrriyet Gazetesi\u2019nin Paris b\u00fcro \u015fefi olarak Fransa\u2019ya gitti. 1967\u2019de Fransa y\u00f6netimine kar\u015f\u0131 ayaklanan Cibuti\u2019de ba\u015fkald\u0131ranlara ate\u015f eden Frans\u0131z jandarmalar\u0131, 1968\u2019de Paris\u2019teki \u00f6\u011frenci olaylar\u0131n\u0131 foto\u011fraflad\u0131. Bu foto\u011fraflar Jean Bertolino\u2019nun\u00a0<em>Les Trublions<\/em> kitab\u0131nda yay\u0131nland\u0131.<\/p>\n<p style=\"text-align: justify;\">1969 y\u0131l\u0131nda Gama Ajans\u0131 ile \u00e7al\u0131\u015fmaya ba\u015flayan Sipahio\u011flu, Do\u011fu Bloku \u00fclkelerinin liderlerinin kat\u0131laca\u011f\u0131 Bratislava Konferans\u0131\u2019na gitme iste\u011fi ajans taraf\u0131ndan reddedilince kendi imk\u00e2nlar\u0131 ile \u00c7ekoslovakya\u2019ya gitti ve iki hafta sonra \u00fclke, Var\u015fova Pakt\u0131 \u00fclkeleri taraf\u0131ndan i\u015fgal edildi. Bu olay, kendi r\u00f6portajlar\u0131n\u0131 da\u011ft\u0131ma amac\u0131yla SIPA Press\u2019i kurma d\u00fc\u015f\u00fcncesini do\u011furmu\u015ftur.<\/p>\n<p style=\"text-align: justify;\">Sipahio\u011flu,\u00a0<em>SIPA Press<\/em>\u2019i daha sonra e\u015fi olacak olan Amerikal\u0131 gazeteci Phyllis Springer ve Cumhuriyet gazetesinin Atina muhabiri Kosta Daponte ile birlikte gayri resmi olarak 1969\u2019da kurdu. Foto muhabirlerini olaylar\u0131n \u00f6ncesinde olay \u00e7\u0131kacak b\u00f6lgelere y\u00f6nlendirmede \u00e7ok usta idi. Bu sayede SIPA Pres bir marka haline geldi ve b\u00fcnyesinde d\u00fcnyan\u0131n en zengin foto\u011fraf ar\u015fivlerinden birisin olu\u015fturdu.<\/p>\n<p style=\"text-align: justify;\">1973 y\u0131l\u0131nda resmi olarak kurulan S\u0130PA, binlerce foto\u011fraf\u00e7\u0131 ile \u00e7al\u0131\u015fmalar\u0131n\u0131 s\u00fcrd\u00fcrd\u00fc ancak teknolojik geli\u015fmelere ayak uyduramad\u0131. Sipahio\u011flu, gelen astronomik teklifleri uzun s\u00fcre geri \u00e7evirdiyse de maddi s\u0131k\u0131nt\u0131lar nedeniyle ajans\u0131 2001 y\u0131l\u0131nda Frans\u0131z medya grubu Sud Communication\u2019a satt\u0131.<\/p>\n<p>Sergiler:<\/p>\n<ul>\n<li>1998 y\u0131l\u0131nda Paris\u2019te Barikatlar adl\u0131 sergide, May\u0131s 1968\u2019de \u00e7ekti\u011fi foto\u011fraflar\u0131 sergiledi.<\/li>\n<li>6 Eyl\u00fcl-12 Kas\u0131m 2006 tarihleri aras\u0131nda Sipaio\u011flu\u2019n\u0131n 124 foto\u011fraf\u0131 \u0130stanbul Modern\u2019deki Do\u011fru Yerde Do\u011fru Zamanda adl\u0131 retrospektif sergisinde sergilenmi\u015ftir.<\/li>\n<li>5-25 \u015eubat 2009 tarihleri aras\u0131nda, Frans\u0131z K\u00fclt\u00fcr Merkezi\u2019nde\u00a0<em>Monsieur Sipa<\/em> ad\u0131yla 1960 ve 1970\u2032li y\u0131llara ait foto\u011fraflar\u0131 sergilenmi\u015ftir.<\/li>\n<\/ul>\n<p>\u00d6d\u00fclleri:<\/p>\n<ul>\n<li>1994 \u2013 Fransa Sanat ve Edebiyat \u015e\u00f6valyesi \u00fcnvan\u0131<\/li>\n<li>2000 \u2013 T\u00fcrkiye Devlet \u00dcst\u00fcn Hizmet Madalyas\u0131<\/li>\n<li>2003 \u2013 Fransa K\u00fclt\u00fcr Bakanl\u0131\u011f\u0131 taraf\u0131ndan verilen sanat ve edebiyat ni\u015fan\u0131<\/li>\n<li>2007 \u2013 Fransa cumhurba\u015fkan\u0131 Jacques Chirac taraf\u0131ndan Chevalier de la L\u00e9gion d\u2019honneur<\/li>\n<\/ul>\n<p>&nbsp;<\/p>\n","protected":false},"excerpt":{"rendered":"<p>S\u0130PA\u2019n\u0131n kurucusu \u00fcnl\u00fc T\u00fcrk foto muhabiri G\u00f6k\u015fin Sipahio\u011flu 5 Ekim 2011 tarihinde, 50 seneye yak\u0131n zamand\u0131r ya\u015famakta oldu\u011fu Paris\u2019te hayat\u0131n\u0131 kaybetmi\u015ftir. G\u00f6k\u015fin Sipahio\u011flu, 1961 y\u0131l\u0131nda patlak veren f\u00fcze krizi s\u0131ras\u0131nda K\u00fcba\u2019ya girmeyi ba\u015faran ve r\u00f6portajlar yapan tek bat\u0131l\u0131 gazeteci olmas\u0131; 1968 y\u0131l\u0131nda Paris olaylar\u0131n\u0131 yans\u0131tt\u0131\u011f\u0131 foto\u011fraflar\u0131, \u00c7ekoslovakya ve Arnavutluk\u2019ta meydana gelen olaylar hakk\u0131ndaki haber ve [&hellip;]<\/p>\n","protected":false},"author":18,"featured_media":0,"comment_status":"open","ping_status":"open","sticky":false,"template":"","format":"standard","meta":{"_yoast_wpseo_focuskw":"","_yoast_wpseo_title":"","_yoast_wpseo_metadesc":"","_bbp_topic_count":0,"_bbp_reply_count":0,"_bbp_total_topic_count":0,"_bbp_total_reply_count":0,"_bbp_voice_count":0,"_bbp_anonymous_reply_count":0,"_bbp_topic_count_hidden":0,"_bbp_reply_count_hidden":0,"_bbp_forum_subforum_count":0,"footnotes":"","_yoast_wpseo_focuskw_text_input":""},"categories":[60],"tags":[2965,2970,2966],"yoast_head":"<!-- This site is optimized with the Yoast SEO plugin v23.0 - https:\/\/yoast.com\/wordpress\/plugins\/seo\/ -->\n<title>S\u0130PA Press\u2019in Kurucusu \u00dcnl\u00fc Foto Muhabiri G\u00f6k\u015fin Sipahio\u011flu Hayat\u0131n\u0131 Kaybetti - The Epoch Times TR<\/title>\n<meta name=\"robots\" content=\"index, follow, max-snippet:-1, max-image-preview:large, max-video-preview:-1\" \/>\n<link rel=\"canonical\" href=\"https:\/\/epochtimestr.com\/index.php\/sipa-pressin-kurucusu-unlu-foto-muhabiri-goksin-sipahioglu-hayatini-kaybetti\" \/>\n<meta property=\"og:locale\" content=\"tr_TR\" \/>\n<meta property=\"og:type\" content=\"article\" \/>\n<meta property=\"og:title\" content=\"S\u0130PA Press\u2019in Kurucusu \u00dcnl\u00fc Foto Muhabiri G\u00f6k\u015fin Sipahio\u011flu Hayat\u0131n\u0131 Kaybetti - The Epoch Times TR\" \/>\n<meta property=\"og:description\" content=\"S\u0130PA\u2019n\u0131n kurucusu \u00fcnl\u00fc T\u00fcrk foto muhabiri G\u00f6k\u015fin Sipahio\u011flu 5 Ekim 2011 tarihinde, 50 seneye yak\u0131n zamand\u0131r ya\u015famakta oldu\u011fu Paris\u2019te hayat\u0131n\u0131 kaybetmi\u015ftir. G\u00f6k\u015fin Sipahio\u011flu, 1961 y\u0131l\u0131nda patlak veren f\u00fcze krizi s\u0131ras\u0131nda K\u00fcba\u2019ya girmeyi ba\u015faran ve r\u00f6portajlar yapan tek bat\u0131l\u0131 gazeteci olmas\u0131; 1968 y\u0131l\u0131nda Paris olaylar\u0131n\u0131 yans\u0131tt\u0131\u011f\u0131 foto\u011fraflar\u0131, \u00c7ekoslovakya ve Arnavutluk\u2019ta meydana gelen olaylar hakk\u0131ndaki haber ve [&hellip;]\" \/>\n<meta property=\"og:url\" content=\"https:\/\/epochtimestr.com\/index.php\/sipa-pressin-kurucusu-unlu-foto-muhabiri-goksin-sipahioglu-hayatini-kaybetti\" \/>\n<meta property=\"og:site_name\" content=\"The Epoch Times TR\" \/>\n<meta property=\"article:publisher\" content=\"https:\/\/www.facebook.com\/theepochtimestr\" \/>\n<meta property=\"article:published_time\" content=\"2011-10-05T13:13:42+00:00\" \/>\n<meta property=\"article:modified_time\" content=\"2013-08-23T12:02:50+00:00\" \/>\n<meta property=\"og:image\" content=\"http:\/\/epochtimestr.com\/wp-content\/uploads\/2011y\/G%C3%B6k%C5%9Fin-Sipahio%C4%9Flu.jpg\" \/>\n<meta name=\"author\" content=\"Nesrin Se\u00e7er\" \/>\n<meta name=\"twitter:card\" content=\"summary_large_image\" \/>\n<meta name=\"twitter:creator\" content=\"@TheEpochTimesTR\" \/>\n<meta name=\"twitter:site\" content=\"@TheEpochTimesTR\" \/>\n<meta name=\"twitter:label1\" content=\"Yazan:\" \/>\n\t<meta name=\"twitter:data1\" content=\"Nesrin Se\u00e7er\" \/>\n\t<meta name=\"twitter:label2\" content=\"Tahmini okuma s\u00fcresi\" \/>\n\t<meta name=\"twitter:data2\" content=\"4 dakika\" \/>\n<script type=\"application\/ld+json\" class=\"yoast-schema-graph\">{\"@context\":\"https:\/\/schema.org\",\"@graph\":[{\"@type\":\"Article\",\"@id\":\"https:\/\/epochtimestr.com\/index.php\/sipa-pressin-kurucusu-unlu-foto-muhabiri-goksin-sipahioglu-hayatini-kaybetti#article\",\"isPartOf\":{\"@id\":\"https:\/\/epochtimestr.com\/index.php\/sipa-pressin-kurucusu-unlu-foto-muhabiri-goksin-sipahioglu-hayatini-kaybetti\"},\"author\":{\"name\":\"Nesrin Se\u00e7er\",\"@id\":\"https:\/\/epochtimestr.com\/#\/schema\/person\/9449775713995720d2e8d6af219e3cc3\"},\"headline\":\"S\u0130PA Press\u2019in Kurucusu \u00dcnl\u00fc Foto Muhabiri G\u00f6k\u015fin Sipahio\u011flu Hayat\u0131n\u0131 Kaybetti\",\"datePublished\":\"2011-10-05T13:13:42+00:00\",\"dateModified\":\"2013-08-23T12:02:50+00:00\",\"mainEntityOfPage\":{\"@id\":\"https:\/\/epochtimestr.com\/index.php\/sipa-pressin-kurucusu-unlu-foto-muhabiri-goksin-sipahioglu-hayatini-kaybetti\"},\"wordCount\":831,\"commentCount\":0,\"publisher\":{\"@id\":\"https:\/\/epochtimestr.com\/#organization\"},\"image\":{\"@id\":\"https:\/\/epochtimestr.com\/index.php\/sipa-pressin-kurucusu-unlu-foto-muhabiri-goksin-sipahioglu-hayatini-kaybetti#primaryimage\"},\"thumbnailUrl\":\"http:\/\/epochtimestr.com\/wp-content\/uploads\/2011y\/G%C3%B6k%C5%9Fin-Sipahio%C4%9Flu.jpg\",\"keywords\":[\"G\u00f6k\u015fin Sipahio\u011flu\",\"\u0130stanbul Express\",\"Sipa Press\"],\"articleSection\":[\"Taslak'da b\u0131rak\"],\"inLanguage\":\"tr\",\"potentialAction\":[{\"@type\":\"CommentAction\",\"name\":\"Comment\",\"target\":[\"https:\/\/epochtimestr.com\/index.php\/sipa-pressin-kurucusu-unlu-foto-muhabiri-goksin-sipahioglu-hayatini-kaybetti#respond\"]}]},{\"@type\":\"WebPage\",\"@id\":\"https:\/\/epochtimestr.com\/index.php\/sipa-pressin-kurucusu-unlu-foto-muhabiri-goksin-sipahioglu-hayatini-kaybetti\",\"url\":\"https:\/\/epochtimestr.com\/index.php\/sipa-pressin-kurucusu-unlu-foto-muhabiri-goksin-sipahioglu-hayatini-kaybetti\",\"name\":\"S\u0130PA Press\u2019in Kurucusu \u00dcnl\u00fc Foto Muhabiri G\u00f6k\u015fin Sipahio\u011flu Hayat\u0131n\u0131 Kaybetti - The Epoch Times TR\",\"isPartOf\":{\"@id\":\"https:\/\/epochtimestr.com\/#website\"},\"primaryImageOfPage\":{\"@id\":\"https:\/\/epochtimestr.com\/index.php\/sipa-pressin-kurucusu-unlu-foto-muhabiri-goksin-sipahioglu-hayatini-kaybetti#primaryimage\"},\"image\":{\"@id\":\"https:\/\/epochtimestr.com\/index.php\/sipa-pressin-kurucusu-unlu-foto-muhabiri-goksin-sipahioglu-hayatini-kaybetti#primaryimage\"},\"thumbnailUrl\":\"http:\/\/epochtimestr.com\/wp-content\/uploads\/2011y\/G%C3%B6k%C5%9Fin-Sipahio%C4%9Flu.jpg\",\"datePublished\":\"2011-10-05T13:13:42+00:00\",\"dateModified\":\"2013-08-23T12:02:50+00:00\",\"inLanguage\":\"tr\",\"potentialAction\":[{\"@type\":\"ReadAction\",\"target\":[\"https:\/\/epochtimestr.com\/index.php\/sipa-pressin-kurucusu-unlu-foto-muhabiri-goksin-sipahioglu-hayatini-kaybetti\"]}]},{\"@type\":\"ImageObject\",\"inLanguage\":\"tr\",\"@id\":\"https:\/\/epochtimestr.com\/index.php\/sipa-pressin-kurucusu-unlu-foto-muhabiri-goksin-sipahioglu-hayatini-kaybetti#primaryimage\",\"url\":\"http:\/\/epochtimestr.com\/wp-content\/uploads\/2011y\/G%C3%B6k%C5%9Fin-Sipahio%C4%9Flu.jpg\",\"contentUrl\":\"http:\/\/epochtimestr.com\/wp-content\/uploads\/2011y\/G%C3%B6k%C5%9Fin-Sipahio%C4%9Flu.jpg\"},{\"@type\":\"WebSite\",\"@id\":\"https:\/\/epochtimestr.com\/#website\",\"url\":\"https:\/\/epochtimestr.com\/\",\"name\":\"The Epoch Times TR\",\"description\":\"De\u011fi\u015fen D\u00fcnyam\u0131za Taze Bir Bak\u0131\u015f\",\"publisher\":{\"@id\":\"https:\/\/epochtimestr.com\/#organization\"},\"potentialAction\":[{\"@type\":\"SearchAction\",\"target\":{\"@type\":\"EntryPoint\",\"urlTemplate\":\"https:\/\/epochtimestr.com\/?s={search_term_string}\"},\"query-input\":\"required name=search_term_string\"}],\"inLanguage\":\"tr\"},{\"@type\":\"Organization\",\"@id\":\"https:\/\/epochtimestr.com\/#organization\",\"name\":\"The EpochTimes T\u00fcrkiye\",\"url\":\"https:\/\/epochtimestr.com\/\",\"logo\":{\"@type\":\"ImageObject\",\"inLanguage\":\"tr\",\"@id\":\"https:\/\/epochtimestr.com\/#\/schema\/logo\/image\/\",\"url\":\"https:\/\/epochtimestr.com\/wp-content\/uploads\/2011y\/ET-Logo-YG.jpg\",\"contentUrl\":\"https:\/\/epochtimestr.com\/wp-content\/uploads\/2011y\/ET-Logo-YG.jpg\",\"width\":346,\"height\":29,\"caption\":\"The EpochTimes T\u00fcrkiye\"},\"image\":{\"@id\":\"https:\/\/epochtimestr.com\/#\/schema\/logo\/image\/\"},\"sameAs\":[\"https:\/\/www.facebook.com\/theepochtimestr\",\"https:\/\/x.com\/TheEpochTimesTR\",\"https:\/\/www.instagram.com\/epochtimestr\"]},{\"@type\":\"Person\",\"@id\":\"https:\/\/epochtimestr.com\/#\/schema\/person\/9449775713995720d2e8d6af219e3cc3\",\"name\":\"Nesrin Se\u00e7er\",\"image\":{\"@type\":\"ImageObject\",\"inLanguage\":\"tr\",\"@id\":\"https:\/\/epochtimestr.com\/#\/schema\/person\/image\/\",\"url\":\"https:\/\/secure.gravatar.com\/avatar\/9e76ddf1406df7ae1827116f0007ff40?s=96&d=mm&r=g\",\"contentUrl\":\"https:\/\/secure.gravatar.com\/avatar\/9e76ddf1406df7ae1827116f0007ff40?s=96&d=mm&r=g\",\"caption\":\"Nesrin Se\u00e7er\"},\"url\":\"https:\/\/epochtimestr.com\/index.php\/author\/nesrin\"}]}<\/script>\n<!-- \/ Yoast SEO plugin. -->","yoast_head_json":{"title":"S\u0130PA Press\u2019in Kurucusu \u00dcnl\u00fc Foto Muhabiri G\u00f6k\u015fin Sipahio\u011flu Hayat\u0131n\u0131 Kaybetti - The Epoch Times TR","robots":{"index":"index","follow":"follow","max-snippet":"max-snippet:-1","max-image-preview":"max-image-preview:large","max-video-preview":"max-video-preview:-1"},"canonical":"https:\/\/epochtimestr.com\/index.php\/sipa-pressin-kurucusu-unlu-foto-muhabiri-goksin-sipahioglu-hayatini-kaybetti","og_locale":"tr_TR","og_type":"article","og_title":"S\u0130PA Press\u2019in Kurucusu \u00dcnl\u00fc Foto Muhabiri G\u00f6k\u015fin Sipahio\u011flu Hayat\u0131n\u0131 Kaybetti - The Epoch Times TR","og_description":"S\u0130PA\u2019n\u0131n kurucusu \u00fcnl\u00fc T\u00fcrk foto muhabiri G\u00f6k\u015fin Sipahio\u011flu 5 Ekim 2011 tarihinde, 50 seneye yak\u0131n zamand\u0131r ya\u015famakta oldu\u011fu Paris\u2019te hayat\u0131n\u0131 kaybetmi\u015ftir. G\u00f6k\u015fin Sipahio\u011flu, 1961 y\u0131l\u0131nda patlak veren f\u00fcze krizi s\u0131ras\u0131nda K\u00fcba\u2019ya girmeyi ba\u015faran ve r\u00f6portajlar yapan tek bat\u0131l\u0131 gazeteci olmas\u0131; 1968 y\u0131l\u0131nda Paris olaylar\u0131n\u0131 yans\u0131tt\u0131\u011f\u0131 foto\u011fraflar\u0131, \u00c7ekoslovakya ve Arnavutluk\u2019ta meydana gelen olaylar hakk\u0131ndaki haber ve [&hellip;]","og_url":"https:\/\/epochtimestr.com\/index.php\/sipa-pressin-kurucusu-unlu-foto-muhabiri-goksin-sipahioglu-hayatini-kaybetti","og_site_name":"The Epoch Times TR","article_publisher":"https:\/\/www.facebook.com\/theepochtimestr","article_published_time":"2011-10-05T13:13:42+00:00","article_modified_time":"2013-08-23T12:02:50+00:00","og_image":[{"url":"http:\/\/epochtimestr.com\/wp-content\/uploads\/2011y\/G%C3%B6k%C5%9Fin-Sipahio%C4%9Flu.jpg"}],"author":"Nesrin Se\u00e7er","twitter_card":"summary_large_image","twitter_creator":"@TheEpochTimesTR","twitter_site":"@TheEpochTimesTR","twitter_misc":{"Yazan:":"Nesrin Se\u00e7er","Tahmini okuma s\u00fcresi":"4 dakika"},"schema":{"@context":"https:\/\/schema.org","@graph":[{"@type":"Article","@id":"https:\/\/epochtimestr.com\/index.php\/sipa-pressin-kurucusu-unlu-foto-muhabiri-goksin-sipahioglu-hayatini-kaybetti#article","isPartOf":{"@id":"https:\/\/epochtimestr.com\/index.php\/sipa-pressin-kurucusu-unlu-foto-muhabiri-goksin-sipahioglu-hayatini-kaybetti"},"author":{"name":"Nesrin Se\u00e7er","@id":"https:\/\/epochtimestr.com\/#\/schema\/person\/9449775713995720d2e8d6af219e3cc3"},"headline":"S\u0130PA Press\u2019in Kurucusu \u00dcnl\u00fc Foto Muhabiri G\u00f6k\u015fin Sipahio\u011flu Hayat\u0131n\u0131 Kaybetti","datePublished":"2011-10-05T13:13:42+00:00","dateModified":"2013-08-23T12:02:50+00:00","mainEntityOfPage":{"@id":"https:\/\/epochtimestr.com\/index.php\/sipa-pressin-kurucusu-unlu-foto-muhabiri-goksin-sipahioglu-hayatini-kaybetti"},"wordCount":831,"commentCount":0,"publisher":{"@id":"https:\/\/epochtimestr.com\/#organization"},"image":{"@id":"https:\/\/epochtimestr.com\/index.php\/sipa-pressin-kurucusu-unlu-foto-muhabiri-goksin-sipahioglu-hayatini-kaybetti#primaryimage"},"thumbnailUrl":"http:\/\/epochtimestr.com\/wp-content\/uploads\/2011y\/G%C3%B6k%C5%9Fin-Sipahio%C4%9Flu.jpg","keywords":["G\u00f6k\u015fin Sipahio\u011flu","\u0130stanbul Express","Sipa Press"],"articleSection":["Taslak'da b\u0131rak"],"inLanguage":"tr","potentialAction":[{"@type":"CommentAction","name":"Comment","target":["https:\/\/epochtimestr.com\/index.php\/sipa-pressin-kurucusu-unlu-foto-muhabiri-goksin-sipahioglu-hayatini-kaybetti#respond"]}]},{"@type":"WebPage","@id":"https:\/\/epochtimestr.com\/index.php\/sipa-pressin-kurucusu-unlu-foto-muhabiri-goksin-sipahioglu-hayatini-kaybetti","url":"https:\/\/epochtimestr.com\/index.php\/sipa-pressin-kurucusu-unlu-foto-muhabiri-goksin-sipahioglu-hayatini-kaybetti","name":"S\u0130PA Press\u2019in Kurucusu \u00dcnl\u00fc Foto Muhabiri G\u00f6k\u015fin Sipahio\u011flu Hayat\u0131n\u0131 Kaybetti - The Epoch Times TR","isPartOf":{"@id":"https:\/\/epochtimestr.com\/#website"},"primaryImageOfPage":{"@id":"https:\/\/epochtimestr.com\/index.php\/sipa-pressin-kurucusu-unlu-foto-muhabiri-goksin-sipahioglu-hayatini-kaybetti#primaryimage"},"image":{"@id":"https:\/\/epochtimestr.com\/index.php\/sipa-pressin-kurucusu-unlu-foto-muhabiri-goksin-sipahioglu-hayatini-kaybetti#primaryimage"},"thumbnailUrl":"http:\/\/epochtimestr.com\/wp-content\/uploads\/2011y\/G%C3%B6k%C5%9Fin-Sipahio%C4%9Flu.jpg","datePublished":"2011-10-05T13:13:42+00:00","dateModified":"2013-08-23T12:02:50+00:00","inLanguage":"tr","potentialAction":[{"@type":"ReadAction","target":["https:\/\/epochtimestr.com\/index.php\/sipa-pressin-kurucusu-unlu-foto-muhabiri-goksin-sipahioglu-hayatini-kaybetti"]}]},{"@type":"ImageObject","inLanguage":"tr","@id":"https:\/\/epochtimestr.com\/index.php\/sipa-pressin-kurucusu-unlu-foto-muhabiri-goksin-sipahioglu-hayatini-kaybetti#primaryimage","url":"http:\/\/epochtimestr.com\/wp-content\/uploads\/2011y\/G%C3%B6k%C5%9Fin-Sipahio%C4%9Flu.jpg","contentUrl":"http:\/\/epochtimestr.com\/wp-content\/uploads\/2011y\/G%C3%B6k%C5%9Fin-Sipahio%C4%9Flu.jpg"},{"@type":"WebSite","@id":"https:\/\/epochtimestr.com\/#website","url":"https:\/\/epochtimestr.com\/","name":"The Epoch Times TR","description":"De\u011fi\u015fen D\u00fcnyam\u0131za Taze Bir Bak\u0131\u015f","publisher":{"@id":"https:\/\/epochtimestr.com\/#organization"},"potentialAction":[{"@type":"SearchAction","target":{"@type":"EntryPoint","urlTemplate":"https:\/\/epochtimestr.com\/?s={search_term_string}"},"query-input":"required name=search_term_string"}],"inLanguage":"tr"},{"@type":"Organization","@id":"https:\/\/epochtimestr.com\/#organization","name":"The EpochTimes T\u00fcrkiye","url":"https:\/\/epochtimestr.com\/","logo":{"@type":"ImageObject","inLanguage":"tr","@id":"https:\/\/epochtimestr.com\/#\/schema\/logo\/image\/","url":"https:\/\/epochtimestr.com\/wp-content\/uploads\/2011y\/ET-Logo-YG.jpg","contentUrl":"https:\/\/epochtimestr.com\/wp-content\/uploads\/2011y\/ET-Logo-YG.jpg","width":346,"height":29,"caption":"The EpochTimes T\u00fcrkiye"},"image":{"@id":"https:\/\/epochtimestr.com\/#\/schema\/logo\/image\/"},"sameAs":["https:\/\/www.facebook.com\/theepochtimestr","https:\/\/x.com\/TheEpochTimesTR","https:\/\/www.instagram.com\/epochtimestr"]},{"@type":"Person","@id":"https:\/\/epochtimestr.com\/#\/schema\/person\/9449775713995720d2e8d6af219e3cc3","name":"Nesrin Se\u00e7er","image":{"@type":"ImageObject","inLanguage":"tr","@id":"https:\/\/epochtimestr.com\/#\/schema\/person\/image\/","url":"https:\/\/secure.gravatar.com\/avatar\/9e76ddf1406df7ae1827116f0007ff40?s=96&d=mm&r=g","contentUrl":"https:\/\/secure.gravatar.com\/avatar\/9e76ddf1406df7ae1827116f0007ff40?s=96&d=mm&r=g","caption":"Nesrin Se\u00e7er"},"url":"https:\/\/epochtimestr.com\/index.php\/author\/nesrin"}]}},"_links":{"self":[{"href":"https:\/\/epochtimestr.com\/index.php\/wp-json\/wp\/v2\/posts\/47522"}],"collection":[{"href":"https:\/\/epochtimestr.com\/index.php\/wp-json\/wp\/v2\/posts"}],"about":[{"href":"https:\/\/epochtimestr.com\/index.php\/wp-json\/wp\/v2\/types\/post"}],"author":[{"embeddable":true,"href":"https:\/\/epochtimestr.com\/index.php\/wp-json\/wp\/v2\/users\/18"}],"replies":[{"embeddable":true,"href":"https:\/\/epochtimestr.com\/index.php\/wp-json\/wp\/v2\/comments?post=47522"}],"version-history":[{"count":5,"href":"https:\/\/epochtimestr.com\/index.php\/wp-json\/wp\/v2\/posts\/47522\/revisions"}],"predecessor-version":[{"id":71400,"href":"https:\/\/epochtimestr.com\/index.php\/wp-json\/wp\/v2\/posts\/47522\/revisions\/71400"}],"wp:attachment":[{"href":"https:\/\/epochtimestr.com\/index.php\/wp-json\/wp\/v2\/media?parent=47522"}],"wp:term":[{"taxonomy":"category","embeddable":true,"href":"https:\/\/epochtimestr.com\/index.php\/wp-json\/wp\/v2\/categories?post=47522"},{"taxonomy":"post_tag","embeddable":true,"href":"https:\/\/epochtimestr.com\/index.php\/wp-json\/wp\/v2\/tags?post=47522"}],"curies":[{"name":"wp","href":"https:\/\/api.w.org\/{rel}","templated":true}]}}