{"id":47662,"date":"2011-10-07T11:31:05","date_gmt":"2011-10-07T08:31:05","guid":{"rendered":"http:\/\/www.epochtimestr.com\/?p=47662"},"modified":"2011-10-07T11:44:36","modified_gmt":"2011-10-07T08:44:36","slug":"47662","status":"publish","type":"post","link":"https:\/\/epochtimestr.com\/index.php\/47662","title":{"rendered":"CHP Milletvekili \u015eafak Pavey TBMM&#8217;de Bas\u0131n Toplant\u0131s\u0131 Yapt\u0131"},"content":{"rendered":"<p style=\"text-align: justify;\"><img loading=\"lazy\" decoding=\"async\" class=\"aligncenter size-full wp-image-47663\" title=\"\u015eafak Pavey\" src=\"http:\/\/www.epochtimestr.com\/wp-content\/uploads\/2011y\/\u015eafak-Pavey.jpg\" alt=\"\" width=\"457\" height=\"400\" srcset=\"https:\/\/epochtimestr.com\/wp-content\/uploads\/2011y\/\u015eafak-Pavey.jpg 457w, https:\/\/epochtimestr.com\/wp-content\/uploads\/2011y\/\u015eafak-Pavey-150x131.jpg 150w, https:\/\/epochtimestr.com\/wp-content\/uploads\/2011y\/\u015eafak-Pavey-300x262.jpg 300w, https:\/\/epochtimestr.com\/wp-content\/uploads\/2011y\/\u015eafak-Pavey-90x80.jpg 90w, https:\/\/epochtimestr.com\/wp-content\/uploads\/2011y\/\u015eafak-Pavey-292x255.jpg 292w\" sizes=\"(max-width: 457px) 100vw, 457px\" \/><\/p>\n<p style=\"text-align: justify;\">CHP Milletvekili \u015eafak Pavey, parlamentoda d\u00fczenledi\u011fi bas\u0131n toplant\u0131s\u0131nda kad\u0131n milletvekillerinin TBMM Genel Kurulunda pantolon giymesine imk\u00e2n veren d\u00fczenlemenin Anayasa Komisyonunda kabul edilmesinin sevindirici oldu\u011funu, kendisinin protez baca\u011f\u0131n\u0131n bu d\u00fczenlemeye vesile olmas\u0131ndan dolay\u0131 da mutluluk duydu\u011funu belirtti.<\/p>\n<p style=\"text-align: justify;\">Pavey &#8221; Bunun bir uzla\u015fma alan\u0131 olmas\u0131 bana umut verdi. T\u00fcrkiye&#8217;de ciddi sorunlar ya\u015fan\u0131yor. Kad\u0131na kar\u015f\u0131 \u015fiddet artarken, bu uzla\u015fmay\u0131 bir umut \u0131\u015f\u0131\u011f\u0131 olarak alg\u0131lamak, bir ilk ad\u0131m olarak d\u00fc\u015f\u00fcnmek istiyorum. Bundan b\u00f6yle &#8220;bayan&#8221; yerine de &#8220;kad\u0131n&#8221; denecek olmas\u0131 olduk\u00e7a sevindirici bir geli\u015fme.&#8221; diye konu\u015ftu.<\/p>\n<p style=\"text-align: justify;\">Gazetecilerin sorusunu da cevaplayan Pavey, toplant\u0131 s\u0131ras\u0131nda yan\u0131nda bir i\u015faret dili \u00e7evirmeninin olmas\u0131 ve bu uygulamaya bundan sonra da devam edip etmeyece\u011fi ile ilgili olarak, Genel Kurul&#8217;a i\u015faret dili \u00e7evirmeni ile kat\u0131lma hakk\u0131n\u0131n bulunmad\u0131\u011f\u0131n\u0131, toplam y\u00fczde 10-15 temsil hakk\u0131 olan engellileri mecliste g\u00f6rmek istediklerini, kendisinin meclise eri\u015febilirlik s\u0131k\u0131nt\u0131s\u0131n\u0131 dile getirdi\u011fini, i\u015faret dili \u00e7evirmeni olmamas\u0131n\u0131n da bunlardan biri oldu\u011funu ifade etti.<\/p>\n","protected":false},"excerpt":{"rendered":"<p>CHP Milletvekili \u015eafak Pavey, parlamentoda d\u00fczenledi\u011fi bas\u0131n toplant\u0131s\u0131nda kad\u0131n milletvekillerinin TBMM Genel Kurulunda pantolon giymesine imk\u00e2n veren d\u00fczenlemenin Anayasa Komisyonunda kabul edilmesinin sevindirici oldu\u011funu, kendisinin protez baca\u011f\u0131n\u0131n bu d\u00fczenlemeye vesile olmas\u0131ndan dolay\u0131 da mutluluk duydu\u011funu belirtti. Pavey &#8221; Bunun bir uzla\u015fma alan\u0131 olmas\u0131 bana umut verdi. T\u00fcrkiye&#8217;de ciddi sorunlar ya\u015fan\u0131yor. Kad\u0131na kar\u015f\u0131 \u015fiddet artarken, bu [&hellip;]<\/p>\n","protected":false},"author":18,"featured_media":0,"comment_status":"open","ping_status":"open","sticky":false,"template":"","format":"standard","meta":{"_yoast_wpseo_focuskw":"","_yoast_wpseo_title":"","_yoast_wpseo_metadesc":"","_bbp_topic_count":0,"_bbp_reply_count":0,"_bbp_total_topic_count":0,"_bbp_total_reply_count":0,"_bbp_voice_count":0,"_bbp_anonymous_reply_count":0,"_bbp_topic_count_hidden":0,"_bbp_reply_count_hidden":0,"_bbp_forum_subforum_count":0,"footnotes":"","_yoast_wpseo_focuskw_text_input":""},"categories":[37],"tags":[583,2925],"yoast_head":"<!-- This site is optimized with the Yoast SEO plugin v23.0 - https:\/\/yoast.com\/wordpress\/plugins\/seo\/ -->\n<title>CHP Milletvekili \u015eafak Pavey TBMM&#039;de Bas\u0131n Toplant\u0131s\u0131 Yapt\u0131 - The Epoch Times TR<\/title>\n<meta name=\"robots\" content=\"index, follow, max-snippet:-1, max-image-preview:large, max-video-preview:-1\" \/>\n<link rel=\"canonical\" href=\"https:\/\/epochtimestr.com\/index.php\/47662\" \/>\n<meta property=\"og:locale\" content=\"tr_TR\" \/>\n<meta property=\"og:type\" content=\"article\" \/>\n<meta property=\"og:title\" content=\"CHP Milletvekili \u015eafak Pavey TBMM&#039;de Bas\u0131n Toplant\u0131s\u0131 Yapt\u0131 - The Epoch Times TR\" \/>\n<meta property=\"og:description\" content=\"CHP Milletvekili \u015eafak Pavey, parlamentoda d\u00fczenledi\u011fi bas\u0131n toplant\u0131s\u0131nda kad\u0131n milletvekillerinin TBMM Genel Kurulunda pantolon giymesine imk\u00e2n veren d\u00fczenlemenin Anayasa Komisyonunda kabul edilmesinin sevindirici oldu\u011funu, kendisinin protez baca\u011f\u0131n\u0131n bu d\u00fczenlemeye vesile olmas\u0131ndan dolay\u0131 da mutluluk duydu\u011funu belirtti. Pavey &#8221; Bunun bir uzla\u015fma alan\u0131 olmas\u0131 bana umut verdi. T\u00fcrkiye&#8217;de ciddi sorunlar ya\u015fan\u0131yor. Kad\u0131na kar\u015f\u0131 \u015fiddet artarken, bu [&hellip;]\" \/>\n<meta property=\"og:url\" content=\"https:\/\/epochtimestr.com\/index.php\/47662\" \/>\n<meta property=\"og:site_name\" content=\"The Epoch Times TR\" \/>\n<meta property=\"article:publisher\" content=\"https:\/\/www.facebook.com\/theepochtimestr\" \/>\n<meta property=\"article:published_time\" content=\"2011-10-07T08:31:05+00:00\" \/>\n<meta property=\"article:modified_time\" content=\"2011-10-07T08:44:36+00:00\" \/>\n<meta property=\"og:image\" content=\"http:\/\/www.epochtimestr.com\/wp-content\/uploads\/2011y\/\u015eafak-Pavey.jpg\" \/>\n<meta name=\"author\" content=\"Nesrin Se\u00e7er\" \/>\n<meta name=\"twitter:card\" content=\"summary_large_image\" \/>\n<meta name=\"twitter:creator\" content=\"@TheEpochTimesTR\" \/>\n<meta name=\"twitter:site\" content=\"@TheEpochTimesTR\" \/>\n<meta name=\"twitter:label1\" content=\"Yazan:\" \/>\n\t<meta name=\"twitter:data1\" content=\"Nesrin Se\u00e7er\" \/>\n\t<meta name=\"twitter:label2\" content=\"Tahmini okuma s\u00fcresi\" \/>\n\t<meta name=\"twitter:data2\" content=\"1 dakika\" \/>\n<script type=\"application\/ld+json\" class=\"yoast-schema-graph\">{\"@context\":\"https:\/\/schema.org\",\"@graph\":[{\"@type\":\"Article\",\"@id\":\"https:\/\/epochtimestr.com\/index.php\/47662#article\",\"isPartOf\":{\"@id\":\"https:\/\/epochtimestr.com\/index.php\/47662\"},\"author\":{\"name\":\"Nesrin Se\u00e7er\",\"@id\":\"https:\/\/epochtimestr.com\/#\/schema\/person\/9449775713995720d2e8d6af219e3cc3\"},\"headline\":\"CHP Milletvekili \u015eafak Pavey TBMM&#8217;de Bas\u0131n Toplant\u0131s\u0131 Yapt\u0131\",\"datePublished\":\"2011-10-07T08:31:05+00:00\",\"dateModified\":\"2011-10-07T08:44:36+00:00\",\"mainEntityOfPage\":{\"@id\":\"https:\/\/epochtimestr.com\/index.php\/47662\"},\"wordCount\":199,\"commentCount\":0,\"publisher\":{\"@id\":\"https:\/\/epochtimestr.com\/#organization\"},\"keywords\":[\"CHP\",\"\u015eafak Pavey\"],\"articleSection\":[\"T\u00dcRK\u0130YE\"],\"inLanguage\":\"tr\",\"potentialAction\":[{\"@type\":\"CommentAction\",\"name\":\"Comment\",\"target\":[\"https:\/\/epochtimestr.com\/index.php\/47662#respond\"]}]},{\"@type\":\"WebPage\",\"@id\":\"https:\/\/epochtimestr.com\/index.php\/47662\",\"url\":\"https:\/\/epochtimestr.com\/index.php\/47662\",\"name\":\"CHP Milletvekili \u015eafak Pavey TBMM'de Bas\u0131n Toplant\u0131s\u0131 Yapt\u0131 - The Epoch Times TR\",\"isPartOf\":{\"@id\":\"https:\/\/epochtimestr.com\/#website\"},\"datePublished\":\"2011-10-07T08:31:05+00:00\",\"dateModified\":\"2011-10-07T08:44:36+00:00\",\"inLanguage\":\"tr\",\"potentialAction\":[{\"@type\":\"ReadAction\",\"target\":[\"https:\/\/epochtimestr.com\/index.php\/47662\"]}]},{\"@type\":\"WebSite\",\"@id\":\"https:\/\/epochtimestr.com\/#website\",\"url\":\"https:\/\/epochtimestr.com\/\",\"name\":\"The Epoch Times TR\",\"description\":\"De\u011fi\u015fen D\u00fcnyam\u0131za Taze Bir Bak\u0131\u015f\",\"publisher\":{\"@id\":\"https:\/\/epochtimestr.com\/#organization\"},\"potentialAction\":[{\"@type\":\"SearchAction\",\"target\":{\"@type\":\"EntryPoint\",\"urlTemplate\":\"https:\/\/epochtimestr.com\/?s={search_term_string}\"},\"query-input\":\"required name=search_term_string\"}],\"inLanguage\":\"tr\"},{\"@type\":\"Organization\",\"@id\":\"https:\/\/epochtimestr.com\/#organization\",\"name\":\"The EpochTimes T\u00fcrkiye\",\"url\":\"https:\/\/epochtimestr.com\/\",\"logo\":{\"@type\":\"ImageObject\",\"inLanguage\":\"tr\",\"@id\":\"https:\/\/epochtimestr.com\/#\/schema\/logo\/image\/\",\"url\":\"https:\/\/epochtimestr.com\/wp-content\/uploads\/2011y\/ET-Logo-YG.jpg\",\"contentUrl\":\"https:\/\/epochtimestr.com\/wp-content\/uploads\/2011y\/ET-Logo-YG.jpg\",\"width\":346,\"height\":29,\"caption\":\"The EpochTimes T\u00fcrkiye\"},\"image\":{\"@id\":\"https:\/\/epochtimestr.com\/#\/schema\/logo\/image\/\"},\"sameAs\":[\"https:\/\/www.facebook.com\/theepochtimestr\",\"https:\/\/x.com\/TheEpochTimesTR\",\"https:\/\/www.instagram.com\/epochtimestr\"]},{\"@type\":\"Person\",\"@id\":\"https:\/\/epochtimestr.com\/#\/schema\/person\/9449775713995720d2e8d6af219e3cc3\",\"name\":\"Nesrin Se\u00e7er\",\"image\":{\"@type\":\"ImageObject\",\"inLanguage\":\"tr\",\"@id\":\"https:\/\/epochtimestr.com\/#\/schema\/person\/image\/\",\"url\":\"https:\/\/secure.gravatar.com\/avatar\/9e76ddf1406df7ae1827116f0007ff40?s=96&d=mm&r=g\",\"contentUrl\":\"https:\/\/secure.gravatar.com\/avatar\/9e76ddf1406df7ae1827116f0007ff40?s=96&d=mm&r=g\",\"caption\":\"Nesrin Se\u00e7er\"},\"url\":\"https:\/\/epochtimestr.com\/index.php\/author\/nesrin\"}]}<\/script>\n<!-- \/ Yoast SEO plugin. -->","yoast_head_json":{"title":"CHP Milletvekili \u015eafak Pavey TBMM'de Bas\u0131n Toplant\u0131s\u0131 Yapt\u0131 - The Epoch Times TR","robots":{"index":"index","follow":"follow","max-snippet":"max-snippet:-1","max-image-preview":"max-image-preview:large","max-video-preview":"max-video-preview:-1"},"canonical":"https:\/\/epochtimestr.com\/index.php\/47662","og_locale":"tr_TR","og_type":"article","og_title":"CHP Milletvekili \u015eafak Pavey TBMM'de Bas\u0131n Toplant\u0131s\u0131 Yapt\u0131 - The Epoch Times TR","og_description":"CHP Milletvekili \u015eafak Pavey, parlamentoda d\u00fczenledi\u011fi bas\u0131n toplant\u0131s\u0131nda kad\u0131n milletvekillerinin TBMM Genel Kurulunda pantolon giymesine imk\u00e2n veren d\u00fczenlemenin Anayasa Komisyonunda kabul edilmesinin sevindirici oldu\u011funu, kendisinin protez baca\u011f\u0131n\u0131n bu d\u00fczenlemeye vesile olmas\u0131ndan dolay\u0131 da mutluluk duydu\u011funu belirtti. Pavey &#8221; Bunun bir uzla\u015fma alan\u0131 olmas\u0131 bana umut verdi. T\u00fcrkiye&#8217;de ciddi sorunlar ya\u015fan\u0131yor. Kad\u0131na kar\u015f\u0131 \u015fiddet artarken, bu [&hellip;]","og_url":"https:\/\/epochtimestr.com\/index.php\/47662","og_site_name":"The Epoch Times TR","article_publisher":"https:\/\/www.facebook.com\/theepochtimestr","article_published_time":"2011-10-07T08:31:05+00:00","article_modified_time":"2011-10-07T08:44:36+00:00","og_image":[{"url":"http:\/\/www.epochtimestr.com\/wp-content\/uploads\/2011y\/\u015eafak-Pavey.jpg"}],"author":"Nesrin Se\u00e7er","twitter_card":"summary_large_image","twitter_creator":"@TheEpochTimesTR","twitter_site":"@TheEpochTimesTR","twitter_misc":{"Yazan:":"Nesrin Se\u00e7er","Tahmini okuma s\u00fcresi":"1 dakika"},"schema":{"@context":"https:\/\/schema.org","@graph":[{"@type":"Article","@id":"https:\/\/epochtimestr.com\/index.php\/47662#article","isPartOf":{"@id":"https:\/\/epochtimestr.com\/index.php\/47662"},"author":{"name":"Nesrin Se\u00e7er","@id":"https:\/\/epochtimestr.com\/#\/schema\/person\/9449775713995720d2e8d6af219e3cc3"},"headline":"CHP Milletvekili \u015eafak Pavey TBMM&#8217;de Bas\u0131n Toplant\u0131s\u0131 Yapt\u0131","datePublished":"2011-10-07T08:31:05+00:00","dateModified":"2011-10-07T08:44:36+00:00","mainEntityOfPage":{"@id":"https:\/\/epochtimestr.com\/index.php\/47662"},"wordCount":199,"commentCount":0,"publisher":{"@id":"https:\/\/epochtimestr.com\/#organization"},"keywords":["CHP","\u015eafak Pavey"],"articleSection":["T\u00dcRK\u0130YE"],"inLanguage":"tr","potentialAction":[{"@type":"CommentAction","name":"Comment","target":["https:\/\/epochtimestr.com\/index.php\/47662#respond"]}]},{"@type":"WebPage","@id":"https:\/\/epochtimestr.com\/index.php\/47662","url":"https:\/\/epochtimestr.com\/index.php\/47662","name":"CHP Milletvekili \u015eafak Pavey TBMM'de Bas\u0131n Toplant\u0131s\u0131 Yapt\u0131 - The Epoch Times TR","isPartOf":{"@id":"https:\/\/epochtimestr.com\/#website"},"datePublished":"2011-10-07T08:31:05+00:00","dateModified":"2011-10-07T08:44:36+00:00","inLanguage":"tr","potentialAction":[{"@type":"ReadAction","target":["https:\/\/epochtimestr.com\/index.php\/47662"]}]},{"@type":"WebSite","@id":"https:\/\/epochtimestr.com\/#website","url":"https:\/\/epochtimestr.com\/","name":"The Epoch Times TR","description":"De\u011fi\u015fen D\u00fcnyam\u0131za Taze Bir Bak\u0131\u015f","publisher":{"@id":"https:\/\/epochtimestr.com\/#organization"},"potentialAction":[{"@type":"SearchAction","target":{"@type":"EntryPoint","urlTemplate":"https:\/\/epochtimestr.com\/?s={search_term_string}"},"query-input":"required name=search_term_string"}],"inLanguage":"tr"},{"@type":"Organization","@id":"https:\/\/epochtimestr.com\/#organization","name":"The EpochTimes T\u00fcrkiye","url":"https:\/\/epochtimestr.com\/","logo":{"@type":"ImageObject","inLanguage":"tr","@id":"https:\/\/epochtimestr.com\/#\/schema\/logo\/image\/","url":"https:\/\/epochtimestr.com\/wp-content\/uploads\/2011y\/ET-Logo-YG.jpg","contentUrl":"https:\/\/epochtimestr.com\/wp-content\/uploads\/2011y\/ET-Logo-YG.jpg","width":346,"height":29,"caption":"The EpochTimes T\u00fcrkiye"},"image":{"@id":"https:\/\/epochtimestr.com\/#\/schema\/logo\/image\/"},"sameAs":["https:\/\/www.facebook.com\/theepochtimestr","https:\/\/x.com\/TheEpochTimesTR","https:\/\/www.instagram.com\/epochtimestr"]},{"@type":"Person","@id":"https:\/\/epochtimestr.com\/#\/schema\/person\/9449775713995720d2e8d6af219e3cc3","name":"Nesrin Se\u00e7er","image":{"@type":"ImageObject","inLanguage":"tr","@id":"https:\/\/epochtimestr.com\/#\/schema\/person\/image\/","url":"https:\/\/secure.gravatar.com\/avatar\/9e76ddf1406df7ae1827116f0007ff40?s=96&d=mm&r=g","contentUrl":"https:\/\/secure.gravatar.com\/avatar\/9e76ddf1406df7ae1827116f0007ff40?s=96&d=mm&r=g","caption":"Nesrin Se\u00e7er"},"url":"https:\/\/epochtimestr.com\/index.php\/author\/nesrin"}]}},"_links":{"self":[{"href":"https:\/\/epochtimestr.com\/index.php\/wp-json\/wp\/v2\/posts\/47662"}],"collection":[{"href":"https:\/\/epochtimestr.com\/index.php\/wp-json\/wp\/v2\/posts"}],"about":[{"href":"https:\/\/epochtimestr.com\/index.php\/wp-json\/wp\/v2\/types\/post"}],"author":[{"embeddable":true,"href":"https:\/\/epochtimestr.com\/index.php\/wp-json\/wp\/v2\/users\/18"}],"replies":[{"embeddable":true,"href":"https:\/\/epochtimestr.com\/index.php\/wp-json\/wp\/v2\/comments?post=47662"}],"version-history":[{"count":4,"href":"https:\/\/epochtimestr.com\/index.php\/wp-json\/wp\/v2\/posts\/47662\/revisions"}],"predecessor-version":[{"id":47665,"href":"https:\/\/epochtimestr.com\/index.php\/wp-json\/wp\/v2\/posts\/47662\/revisions\/47665"}],"wp:attachment":[{"href":"https:\/\/epochtimestr.com\/index.php\/wp-json\/wp\/v2\/media?parent=47662"}],"wp:term":[{"taxonomy":"category","embeddable":true,"href":"https:\/\/epochtimestr.com\/index.php\/wp-json\/wp\/v2\/categories?post=47662"},{"taxonomy":"post_tag","embeddable":true,"href":"https:\/\/epochtimestr.com\/index.php\/wp-json\/wp\/v2\/tags?post=47662"}],"curies":[{"name":"wp","href":"https:\/\/api.w.org\/{rel}","templated":true}]}}