{"id":48049,"date":"2011-10-12T20:43:39","date_gmt":"2011-10-12T17:43:39","guid":{"rendered":"http:\/\/www.epochtimestr.com\/?p=48049"},"modified":"2011-10-12T20:44:42","modified_gmt":"2011-10-12T17:44:42","slug":"beni-protez-bacagimla-basbasa-birakin","status":"publish","type":"post","link":"https:\/\/epochtimestr.com\/index.php\/beni-protez-bacagimla-basbasa-birakin","title":{"rendered":"Beni Protez Baca\u011f\u0131mla Ba\u015fba\u015fa B\u0131rak\u0131n!"},"content":{"rendered":"<p style=\"text-align: justify;\"><img loading=\"lazy\" decoding=\"async\" class=\"aligncenter size-full wp-image-48050\" title=\"\u015fafak pavey\" src=\"http:\/\/www.epochtimestr.com\/wp-content\/uploads\/2011y\/\u015fafak-pavey.jpg\" alt=\"\" width=\"500\" height=\"225\" srcset=\"https:\/\/epochtimestr.com\/wp-content\/uploads\/2011y\/\u015fafak-pavey.jpg 500w, https:\/\/epochtimestr.com\/wp-content\/uploads\/2011y\/\u015fafak-pavey-300x135.jpg 300w\" sizes=\"(max-width: 500px) 100vw, 500px\" \/>CHP \u0130stanbul Milletvekili \u015eafak Pavey d\u00fczenledi\u011fi bas\u0131n toplant\u0131s\u0131nda, kad\u0131n milletvekillerinin TBMM Genel Kurulu&#8217;nda pantolon giymesine imkan veren \u0130\u00e7t\u00fcz\u00fck de\u011fi\u015fiklik teklifine ili\u015fkin g\u00f6r\u00fc\u015flerini aktard\u0131.<\/p>\n<p style=\"text-align: justify;\">&#8220;Beni protez baca\u011f\u0131mla ba\u015f ba\u015fa b\u0131rak\u0131n&#8221; diyerek s\u00f6zlerine ba\u015flayan \u015eafak Pavey \u015f\u00f6yle konu\u015ftu: &#8220;Bir kanun yap\u0131c\u0131 olarak kanunu delme imtiyaz\u0131na kimse sahip de\u011fildir. Bu konuya dahil de\u011filim ve talebi de ben getirmedim. Sadece ad\u0131m\u0131n yer ald\u0131\u011f\u0131 bir konudur&#8221;.<\/p>\n<p style=\"text-align: justify;\">Bundan \u00f6nceki mesle\u011finde b\u00f6lgesel s\u00f6zc\u00fcl\u00fckler yapt\u0131\u011f\u0131n\u0131, s\u00fcrekli kriz masalar\u0131nda d\u00fcnya bas\u0131n\u0131n\u0131n da yerel bas\u0131n\u0131n da \u00f6n\u00fcne \u00e7\u0131kt\u0131\u011f\u0131n\u0131 belirten Pavey, hi\u00e7 bir zaman protez baca\u011f\u0131, etek ve pantolon konusunda bu kadar \u00e7ok konu\u015fmas\u0131 gerekti\u011fini d\u00fc\u015f\u00fcnmedi\u011fini s\u00f6yledi.<\/p>\n<p style=\"text-align: justify;\">G\u00fcndeminde sahipsiz b\u0131rak\u0131lm\u0131\u015f daha de\u011ferli konular\u0131n oldu\u011funu ifade eden Pavey, &#8220;Engellilerin sorunlar\u0131, insan haklar\u0131, kad\u0131n cinayetleri, cezaevlerindeki gen\u00e7ler, i\u015fsiz \u00f6\u011fretmenler gibi daha de\u011ferli pek \u00e7ok konu var ve \u00e7ok yak\u0131nda bu konularla ilgili \u00e7al\u0131\u015fmalar\u0131m\u0131 sizlerle payla\u015faca\u011f\u0131m&#8221; dedi.<\/p>\n<p style=\"text-align: justify;\">Gazetecilerin sorular\u0131n\u0131 da cevaplayan Pavey, BDP&#8217;nin kravat takma zorunlulu\u011funun kalkmas\u0131 ve ba\u015f\u00f6rt\u00fcs\u00fc serbestisiyle ilgili verdi\u011fi \u00f6nergenin sorulmas\u0131 \u00fczerine \u015funlar\u0131 s\u00f6yledi: &#8220;Ben pantolon sorunum oldu\u011funu hi\u00e7 s\u00f6yledim mi? Talep benden gelmedi. \u00d6nceki \u00f6nergeyle de bu \u00f6nergeyle de en k\u00fc\u00e7\u00fck bir ilgim yoktur. Ba\u015f\u00f6rt\u00fcs\u00fc, iktidar\u0131n sahiplendi\u011fi bir konudur. Bu kadar g\u00fc\u00e7l\u00fc bir iktidar\u0131n benim oyuma ya da deste\u011fime ihtiya\u00e7 duydu\u011funu sanm\u0131yorum.<\/p>\n<p style=\"text-align: justify;\">\u015eafak Pavey, kendisine y\u00f6neltilen bir soru \u00fczerine, protez baca\u011f\u0131n\u0131n g\u00fcndemde bu kadar yer almas\u0131n\u0131n ve dillendirilmesinin insan haklar\u0131 a\u00e7\u0131s\u0131ndan bak\u0131ld\u0131\u011f\u0131nda, giderek taciz boyutuna ula\u015fmakta oldu\u011funu da s\u00f6zlerine ekledi.<\/p>\n","protected":false},"excerpt":{"rendered":"<p>CHP \u0130stanbul Milletvekili \u015eafak Pavey d\u00fczenledi\u011fi bas\u0131n toplant\u0131s\u0131nda, kad\u0131n milletvekillerinin TBMM Genel Kurulu&#8217;nda pantolon giymesine imkan veren \u0130\u00e7t\u00fcz\u00fck de\u011fi\u015fiklik teklifine ili\u015fkin g\u00f6r\u00fc\u015flerini aktard\u0131. &#8220;Beni protez baca\u011f\u0131mla ba\u015f ba\u015fa b\u0131rak\u0131n&#8221; diyerek s\u00f6zlerine ba\u015flayan \u015eafak Pavey \u015f\u00f6yle konu\u015ftu: &#8220;Bir kanun yap\u0131c\u0131 olarak kanunu delme imtiyaz\u0131na kimse sahip de\u011fildir. Bu konuya dahil de\u011filim ve talebi de ben getirmedim. [&hellip;]<\/p>\n","protected":false},"author":18,"featured_media":0,"comment_status":"open","ping_status":"open","sticky":false,"template":"","format":"standard","meta":{"_yoast_wpseo_focuskw":"","_yoast_wpseo_title":"","_yoast_wpseo_metadesc":"","_bbp_topic_count":0,"_bbp_reply_count":0,"_bbp_total_topic_count":0,"_bbp_total_reply_count":0,"_bbp_voice_count":0,"_bbp_anonymous_reply_count":0,"_bbp_topic_count_hidden":0,"_bbp_reply_count_hidden":0,"_bbp_forum_subforum_count":0,"footnotes":"","_yoast_wpseo_focuskw_text_input":""},"categories":[37],"tags":[3091,3093,3092,2925],"yoast_head":"<!-- This site is optimized with the Yoast SEO plugin v23.0 - https:\/\/yoast.com\/wordpress\/plugins\/seo\/ -->\n<title>Beni Protez Baca\u011f\u0131mla Ba\u015fba\u015fa B\u0131rak\u0131n! - The Epoch Times TR<\/title>\n<meta name=\"robots\" content=\"index, follow, max-snippet:-1, max-image-preview:large, max-video-preview:-1\" \/>\n<link rel=\"canonical\" href=\"https:\/\/epochtimestr.com\/index.php\/beni-protez-bacagimla-basbasa-birakin\" \/>\n<meta property=\"og:locale\" content=\"tr_TR\" \/>\n<meta property=\"og:type\" content=\"article\" \/>\n<meta property=\"og:title\" content=\"Beni Protez Baca\u011f\u0131mla Ba\u015fba\u015fa B\u0131rak\u0131n! - The Epoch Times TR\" \/>\n<meta property=\"og:description\" content=\"CHP \u0130stanbul Milletvekili \u015eafak Pavey d\u00fczenledi\u011fi bas\u0131n toplant\u0131s\u0131nda, kad\u0131n milletvekillerinin TBMM Genel Kurulu&#8217;nda pantolon giymesine imkan veren \u0130\u00e7t\u00fcz\u00fck de\u011fi\u015fiklik teklifine ili\u015fkin g\u00f6r\u00fc\u015flerini aktard\u0131. &#8220;Beni protez baca\u011f\u0131mla ba\u015f ba\u015fa b\u0131rak\u0131n&#8221; diyerek s\u00f6zlerine ba\u015flayan \u015eafak Pavey \u015f\u00f6yle konu\u015ftu: &#8220;Bir kanun yap\u0131c\u0131 olarak kanunu delme imtiyaz\u0131na kimse sahip de\u011fildir. Bu konuya dahil de\u011filim ve talebi de ben getirmedim. [&hellip;]\" \/>\n<meta property=\"og:url\" content=\"https:\/\/epochtimestr.com\/index.php\/beni-protez-bacagimla-basbasa-birakin\" \/>\n<meta property=\"og:site_name\" content=\"The Epoch Times TR\" \/>\n<meta property=\"article:publisher\" content=\"https:\/\/www.facebook.com\/theepochtimestr\" \/>\n<meta property=\"article:published_time\" content=\"2011-10-12T17:43:39+00:00\" \/>\n<meta property=\"article:modified_time\" content=\"2011-10-12T17:44:42+00:00\" \/>\n<meta property=\"og:image\" content=\"http:\/\/www.epochtimestr.com\/wp-content\/uploads\/2011y\/\u015fafak-pavey.jpg\" \/>\n<meta name=\"author\" content=\"Nesrin Se\u00e7er\" \/>\n<meta name=\"twitter:card\" content=\"summary_large_image\" \/>\n<meta name=\"twitter:creator\" content=\"@TheEpochTimesTR\" \/>\n<meta name=\"twitter:site\" content=\"@TheEpochTimesTR\" \/>\n<meta name=\"twitter:label1\" content=\"Yazan:\" \/>\n\t<meta name=\"twitter:data1\" content=\"Nesrin Se\u00e7er\" \/>\n\t<meta name=\"twitter:label2\" content=\"Tahmini okuma s\u00fcresi\" \/>\n\t<meta name=\"twitter:data2\" content=\"2 dakika\" \/>\n<script type=\"application\/ld+json\" class=\"yoast-schema-graph\">{\"@context\":\"https:\/\/schema.org\",\"@graph\":[{\"@type\":\"Article\",\"@id\":\"https:\/\/epochtimestr.com\/index.php\/beni-protez-bacagimla-basbasa-birakin#article\",\"isPartOf\":{\"@id\":\"https:\/\/epochtimestr.com\/index.php\/beni-protez-bacagimla-basbasa-birakin\"},\"author\":{\"name\":\"Nesrin Se\u00e7er\",\"@id\":\"https:\/\/epochtimestr.com\/#\/schema\/person\/9449775713995720d2e8d6af219e3cc3\"},\"headline\":\"Beni Protez Baca\u011f\u0131mla Ba\u015fba\u015fa B\u0131rak\u0131n!\",\"datePublished\":\"2011-10-12T17:43:39+00:00\",\"dateModified\":\"2011-10-12T17:44:42+00:00\",\"mainEntityOfPage\":{\"@id\":\"https:\/\/epochtimestr.com\/index.php\/beni-protez-bacagimla-basbasa-birakin\"},\"wordCount\":323,\"commentCount\":0,\"publisher\":{\"@id\":\"https:\/\/epochtimestr.com\/#organization\"},\"keywords\":[\"meclis g\u00fcndemi\",\"pantolon krizi\",\"protez bacak\",\"\u015eafak Pavey\"],\"articleSection\":[\"T\u00dcRK\u0130YE\"],\"inLanguage\":\"tr\",\"potentialAction\":[{\"@type\":\"CommentAction\",\"name\":\"Comment\",\"target\":[\"https:\/\/epochtimestr.com\/index.php\/beni-protez-bacagimla-basbasa-birakin#respond\"]}]},{\"@type\":\"WebPage\",\"@id\":\"https:\/\/epochtimestr.com\/index.php\/beni-protez-bacagimla-basbasa-birakin\",\"url\":\"https:\/\/epochtimestr.com\/index.php\/beni-protez-bacagimla-basbasa-birakin\",\"name\":\"Beni Protez Baca\u011f\u0131mla Ba\u015fba\u015fa B\u0131rak\u0131n! - The Epoch Times TR\",\"isPartOf\":{\"@id\":\"https:\/\/epochtimestr.com\/#website\"},\"datePublished\":\"2011-10-12T17:43:39+00:00\",\"dateModified\":\"2011-10-12T17:44:42+00:00\",\"inLanguage\":\"tr\",\"potentialAction\":[{\"@type\":\"ReadAction\",\"target\":[\"https:\/\/epochtimestr.com\/index.php\/beni-protez-bacagimla-basbasa-birakin\"]}]},{\"@type\":\"WebSite\",\"@id\":\"https:\/\/epochtimestr.com\/#website\",\"url\":\"https:\/\/epochtimestr.com\/\",\"name\":\"The Epoch Times TR\",\"description\":\"De\u011fi\u015fen D\u00fcnyam\u0131za Taze Bir Bak\u0131\u015f\",\"publisher\":{\"@id\":\"https:\/\/epochtimestr.com\/#organization\"},\"potentialAction\":[{\"@type\":\"SearchAction\",\"target\":{\"@type\":\"EntryPoint\",\"urlTemplate\":\"https:\/\/epochtimestr.com\/?s={search_term_string}\"},\"query-input\":\"required name=search_term_string\"}],\"inLanguage\":\"tr\"},{\"@type\":\"Organization\",\"@id\":\"https:\/\/epochtimestr.com\/#organization\",\"name\":\"The EpochTimes T\u00fcrkiye\",\"url\":\"https:\/\/epochtimestr.com\/\",\"logo\":{\"@type\":\"ImageObject\",\"inLanguage\":\"tr\",\"@id\":\"https:\/\/epochtimestr.com\/#\/schema\/logo\/image\/\",\"url\":\"https:\/\/epochtimestr.com\/wp-content\/uploads\/2011y\/ET-Logo-YG.jpg\",\"contentUrl\":\"https:\/\/epochtimestr.com\/wp-content\/uploads\/2011y\/ET-Logo-YG.jpg\",\"width\":346,\"height\":29,\"caption\":\"The EpochTimes T\u00fcrkiye\"},\"image\":{\"@id\":\"https:\/\/epochtimestr.com\/#\/schema\/logo\/image\/\"},\"sameAs\":[\"https:\/\/www.facebook.com\/theepochtimestr\",\"https:\/\/x.com\/TheEpochTimesTR\",\"https:\/\/www.instagram.com\/epochtimestr\"]},{\"@type\":\"Person\",\"@id\":\"https:\/\/epochtimestr.com\/#\/schema\/person\/9449775713995720d2e8d6af219e3cc3\",\"name\":\"Nesrin Se\u00e7er\",\"image\":{\"@type\":\"ImageObject\",\"inLanguage\":\"tr\",\"@id\":\"https:\/\/epochtimestr.com\/#\/schema\/person\/image\/\",\"url\":\"https:\/\/secure.gravatar.com\/avatar\/9e76ddf1406df7ae1827116f0007ff40?s=96&d=mm&r=g\",\"contentUrl\":\"https:\/\/secure.gravatar.com\/avatar\/9e76ddf1406df7ae1827116f0007ff40?s=96&d=mm&r=g\",\"caption\":\"Nesrin Se\u00e7er\"},\"url\":\"https:\/\/epochtimestr.com\/index.php\/author\/nesrin\"}]}<\/script>\n<!-- \/ Yoast SEO plugin. -->","yoast_head_json":{"title":"Beni Protez Baca\u011f\u0131mla Ba\u015fba\u015fa B\u0131rak\u0131n! - The Epoch Times TR","robots":{"index":"index","follow":"follow","max-snippet":"max-snippet:-1","max-image-preview":"max-image-preview:large","max-video-preview":"max-video-preview:-1"},"canonical":"https:\/\/epochtimestr.com\/index.php\/beni-protez-bacagimla-basbasa-birakin","og_locale":"tr_TR","og_type":"article","og_title":"Beni Protez Baca\u011f\u0131mla Ba\u015fba\u015fa B\u0131rak\u0131n! - The Epoch Times TR","og_description":"CHP \u0130stanbul Milletvekili \u015eafak Pavey d\u00fczenledi\u011fi bas\u0131n toplant\u0131s\u0131nda, kad\u0131n milletvekillerinin TBMM Genel Kurulu&#8217;nda pantolon giymesine imkan veren \u0130\u00e7t\u00fcz\u00fck de\u011fi\u015fiklik teklifine ili\u015fkin g\u00f6r\u00fc\u015flerini aktard\u0131. &#8220;Beni protez baca\u011f\u0131mla ba\u015f ba\u015fa b\u0131rak\u0131n&#8221; diyerek s\u00f6zlerine ba\u015flayan \u015eafak Pavey \u015f\u00f6yle konu\u015ftu: &#8220;Bir kanun yap\u0131c\u0131 olarak kanunu delme imtiyaz\u0131na kimse sahip de\u011fildir. Bu konuya dahil de\u011filim ve talebi de ben getirmedim. [&hellip;]","og_url":"https:\/\/epochtimestr.com\/index.php\/beni-protez-bacagimla-basbasa-birakin","og_site_name":"The Epoch Times TR","article_publisher":"https:\/\/www.facebook.com\/theepochtimestr","article_published_time":"2011-10-12T17:43:39+00:00","article_modified_time":"2011-10-12T17:44:42+00:00","og_image":[{"url":"http:\/\/www.epochtimestr.com\/wp-content\/uploads\/2011y\/\u015fafak-pavey.jpg"}],"author":"Nesrin Se\u00e7er","twitter_card":"summary_large_image","twitter_creator":"@TheEpochTimesTR","twitter_site":"@TheEpochTimesTR","twitter_misc":{"Yazan:":"Nesrin Se\u00e7er","Tahmini okuma s\u00fcresi":"2 dakika"},"schema":{"@context":"https:\/\/schema.org","@graph":[{"@type":"Article","@id":"https:\/\/epochtimestr.com\/index.php\/beni-protez-bacagimla-basbasa-birakin#article","isPartOf":{"@id":"https:\/\/epochtimestr.com\/index.php\/beni-protez-bacagimla-basbasa-birakin"},"author":{"name":"Nesrin Se\u00e7er","@id":"https:\/\/epochtimestr.com\/#\/schema\/person\/9449775713995720d2e8d6af219e3cc3"},"headline":"Beni Protez Baca\u011f\u0131mla Ba\u015fba\u015fa B\u0131rak\u0131n!","datePublished":"2011-10-12T17:43:39+00:00","dateModified":"2011-10-12T17:44:42+00:00","mainEntityOfPage":{"@id":"https:\/\/epochtimestr.com\/index.php\/beni-protez-bacagimla-basbasa-birakin"},"wordCount":323,"commentCount":0,"publisher":{"@id":"https:\/\/epochtimestr.com\/#organization"},"keywords":["meclis g\u00fcndemi","pantolon krizi","protez bacak","\u015eafak Pavey"],"articleSection":["T\u00dcRK\u0130YE"],"inLanguage":"tr","potentialAction":[{"@type":"CommentAction","name":"Comment","target":["https:\/\/epochtimestr.com\/index.php\/beni-protez-bacagimla-basbasa-birakin#respond"]}]},{"@type":"WebPage","@id":"https:\/\/epochtimestr.com\/index.php\/beni-protez-bacagimla-basbasa-birakin","url":"https:\/\/epochtimestr.com\/index.php\/beni-protez-bacagimla-basbasa-birakin","name":"Beni Protez Baca\u011f\u0131mla Ba\u015fba\u015fa B\u0131rak\u0131n! - The Epoch Times TR","isPartOf":{"@id":"https:\/\/epochtimestr.com\/#website"},"datePublished":"2011-10-12T17:43:39+00:00","dateModified":"2011-10-12T17:44:42+00:00","inLanguage":"tr","potentialAction":[{"@type":"ReadAction","target":["https:\/\/epochtimestr.com\/index.php\/beni-protez-bacagimla-basbasa-birakin"]}]},{"@type":"WebSite","@id":"https:\/\/epochtimestr.com\/#website","url":"https:\/\/epochtimestr.com\/","name":"The Epoch Times TR","description":"De\u011fi\u015fen D\u00fcnyam\u0131za Taze Bir Bak\u0131\u015f","publisher":{"@id":"https:\/\/epochtimestr.com\/#organization"},"potentialAction":[{"@type":"SearchAction","target":{"@type":"EntryPoint","urlTemplate":"https:\/\/epochtimestr.com\/?s={search_term_string}"},"query-input":"required name=search_term_string"}],"inLanguage":"tr"},{"@type":"Organization","@id":"https:\/\/epochtimestr.com\/#organization","name":"The EpochTimes T\u00fcrkiye","url":"https:\/\/epochtimestr.com\/","logo":{"@type":"ImageObject","inLanguage":"tr","@id":"https:\/\/epochtimestr.com\/#\/schema\/logo\/image\/","url":"https:\/\/epochtimestr.com\/wp-content\/uploads\/2011y\/ET-Logo-YG.jpg","contentUrl":"https:\/\/epochtimestr.com\/wp-content\/uploads\/2011y\/ET-Logo-YG.jpg","width":346,"height":29,"caption":"The EpochTimes T\u00fcrkiye"},"image":{"@id":"https:\/\/epochtimestr.com\/#\/schema\/logo\/image\/"},"sameAs":["https:\/\/www.facebook.com\/theepochtimestr","https:\/\/x.com\/TheEpochTimesTR","https:\/\/www.instagram.com\/epochtimestr"]},{"@type":"Person","@id":"https:\/\/epochtimestr.com\/#\/schema\/person\/9449775713995720d2e8d6af219e3cc3","name":"Nesrin Se\u00e7er","image":{"@type":"ImageObject","inLanguage":"tr","@id":"https:\/\/epochtimestr.com\/#\/schema\/person\/image\/","url":"https:\/\/secure.gravatar.com\/avatar\/9e76ddf1406df7ae1827116f0007ff40?s=96&d=mm&r=g","contentUrl":"https:\/\/secure.gravatar.com\/avatar\/9e76ddf1406df7ae1827116f0007ff40?s=96&d=mm&r=g","caption":"Nesrin Se\u00e7er"},"url":"https:\/\/epochtimestr.com\/index.php\/author\/nesrin"}]}},"_links":{"self":[{"href":"https:\/\/epochtimestr.com\/index.php\/wp-json\/wp\/v2\/posts\/48049"}],"collection":[{"href":"https:\/\/epochtimestr.com\/index.php\/wp-json\/wp\/v2\/posts"}],"about":[{"href":"https:\/\/epochtimestr.com\/index.php\/wp-json\/wp\/v2\/types\/post"}],"author":[{"embeddable":true,"href":"https:\/\/epochtimestr.com\/index.php\/wp-json\/wp\/v2\/users\/18"}],"replies":[{"embeddable":true,"href":"https:\/\/epochtimestr.com\/index.php\/wp-json\/wp\/v2\/comments?post=48049"}],"version-history":[{"count":2,"href":"https:\/\/epochtimestr.com\/index.php\/wp-json\/wp\/v2\/posts\/48049\/revisions"}],"predecessor-version":[{"id":48052,"href":"https:\/\/epochtimestr.com\/index.php\/wp-json\/wp\/v2\/posts\/48049\/revisions\/48052"}],"wp:attachment":[{"href":"https:\/\/epochtimestr.com\/index.php\/wp-json\/wp\/v2\/media?parent=48049"}],"wp:term":[{"taxonomy":"category","embeddable":true,"href":"https:\/\/epochtimestr.com\/index.php\/wp-json\/wp\/v2\/categories?post=48049"},{"taxonomy":"post_tag","embeddable":true,"href":"https:\/\/epochtimestr.com\/index.php\/wp-json\/wp\/v2\/tags?post=48049"}],"curies":[{"name":"wp","href":"https:\/\/api.w.org\/{rel}","templated":true}]}}