{"id":48291,"date":"2011-10-17T14:08:16","date_gmt":"2011-10-17T11:08:16","guid":{"rendered":"http:\/\/www.epochtimestr.com\/?p=48291"},"modified":"2013-03-29T12:10:07","modified_gmt":"2013-03-29T09:10:07","slug":"yuksek-baski-tekniginin-mucidi-johannes-gutenberg","status":"publish","type":"post","link":"https:\/\/epochtimestr.com\/index.php\/yuksek-baski-tekniginin-mucidi-johannes-gutenberg","title":{"rendered":"Y\u00fcksek Bask\u0131 Tekni\u011finin Mucidi Johannes Gutenberg"},"content":{"rendered":"<p style=\"text-align: justify;\"><img loading=\"lazy\" decoding=\"async\" class=\"alignleft size-medium wp-image-48292\" title=\"Gutenberg\" alt=\"\" src=\"http:\/\/www.epochtimestr.com\/wp-content\/uploads\/2011y\/Gutenberg-300x219.jpg\" width=\"300\" height=\"219\" srcset=\"https:\/\/epochtimestr.com\/wp-content\/uploads\/2011y\/Gutenberg-300x219.jpg 300w, https:\/\/epochtimestr.com\/wp-content\/uploads\/2011y\/Gutenberg.jpg 374w\" sizes=\"(max-width: 300px) 100vw, 300px\" \/>B\u00fcy\u00fck mucit Johannes Gutenberg ileti\u015fim tarihinin en \u00f6nemli geli\u015fmelerinden biri say\u0131lan y\u00fcksek bask\u0131 tekni\u011fini (G\u00fcn\u00fcm\u00fcz Tipo bask\u0131s\u0131) 1438&#8217;de Avrupaya getirerek matbaac\u0131l\u0131\u011f\u0131n geli\u015fimine \u00e7ok b\u00fcy\u00fck ivme kazand\u0131rm\u0131\u015ft\u0131r.<\/p>\n<p>Bu y\u00f6ntem, \u00f6nceleri tahtadan daha sonralar\u0131 bir kur\u015fun ala\u015f\u0131m\u0131ndan yap\u0131lan d\u00f6kme harflerin, bask\u0131dan sonra ba\u015fka bir yaz\u0131da kullan\u0131lmak \u00fczere sakland\u0131\u011f\u0131 bir bas\u0131m y\u00f6ntemidir. Bu, y\u00fczy\u0131llard\u0131r \u00c7in ve Kore&#8217;de kullan\u0131lmaktayd\u0131.<\/p>\n<p style=\"text-align: justify;\">Gutenberg denildi\u011fi gibi matbaay\u0131 bulmam\u0131\u015ft\u0131r. Matbaac\u0131l\u0131k \u00e7ok \u00f6ncelerde bilinmektedir. Ancak Gutenberg kulland\u0131\u011f\u0131 teknik ile matbaac\u0131l\u0131\u011f\u0131n geli\u015fimine \u00e7ok b\u00fcy\u00fck ivme kazand\u0131rm\u0131\u015ft\u0131r.<\/p>\n<p>Almanya\u2019n\u0131n Mainz Ba\u015fpiskoposluk b\u00f6lgesinde ya\u015fayan bir ailede d\u00fcnyaya geldi\u011fi bilinen Gutenberg\u2019in hayat\u0131n\u0131n sadece baz\u0131 sahneleri hakk\u0131nda bilgimiz vard\u0131r. As\u0131l mesle\u011fi, kuyumculuk veya m\u00fccevher\u2013t\u0131ra\u015fl\u0131kt\u0131r. Sonralar\u0131 gitti\u011fi Strazburg\u2019da bir bas\u0131mevine ortak olmu\u015ftur.<\/p>\n<p>Gutenberg, bas\u0131mevinde \u00e7al\u0131\u015fmaya ba\u015flad\u0131\u011f\u0131 zaman bas\u0131m i\u015flerinin yava\u015f ilerleyen ve a\u015f\u0131r\u0131 emek isteyen bir i\u015f oldu\u011funu g\u00f6rd\u00fc. O zamanki bask\u0131 tekni\u011fine g\u00f6re, her yeni sayfa i\u00e7in yeni kal\u0131p olu\u015fturmak gerekiyordu. A\u011fa\u00e7 kal\u0131plara oyulan bu sayfalar\u0131n i\u015fi bitince at\u0131l\u0131yor, bu defa yeni sayfa i\u00e7in yeni bir kal\u0131p haz\u0131rlamaya ge\u00e7iliyordu. Gutenberg, ilk defa olarak alfabenin her harfi i\u00e7in ayr\u0131 metal kal\u0131plar haz\u0131rlaman\u0131n yollar\u0131n\u0131 ara\u015ft\u0131rmaya ba\u015flad\u0131.<\/p>\n<p>Ne var ki, \u00fcstesinden gelinmesi gereken baz\u0131 engeller de yok de\u011fildi. Mesela, d\u00fc\u015f\u00fck \u0131s\u0131larda eriyebilecek bir ala\u015f\u0131m bulmak gerekliydi, ta ki harf kal\u0131plar\u0131na kolayca d\u00f6k\u00fclebilsin. Ayr\u0131ca, m\u00fcrekkep de o \u015fekilde olmal\u0131yd\u0131 ki, metalden k\u00e2\u011f\u0131da kolayca bas\u0131labilsin. K\u00e2\u011f\u0131t \u00fczerine bu izleri ge\u00e7irebilmek i\u00e7in hangi g\u00fcc\u00fc kullanmal\u0131yd\u0131? Gutenberg\u2019in akl\u0131na, \u00fcz\u00fcm ezmekte kullan\u0131lan bir presi matbaac\u0131l\u0131\u011fa uyarlama fikri geldi.<\/p>\n<p>Fakat bunlar\u0131 ger\u00e7ekle\u015ftirecek sermayeden yoksundu ve bu bulu\u015funa yat\u0131r\u0131m yapacak birisini bulmas\u0131 gerekiyordu. Mainz\u2019a geri d\u00f6nen Gutenberg, 1448\u2019de, kuyumcu ve avukat Johann Fust\u2019u buldu. Onu ikna etmek i\u00e7in \u00f6nce bu problemleri halletmeyi ba\u015fard\u0131. Fakat daha ilk kitaplar\u0131n\u0131 basar basmaz Gutenberg ile Fust\u2019un aras\u0131n\u0131n a\u00e7\u0131ld\u0131\u011f\u0131n\u0131 g\u00f6r\u00fcyoruz. Fust, mahkeme a\u00e7t\u0131\u011f\u0131 davay\u0131 kazanm\u0131\u015f, Gutenberg\u2019in yapt\u0131\u011f\u0131 ve kendisinin paralar\u0131n\u0131 \u00f6dedi\u011fi alet edevata el koymu\u015f ve \u00f6nce kendisi, ard\u0131ndan da damad\u0131 ile birlikte matbaay\u0131 i\u015fletmeye devam etmi\u015ftir.<\/p>\n<p>Gutenberg, Fust\u2019un sa\u011flad\u0131\u011f\u0131 imk\u00e2nlarla bast\u0131\u011f\u0131 Latince \u0130ncil\u2019den sonra bir daha do\u011fru d\u00fcr\u00fcst kitap \u00e7\u0131kartamam\u0131\u015f, \u0130stanbul\u2019un fethinin ard\u0131ndan bast\u0131\u011f\u0131 ve Avrupa\u2019y\u0131 Osmanl\u0131 tehlikesine kar\u015f\u0131 uyaran \u201cT\u00fcrk Takvimi\u201d (1454), baz\u0131 End\u00fclijans mektuplar\u0131 (H\u0131ristiyanlara cennette tapu satan belgeler) ve baz\u0131 dilbilgisi kitaplar\u0131 d\u0131\u015f\u0131nda pek fazla bir varl\u0131k g\u00f6sterememi\u015f, zaten hayat\u0131n\u0131n son y\u0131llar\u0131nda g\u00f6rme melekesini kaybederek sefalete d\u00fc\u015fm\u00fc\u015f ve son y\u0131llar\u0131nda bir ba\u015fpiskoposun himmetiyle karn\u0131n\u0131 doyurabilmi\u015ftir.<\/p>\n<p style=\"text-align: justify;\">Gutenberg&#8217;in bulu\u015fu h\u0131zla yay\u0131ld\u0131. 15. y\u00fczy\u0131l\u0131n sonlar\u0131na gelmeden Avrupa&#8217;da, 1000&#8217;den fazla bask\u0131 makinesi vard\u0131. Bu bas\u0131m y\u00f6ntemiyle daha \u00e7ok kitab\u0131n bas\u0131labilmesi kitap fiyatlar\u0131n\u0131n d\u00fc\u015fmesini sa\u011flad\u0131. B\u00f6ylece daha \u00e7ok kitap okunmaya ba\u015fland\u0131. Kitab\u0131n ve kitap okuman\u0131n yayg\u0131nla\u015fmas\u0131, \u00f6zg\u00fcr d\u00fc\u015f\u00fcncenin do\u011fmas\u0131na, bilimsel \u00e7al\u0131\u015fmalar\u0131n geli\u015fmesine ve bilginin daha geni\u015f kesimlere ula\u015fmas\u0131na yard\u0131mc\u0131 oldu. T\u00fcm bu nedenlerden dolay\u0131 Gutenberg&#8217;in buldu\u011fu bu bask\u0131 y\u00f6ntemi, \u00f6zg\u00fcr d\u00fc\u015f\u00fcncenin yay\u0131lmas\u0131na ivedilik kazand\u0131ran, bilim ara\u015ft\u0131rmalar\u0131n\u0131n geli\u015fmesini sa\u011flayan, reformlar\u0131n yap\u0131lmas\u0131n\u0131 h\u0131zland\u0131ran \u00f6nemli olaylardan biri olarak kabul edilmektedir.<\/p>\n<p style=\"text-align: justify;\">\n","protected":false},"excerpt":{"rendered":"<p>B\u00fcy\u00fck mucit Johannes Gutenberg ileti\u015fim tarihinin en \u00f6nemli geli\u015fmelerinden biri say\u0131lan y\u00fcksek bask\u0131 tekni\u011fini (G\u00fcn\u00fcm\u00fcz Tipo bask\u0131s\u0131) 1438&#8217;de Avrupaya getirerek matbaac\u0131l\u0131\u011f\u0131n geli\u015fimine \u00e7ok b\u00fcy\u00fck ivme kazand\u0131rm\u0131\u015ft\u0131r. Bu y\u00f6ntem, \u00f6nceleri tahtadan daha sonralar\u0131 bir kur\u015fun ala\u015f\u0131m\u0131ndan yap\u0131lan d\u00f6kme harflerin, bask\u0131dan sonra ba\u015fka bir yaz\u0131da kullan\u0131lmak \u00fczere sakland\u0131\u011f\u0131 bir bas\u0131m y\u00f6ntemidir. Bu, y\u00fczy\u0131llard\u0131r \u00c7in ve Kore&#8217;de kullan\u0131lmaktayd\u0131. [&hellip;]<\/p>\n","protected":false},"author":18,"featured_media":0,"comment_status":"open","ping_status":"open","sticky":false,"template":"","format":"standard","meta":{"_yoast_wpseo_focuskw":"","_yoast_wpseo_title":"","_yoast_wpseo_metadesc":"","_bbp_topic_count":0,"_bbp_reply_count":0,"_bbp_total_topic_count":0,"_bbp_total_reply_count":0,"_bbp_voice_count":0,"_bbp_anonymous_reply_count":0,"_bbp_topic_count_hidden":0,"_bbp_reply_count_hidden":0,"_bbp_forum_subforum_count":0,"footnotes":"","_yoast_wpseo_focuskw_text_input":""},"categories":[2610],"tags":[3170,3169,3167,3168],"yoast_head":"<!-- This site is optimized with the Yoast SEO plugin v23.0 - https:\/\/yoast.com\/wordpress\/plugins\/seo\/ -->\n<title>Y\u00fcksek Bask\u0131 Tekni\u011finin Mucidi Johannes Gutenberg - The Epoch Times TR<\/title>\n<meta name=\"robots\" content=\"index, follow, max-snippet:-1, max-image-preview:large, max-video-preview:-1\" \/>\n<link rel=\"canonical\" href=\"https:\/\/epochtimestr.com\/index.php\/yuksek-baski-tekniginin-mucidi-johannes-gutenberg\" \/>\n<meta property=\"og:locale\" content=\"tr_TR\" \/>\n<meta property=\"og:type\" content=\"article\" \/>\n<meta property=\"og:title\" content=\"Y\u00fcksek Bask\u0131 Tekni\u011finin Mucidi Johannes Gutenberg - The Epoch Times TR\" \/>\n<meta property=\"og:description\" content=\"B\u00fcy\u00fck mucit Johannes Gutenberg ileti\u015fim tarihinin en \u00f6nemli geli\u015fmelerinden biri say\u0131lan y\u00fcksek bask\u0131 tekni\u011fini (G\u00fcn\u00fcm\u00fcz Tipo bask\u0131s\u0131) 1438&#8217;de Avrupaya getirerek matbaac\u0131l\u0131\u011f\u0131n geli\u015fimine \u00e7ok b\u00fcy\u00fck ivme kazand\u0131rm\u0131\u015ft\u0131r. Bu y\u00f6ntem, \u00f6nceleri tahtadan daha sonralar\u0131 bir kur\u015fun ala\u015f\u0131m\u0131ndan yap\u0131lan d\u00f6kme harflerin, bask\u0131dan sonra ba\u015fka bir yaz\u0131da kullan\u0131lmak \u00fczere sakland\u0131\u011f\u0131 bir bas\u0131m y\u00f6ntemidir. Bu, y\u00fczy\u0131llard\u0131r \u00c7in ve Kore&#8217;de kullan\u0131lmaktayd\u0131. [&hellip;]\" \/>\n<meta property=\"og:url\" content=\"https:\/\/epochtimestr.com\/index.php\/yuksek-baski-tekniginin-mucidi-johannes-gutenberg\" \/>\n<meta property=\"og:site_name\" content=\"The Epoch Times TR\" \/>\n<meta property=\"article:publisher\" content=\"https:\/\/www.facebook.com\/theepochtimestr\" \/>\n<meta property=\"article:published_time\" content=\"2011-10-17T11:08:16+00:00\" \/>\n<meta property=\"article:modified_time\" content=\"2013-03-29T09:10:07+00:00\" \/>\n<meta property=\"og:image\" content=\"http:\/\/www.epochtimestr.com\/wp-content\/uploads\/2011y\/Gutenberg-300x219.jpg\" \/>\n<meta name=\"author\" content=\"Nesrin Se\u00e7er\" \/>\n<meta name=\"twitter:card\" content=\"summary_large_image\" \/>\n<meta name=\"twitter:creator\" content=\"@TheEpochTimesTR\" \/>\n<meta name=\"twitter:site\" content=\"@TheEpochTimesTR\" \/>\n<meta name=\"twitter:label1\" content=\"Yazan:\" \/>\n\t<meta name=\"twitter:data1\" content=\"Nesrin Se\u00e7er\" \/>\n\t<meta name=\"twitter:label2\" content=\"Tahmini okuma s\u00fcresi\" \/>\n\t<meta name=\"twitter:data2\" content=\"3 dakika\" \/>\n<script type=\"application\/ld+json\" class=\"yoast-schema-graph\">{\"@context\":\"https:\/\/schema.org\",\"@graph\":[{\"@type\":\"Article\",\"@id\":\"https:\/\/epochtimestr.com\/index.php\/yuksek-baski-tekniginin-mucidi-johannes-gutenberg#article\",\"isPartOf\":{\"@id\":\"https:\/\/epochtimestr.com\/index.php\/yuksek-baski-tekniginin-mucidi-johannes-gutenberg\"},\"author\":{\"name\":\"Nesrin Se\u00e7er\",\"@id\":\"https:\/\/epochtimestr.com\/#\/schema\/person\/9449775713995720d2e8d6af219e3cc3\"},\"headline\":\"Y\u00fcksek Bask\u0131 Tekni\u011finin Mucidi Johannes Gutenberg\",\"datePublished\":\"2011-10-17T11:08:16+00:00\",\"dateModified\":\"2013-03-29T09:10:07+00:00\",\"mainEntityOfPage\":{\"@id\":\"https:\/\/epochtimestr.com\/index.php\/yuksek-baski-tekniginin-mucidi-johannes-gutenberg\"},\"wordCount\":670,\"commentCount\":0,\"publisher\":{\"@id\":\"https:\/\/epochtimestr.com\/#organization\"},\"image\":{\"@id\":\"https:\/\/epochtimestr.com\/index.php\/yuksek-baski-tekniginin-mucidi-johannes-gutenberg#primaryimage\"},\"thumbnailUrl\":\"http:\/\/www.epochtimestr.com\/wp-content\/uploads\/2011y\/Gutenberg-300x219.jpg\",\"keywords\":[\"alman mucit\",\"gutenberg\",\"matbaa\",\"tipo\"],\"articleSection\":[\"ilham Verenler\"],\"inLanguage\":\"tr\",\"potentialAction\":[{\"@type\":\"CommentAction\",\"name\":\"Comment\",\"target\":[\"https:\/\/epochtimestr.com\/index.php\/yuksek-baski-tekniginin-mucidi-johannes-gutenberg#respond\"]}]},{\"@type\":\"WebPage\",\"@id\":\"https:\/\/epochtimestr.com\/index.php\/yuksek-baski-tekniginin-mucidi-johannes-gutenberg\",\"url\":\"https:\/\/epochtimestr.com\/index.php\/yuksek-baski-tekniginin-mucidi-johannes-gutenberg\",\"name\":\"Y\u00fcksek Bask\u0131 Tekni\u011finin Mucidi Johannes Gutenberg - The Epoch Times TR\",\"isPartOf\":{\"@id\":\"https:\/\/epochtimestr.com\/#website\"},\"primaryImageOfPage\":{\"@id\":\"https:\/\/epochtimestr.com\/index.php\/yuksek-baski-tekniginin-mucidi-johannes-gutenberg#primaryimage\"},\"image\":{\"@id\":\"https:\/\/epochtimestr.com\/index.php\/yuksek-baski-tekniginin-mucidi-johannes-gutenberg#primaryimage\"},\"thumbnailUrl\":\"http:\/\/www.epochtimestr.com\/wp-content\/uploads\/2011y\/Gutenberg-300x219.jpg\",\"datePublished\":\"2011-10-17T11:08:16+00:00\",\"dateModified\":\"2013-03-29T09:10:07+00:00\",\"inLanguage\":\"tr\",\"potentialAction\":[{\"@type\":\"ReadAction\",\"target\":[\"https:\/\/epochtimestr.com\/index.php\/yuksek-baski-tekniginin-mucidi-johannes-gutenberg\"]}]},{\"@type\":\"ImageObject\",\"inLanguage\":\"tr\",\"@id\":\"https:\/\/epochtimestr.com\/index.php\/yuksek-baski-tekniginin-mucidi-johannes-gutenberg#primaryimage\",\"url\":\"http:\/\/www.epochtimestr.com\/wp-content\/uploads\/2011y\/Gutenberg-300x219.jpg\",\"contentUrl\":\"http:\/\/www.epochtimestr.com\/wp-content\/uploads\/2011y\/Gutenberg-300x219.jpg\"},{\"@type\":\"WebSite\",\"@id\":\"https:\/\/epochtimestr.com\/#website\",\"url\":\"https:\/\/epochtimestr.com\/\",\"name\":\"The Epoch Times TR\",\"description\":\"De\u011fi\u015fen D\u00fcnyam\u0131za Taze Bir Bak\u0131\u015f\",\"publisher\":{\"@id\":\"https:\/\/epochtimestr.com\/#organization\"},\"potentialAction\":[{\"@type\":\"SearchAction\",\"target\":{\"@type\":\"EntryPoint\",\"urlTemplate\":\"https:\/\/epochtimestr.com\/?s={search_term_string}\"},\"query-input\":\"required name=search_term_string\"}],\"inLanguage\":\"tr\"},{\"@type\":\"Organization\",\"@id\":\"https:\/\/epochtimestr.com\/#organization\",\"name\":\"The EpochTimes T\u00fcrkiye\",\"url\":\"https:\/\/epochtimestr.com\/\",\"logo\":{\"@type\":\"ImageObject\",\"inLanguage\":\"tr\",\"@id\":\"https:\/\/epochtimestr.com\/#\/schema\/logo\/image\/\",\"url\":\"https:\/\/epochtimestr.com\/wp-content\/uploads\/2011y\/ET-Logo-YG.jpg\",\"contentUrl\":\"https:\/\/epochtimestr.com\/wp-content\/uploads\/2011y\/ET-Logo-YG.jpg\",\"width\":346,\"height\":29,\"caption\":\"The EpochTimes T\u00fcrkiye\"},\"image\":{\"@id\":\"https:\/\/epochtimestr.com\/#\/schema\/logo\/image\/\"},\"sameAs\":[\"https:\/\/www.facebook.com\/theepochtimestr\",\"https:\/\/x.com\/TheEpochTimesTR\",\"https:\/\/www.instagram.com\/epochtimestr\"]},{\"@type\":\"Person\",\"@id\":\"https:\/\/epochtimestr.com\/#\/schema\/person\/9449775713995720d2e8d6af219e3cc3\",\"name\":\"Nesrin Se\u00e7er\",\"image\":{\"@type\":\"ImageObject\",\"inLanguage\":\"tr\",\"@id\":\"https:\/\/epochtimestr.com\/#\/schema\/person\/image\/\",\"url\":\"https:\/\/secure.gravatar.com\/avatar\/9e76ddf1406df7ae1827116f0007ff40?s=96&d=mm&r=g\",\"contentUrl\":\"https:\/\/secure.gravatar.com\/avatar\/9e76ddf1406df7ae1827116f0007ff40?s=96&d=mm&r=g\",\"caption\":\"Nesrin Se\u00e7er\"},\"url\":\"https:\/\/epochtimestr.com\/index.php\/author\/nesrin\"}]}<\/script>\n<!-- \/ Yoast SEO plugin. -->","yoast_head_json":{"title":"Y\u00fcksek Bask\u0131 Tekni\u011finin Mucidi Johannes Gutenberg - The Epoch Times TR","robots":{"index":"index","follow":"follow","max-snippet":"max-snippet:-1","max-image-preview":"max-image-preview:large","max-video-preview":"max-video-preview:-1"},"canonical":"https:\/\/epochtimestr.com\/index.php\/yuksek-baski-tekniginin-mucidi-johannes-gutenberg","og_locale":"tr_TR","og_type":"article","og_title":"Y\u00fcksek Bask\u0131 Tekni\u011finin Mucidi Johannes Gutenberg - The Epoch Times TR","og_description":"B\u00fcy\u00fck mucit Johannes Gutenberg ileti\u015fim tarihinin en \u00f6nemli geli\u015fmelerinden biri say\u0131lan y\u00fcksek bask\u0131 tekni\u011fini (G\u00fcn\u00fcm\u00fcz Tipo bask\u0131s\u0131) 1438&#8217;de Avrupaya getirerek matbaac\u0131l\u0131\u011f\u0131n geli\u015fimine \u00e7ok b\u00fcy\u00fck ivme kazand\u0131rm\u0131\u015ft\u0131r. Bu y\u00f6ntem, \u00f6nceleri tahtadan daha sonralar\u0131 bir kur\u015fun ala\u015f\u0131m\u0131ndan yap\u0131lan d\u00f6kme harflerin, bask\u0131dan sonra ba\u015fka bir yaz\u0131da kullan\u0131lmak \u00fczere sakland\u0131\u011f\u0131 bir bas\u0131m y\u00f6ntemidir. Bu, y\u00fczy\u0131llard\u0131r \u00c7in ve Kore&#8217;de kullan\u0131lmaktayd\u0131. [&hellip;]","og_url":"https:\/\/epochtimestr.com\/index.php\/yuksek-baski-tekniginin-mucidi-johannes-gutenberg","og_site_name":"The Epoch Times TR","article_publisher":"https:\/\/www.facebook.com\/theepochtimestr","article_published_time":"2011-10-17T11:08:16+00:00","article_modified_time":"2013-03-29T09:10:07+00:00","og_image":[{"url":"http:\/\/www.epochtimestr.com\/wp-content\/uploads\/2011y\/Gutenberg-300x219.jpg"}],"author":"Nesrin Se\u00e7er","twitter_card":"summary_large_image","twitter_creator":"@TheEpochTimesTR","twitter_site":"@TheEpochTimesTR","twitter_misc":{"Yazan:":"Nesrin Se\u00e7er","Tahmini okuma s\u00fcresi":"3 dakika"},"schema":{"@context":"https:\/\/schema.org","@graph":[{"@type":"Article","@id":"https:\/\/epochtimestr.com\/index.php\/yuksek-baski-tekniginin-mucidi-johannes-gutenberg#article","isPartOf":{"@id":"https:\/\/epochtimestr.com\/index.php\/yuksek-baski-tekniginin-mucidi-johannes-gutenberg"},"author":{"name":"Nesrin Se\u00e7er","@id":"https:\/\/epochtimestr.com\/#\/schema\/person\/9449775713995720d2e8d6af219e3cc3"},"headline":"Y\u00fcksek Bask\u0131 Tekni\u011finin Mucidi Johannes Gutenberg","datePublished":"2011-10-17T11:08:16+00:00","dateModified":"2013-03-29T09:10:07+00:00","mainEntityOfPage":{"@id":"https:\/\/epochtimestr.com\/index.php\/yuksek-baski-tekniginin-mucidi-johannes-gutenberg"},"wordCount":670,"commentCount":0,"publisher":{"@id":"https:\/\/epochtimestr.com\/#organization"},"image":{"@id":"https:\/\/epochtimestr.com\/index.php\/yuksek-baski-tekniginin-mucidi-johannes-gutenberg#primaryimage"},"thumbnailUrl":"http:\/\/www.epochtimestr.com\/wp-content\/uploads\/2011y\/Gutenberg-300x219.jpg","keywords":["alman mucit","gutenberg","matbaa","tipo"],"articleSection":["ilham Verenler"],"inLanguage":"tr","potentialAction":[{"@type":"CommentAction","name":"Comment","target":["https:\/\/epochtimestr.com\/index.php\/yuksek-baski-tekniginin-mucidi-johannes-gutenberg#respond"]}]},{"@type":"WebPage","@id":"https:\/\/epochtimestr.com\/index.php\/yuksek-baski-tekniginin-mucidi-johannes-gutenberg","url":"https:\/\/epochtimestr.com\/index.php\/yuksek-baski-tekniginin-mucidi-johannes-gutenberg","name":"Y\u00fcksek Bask\u0131 Tekni\u011finin Mucidi Johannes Gutenberg - The Epoch Times TR","isPartOf":{"@id":"https:\/\/epochtimestr.com\/#website"},"primaryImageOfPage":{"@id":"https:\/\/epochtimestr.com\/index.php\/yuksek-baski-tekniginin-mucidi-johannes-gutenberg#primaryimage"},"image":{"@id":"https:\/\/epochtimestr.com\/index.php\/yuksek-baski-tekniginin-mucidi-johannes-gutenberg#primaryimage"},"thumbnailUrl":"http:\/\/www.epochtimestr.com\/wp-content\/uploads\/2011y\/Gutenberg-300x219.jpg","datePublished":"2011-10-17T11:08:16+00:00","dateModified":"2013-03-29T09:10:07+00:00","inLanguage":"tr","potentialAction":[{"@type":"ReadAction","target":["https:\/\/epochtimestr.com\/index.php\/yuksek-baski-tekniginin-mucidi-johannes-gutenberg"]}]},{"@type":"ImageObject","inLanguage":"tr","@id":"https:\/\/epochtimestr.com\/index.php\/yuksek-baski-tekniginin-mucidi-johannes-gutenberg#primaryimage","url":"http:\/\/www.epochtimestr.com\/wp-content\/uploads\/2011y\/Gutenberg-300x219.jpg","contentUrl":"http:\/\/www.epochtimestr.com\/wp-content\/uploads\/2011y\/Gutenberg-300x219.jpg"},{"@type":"WebSite","@id":"https:\/\/epochtimestr.com\/#website","url":"https:\/\/epochtimestr.com\/","name":"The Epoch Times TR","description":"De\u011fi\u015fen D\u00fcnyam\u0131za Taze Bir Bak\u0131\u015f","publisher":{"@id":"https:\/\/epochtimestr.com\/#organization"},"potentialAction":[{"@type":"SearchAction","target":{"@type":"EntryPoint","urlTemplate":"https:\/\/epochtimestr.com\/?s={search_term_string}"},"query-input":"required name=search_term_string"}],"inLanguage":"tr"},{"@type":"Organization","@id":"https:\/\/epochtimestr.com\/#organization","name":"The EpochTimes T\u00fcrkiye","url":"https:\/\/epochtimestr.com\/","logo":{"@type":"ImageObject","inLanguage":"tr","@id":"https:\/\/epochtimestr.com\/#\/schema\/logo\/image\/","url":"https:\/\/epochtimestr.com\/wp-content\/uploads\/2011y\/ET-Logo-YG.jpg","contentUrl":"https:\/\/epochtimestr.com\/wp-content\/uploads\/2011y\/ET-Logo-YG.jpg","width":346,"height":29,"caption":"The EpochTimes T\u00fcrkiye"},"image":{"@id":"https:\/\/epochtimestr.com\/#\/schema\/logo\/image\/"},"sameAs":["https:\/\/www.facebook.com\/theepochtimestr","https:\/\/x.com\/TheEpochTimesTR","https:\/\/www.instagram.com\/epochtimestr"]},{"@type":"Person","@id":"https:\/\/epochtimestr.com\/#\/schema\/person\/9449775713995720d2e8d6af219e3cc3","name":"Nesrin Se\u00e7er","image":{"@type":"ImageObject","inLanguage":"tr","@id":"https:\/\/epochtimestr.com\/#\/schema\/person\/image\/","url":"https:\/\/secure.gravatar.com\/avatar\/9e76ddf1406df7ae1827116f0007ff40?s=96&d=mm&r=g","contentUrl":"https:\/\/secure.gravatar.com\/avatar\/9e76ddf1406df7ae1827116f0007ff40?s=96&d=mm&r=g","caption":"Nesrin Se\u00e7er"},"url":"https:\/\/epochtimestr.com\/index.php\/author\/nesrin"}]}},"_links":{"self":[{"href":"https:\/\/epochtimestr.com\/index.php\/wp-json\/wp\/v2\/posts\/48291"}],"collection":[{"href":"https:\/\/epochtimestr.com\/index.php\/wp-json\/wp\/v2\/posts"}],"about":[{"href":"https:\/\/epochtimestr.com\/index.php\/wp-json\/wp\/v2\/types\/post"}],"author":[{"embeddable":true,"href":"https:\/\/epochtimestr.com\/index.php\/wp-json\/wp\/v2\/users\/18"}],"replies":[{"embeddable":true,"href":"https:\/\/epochtimestr.com\/index.php\/wp-json\/wp\/v2\/comments?post=48291"}],"version-history":[{"count":3,"href":"https:\/\/epochtimestr.com\/index.php\/wp-json\/wp\/v2\/posts\/48291\/revisions"}],"predecessor-version":[{"id":67725,"href":"https:\/\/epochtimestr.com\/index.php\/wp-json\/wp\/v2\/posts\/48291\/revisions\/67725"}],"wp:attachment":[{"href":"https:\/\/epochtimestr.com\/index.php\/wp-json\/wp\/v2\/media?parent=48291"}],"wp:term":[{"taxonomy":"category","embeddable":true,"href":"https:\/\/epochtimestr.com\/index.php\/wp-json\/wp\/v2\/categories?post=48291"},{"taxonomy":"post_tag","embeddable":true,"href":"https:\/\/epochtimestr.com\/index.php\/wp-json\/wp\/v2\/tags?post=48291"}],"curies":[{"name":"wp","href":"https:\/\/api.w.org\/{rel}","templated":true}]}}