{"id":50120,"date":"2011-11-21T23:13:35","date_gmt":"2011-11-21T20:13:35","guid":{"rendered":"http:\/\/epochtimestr.com\/?p=50120"},"modified":"2013-08-22T14:42:41","modified_gmt":"2013-08-22T11:42:41","slug":"bir-yildiz-daha-kaydiesin-afsar-dunyaya-veda-etti","status":"publish","type":"post","link":"https:\/\/epochtimestr.com\/index.php\/bir-yildiz-daha-kaydiesin-afsar-dunyaya-veda-etti","title":{"rendered":"Bir Y\u0131ld\u0131z Daha Kayd\u0131\u2026Esin Af\u015far D\u00fcnyaya Veda Etti"},"content":{"rendered":"<p style=\"text-align: justify;\"><img loading=\"lazy\" decoding=\"async\" class=\"alignleft size-full wp-image-50123\" title=\"Esin Af\u015far\" src=\"https:\/\/epochtimestr.com\/wp-content\/uploads\/2011y\/Helin-Af%C5%9Far.jpg\" alt=\"\" width=\"149\" height=\"151\" \/>M\u00fczikten tiyatroya sanat\u0131n pek \u00e7ok dal\u0131nda \u00f6nemli \u00e7al\u0131\u015fmalar\u0131 olan sanat\u00e7\u0131 Esin Af\u015far, 22 Ekim\u2019den bu yana yo\u011fun bak\u0131mda l\u00f6semi ve zat\u00fcrre tedavisi g\u00f6r\u00fcyordu.<\/p>\n<p style=\"text-align: justify;\">Esin Af\u015far, diplomat olan babas\u0131 N\u00fczhet H. Sinano\u011flu\u2019nun g\u00f6rev yeri nedeniyle \u0130talya\u2019n\u0131n Bari \u015fehrinde do\u011fdu.<\/p>\n<p style=\"text-align: justify;\">Annesi gazeteci ve yazar R\u00fcveyde Sinano\u011flu olan Af\u015far, Ankara Koleji\u2019nde okurken piyano b\u00f6l\u00fcm\u00fc s\u0131navlar\u0131na girdi ve buradan mezun oldu. T\u00fcrk halk m\u00fczi\u011finin usta bestecilerinden olan, Ankara Devlet Konservatuar\u0131 piyano b\u00f6l\u00fcm\u00fc mezunu olan Af\u015far, \u00fcnl\u00fc opera sanat\u00e7\u0131lar\u0131 Leyla Gencer, Maria Callas gibi isimlere \u00f6\u011fretmenlik yapan Madam Hidalgo, Madam B\u00f6hm gibi isimlerden ses ve \u015fan dersleri alarak, \u00e7ocuk ya\u015flarda ya\u015fam\u0131na y\u00f6n verdi.<\/p>\n<p style=\"text-align: justify;\">1940\u2032l\u0131 y\u0131llarda piyanist olarak girdi\u011fi Devlet Tiyatrolar\u0131nda, Piyanist olarak girdi\u011fi Devlet Tiyatrolar\u0131\u2019nda Muhsin Ertu\u011frul\u2019un \u201cSahnenin \u00e7ukurunda olaca\u011f\u0131na \u00fcst\u00fcnde ol\u201d iste\u011fiyle\u00a012 y\u0131l oyuncu olarak g\u00f6rev yapt\u0131. Ankara Meydan Sahnesi\u2019nde konuk oyuncu olarak \u00e7al\u0131\u015f\u0131rken, tekrar m\u00fczi\u011fe y\u00f6neldi. \u00d6nceleri d\u00f6nemin pop\u00fcler m\u00fczi\u011fi olan <em>\u201caranjman\u201d<\/em> olarak nitelendirilen, T\u00fcrk\u00e7e s\u00f6zl\u00fc hafif m\u00fczik dal\u0131nda \u00e7al\u0131\u015f\u0131rken, Ruhi Su ile tan\u0131\u015farak \u00e7a\u011fda\u015f folk m\u00fczi\u011fi t\u00fcr\u00fcnde emek harcayarak bu ak\u0131m \u00fcst\u00fcnde s\u00f6z sahibi oldu.<\/p>\n<p style=\"text-align: justify;\">1969\u2032da <em>Diplomatik sanat\u00e7\u0131<\/em> tan\u0131mlamas\u0131yla Macaristan\u2019a konser i\u00e7in giden Esin Af\u015far, bir\u00e7ok \u00fclkede ve yurt i\u00e7inde \u00e7e\u015fitli konserler verdi, \u00f6d\u00fcller kazand\u0131. \u00c7evirisini 1980 y\u0131l\u0131nda yapt\u0131\u011f\u0131 <em>\u201cK\u0131rm\u0131z\u0131 Pabu\u00e7lar\u201d<\/em> d\u00f6rt y\u0131l Ankara ve \u0130stanbul Devlet Tiyatrolar\u0131\u2019nda ve TV\u2019de oynad\u0131.<\/p>\n<p style=\"text-align: justify;\">Sanat\u00e7\u0131, yazarl\u0131\u011f\u0131n\u0131 Bilgesu Erenus\u2019un yapt\u0131\u011f\u0131 tek ki\u015filik tiyatro oyunu <em>\u201cKelaynaklar\u201d<\/em> da oynad\u0131. 1986 y\u0131l\u0131nda ilk Uzun\u00e7alar (LP) eserini \u00e7\u0131kard\u0131. 18 May\u0131s 1990\u2032da Fransa \u2013 Audincourt\u2019da \u0131rk\u00e7\u0131l\u0131\u011fa kar\u015f\u0131 d\u00fczenlenen festivalde Polonya\u2019l\u0131, \u0130spanyol, \u0130talyan, Portekiz, Cezayir, Tunus\u2019lu sanat\u00e7\u0131lar\u0131n kat\u0131ld\u0131\u011f\u0131 festivalde bir konsere davet edildi. Annesinin \u00f6l\u00fcm\u00fc \u00fczerine ya\u015fl\u0131lar i\u00e7in bir kampanya ba\u015flatt\u0131. Bo\u011fazi\u00e7i \u00dcniversitesi\u2019nde gen\u00e7leri \u00f6rg\u00fctledi. Kendi bestelerinden olu\u015fan Yunus Emre kaseti \u00e7\u0131kt\u0131.<\/p>\n<p style=\"text-align: justify;\">Sivil Toplum Kurulu\u015flar\u0131nda etkinliklere kat\u0131lan Af\u015far, \u00c7a\u011fda\u015f Ya\u015fam\u0131 Destekleme Derne\u011fi, Atat\u00fcrk\u00e7\u00fc D\u00fc\u015f\u00fcnce Derne\u011fi, T\u00fcrkiye \u2013 Yunanistan Dostluk Derne\u011fi y\u00f6netim kurulu \u00fcyesi, Sokaktaki \u00c7ocuklar\u0131 ve Gen\u00e7leri Koruma Derne\u011fi kurucu \u00fcyesi, Sigara \u0130\u00e7meyenler Derne\u011fi, Beyo\u011flu\u2019nu G\u00fczelle\u015ftirme Derne\u011fi ve M\u00fczik Dostlar\u0131 Derne\u011fi y\u00f6netim kurulu \u00fcyesi olup, sanat\u00e7\u0131 Kerim Af\u015far\u2019\u0131n eski e\u015fi, \u00fcnl\u00fc T\u00fcrk bilim adam\u0131 Prof. Dr. Oktay Sinano\u011flu\u2019nun\u00a0k\u0131zkarde\u015fidir.<\/p>\n<ul style=\"text-align: justify;\">\n<li>Alb\u00fcmler<\/li>\n<\/ul>\n<ul>\n<li style=\"text-align: justify;\">Yunus Emre &amp; Mevlana \u015eark\u0131lar\u0131, 2002<\/li>\n<li style=\"text-align: justify;\">Naz\u0131m Hikmet \u015eark\u0131lar\u0131, 2000<\/li>\n<li style=\"text-align: justify;\">Caz Yorumlar\u0131yla A\u015f\u0131k Veysel, 1999<\/li>\n<li style=\"text-align: justify;\">Pembe U\u00e7urtma, 1998<\/li>\n<li style=\"text-align: justify;\">\u00d6zlem, 1998<\/li>\n<li style=\"text-align: justify;\">Atat\u00fcrk, 1997<\/li>\n<li style=\"text-align: justify;\">Esin Alaturka, 1995<\/li>\n<li style=\"text-align: justify;\">Yunus Emre, 1991<\/li>\n<li style=\"text-align: justify;\">Ruhi Su\u2019ya T\u00fcrk\u00fc, 1987<\/li>\n<li style=\"text-align: justify;\">D\u00fcn ve Bug\u00fcn\u00fcn T\u00fcrk \u015eiir ve Ezgileri, 1986<\/li>\n<li>45\u2032lik plaklar\n<ul>\n<li style=\"text-align: justify;\">Z\u00fcht\u00fc \/ Kaz<\/li>\n<li style=\"text-align: justify;\">Hacer Han\u0131m \/ Ben Olay\u0131m<\/li>\n<li style=\"text-align: justify;\">Sanat\u00e7\u0131n\u0131n Kaderi \/ O Pencere<\/li>\n<li style=\"text-align: justify;\">Can\u0131 S\u0131k\u0131lan Adam \/ Yi\u011fidin \u00d6yk\u00fcs\u00fc<\/li>\n<li style=\"text-align: justify;\">Sand\u0131\u011f\u0131m\u0131 A\u00e7amad\u0131m \/ G\u00fcne\u015fe Giden Gemi<\/li>\n<li style=\"text-align: justify;\">Dert \u015eark\u0131s\u0131 \/ Niye \u00c7att\u0131n Ka\u015flar\u0131n\u0131<\/li>\n<li style=\"text-align: justify;\">Gel Dosta Gidelim \/ Sorma<\/li>\n<li style=\"text-align: justify;\">Sivastopol \/ K\u00fc\u00e7\u00fck Ku\u015fum<\/li>\n<li style=\"text-align: justify;\">Diley Diley Yar \/ Yapra\u011f\u0131<\/li>\n<li style=\"text-align: justify;\">Ya\u011fan Ya\u011fmur \/ \u00c7atlad\u0131 Dudaklar\u0131m \u00d6p\u00fclmeyi \u00d6p\u00fclmeyi<\/li>\n<li style=\"text-align: justify;\">Kara Toprak \/ Yunus (Bana Seni gerek Seni)<\/li>\n<li style=\"text-align: justify;\">Yoh Yoh \/ Bebek (Bir Masal T\u00fcrk\u00fcs\u00fc)<\/li>\n<li style=\"text-align: justify;\">Allam Allam Seni Yar \/ Drama K\u00f6pr\u00fcs\u00fc<\/li>\n<li style=\"text-align: justify;\">Halalay \u00c7ocuk \/ G\u00fczelli\u011fin On Para Etmez<\/li>\n<li style=\"text-align: justify;\">Gurbet Yorgan\u0131 \/ Elif<\/li>\n<li style=\"text-align: justify;\">Niksar\u0131n Fidanlar\u0131 \/ Aliyi G\u00f6rd\u00fcm Aliyi<\/li>\n<li style=\"text-align: justify;\">Allam Allam Seni Yar \/ Yoh Yoh<\/li>\n<\/ul>\n<\/li>\n<\/ul>\n","protected":false},"excerpt":{"rendered":"<p>M\u00fczikten tiyatroya sanat\u0131n pek \u00e7ok dal\u0131nda \u00f6nemli \u00e7al\u0131\u015fmalar\u0131 olan sanat\u00e7\u0131 Esin Af\u015far, 22 Ekim\u2019den bu yana yo\u011fun bak\u0131mda l\u00f6semi ve zat\u00fcrre tedavisi g\u00f6r\u00fcyordu. Esin Af\u015far, diplomat olan babas\u0131 N\u00fczhet H. Sinano\u011flu\u2019nun g\u00f6rev yeri nedeniyle \u0130talya\u2019n\u0131n Bari \u015fehrinde do\u011fdu. Annesi gazeteci ve yazar R\u00fcveyde Sinano\u011flu olan Af\u015far, Ankara Koleji\u2019nde okurken piyano b\u00f6l\u00fcm\u00fc s\u0131navlar\u0131na girdi ve buradan [&hellip;]<\/p>\n","protected":false},"author":22,"featured_media":0,"comment_status":"open","ping_status":"open","sticky":false,"template":"","format":"standard","meta":{"_yoast_wpseo_focuskw":"","_yoast_wpseo_title":"","_yoast_wpseo_metadesc":"","_bbp_topic_count":0,"_bbp_reply_count":0,"_bbp_total_topic_count":0,"_bbp_total_reply_count":0,"_bbp_voice_count":0,"_bbp_anonymous_reply_count":0,"_bbp_topic_count_hidden":0,"_bbp_reply_count_hidden":0,"_bbp_forum_subforum_count":0,"footnotes":"","_yoast_wpseo_focuskw_text_input":""},"categories":[519,16],"tags":[],"yoast_head":"<!-- This site is optimized with the Yoast SEO plugin v23.0 - https:\/\/yoast.com\/wordpress\/plugins\/seo\/ -->\n<title>Bir Y\u0131ld\u0131z Daha Kayd\u0131\u2026Esin Af\u015far D\u00fcnyaya Veda Etti - The Epoch Times TR<\/title>\n<meta name=\"robots\" content=\"index, follow, max-snippet:-1, max-image-preview:large, max-video-preview:-1\" \/>\n<link rel=\"canonical\" href=\"https:\/\/epochtimestr.com\/index.php\/bir-yildiz-daha-kaydiesin-afsar-dunyaya-veda-etti\" \/>\n<meta property=\"og:locale\" content=\"tr_TR\" \/>\n<meta property=\"og:type\" content=\"article\" \/>\n<meta property=\"og:title\" content=\"Bir Y\u0131ld\u0131z Daha Kayd\u0131\u2026Esin Af\u015far D\u00fcnyaya Veda Etti - The Epoch Times TR\" \/>\n<meta property=\"og:description\" content=\"M\u00fczikten tiyatroya sanat\u0131n pek \u00e7ok dal\u0131nda \u00f6nemli \u00e7al\u0131\u015fmalar\u0131 olan sanat\u00e7\u0131 Esin Af\u015far, 22 Ekim\u2019den bu yana yo\u011fun bak\u0131mda l\u00f6semi ve zat\u00fcrre tedavisi g\u00f6r\u00fcyordu. Esin Af\u015far, diplomat olan babas\u0131 N\u00fczhet H. Sinano\u011flu\u2019nun g\u00f6rev yeri nedeniyle \u0130talya\u2019n\u0131n Bari \u015fehrinde do\u011fdu. Annesi gazeteci ve yazar R\u00fcveyde Sinano\u011flu olan Af\u015far, Ankara Koleji\u2019nde okurken piyano b\u00f6l\u00fcm\u00fc s\u0131navlar\u0131na girdi ve buradan [&hellip;]\" \/>\n<meta property=\"og:url\" content=\"https:\/\/epochtimestr.com\/index.php\/bir-yildiz-daha-kaydiesin-afsar-dunyaya-veda-etti\" \/>\n<meta property=\"og:site_name\" content=\"The Epoch Times TR\" \/>\n<meta property=\"article:publisher\" content=\"https:\/\/www.facebook.com\/theepochtimestr\" \/>\n<meta property=\"article:published_time\" content=\"2011-11-21T20:13:35+00:00\" \/>\n<meta property=\"article:modified_time\" content=\"2013-08-22T11:42:41+00:00\" \/>\n<meta property=\"og:image\" content=\"http:\/\/epochtimestr.com\/wp-content\/uploads\/2011y\/Helin-Af%C5%9Far.jpg\" \/>\n<meta name=\"author\" content=\"G.Hakan Ko\u00e7man\" \/>\n<meta name=\"twitter:card\" content=\"summary_large_image\" \/>\n<meta name=\"twitter:creator\" content=\"@TheEpochTimesTR\" \/>\n<meta name=\"twitter:site\" content=\"@TheEpochTimesTR\" \/>\n<meta name=\"twitter:label1\" content=\"Yazan:\" \/>\n\t<meta name=\"twitter:data1\" content=\"G.Hakan Ko\u00e7man\" \/>\n\t<meta name=\"twitter:label2\" content=\"Tahmini okuma s\u00fcresi\" \/>\n\t<meta name=\"twitter:data2\" content=\"3 dakika\" \/>\n<script type=\"application\/ld+json\" class=\"yoast-schema-graph\">{\"@context\":\"https:\/\/schema.org\",\"@graph\":[{\"@type\":\"Article\",\"@id\":\"https:\/\/epochtimestr.com\/index.php\/bir-yildiz-daha-kaydiesin-afsar-dunyaya-veda-etti#article\",\"isPartOf\":{\"@id\":\"https:\/\/epochtimestr.com\/index.php\/bir-yildiz-daha-kaydiesin-afsar-dunyaya-veda-etti\"},\"author\":{\"name\":\"G.Hakan Ko\u00e7man\",\"@id\":\"https:\/\/epochtimestr.com\/#\/schema\/person\/b5509977c9a6cd729a3e74d9743d035b\"},\"headline\":\"Bir Y\u0131ld\u0131z Daha Kayd\u0131\u2026Esin Af\u015far D\u00fcnyaya Veda Etti\",\"datePublished\":\"2011-11-21T20:13:35+00:00\",\"dateModified\":\"2013-08-22T11:42:41+00:00\",\"mainEntityOfPage\":{\"@id\":\"https:\/\/epochtimestr.com\/index.php\/bir-yildiz-daha-kaydiesin-afsar-dunyaya-veda-etti\"},\"wordCount\":639,\"commentCount\":0,\"publisher\":{\"@id\":\"https:\/\/epochtimestr.com\/#organization\"},\"image\":{\"@id\":\"https:\/\/epochtimestr.com\/index.php\/bir-yildiz-daha-kaydiesin-afsar-dunyaya-veda-etti#primaryimage\"},\"thumbnailUrl\":\"http:\/\/epochtimestr.com\/wp-content\/uploads\/2011y\/Helin-Af%C5%9Far.jpg\",\"articleSection\":[\"ED\u0130T\u00d6R\u00dcN SE\u00c7\u0130M\u0130\",\"SANAT ve K\u00dcLT\u00dcR\"],\"inLanguage\":\"tr\",\"potentialAction\":[{\"@type\":\"CommentAction\",\"name\":\"Comment\",\"target\":[\"https:\/\/epochtimestr.com\/index.php\/bir-yildiz-daha-kaydiesin-afsar-dunyaya-veda-etti#respond\"]}]},{\"@type\":\"WebPage\",\"@id\":\"https:\/\/epochtimestr.com\/index.php\/bir-yildiz-daha-kaydiesin-afsar-dunyaya-veda-etti\",\"url\":\"https:\/\/epochtimestr.com\/index.php\/bir-yildiz-daha-kaydiesin-afsar-dunyaya-veda-etti\",\"name\":\"Bir Y\u0131ld\u0131z Daha Kayd\u0131\u2026Esin Af\u015far D\u00fcnyaya Veda Etti - The Epoch Times TR\",\"isPartOf\":{\"@id\":\"https:\/\/epochtimestr.com\/#website\"},\"primaryImageOfPage\":{\"@id\":\"https:\/\/epochtimestr.com\/index.php\/bir-yildiz-daha-kaydiesin-afsar-dunyaya-veda-etti#primaryimage\"},\"image\":{\"@id\":\"https:\/\/epochtimestr.com\/index.php\/bir-yildiz-daha-kaydiesin-afsar-dunyaya-veda-etti#primaryimage\"},\"thumbnailUrl\":\"http:\/\/epochtimestr.com\/wp-content\/uploads\/2011y\/Helin-Af%C5%9Far.jpg\",\"datePublished\":\"2011-11-21T20:13:35+00:00\",\"dateModified\":\"2013-08-22T11:42:41+00:00\",\"inLanguage\":\"tr\",\"potentialAction\":[{\"@type\":\"ReadAction\",\"target\":[\"https:\/\/epochtimestr.com\/index.php\/bir-yildiz-daha-kaydiesin-afsar-dunyaya-veda-etti\"]}]},{\"@type\":\"ImageObject\",\"inLanguage\":\"tr\",\"@id\":\"https:\/\/epochtimestr.com\/index.php\/bir-yildiz-daha-kaydiesin-afsar-dunyaya-veda-etti#primaryimage\",\"url\":\"http:\/\/epochtimestr.com\/wp-content\/uploads\/2011y\/Helin-Af%C5%9Far.jpg\",\"contentUrl\":\"http:\/\/epochtimestr.com\/wp-content\/uploads\/2011y\/Helin-Af%C5%9Far.jpg\"},{\"@type\":\"WebSite\",\"@id\":\"https:\/\/epochtimestr.com\/#website\",\"url\":\"https:\/\/epochtimestr.com\/\",\"name\":\"The Epoch Times TR\",\"description\":\"De\u011fi\u015fen D\u00fcnyam\u0131za Taze Bir Bak\u0131\u015f\",\"publisher\":{\"@id\":\"https:\/\/epochtimestr.com\/#organization\"},\"potentialAction\":[{\"@type\":\"SearchAction\",\"target\":{\"@type\":\"EntryPoint\",\"urlTemplate\":\"https:\/\/epochtimestr.com\/?s={search_term_string}\"},\"query-input\":\"required name=search_term_string\"}],\"inLanguage\":\"tr\"},{\"@type\":\"Organization\",\"@id\":\"https:\/\/epochtimestr.com\/#organization\",\"name\":\"The EpochTimes T\u00fcrkiye\",\"url\":\"https:\/\/epochtimestr.com\/\",\"logo\":{\"@type\":\"ImageObject\",\"inLanguage\":\"tr\",\"@id\":\"https:\/\/epochtimestr.com\/#\/schema\/logo\/image\/\",\"url\":\"https:\/\/epochtimestr.com\/wp-content\/uploads\/2011y\/ET-Logo-YG.jpg\",\"contentUrl\":\"https:\/\/epochtimestr.com\/wp-content\/uploads\/2011y\/ET-Logo-YG.jpg\",\"width\":346,\"height\":29,\"caption\":\"The EpochTimes T\u00fcrkiye\"},\"image\":{\"@id\":\"https:\/\/epochtimestr.com\/#\/schema\/logo\/image\/\"},\"sameAs\":[\"https:\/\/www.facebook.com\/theepochtimestr\",\"https:\/\/x.com\/TheEpochTimesTR\",\"https:\/\/www.instagram.com\/epochtimestr\"]},{\"@type\":\"Person\",\"@id\":\"https:\/\/epochtimestr.com\/#\/schema\/person\/b5509977c9a6cd729a3e74d9743d035b\",\"name\":\"G.Hakan Ko\u00e7man\",\"image\":{\"@type\":\"ImageObject\",\"inLanguage\":\"tr\",\"@id\":\"https:\/\/epochtimestr.com\/#\/schema\/person\/image\/\",\"url\":\"https:\/\/secure.gravatar.com\/avatar\/e4eafee1ab5d1f4015c3930376b22ca8?s=96&d=mm&r=g\",\"contentUrl\":\"https:\/\/secure.gravatar.com\/avatar\/e4eafee1ab5d1f4015c3930376b22ca8?s=96&d=mm&r=g\",\"caption\":\"G.Hakan Ko\u00e7man\"},\"url\":\"https:\/\/epochtimestr.com\/index.php\/author\/hakan\"}]}<\/script>\n<!-- \/ Yoast SEO plugin. -->","yoast_head_json":{"title":"Bir Y\u0131ld\u0131z Daha Kayd\u0131\u2026Esin Af\u015far D\u00fcnyaya Veda Etti - The Epoch Times TR","robots":{"index":"index","follow":"follow","max-snippet":"max-snippet:-1","max-image-preview":"max-image-preview:large","max-video-preview":"max-video-preview:-1"},"canonical":"https:\/\/epochtimestr.com\/index.php\/bir-yildiz-daha-kaydiesin-afsar-dunyaya-veda-etti","og_locale":"tr_TR","og_type":"article","og_title":"Bir Y\u0131ld\u0131z Daha Kayd\u0131\u2026Esin Af\u015far D\u00fcnyaya Veda Etti - The Epoch Times TR","og_description":"M\u00fczikten tiyatroya sanat\u0131n pek \u00e7ok dal\u0131nda \u00f6nemli \u00e7al\u0131\u015fmalar\u0131 olan sanat\u00e7\u0131 Esin Af\u015far, 22 Ekim\u2019den bu yana yo\u011fun bak\u0131mda l\u00f6semi ve zat\u00fcrre tedavisi g\u00f6r\u00fcyordu. Esin Af\u015far, diplomat olan babas\u0131 N\u00fczhet H. Sinano\u011flu\u2019nun g\u00f6rev yeri nedeniyle \u0130talya\u2019n\u0131n Bari \u015fehrinde do\u011fdu. Annesi gazeteci ve yazar R\u00fcveyde Sinano\u011flu olan Af\u015far, Ankara Koleji\u2019nde okurken piyano b\u00f6l\u00fcm\u00fc s\u0131navlar\u0131na girdi ve buradan [&hellip;]","og_url":"https:\/\/epochtimestr.com\/index.php\/bir-yildiz-daha-kaydiesin-afsar-dunyaya-veda-etti","og_site_name":"The Epoch Times TR","article_publisher":"https:\/\/www.facebook.com\/theepochtimestr","article_published_time":"2011-11-21T20:13:35+00:00","article_modified_time":"2013-08-22T11:42:41+00:00","og_image":[{"url":"http:\/\/epochtimestr.com\/wp-content\/uploads\/2011y\/Helin-Af%C5%9Far.jpg"}],"author":"G.Hakan Ko\u00e7man","twitter_card":"summary_large_image","twitter_creator":"@TheEpochTimesTR","twitter_site":"@TheEpochTimesTR","twitter_misc":{"Yazan:":"G.Hakan Ko\u00e7man","Tahmini okuma s\u00fcresi":"3 dakika"},"schema":{"@context":"https:\/\/schema.org","@graph":[{"@type":"Article","@id":"https:\/\/epochtimestr.com\/index.php\/bir-yildiz-daha-kaydiesin-afsar-dunyaya-veda-etti#article","isPartOf":{"@id":"https:\/\/epochtimestr.com\/index.php\/bir-yildiz-daha-kaydiesin-afsar-dunyaya-veda-etti"},"author":{"name":"G.Hakan Ko\u00e7man","@id":"https:\/\/epochtimestr.com\/#\/schema\/person\/b5509977c9a6cd729a3e74d9743d035b"},"headline":"Bir Y\u0131ld\u0131z Daha Kayd\u0131\u2026Esin Af\u015far D\u00fcnyaya Veda Etti","datePublished":"2011-11-21T20:13:35+00:00","dateModified":"2013-08-22T11:42:41+00:00","mainEntityOfPage":{"@id":"https:\/\/epochtimestr.com\/index.php\/bir-yildiz-daha-kaydiesin-afsar-dunyaya-veda-etti"},"wordCount":639,"commentCount":0,"publisher":{"@id":"https:\/\/epochtimestr.com\/#organization"},"image":{"@id":"https:\/\/epochtimestr.com\/index.php\/bir-yildiz-daha-kaydiesin-afsar-dunyaya-veda-etti#primaryimage"},"thumbnailUrl":"http:\/\/epochtimestr.com\/wp-content\/uploads\/2011y\/Helin-Af%C5%9Far.jpg","articleSection":["ED\u0130T\u00d6R\u00dcN SE\u00c7\u0130M\u0130","SANAT ve K\u00dcLT\u00dcR"],"inLanguage":"tr","potentialAction":[{"@type":"CommentAction","name":"Comment","target":["https:\/\/epochtimestr.com\/index.php\/bir-yildiz-daha-kaydiesin-afsar-dunyaya-veda-etti#respond"]}]},{"@type":"WebPage","@id":"https:\/\/epochtimestr.com\/index.php\/bir-yildiz-daha-kaydiesin-afsar-dunyaya-veda-etti","url":"https:\/\/epochtimestr.com\/index.php\/bir-yildiz-daha-kaydiesin-afsar-dunyaya-veda-etti","name":"Bir Y\u0131ld\u0131z Daha Kayd\u0131\u2026Esin Af\u015far D\u00fcnyaya Veda Etti - The Epoch Times TR","isPartOf":{"@id":"https:\/\/epochtimestr.com\/#website"},"primaryImageOfPage":{"@id":"https:\/\/epochtimestr.com\/index.php\/bir-yildiz-daha-kaydiesin-afsar-dunyaya-veda-etti#primaryimage"},"image":{"@id":"https:\/\/epochtimestr.com\/index.php\/bir-yildiz-daha-kaydiesin-afsar-dunyaya-veda-etti#primaryimage"},"thumbnailUrl":"http:\/\/epochtimestr.com\/wp-content\/uploads\/2011y\/Helin-Af%C5%9Far.jpg","datePublished":"2011-11-21T20:13:35+00:00","dateModified":"2013-08-22T11:42:41+00:00","inLanguage":"tr","potentialAction":[{"@type":"ReadAction","target":["https:\/\/epochtimestr.com\/index.php\/bir-yildiz-daha-kaydiesin-afsar-dunyaya-veda-etti"]}]},{"@type":"ImageObject","inLanguage":"tr","@id":"https:\/\/epochtimestr.com\/index.php\/bir-yildiz-daha-kaydiesin-afsar-dunyaya-veda-etti#primaryimage","url":"http:\/\/epochtimestr.com\/wp-content\/uploads\/2011y\/Helin-Af%C5%9Far.jpg","contentUrl":"http:\/\/epochtimestr.com\/wp-content\/uploads\/2011y\/Helin-Af%C5%9Far.jpg"},{"@type":"WebSite","@id":"https:\/\/epochtimestr.com\/#website","url":"https:\/\/epochtimestr.com\/","name":"The Epoch Times TR","description":"De\u011fi\u015fen D\u00fcnyam\u0131za Taze Bir Bak\u0131\u015f","publisher":{"@id":"https:\/\/epochtimestr.com\/#organization"},"potentialAction":[{"@type":"SearchAction","target":{"@type":"EntryPoint","urlTemplate":"https:\/\/epochtimestr.com\/?s={search_term_string}"},"query-input":"required name=search_term_string"}],"inLanguage":"tr"},{"@type":"Organization","@id":"https:\/\/epochtimestr.com\/#organization","name":"The EpochTimes T\u00fcrkiye","url":"https:\/\/epochtimestr.com\/","logo":{"@type":"ImageObject","inLanguage":"tr","@id":"https:\/\/epochtimestr.com\/#\/schema\/logo\/image\/","url":"https:\/\/epochtimestr.com\/wp-content\/uploads\/2011y\/ET-Logo-YG.jpg","contentUrl":"https:\/\/epochtimestr.com\/wp-content\/uploads\/2011y\/ET-Logo-YG.jpg","width":346,"height":29,"caption":"The EpochTimes T\u00fcrkiye"},"image":{"@id":"https:\/\/epochtimestr.com\/#\/schema\/logo\/image\/"},"sameAs":["https:\/\/www.facebook.com\/theepochtimestr","https:\/\/x.com\/TheEpochTimesTR","https:\/\/www.instagram.com\/epochtimestr"]},{"@type":"Person","@id":"https:\/\/epochtimestr.com\/#\/schema\/person\/b5509977c9a6cd729a3e74d9743d035b","name":"G.Hakan Ko\u00e7man","image":{"@type":"ImageObject","inLanguage":"tr","@id":"https:\/\/epochtimestr.com\/#\/schema\/person\/image\/","url":"https:\/\/secure.gravatar.com\/avatar\/e4eafee1ab5d1f4015c3930376b22ca8?s=96&d=mm&r=g","contentUrl":"https:\/\/secure.gravatar.com\/avatar\/e4eafee1ab5d1f4015c3930376b22ca8?s=96&d=mm&r=g","caption":"G.Hakan Ko\u00e7man"},"url":"https:\/\/epochtimestr.com\/index.php\/author\/hakan"}]}},"_links":{"self":[{"href":"https:\/\/epochtimestr.com\/index.php\/wp-json\/wp\/v2\/posts\/50120"}],"collection":[{"href":"https:\/\/epochtimestr.com\/index.php\/wp-json\/wp\/v2\/posts"}],"about":[{"href":"https:\/\/epochtimestr.com\/index.php\/wp-json\/wp\/v2\/types\/post"}],"author":[{"embeddable":true,"href":"https:\/\/epochtimestr.com\/index.php\/wp-json\/wp\/v2\/users\/22"}],"replies":[{"embeddable":true,"href":"https:\/\/epochtimestr.com\/index.php\/wp-json\/wp\/v2\/comments?post=50120"}],"version-history":[{"count":4,"href":"https:\/\/epochtimestr.com\/index.php\/wp-json\/wp\/v2\/posts\/50120\/revisions"}],"predecessor-version":[{"id":70278,"href":"https:\/\/epochtimestr.com\/index.php\/wp-json\/wp\/v2\/posts\/50120\/revisions\/70278"}],"wp:attachment":[{"href":"https:\/\/epochtimestr.com\/index.php\/wp-json\/wp\/v2\/media?parent=50120"}],"wp:term":[{"taxonomy":"category","embeddable":true,"href":"https:\/\/epochtimestr.com\/index.php\/wp-json\/wp\/v2\/categories?post=50120"},{"taxonomy":"post_tag","embeddable":true,"href":"https:\/\/epochtimestr.com\/index.php\/wp-json\/wp\/v2\/tags?post=50120"}],"curies":[{"name":"wp","href":"https:\/\/api.w.org\/{rel}","templated":true}]}}