{"id":51434,"date":"2011-12-15T11:31:46","date_gmt":"2011-12-15T08:31:46","guid":{"rendered":"http:\/\/epochtimestr.com\/?p=51434"},"modified":"2013-08-24T10:21:37","modified_gmt":"2013-08-24T07:21:37","slug":"halo-dayi-sonmez-atasoy-hayatini-kaybetti","status":"publish","type":"post","link":"https:\/\/epochtimestr.com\/index.php\/halo-dayi-sonmez-atasoy-hayatini-kaybetti","title":{"rendered":"Halo Day\u0131 S\u00f6nmez Atasoy Hayat\u0131n\u0131 Kaybetti"},"content":{"rendered":"<h4 style=\"text-align: justify;\"><\/h4>\n<h1 style=\"text-align: center;\">Halo Day\u0131 &#8216;y\u0131 Kaybettik<\/h1>\n<figure id=\"attachment_51435\" aria-describedby=\"caption-attachment-51435\" style=\"width: 449px\" class=\"wp-caption aligncenter\"><a class=\"highslide\" onclick=\"return vz.expand(this)\" href=\"https:\/\/epochtimestr.com\/index.php\/halo-dayi-sonmez-atasoy-hayatini-kaybetti\/halo-dayi-sonmez-atasoy\/\" rel=\"attachment wp-att-51435\"><img loading=\"lazy\" decoding=\"async\" class=\"size-full wp-image-51435\" title=\"halo-dayi-sonmez-atasoy\" src=\"https:\/\/epochtimestr.com\/wp-content\/uploads\/2011y\/halo-dayi-sonmez-atasoy.jpg\" alt=\"\" width=\"449\" height=\"345\" srcset=\"https:\/\/epochtimestr.com\/wp-content\/uploads\/2011y\/halo-dayi-sonmez-atasoy.jpg 449w, https:\/\/epochtimestr.com\/wp-content\/uploads\/2011y\/halo-dayi-sonmez-atasoy-150x115.jpg 150w, https:\/\/epochtimestr.com\/wp-content\/uploads\/2011y\/halo-dayi-sonmez-atasoy-300x230.jpg 300w, https:\/\/epochtimestr.com\/wp-content\/uploads\/2011y\/halo-dayi-sonmez-atasoy-292x224.jpg 292w, https:\/\/epochtimestr.com\/wp-content\/uploads\/2011y\/halo-dayi-sonmez-atasoy-100x78.jpg 100w\" sizes=\"(max-width: 449px) 100vw, 449px\" \/><\/a><figcaption id=\"caption-attachment-51435\" class=\"wp-caption-text\">S\u00f6nmez Atasoy, &#39;Kurtlar Vadisi&#39; dizisinde \u2019Halo Day\u0131\u2019 karakterini canland\u0131rd\u0131ktan sonra TRT&#39;de yay\u0131nlanann Sakarya-F\u0131rat dizisinde 3 y\u0131ldan bu yana &#39;M\u00fcrsel A\u011fa&#39;y\u0131 canland\u0131r\u0131yordu.<\/figcaption><\/figure>\n<h4 style=\"text-align: justify;\"><\/h4>\n<p style=\"text-align: justify;\"><strong>\u00dcnl\u00fc Oyuncu S\u00f6nmez Atasoy ( Halo Day\u0131 ) ge\u00e7irdi\u011fi kalp krizi nedeniyle kald\u0131r\u0131ld\u0131\u011f\u0131 hastanede bir haftad\u0131r s\u00fcrd\u00fcrd\u00fc\u011f\u00fc ya\u015fam sava\u015f\u0131n\u0131 kaybetti.<\/strong><\/p>\n<p style=\"text-align: justify;\"><strong>S\u00d6NMEZ ATASOY K\u0130MD\u0130R<br \/>\n<\/strong><br \/>\n<a href=\"http:\/\/tr.wikipedia.org\/wiki\/S%C3%B6nmez_Atasoy\"> S\u00f6nmez Atasoy<\/a> 1944 y\u0131l\u0131nda <a href=\"http:\/\/www.kars.gov.tr\/\">Kars<\/a>&#8216;da d\u00fcnyaya geldi. Ankara Devlet\u00a0Konservatuvar\u0131\u00a0<a href=\"http:\/\/www.devtiyatro.gov.tr\/\">Tiyatro<\/a> b\u00f6l\u00fcm\u00fcnden mezun olduktan sonra, 1968 y\u0131l\u0131nda Devlet Tiyatrolar\u0131nda \u00e7al\u0131\u015fmaya ba\u015flad\u0131. 40 y\u0131l oyuncu ve y\u00f6netmen olarak bu kurumda hizmet verdi. Sanat kurumu taraf\u0131ndan iki defa en iyi oyuncu (<a href=\"http:\/\/www.devtiyatro.gov.tr\/programlar-sehirler-konya-detay-sersem-kocan.html\">Sesem Kocan\u0131n Kurnaz Kar\u0131s\u0131<\/a> 1973), (Kanl\u0131 Nigar) ve en iyi y\u00f6netmen (Ana Han\u0131m K\u0131z Han\u0131m) se\u00e7ildi.<\/p>\n<p style=\"text-align: justify;\">Y\u00f6netti\u011fi oyunlar: 1982 D\u00fcnya Tiyatro Festivalinde Sofya&#8217;da (Ana Han\u0131m K\u0131z Han\u0131m), 1987 Balkan Tiyatro Festivalinde (Misafir), 1992 Ta\u015fkent Festivali (Bir Ben Verd\u0131r Bende) sergilendi. 2008 y\u0131l\u0131nda &#8216;Turkish Art Sosiete Of NewYork&#8217; T\u00fcrk tiyatrosunu kurdu. K\u0131z\u0131, Fadik Sevin Atasoy&#8217;un oynad\u0131\u011f\u0131 &#8216;Kanl\u0131 Nigar&#8217; oyununu City Hall&#8217;de y\u00f6netti. S\u00f6nmez Atasoy 1975 y\u0131l\u0131nda C\u00fcnet G\u00f6k\u00e7er&#8217;in asistan\u0131 olarak ba\u015flad\u0131\u011f\u0131 sahne \u00f6\u011fretmenli\u011fini Ankara ve \u0130zmir Devlet Konservatuarlar\u0131nda, \u0130stanbul&#8217;da MSM okulu, Yedi Tepe \u00dcniversitesi, Hali\u00e7 \u00dcniversitelerinde s\u00fcrd\u00fcrd\u00fc.<\/p>\n<p style=\"text-align: justify;\"><strong>S\u00f6nmez Atasoy<\/strong>, &#8216;<strong>Kurtlar Vadisi<\/strong>&#8216; dizisinde \u2019<strong>Halo Day\u0131<\/strong>\u2019 karakterini canland\u0131rd\u0131ktan sonra TRT&#8217;de yay\u0131nlanann\u00a0<em>Sakarya-F\u0131rat<\/em> dizisinde 3 y\u0131ldan bu yana &#8216;<em>M\u00fcrsel A\u011fa<\/em>&#8216;y\u0131 canland\u0131r\u0131yordu.<\/p>\n<p style=\"text-align: justify;\">11.12.2011&#8217;de <a href=\"http:\/\/www.isparta.gov.tr\/\">Isparta<\/a>&#8216;daki dizi \u00e7ekimleri s\u0131ras\u0131nda kalp krizi ge\u00e7irdi. \u00dcnl\u00fc oyuncu 15 Aral\u0131k saat 00:15&#8217;de kalp durmas\u0131 sonucu hayat\u0131n\u0131 kaybetmi\u015ftir.<\/p>\n<p style=\"text-align: justify;\">Ad\u0131n\u0131 babas\u0131 S\u00f6nmez Atasoy&#8217;un yazd\u0131\u011f\u0131 Fadik K\u0131z adl\u0131 oyundan alan<em> Fadik Sevin Atasoy\u00a0<\/em> babas\u0131n\u0131 \u00f6l\u00fcm\u00fc \u00fczerine bir veda notu yay\u0131nlad\u0131, *Sevgili babac\u0131\u011f\u0131m\u0131n vedas\u0131 &#8216;Kendi G\u00f6k Kubbemizde&#8217; ; &#8216;&#8230;Seslendi pek vakitsiz&#8230; \u0130\u00e7im yand\u0131 ans\u0131z\u0131n&#8230;&#8217;<\/p>\n<figure id=\"attachment_51448\" aria-describedby=\"caption-attachment-51448\" style=\"width: 300px\" class=\"wp-caption alignright\"><a class=\"highslide\" onclick=\"return vz.expand(this)\" href=\"https:\/\/epochtimestr.com\/index.php\/halo-dayi-sonmez-atasoy-hayatini-kaybetti\/halo-dayi-sonmez-atasoy-2\/\" rel=\"attachment wp-att-51448\"><img loading=\"lazy\" decoding=\"async\" class=\" wp-image-51448\" title=\"Halo Day\u0131 S\u00f6nmez Atasoy\" src=\"https:\/\/epochtimestr.com\/wp-content\/uploads\/2011y\/Halo-Day%C4%B1-S%C3%B6nmez-Atasoy-300x211.jpg\" alt=\"\" width=\"300\" height=\"211\" \/><\/a><figcaption id=\"caption-attachment-51448\" class=\"wp-caption-text\">S\u00f6nmez Atasoy&#39;u Kurtlar Vadisi dizisindeki karakteri Halo Day\u0131 ile tan\u0131m\u0131\u015ft\u0131k.<\/figcaption><\/figure>\n<p style=\"text-align: justify;\"><strong>F\u0130LMOGRAF\u0130S\u0130<br \/>\n<\/strong><br \/>\nSakarya F\u0131rat M\u00fcrsel A\u011fa 2010<br \/>\nKurtlar Vadisi Pusu Halil \u0130brahim Kapar 2007<br \/>\nKurtlar Vadisi Ter\u00f6r Halil \u0130brahim Kapar 2007<br \/>\nAyr\u0131l\u0131k Agah Reis 2007<br \/>\nAynalar\u00a0 2004<br \/>\nKurtlar Vadisi Halil \u0130brahim Kapar 2003<br \/>\nYanl\u0131\u015f Saks\u0131n\u0131n \u00c7i\u00e7e\u011fi\u00a0 1997<br \/>\n3. \u0130stasyon\u00a0 1992<br \/>\nAile Kad\u0131n\u0131\u00a0 1987<\/p>\n<p style=\"text-align: justify;\"><strong>Y\u00d6NETT\u0130\u011e\u0130 BAZI T\u0130YATRO OYUNLARI<\/strong><\/p>\n<p style=\"text-align: justify;\">Nasrettin Hoca Birg\u00fcn : S\u00f6nmez Atasoy &#8211; Kent Oyuncular\u0131 &#8211; 2007<br \/>\nKanl\u0131 Nigar : Sad\u0131k \u015eendil<br \/>\n\u00d6l\u00fcms\u00fczler : Melih Cevdet Anday &#8211;<a href=\"http:\/\/www.istdt.gov.tr\/\"> \u0130stanbul Devlet Tiyatrosu<\/a> &#8211; 2006<br \/>\nDeli \u0130brahim : Turan Oflazo\u011flu<br \/>\nOsmanl\u0131 Dram Kumpanyas\u0131 : Osmanl\u0131 D\u0131ram Kumpanyas\u0131 &#8211; \u0130stanbul Devlet Tiyatrosu &#8211; 2004<br \/>\nAy I\u015f\u0131\u011f\u0131nda \u015eamata : Haldun Taner &#8211; <a href=\"http:\/\/www.izmirdt.gov.tr\/\">\u0130zmir Devlet Tiyatrosu<\/a> &#8211; 1993<br \/>\nTamirci : Refik Erduran &#8211; Ankara Devlet Tiyatrosu &#8211; 1991<br \/>\nBir Ben Vard\u0131r Benden \u0130\u00e7eri : Tar\u0131k Bugra &#8211; <a href=\"http:\/\/tr.wikipedia.org\/wiki\/Ankara_Devlet_Tiyatrosu\">Ankara Devlet Tiyatrosu<\/a> &#8211; 1990<br \/>\nMisafir : Bilgesu Erenus &#8211; Bursa Devlet Tiyatrosu &#8211; 1987<br \/>\nKakt\u00fcs \u00c7i\u00e7e\u011fi : Jean P\u0131erre Gredy &#8211; <a href=\"http:\/\/www.trabzondt.gov.tr\/index.php\">Trabzon Devlet Tiyatrosu <\/a>&#8211; 1987<br \/>\nYa\u015fas\u0131n Tiyatro\u00a0: S\u00f6nmez Atasoy &#8211; Ankara Devlet Tiyatrosu &#8211; 1985<br \/>\nK\u0131r\u0131k Testi : Heinrich von Kleist &#8211; Ankara Devlet Tiyatrosu &#8211; 1983<\/p>\n<p style=\"text-align: justify;\"><strong>OYNADI\u011eI BAZI T\u0130YATRO OYUNLARI<\/strong><\/p>\n<p style=\"text-align: justify;\">Nasrettin Hoca Bir G\u00fcn<br \/>\nTeneke<br \/>\nOsmanl\u0131 Dram Kumpanyas\u0131<br \/>\nBahar Noktas\u0131<br \/>\nKendi K\u00f6k Kubbemiz<br \/>\nMikadonun \u00c7\u00f6pleri<br \/>\nFadik K\u0131z &#8211; <em>Fadik Sevin Atasoy &#8220;Fadik&#8221;<\/em> ismini bu oyundan alm\u0131\u015ft\u0131.<\/p>\n<p style=\"text-align: justify;\"><strong>YAZDI\u011eI BAZI T\u0130YATRO OYUNLARI<\/strong><\/p>\n<p style=\"text-align: justify;\">Nasrettin Hoca Birg\u00fcn<br \/>\nYedi K\u00f6y\u00fcn Yarg\u0131c\u0131<br \/>\nKendi G\u00f6k Kubbemiz<\/p>\n<p style=\"text-align: right;\"><em><span style=\"color: #ffffff;\">&#8230; \u00a0\u00a0\u00a0\u00a0\u00a0\u00a0\u00a0\u00a0<\/span>\u00a0\u00a0\u00a0\u00a0\u00a0\u00a0\u00a0\u00a0\u00a0\u00a0\u00a0\u00a0\u00a0\u00a0\u00a0\u00a0\u00a0\u00a0\u00a0\u00a0\u00a0\u00a0\u00a0\u00a0\u00a0\u00a0\u00a0\u00a0\u00a0\u00a0\u00a0\u00a0\u00a0\u00a0\u00a0\u00a0\u00a0\u00a0\u00a0\u00a0\u00a0\u00a0\u00a0\u00a0\u00a0\u00a0\u00a0\u00a0\u00a0\u00a0\u00a0\u00a0\u00a0\u00a0\u00a0\u00a0\u00a0\u00a0\u00a0\u00a0\u00a0\u00a0\u00a0\u00a0\u00a0\u00a0\u00a0\u00a0\u00a0\u00a0\u00a0\u00a0\u00a0\u00a0\u00a0\u00a0\u00a0\u00a0\u00a0 Anahtar S\u00f6zc\u00fckler; Halo Day\u0131, S\u00f6nmez Atasoy, Kurtlar Vadisi, Sakarya-F\u0131rat, M\u00fcrsel A\u011fa, Fadik Sevin Atasoy,Fadik K\u0131z.<\/em><\/p>\n","protected":false},"excerpt":{"rendered":"<p>Halo Day\u0131 &#8216;y\u0131 Kaybettik \u00dcnl\u00fc Oyuncu S\u00f6nmez Atasoy ( Halo Day\u0131 ) ge\u00e7irdi\u011fi kalp krizi nedeniyle kald\u0131r\u0131ld\u0131\u011f\u0131 hastanede bir haftad\u0131r s\u00fcrd\u00fcrd\u00fc\u011f\u00fc ya\u015fam sava\u015f\u0131n\u0131 kaybetti. S\u00d6NMEZ ATASOY K\u0130MD\u0130R S\u00f6nmez Atasoy 1944 y\u0131l\u0131nda Kars&#8216;da d\u00fcnyaya geldi. Ankara Devlet\u00a0Konservatuvar\u0131\u00a0Tiyatro b\u00f6l\u00fcm\u00fcnden mezun olduktan sonra, 1968 y\u0131l\u0131nda Devlet Tiyatrolar\u0131nda \u00e7al\u0131\u015fmaya ba\u015flad\u0131. 40 y\u0131l oyuncu ve y\u00f6netmen olarak bu kurumda hizmet [&hellip;]<\/p>\n","protected":false},"author":18,"featured_media":0,"comment_status":"open","ping_status":"open","sticky":false,"template":"","format":"standard","meta":{"_yoast_wpseo_focuskw":"","_yoast_wpseo_title":"","_yoast_wpseo_metadesc":"","_bbp_topic_count":0,"_bbp_reply_count":0,"_bbp_total_topic_count":0,"_bbp_total_reply_count":0,"_bbp_voice_count":0,"_bbp_anonymous_reply_count":0,"_bbp_topic_count_hidden":0,"_bbp_reply_count_hidden":0,"_bbp_forum_subforum_count":0,"footnotes":"","_yoast_wpseo_focuskw_text_input":""},"categories":[519,16],"tags":[],"yoast_head":"<!-- This site is optimized with the Yoast SEO plugin v23.0 - https:\/\/yoast.com\/wordpress\/plugins\/seo\/ -->\n<title>Halo Day\u0131 S\u00f6nmez Atasoy Hayat\u0131n\u0131 Kaybetti - The Epoch Times TR<\/title>\n<meta name=\"robots\" content=\"index, follow, max-snippet:-1, max-image-preview:large, max-video-preview:-1\" \/>\n<link rel=\"canonical\" href=\"https:\/\/epochtimestr.com\/index.php\/halo-dayi-sonmez-atasoy-hayatini-kaybetti\" \/>\n<meta property=\"og:locale\" content=\"tr_TR\" \/>\n<meta property=\"og:type\" content=\"article\" \/>\n<meta property=\"og:title\" content=\"Halo Day\u0131 S\u00f6nmez Atasoy Hayat\u0131n\u0131 Kaybetti - The Epoch Times TR\" \/>\n<meta property=\"og:description\" content=\"Halo Day\u0131 &#8216;y\u0131 Kaybettik \u00dcnl\u00fc Oyuncu S\u00f6nmez Atasoy ( Halo Day\u0131 ) ge\u00e7irdi\u011fi kalp krizi nedeniyle kald\u0131r\u0131ld\u0131\u011f\u0131 hastanede bir haftad\u0131r s\u00fcrd\u00fcrd\u00fc\u011f\u00fc ya\u015fam sava\u015f\u0131n\u0131 kaybetti. S\u00d6NMEZ ATASOY K\u0130MD\u0130R S\u00f6nmez Atasoy 1944 y\u0131l\u0131nda Kars&#8216;da d\u00fcnyaya geldi. Ankara Devlet\u00a0Konservatuvar\u0131\u00a0Tiyatro b\u00f6l\u00fcm\u00fcnden mezun olduktan sonra, 1968 y\u0131l\u0131nda Devlet Tiyatrolar\u0131nda \u00e7al\u0131\u015fmaya ba\u015flad\u0131. 40 y\u0131l oyuncu ve y\u00f6netmen olarak bu kurumda hizmet [&hellip;]\" \/>\n<meta property=\"og:url\" content=\"https:\/\/epochtimestr.com\/index.php\/halo-dayi-sonmez-atasoy-hayatini-kaybetti\" \/>\n<meta property=\"og:site_name\" content=\"The Epoch Times TR\" \/>\n<meta property=\"article:publisher\" content=\"https:\/\/www.facebook.com\/theepochtimestr\" \/>\n<meta property=\"article:published_time\" content=\"2011-12-15T08:31:46+00:00\" \/>\n<meta property=\"article:modified_time\" content=\"2013-08-24T07:21:37+00:00\" \/>\n<meta property=\"og:image\" content=\"http:\/\/epochtimestr.com\/wp-content\/uploads\/2011y\/halo-dayi-sonmez-atasoy.jpg\" \/>\n<meta name=\"author\" content=\"Nesrin Se\u00e7er\" \/>\n<meta name=\"twitter:card\" content=\"summary_large_image\" \/>\n<meta name=\"twitter:creator\" content=\"@TheEpochTimesTR\" \/>\n<meta name=\"twitter:site\" content=\"@TheEpochTimesTR\" \/>\n<meta name=\"twitter:label1\" content=\"Yazan:\" \/>\n\t<meta name=\"twitter:data1\" content=\"Nesrin Se\u00e7er\" \/>\n\t<meta name=\"twitter:label2\" content=\"Tahmini okuma s\u00fcresi\" \/>\n\t<meta name=\"twitter:data2\" content=\"3 dakika\" \/>\n<script type=\"application\/ld+json\" class=\"yoast-schema-graph\">{\"@context\":\"https:\/\/schema.org\",\"@graph\":[{\"@type\":\"Article\",\"@id\":\"https:\/\/epochtimestr.com\/index.php\/halo-dayi-sonmez-atasoy-hayatini-kaybetti#article\",\"isPartOf\":{\"@id\":\"https:\/\/epochtimestr.com\/index.php\/halo-dayi-sonmez-atasoy-hayatini-kaybetti\"},\"author\":{\"name\":\"Nesrin Se\u00e7er\",\"@id\":\"https:\/\/epochtimestr.com\/#\/schema\/person\/9449775713995720d2e8d6af219e3cc3\"},\"headline\":\"Halo Day\u0131 S\u00f6nmez Atasoy Hayat\u0131n\u0131 Kaybetti\",\"datePublished\":\"2011-12-15T08:31:46+00:00\",\"dateModified\":\"2013-08-24T07:21:37+00:00\",\"mainEntityOfPage\":{\"@id\":\"https:\/\/epochtimestr.com\/index.php\/halo-dayi-sonmez-atasoy-hayatini-kaybetti\"},\"wordCount\":623,\"commentCount\":0,\"publisher\":{\"@id\":\"https:\/\/epochtimestr.com\/#organization\"},\"image\":{\"@id\":\"https:\/\/epochtimestr.com\/index.php\/halo-dayi-sonmez-atasoy-hayatini-kaybetti#primaryimage\"},\"thumbnailUrl\":\"http:\/\/epochtimestr.com\/wp-content\/uploads\/2011y\/halo-dayi-sonmez-atasoy.jpg\",\"articleSection\":[\"ED\u0130T\u00d6R\u00dcN SE\u00c7\u0130M\u0130\",\"SANAT ve K\u00dcLT\u00dcR\"],\"inLanguage\":\"tr\",\"potentialAction\":[{\"@type\":\"CommentAction\",\"name\":\"Comment\",\"target\":[\"https:\/\/epochtimestr.com\/index.php\/halo-dayi-sonmez-atasoy-hayatini-kaybetti#respond\"]}]},{\"@type\":\"WebPage\",\"@id\":\"https:\/\/epochtimestr.com\/index.php\/halo-dayi-sonmez-atasoy-hayatini-kaybetti\",\"url\":\"https:\/\/epochtimestr.com\/index.php\/halo-dayi-sonmez-atasoy-hayatini-kaybetti\",\"name\":\"Halo Day\u0131 S\u00f6nmez Atasoy Hayat\u0131n\u0131 Kaybetti - The Epoch Times TR\",\"isPartOf\":{\"@id\":\"https:\/\/epochtimestr.com\/#website\"},\"primaryImageOfPage\":{\"@id\":\"https:\/\/epochtimestr.com\/index.php\/halo-dayi-sonmez-atasoy-hayatini-kaybetti#primaryimage\"},\"image\":{\"@id\":\"https:\/\/epochtimestr.com\/index.php\/halo-dayi-sonmez-atasoy-hayatini-kaybetti#primaryimage\"},\"thumbnailUrl\":\"http:\/\/epochtimestr.com\/wp-content\/uploads\/2011y\/halo-dayi-sonmez-atasoy.jpg\",\"datePublished\":\"2011-12-15T08:31:46+00:00\",\"dateModified\":\"2013-08-24T07:21:37+00:00\",\"inLanguage\":\"tr\",\"potentialAction\":[{\"@type\":\"ReadAction\",\"target\":[\"https:\/\/epochtimestr.com\/index.php\/halo-dayi-sonmez-atasoy-hayatini-kaybetti\"]}]},{\"@type\":\"ImageObject\",\"inLanguage\":\"tr\",\"@id\":\"https:\/\/epochtimestr.com\/index.php\/halo-dayi-sonmez-atasoy-hayatini-kaybetti#primaryimage\",\"url\":\"http:\/\/epochtimestr.com\/wp-content\/uploads\/2011y\/halo-dayi-sonmez-atasoy.jpg\",\"contentUrl\":\"http:\/\/epochtimestr.com\/wp-content\/uploads\/2011y\/halo-dayi-sonmez-atasoy.jpg\"},{\"@type\":\"WebSite\",\"@id\":\"https:\/\/epochtimestr.com\/#website\",\"url\":\"https:\/\/epochtimestr.com\/\",\"name\":\"The Epoch Times TR\",\"description\":\"De\u011fi\u015fen D\u00fcnyam\u0131za Taze Bir Bak\u0131\u015f\",\"publisher\":{\"@id\":\"https:\/\/epochtimestr.com\/#organization\"},\"potentialAction\":[{\"@type\":\"SearchAction\",\"target\":{\"@type\":\"EntryPoint\",\"urlTemplate\":\"https:\/\/epochtimestr.com\/?s={search_term_string}\"},\"query-input\":\"required name=search_term_string\"}],\"inLanguage\":\"tr\"},{\"@type\":\"Organization\",\"@id\":\"https:\/\/epochtimestr.com\/#organization\",\"name\":\"The EpochTimes T\u00fcrkiye\",\"url\":\"https:\/\/epochtimestr.com\/\",\"logo\":{\"@type\":\"ImageObject\",\"inLanguage\":\"tr\",\"@id\":\"https:\/\/epochtimestr.com\/#\/schema\/logo\/image\/\",\"url\":\"https:\/\/epochtimestr.com\/wp-content\/uploads\/2011y\/ET-Logo-YG.jpg\",\"contentUrl\":\"https:\/\/epochtimestr.com\/wp-content\/uploads\/2011y\/ET-Logo-YG.jpg\",\"width\":346,\"height\":29,\"caption\":\"The EpochTimes T\u00fcrkiye\"},\"image\":{\"@id\":\"https:\/\/epochtimestr.com\/#\/schema\/logo\/image\/\"},\"sameAs\":[\"https:\/\/www.facebook.com\/theepochtimestr\",\"https:\/\/x.com\/TheEpochTimesTR\",\"https:\/\/www.instagram.com\/epochtimestr\"]},{\"@type\":\"Person\",\"@id\":\"https:\/\/epochtimestr.com\/#\/schema\/person\/9449775713995720d2e8d6af219e3cc3\",\"name\":\"Nesrin Se\u00e7er\",\"image\":{\"@type\":\"ImageObject\",\"inLanguage\":\"tr\",\"@id\":\"https:\/\/epochtimestr.com\/#\/schema\/person\/image\/\",\"url\":\"https:\/\/secure.gravatar.com\/avatar\/9e76ddf1406df7ae1827116f0007ff40?s=96&d=mm&r=g\",\"contentUrl\":\"https:\/\/secure.gravatar.com\/avatar\/9e76ddf1406df7ae1827116f0007ff40?s=96&d=mm&r=g\",\"caption\":\"Nesrin Se\u00e7er\"},\"url\":\"https:\/\/epochtimestr.com\/index.php\/author\/nesrin\"}]}<\/script>\n<!-- \/ Yoast SEO plugin. -->","yoast_head_json":{"title":"Halo Day\u0131 S\u00f6nmez Atasoy Hayat\u0131n\u0131 Kaybetti - The Epoch Times TR","robots":{"index":"index","follow":"follow","max-snippet":"max-snippet:-1","max-image-preview":"max-image-preview:large","max-video-preview":"max-video-preview:-1"},"canonical":"https:\/\/epochtimestr.com\/index.php\/halo-dayi-sonmez-atasoy-hayatini-kaybetti","og_locale":"tr_TR","og_type":"article","og_title":"Halo Day\u0131 S\u00f6nmez Atasoy Hayat\u0131n\u0131 Kaybetti - The Epoch Times TR","og_description":"Halo Day\u0131 &#8216;y\u0131 Kaybettik \u00dcnl\u00fc Oyuncu S\u00f6nmez Atasoy ( Halo Day\u0131 ) ge\u00e7irdi\u011fi kalp krizi nedeniyle kald\u0131r\u0131ld\u0131\u011f\u0131 hastanede bir haftad\u0131r s\u00fcrd\u00fcrd\u00fc\u011f\u00fc ya\u015fam sava\u015f\u0131n\u0131 kaybetti. S\u00d6NMEZ ATASOY K\u0130MD\u0130R S\u00f6nmez Atasoy 1944 y\u0131l\u0131nda Kars&#8216;da d\u00fcnyaya geldi. Ankara Devlet\u00a0Konservatuvar\u0131\u00a0Tiyatro b\u00f6l\u00fcm\u00fcnden mezun olduktan sonra, 1968 y\u0131l\u0131nda Devlet Tiyatrolar\u0131nda \u00e7al\u0131\u015fmaya ba\u015flad\u0131. 40 y\u0131l oyuncu ve y\u00f6netmen olarak bu kurumda hizmet [&hellip;]","og_url":"https:\/\/epochtimestr.com\/index.php\/halo-dayi-sonmez-atasoy-hayatini-kaybetti","og_site_name":"The Epoch Times TR","article_publisher":"https:\/\/www.facebook.com\/theepochtimestr","article_published_time":"2011-12-15T08:31:46+00:00","article_modified_time":"2013-08-24T07:21:37+00:00","og_image":[{"url":"http:\/\/epochtimestr.com\/wp-content\/uploads\/2011y\/halo-dayi-sonmez-atasoy.jpg"}],"author":"Nesrin Se\u00e7er","twitter_card":"summary_large_image","twitter_creator":"@TheEpochTimesTR","twitter_site":"@TheEpochTimesTR","twitter_misc":{"Yazan:":"Nesrin Se\u00e7er","Tahmini okuma s\u00fcresi":"3 dakika"},"schema":{"@context":"https:\/\/schema.org","@graph":[{"@type":"Article","@id":"https:\/\/epochtimestr.com\/index.php\/halo-dayi-sonmez-atasoy-hayatini-kaybetti#article","isPartOf":{"@id":"https:\/\/epochtimestr.com\/index.php\/halo-dayi-sonmez-atasoy-hayatini-kaybetti"},"author":{"name":"Nesrin Se\u00e7er","@id":"https:\/\/epochtimestr.com\/#\/schema\/person\/9449775713995720d2e8d6af219e3cc3"},"headline":"Halo Day\u0131 S\u00f6nmez Atasoy Hayat\u0131n\u0131 Kaybetti","datePublished":"2011-12-15T08:31:46+00:00","dateModified":"2013-08-24T07:21:37+00:00","mainEntityOfPage":{"@id":"https:\/\/epochtimestr.com\/index.php\/halo-dayi-sonmez-atasoy-hayatini-kaybetti"},"wordCount":623,"commentCount":0,"publisher":{"@id":"https:\/\/epochtimestr.com\/#organization"},"image":{"@id":"https:\/\/epochtimestr.com\/index.php\/halo-dayi-sonmez-atasoy-hayatini-kaybetti#primaryimage"},"thumbnailUrl":"http:\/\/epochtimestr.com\/wp-content\/uploads\/2011y\/halo-dayi-sonmez-atasoy.jpg","articleSection":["ED\u0130T\u00d6R\u00dcN SE\u00c7\u0130M\u0130","SANAT ve K\u00dcLT\u00dcR"],"inLanguage":"tr","potentialAction":[{"@type":"CommentAction","name":"Comment","target":["https:\/\/epochtimestr.com\/index.php\/halo-dayi-sonmez-atasoy-hayatini-kaybetti#respond"]}]},{"@type":"WebPage","@id":"https:\/\/epochtimestr.com\/index.php\/halo-dayi-sonmez-atasoy-hayatini-kaybetti","url":"https:\/\/epochtimestr.com\/index.php\/halo-dayi-sonmez-atasoy-hayatini-kaybetti","name":"Halo Day\u0131 S\u00f6nmez Atasoy Hayat\u0131n\u0131 Kaybetti - The Epoch Times TR","isPartOf":{"@id":"https:\/\/epochtimestr.com\/#website"},"primaryImageOfPage":{"@id":"https:\/\/epochtimestr.com\/index.php\/halo-dayi-sonmez-atasoy-hayatini-kaybetti#primaryimage"},"image":{"@id":"https:\/\/epochtimestr.com\/index.php\/halo-dayi-sonmez-atasoy-hayatini-kaybetti#primaryimage"},"thumbnailUrl":"http:\/\/epochtimestr.com\/wp-content\/uploads\/2011y\/halo-dayi-sonmez-atasoy.jpg","datePublished":"2011-12-15T08:31:46+00:00","dateModified":"2013-08-24T07:21:37+00:00","inLanguage":"tr","potentialAction":[{"@type":"ReadAction","target":["https:\/\/epochtimestr.com\/index.php\/halo-dayi-sonmez-atasoy-hayatini-kaybetti"]}]},{"@type":"ImageObject","inLanguage":"tr","@id":"https:\/\/epochtimestr.com\/index.php\/halo-dayi-sonmez-atasoy-hayatini-kaybetti#primaryimage","url":"http:\/\/epochtimestr.com\/wp-content\/uploads\/2011y\/halo-dayi-sonmez-atasoy.jpg","contentUrl":"http:\/\/epochtimestr.com\/wp-content\/uploads\/2011y\/halo-dayi-sonmez-atasoy.jpg"},{"@type":"WebSite","@id":"https:\/\/epochtimestr.com\/#website","url":"https:\/\/epochtimestr.com\/","name":"The Epoch Times TR","description":"De\u011fi\u015fen D\u00fcnyam\u0131za Taze Bir Bak\u0131\u015f","publisher":{"@id":"https:\/\/epochtimestr.com\/#organization"},"potentialAction":[{"@type":"SearchAction","target":{"@type":"EntryPoint","urlTemplate":"https:\/\/epochtimestr.com\/?s={search_term_string}"},"query-input":"required name=search_term_string"}],"inLanguage":"tr"},{"@type":"Organization","@id":"https:\/\/epochtimestr.com\/#organization","name":"The EpochTimes T\u00fcrkiye","url":"https:\/\/epochtimestr.com\/","logo":{"@type":"ImageObject","inLanguage":"tr","@id":"https:\/\/epochtimestr.com\/#\/schema\/logo\/image\/","url":"https:\/\/epochtimestr.com\/wp-content\/uploads\/2011y\/ET-Logo-YG.jpg","contentUrl":"https:\/\/epochtimestr.com\/wp-content\/uploads\/2011y\/ET-Logo-YG.jpg","width":346,"height":29,"caption":"The EpochTimes T\u00fcrkiye"},"image":{"@id":"https:\/\/epochtimestr.com\/#\/schema\/logo\/image\/"},"sameAs":["https:\/\/www.facebook.com\/theepochtimestr","https:\/\/x.com\/TheEpochTimesTR","https:\/\/www.instagram.com\/epochtimestr"]},{"@type":"Person","@id":"https:\/\/epochtimestr.com\/#\/schema\/person\/9449775713995720d2e8d6af219e3cc3","name":"Nesrin Se\u00e7er","image":{"@type":"ImageObject","inLanguage":"tr","@id":"https:\/\/epochtimestr.com\/#\/schema\/person\/image\/","url":"https:\/\/secure.gravatar.com\/avatar\/9e76ddf1406df7ae1827116f0007ff40?s=96&d=mm&r=g","contentUrl":"https:\/\/secure.gravatar.com\/avatar\/9e76ddf1406df7ae1827116f0007ff40?s=96&d=mm&r=g","caption":"Nesrin Se\u00e7er"},"url":"https:\/\/epochtimestr.com\/index.php\/author\/nesrin"}]}},"_links":{"self":[{"href":"https:\/\/epochtimestr.com\/index.php\/wp-json\/wp\/v2\/posts\/51434"}],"collection":[{"href":"https:\/\/epochtimestr.com\/index.php\/wp-json\/wp\/v2\/posts"}],"about":[{"href":"https:\/\/epochtimestr.com\/index.php\/wp-json\/wp\/v2\/types\/post"}],"author":[{"embeddable":true,"href":"https:\/\/epochtimestr.com\/index.php\/wp-json\/wp\/v2\/users\/18"}],"replies":[{"embeddable":true,"href":"https:\/\/epochtimestr.com\/index.php\/wp-json\/wp\/v2\/comments?post=51434"}],"version-history":[{"count":11,"href":"https:\/\/epochtimestr.com\/index.php\/wp-json\/wp\/v2\/posts\/51434\/revisions"}],"predecessor-version":[{"id":72214,"href":"https:\/\/epochtimestr.com\/index.php\/wp-json\/wp\/v2\/posts\/51434\/revisions\/72214"}],"wp:attachment":[{"href":"https:\/\/epochtimestr.com\/index.php\/wp-json\/wp\/v2\/media?parent=51434"}],"wp:term":[{"taxonomy":"category","embeddable":true,"href":"https:\/\/epochtimestr.com\/index.php\/wp-json\/wp\/v2\/categories?post=51434"},{"taxonomy":"post_tag","embeddable":true,"href":"https:\/\/epochtimestr.com\/index.php\/wp-json\/wp\/v2\/tags?post=51434"}],"curies":[{"name":"wp","href":"https:\/\/api.w.org\/{rel}","templated":true}]}}