{"id":52332,"date":"2011-12-28T21:51:57","date_gmt":"2011-12-28T18:51:57","guid":{"rendered":"http:\/\/epochtimestr.com\/?p=52332"},"modified":"2011-12-29T00:03:46","modified_gmt":"2011-12-28T21:03:46","slug":"kuzey-kore-eski-lideri-son-yolculuguna-ugurlandi","status":"publish","type":"post","link":"https:\/\/epochtimestr.com\/index.php\/kuzey-kore-eski-lideri-son-yolculuguna-ugurlandi","title":{"rendered":"Kuzey Kore Eski Lideri Son Yolculu\u011funa U\u011furland\u0131"},"content":{"rendered":"<h1 style=\"text-align: center;\"><span style=\"font-size: medium;\">G\u00fcney Kore\u2019den Kuzey Kore\u2019ye Kim Hanedan\u0131na Kar\u015f\u0131 Ayaklanma \u00c7a\u011fr\u0131s\u0131 Yapan \u0130lanlar Da\u011f\u0131t\u0131ld\u0131<\/span><\/h1>\n<figure id=\"attachment_52333\" aria-describedby=\"caption-attachment-52333\" style=\"width: 541px\" class=\"wp-caption aligncenter\"><a href=\"https:\/\/epochtimestr.com\/index.php\/kuzey-kore-eski-lideri-son-yolculuguna-ugurlandi\/i-4\/\" rel=\"attachment wp-att-52333\"><img loading=\"lazy\" decoding=\"async\" class=\"size-full wp-image-52333\" title=\"Kuzey Kore Lideri\" src=\"https:\/\/epochtimestr.com\/wp-content\/uploads\/2011y\/Kuzey-kore-lideri-1x.jpg\" alt=\"\" width=\"541\" height=\"350\" srcset=\"https:\/\/epochtimestr.com\/wp-content\/uploads\/2011y\/Kuzey-kore-lideri-1x.jpg 541w, https:\/\/epochtimestr.com\/wp-content\/uploads\/2011y\/Kuzey-kore-lideri-1x-300x194.jpg 300w, https:\/\/epochtimestr.com\/wp-content\/uploads\/2011y\/Kuzey-kore-lideri-1x-292x188.jpg 292w, https:\/\/epochtimestr.com\/wp-content\/uploads\/2011y\/Kuzey-kore-lideri-1x-60x40.jpg 60w\" sizes=\"(max-width: 541px) 100vw, 541px\" \/><\/a><figcaption id=\"caption-attachment-52333\" class=\"wp-caption-text\">Kuzey Kore Lideri Kim Jong-il&#39;in cenzae t\u00f6renin h\u0131\u00e7k\u0131rarak a\u011flayan Kore halk\u0131 (AFP PHOTO \/ KYODO\/Getty Images)<\/figcaption><\/figure>\n<p style=\"text-align: justify;\"><a title=\"Kuzey Kore \u2018nin Diktat\u00f6r\u00fc Kim Jong-\u0130l: \u00d6ld\u00fc\" href=\"https:\/\/epochtimestr.com\/index.php\/kuzey-koreli-diktator-kim-jong-il-oldu\/\" target=\"_blank\">Kuzey Kore Eski Lideri Kim Jong-\u0130l<\/a>, son yolculu\u011funa u\u011furlan\u0131rken G\u00fcney Kore\u2019de ayaklanma \u00e7a\u011fr\u0131s\u0131na y\u00f6nelik ilanlar g\u00f6nderildi. <a title=\"G\u00fcney Kore, S\u0131n\u0131ra Y\u0131\u011f\u0131nak Yaparken, Kuzey Kore N\u00fckleer Program\u0131n\u0131 A\u00e7\u0131klad\u0131\" href=\"https:\/\/epochtimestr.com\/index.php\/guney-kore-sinira-yiginak-yaparken-kuzey-kore-nukleer-programini-acikladi\/\" target=\"_blank\">G\u00fcney Kore\u2019nin s\u0131n\u0131r\u0131nda<\/a> 200 bin el ilan\u0131 ta\u015f\u0131yan balon g\u00f6ky\u00fcz\u00fcne g\u00f6nderildi. 17 Aral\u0131ktan beri Kim Jong-il i\u00e7in yas tutan halk, h\u0131\u00e7k\u0131rarak a\u011flamaya ve kendilerini paralamaya devam etti.<\/p>\n<p style=\"text-align: justify;\">Kuzey Kore\u2019de halk\u0131n bu \u015fekilde a\u011flay\u0131p ba\u011f\u0131rmalar\u0131 ve kendilerini paralamalar\u0131 Seul (G\u00fcney Kore) taraf\u0131ndan mizansen olarak nitelendirildi.<\/p>\n<p style=\"text-align: justify;\">BBC habere g\u00f6re, Kuzey Kore Eski Lideri Kim Jong-il i\u00e7in d\u00fczenlenen anma t\u00f6renine <a title=\"G\u00fcney Koreli gaziler, Kuzey Kore\u2019yi ve \u00c7in\u2019i protesto etti\" href=\"https:\/\/epochtimestr.com\/index.php\/guney-koreli-gaziler-kuzey-koreyi-ve-cini-protesto-etti\/\" target=\"_blank\">G\u00fcney Kore\u2019den<\/a> sadece G\u00fcney Kore&#8217;nin eski liderlerinden Kim Dae Jung&#8217;un e\u015fi Lee Hee-ho ile Hyundai&#8217;nin y\u00f6netim kurulu ba\u015fkan\u0131 Hyun Jeong-eun\u2019un kat\u0131lmas\u0131na izin verildi. Bunun d\u0131\u015f\u0131nda t\u00f6rene hi\u00e7bir \u00fclkeden \u00fcst d\u00fczey bir yetkilinin kat\u0131lmas\u0131na izin verilmedi.<\/p>\n<p style=\"text-align: justify;\">Liderin cenaze t\u00f6reni iki g\u00fcn s\u00fcrecek. Bug\u00fcn ba\u015flayan t\u00f6ren i\u00e7in halk, do\u011fan\u0131n bile a\u011flad\u0131\u011f\u0131n\u0131 iddia ediyor. Do\u011fan\u0131n a\u011flad\u0131\u011f\u0131n\u0131 g\u00f6stermek i\u00e7in \u00fczg\u00fcn g\u00f6r\u00fcnen ku\u015f g\u00f6r\u00fcnt\u00fcleri yay\u0131nland\u0131. Ayr\u0131ca <a title=\"Kore Yar\u0131madas\u0131\u2019nda Gerginlik: ABD-G\u00fcney Kore Ortak Askeri Tatbikat Yap\u0131yor\" href=\"https:\/\/epochtimestr.com\/index.php\/kore-yarimadasinda-gerginlik-abd-guney-kore-ortak-askeri-tatbikat-yapiyor-2\/\" target=\"_blank\">Koreliler<\/a> i\u00e7in kutsal mekan olarak g\u00f6r\u00fclen ve Kim Jong-il\u2019in burada do\u011fdu\u011funa inan\u0131lan Paektu Da\u011f\u0131nda bulunan Chon g\u00f6l\u00fc \u00fczerindeki buzlar\u0131n aniden k\u0131r\u0131ld\u0131\u011f\u0131 ve b\u00f6lgede kar f\u0131rt\u0131nas\u0131n\u0131n ba\u015flad\u0131\u011f\u0131 belirtildi. Ku\u015flar\u0131nda \u00f6l\u00fcm sessizli\u011finde yas tuttu\u011fu s\u00f6yleniyor.<\/p>\n<figure id=\"attachment_52334\" aria-describedby=\"caption-attachment-52334\" style=\"width: 537px\" class=\"wp-caption aligncenter\"><a href=\"https:\/\/epochtimestr.com\/index.php\/kuzey-kore-eski-lideri-son-yolculuguna-ugurlandi\/i-5\/\" rel=\"attachment wp-att-52334\"><img loading=\"lazy\" decoding=\"async\" class=\"size-full wp-image-52334\" title=\"Kuzey Kore Lideri\" src=\"https:\/\/epochtimestr.com\/wp-content\/uploads\/2011y\/Kuzey-kore-lideri-1.jpg\" alt=\"\" width=\"537\" height=\"350\" srcset=\"https:\/\/epochtimestr.com\/wp-content\/uploads\/2011y\/Kuzey-kore-lideri-1.jpg 537w, https:\/\/epochtimestr.com\/wp-content\/uploads\/2011y\/Kuzey-kore-lideri-1-300x195.jpg 300w, https:\/\/epochtimestr.com\/wp-content\/uploads\/2011y\/Kuzey-kore-lideri-1-292x190.jpg 292w, https:\/\/epochtimestr.com\/wp-content\/uploads\/2011y\/Kuzey-kore-lideri-1-60x40.jpg 60w\" sizes=\"(max-width: 537px) 100vw, 537px\" \/><\/a><figcaption id=\"caption-attachment-52334\" class=\"wp-caption-text\">Kim Jong-il&#39;in cenaze t\u00f6renindeki ilk g\u00fcndeki ge\u00e7it t\u00f6reninden g\u00f6r\u00fcnt\u00fcler<\/figcaption><\/figure>\n<p style=\"text-align: justify;\">Cenaze t\u00f6reni s\u0131ras\u0131nda Kim Jong-il\u2019in o\u011flu, Kim Jong-Un babas\u0131n\u0131n cenaze arabas\u0131n\u0131n yan\u0131ndan hi\u00e7 ayr\u0131lmad\u0131. Eski liderin b\u00fcy\u00fck bir posteri bir arac\u0131n \u00fczerine yerle\u015ftirildikten sonra t\u00f6ren alan\u0131nda dola\u015ft\u0131. On binlerce ki\u015fi t\u00f6ren s\u0131ras\u0131nda yo\u011fun kar ya\u011f\u0131\u015f\u0131 olmas\u0131na ra\u011fmen h\u0131\u00e7k\u0131r\u0131klarla a\u011flad\u0131. \u00d6zellikle askerler birbirlerine sar\u0131larak a\u011flad\u0131lar.<\/p>\n<p style=\"text-align: justify;\"><em>G\u00fcney Kore\u2019de<\/em> ise <em>Kuzey Kore Eski Lideri <a title=\"Kuzey Kore \u2018nin Diktat\u00f6r\u00fc Kim Jong-\u0130l: \u00d6ld\u00fc\" href=\"https:\/\/epochtimestr.com\/index.php\/kuzey-koreli-diktator-kim-jong-il-oldu\/\" target=\"_blank\">Kim Jong-\u0130l<\/a><\/em><a title=\"Kuzey Kore \u2018nin Diktat\u00f6r\u00fc Kim Jong-\u0130l: \u00d6ld\u00fc\" href=\"https:\/\/epochtimestr.com\/index.php\/kuzey-koreli-diktator-kim-jong-il-oldu\/\" target=\"_blank\"> son yolculu\u011funa u\u011furlan\u0131rken<\/a>\u00a0 kutlamalar yap\u0131ld\u0131.<\/p>\n<blockquote>\n<p style=\"text-align: justify;\">\u0130lgili Haberler<\/p>\n<p><a href=\"https:\/\/epochtimestr.com\/index.php\/kuzey-koreli-diktator-kim-jong-il-oldu\/\" target=\"_blank\">Kuzey Kore \u2018nin Diktat\u00f6r\u00fc Kim Jong-\u0130l: \u00d6ld\u00fc<\/a><\/p>\n<p class=\"entry_title\"><a href=\"https:\/\/epochtimestr.com\/index.php\/kuzey-kore-muhtemel-protestolara-karsi-onlemleri-arttiriyor\/\" target=\"_blank\">Kuzey Kore, Muhtemel Protestolara Kar\u015f\u0131 \u00d6nlemleri Artt\u0131r\u0131yor<\/a><\/p>\n<p class=\"entry_title\"><a href=\"https:\/\/epochtimestr.com\/index.php\/guney-kore-ve-kuzey-kore-aralarini-duzeltmeye-hazirlaniyor\/\" target=\"_blank\">G\u00fcney Kore ve Kuzey Kore aralar\u0131n\u0131 d\u00fczeltmeye haz\u0131rlan\u0131yor<\/a><\/p>\n<p class=\"entry_title\"><a href=\"https:\/\/epochtimestr.com\/index.php\/guney-kore-kuzeyin-uyarilarina-aldirmadan-yeni-askeri-tatbikat-baslatti\/\" target=\"_blank\">G\u00fcney Koreliler, Yeonpyeong Adas\u0131n\u0131 Terk Ediyor<\/a><\/p>\n<p class=\"entry_title\"><a href=\"https:\/\/epochtimestr.com\/index.php\/guney-kore-kuzeyin-uyarilarina-aldirmadan-yeni-askeri-tatbikat-baslatti\/\" target=\"_blank\">G\u00fcney Kore, Kuzey\u2019in uyar\u0131lar\u0131na ald\u0131rmadan yeni askeri tatbikat ba\u015flatt\u0131<\/a><\/p>\n<p class=\"entry_title\"><a href=\"https:\/\/epochtimestr.com\/index.php\/guney-kore-sinira-yiginak-yaparken-kuzey-kore-nukleer-programini-acikladi\/\" target=\"_blank\">G\u00fcney Kore, S\u0131n\u0131ra Y\u0131\u011f\u0131nak Yaparken, Kuzey Kore N\u00fckleer Program\u0131n\u0131 A\u00e7\u0131klad\u0131<\/a><\/p>\n<\/blockquote>\n","protected":false},"excerpt":{"rendered":"<p>G\u00fcney Kore\u2019den Kuzey Kore\u2019ye Kim Hanedan\u0131na Kar\u015f\u0131 Ayaklanma \u00c7a\u011fr\u0131s\u0131 Yapan \u0130lanlar Da\u011f\u0131t\u0131ld\u0131 Kuzey Kore Eski Lideri Kim Jong-\u0130l, son yolculu\u011funa u\u011furlan\u0131rken G\u00fcney Kore\u2019de ayaklanma \u00e7a\u011fr\u0131s\u0131na y\u00f6nelik ilanlar g\u00f6nderildi. G\u00fcney Kore\u2019nin s\u0131n\u0131r\u0131nda 200 bin el ilan\u0131 ta\u015f\u0131yan balon g\u00f6ky\u00fcz\u00fcne g\u00f6nderildi. 17 Aral\u0131ktan beri Kim Jong-il i\u00e7in yas tutan halk, h\u0131\u00e7k\u0131rarak a\u011flamaya ve kendilerini paralamaya devam etti. [&hellip;]<\/p>\n","protected":false},"author":8,"featured_media":52333,"comment_status":"open","ping_status":"open","sticky":false,"template":"","format":"standard","meta":{"_yoast_wpseo_focuskw":"","_yoast_wpseo_title":"","_yoast_wpseo_metadesc":"","_bbp_topic_count":0,"_bbp_reply_count":0,"_bbp_total_topic_count":0,"_bbp_total_reply_count":0,"_bbp_voice_count":0,"_bbp_anonymous_reply_count":0,"_bbp_topic_count_hidden":0,"_bbp_reply_count_hidden":0,"_bbp_forum_subforum_count":0,"footnotes":"","_yoast_wpseo_focuskw_text_input":""},"categories":[60],"tags":[],"yoast_head":"<!-- This site is optimized with the Yoast SEO plugin v23.0 - https:\/\/yoast.com\/wordpress\/plugins\/seo\/ -->\n<title>Kuzey Kore Eski Lideri Son Yolculu\u011funa U\u011furland\u0131 - The Epoch Times TR<\/title>\n<meta name=\"robots\" content=\"index, follow, max-snippet:-1, max-image-preview:large, max-video-preview:-1\" \/>\n<link rel=\"canonical\" href=\"https:\/\/epochtimestr.com\/index.php\/kuzey-kore-eski-lideri-son-yolculuguna-ugurlandi\" \/>\n<meta property=\"og:locale\" content=\"tr_TR\" \/>\n<meta property=\"og:type\" content=\"article\" \/>\n<meta property=\"og:title\" content=\"Kuzey Kore Eski Lideri Son Yolculu\u011funa U\u011furland\u0131 - The Epoch Times TR\" \/>\n<meta property=\"og:description\" content=\"G\u00fcney Kore\u2019den Kuzey Kore\u2019ye Kim Hanedan\u0131na Kar\u015f\u0131 Ayaklanma \u00c7a\u011fr\u0131s\u0131 Yapan \u0130lanlar Da\u011f\u0131t\u0131ld\u0131 Kuzey Kore Eski Lideri Kim Jong-\u0130l, son yolculu\u011funa u\u011furlan\u0131rken G\u00fcney Kore\u2019de ayaklanma \u00e7a\u011fr\u0131s\u0131na y\u00f6nelik ilanlar g\u00f6nderildi. G\u00fcney Kore\u2019nin s\u0131n\u0131r\u0131nda 200 bin el ilan\u0131 ta\u015f\u0131yan balon g\u00f6ky\u00fcz\u00fcne g\u00f6nderildi. 17 Aral\u0131ktan beri Kim Jong-il i\u00e7in yas tutan halk, h\u0131\u00e7k\u0131rarak a\u011flamaya ve kendilerini paralamaya devam etti. [&hellip;]\" \/>\n<meta property=\"og:url\" content=\"https:\/\/epochtimestr.com\/index.php\/kuzey-kore-eski-lideri-son-yolculuguna-ugurlandi\" \/>\n<meta property=\"og:site_name\" content=\"The Epoch Times TR\" \/>\n<meta property=\"article:publisher\" content=\"https:\/\/www.facebook.com\/theepochtimestr\" \/>\n<meta property=\"article:published_time\" content=\"2011-12-28T18:51:57+00:00\" \/>\n<meta property=\"article:modified_time\" content=\"2011-12-28T21:03:46+00:00\" \/>\n<meta property=\"og:image\" content=\"https:\/\/epochtimestr.com\/wp-content\/uploads\/2011y\/Kuzey-kore-lideri-1x.jpg\" \/>\n\t<meta property=\"og:image:width\" content=\"541\" \/>\n\t<meta property=\"og:image:height\" content=\"350\" \/>\n\t<meta property=\"og:image:type\" content=\"image\/jpeg\" \/>\n<meta name=\"author\" content=\"\u00c7.Akdeniz\" \/>\n<meta name=\"twitter:card\" content=\"summary_large_image\" \/>\n<meta name=\"twitter:creator\" content=\"@TheEpochTimesTR\" \/>\n<meta name=\"twitter:site\" content=\"@TheEpochTimesTR\" \/>\n<meta name=\"twitter:label1\" content=\"Yazan:\" \/>\n\t<meta name=\"twitter:data1\" content=\"\u00c7.Akdeniz\" \/>\n\t<meta name=\"twitter:label2\" content=\"Tahmini okuma s\u00fcresi\" \/>\n\t<meta name=\"twitter:data2\" content=\"3 dakika\" \/>\n<script type=\"application\/ld+json\" class=\"yoast-schema-graph\">{\"@context\":\"https:\/\/schema.org\",\"@graph\":[{\"@type\":\"Article\",\"@id\":\"https:\/\/epochtimestr.com\/index.php\/kuzey-kore-eski-lideri-son-yolculuguna-ugurlandi#article\",\"isPartOf\":{\"@id\":\"https:\/\/epochtimestr.com\/index.php\/kuzey-kore-eski-lideri-son-yolculuguna-ugurlandi\"},\"author\":{\"name\":\"\u00c7.Akdeniz\",\"@id\":\"https:\/\/epochtimestr.com\/#\/schema\/person\/ad3c7e36a1529b9c57da1df4cd370bdf\"},\"headline\":\"Kuzey Kore Eski Lideri Son Yolculu\u011funa U\u011furland\u0131\",\"datePublished\":\"2011-12-28T18:51:57+00:00\",\"dateModified\":\"2011-12-28T21:03:46+00:00\",\"mainEntityOfPage\":{\"@id\":\"https:\/\/epochtimestr.com\/index.php\/kuzey-kore-eski-lideri-son-yolculuguna-ugurlandi\"},\"wordCount\":519,\"commentCount\":0,\"publisher\":{\"@id\":\"https:\/\/epochtimestr.com\/#organization\"},\"image\":{\"@id\":\"https:\/\/epochtimestr.com\/index.php\/kuzey-kore-eski-lideri-son-yolculuguna-ugurlandi#primaryimage\"},\"thumbnailUrl\":\"https:\/\/epochtimestr.com\/wp-content\/uploads\/2011y\/Kuzey-kore-lideri-1x.jpg\",\"articleSection\":[\"Taslak'da b\u0131rak\"],\"inLanguage\":\"tr\",\"potentialAction\":[{\"@type\":\"CommentAction\",\"name\":\"Comment\",\"target\":[\"https:\/\/epochtimestr.com\/index.php\/kuzey-kore-eski-lideri-son-yolculuguna-ugurlandi#respond\"]}]},{\"@type\":\"WebPage\",\"@id\":\"https:\/\/epochtimestr.com\/index.php\/kuzey-kore-eski-lideri-son-yolculuguna-ugurlandi\",\"url\":\"https:\/\/epochtimestr.com\/index.php\/kuzey-kore-eski-lideri-son-yolculuguna-ugurlandi\",\"name\":\"Kuzey Kore Eski Lideri Son Yolculu\u011funa U\u011furland\u0131 - The Epoch Times TR\",\"isPartOf\":{\"@id\":\"https:\/\/epochtimestr.com\/#website\"},\"primaryImageOfPage\":{\"@id\":\"https:\/\/epochtimestr.com\/index.php\/kuzey-kore-eski-lideri-son-yolculuguna-ugurlandi#primaryimage\"},\"image\":{\"@id\":\"https:\/\/epochtimestr.com\/index.php\/kuzey-kore-eski-lideri-son-yolculuguna-ugurlandi#primaryimage\"},\"thumbnailUrl\":\"https:\/\/epochtimestr.com\/wp-content\/uploads\/2011y\/Kuzey-kore-lideri-1x.jpg\",\"datePublished\":\"2011-12-28T18:51:57+00:00\",\"dateModified\":\"2011-12-28T21:03:46+00:00\",\"inLanguage\":\"tr\",\"potentialAction\":[{\"@type\":\"ReadAction\",\"target\":[\"https:\/\/epochtimestr.com\/index.php\/kuzey-kore-eski-lideri-son-yolculuguna-ugurlandi\"]}]},{\"@type\":\"ImageObject\",\"inLanguage\":\"tr\",\"@id\":\"https:\/\/epochtimestr.com\/index.php\/kuzey-kore-eski-lideri-son-yolculuguna-ugurlandi#primaryimage\",\"url\":\"https:\/\/epochtimestr.com\/wp-content\/uploads\/2011y\/Kuzey-kore-lideri-1x.jpg\",\"contentUrl\":\"https:\/\/epochtimestr.com\/wp-content\/uploads\/2011y\/Kuzey-kore-lideri-1x.jpg\",\"width\":541,\"height\":350,\"caption\":\"Kuzey Kore Lideri Kim Jong-il'in cenzae t\u00f6renin h\u0131\u00e7k\u0131rarak a\u011flayan Kore halk\u0131 (AFP PHOTO \/ KYODO\/Getty Images)\"},{\"@type\":\"WebSite\",\"@id\":\"https:\/\/epochtimestr.com\/#website\",\"url\":\"https:\/\/epochtimestr.com\/\",\"name\":\"The Epoch Times TR\",\"description\":\"De\u011fi\u015fen D\u00fcnyam\u0131za Taze Bir Bak\u0131\u015f\",\"publisher\":{\"@id\":\"https:\/\/epochtimestr.com\/#organization\"},\"potentialAction\":[{\"@type\":\"SearchAction\",\"target\":{\"@type\":\"EntryPoint\",\"urlTemplate\":\"https:\/\/epochtimestr.com\/?s={search_term_string}\"},\"query-input\":\"required name=search_term_string\"}],\"inLanguage\":\"tr\"},{\"@type\":\"Organization\",\"@id\":\"https:\/\/epochtimestr.com\/#organization\",\"name\":\"The EpochTimes T\u00fcrkiye\",\"url\":\"https:\/\/epochtimestr.com\/\",\"logo\":{\"@type\":\"ImageObject\",\"inLanguage\":\"tr\",\"@id\":\"https:\/\/epochtimestr.com\/#\/schema\/logo\/image\/\",\"url\":\"https:\/\/epochtimestr.com\/wp-content\/uploads\/2011y\/ET-Logo-YG.jpg\",\"contentUrl\":\"https:\/\/epochtimestr.com\/wp-content\/uploads\/2011y\/ET-Logo-YG.jpg\",\"width\":346,\"height\":29,\"caption\":\"The EpochTimes T\u00fcrkiye\"},\"image\":{\"@id\":\"https:\/\/epochtimestr.com\/#\/schema\/logo\/image\/\"},\"sameAs\":[\"https:\/\/www.facebook.com\/theepochtimestr\",\"https:\/\/x.com\/TheEpochTimesTR\",\"https:\/\/www.instagram.com\/epochtimestr\"]},{\"@type\":\"Person\",\"@id\":\"https:\/\/epochtimestr.com\/#\/schema\/person\/ad3c7e36a1529b9c57da1df4cd370bdf\",\"name\":\"\u00c7.Akdeniz\",\"image\":{\"@type\":\"ImageObject\",\"inLanguage\":\"tr\",\"@id\":\"https:\/\/epochtimestr.com\/#\/schema\/person\/image\/\",\"url\":\"https:\/\/secure.gravatar.com\/avatar\/2b3f874d48422cdeb494d68621025c2b?s=96&d=mm&r=g\",\"contentUrl\":\"https:\/\/secure.gravatar.com\/avatar\/2b3f874d48422cdeb494d68621025c2b?s=96&d=mm&r=g\",\"caption\":\"\u00c7.Akdeniz\"},\"url\":\"https:\/\/epochtimestr.com\/index.php\/author\/cigdem\"}]}<\/script>\n<!-- \/ Yoast SEO plugin. -->","yoast_head_json":{"title":"Kuzey Kore Eski Lideri Son Yolculu\u011funa U\u011furland\u0131 - The Epoch Times TR","robots":{"index":"index","follow":"follow","max-snippet":"max-snippet:-1","max-image-preview":"max-image-preview:large","max-video-preview":"max-video-preview:-1"},"canonical":"https:\/\/epochtimestr.com\/index.php\/kuzey-kore-eski-lideri-son-yolculuguna-ugurlandi","og_locale":"tr_TR","og_type":"article","og_title":"Kuzey Kore Eski Lideri Son Yolculu\u011funa U\u011furland\u0131 - The Epoch Times TR","og_description":"G\u00fcney Kore\u2019den Kuzey Kore\u2019ye Kim Hanedan\u0131na Kar\u015f\u0131 Ayaklanma \u00c7a\u011fr\u0131s\u0131 Yapan \u0130lanlar Da\u011f\u0131t\u0131ld\u0131 Kuzey Kore Eski Lideri Kim Jong-\u0130l, son yolculu\u011funa u\u011furlan\u0131rken G\u00fcney Kore\u2019de ayaklanma \u00e7a\u011fr\u0131s\u0131na y\u00f6nelik ilanlar g\u00f6nderildi. G\u00fcney Kore\u2019nin s\u0131n\u0131r\u0131nda 200 bin el ilan\u0131 ta\u015f\u0131yan balon g\u00f6ky\u00fcz\u00fcne g\u00f6nderildi. 17 Aral\u0131ktan beri Kim Jong-il i\u00e7in yas tutan halk, h\u0131\u00e7k\u0131rarak a\u011flamaya ve kendilerini paralamaya devam etti. [&hellip;]","og_url":"https:\/\/epochtimestr.com\/index.php\/kuzey-kore-eski-lideri-son-yolculuguna-ugurlandi","og_site_name":"The Epoch Times TR","article_publisher":"https:\/\/www.facebook.com\/theepochtimestr","article_published_time":"2011-12-28T18:51:57+00:00","article_modified_time":"2011-12-28T21:03:46+00:00","og_image":[{"width":541,"height":350,"url":"https:\/\/epochtimestr.com\/wp-content\/uploads\/2011y\/Kuzey-kore-lideri-1x.jpg","type":"image\/jpeg"}],"author":"\u00c7.Akdeniz","twitter_card":"summary_large_image","twitter_creator":"@TheEpochTimesTR","twitter_site":"@TheEpochTimesTR","twitter_misc":{"Yazan:":"\u00c7.Akdeniz","Tahmini okuma s\u00fcresi":"3 dakika"},"schema":{"@context":"https:\/\/schema.org","@graph":[{"@type":"Article","@id":"https:\/\/epochtimestr.com\/index.php\/kuzey-kore-eski-lideri-son-yolculuguna-ugurlandi#article","isPartOf":{"@id":"https:\/\/epochtimestr.com\/index.php\/kuzey-kore-eski-lideri-son-yolculuguna-ugurlandi"},"author":{"name":"\u00c7.Akdeniz","@id":"https:\/\/epochtimestr.com\/#\/schema\/person\/ad3c7e36a1529b9c57da1df4cd370bdf"},"headline":"Kuzey Kore Eski Lideri Son Yolculu\u011funa U\u011furland\u0131","datePublished":"2011-12-28T18:51:57+00:00","dateModified":"2011-12-28T21:03:46+00:00","mainEntityOfPage":{"@id":"https:\/\/epochtimestr.com\/index.php\/kuzey-kore-eski-lideri-son-yolculuguna-ugurlandi"},"wordCount":519,"commentCount":0,"publisher":{"@id":"https:\/\/epochtimestr.com\/#organization"},"image":{"@id":"https:\/\/epochtimestr.com\/index.php\/kuzey-kore-eski-lideri-son-yolculuguna-ugurlandi#primaryimage"},"thumbnailUrl":"https:\/\/epochtimestr.com\/wp-content\/uploads\/2011y\/Kuzey-kore-lideri-1x.jpg","articleSection":["Taslak'da b\u0131rak"],"inLanguage":"tr","potentialAction":[{"@type":"CommentAction","name":"Comment","target":["https:\/\/epochtimestr.com\/index.php\/kuzey-kore-eski-lideri-son-yolculuguna-ugurlandi#respond"]}]},{"@type":"WebPage","@id":"https:\/\/epochtimestr.com\/index.php\/kuzey-kore-eski-lideri-son-yolculuguna-ugurlandi","url":"https:\/\/epochtimestr.com\/index.php\/kuzey-kore-eski-lideri-son-yolculuguna-ugurlandi","name":"Kuzey Kore Eski Lideri Son Yolculu\u011funa U\u011furland\u0131 - The Epoch Times TR","isPartOf":{"@id":"https:\/\/epochtimestr.com\/#website"},"primaryImageOfPage":{"@id":"https:\/\/epochtimestr.com\/index.php\/kuzey-kore-eski-lideri-son-yolculuguna-ugurlandi#primaryimage"},"image":{"@id":"https:\/\/epochtimestr.com\/index.php\/kuzey-kore-eski-lideri-son-yolculuguna-ugurlandi#primaryimage"},"thumbnailUrl":"https:\/\/epochtimestr.com\/wp-content\/uploads\/2011y\/Kuzey-kore-lideri-1x.jpg","datePublished":"2011-12-28T18:51:57+00:00","dateModified":"2011-12-28T21:03:46+00:00","inLanguage":"tr","potentialAction":[{"@type":"ReadAction","target":["https:\/\/epochtimestr.com\/index.php\/kuzey-kore-eski-lideri-son-yolculuguna-ugurlandi"]}]},{"@type":"ImageObject","inLanguage":"tr","@id":"https:\/\/epochtimestr.com\/index.php\/kuzey-kore-eski-lideri-son-yolculuguna-ugurlandi#primaryimage","url":"https:\/\/epochtimestr.com\/wp-content\/uploads\/2011y\/Kuzey-kore-lideri-1x.jpg","contentUrl":"https:\/\/epochtimestr.com\/wp-content\/uploads\/2011y\/Kuzey-kore-lideri-1x.jpg","width":541,"height":350,"caption":"Kuzey Kore Lideri Kim Jong-il'in cenzae t\u00f6renin h\u0131\u00e7k\u0131rarak a\u011flayan Kore halk\u0131 (AFP PHOTO \/ KYODO\/Getty Images)"},{"@type":"WebSite","@id":"https:\/\/epochtimestr.com\/#website","url":"https:\/\/epochtimestr.com\/","name":"The Epoch Times TR","description":"De\u011fi\u015fen D\u00fcnyam\u0131za Taze Bir Bak\u0131\u015f","publisher":{"@id":"https:\/\/epochtimestr.com\/#organization"},"potentialAction":[{"@type":"SearchAction","target":{"@type":"EntryPoint","urlTemplate":"https:\/\/epochtimestr.com\/?s={search_term_string}"},"query-input":"required name=search_term_string"}],"inLanguage":"tr"},{"@type":"Organization","@id":"https:\/\/epochtimestr.com\/#organization","name":"The EpochTimes T\u00fcrkiye","url":"https:\/\/epochtimestr.com\/","logo":{"@type":"ImageObject","inLanguage":"tr","@id":"https:\/\/epochtimestr.com\/#\/schema\/logo\/image\/","url":"https:\/\/epochtimestr.com\/wp-content\/uploads\/2011y\/ET-Logo-YG.jpg","contentUrl":"https:\/\/epochtimestr.com\/wp-content\/uploads\/2011y\/ET-Logo-YG.jpg","width":346,"height":29,"caption":"The EpochTimes T\u00fcrkiye"},"image":{"@id":"https:\/\/epochtimestr.com\/#\/schema\/logo\/image\/"},"sameAs":["https:\/\/www.facebook.com\/theepochtimestr","https:\/\/x.com\/TheEpochTimesTR","https:\/\/www.instagram.com\/epochtimestr"]},{"@type":"Person","@id":"https:\/\/epochtimestr.com\/#\/schema\/person\/ad3c7e36a1529b9c57da1df4cd370bdf","name":"\u00c7.Akdeniz","image":{"@type":"ImageObject","inLanguage":"tr","@id":"https:\/\/epochtimestr.com\/#\/schema\/person\/image\/","url":"https:\/\/secure.gravatar.com\/avatar\/2b3f874d48422cdeb494d68621025c2b?s=96&d=mm&r=g","contentUrl":"https:\/\/secure.gravatar.com\/avatar\/2b3f874d48422cdeb494d68621025c2b?s=96&d=mm&r=g","caption":"\u00c7.Akdeniz"},"url":"https:\/\/epochtimestr.com\/index.php\/author\/cigdem"}]}},"_links":{"self":[{"href":"https:\/\/epochtimestr.com\/index.php\/wp-json\/wp\/v2\/posts\/52332"}],"collection":[{"href":"https:\/\/epochtimestr.com\/index.php\/wp-json\/wp\/v2\/posts"}],"about":[{"href":"https:\/\/epochtimestr.com\/index.php\/wp-json\/wp\/v2\/types\/post"}],"author":[{"embeddable":true,"href":"https:\/\/epochtimestr.com\/index.php\/wp-json\/wp\/v2\/users\/8"}],"replies":[{"embeddable":true,"href":"https:\/\/epochtimestr.com\/index.php\/wp-json\/wp\/v2\/comments?post=52332"}],"version-history":[{"count":11,"href":"https:\/\/epochtimestr.com\/index.php\/wp-json\/wp\/v2\/posts\/52332\/revisions"}],"predecessor-version":[{"id":52337,"href":"https:\/\/epochtimestr.com\/index.php\/wp-json\/wp\/v2\/posts\/52332\/revisions\/52337"}],"wp:featuredmedia":[{"embeddable":true,"href":"https:\/\/epochtimestr.com\/index.php\/wp-json\/wp\/v2\/media\/52333"}],"wp:attachment":[{"href":"https:\/\/epochtimestr.com\/index.php\/wp-json\/wp\/v2\/media?parent=52332"}],"wp:term":[{"taxonomy":"category","embeddable":true,"href":"https:\/\/epochtimestr.com\/index.php\/wp-json\/wp\/v2\/categories?post=52332"},{"taxonomy":"post_tag","embeddable":true,"href":"https:\/\/epochtimestr.com\/index.php\/wp-json\/wp\/v2\/tags?post=52332"}],"curies":[{"name":"wp","href":"https:\/\/api.w.org\/{rel}","templated":true}]}}