{"id":52877,"date":"2012-01-04T01:18:10","date_gmt":"2012-01-03T22:18:10","guid":{"rendered":"http:\/\/epochtimestr.com\/?p=52877"},"modified":"2012-01-04T22:46:19","modified_gmt":"2012-01-04T19:46:19","slug":"3-ocak-mersinin-kurtulus-gunu-coskuyla-kutlandi","status":"publish","type":"post","link":"https:\/\/epochtimestr.com\/index.php\/3-ocak-mersinin-kurtulus-gunu-coskuyla-kutlandi","title":{"rendered":"3 Ocak Mersin\u2019in Kurtulu\u015f G\u00fcn\u00fc \u00e7o\u015fkuyla kutland\u0131"},"content":{"rendered":"<div class=\"mceTemp\" style=\"text-align: justify;\">\n<dl id=\"attachment_52878\" class=\"wp-caption alignleft\" style=\"width: 310px;\">\n<dt class=\"wp-caption-dt\"><a class=\"highslide\" href=\"https:\/\/epochtimestr.com\/index.php\/3-ocak-mersinin-kurtulus-gunu-coskuyla-kutlandi\/img_0828\/\" rel=\"attachment wp-att-52878\"><img loading=\"lazy\" decoding=\"async\" class=\"size-medium wp-image-52878  \" title=\"3 Ocak Mersin'in Kurtulu\u015fu\" src=\"https:\/\/epochtimestr.com\/wp-content\/uploads\/2011y\/IMG_0828-300x200.jpg\" alt=\"\" width=\"300\" height=\"200\" srcset=\"https:\/\/epochtimestr.com\/wp-content\/uploads\/2011y\/IMG_0828-300x200.jpg 300w, https:\/\/epochtimestr.com\/wp-content\/uploads\/2011y\/IMG_0828-292x194.jpg 292w, https:\/\/epochtimestr.com\/wp-content\/uploads\/2011y\/IMG_0828-60x40.jpg 60w, https:\/\/epochtimestr.com\/wp-content\/uploads\/2011y\/IMG_0828.jpg 400w\" sizes=\"(max-width: 300px) 100vw, 300px\" \/><\/a><\/dt>\n<dd class=\"wp-caption-dd\">3 Ocak Mersin&#8217;in Kurtulu\u015fu<\/dd>\n<\/dl>\n<\/div>\n<h1 style=\"text-align: justify;\"><span style=\"font-size: small;\"><strong><em>3 Ocak Mersin\u2019in Kurtulu\u015fu <\/em><\/strong><\/span><\/h1>\n<p style=\"text-align: justify;\">\u00a0Cumhuriyet Meydan\u0131&#8217;nda bulunan Atat\u00fcrk heykeli \u00f6n\u00fcne \u00e7elenk konulmas\u0131 ile ba\u015flayan t\u00f6ren, \u00a0Mersin Toroslar Belediyesi ve Mersin Valili\u011fi taraf\u0131ndan tertip edilen iki ayr\u0131 y\u00fcr\u00fcy\u00fc\u015f grubunun \u015fehrin iki ayr\u0131 noktas\u0131ndan bayrak ve flamalar ta\u015f\u0131yarak ve \u00e7e\u015fitli g\u00f6steri topluluklar\u0131 ile y\u00fcr\u00fcy\u00fc\u015fe ge\u00e7mesi ile devam etti.\u00a0\u00a0\u00a0Bu sene Toroslar Belediyesi taraf\u0131ndan 8.cisi d\u00fczenlenen Kuvay-i Milliye Zafer Y\u00fcr\u00fcy\u00fc\u015f\u00fc\u2019ne kat\u0131l\u0131m\u0131n olduk\u00e7a yo\u011fun oldu\u011fu g\u00f6r\u00fcld\u00fc. Mehteran tak\u0131m\u0131 \u00f6nderli\u011finde uzun bir y\u00fcr\u00fcy\u00fc\u015f ger\u00e7ekle\u015ftiren \u2018Zafer Y\u00fcr\u00fcy\u00fc\u015f\u00fc\u2019 grubunun, Mersin Toroslar Cirit tak\u0131m\u0131n\u0131n, Muharip Gaziler Derne\u011fi \u00fcyelerinin ve \u00e7e\u015fitli spor tak\u0131mlar\u0131n\u0131n ve halk oyunlar\u0131 ekiplerinin y\u00fcr\u00fcy\u00fc\u015fe kat\u0131lmas\u0131 ve cepheye cephane ta\u015f\u0131yan Elif Ana\u2019n\u0131n ka\u011fn\u0131s\u0131n\u0131n sembolik olarak \u00e7ekilmesi ile beraber kutlamalara ayr\u0131 bir renk katt\u0131\u011f\u0131 g\u00f6zlemlendi.<\/p>\n<h2 style=\"text-align: justify;\"><span style=\"font-size: small;\">Cumhurba\u015fkan\u0131 Abdullah G\u00fcl 3 Ocak Mersin&#8217;in Kurtulu\u015funu Kutlad\u0131lar;<\/span><\/h2>\n<p style=\"text-align: justify;\">Her iki grubun Cumhuriyet Meydan\u0131\u2019nda birle\u015fmesi ile devam eden t\u00f6renlerde \u00e7e\u015fitli okullar\u0131n \u00f6\u011frencileri,<em> 3 Ocak Mersin\u2019in\u00a0Kurtulu\u015funun <\/em>anlam ve \u00f6nemini belirten metinleri ve \u015fiirleri okudular ve \u00a0g\u00f6steri gruplar\u0131 da g\u00f6sterilerini sergilediler. Cumhurba\u015fkan\u0131 Abdullah G\u00fcl, Ba\u015fbakan Erdo\u011fan ve TBMM Ba\u015fkan\u0131 Cemil \u00c7i\u00e7ek de Mersin Valisi G\u00fczelo\u011flu\u2019na g\u00f6nderdikleri mesajlar ile <em>3 Ocak Mersin\u2019in Kurtulu\u015fu&#8217;nu<\/em> kutlad\u0131lar.<\/p>\n<blockquote>\n<p style=\"text-align: justify;\">\u0130lgili Haberler;<\/p>\n<p style=\"text-align: justify;\"><span style=\"color: #333399;\"><a title=\"Mersin\u2019de uluslar aras\u0131 kat\u0131l\u0131m ile \u20182. Narenciye Festivali\u2019 ger\u00e7ekle\u015ftirildi\" href=\"https:\/\/epochtimestr.com\/index.php\/mersinde-uluslar-arasi-katilim-ile-2-narenciye-festivali-gerceklestirildi\/\"><span style=\"color: #333399;\">Mersin\u2019de uluslar aras\u0131 kat\u0131l\u0131m ile \u20182. Narenciye Festivali\u2019 ger\u00e7ekle\u015ftirildi<\/span><\/a><\/span><\/p>\n<p style=\"text-align: justify;\"><span style=\"color: #333399;\"><a title=\"Prof Ahmet Mete I\u015f\u0131kara, G\u00fcney\u2019de Olabilecek Bir Depreme Kar\u015f\u0131 Uyard\u0131\" href=\"https:\/\/epochtimestr.com\/index.php\/ahmet-mete-isikara-hatayda-depreme-karsi-uyardi\/\"><span style=\"color: #333399;\">Prof Ahmet Mete I\u015f\u0131kara, G\u00fcney\u2019de Olabilecek Bir Depreme Kar\u015f\u0131 Uyard\u0131<\/span><\/a><\/span><\/p>\n<p style=\"text-align: justify;\"><span style=\"color: #333399;\"><a title=\"Fenerbah\u00e7e 2 \u2013 Mersin \u0130dman Yurdu 1\" href=\"https:\/\/epochtimestr.com\/index.php\/fenerbahce-2-mersin-idman-yurdu-1\/\" target=\"_blank\"><span style=\"color: #333399;\">Fenerbah\u00e7e 2 \u2013 Mersin \u0130dman Yurdu 1<\/span><\/a><\/span><\/p>\n<p style=\"text-align: justify;\"><span style=\"color: #333399;\"><a title=\"Mersin\u2019de 1960\u2032l\u0131 Y\u0131llar\u0131n Romantizmi Esti\" href=\"https:\/\/epochtimestr.com\/index.php\/mersinde-1960li-yillarin-romantizmi-esti\/\" target=\"_blank\"><span style=\"color: #333399;\">Mersin\u2019de 1960\u2032l\u0131 Y\u0131llar\u0131n Romantizmi Esti<\/span><\/a><\/span><\/p>\n<p style=\"text-align: justify;\"><span style=\"color: #333399;\"><a title=\"Devlet Bah\u00e7eli Mersin\u2019de Halka Seslendi\" href=\"https:\/\/epochtimestr.com\/index.php\/devlet-bahceli-mersinde-halka-seslendi\/\" target=\"_blank\"><span style=\"color: #333399;\">Devlet Bah\u00e7eli Mersin\u2019de Halka Seslendi<\/span><\/a><\/span><\/p>\n<\/blockquote>\n","protected":false},"excerpt":{"rendered":"<p>3 Ocak Mersin&#8217;in Kurtulu\u015fu 3 Ocak Mersin\u2019in Kurtulu\u015fu \u00a0Cumhuriyet Meydan\u0131&#8217;nda bulunan Atat\u00fcrk heykeli \u00f6n\u00fcne \u00e7elenk konulmas\u0131 ile ba\u015flayan t\u00f6ren, \u00a0Mersin Toroslar Belediyesi ve Mersin Valili\u011fi taraf\u0131ndan tertip edilen iki ayr\u0131 y\u00fcr\u00fcy\u00fc\u015f grubunun \u015fehrin iki ayr\u0131 noktas\u0131ndan bayrak ve flamalar ta\u015f\u0131yarak ve \u00e7e\u015fitli g\u00f6steri topluluklar\u0131 ile y\u00fcr\u00fcy\u00fc\u015fe ge\u00e7mesi ile devam etti.\u00a0\u00a0\u00a0Bu sene Toroslar Belediyesi taraf\u0131ndan 8.cisi [&hellip;]<\/p>\n","protected":false},"author":22,"featured_media":52878,"comment_status":"open","ping_status":"open","sticky":false,"template":"","format":"standard","meta":{"_yoast_wpseo_focuskw":"","_yoast_wpseo_title":"","_yoast_wpseo_metadesc":"","_bbp_topic_count":0,"_bbp_reply_count":0,"_bbp_total_topic_count":0,"_bbp_total_reply_count":0,"_bbp_voice_count":0,"_bbp_anonymous_reply_count":0,"_bbp_topic_count_hidden":0,"_bbp_reply_count_hidden":0,"_bbp_forum_subforum_count":0,"footnotes":"","_yoast_wpseo_focuskw_text_input":""},"categories":[60],"tags":[],"yoast_head":"<!-- This site is optimized with the Yoast SEO plugin v23.0 - https:\/\/yoast.com\/wordpress\/plugins\/seo\/ -->\n<title>3 Ocak Mersin\u2019in Kurtulu\u015f G\u00fcn\u00fc \u00e7o\u015fkuyla kutland\u0131 - The Epoch Times TR<\/title>\n<meta name=\"robots\" content=\"index, follow, max-snippet:-1, max-image-preview:large, max-video-preview:-1\" \/>\n<link rel=\"canonical\" href=\"https:\/\/epochtimestr.com\/index.php\/3-ocak-mersinin-kurtulus-gunu-coskuyla-kutlandi\" \/>\n<meta property=\"og:locale\" content=\"tr_TR\" \/>\n<meta property=\"og:type\" content=\"article\" \/>\n<meta property=\"og:title\" content=\"3 Ocak Mersin\u2019in Kurtulu\u015f G\u00fcn\u00fc \u00e7o\u015fkuyla kutland\u0131 - The Epoch Times TR\" \/>\n<meta property=\"og:description\" content=\"3 Ocak Mersin&#8217;in Kurtulu\u015fu 3 Ocak Mersin\u2019in Kurtulu\u015fu \u00a0Cumhuriyet Meydan\u0131&#8217;nda bulunan Atat\u00fcrk heykeli \u00f6n\u00fcne \u00e7elenk konulmas\u0131 ile ba\u015flayan t\u00f6ren, \u00a0Mersin Toroslar Belediyesi ve Mersin Valili\u011fi taraf\u0131ndan tertip edilen iki ayr\u0131 y\u00fcr\u00fcy\u00fc\u015f grubunun \u015fehrin iki ayr\u0131 noktas\u0131ndan bayrak ve flamalar ta\u015f\u0131yarak ve \u00e7e\u015fitli g\u00f6steri topluluklar\u0131 ile y\u00fcr\u00fcy\u00fc\u015fe ge\u00e7mesi ile devam etti.\u00a0\u00a0\u00a0Bu sene Toroslar Belediyesi taraf\u0131ndan 8.cisi [&hellip;]\" \/>\n<meta property=\"og:url\" content=\"https:\/\/epochtimestr.com\/index.php\/3-ocak-mersinin-kurtulus-gunu-coskuyla-kutlandi\" \/>\n<meta property=\"og:site_name\" content=\"The Epoch Times TR\" \/>\n<meta property=\"article:publisher\" content=\"https:\/\/www.facebook.com\/theepochtimestr\" \/>\n<meta property=\"article:published_time\" content=\"2012-01-03T22:18:10+00:00\" \/>\n<meta property=\"article:modified_time\" content=\"2012-01-04T19:46:19+00:00\" \/>\n<meta property=\"og:image\" content=\"https:\/\/epochtimestr.com\/wp-content\/uploads\/2011y\/IMG_0828.jpg\" \/>\n\t<meta property=\"og:image:width\" content=\"400\" \/>\n\t<meta property=\"og:image:height\" content=\"267\" \/>\n\t<meta property=\"og:image:type\" content=\"image\/jpeg\" \/>\n<meta name=\"author\" content=\"G.Hakan Ko\u00e7man\" \/>\n<meta name=\"twitter:card\" content=\"summary_large_image\" \/>\n<meta name=\"twitter:creator\" content=\"@TheEpochTimesTR\" \/>\n<meta name=\"twitter:site\" content=\"@TheEpochTimesTR\" \/>\n<meta name=\"twitter:label1\" content=\"Yazan:\" \/>\n\t<meta name=\"twitter:data1\" content=\"G.Hakan Ko\u00e7man\" \/>\n\t<meta name=\"twitter:label2\" content=\"Tahmini okuma s\u00fcresi\" \/>\n\t<meta name=\"twitter:data2\" content=\"2 dakika\" \/>\n<script type=\"application\/ld+json\" class=\"yoast-schema-graph\">{\"@context\":\"https:\/\/schema.org\",\"@graph\":[{\"@type\":\"Article\",\"@id\":\"https:\/\/epochtimestr.com\/index.php\/3-ocak-mersinin-kurtulus-gunu-coskuyla-kutlandi#article\",\"isPartOf\":{\"@id\":\"https:\/\/epochtimestr.com\/index.php\/3-ocak-mersinin-kurtulus-gunu-coskuyla-kutlandi\"},\"author\":{\"name\":\"G.Hakan Ko\u00e7man\",\"@id\":\"https:\/\/epochtimestr.com\/#\/schema\/person\/b5509977c9a6cd729a3e74d9743d035b\"},\"headline\":\"3 Ocak Mersin\u2019in Kurtulu\u015f G\u00fcn\u00fc \u00e7o\u015fkuyla kutland\u0131\",\"datePublished\":\"2012-01-03T22:18:10+00:00\",\"dateModified\":\"2012-01-04T19:46:19+00:00\",\"mainEntityOfPage\":{\"@id\":\"https:\/\/epochtimestr.com\/index.php\/3-ocak-mersinin-kurtulus-gunu-coskuyla-kutlandi\"},\"wordCount\":312,\"commentCount\":0,\"publisher\":{\"@id\":\"https:\/\/epochtimestr.com\/#organization\"},\"image\":{\"@id\":\"https:\/\/epochtimestr.com\/index.php\/3-ocak-mersinin-kurtulus-gunu-coskuyla-kutlandi#primaryimage\"},\"thumbnailUrl\":\"https:\/\/epochtimestr.com\/wp-content\/uploads\/2011y\/IMG_0828.jpg\",\"articleSection\":[\"Taslak'da b\u0131rak\"],\"inLanguage\":\"tr\",\"potentialAction\":[{\"@type\":\"CommentAction\",\"name\":\"Comment\",\"target\":[\"https:\/\/epochtimestr.com\/index.php\/3-ocak-mersinin-kurtulus-gunu-coskuyla-kutlandi#respond\"]}]},{\"@type\":\"WebPage\",\"@id\":\"https:\/\/epochtimestr.com\/index.php\/3-ocak-mersinin-kurtulus-gunu-coskuyla-kutlandi\",\"url\":\"https:\/\/epochtimestr.com\/index.php\/3-ocak-mersinin-kurtulus-gunu-coskuyla-kutlandi\",\"name\":\"3 Ocak Mersin\u2019in Kurtulu\u015f G\u00fcn\u00fc \u00e7o\u015fkuyla kutland\u0131 - The Epoch Times TR\",\"isPartOf\":{\"@id\":\"https:\/\/epochtimestr.com\/#website\"},\"primaryImageOfPage\":{\"@id\":\"https:\/\/epochtimestr.com\/index.php\/3-ocak-mersinin-kurtulus-gunu-coskuyla-kutlandi#primaryimage\"},\"image\":{\"@id\":\"https:\/\/epochtimestr.com\/index.php\/3-ocak-mersinin-kurtulus-gunu-coskuyla-kutlandi#primaryimage\"},\"thumbnailUrl\":\"https:\/\/epochtimestr.com\/wp-content\/uploads\/2011y\/IMG_0828.jpg\",\"datePublished\":\"2012-01-03T22:18:10+00:00\",\"dateModified\":\"2012-01-04T19:46:19+00:00\",\"inLanguage\":\"tr\",\"potentialAction\":[{\"@type\":\"ReadAction\",\"target\":[\"https:\/\/epochtimestr.com\/index.php\/3-ocak-mersinin-kurtulus-gunu-coskuyla-kutlandi\"]}]},{\"@type\":\"ImageObject\",\"inLanguage\":\"tr\",\"@id\":\"https:\/\/epochtimestr.com\/index.php\/3-ocak-mersinin-kurtulus-gunu-coskuyla-kutlandi#primaryimage\",\"url\":\"https:\/\/epochtimestr.com\/wp-content\/uploads\/2011y\/IMG_0828.jpg\",\"contentUrl\":\"https:\/\/epochtimestr.com\/wp-content\/uploads\/2011y\/IMG_0828.jpg\",\"width\":400,\"height\":267,\"caption\":\"3 Ocak Zafer Y\u00fcr\u00fcy\u00fc\u015f\u00fc\"},{\"@type\":\"WebSite\",\"@id\":\"https:\/\/epochtimestr.com\/#website\",\"url\":\"https:\/\/epochtimestr.com\/\",\"name\":\"The Epoch Times TR\",\"description\":\"De\u011fi\u015fen D\u00fcnyam\u0131za Taze Bir Bak\u0131\u015f\",\"publisher\":{\"@id\":\"https:\/\/epochtimestr.com\/#organization\"},\"potentialAction\":[{\"@type\":\"SearchAction\",\"target\":{\"@type\":\"EntryPoint\",\"urlTemplate\":\"https:\/\/epochtimestr.com\/?s={search_term_string}\"},\"query-input\":\"required name=search_term_string\"}],\"inLanguage\":\"tr\"},{\"@type\":\"Organization\",\"@id\":\"https:\/\/epochtimestr.com\/#organization\",\"name\":\"The EpochTimes T\u00fcrkiye\",\"url\":\"https:\/\/epochtimestr.com\/\",\"logo\":{\"@type\":\"ImageObject\",\"inLanguage\":\"tr\",\"@id\":\"https:\/\/epochtimestr.com\/#\/schema\/logo\/image\/\",\"url\":\"https:\/\/epochtimestr.com\/wp-content\/uploads\/2011y\/ET-Logo-YG.jpg\",\"contentUrl\":\"https:\/\/epochtimestr.com\/wp-content\/uploads\/2011y\/ET-Logo-YG.jpg\",\"width\":346,\"height\":29,\"caption\":\"The EpochTimes T\u00fcrkiye\"},\"image\":{\"@id\":\"https:\/\/epochtimestr.com\/#\/schema\/logo\/image\/\"},\"sameAs\":[\"https:\/\/www.facebook.com\/theepochtimestr\",\"https:\/\/x.com\/TheEpochTimesTR\",\"https:\/\/www.instagram.com\/epochtimestr\"]},{\"@type\":\"Person\",\"@id\":\"https:\/\/epochtimestr.com\/#\/schema\/person\/b5509977c9a6cd729a3e74d9743d035b\",\"name\":\"G.Hakan Ko\u00e7man\",\"image\":{\"@type\":\"ImageObject\",\"inLanguage\":\"tr\",\"@id\":\"https:\/\/epochtimestr.com\/#\/schema\/person\/image\/\",\"url\":\"https:\/\/secure.gravatar.com\/avatar\/e4eafee1ab5d1f4015c3930376b22ca8?s=96&d=mm&r=g\",\"contentUrl\":\"https:\/\/secure.gravatar.com\/avatar\/e4eafee1ab5d1f4015c3930376b22ca8?s=96&d=mm&r=g\",\"caption\":\"G.Hakan Ko\u00e7man\"},\"url\":\"https:\/\/epochtimestr.com\/index.php\/author\/hakan\"}]}<\/script>\n<!-- \/ Yoast SEO plugin. -->","yoast_head_json":{"title":"3 Ocak Mersin\u2019in Kurtulu\u015f G\u00fcn\u00fc \u00e7o\u015fkuyla kutland\u0131 - The Epoch Times TR","robots":{"index":"index","follow":"follow","max-snippet":"max-snippet:-1","max-image-preview":"max-image-preview:large","max-video-preview":"max-video-preview:-1"},"canonical":"https:\/\/epochtimestr.com\/index.php\/3-ocak-mersinin-kurtulus-gunu-coskuyla-kutlandi","og_locale":"tr_TR","og_type":"article","og_title":"3 Ocak Mersin\u2019in Kurtulu\u015f G\u00fcn\u00fc \u00e7o\u015fkuyla kutland\u0131 - The Epoch Times TR","og_description":"3 Ocak Mersin&#8217;in Kurtulu\u015fu 3 Ocak Mersin\u2019in Kurtulu\u015fu \u00a0Cumhuriyet Meydan\u0131&#8217;nda bulunan Atat\u00fcrk heykeli \u00f6n\u00fcne \u00e7elenk konulmas\u0131 ile ba\u015flayan t\u00f6ren, \u00a0Mersin Toroslar Belediyesi ve Mersin Valili\u011fi taraf\u0131ndan tertip edilen iki ayr\u0131 y\u00fcr\u00fcy\u00fc\u015f grubunun \u015fehrin iki ayr\u0131 noktas\u0131ndan bayrak ve flamalar ta\u015f\u0131yarak ve \u00e7e\u015fitli g\u00f6steri topluluklar\u0131 ile y\u00fcr\u00fcy\u00fc\u015fe ge\u00e7mesi ile devam etti.\u00a0\u00a0\u00a0Bu sene Toroslar Belediyesi taraf\u0131ndan 8.cisi [&hellip;]","og_url":"https:\/\/epochtimestr.com\/index.php\/3-ocak-mersinin-kurtulus-gunu-coskuyla-kutlandi","og_site_name":"The Epoch Times TR","article_publisher":"https:\/\/www.facebook.com\/theepochtimestr","article_published_time":"2012-01-03T22:18:10+00:00","article_modified_time":"2012-01-04T19:46:19+00:00","og_image":[{"width":400,"height":267,"url":"https:\/\/epochtimestr.com\/wp-content\/uploads\/2011y\/IMG_0828.jpg","type":"image\/jpeg"}],"author":"G.Hakan Ko\u00e7man","twitter_card":"summary_large_image","twitter_creator":"@TheEpochTimesTR","twitter_site":"@TheEpochTimesTR","twitter_misc":{"Yazan:":"G.Hakan Ko\u00e7man","Tahmini okuma s\u00fcresi":"2 dakika"},"schema":{"@context":"https:\/\/schema.org","@graph":[{"@type":"Article","@id":"https:\/\/epochtimestr.com\/index.php\/3-ocak-mersinin-kurtulus-gunu-coskuyla-kutlandi#article","isPartOf":{"@id":"https:\/\/epochtimestr.com\/index.php\/3-ocak-mersinin-kurtulus-gunu-coskuyla-kutlandi"},"author":{"name":"G.Hakan Ko\u00e7man","@id":"https:\/\/epochtimestr.com\/#\/schema\/person\/b5509977c9a6cd729a3e74d9743d035b"},"headline":"3 Ocak Mersin\u2019in Kurtulu\u015f G\u00fcn\u00fc \u00e7o\u015fkuyla kutland\u0131","datePublished":"2012-01-03T22:18:10+00:00","dateModified":"2012-01-04T19:46:19+00:00","mainEntityOfPage":{"@id":"https:\/\/epochtimestr.com\/index.php\/3-ocak-mersinin-kurtulus-gunu-coskuyla-kutlandi"},"wordCount":312,"commentCount":0,"publisher":{"@id":"https:\/\/epochtimestr.com\/#organization"},"image":{"@id":"https:\/\/epochtimestr.com\/index.php\/3-ocak-mersinin-kurtulus-gunu-coskuyla-kutlandi#primaryimage"},"thumbnailUrl":"https:\/\/epochtimestr.com\/wp-content\/uploads\/2011y\/IMG_0828.jpg","articleSection":["Taslak'da b\u0131rak"],"inLanguage":"tr","potentialAction":[{"@type":"CommentAction","name":"Comment","target":["https:\/\/epochtimestr.com\/index.php\/3-ocak-mersinin-kurtulus-gunu-coskuyla-kutlandi#respond"]}]},{"@type":"WebPage","@id":"https:\/\/epochtimestr.com\/index.php\/3-ocak-mersinin-kurtulus-gunu-coskuyla-kutlandi","url":"https:\/\/epochtimestr.com\/index.php\/3-ocak-mersinin-kurtulus-gunu-coskuyla-kutlandi","name":"3 Ocak Mersin\u2019in Kurtulu\u015f G\u00fcn\u00fc \u00e7o\u015fkuyla kutland\u0131 - The Epoch Times TR","isPartOf":{"@id":"https:\/\/epochtimestr.com\/#website"},"primaryImageOfPage":{"@id":"https:\/\/epochtimestr.com\/index.php\/3-ocak-mersinin-kurtulus-gunu-coskuyla-kutlandi#primaryimage"},"image":{"@id":"https:\/\/epochtimestr.com\/index.php\/3-ocak-mersinin-kurtulus-gunu-coskuyla-kutlandi#primaryimage"},"thumbnailUrl":"https:\/\/epochtimestr.com\/wp-content\/uploads\/2011y\/IMG_0828.jpg","datePublished":"2012-01-03T22:18:10+00:00","dateModified":"2012-01-04T19:46:19+00:00","inLanguage":"tr","potentialAction":[{"@type":"ReadAction","target":["https:\/\/epochtimestr.com\/index.php\/3-ocak-mersinin-kurtulus-gunu-coskuyla-kutlandi"]}]},{"@type":"ImageObject","inLanguage":"tr","@id":"https:\/\/epochtimestr.com\/index.php\/3-ocak-mersinin-kurtulus-gunu-coskuyla-kutlandi#primaryimage","url":"https:\/\/epochtimestr.com\/wp-content\/uploads\/2011y\/IMG_0828.jpg","contentUrl":"https:\/\/epochtimestr.com\/wp-content\/uploads\/2011y\/IMG_0828.jpg","width":400,"height":267,"caption":"3 Ocak Zafer Y\u00fcr\u00fcy\u00fc\u015f\u00fc"},{"@type":"WebSite","@id":"https:\/\/epochtimestr.com\/#website","url":"https:\/\/epochtimestr.com\/","name":"The Epoch Times TR","description":"De\u011fi\u015fen D\u00fcnyam\u0131za Taze Bir Bak\u0131\u015f","publisher":{"@id":"https:\/\/epochtimestr.com\/#organization"},"potentialAction":[{"@type":"SearchAction","target":{"@type":"EntryPoint","urlTemplate":"https:\/\/epochtimestr.com\/?s={search_term_string}"},"query-input":"required name=search_term_string"}],"inLanguage":"tr"},{"@type":"Organization","@id":"https:\/\/epochtimestr.com\/#organization","name":"The EpochTimes T\u00fcrkiye","url":"https:\/\/epochtimestr.com\/","logo":{"@type":"ImageObject","inLanguage":"tr","@id":"https:\/\/epochtimestr.com\/#\/schema\/logo\/image\/","url":"https:\/\/epochtimestr.com\/wp-content\/uploads\/2011y\/ET-Logo-YG.jpg","contentUrl":"https:\/\/epochtimestr.com\/wp-content\/uploads\/2011y\/ET-Logo-YG.jpg","width":346,"height":29,"caption":"The EpochTimes T\u00fcrkiye"},"image":{"@id":"https:\/\/epochtimestr.com\/#\/schema\/logo\/image\/"},"sameAs":["https:\/\/www.facebook.com\/theepochtimestr","https:\/\/x.com\/TheEpochTimesTR","https:\/\/www.instagram.com\/epochtimestr"]},{"@type":"Person","@id":"https:\/\/epochtimestr.com\/#\/schema\/person\/b5509977c9a6cd729a3e74d9743d035b","name":"G.Hakan Ko\u00e7man","image":{"@type":"ImageObject","inLanguage":"tr","@id":"https:\/\/epochtimestr.com\/#\/schema\/person\/image\/","url":"https:\/\/secure.gravatar.com\/avatar\/e4eafee1ab5d1f4015c3930376b22ca8?s=96&d=mm&r=g","contentUrl":"https:\/\/secure.gravatar.com\/avatar\/e4eafee1ab5d1f4015c3930376b22ca8?s=96&d=mm&r=g","caption":"G.Hakan Ko\u00e7man"},"url":"https:\/\/epochtimestr.com\/index.php\/author\/hakan"}]}},"_links":{"self":[{"href":"https:\/\/epochtimestr.com\/index.php\/wp-json\/wp\/v2\/posts\/52877"}],"collection":[{"href":"https:\/\/epochtimestr.com\/index.php\/wp-json\/wp\/v2\/posts"}],"about":[{"href":"https:\/\/epochtimestr.com\/index.php\/wp-json\/wp\/v2\/types\/post"}],"author":[{"embeddable":true,"href":"https:\/\/epochtimestr.com\/index.php\/wp-json\/wp\/v2\/users\/22"}],"replies":[{"embeddable":true,"href":"https:\/\/epochtimestr.com\/index.php\/wp-json\/wp\/v2\/comments?post=52877"}],"version-history":[{"count":11,"href":"https:\/\/epochtimestr.com\/index.php\/wp-json\/wp\/v2\/posts\/52877\/revisions"}],"predecessor-version":[{"id":52881,"href":"https:\/\/epochtimestr.com\/index.php\/wp-json\/wp\/v2\/posts\/52877\/revisions\/52881"}],"wp:featuredmedia":[{"embeddable":true,"href":"https:\/\/epochtimestr.com\/index.php\/wp-json\/wp\/v2\/media\/52878"}],"wp:attachment":[{"href":"https:\/\/epochtimestr.com\/index.php\/wp-json\/wp\/v2\/media?parent=52877"}],"wp:term":[{"taxonomy":"category","embeddable":true,"href":"https:\/\/epochtimestr.com\/index.php\/wp-json\/wp\/v2\/categories?post=52877"},{"taxonomy":"post_tag","embeddable":true,"href":"https:\/\/epochtimestr.com\/index.php\/wp-json\/wp\/v2\/tags?post=52877"}],"curies":[{"name":"wp","href":"https:\/\/api.w.org\/{rel}","templated":true}]}}