{"id":53117,"date":"2012-01-07T22:44:31","date_gmt":"2012-01-07T19:44:31","guid":{"rendered":"http:\/\/epochtimestr.com\/?p=53117"},"modified":"2012-01-11T01:35:07","modified_gmt":"2012-01-10T22:35:07","slug":"azer-bulbul-oldu","status":"publish","type":"post","link":"https:\/\/epochtimestr.com\/index.php\/azer-bulbul-oldu","title":{"rendered":"Azer B\u00fclb\u00fcl Hayat\u0131n\u0131 Kaybetti"},"content":{"rendered":"<h1 style=\"text-align: justify;\"><span style=\"font-size: large;\">Azer B\u00fclb\u00fcl Otel Odas\u0131nda \u00d6l\u00fc Bulundu<\/span><\/h1>\n<figure id=\"attachment_53155\" aria-describedby=\"caption-attachment-53155\" style=\"width: 259px\" class=\"wp-caption alignleft\"><a class=\"highslide\" onclick=\"return vz.expand(this)\" href=\"https:\/\/epochtimestr.com\/index.php\/azer-bulbul-oldu\/azer-bulbul\/\" rel=\"attachment wp-att-53155\"><img loading=\"lazy\" decoding=\"async\" class=\"size-full wp-image-53155\" title=\"Azer B\u00fclb\u00fcl\" src=\"https:\/\/epochtimestr.com\/wp-content\/uploads\/2011y\/Azer-B\u00fclb\u00fcl.jpg\" alt=\"\" width=\"259\" height=\"194\" srcset=\"https:\/\/epochtimestr.com\/wp-content\/uploads\/2011y\/Azer-B\u00fclb\u00fcl.jpg 259w, https:\/\/epochtimestr.com\/wp-content\/uploads\/2011y\/Azer-B\u00fclb\u00fcl-150x113.jpg 150w\" sizes=\"(max-width: 259px) 100vw, 259px\" \/><\/a><figcaption id=\"caption-attachment-53155\" class=\"wp-caption-text\">Azer B\u00fclb\u00fcl hayat\u0131n\u0131 kaybetti<\/figcaption><\/figure>\n<p style=\"text-align: justify;\">Sahnelerin titrek \u015fark\u0131c\u0131s\u0131<em> Azer B\u00fclb\u00fcl k<\/em>ald\u0131\u011f\u0131 otel odas\u0131nda \u00f6l\u00fc bulundu. \u00d6l\u00fcm haberi sanat d\u00fcnyas\u0131nda\u00a0 \u015fok etkisi yaratt\u0131.<\/p>\n<p style=\"text-align: justify;\">\u00dcnl\u00fc \u015fark\u0131c\u0131, sahnelerin titrek sesi <em>Azer B\u00fclb\u00fcl<\/em> <a title=\"48. Antalya Alt\u0131n Portakal Film Festivali \u00d6d\u00fclleri Belli Oldu\" href=\"https:\/\/epochtimestr.com\/index.php\/48-antalya-altinportakal-film-festivali-odulleri-belli-oldu\/\" target=\"_blank\">Antalya&#8217;da<\/a> kald\u0131\u011f\u0131 otel odas\u0131nda \u00f6l\u00fc bulundu.<\/p>\n<p style=\"text-align: justify;\"><em>Azer B\u00fclb\u00fcl<\/em>&#8216;\u00fcn cans\u0131z bedenine ilk ula\u015fan ise menajeri oldu. <em>Azer B\u00fclb\u00fcl<\/em>&#8216;\u00fcn menajeri S\u0131dd\u0131k B\u00f6l\u00fckba\u015f\u0131 sanat\u00e7\u0131y\u0131 telefonla uyand\u0131ramay\u0131nca hastaneyi (oteli) \u00a0arayarak uyand\u0131rmalar\u0131n\u0131 istedi.<\/p>\n<p style=\"text-align: justify;\">Hastane (Otel)\u00a0g\u00f6revlileri sanat\u00e7\u0131y\u0131 uyand\u0131ramay\u0131nca odaya girdiler ve hareketsiz bedeni ile kar\u015f\u0131la\u015ft\u0131lar.<\/p>\n<p style=\"text-align: justify;\">Antalya <a title=\"Ni\u011fde Emniyet M\u00fcd\u00fcr\u00fc Yusuf Albayrak G\u00f6zalt\u0131na Al\u0131nd\u0131\" href=\"https:\/\/epochtimestr.com\/index.php\/nigde-emniyet-muduru-yusuf-albayrak-gozaltina-alindi\/\" target=\"_blank\">Emniyeti Asayi\u015f<\/a> \u015eube M\u00fcd\u00fcrl\u00fc\u011f\u00fc Cinayet B\u00fcro Amirli\u011fi ekipleri, sanat\u00e7\u0131n\u0131n cesedinin bulundu\u011fu odada inceleme yapt\u0131. Olay Yeri \u0130nceleme ve <a title=\"Ter\u00f6ristlerin Kimlikleri Belirlendi\" href=\"https:\/\/epochtimestr.com\/index.php\/teroristlerin-kimlikleri-belirlendi\/\" target=\"_blank\">Kimlik Tespit<\/a> \u015eube M\u00fcd\u00fcrl\u00fc\u011f\u00fc ekiplerinin ceset \u00fczerindeki incelemeleri ise s\u00fcr\u00fcyor.<\/p>\n<p style=\"text-align: justify;\"><em>Azer B\u00fclb\u00fcl&#8217;<\/em>\u00fcn \u00f6l\u00fcm\u00fc ile yak\u0131nlar\u0131 g\u00f6zya\u015flar\u0131na bo\u011fulurken, sevenleri hastaneye ak\u0131n etti. <em>Azer B\u00fclb\u00fcl&#8217;<\/em>\u00fcn h\u0131zl\u0131 \u00f6l\u00fcm\u00fc \u015fok etkisi yaratt\u0131.<\/p>\n<p style=\"text-align: justify;\">AZER B\u00dcLB\u00dcL K\u0130MD\u0130R?<br \/>\n1969&#8217;da Kars Akyaka&#8217;da (Arpa\u00e7ay) d\u00fcnyaya geldi<em> Azer B\u00fclb\u00fcl. <\/em>Ger\u00e7ek ad\u0131 S\u00fcbutay Kesgin&#8217;dir. <em>Azer B\u00fclb\u00fc<\/em>l &#8216;Zorday\u0131m&#8217; par\u00e7as\u0131 ile tan\u0131nm\u0131\u015f ve daha sonra tam 22 kaset \u00e7\u0131karm\u0131\u015ft\u0131. <em>Azer B\u00fclb\u00fcl<\/em>\u00a0 &#8216;Zorday\u0131m ey aney aney&#8217; s\u00f6zleri ve mikrofonla b\u00fct\u00fcnle\u015ferek \u015fark\u0131lar\u0131 hissederek s\u00f6yleyi\u015fi ile de &#8216;titrek sanat\u00e7\u0131&#8217; lakab\u0131 ile g\u00fcndeme\u00a0 gelmi\u015fti.<\/p>\n","protected":false},"excerpt":{"rendered":"<p>Azer B\u00fclb\u00fcl Otel Odas\u0131nda \u00d6l\u00fc Bulundu Sahnelerin titrek \u015fark\u0131c\u0131s\u0131 Azer B\u00fclb\u00fcl kald\u0131\u011f\u0131 otel odas\u0131nda \u00f6l\u00fc bulundu. \u00d6l\u00fcm haberi sanat d\u00fcnyas\u0131nda\u00a0 \u015fok etkisi yaratt\u0131. \u00dcnl\u00fc \u015fark\u0131c\u0131, sahnelerin titrek sesi Azer B\u00fclb\u00fcl Antalya&#8217;da kald\u0131\u011f\u0131 otel odas\u0131nda \u00f6l\u00fc bulundu. Azer B\u00fclb\u00fcl&#8216;\u00fcn cans\u0131z bedenine ilk ula\u015fan ise menajeri oldu. Azer B\u00fclb\u00fcl&#8216;\u00fcn menajeri S\u0131dd\u0131k B\u00f6l\u00fckba\u015f\u0131 sanat\u00e7\u0131y\u0131 telefonla uyand\u0131ramay\u0131nca hastaneyi (oteli) [&hellip;]<\/p>\n","protected":false},"author":17,"featured_media":53155,"comment_status":"open","ping_status":"open","sticky":false,"template":"","format":"standard","meta":{"_yoast_wpseo_focuskw":"","_yoast_wpseo_title":"","_yoast_wpseo_metadesc":"","_bbp_topic_count":0,"_bbp_reply_count":0,"_bbp_total_topic_count":0,"_bbp_total_reply_count":0,"_bbp_voice_count":0,"_bbp_anonymous_reply_count":0,"_bbp_topic_count_hidden":0,"_bbp_reply_count_hidden":0,"_bbp_forum_subforum_count":0,"footnotes":"","_yoast_wpseo_focuskw_text_input":""},"categories":[519,16,37,2881],"tags":[],"yoast_head":"<!-- This site is optimized with the Yoast SEO plugin v23.0 - https:\/\/yoast.com\/wordpress\/plugins\/seo\/ -->\n<title>Azer B\u00fclb\u00fcl Hayat\u0131n\u0131 Kaybetti - The Epoch Times TR<\/title>\n<meta name=\"robots\" content=\"index, follow, max-snippet:-1, max-image-preview:large, max-video-preview:-1\" \/>\n<link rel=\"canonical\" href=\"https:\/\/epochtimestr.com\/index.php\/azer-bulbul-oldu\" \/>\n<meta property=\"og:locale\" content=\"tr_TR\" \/>\n<meta property=\"og:type\" content=\"article\" \/>\n<meta property=\"og:title\" content=\"Azer B\u00fclb\u00fcl Hayat\u0131n\u0131 Kaybetti - The Epoch Times TR\" \/>\n<meta property=\"og:description\" content=\"Azer B\u00fclb\u00fcl Otel Odas\u0131nda \u00d6l\u00fc Bulundu Sahnelerin titrek \u015fark\u0131c\u0131s\u0131 Azer B\u00fclb\u00fcl kald\u0131\u011f\u0131 otel odas\u0131nda \u00f6l\u00fc bulundu. \u00d6l\u00fcm haberi sanat d\u00fcnyas\u0131nda\u00a0 \u015fok etkisi yaratt\u0131. \u00dcnl\u00fc \u015fark\u0131c\u0131, sahnelerin titrek sesi Azer B\u00fclb\u00fcl Antalya&#8217;da kald\u0131\u011f\u0131 otel odas\u0131nda \u00f6l\u00fc bulundu. Azer B\u00fclb\u00fcl&#8216;\u00fcn cans\u0131z bedenine ilk ula\u015fan ise menajeri oldu. Azer B\u00fclb\u00fcl&#8216;\u00fcn menajeri S\u0131dd\u0131k B\u00f6l\u00fckba\u015f\u0131 sanat\u00e7\u0131y\u0131 telefonla uyand\u0131ramay\u0131nca hastaneyi (oteli) [&hellip;]\" \/>\n<meta property=\"og:url\" content=\"https:\/\/epochtimestr.com\/index.php\/azer-bulbul-oldu\" \/>\n<meta property=\"og:site_name\" content=\"The Epoch Times TR\" \/>\n<meta property=\"article:publisher\" content=\"https:\/\/www.facebook.com\/theepochtimestr\" \/>\n<meta property=\"article:published_time\" content=\"2012-01-07T19:44:31+00:00\" \/>\n<meta property=\"article:modified_time\" content=\"2012-01-10T22:35:07+00:00\" \/>\n<meta property=\"og:image\" content=\"https:\/\/epochtimestr.com\/wp-content\/uploads\/2011y\/Azer-B\u00fclb\u00fcl.jpg\" \/>\n\t<meta property=\"og:image:width\" content=\"259\" \/>\n\t<meta property=\"og:image:height\" content=\"194\" \/>\n\t<meta property=\"og:image:type\" content=\"image\/jpeg\" \/>\n<meta name=\"author\" content=\"Ayfer K\u00f6kl\u00fc\" \/>\n<meta name=\"twitter:card\" content=\"summary_large_image\" \/>\n<meta name=\"twitter:creator\" content=\"@TheEpochTimesTR\" \/>\n<meta name=\"twitter:site\" content=\"@TheEpochTimesTR\" \/>\n<meta name=\"twitter:label1\" content=\"Yazan:\" \/>\n\t<meta name=\"twitter:data1\" content=\"Ayfer K\u00f6kl\u00fc\" \/>\n\t<meta name=\"twitter:label2\" content=\"Tahmini okuma s\u00fcresi\" \/>\n\t<meta name=\"twitter:data2\" content=\"1 dakika\" \/>\n<script type=\"application\/ld+json\" class=\"yoast-schema-graph\">{\"@context\":\"https:\/\/schema.org\",\"@graph\":[{\"@type\":\"Article\",\"@id\":\"https:\/\/epochtimestr.com\/index.php\/azer-bulbul-oldu#article\",\"isPartOf\":{\"@id\":\"https:\/\/epochtimestr.com\/index.php\/azer-bulbul-oldu\"},\"author\":{\"name\":\"Ayfer K\u00f6kl\u00fc\",\"@id\":\"https:\/\/epochtimestr.com\/#\/schema\/person\/ffa52705c7f2ebb29186a6047116710c\"},\"headline\":\"Azer B\u00fclb\u00fcl Hayat\u0131n\u0131 Kaybetti\",\"datePublished\":\"2012-01-07T19:44:31+00:00\",\"dateModified\":\"2012-01-10T22:35:07+00:00\",\"mainEntityOfPage\":{\"@id\":\"https:\/\/epochtimestr.com\/index.php\/azer-bulbul-oldu\"},\"wordCount\":281,\"commentCount\":0,\"publisher\":{\"@id\":\"https:\/\/epochtimestr.com\/#organization\"},\"image\":{\"@id\":\"https:\/\/epochtimestr.com\/index.php\/azer-bulbul-oldu#primaryimage\"},\"thumbnailUrl\":\"https:\/\/epochtimestr.com\/wp-content\/uploads\/2011y\/Azer-B\u00fclb\u00fcl.jpg\",\"articleSection\":[\"ED\u0130T\u00d6R\u00dcN SE\u00c7\u0130M\u0130\",\"SANAT ve K\u00dcLT\u00dcR\",\"T\u00dcRK\u0130YE\",\"\u00dcnl\u00fcler\"],\"inLanguage\":\"tr\",\"potentialAction\":[{\"@type\":\"CommentAction\",\"name\":\"Comment\",\"target\":[\"https:\/\/epochtimestr.com\/index.php\/azer-bulbul-oldu#respond\"]}]},{\"@type\":\"WebPage\",\"@id\":\"https:\/\/epochtimestr.com\/index.php\/azer-bulbul-oldu\",\"url\":\"https:\/\/epochtimestr.com\/index.php\/azer-bulbul-oldu\",\"name\":\"Azer B\u00fclb\u00fcl Hayat\u0131n\u0131 Kaybetti - The Epoch Times TR\",\"isPartOf\":{\"@id\":\"https:\/\/epochtimestr.com\/#website\"},\"primaryImageOfPage\":{\"@id\":\"https:\/\/epochtimestr.com\/index.php\/azer-bulbul-oldu#primaryimage\"},\"image\":{\"@id\":\"https:\/\/epochtimestr.com\/index.php\/azer-bulbul-oldu#primaryimage\"},\"thumbnailUrl\":\"https:\/\/epochtimestr.com\/wp-content\/uploads\/2011y\/Azer-B\u00fclb\u00fcl.jpg\",\"datePublished\":\"2012-01-07T19:44:31+00:00\",\"dateModified\":\"2012-01-10T22:35:07+00:00\",\"inLanguage\":\"tr\",\"potentialAction\":[{\"@type\":\"ReadAction\",\"target\":[\"https:\/\/epochtimestr.com\/index.php\/azer-bulbul-oldu\"]}]},{\"@type\":\"ImageObject\",\"inLanguage\":\"tr\",\"@id\":\"https:\/\/epochtimestr.com\/index.php\/azer-bulbul-oldu#primaryimage\",\"url\":\"https:\/\/epochtimestr.com\/wp-content\/uploads\/2011y\/Azer-B\u00fclb\u00fcl.jpg\",\"contentUrl\":\"https:\/\/epochtimestr.com\/wp-content\/uploads\/2011y\/Azer-B\u00fclb\u00fcl.jpg\",\"width\":259,\"height\":194,\"caption\":\"Azer B\u00fclb\u00fcl hayat\u0131n\u0131 kaybetti\"},{\"@type\":\"WebSite\",\"@id\":\"https:\/\/epochtimestr.com\/#website\",\"url\":\"https:\/\/epochtimestr.com\/\",\"name\":\"The Epoch Times TR\",\"description\":\"De\u011fi\u015fen D\u00fcnyam\u0131za Taze Bir Bak\u0131\u015f\",\"publisher\":{\"@id\":\"https:\/\/epochtimestr.com\/#organization\"},\"potentialAction\":[{\"@type\":\"SearchAction\",\"target\":{\"@type\":\"EntryPoint\",\"urlTemplate\":\"https:\/\/epochtimestr.com\/?s={search_term_string}\"},\"query-input\":\"required name=search_term_string\"}],\"inLanguage\":\"tr\"},{\"@type\":\"Organization\",\"@id\":\"https:\/\/epochtimestr.com\/#organization\",\"name\":\"The EpochTimes T\u00fcrkiye\",\"url\":\"https:\/\/epochtimestr.com\/\",\"logo\":{\"@type\":\"ImageObject\",\"inLanguage\":\"tr\",\"@id\":\"https:\/\/epochtimestr.com\/#\/schema\/logo\/image\/\",\"url\":\"https:\/\/epochtimestr.com\/wp-content\/uploads\/2011y\/ET-Logo-YG.jpg\",\"contentUrl\":\"https:\/\/epochtimestr.com\/wp-content\/uploads\/2011y\/ET-Logo-YG.jpg\",\"width\":346,\"height\":29,\"caption\":\"The EpochTimes T\u00fcrkiye\"},\"image\":{\"@id\":\"https:\/\/epochtimestr.com\/#\/schema\/logo\/image\/\"},\"sameAs\":[\"https:\/\/www.facebook.com\/theepochtimestr\",\"https:\/\/x.com\/TheEpochTimesTR\",\"https:\/\/www.instagram.com\/epochtimestr\"]},{\"@type\":\"Person\",\"@id\":\"https:\/\/epochtimestr.com\/#\/schema\/person\/ffa52705c7f2ebb29186a6047116710c\",\"name\":\"Ayfer K\u00f6kl\u00fc\",\"image\":{\"@type\":\"ImageObject\",\"inLanguage\":\"tr\",\"@id\":\"https:\/\/epochtimestr.com\/#\/schema\/person\/image\/\",\"url\":\"https:\/\/secure.gravatar.com\/avatar\/00319c438f6a036eae91a020411258f2?s=96&d=mm&r=g\",\"contentUrl\":\"https:\/\/secure.gravatar.com\/avatar\/00319c438f6a036eae91a020411258f2?s=96&d=mm&r=g\",\"caption\":\"Ayfer K\u00f6kl\u00fc\"},\"url\":\"https:\/\/epochtimestr.com\/index.php\/author\/ayfer\"}]}<\/script>\n<!-- \/ Yoast SEO plugin. -->","yoast_head_json":{"title":"Azer B\u00fclb\u00fcl Hayat\u0131n\u0131 Kaybetti - The Epoch Times TR","robots":{"index":"index","follow":"follow","max-snippet":"max-snippet:-1","max-image-preview":"max-image-preview:large","max-video-preview":"max-video-preview:-1"},"canonical":"https:\/\/epochtimestr.com\/index.php\/azer-bulbul-oldu","og_locale":"tr_TR","og_type":"article","og_title":"Azer B\u00fclb\u00fcl Hayat\u0131n\u0131 Kaybetti - The Epoch Times TR","og_description":"Azer B\u00fclb\u00fcl Otel Odas\u0131nda \u00d6l\u00fc Bulundu Sahnelerin titrek \u015fark\u0131c\u0131s\u0131 Azer B\u00fclb\u00fcl kald\u0131\u011f\u0131 otel odas\u0131nda \u00f6l\u00fc bulundu. \u00d6l\u00fcm haberi sanat d\u00fcnyas\u0131nda\u00a0 \u015fok etkisi yaratt\u0131. \u00dcnl\u00fc \u015fark\u0131c\u0131, sahnelerin titrek sesi Azer B\u00fclb\u00fcl Antalya&#8217;da kald\u0131\u011f\u0131 otel odas\u0131nda \u00f6l\u00fc bulundu. Azer B\u00fclb\u00fcl&#8216;\u00fcn cans\u0131z bedenine ilk ula\u015fan ise menajeri oldu. Azer B\u00fclb\u00fcl&#8216;\u00fcn menajeri S\u0131dd\u0131k B\u00f6l\u00fckba\u015f\u0131 sanat\u00e7\u0131y\u0131 telefonla uyand\u0131ramay\u0131nca hastaneyi (oteli) [&hellip;]","og_url":"https:\/\/epochtimestr.com\/index.php\/azer-bulbul-oldu","og_site_name":"The Epoch Times TR","article_publisher":"https:\/\/www.facebook.com\/theepochtimestr","article_published_time":"2012-01-07T19:44:31+00:00","article_modified_time":"2012-01-10T22:35:07+00:00","og_image":[{"width":259,"height":194,"url":"https:\/\/epochtimestr.com\/wp-content\/uploads\/2011y\/Azer-B\u00fclb\u00fcl.jpg","type":"image\/jpeg"}],"author":"Ayfer K\u00f6kl\u00fc","twitter_card":"summary_large_image","twitter_creator":"@TheEpochTimesTR","twitter_site":"@TheEpochTimesTR","twitter_misc":{"Yazan:":"Ayfer K\u00f6kl\u00fc","Tahmini okuma s\u00fcresi":"1 dakika"},"schema":{"@context":"https:\/\/schema.org","@graph":[{"@type":"Article","@id":"https:\/\/epochtimestr.com\/index.php\/azer-bulbul-oldu#article","isPartOf":{"@id":"https:\/\/epochtimestr.com\/index.php\/azer-bulbul-oldu"},"author":{"name":"Ayfer K\u00f6kl\u00fc","@id":"https:\/\/epochtimestr.com\/#\/schema\/person\/ffa52705c7f2ebb29186a6047116710c"},"headline":"Azer B\u00fclb\u00fcl Hayat\u0131n\u0131 Kaybetti","datePublished":"2012-01-07T19:44:31+00:00","dateModified":"2012-01-10T22:35:07+00:00","mainEntityOfPage":{"@id":"https:\/\/epochtimestr.com\/index.php\/azer-bulbul-oldu"},"wordCount":281,"commentCount":0,"publisher":{"@id":"https:\/\/epochtimestr.com\/#organization"},"image":{"@id":"https:\/\/epochtimestr.com\/index.php\/azer-bulbul-oldu#primaryimage"},"thumbnailUrl":"https:\/\/epochtimestr.com\/wp-content\/uploads\/2011y\/Azer-B\u00fclb\u00fcl.jpg","articleSection":["ED\u0130T\u00d6R\u00dcN SE\u00c7\u0130M\u0130","SANAT ve K\u00dcLT\u00dcR","T\u00dcRK\u0130YE","\u00dcnl\u00fcler"],"inLanguage":"tr","potentialAction":[{"@type":"CommentAction","name":"Comment","target":["https:\/\/epochtimestr.com\/index.php\/azer-bulbul-oldu#respond"]}]},{"@type":"WebPage","@id":"https:\/\/epochtimestr.com\/index.php\/azer-bulbul-oldu","url":"https:\/\/epochtimestr.com\/index.php\/azer-bulbul-oldu","name":"Azer B\u00fclb\u00fcl Hayat\u0131n\u0131 Kaybetti - The Epoch Times TR","isPartOf":{"@id":"https:\/\/epochtimestr.com\/#website"},"primaryImageOfPage":{"@id":"https:\/\/epochtimestr.com\/index.php\/azer-bulbul-oldu#primaryimage"},"image":{"@id":"https:\/\/epochtimestr.com\/index.php\/azer-bulbul-oldu#primaryimage"},"thumbnailUrl":"https:\/\/epochtimestr.com\/wp-content\/uploads\/2011y\/Azer-B\u00fclb\u00fcl.jpg","datePublished":"2012-01-07T19:44:31+00:00","dateModified":"2012-01-10T22:35:07+00:00","inLanguage":"tr","potentialAction":[{"@type":"ReadAction","target":["https:\/\/epochtimestr.com\/index.php\/azer-bulbul-oldu"]}]},{"@type":"ImageObject","inLanguage":"tr","@id":"https:\/\/epochtimestr.com\/index.php\/azer-bulbul-oldu#primaryimage","url":"https:\/\/epochtimestr.com\/wp-content\/uploads\/2011y\/Azer-B\u00fclb\u00fcl.jpg","contentUrl":"https:\/\/epochtimestr.com\/wp-content\/uploads\/2011y\/Azer-B\u00fclb\u00fcl.jpg","width":259,"height":194,"caption":"Azer B\u00fclb\u00fcl hayat\u0131n\u0131 kaybetti"},{"@type":"WebSite","@id":"https:\/\/epochtimestr.com\/#website","url":"https:\/\/epochtimestr.com\/","name":"The Epoch Times TR","description":"De\u011fi\u015fen D\u00fcnyam\u0131za Taze Bir Bak\u0131\u015f","publisher":{"@id":"https:\/\/epochtimestr.com\/#organization"},"potentialAction":[{"@type":"SearchAction","target":{"@type":"EntryPoint","urlTemplate":"https:\/\/epochtimestr.com\/?s={search_term_string}"},"query-input":"required name=search_term_string"}],"inLanguage":"tr"},{"@type":"Organization","@id":"https:\/\/epochtimestr.com\/#organization","name":"The EpochTimes T\u00fcrkiye","url":"https:\/\/epochtimestr.com\/","logo":{"@type":"ImageObject","inLanguage":"tr","@id":"https:\/\/epochtimestr.com\/#\/schema\/logo\/image\/","url":"https:\/\/epochtimestr.com\/wp-content\/uploads\/2011y\/ET-Logo-YG.jpg","contentUrl":"https:\/\/epochtimestr.com\/wp-content\/uploads\/2011y\/ET-Logo-YG.jpg","width":346,"height":29,"caption":"The EpochTimes T\u00fcrkiye"},"image":{"@id":"https:\/\/epochtimestr.com\/#\/schema\/logo\/image\/"},"sameAs":["https:\/\/www.facebook.com\/theepochtimestr","https:\/\/x.com\/TheEpochTimesTR","https:\/\/www.instagram.com\/epochtimestr"]},{"@type":"Person","@id":"https:\/\/epochtimestr.com\/#\/schema\/person\/ffa52705c7f2ebb29186a6047116710c","name":"Ayfer K\u00f6kl\u00fc","image":{"@type":"ImageObject","inLanguage":"tr","@id":"https:\/\/epochtimestr.com\/#\/schema\/person\/image\/","url":"https:\/\/secure.gravatar.com\/avatar\/00319c438f6a036eae91a020411258f2?s=96&d=mm&r=g","contentUrl":"https:\/\/secure.gravatar.com\/avatar\/00319c438f6a036eae91a020411258f2?s=96&d=mm&r=g","caption":"Ayfer K\u00f6kl\u00fc"},"url":"https:\/\/epochtimestr.com\/index.php\/author\/ayfer"}]}},"_links":{"self":[{"href":"https:\/\/epochtimestr.com\/index.php\/wp-json\/wp\/v2\/posts\/53117"}],"collection":[{"href":"https:\/\/epochtimestr.com\/index.php\/wp-json\/wp\/v2\/posts"}],"about":[{"href":"https:\/\/epochtimestr.com\/index.php\/wp-json\/wp\/v2\/types\/post"}],"author":[{"embeddable":true,"href":"https:\/\/epochtimestr.com\/index.php\/wp-json\/wp\/v2\/users\/17"}],"replies":[{"embeddable":true,"href":"https:\/\/epochtimestr.com\/index.php\/wp-json\/wp\/v2\/comments?post=53117"}],"version-history":[{"count":10,"href":"https:\/\/epochtimestr.com\/index.php\/wp-json\/wp\/v2\/posts\/53117\/revisions"}],"predecessor-version":[{"id":53271,"href":"https:\/\/epochtimestr.com\/index.php\/wp-json\/wp\/v2\/posts\/53117\/revisions\/53271"}],"wp:featuredmedia":[{"embeddable":true,"href":"https:\/\/epochtimestr.com\/index.php\/wp-json\/wp\/v2\/media\/53155"}],"wp:attachment":[{"href":"https:\/\/epochtimestr.com\/index.php\/wp-json\/wp\/v2\/media?parent=53117"}],"wp:term":[{"taxonomy":"category","embeddable":true,"href":"https:\/\/epochtimestr.com\/index.php\/wp-json\/wp\/v2\/categories?post=53117"},{"taxonomy":"post_tag","embeddable":true,"href":"https:\/\/epochtimestr.com\/index.php\/wp-json\/wp\/v2\/tags?post=53117"}],"curies":[{"name":"wp","href":"https:\/\/api.w.org\/{rel}","templated":true}]}}