{"id":55495,"date":"2012-02-22T12:03:29","date_gmt":"2012-02-22T09:03:29","guid":{"rendered":"http:\/\/epochtimestr.com\/?p=55495"},"modified":"2012-02-23T00:53:14","modified_gmt":"2012-02-22T21:53:14","slug":"gurkan-genc-mersin-universitesindeydi","status":"publish","type":"post","link":"https:\/\/epochtimestr.com\/index.php\/gurkan-genc-mersin-universitesindeydi","title":{"rendered":"G\u00fcrkan Gen\u00e7 Mersin \u00dcniversitesi\u2019ndeydi"},"content":{"rendered":"<h1>G\u00fcrkan Gen\u00e7 \u00a0 Mersin \u00dcniversitesi\u2019ndeydi\u00a0\u00a0<\/h1>\n<div class=\"mceTemp\" style=\"text-align: justify\">\n<figure id=\"attachment_55496\" aria-describedby=\"caption-attachment-55496\" style=\"width: 300px\" class=\"wp-caption alignleft\"><a class=\"highslide\" href=\"https:\/\/epochtimestr.com\/index.php\/gurkan-genc-mersin-universitesindeydi\/gg\/\" rel=\"attachment wp-att-55496\"><img loading=\"lazy\" decoding=\"async\" class=\"size-medium wp-image-55496\" src=\"https:\/\/epochtimestr.com\/wp-content\/uploads\/2011y\/gg-300x200.jpg\" alt=\"\" width=\"300\" height=\"200\" srcset=\"https:\/\/epochtimestr.com\/wp-content\/uploads\/2011y\/gg-300x200.jpg 300w, https:\/\/epochtimestr.com\/wp-content\/uploads\/2011y\/gg-292x194.jpg 292w, https:\/\/epochtimestr.com\/wp-content\/uploads\/2011y\/gg-60x40.jpg 60w, https:\/\/epochtimestr.com\/wp-content\/uploads\/2011y\/gg.jpg 567w\" sizes=\"(max-width: 300px) 100vw, 300px\" \/><\/a><figcaption id=\"caption-attachment-55496\" class=\"wp-caption-text\">G\u00fcrkan Gen\u00e7 Mersin \u00dcniversitesi&#039;nde yolculu\u011funda \u00e7ekti\u011fi resimlerden olu\u015fturdu\u011fu serginin ba\u015f\u0131ndayken<\/figcaption><\/figure>\n<dl>\n<dt><em><strong>T\u00fcrkiye\u2019den ba\u015flay\u0131p\u00a0343 g\u00fcn boyunca bisiklet \u00fczerinde 11 \u00fclke ge\u00e7ip, 12.500 km yol kat ederek Japonya&#8217;ya ula\u015fan ilk T\u00fcrk olan ve T\u00fcrkiye&#8217;de bisiklet ikonu haline gelen G\u00fcrkan Gen\u00e7, Mersin \u00dcniversitesi Do\u011fa Sporlar\u0131 Toplulu\u011fu Bisiklet Kolu&#8217;nun konu\u011fu olarak Mersin \u00dcniversitesi\u2019nde, yolculu\u011fu ve bisiklet hakk\u0131nda seminer verdi.\u00a0\u00a0<\/strong><\/em><\/dt>\n<\/dl>\n<\/div>\n<p style=\"text-align: justify\">\u00a0T\u00fcrkiye\u2019den Japonya\u2019ya 343 g\u00fcn boyunca bisiklet \u00fczerinde 11 \u00fclke ge\u00e7ip,12.500 kmyol kat ederek ula\u015fan, bu yolculukta T\u00fcrkmenistan\u2019da Karakum \u00e7\u00f6l\u00fcn\u00fc ve Mo\u011folistan\u2019da Gobi \u00e7\u00f6l\u00fcn\u00fc tek ba\u015f\u0131na bisikletle ge\u00e7en ve d\u00fcnyan\u0131n \u00e7at\u0131\u015f\u0131 olarak bilinen Pamir Tepesi\u2019ne bisikletiyle \u00e7\u0131kan ilk T\u00fcrk \u00fcnvan\u0131n\u0131 alarak tarihe ge\u00e7en <em>G\u00fcrkan Gen\u00e7,<\/em>\u00a0Mersin \u00dcniversitesi Do\u011fa Sporlar\u0131 Toplulu\u011fu Bisiklet Kolu&#8217;nun davetlisi olarak Mersin \u00dcniversitesi\u2019nde \u00f6\u011frencilere T\u00fcrkiye\u2019den \u201cYapamazs\u0131n\u201d ile ba\u015flay\u0131p Japonya\u2019da ba\u015far\u0131 ile biten yolculu\u011funu anlatt\u0131\u011f\u0131 bir seminer verdi. \u00d6\u011frencilerin ve bisiklet merakl\u0131lar\u0131n\u0131n yo\u011fun kat\u0131l\u0131m\u0131 ile ge\u00e7en seminerde Gen\u00e7 \u00f6\u011frencilere her zor yolculu\u011fun \u201cYapamazs\u0131n\u201d ile ba\u015flay\u0131p azim ve kararl\u0131l\u0131kla devam edilirse nas\u0131l bir ba\u015far\u0131ya d\u00f6n\u00fc\u015ft\u00fc\u011f\u00fcn\u00fc anlatt\u0131.<\/p>\n<p><strong>\u00a0Bir imkans\u0131zl\u0131klar hikayesinin ger\u00e7ek olu\u015fu\u00a0<\/strong><\/p>\n<p style=\"text-align: justify\">D\u00fcnyay\u0131 bisikletle dola\u015fma fikrinin \u00e7ocuklu\u011funda annesinin \u00e7ok fazla bisiklet ile dola\u015fmas\u0131n\u0131n ard\u0131ndan kendisine; \u201cBir g\u00fcn bisikletini kilitleyece\u011fim ve sen g\u00f6receksin\u201d azar\u0131 \u00fczerine, \u201cBen bir g\u00fcn bisiklet ile d\u00fcnyay\u0131 gezece\u011fim o zaman da sen g\u00f6receksin\u201d diyerek verdi\u011fi bir cevapla ortaya \u00e7\u0131kt\u0131\u011f\u0131n\u0131 s\u00f6yleyerek yolculu\u011funun ba\u015flang\u0131\u00e7 noktas\u0131n\u0131 anlatan <em>G\u00fcrkan Gen\u00e7<\/em>, y\u0131llar sonra kendisinin bir g\u00fcn yeniden bir bisiklete sahip olmas\u0131 ile bu d\u00fc\u015f\u00fcncenin alevlendi\u011fini, sahip oldu\u011fu i\u015f yerini devretme d\u00fc\u015f\u00fcncesiyle bu fikrinin g\u00fc\u00e7lendi\u011fini ve en sonunda \u00e7ocukluk hayalini ger\u00e7ekle\u015ftirmenin b\u00fcy\u00fcs\u00fc ile sahip oldu\u011fu i\u015fyerindeki hisselerini devrederek bu yolculu\u011fa \u00e7\u0131kmaya karar verdi\u011fini kat\u0131l\u0131mc\u0131lara anlatt\u0131.<\/p>\n<p style=\"text-align: justify\">\u00a0<strong>\u0130lk tepki \u201cYapamazs\u0131n\u201d<\/strong><\/p>\n<p style=\"text-align: justify\">Seminer\u2019de <em>G\u00fcrkan Gen\u00e7,<\/em> bu d\u00fc\u015f\u00fcnceyi ilk olarak ailesine a\u00e7t\u0131\u011f\u0131n\u0131 ve d\u00fc\u015f\u00fcncesine ald\u0131\u011f\u0131 ilk tepkinin babas\u0131 taraf\u0131ndan verilen \u201cSen buradan Hopa\u2019ya git, ben seni Japonya\u2019ya gitmi\u015f sayaca\u011f\u0131m\u201d s\u00f6zleriyle ifade etti\u011fi bir alay oldu\u011funu ve bundan sonra da yapaca\u011f\u0131 yolculuk ile ilgili destek ama\u00e7l\u0131 ba\u015fvurdu\u011fu t\u00fcm yerlerden olumsuz cevaplar ald\u0131\u011f\u0131n\u0131 ama bunlar\u0131n hi\u00e7birinin kendisini y\u0131ld\u0131rmaya yetmedi\u011fini s\u00f6yledi.\u00a0Yola, At\u0131l\u0131m \u00dcniversitesi\u2019nin deste\u011fi ve kulland\u0131\u011f\u0131 bisiklet firmas\u0131 taraf\u0131ndan destek ama\u00e7l\u0131 olarak verilen bir lastik \u015fi\u015firme pompas\u0131 ile \u00e7\u0131kt\u0131\u011f\u0131n\u0131\u00a0 s\u00f6yleyerek,\u00a0bu t\u00fcr \u00a0zorlu yolculukta insan\u0131n \u00e7o\u011fu zaman yak\u0131nlar\u0131ndan destek bekledi\u011fini ancak ki\u015filerin bunlar\u0131 beklemesinin kendileri i\u00e7in bir hayal k\u0131r\u0131kl\u0131l\u0131\u011f\u0131ndan ba\u015fka bir \u015fey olmayaca\u011f\u0131n\u0131 ifade ederek\u00a0 en zor ko\u015fullar ard\u0131ndan gelen ba\u015far\u0131lar\u0131n en b\u00fcy\u00fck ba\u015far\u0131lar oldu\u011funu kat\u0131l\u0131mc\u0131lara \u00f6rneklerle anlatt\u0131.<\/p>\n<p><strong>\u00a0\u2019Atalar\u0131n\u0131n \u00e7ekik g\u00f6zle, at s\u0131rt\u0131nda terk etti\u011fi diyarlara, badem g\u00f6z\u00fc ve demir at\u0131 ile gelen T\u00fcrk\u2019\u2019<\/strong><\/p>\n<p style=\"text-align: justify\">Bu yolculu\u011fun kendisine \u00f6\u011fretti\u011fi en b\u00fcy\u00fck dersin; \u201cBir ba\u015far\u0131n yoksa hi\u00e7sin, bir ba\u015far\u0131n varsa her \u015fey senin\u201d ger\u00e7e\u011fi oldu\u011funu, yolculu\u011funun ba\u015far\u0131s\u0131n\u0131n ard\u0131ndan, daha \u00f6nce kendisine destek vermemi\u015f olan herkesin bir sonraki projesi \u201cD\u00fcnya Turu\u201d i\u00e7in destek vermek i\u00e7in geldiklerini ve yolculuk s\u0131ras\u0131nda kulland\u0131\u011f\u0131 bisikletin de \u015fu anda Rahmi Ko\u00e7 m\u00fczesinde sergilenmekte oldu\u011funu s\u00f6yleyen <em>G\u00fcrkan Gen\u00e7\u2019in<\/em> yolculu\u011fu s\u0131ras\u0131nda imza att\u0131\u011f\u0131 ba\u015far\u0131lar\u0131 ise \u015f\u00f6yle:<\/p>\n<p style=\"text-align: justify\">Gen\u00e7, Kuzey Asya\u2019n\u0131n tamam\u0131n\u0131, Orta Asya T\u00fcrk Devletlerini, \u0130pek Yolu\u2019nun tamam\u0131n\u0131, T\u00fcrkmenistan\u2019da bulunan d\u00fcnyan\u0131n en b\u00fcy\u00fck sekizinci \u00e7\u00f6l\u00fc olan Kara-Gum \u00c7\u00f6l\u00fc\u2019n\u00fc, D\u00fcnya\u2019n\u0131n ara\u00e7la \u00e7\u0131k\u0131lan en y\u00fcksek \u00fc\u00e7\u00fcnc\u00fc ge\u00e7idi olan 4650 metrelik \u00a0Tacikistan Pamir t\u0131rman\u0131\u015f\u0131n\u0131, D\u00fcnyan\u0131n en b\u00fcy\u00fck \u00fc\u00e7\u00fcnc\u00fc \u00e7\u00f6l\u00fc olan Mo\u011folistan\u2019daki Gobi \u00c7\u00f6l\u00fc\u2019n\u00fc bisikletle ge\u00e7meyi ba\u015faran ilk T\u00fcrk olarak tarihe ge\u00e7mi\u015ftir.<\/p>\n<p style=\"text-align: justify\">\u00c7\u00f6ller \u00fclkesi olan T\u00fcrkmenistan\u2019\u0131 bir ucundan di\u011fer ucuna bisikletle resmi olarak tek ba\u015f\u0131na ge\u00e7en ilk ki\u015fidir. Bu ba\u015far\u0131s\u0131 T\u00fcrkmenistan \u00a0Ba\u015fbakan\u0131 taraf\u0131ndan \u00f6d\u00fcllendirilmi\u015ftir.<\/p>\n<p style=\"text-align: justify\">\u201cT\u00fcrk\u201d ve \u201cT\u00fcrk\u00e7e\u201d kelimelerinin tarihte ilk defa ge\u00e7ti\u011fi Mo\u011folistan\u2019daki Tonyukuk An\u0131t\u0131\u2019na bisikletle giderek Mo\u011folistan medyas\u0131nda \u2018\u2019Atalar\u0131n\u0131n \u00e7ekik g\u00f6zle, at s\u0131rt\u0131nda terk etti\u011fi diyarlara, badem g\u00f6z\u00fc ve demir at\u0131 ile gelen T\u00fcrk\u2019\u2019 olarak yer alm\u0131\u015ft\u0131r.<\/p>\n<p style=\"text-align: justify\">T\u00fcrkiye&#8217;den yola \u00e7\u0131kan ve\u00a011 ay boyunca bisikletin arkas\u0131nda dalgalanan\u00a0 T\u00fcrk bayra\u011f\u0131 Azerbaycan, G\u00fcney Kore ve Japonya&#8217;daki T\u00fcrk \u015fehitliklerine ula\u015fm\u0131\u015f ve Japonya&#8217;da T\u00fcrk m\u00fczesine arma\u011fan edilerek sergilenmeye ba\u015flanm\u0131\u015ft\u0131r.<\/p>\n<p style=\"text-align: justify\">Japonya Kushimato \u015fehrinde bisikletin arkas\u0131nda dalgalanmaya ba\u015flayan ikinci bayrak Tokyo&#8217;ya var\u0131ld\u0131\u011f\u0131nda Tokyo Belediye Ba\u015fkan\u0131na arma\u011fan edilmi\u015f ve bu haber Japonya&#8217;da 65 gazetede yer alm\u0131\u015ft\u0131r.<\/p>\n<p><strong>\u00a0Bisiklet en sayg\u0131n, \u00e7\u00fcnk\u00fc \u00e7evreye en duyarl\u0131 ula\u015f\u0131m arac\u0131d\u0131r<\/strong><\/p>\n<p style=\"text-align: justify\"><em>G\u00fcrkan Gen\u00e7<\/em> Mersin\u2019e daveti s\u0131ras\u0131nda\u00a0 Mersin Bisiklet Derne\u011fi&#8217;ni de ziyaret etti.\u00a0Dernek \u00a0Ba\u015fkan\u0131 Sedat Ular ve derne\u011fin Genel Sekr<a class=\"highslide\" href=\"https:\/\/epochtimestr.com\/index.php\/gurkan-genc-mersin-universitesindeydi\/mer\/\" rel=\"attachment wp-att-55497\"><img loading=\"lazy\" decoding=\"async\" class=\"alignright size-medium wp-image-55497\" src=\"https:\/\/epochtimestr.com\/wp-content\/uploads\/2011y\/mer-300x200.jpg\" alt=\"\" width=\"300\" height=\"200\" srcset=\"https:\/\/epochtimestr.com\/wp-content\/uploads\/2011y\/mer-300x200.jpg 300w, https:\/\/epochtimestr.com\/wp-content\/uploads\/2011y\/mer-292x194.jpg 292w, https:\/\/epochtimestr.com\/wp-content\/uploads\/2011y\/mer-60x40.jpg 60w, https:\/\/epochtimestr.com\/wp-content\/uploads\/2011y\/mer.jpg 567w\" sizes=\"(max-width: 300px) 100vw, 300px\" \/><\/a>eteri Zerrin Arslanta\u015f ile yapt\u0131\u011f\u0131m\u0131z g\u00f6r\u00fc\u015fmede Ular ve Arslanta\u015f \u00a0bisikletin hem insana hem de do\u011faya \u00e7ok yararl\u0131 bir ara\u00e7 oldu\u011funa dikkat \u00e7ekerek\u00a0 bisikletin hayat\u0131 bilin\u00e7li olarak ya\u015fayan insanlar\u0131n ve do\u011faya sayg\u0131l\u0131, do\u011fa ile b\u00fct\u00fcnle\u015fmeyi ba\u015farabilen ki\u015filerin arac\u0131 oldu\u011funu ifade ettiler. Ular ve Arslanta\u015f: \u201c\u00c7evreyi kirletmiyor, do\u011faya zarar vermiyor, yak\u0131t\u0131 yok, en sessiz, en sakin ve en masrafs\u0131z ara\u00e7. Bir bisiklete binin ve \u015fehri dola\u015f\u0131n i\u00e7ece\u011finiz bir su, yiyece\u011finiz de bir kebap ve tantuni. Park yeri sorununuz yok. Bir d\u00fc\u015f\u00fcn\u00fcn yolda y\u00fcz ara\u00e7 m\u0131 var? Bu ara\u00e7lar\u0131n ellisi bisikletle i\u015fine gitse hem trafik yo\u011funlu\u011fu azal\u0131r hem de trafik rahatlar.\u00a0 Bu y\u00fczden bisiklet kullanan insanlar hem insana hem de do\u011faya daha sayg\u0131l\u0131 insanlar denilebilir ve bu ki\u015filer ayn\u0131 zamanda sa\u011fl\u0131klar\u0131na da yat\u0131r\u0131m yapan ki\u015filerdir\u201d diyerek bisikletin ya\u015fam\u0131 ne kadar kolayla\u015ft\u0131ran bir alet oldu\u011funa dikkat \u00e7ektiler.\u00a0 Derne\u011fi de bu bilinci insanlara yaymak ve bisiklet bilincini ve sporunu Mersin\u2019de daha yayg\u0131n hale getirmek i\u00e7in taleplerini yetkililere ula\u015ft\u0131rmak i\u00e7in kurduklar\u0131n\u0131 ifade ettiler.<\/p>\n<p style=\"text-align: justify\"><strong>\u00a0Bisiklet Mersin\u2019de bir ula\u015f\u0131m arac\u0131 olarak g\u00f6r\u00fclm\u00fcyor<\/strong><\/p>\n<p style=\"text-align: justify\">Sedat Ular ve\u00a0 Zerrin\u00a0Arslanta\u015f Mersin\u2019de \u00e7ok ciddi bir bisiklet trafi\u011fi oldu\u011funu \u00a0ama kimse ilgilenmedi\u011fi i\u00e7in kimsenin bunun fark\u0131nda olmad\u0131\u011f\u0131n\u0131 s\u00f6yledi.\u00a0 Mersin\u2019de ula\u015f\u0131m anlam\u0131nda bir bisiklet yolu yolmad\u0131\u011f\u0131na dikkat \u00e7eken dernek y\u00f6neticileri; \u201cBiz caddeyi kullan\u0131rsak ara\u00e7lar &#8220;burada ne i\u015fin var?&#8221; diyor. Kald\u0131r\u0131m\u0131 kullan\u0131rsak bu sefer yayalar &#8220;burada ne i\u015fin var?&#8221; diye soruyor. Bu anlamda Mersin\u2019de bir bisiklet yolumuz yok. Bak\u0131n Mersin\u2019de her apartman\u0131n alt\u0131 ve d\u00fckkanlar\u0131n \u00f6n\u00fc bisiklet dolu. Ve Mersin\u2019de bisiklet yolu yok. Sahildeki yol var ama o da saat 17.00\u2019den sonra kapan\u0131yor. Bizler tur yap\u0131yoruz ve g\u00fcnl\u00fck hayat\u0131m\u0131zda bisikleti s\u00fcrekli olarak ula\u015f\u0131m arac\u0131 olarak kullanm\u0131yoruz. Ama Ahmet amca, Ali amca onlar evlerinden \u00e7\u0131k\u0131yorlar ve i\u015flerine bisiklet ile gidiyorlar. \u0130\u015fte kimse bunu g\u00f6rm\u00fcyor\u201d diyerek durum hakk\u0131ndaki ricalar\u0131n\u0131 dile getirdiler. \u00a0<\/p>\n<p style=\"text-align: justify\"><strong>\u00a0Mersin bisiklet yar\u0131\u015flar\u0131 konusunda 2. Hollanda olabilir.<\/strong><\/p>\n<p style=\"text-align: justify\">\u00a0Bisikletli ya\u015fam bi\u00e7imini insanlara \u00f6\u011fretmek, benimsetmek, insanlar\u0131 bilgilendirmek ve Mersin\u2019de yeti\u015fen bisiklet sporcular\u0131m\u0131za sahip \u00e7\u0131kmak i\u00e7in dernekle\u015ftiklerini de ifade eden dernek y\u00f6neticileri; \u201c\u015eu anda Mersin\u2019den \u00e7\u0131kan bir\u00e7ok sporcumuz ba\u015fka \u015fehirlerde yar\u0131\u015f\u0131yorlar. Mersin\u2019de yeti\u015fen bir\u00e7ok milli bisiklet sporcumuz var. T\u00fcrkiye\u2019de Mersin\u2019den k\u00fc\u00e7\u00fck illerde bisiklet yar\u0131\u015flar\u0131 var ve biz bu listeye giremiyoruz. Neden benim \u015fehrime T\u00fcrkiye\u2019den bisiklet\u00e7iler gelmesin ve burada bir organizasyon olmas\u0131n? Bisiklet i\u00e7in, \u00f6zellikle da\u011f bisikleti i\u00e7in \u00e7ok g\u00fczel yollar\u0131m\u0131z var. Hem yar\u0131\u015f hem g\u00f6steri parkuru olarak kullan\u0131labilecek do\u011fal parkurlar\u0131m\u0131z var. Da\u011f bisikleti olarak yollar elveri\u015fli ama normal yar\u0131\u015flar i\u00e7in yollar\u0131n d\u00fczeltilmesi ve temizlenmesi gerek. Gerekli haz\u0131rl\u0131klar yap\u0131l\u0131rsa ve yollar gerekti\u011fi gibi d\u00fczenlenirse bisiklet yar\u0131\u015flar\u0131 konusunda 2. Hollanda olabilir\u201d diyerek Mersin\u2019deki bisiklet potansiyelini dile getirdiler.\u00a0<\/p>\n","protected":false},"excerpt":{"rendered":"<p>G\u00fcrkan Gen\u00e7 \u00a0 Mersin \u00dcniversitesi\u2019ndeydi\u00a0\u00a0 T\u00fcrkiye\u2019den ba\u015flay\u0131p\u00a0343 g\u00fcn boyunca bisiklet \u00fczerinde 11 \u00fclke ge\u00e7ip, 12.500 km yol kat ederek Japonya&#8217;ya ula\u015fan ilk T\u00fcrk olan ve T\u00fcrkiye&#8217;de bisiklet ikonu haline gelen G\u00fcrkan Gen\u00e7, Mersin \u00dcniversitesi Do\u011fa Sporlar\u0131 Toplulu\u011fu Bisiklet Kolu&#8217;nun konu\u011fu olarak Mersin \u00dcniversitesi\u2019nde, yolculu\u011fu ve bisiklet hakk\u0131nda seminer verdi.\u00a0\u00a0 \u00a0T\u00fcrkiye\u2019den Japonya\u2019ya 343 g\u00fcn boyunca bisiklet [&hellip;]<\/p>\n","protected":false},"author":22,"featured_media":55496,"comment_status":"open","ping_status":"open","sticky":false,"template":"","format":"standard","meta":{"_yoast_wpseo_focuskw":"","_yoast_wpseo_title":"","_yoast_wpseo_metadesc":"","_bbp_topic_count":0,"_bbp_reply_count":0,"_bbp_total_topic_count":0,"_bbp_total_reply_count":0,"_bbp_voice_count":0,"_bbp_anonymous_reply_count":0,"_bbp_topic_count_hidden":0,"_bbp_reply_count_hidden":0,"_bbp_forum_subforum_count":0,"footnotes":"","_yoast_wpseo_focuskw_text_input":""},"categories":[37,15],"tags":[],"yoast_head":"<!-- This site is optimized with the Yoast SEO plugin v23.0 - https:\/\/yoast.com\/wordpress\/plugins\/seo\/ -->\n<title>G\u00fcrkan Gen\u00e7 Mersin \u00dcniversitesi\u2019ndeydi  - The Epoch Times TR<\/title>\n<meta name=\"robots\" content=\"index, follow, max-snippet:-1, max-image-preview:large, max-video-preview:-1\" \/>\n<link rel=\"canonical\" href=\"https:\/\/epochtimestr.com\/index.php\/gurkan-genc-mersin-universitesindeydi\" \/>\n<meta property=\"og:locale\" content=\"tr_TR\" \/>\n<meta property=\"og:type\" content=\"article\" \/>\n<meta property=\"og:title\" content=\"G\u00fcrkan Gen\u00e7 Mersin \u00dcniversitesi\u2019ndeydi  - The Epoch Times TR\" \/>\n<meta property=\"og:description\" content=\"G\u00fcrkan Gen\u00e7 \u00a0 Mersin \u00dcniversitesi\u2019ndeydi\u00a0\u00a0 T\u00fcrkiye\u2019den ba\u015flay\u0131p\u00a0343 g\u00fcn boyunca bisiklet \u00fczerinde 11 \u00fclke ge\u00e7ip, 12.500 km yol kat ederek Japonya&#8217;ya ula\u015fan ilk T\u00fcrk olan ve T\u00fcrkiye&#8217;de bisiklet ikonu haline gelen G\u00fcrkan Gen\u00e7, Mersin \u00dcniversitesi Do\u011fa Sporlar\u0131 Toplulu\u011fu Bisiklet Kolu&#8217;nun konu\u011fu olarak Mersin \u00dcniversitesi\u2019nde, yolculu\u011fu ve bisiklet hakk\u0131nda seminer verdi.\u00a0\u00a0 \u00a0T\u00fcrkiye\u2019den Japonya\u2019ya 343 g\u00fcn boyunca bisiklet [&hellip;]\" \/>\n<meta property=\"og:url\" content=\"https:\/\/epochtimestr.com\/index.php\/gurkan-genc-mersin-universitesindeydi\" \/>\n<meta property=\"og:site_name\" content=\"The Epoch Times TR\" \/>\n<meta property=\"article:publisher\" content=\"https:\/\/www.facebook.com\/theepochtimestr\" \/>\n<meta property=\"article:published_time\" content=\"2012-02-22T09:03:29+00:00\" \/>\n<meta property=\"article:modified_time\" content=\"2012-02-22T21:53:14+00:00\" \/>\n<meta property=\"og:image\" content=\"https:\/\/epochtimestr.com\/wp-content\/uploads\/2011y\/gg.jpg\" \/>\n\t<meta property=\"og:image:width\" content=\"567\" \/>\n\t<meta property=\"og:image:height\" content=\"378\" \/>\n\t<meta property=\"og:image:type\" content=\"image\/jpeg\" \/>\n<meta name=\"author\" content=\"G.Hakan Ko\u00e7man\" \/>\n<meta name=\"twitter:card\" content=\"summary_large_image\" \/>\n<meta name=\"twitter:creator\" content=\"@TheEpochTimesTR\" \/>\n<meta name=\"twitter:site\" content=\"@TheEpochTimesTR\" \/>\n<meta name=\"twitter:label1\" content=\"Yazan:\" \/>\n\t<meta name=\"twitter:data1\" content=\"G.Hakan Ko\u00e7man\" \/>\n\t<meta name=\"twitter:label2\" content=\"Tahmini okuma s\u00fcresi\" \/>\n\t<meta name=\"twitter:data2\" content=\"8 dakika\" \/>\n<script type=\"application\/ld+json\" class=\"yoast-schema-graph\">{\"@context\":\"https:\/\/schema.org\",\"@graph\":[{\"@type\":\"Article\",\"@id\":\"https:\/\/epochtimestr.com\/index.php\/gurkan-genc-mersin-universitesindeydi#article\",\"isPartOf\":{\"@id\":\"https:\/\/epochtimestr.com\/index.php\/gurkan-genc-mersin-universitesindeydi\"},\"author\":{\"name\":\"G.Hakan Ko\u00e7man\",\"@id\":\"https:\/\/epochtimestr.com\/#\/schema\/person\/b5509977c9a6cd729a3e74d9743d035b\"},\"headline\":\"G\u00fcrkan Gen\u00e7 Mersin \u00dcniversitesi\u2019ndeydi\",\"datePublished\":\"2012-02-22T09:03:29+00:00\",\"dateModified\":\"2012-02-22T21:53:14+00:00\",\"mainEntityOfPage\":{\"@id\":\"https:\/\/epochtimestr.com\/index.php\/gurkan-genc-mersin-universitesindeydi\"},\"wordCount\":1514,\"commentCount\":0,\"publisher\":{\"@id\":\"https:\/\/epochtimestr.com\/#organization\"},\"image\":{\"@id\":\"https:\/\/epochtimestr.com\/index.php\/gurkan-genc-mersin-universitesindeydi#primaryimage\"},\"thumbnailUrl\":\"https:\/\/epochtimestr.com\/wp-content\/uploads\/2011y\/gg.jpg\",\"articleSection\":[\"T\u00dcRK\u0130YE\",\"YA\u015eAM TARZI\"],\"inLanguage\":\"tr\",\"potentialAction\":[{\"@type\":\"CommentAction\",\"name\":\"Comment\",\"target\":[\"https:\/\/epochtimestr.com\/index.php\/gurkan-genc-mersin-universitesindeydi#respond\"]}]},{\"@type\":\"WebPage\",\"@id\":\"https:\/\/epochtimestr.com\/index.php\/gurkan-genc-mersin-universitesindeydi\",\"url\":\"https:\/\/epochtimestr.com\/index.php\/gurkan-genc-mersin-universitesindeydi\",\"name\":\"G\u00fcrkan Gen\u00e7 Mersin \u00dcniversitesi\u2019ndeydi - The Epoch Times TR\",\"isPartOf\":{\"@id\":\"https:\/\/epochtimestr.com\/#website\"},\"primaryImageOfPage\":{\"@id\":\"https:\/\/epochtimestr.com\/index.php\/gurkan-genc-mersin-universitesindeydi#primaryimage\"},\"image\":{\"@id\":\"https:\/\/epochtimestr.com\/index.php\/gurkan-genc-mersin-universitesindeydi#primaryimage\"},\"thumbnailUrl\":\"https:\/\/epochtimestr.com\/wp-content\/uploads\/2011y\/gg.jpg\",\"datePublished\":\"2012-02-22T09:03:29+00:00\",\"dateModified\":\"2012-02-22T21:53:14+00:00\",\"inLanguage\":\"tr\",\"potentialAction\":[{\"@type\":\"ReadAction\",\"target\":[\"https:\/\/epochtimestr.com\/index.php\/gurkan-genc-mersin-universitesindeydi\"]}]},{\"@type\":\"ImageObject\",\"inLanguage\":\"tr\",\"@id\":\"https:\/\/epochtimestr.com\/index.php\/gurkan-genc-mersin-universitesindeydi#primaryimage\",\"url\":\"https:\/\/epochtimestr.com\/wp-content\/uploads\/2011y\/gg.jpg\",\"contentUrl\":\"https:\/\/epochtimestr.com\/wp-content\/uploads\/2011y\/gg.jpg\",\"width\":567,\"height\":378,\"caption\":\"G\u00fcrkan Gen\u00e7 Mersin \u00dcniversitesi'nde yolculu\u011funda \u00e7ekti\u011fi resimlerden olu\u015fturdu\u011fu serginin ba\u015f\u0131ndayken\"},{\"@type\":\"WebSite\",\"@id\":\"https:\/\/epochtimestr.com\/#website\",\"url\":\"https:\/\/epochtimestr.com\/\",\"name\":\"The Epoch Times TR\",\"description\":\"De\u011fi\u015fen D\u00fcnyam\u0131za Taze Bir Bak\u0131\u015f\",\"publisher\":{\"@id\":\"https:\/\/epochtimestr.com\/#organization\"},\"potentialAction\":[{\"@type\":\"SearchAction\",\"target\":{\"@type\":\"EntryPoint\",\"urlTemplate\":\"https:\/\/epochtimestr.com\/?s={search_term_string}\"},\"query-input\":\"required name=search_term_string\"}],\"inLanguage\":\"tr\"},{\"@type\":\"Organization\",\"@id\":\"https:\/\/epochtimestr.com\/#organization\",\"name\":\"The EpochTimes T\u00fcrkiye\",\"url\":\"https:\/\/epochtimestr.com\/\",\"logo\":{\"@type\":\"ImageObject\",\"inLanguage\":\"tr\",\"@id\":\"https:\/\/epochtimestr.com\/#\/schema\/logo\/image\/\",\"url\":\"https:\/\/epochtimestr.com\/wp-content\/uploads\/2011y\/ET-Logo-YG.jpg\",\"contentUrl\":\"https:\/\/epochtimestr.com\/wp-content\/uploads\/2011y\/ET-Logo-YG.jpg\",\"width\":346,\"height\":29,\"caption\":\"The EpochTimes T\u00fcrkiye\"},\"image\":{\"@id\":\"https:\/\/epochtimestr.com\/#\/schema\/logo\/image\/\"},\"sameAs\":[\"https:\/\/www.facebook.com\/theepochtimestr\",\"https:\/\/x.com\/TheEpochTimesTR\",\"https:\/\/www.instagram.com\/epochtimestr\"]},{\"@type\":\"Person\",\"@id\":\"https:\/\/epochtimestr.com\/#\/schema\/person\/b5509977c9a6cd729a3e74d9743d035b\",\"name\":\"G.Hakan Ko\u00e7man\",\"image\":{\"@type\":\"ImageObject\",\"inLanguage\":\"tr\",\"@id\":\"https:\/\/epochtimestr.com\/#\/schema\/person\/image\/\",\"url\":\"https:\/\/secure.gravatar.com\/avatar\/e4eafee1ab5d1f4015c3930376b22ca8?s=96&d=mm&r=g\",\"contentUrl\":\"https:\/\/secure.gravatar.com\/avatar\/e4eafee1ab5d1f4015c3930376b22ca8?s=96&d=mm&r=g\",\"caption\":\"G.Hakan Ko\u00e7man\"},\"url\":\"https:\/\/epochtimestr.com\/index.php\/author\/hakan\"}]}<\/script>\n<!-- \/ Yoast SEO plugin. -->","yoast_head_json":{"title":"G\u00fcrkan Gen\u00e7 Mersin \u00dcniversitesi\u2019ndeydi  - The Epoch Times TR","robots":{"index":"index","follow":"follow","max-snippet":"max-snippet:-1","max-image-preview":"max-image-preview:large","max-video-preview":"max-video-preview:-1"},"canonical":"https:\/\/epochtimestr.com\/index.php\/gurkan-genc-mersin-universitesindeydi","og_locale":"tr_TR","og_type":"article","og_title":"G\u00fcrkan Gen\u00e7 Mersin \u00dcniversitesi\u2019ndeydi  - The Epoch Times TR","og_description":"G\u00fcrkan Gen\u00e7 \u00a0 Mersin \u00dcniversitesi\u2019ndeydi\u00a0\u00a0 T\u00fcrkiye\u2019den ba\u015flay\u0131p\u00a0343 g\u00fcn boyunca bisiklet \u00fczerinde 11 \u00fclke ge\u00e7ip, 12.500 km yol kat ederek Japonya&#8217;ya ula\u015fan ilk T\u00fcrk olan ve T\u00fcrkiye&#8217;de bisiklet ikonu haline gelen G\u00fcrkan Gen\u00e7, Mersin \u00dcniversitesi Do\u011fa Sporlar\u0131 Toplulu\u011fu Bisiklet Kolu&#8217;nun konu\u011fu olarak Mersin \u00dcniversitesi\u2019nde, yolculu\u011fu ve bisiklet hakk\u0131nda seminer verdi.\u00a0\u00a0 \u00a0T\u00fcrkiye\u2019den Japonya\u2019ya 343 g\u00fcn boyunca bisiklet [&hellip;]","og_url":"https:\/\/epochtimestr.com\/index.php\/gurkan-genc-mersin-universitesindeydi","og_site_name":"The Epoch Times TR","article_publisher":"https:\/\/www.facebook.com\/theepochtimestr","article_published_time":"2012-02-22T09:03:29+00:00","article_modified_time":"2012-02-22T21:53:14+00:00","og_image":[{"width":567,"height":378,"url":"https:\/\/epochtimestr.com\/wp-content\/uploads\/2011y\/gg.jpg","type":"image\/jpeg"}],"author":"G.Hakan Ko\u00e7man","twitter_card":"summary_large_image","twitter_creator":"@TheEpochTimesTR","twitter_site":"@TheEpochTimesTR","twitter_misc":{"Yazan:":"G.Hakan Ko\u00e7man","Tahmini okuma s\u00fcresi":"8 dakika"},"schema":{"@context":"https:\/\/schema.org","@graph":[{"@type":"Article","@id":"https:\/\/epochtimestr.com\/index.php\/gurkan-genc-mersin-universitesindeydi#article","isPartOf":{"@id":"https:\/\/epochtimestr.com\/index.php\/gurkan-genc-mersin-universitesindeydi"},"author":{"name":"G.Hakan Ko\u00e7man","@id":"https:\/\/epochtimestr.com\/#\/schema\/person\/b5509977c9a6cd729a3e74d9743d035b"},"headline":"G\u00fcrkan Gen\u00e7 Mersin \u00dcniversitesi\u2019ndeydi","datePublished":"2012-02-22T09:03:29+00:00","dateModified":"2012-02-22T21:53:14+00:00","mainEntityOfPage":{"@id":"https:\/\/epochtimestr.com\/index.php\/gurkan-genc-mersin-universitesindeydi"},"wordCount":1514,"commentCount":0,"publisher":{"@id":"https:\/\/epochtimestr.com\/#organization"},"image":{"@id":"https:\/\/epochtimestr.com\/index.php\/gurkan-genc-mersin-universitesindeydi#primaryimage"},"thumbnailUrl":"https:\/\/epochtimestr.com\/wp-content\/uploads\/2011y\/gg.jpg","articleSection":["T\u00dcRK\u0130YE","YA\u015eAM TARZI"],"inLanguage":"tr","potentialAction":[{"@type":"CommentAction","name":"Comment","target":["https:\/\/epochtimestr.com\/index.php\/gurkan-genc-mersin-universitesindeydi#respond"]}]},{"@type":"WebPage","@id":"https:\/\/epochtimestr.com\/index.php\/gurkan-genc-mersin-universitesindeydi","url":"https:\/\/epochtimestr.com\/index.php\/gurkan-genc-mersin-universitesindeydi","name":"G\u00fcrkan Gen\u00e7 Mersin \u00dcniversitesi\u2019ndeydi - The Epoch Times TR","isPartOf":{"@id":"https:\/\/epochtimestr.com\/#website"},"primaryImageOfPage":{"@id":"https:\/\/epochtimestr.com\/index.php\/gurkan-genc-mersin-universitesindeydi#primaryimage"},"image":{"@id":"https:\/\/epochtimestr.com\/index.php\/gurkan-genc-mersin-universitesindeydi#primaryimage"},"thumbnailUrl":"https:\/\/epochtimestr.com\/wp-content\/uploads\/2011y\/gg.jpg","datePublished":"2012-02-22T09:03:29+00:00","dateModified":"2012-02-22T21:53:14+00:00","inLanguage":"tr","potentialAction":[{"@type":"ReadAction","target":["https:\/\/epochtimestr.com\/index.php\/gurkan-genc-mersin-universitesindeydi"]}]},{"@type":"ImageObject","inLanguage":"tr","@id":"https:\/\/epochtimestr.com\/index.php\/gurkan-genc-mersin-universitesindeydi#primaryimage","url":"https:\/\/epochtimestr.com\/wp-content\/uploads\/2011y\/gg.jpg","contentUrl":"https:\/\/epochtimestr.com\/wp-content\/uploads\/2011y\/gg.jpg","width":567,"height":378,"caption":"G\u00fcrkan Gen\u00e7 Mersin \u00dcniversitesi'nde yolculu\u011funda \u00e7ekti\u011fi resimlerden olu\u015fturdu\u011fu serginin ba\u015f\u0131ndayken"},{"@type":"WebSite","@id":"https:\/\/epochtimestr.com\/#website","url":"https:\/\/epochtimestr.com\/","name":"The Epoch Times TR","description":"De\u011fi\u015fen D\u00fcnyam\u0131za Taze Bir Bak\u0131\u015f","publisher":{"@id":"https:\/\/epochtimestr.com\/#organization"},"potentialAction":[{"@type":"SearchAction","target":{"@type":"EntryPoint","urlTemplate":"https:\/\/epochtimestr.com\/?s={search_term_string}"},"query-input":"required name=search_term_string"}],"inLanguage":"tr"},{"@type":"Organization","@id":"https:\/\/epochtimestr.com\/#organization","name":"The EpochTimes T\u00fcrkiye","url":"https:\/\/epochtimestr.com\/","logo":{"@type":"ImageObject","inLanguage":"tr","@id":"https:\/\/epochtimestr.com\/#\/schema\/logo\/image\/","url":"https:\/\/epochtimestr.com\/wp-content\/uploads\/2011y\/ET-Logo-YG.jpg","contentUrl":"https:\/\/epochtimestr.com\/wp-content\/uploads\/2011y\/ET-Logo-YG.jpg","width":346,"height":29,"caption":"The EpochTimes T\u00fcrkiye"},"image":{"@id":"https:\/\/epochtimestr.com\/#\/schema\/logo\/image\/"},"sameAs":["https:\/\/www.facebook.com\/theepochtimestr","https:\/\/x.com\/TheEpochTimesTR","https:\/\/www.instagram.com\/epochtimestr"]},{"@type":"Person","@id":"https:\/\/epochtimestr.com\/#\/schema\/person\/b5509977c9a6cd729a3e74d9743d035b","name":"G.Hakan Ko\u00e7man","image":{"@type":"ImageObject","inLanguage":"tr","@id":"https:\/\/epochtimestr.com\/#\/schema\/person\/image\/","url":"https:\/\/secure.gravatar.com\/avatar\/e4eafee1ab5d1f4015c3930376b22ca8?s=96&d=mm&r=g","contentUrl":"https:\/\/secure.gravatar.com\/avatar\/e4eafee1ab5d1f4015c3930376b22ca8?s=96&d=mm&r=g","caption":"G.Hakan Ko\u00e7man"},"url":"https:\/\/epochtimestr.com\/index.php\/author\/hakan"}]}},"_links":{"self":[{"href":"https:\/\/epochtimestr.com\/index.php\/wp-json\/wp\/v2\/posts\/55495"}],"collection":[{"href":"https:\/\/epochtimestr.com\/index.php\/wp-json\/wp\/v2\/posts"}],"about":[{"href":"https:\/\/epochtimestr.com\/index.php\/wp-json\/wp\/v2\/types\/post"}],"author":[{"embeddable":true,"href":"https:\/\/epochtimestr.com\/index.php\/wp-json\/wp\/v2\/users\/22"}],"replies":[{"embeddable":true,"href":"https:\/\/epochtimestr.com\/index.php\/wp-json\/wp\/v2\/comments?post=55495"}],"version-history":[{"count":17,"href":"https:\/\/epochtimestr.com\/index.php\/wp-json\/wp\/v2\/posts\/55495\/revisions"}],"predecessor-version":[{"id":55505,"href":"https:\/\/epochtimestr.com\/index.php\/wp-json\/wp\/v2\/posts\/55495\/revisions\/55505"}],"wp:featuredmedia":[{"embeddable":true,"href":"https:\/\/epochtimestr.com\/index.php\/wp-json\/wp\/v2\/media\/55496"}],"wp:attachment":[{"href":"https:\/\/epochtimestr.com\/index.php\/wp-json\/wp\/v2\/media?parent=55495"}],"wp:term":[{"taxonomy":"category","embeddable":true,"href":"https:\/\/epochtimestr.com\/index.php\/wp-json\/wp\/v2\/categories?post=55495"},{"taxonomy":"post_tag","embeddable":true,"href":"https:\/\/epochtimestr.com\/index.php\/wp-json\/wp\/v2\/tags?post=55495"}],"curies":[{"name":"wp","href":"https:\/\/api.w.org\/{rel}","templated":true}]}}