{"id":56040,"date":"2012-03-11T22:22:10","date_gmt":"2012-03-11T19:22:10","guid":{"rendered":"http:\/\/epochtimestr.com\/?p=56040"},"modified":"2012-03-12T21:08:26","modified_gmt":"2012-03-12T18:08:26","slug":"safak-paveye-dunyanin-10-cesur-kadinindan-biri-olarak-odul-verild","status":"publish","type":"post","link":"https:\/\/epochtimestr.com\/index.php\/safak-paveye-dunyanin-10-cesur-kadinindan-biri-olarak-odul-verild","title":{"rendered":"\u015eafak Pavey D\u00fcnya&#8217;n\u0131n 10 Cesur Kad\u0131n\u0131ndan Biri"},"content":{"rendered":"<h1 style=\"text-align: justify;\">\u015eafak Pavey&#8217;e D\u00fcnya&#8217;n\u0131n 10 Cesur Kad\u0131n\u0131ndan Biri\u00a0\u00a0 \u00d6d\u00fcl\u00fc Verildi<\/h1>\n<figure id=\"attachment_56042\" aria-describedby=\"caption-attachment-56042\" style=\"width: 300px\" class=\"wp-caption aligncenter\"><a class=\"highslide\" onclick=\"return vz.expand(this)\" href=\"https:\/\/epochtimestr.com\/index.php\/safak-paveye-dunyanin-10-cesur-kadinindan-biri-olarak-odul-verild\/chp-safak-pavey\/\" rel=\"attachment wp-att-56042\"><img loading=\"lazy\" decoding=\"async\" class=\"size-medium wp-image-56042\" title=\"chp-safak-pavey\" src=\"https:\/\/epochtimestr.com\/wp-content\/uploads\/2011y\/chp-safak-pavey-300x191.jpg\" alt=\"\" width=\"300\" height=\"191\" srcset=\"https:\/\/epochtimestr.com\/wp-content\/uploads\/2011y\/chp-safak-pavey-300x191.jpg 300w, https:\/\/epochtimestr.com\/wp-content\/uploads\/2011y\/chp-safak-pavey-292x186.jpg 292w, https:\/\/epochtimestr.com\/wp-content\/uploads\/2011y\/chp-safak-pavey.jpg 470w\" sizes=\"(max-width: 300px) 100vw, 300px\" \/><\/a><figcaption id=\"caption-attachment-56042\" class=\"wp-caption-text\">\u015eafak Pavey&#39;e &#39;2012 cesur kad\u0131nlar \u00f6d\u00fcl\u00fc&#39; verildi<\/figcaption><\/figure>\n<p style=\"text-align: justify;\">CHP \u0130stanbul Milletvekili <em>\u015eafak Pavey&#8217;e\u00a0\u00a0<\/em>ABD D\u0131\u015fi\u015fleri Bakanl\u0131\u011f\u0131\u2019n\u0131n \u2018\u20182012 Uluslararas\u0131 Cesur Kad\u0131nlar\u2019\u2019 \u00f6d\u00fcl\u00fc verildi.<\/p>\n<p style=\"text-align: justify;\"><a title=\"Beni Protez Baca\u011f\u0131mla Ba\u015fba\u015fa B\u0131rak\u0131n!\" href=\"https:\/\/epochtimestr.com\/index.php\/beni-protez-bacagimla-basbasa-birakin\/\" target=\"_blank\">\u015eafak Pavey<\/a>\u2019e \u00f6d\u00fcl\u00fc, D\u00fcnya Kad\u0131nlar G\u00fcn\u00fc\u2019nde ABD D\u0131\u015fi\u015fleri Bakanl\u0131\u011f\u0131\u2019nda yap\u0131lan t\u00f6rende verildi.<\/p>\n<p style=\"text-align: justify;\"><em>\u015eafak Pavey<\/em> TBMM\u2019ye se\u00e7ilen ilk engelli kad\u0131n milletvekili. <a title=\"CHP Milletvekili \u015eafak Pavey TBMM\u2019de Bas\u0131n Toplant\u0131s\u0131 Yapt\u0131\" href=\"https:\/\/epochtimestr.com\/index.php\/47662\/\" target=\"_blank\">\u015eafak Pavey <\/a>t\u00fcm d\u00fcnyada savunmas\u0131z topluluklar, m\u00fclteciler ve engelliler i\u00e7in yapt\u0131\u011f\u0131 \u00e7al\u0131\u015fmalar\u0131ndan dolay\u0131 \u00f6d\u00fcle lay\u0131k g\u00f6r\u00fcld\u00fc. CHP \u0130stanbul milletvekili <em>\u015eafak Pavey<\/em>\u2019in de aralar\u0131nda bulundu\u011fu t\u00fcm d\u00fcnyadan 10 cesur kad\u0131na \u00f6d\u00fcllerini ABD Ba\u015fkan\u0131 Barack Obama\u2019n\u0131n e\u015fi Michelle Obama ile ABD D\u0131\u015fi\u015fleri Bakan\u0131<a title=\"Clinton\u2019dan, Suriye i\u00e7in t\u00fcm d\u00fcnyaya yapt\u0131r\u0131m \u00e7a\u011fr\u0131s\u0131\" href=\"https:\/\/epochtimestr.com\/index.php\/clintondan-suriye-icin-tum-dunyadan-yaptirim-cagrisi\/\" target=\"_blank\"> Hillary Clinton <\/a>birlikte verdi.<\/p>\n<p style=\"text-align: justify;\">Michelle Obama, fiziksel engellerine ra\u011fmen <em>\u015eafak Pavey<\/em>\u2019in sadece parlamentoda sandalye kazanmakla kalmay\u0131p, t\u00fcm d\u00fcnyada ba\u015fka \u00fclkelere seyahat ederek, BM Engelli Haklar\u0131 S\u00f6zle\u015fmesi i\u00e7in destek kazand\u0131\u011f\u0131n\u0131 belirtti\u011fi konu\u015fmas\u0131n\u0131, Pavey\u2019in ya\u015fam felsefesine at\u0131fta bulunarak \u2018\u2018Ya\u015fad\u0131klar\u0131n\u0131z di\u011ferlerine \u00f6rnek olacakt\u0131r\u2019\u2019 diye s\u00fcrd\u00fcrd\u00fc.<\/p>\n<h2 style=\"text-align: justify;\">\u015eafak Pavey Kimdir?<\/h2>\n<p style=\"text-align: justify;\">Gazeteci Ay\u015fe \u00d6nal\u2019\u0131n k\u0131z\u0131 olan \u00a0ve hayata gen\u00e7 bir kad\u0131nken ge\u00e7irdi\u011fi tren kazas\u0131 sonras\u0131 yitirdi\u011fi sol kol ve baca\u011f\u0131 ile engelli olarak devam eden \u015eafak Pavey, Londra\u2019daki Westsminster \u00dcniversitesi Uluslararas\u0131 \u0130li\u015fkiler ve Avrupa Politikalar\u0131 B\u00f6l\u00fcm\u00fc\u2019nden onur \u00f6\u011frencisi olarak mezun oldu. London School of Economics\u2019de, &#8220;Milliyet\u00e7ilik ve Etnik K\u00f6kenler&#8221; \u00fczerine master yaparak e\u011fitimini tamamlad\u0131.<\/p>\n<p style=\"text-align: justify;\">Sonras\u0131nda BM \u0130nsan Haklar\u0131 Y\u00fcksek Temsilcisi oldu. \u0130ngiliz Parlamentosu\u2019nda zenci ve di\u011fer az\u0131nl\u0131klar\u0131n oy haklar\u0131n\u0131 koruyan Operation Black Vote ad\u0131ndaki parlamenter bask\u0131 grubu ile politika ve se\u00e7im kampanyas\u0131 staj\u0131 yapt\u0131.<\/p>\n<p style=\"text-align: justify;\">Ya\u015fad\u0131\u011f\u0131 kaza sonras\u0131 azmin abidesi olan Pavey engelleri yenerek bir umut oldu. BM\u2019nin acil durumlara bakan M\u00fclteciler Y\u00fcksek Komiserli\u011finde \u00e7al\u0131\u015fan Pavey, \u2018Ya\u015fad\u0131\u011f\u0131m kaza daha \u00f6nce \u00a0g\u00f6rmedi\u011fim bir g\u00f6z\u00fc a\u00e7t\u0131. Ben de engelli oldum. Bir duyarl\u0131l\u0131k geli\u015ftirdi ve o duyarl\u0131l\u0131kla \u00e7al\u0131\u015f\u0131yorum\u2019 diye kendisini ifade ediyor.<\/p>\n<p style=\"text-align: justify;\">2011 se\u00e7imlerinde CHP \u0130stanbul Milletvekili olarak se\u00e7ilen gen\u00e7 politikac\u0131 misyonuna milletvekili olarak devam ediyor.<\/p>\n<p style=\"text-align: justify;\">Anahtar Kelimeler: \u015eafak Pavey, Hillary Clinton, Michelle Obama, ABD D\u0131\u015fi\u015fleri Bakanl\u0131\u011f\u0131<\/p>\n","protected":false},"excerpt":{"rendered":"<p>\u015eafak Pavey&#8217;e D\u00fcnya&#8217;n\u0131n 10 Cesur Kad\u0131n\u0131ndan Biri\u00a0\u00a0 \u00d6d\u00fcl\u00fc Verildi CHP \u0130stanbul Milletvekili \u015eafak Pavey&#8217;e\u00a0\u00a0ABD D\u0131\u015fi\u015fleri Bakanl\u0131\u011f\u0131\u2019n\u0131n \u2018\u20182012 Uluslararas\u0131 Cesur Kad\u0131nlar\u2019\u2019 \u00f6d\u00fcl\u00fc verildi. \u015eafak Pavey\u2019e \u00f6d\u00fcl\u00fc, D\u00fcnya Kad\u0131nlar G\u00fcn\u00fc\u2019nde ABD D\u0131\u015fi\u015fleri Bakanl\u0131\u011f\u0131\u2019nda yap\u0131lan t\u00f6rende verildi. \u015eafak Pavey TBMM\u2019ye se\u00e7ilen ilk engelli kad\u0131n milletvekili. \u015eafak Pavey t\u00fcm d\u00fcnyada savunmas\u0131z topluluklar, m\u00fclteciler ve engelliler i\u00e7in yapt\u0131\u011f\u0131 \u00e7al\u0131\u015fmalar\u0131ndan dolay\u0131 [&hellip;]<\/p>\n","protected":false},"author":7,"featured_media":56042,"comment_status":"open","ping_status":"open","sticky":false,"template":"","format":"standard","meta":{"_yoast_wpseo_focuskw":"","_yoast_wpseo_title":"","_yoast_wpseo_metadesc":"","_bbp_topic_count":0,"_bbp_reply_count":0,"_bbp_total_topic_count":0,"_bbp_total_reply_count":0,"_bbp_voice_count":0,"_bbp_anonymous_reply_count":0,"_bbp_topic_count_hidden":0,"_bbp_reply_count_hidden":0,"_bbp_forum_subforum_count":0,"footnotes":"","_yoast_wpseo_focuskw_text_input":""},"categories":[60],"tags":[],"yoast_head":"<!-- This site is optimized with the Yoast SEO plugin v23.0 - https:\/\/yoast.com\/wordpress\/plugins\/seo\/ -->\n<title>\u015eafak Pavey D\u00fcnya&#039;n\u0131n 10 Cesur Kad\u0131n\u0131ndan Biri  - The Epoch Times TR<\/title>\n<meta name=\"robots\" content=\"index, follow, max-snippet:-1, max-image-preview:large, max-video-preview:-1\" \/>\n<link rel=\"canonical\" href=\"https:\/\/epochtimestr.com\/index.php\/safak-paveye-dunyanin-10-cesur-kadinindan-biri-olarak-odul-verild\" \/>\n<meta property=\"og:locale\" content=\"tr_TR\" \/>\n<meta property=\"og:type\" content=\"article\" \/>\n<meta property=\"og:title\" content=\"\u015eafak Pavey D\u00fcnya&#039;n\u0131n 10 Cesur Kad\u0131n\u0131ndan Biri  - The Epoch Times TR\" \/>\n<meta property=\"og:description\" content=\"\u015eafak Pavey&#8217;e D\u00fcnya&#8217;n\u0131n 10 Cesur Kad\u0131n\u0131ndan Biri\u00a0\u00a0 \u00d6d\u00fcl\u00fc Verildi CHP \u0130stanbul Milletvekili \u015eafak Pavey&#8217;e\u00a0\u00a0ABD D\u0131\u015fi\u015fleri Bakanl\u0131\u011f\u0131\u2019n\u0131n \u2018\u20182012 Uluslararas\u0131 Cesur Kad\u0131nlar\u2019\u2019 \u00f6d\u00fcl\u00fc verildi. \u015eafak Pavey\u2019e \u00f6d\u00fcl\u00fc, D\u00fcnya Kad\u0131nlar G\u00fcn\u00fc\u2019nde ABD D\u0131\u015fi\u015fleri Bakanl\u0131\u011f\u0131\u2019nda yap\u0131lan t\u00f6rende verildi. \u015eafak Pavey TBMM\u2019ye se\u00e7ilen ilk engelli kad\u0131n milletvekili. \u015eafak Pavey t\u00fcm d\u00fcnyada savunmas\u0131z topluluklar, m\u00fclteciler ve engelliler i\u00e7in yapt\u0131\u011f\u0131 \u00e7al\u0131\u015fmalar\u0131ndan dolay\u0131 [&hellip;]\" \/>\n<meta property=\"og:url\" content=\"https:\/\/epochtimestr.com\/index.php\/safak-paveye-dunyanin-10-cesur-kadinindan-biri-olarak-odul-verild\" \/>\n<meta property=\"og:site_name\" content=\"The Epoch Times TR\" \/>\n<meta property=\"article:publisher\" content=\"https:\/\/www.facebook.com\/theepochtimestr\" \/>\n<meta property=\"article:published_time\" content=\"2012-03-11T19:22:10+00:00\" \/>\n<meta property=\"article:modified_time\" content=\"2012-03-12T18:08:26+00:00\" \/>\n<meta property=\"og:image\" content=\"https:\/\/epochtimestr.com\/wp-content\/uploads\/2011y\/chp-safak-pavey.jpg\" \/>\n\t<meta property=\"og:image:width\" content=\"470\" \/>\n\t<meta property=\"og:image:height\" content=\"300\" \/>\n\t<meta property=\"og:image:type\" content=\"image\/jpeg\" \/>\n<meta name=\"author\" content=\"D.Alk\u0131n\" \/>\n<meta name=\"twitter:card\" content=\"summary_large_image\" \/>\n<meta name=\"twitter:creator\" content=\"@TheEpochTimesTR\" \/>\n<meta name=\"twitter:site\" content=\"@TheEpochTimesTR\" \/>\n<meta name=\"twitter:label1\" content=\"Yazan:\" \/>\n\t<meta name=\"twitter:data1\" content=\"D.Alk\u0131n\" \/>\n\t<meta name=\"twitter:label2\" content=\"Tahmini okuma s\u00fcresi\" \/>\n\t<meta name=\"twitter:data2\" content=\"2 dakika\" \/>\n<script type=\"application\/ld+json\" class=\"yoast-schema-graph\">{\"@context\":\"https:\/\/schema.org\",\"@graph\":[{\"@type\":\"Article\",\"@id\":\"https:\/\/epochtimestr.com\/index.php\/safak-paveye-dunyanin-10-cesur-kadinindan-biri-olarak-odul-verild#article\",\"isPartOf\":{\"@id\":\"https:\/\/epochtimestr.com\/index.php\/safak-paveye-dunyanin-10-cesur-kadinindan-biri-olarak-odul-verild\"},\"author\":{\"name\":\"D.Alk\u0131n\",\"@id\":\"https:\/\/epochtimestr.com\/#\/schema\/person\/68d6c22d0fb4650d2f0b9f7d8f486b58\"},\"headline\":\"\u015eafak Pavey D\u00fcnya&#8217;n\u0131n 10 Cesur Kad\u0131n\u0131ndan Biri\",\"datePublished\":\"2012-03-11T19:22:10+00:00\",\"dateModified\":\"2012-03-12T18:08:26+00:00\",\"mainEntityOfPage\":{\"@id\":\"https:\/\/epochtimestr.com\/index.php\/safak-paveye-dunyanin-10-cesur-kadinindan-biri-olarak-odul-verild\"},\"wordCount\":425,\"commentCount\":0,\"publisher\":{\"@id\":\"https:\/\/epochtimestr.com\/#organization\"},\"image\":{\"@id\":\"https:\/\/epochtimestr.com\/index.php\/safak-paveye-dunyanin-10-cesur-kadinindan-biri-olarak-odul-verild#primaryimage\"},\"thumbnailUrl\":\"https:\/\/epochtimestr.com\/wp-content\/uploads\/2011y\/chp-safak-pavey.jpg\",\"articleSection\":[\"Taslak'da b\u0131rak\"],\"inLanguage\":\"tr\",\"potentialAction\":[{\"@type\":\"CommentAction\",\"name\":\"Comment\",\"target\":[\"https:\/\/epochtimestr.com\/index.php\/safak-paveye-dunyanin-10-cesur-kadinindan-biri-olarak-odul-verild#respond\"]}]},{\"@type\":\"WebPage\",\"@id\":\"https:\/\/epochtimestr.com\/index.php\/safak-paveye-dunyanin-10-cesur-kadinindan-biri-olarak-odul-verild\",\"url\":\"https:\/\/epochtimestr.com\/index.php\/safak-paveye-dunyanin-10-cesur-kadinindan-biri-olarak-odul-verild\",\"name\":\"\u015eafak Pavey D\u00fcnya'n\u0131n 10 Cesur Kad\u0131n\u0131ndan Biri - The Epoch Times TR\",\"isPartOf\":{\"@id\":\"https:\/\/epochtimestr.com\/#website\"},\"primaryImageOfPage\":{\"@id\":\"https:\/\/epochtimestr.com\/index.php\/safak-paveye-dunyanin-10-cesur-kadinindan-biri-olarak-odul-verild#primaryimage\"},\"image\":{\"@id\":\"https:\/\/epochtimestr.com\/index.php\/safak-paveye-dunyanin-10-cesur-kadinindan-biri-olarak-odul-verild#primaryimage\"},\"thumbnailUrl\":\"https:\/\/epochtimestr.com\/wp-content\/uploads\/2011y\/chp-safak-pavey.jpg\",\"datePublished\":\"2012-03-11T19:22:10+00:00\",\"dateModified\":\"2012-03-12T18:08:26+00:00\",\"inLanguage\":\"tr\",\"potentialAction\":[{\"@type\":\"ReadAction\",\"target\":[\"https:\/\/epochtimestr.com\/index.php\/safak-paveye-dunyanin-10-cesur-kadinindan-biri-olarak-odul-verild\"]}]},{\"@type\":\"ImageObject\",\"inLanguage\":\"tr\",\"@id\":\"https:\/\/epochtimestr.com\/index.php\/safak-paveye-dunyanin-10-cesur-kadinindan-biri-olarak-odul-verild#primaryimage\",\"url\":\"https:\/\/epochtimestr.com\/wp-content\/uploads\/2011y\/chp-safak-pavey.jpg\",\"contentUrl\":\"https:\/\/epochtimestr.com\/wp-content\/uploads\/2011y\/chp-safak-pavey.jpg\",\"width\":470,\"height\":300,\"caption\":\"\u015eafak Pavey'e '2012 cesur kad\u0131nlar \u00f6d\u00fcl\u00fc' verildi\"},{\"@type\":\"WebSite\",\"@id\":\"https:\/\/epochtimestr.com\/#website\",\"url\":\"https:\/\/epochtimestr.com\/\",\"name\":\"The Epoch Times TR\",\"description\":\"De\u011fi\u015fen D\u00fcnyam\u0131za Taze Bir Bak\u0131\u015f\",\"publisher\":{\"@id\":\"https:\/\/epochtimestr.com\/#organization\"},\"potentialAction\":[{\"@type\":\"SearchAction\",\"target\":{\"@type\":\"EntryPoint\",\"urlTemplate\":\"https:\/\/epochtimestr.com\/?s={search_term_string}\"},\"query-input\":\"required name=search_term_string\"}],\"inLanguage\":\"tr\"},{\"@type\":\"Organization\",\"@id\":\"https:\/\/epochtimestr.com\/#organization\",\"name\":\"The EpochTimes T\u00fcrkiye\",\"url\":\"https:\/\/epochtimestr.com\/\",\"logo\":{\"@type\":\"ImageObject\",\"inLanguage\":\"tr\",\"@id\":\"https:\/\/epochtimestr.com\/#\/schema\/logo\/image\/\",\"url\":\"https:\/\/epochtimestr.com\/wp-content\/uploads\/2011y\/ET-Logo-YG.jpg\",\"contentUrl\":\"https:\/\/epochtimestr.com\/wp-content\/uploads\/2011y\/ET-Logo-YG.jpg\",\"width\":346,\"height\":29,\"caption\":\"The EpochTimes T\u00fcrkiye\"},\"image\":{\"@id\":\"https:\/\/epochtimestr.com\/#\/schema\/logo\/image\/\"},\"sameAs\":[\"https:\/\/www.facebook.com\/theepochtimestr\",\"https:\/\/x.com\/TheEpochTimesTR\",\"https:\/\/www.instagram.com\/epochtimestr\"]},{\"@type\":\"Person\",\"@id\":\"https:\/\/epochtimestr.com\/#\/schema\/person\/68d6c22d0fb4650d2f0b9f7d8f486b58\",\"name\":\"D.Alk\u0131n\",\"image\":{\"@type\":\"ImageObject\",\"inLanguage\":\"tr\",\"@id\":\"https:\/\/epochtimestr.com\/#\/schema\/person\/image\/\",\"url\":\"https:\/\/secure.gravatar.com\/avatar\/595e935617b845a3d7cc21afea615017?s=96&d=mm&r=g\",\"contentUrl\":\"https:\/\/secure.gravatar.com\/avatar\/595e935617b845a3d7cc21afea615017?s=96&d=mm&r=g\",\"caption\":\"D.Alk\u0131n\"},\"url\":\"https:\/\/epochtimestr.com\/index.php\/author\/derya\"}]}<\/script>\n<!-- \/ Yoast SEO plugin. -->","yoast_head_json":{"title":"\u015eafak Pavey D\u00fcnya'n\u0131n 10 Cesur Kad\u0131n\u0131ndan Biri  - The Epoch Times TR","robots":{"index":"index","follow":"follow","max-snippet":"max-snippet:-1","max-image-preview":"max-image-preview:large","max-video-preview":"max-video-preview:-1"},"canonical":"https:\/\/epochtimestr.com\/index.php\/safak-paveye-dunyanin-10-cesur-kadinindan-biri-olarak-odul-verild","og_locale":"tr_TR","og_type":"article","og_title":"\u015eafak Pavey D\u00fcnya'n\u0131n 10 Cesur Kad\u0131n\u0131ndan Biri  - The Epoch Times TR","og_description":"\u015eafak Pavey&#8217;e D\u00fcnya&#8217;n\u0131n 10 Cesur Kad\u0131n\u0131ndan Biri\u00a0\u00a0 \u00d6d\u00fcl\u00fc Verildi CHP \u0130stanbul Milletvekili \u015eafak Pavey&#8217;e\u00a0\u00a0ABD D\u0131\u015fi\u015fleri Bakanl\u0131\u011f\u0131\u2019n\u0131n \u2018\u20182012 Uluslararas\u0131 Cesur Kad\u0131nlar\u2019\u2019 \u00f6d\u00fcl\u00fc verildi. \u015eafak Pavey\u2019e \u00f6d\u00fcl\u00fc, D\u00fcnya Kad\u0131nlar G\u00fcn\u00fc\u2019nde ABD D\u0131\u015fi\u015fleri Bakanl\u0131\u011f\u0131\u2019nda yap\u0131lan t\u00f6rende verildi. \u015eafak Pavey TBMM\u2019ye se\u00e7ilen ilk engelli kad\u0131n milletvekili. \u015eafak Pavey t\u00fcm d\u00fcnyada savunmas\u0131z topluluklar, m\u00fclteciler ve engelliler i\u00e7in yapt\u0131\u011f\u0131 \u00e7al\u0131\u015fmalar\u0131ndan dolay\u0131 [&hellip;]","og_url":"https:\/\/epochtimestr.com\/index.php\/safak-paveye-dunyanin-10-cesur-kadinindan-biri-olarak-odul-verild","og_site_name":"The Epoch Times TR","article_publisher":"https:\/\/www.facebook.com\/theepochtimestr","article_published_time":"2012-03-11T19:22:10+00:00","article_modified_time":"2012-03-12T18:08:26+00:00","og_image":[{"width":470,"height":300,"url":"https:\/\/epochtimestr.com\/wp-content\/uploads\/2011y\/chp-safak-pavey.jpg","type":"image\/jpeg"}],"author":"D.Alk\u0131n","twitter_card":"summary_large_image","twitter_creator":"@TheEpochTimesTR","twitter_site":"@TheEpochTimesTR","twitter_misc":{"Yazan:":"D.Alk\u0131n","Tahmini okuma s\u00fcresi":"2 dakika"},"schema":{"@context":"https:\/\/schema.org","@graph":[{"@type":"Article","@id":"https:\/\/epochtimestr.com\/index.php\/safak-paveye-dunyanin-10-cesur-kadinindan-biri-olarak-odul-verild#article","isPartOf":{"@id":"https:\/\/epochtimestr.com\/index.php\/safak-paveye-dunyanin-10-cesur-kadinindan-biri-olarak-odul-verild"},"author":{"name":"D.Alk\u0131n","@id":"https:\/\/epochtimestr.com\/#\/schema\/person\/68d6c22d0fb4650d2f0b9f7d8f486b58"},"headline":"\u015eafak Pavey D\u00fcnya&#8217;n\u0131n 10 Cesur Kad\u0131n\u0131ndan Biri","datePublished":"2012-03-11T19:22:10+00:00","dateModified":"2012-03-12T18:08:26+00:00","mainEntityOfPage":{"@id":"https:\/\/epochtimestr.com\/index.php\/safak-paveye-dunyanin-10-cesur-kadinindan-biri-olarak-odul-verild"},"wordCount":425,"commentCount":0,"publisher":{"@id":"https:\/\/epochtimestr.com\/#organization"},"image":{"@id":"https:\/\/epochtimestr.com\/index.php\/safak-paveye-dunyanin-10-cesur-kadinindan-biri-olarak-odul-verild#primaryimage"},"thumbnailUrl":"https:\/\/epochtimestr.com\/wp-content\/uploads\/2011y\/chp-safak-pavey.jpg","articleSection":["Taslak'da b\u0131rak"],"inLanguage":"tr","potentialAction":[{"@type":"CommentAction","name":"Comment","target":["https:\/\/epochtimestr.com\/index.php\/safak-paveye-dunyanin-10-cesur-kadinindan-biri-olarak-odul-verild#respond"]}]},{"@type":"WebPage","@id":"https:\/\/epochtimestr.com\/index.php\/safak-paveye-dunyanin-10-cesur-kadinindan-biri-olarak-odul-verild","url":"https:\/\/epochtimestr.com\/index.php\/safak-paveye-dunyanin-10-cesur-kadinindan-biri-olarak-odul-verild","name":"\u015eafak Pavey D\u00fcnya'n\u0131n 10 Cesur Kad\u0131n\u0131ndan Biri - The Epoch Times TR","isPartOf":{"@id":"https:\/\/epochtimestr.com\/#website"},"primaryImageOfPage":{"@id":"https:\/\/epochtimestr.com\/index.php\/safak-paveye-dunyanin-10-cesur-kadinindan-biri-olarak-odul-verild#primaryimage"},"image":{"@id":"https:\/\/epochtimestr.com\/index.php\/safak-paveye-dunyanin-10-cesur-kadinindan-biri-olarak-odul-verild#primaryimage"},"thumbnailUrl":"https:\/\/epochtimestr.com\/wp-content\/uploads\/2011y\/chp-safak-pavey.jpg","datePublished":"2012-03-11T19:22:10+00:00","dateModified":"2012-03-12T18:08:26+00:00","inLanguage":"tr","potentialAction":[{"@type":"ReadAction","target":["https:\/\/epochtimestr.com\/index.php\/safak-paveye-dunyanin-10-cesur-kadinindan-biri-olarak-odul-verild"]}]},{"@type":"ImageObject","inLanguage":"tr","@id":"https:\/\/epochtimestr.com\/index.php\/safak-paveye-dunyanin-10-cesur-kadinindan-biri-olarak-odul-verild#primaryimage","url":"https:\/\/epochtimestr.com\/wp-content\/uploads\/2011y\/chp-safak-pavey.jpg","contentUrl":"https:\/\/epochtimestr.com\/wp-content\/uploads\/2011y\/chp-safak-pavey.jpg","width":470,"height":300,"caption":"\u015eafak Pavey'e '2012 cesur kad\u0131nlar \u00f6d\u00fcl\u00fc' verildi"},{"@type":"WebSite","@id":"https:\/\/epochtimestr.com\/#website","url":"https:\/\/epochtimestr.com\/","name":"The Epoch Times TR","description":"De\u011fi\u015fen D\u00fcnyam\u0131za Taze Bir Bak\u0131\u015f","publisher":{"@id":"https:\/\/epochtimestr.com\/#organization"},"potentialAction":[{"@type":"SearchAction","target":{"@type":"EntryPoint","urlTemplate":"https:\/\/epochtimestr.com\/?s={search_term_string}"},"query-input":"required name=search_term_string"}],"inLanguage":"tr"},{"@type":"Organization","@id":"https:\/\/epochtimestr.com\/#organization","name":"The EpochTimes T\u00fcrkiye","url":"https:\/\/epochtimestr.com\/","logo":{"@type":"ImageObject","inLanguage":"tr","@id":"https:\/\/epochtimestr.com\/#\/schema\/logo\/image\/","url":"https:\/\/epochtimestr.com\/wp-content\/uploads\/2011y\/ET-Logo-YG.jpg","contentUrl":"https:\/\/epochtimestr.com\/wp-content\/uploads\/2011y\/ET-Logo-YG.jpg","width":346,"height":29,"caption":"The EpochTimes T\u00fcrkiye"},"image":{"@id":"https:\/\/epochtimestr.com\/#\/schema\/logo\/image\/"},"sameAs":["https:\/\/www.facebook.com\/theepochtimestr","https:\/\/x.com\/TheEpochTimesTR","https:\/\/www.instagram.com\/epochtimestr"]},{"@type":"Person","@id":"https:\/\/epochtimestr.com\/#\/schema\/person\/68d6c22d0fb4650d2f0b9f7d8f486b58","name":"D.Alk\u0131n","image":{"@type":"ImageObject","inLanguage":"tr","@id":"https:\/\/epochtimestr.com\/#\/schema\/person\/image\/","url":"https:\/\/secure.gravatar.com\/avatar\/595e935617b845a3d7cc21afea615017?s=96&d=mm&r=g","contentUrl":"https:\/\/secure.gravatar.com\/avatar\/595e935617b845a3d7cc21afea615017?s=96&d=mm&r=g","caption":"D.Alk\u0131n"},"url":"https:\/\/epochtimestr.com\/index.php\/author\/derya"}]}},"_links":{"self":[{"href":"https:\/\/epochtimestr.com\/index.php\/wp-json\/wp\/v2\/posts\/56040"}],"collection":[{"href":"https:\/\/epochtimestr.com\/index.php\/wp-json\/wp\/v2\/posts"}],"about":[{"href":"https:\/\/epochtimestr.com\/index.php\/wp-json\/wp\/v2\/types\/post"}],"author":[{"embeddable":true,"href":"https:\/\/epochtimestr.com\/index.php\/wp-json\/wp\/v2\/users\/7"}],"replies":[{"embeddable":true,"href":"https:\/\/epochtimestr.com\/index.php\/wp-json\/wp\/v2\/comments?post=56040"}],"version-history":[{"count":7,"href":"https:\/\/epochtimestr.com\/index.php\/wp-json\/wp\/v2\/posts\/56040\/revisions"}],"predecessor-version":[{"id":56070,"href":"https:\/\/epochtimestr.com\/index.php\/wp-json\/wp\/v2\/posts\/56040\/revisions\/56070"}],"wp:featuredmedia":[{"embeddable":true,"href":"https:\/\/epochtimestr.com\/index.php\/wp-json\/wp\/v2\/media\/56042"}],"wp:attachment":[{"href":"https:\/\/epochtimestr.com\/index.php\/wp-json\/wp\/v2\/media?parent=56040"}],"wp:term":[{"taxonomy":"category","embeddable":true,"href":"https:\/\/epochtimestr.com\/index.php\/wp-json\/wp\/v2\/categories?post=56040"},{"taxonomy":"post_tag","embeddable":true,"href":"https:\/\/epochtimestr.com\/index.php\/wp-json\/wp\/v2\/tags?post=56040"}],"curies":[{"name":"wp","href":"https:\/\/api.w.org\/{rel}","templated":true}]}}