{"id":56338,"date":"2012-03-19T21:33:26","date_gmt":"2012-03-19T18:33:26","guid":{"rendered":"http:\/\/epochtimestr.com\/?p=56338"},"modified":"2012-03-19T21:33:38","modified_gmt":"2012-03-19T18:33:38","slug":"dunku-nevruz-kutlamasinda-bdpli-haci-zengin-yasamini-kaybetti","status":"publish","type":"post","link":"https:\/\/epochtimestr.com\/index.php\/dunku-nevruz-kutlamasinda-bdpli-haci-zengin-yasamini-kaybetti","title":{"rendered":"D\u00fcnk\u00fc Nevruz Kutlamas\u0131nda BDP&#8217;li Hac\u0131 Zengin Ya\u015fam\u0131n\u0131 Kaybetti"},"content":{"rendered":"<h1 style=\"text-align: justify;\"><a class=\"highslide\" onclick=\"return vz.expand(this)\" href=\"https:\/\/epochtimestr.com\/index.php\/dunku-nevruz-kutlamasinda-bdpli-haci-zengin-yasamini-kaybetti\/800px-newroz_istanbul4\/\" rel=\"attachment wp-att-56339\"><img loading=\"lazy\" decoding=\"async\" class=\"aligncenter size-medium wp-image-56339\" title=\"800px-Newroz_Istanbul(4)\" src=\"https:\/\/epochtimestr.com\/wp-content\/uploads\/2011y\/800px-Newroz_Istanbul4-300x199.jpg\" alt=\"Nevruz kutlamalar\u0131nda ate\u015f \u00fczerinden atlama- Vikipedi\" width=\"300\" height=\"199\" srcset=\"https:\/\/epochtimestr.com\/wp-content\/uploads\/2011y\/800px-Newroz_Istanbul4-300x199.jpg 300w, https:\/\/epochtimestr.com\/wp-content\/uploads\/2011y\/800px-Newroz_Istanbul4-292x194.jpg 292w, https:\/\/epochtimestr.com\/wp-content\/uploads\/2011y\/800px-Newroz_Istanbul4-60x40.jpg 60w, https:\/\/epochtimestr.com\/wp-content\/uploads\/2011y\/800px-Newroz_Istanbul4.jpg 314w\" sizes=\"(max-width: 300px) 100vw, 300px\" \/><\/a>D\u00fcnk\u00fc Nevruz Kutlamas\u0131nda BDP&#8217;li Hac\u0131 Zengin Ya\u015fam\u0131n\u0131 Kaybetti<\/h1>\n<p style=\"text-align: justify;\">D\u00fcn BDP\u2019nin Nevruz kutlamalar\u0131 s\u0131ras\u0131nda BDP Arnavutk\u00f6y \u0130l\u00e7e Ba\u015fkan\u0131 57 ya\u015f\u0131ndaki Hac\u0131 Zengin at\u0131lan dumandan zehirlenerek hayat\u0131n\u0131 kaybetti.<\/p>\n<p style=\"text-align: justify;\">BDP\u2019nin Nevruz kutlamas\u0131 s\u0131ras\u0131nda \u00a0Kazl\u0131\u00e7e\u015fme\u2019de yap\u0131lan g\u00f6sterilere polis izin vermedi. BDP\u2019li milletvekillerinin de bulundu\u011fu grup da\u011f\u0131lmay\u0131nca polis gaz bombas\u0131 ve tazyikli su ile grubu da\u011f\u0131tmaya \u00e7al\u0131\u015ft\u0131. Aralar\u0131nda BDP\u2019li Kad\u0131n milletvekillerinin de bulundu\u011fu grupta bulunan Hac\u0131 Zengin yedi\u011fi polis copu ve gazdan etkilenerek yere y\u0131\u011f\u0131ld\u0131. Beraberindekilerin sakinle\u015ftirdi\u011fi Zengin Arnavutk\u00f6y\u2019e evine d\u00f6nd\u00fc. Evinde fenala\u015fan Hac\u0131 Zengin hastaneye\u00a0 kald\u0131r\u0131ld\u0131. Hastanede yap\u0131lan t\u00fcm m\u00fcdahalelere ra\u011fmen kurtar\u0131lamad\u0131.<\/p>\n<p style=\"text-align: justify;\">Hac\u0131 Zengin\u2019in Adli T\u0131p Kurumu\u2019na kald\u0131r\u0131lan cenazesini alan grupta BDP\u2019li milletvekilleri <a title=\"YSK\u2019dan BDP\u2019li Ba\u011f\u0131ms\u0131z Adaylara \u015eok Karar\" href=\"https:\/\/epochtimestr.com\/index.php\/yskdan-bdpli-bagimsiz-adaylara-sok-karar\/\" target=\"_blank\">G\u00fclten K\u0131\u015fanak<\/a>, Sebahat Tuncel ve S\u0131rr\u0131 S\u00fcreyya \u00d6nder\u2019de vard\u0131. Cenazeyi teslim almak isteyen grubunG elinde PKK bayraklar\u0131 ve Abdullah \u00d6calan\u2019\u0131n posteri de vard\u0131.<\/p>\n<h2 style=\"text-align: justify;\">\u0130stanbul Valisi H\u00fcseyin Avni Mutlu A\u00e7\u0131klamalarda Bulundu<\/h2>\n<p style=\"text-align: justify;\">\u0130stanbul Valisi H\u00fcseyin Avni Mutlu, Kazl\u0131\u00e7e\u015fme\u2019deki olaylardan etkilenen Hac\u0131 Zengin\u2019le ilgili yapt\u0131\u011f\u0131 a\u00e7\u0131klamada \u2018\u2018Vatanda\u015f\u0131m\u0131zda darp izi yok, kendisinin \u00e7ok ciddi bir ast\u0131m rahats\u0131zl\u0131\u011f\u0131 bulunuyormu\u015f.\u2019\u2019dedi.<\/p>\n<p style=\"text-align: justify;\">Vali Mutlu Beyo\u011flu \u00d6zel Esayan Ermeni Lisesi\u2019nde kat\u0131ld\u0131\u011f\u0131 t\u00f6rende gazetecilerin Nevruz\u2019la ilgili sorular\u0131n\u0131 yan\u0131tlad\u0131. \u0130zin verilmemesine ra\u011fmen kutlanmak istenen Nevruz olaylar\u0131 s\u0131ras\u0131nda 135 ki\u015finin tutukland\u0131\u011f\u0131n\u0131 a\u00e7\u0131klad\u0131.<\/p>\n<p style=\"text-align: justify;\">G\u00f6steriler s\u0131ras\u0131nda at\u0131lan biber gaz\u0131ndan zehirlenerek \u00f6ld\u00fc\u011f\u00fc iddia edilen Hac\u0131 Zengin\u2019le ilgili soruya kar\u015f\u0131l\u0131k veren vali Mutlu, &#8220;Hayat\u0131n\u0131 kaybetmi\u015f olan vatanda\u015f\u0131m\u0131za rahmet dileklerimi iletmek istiyorum. Ailesine ba\u015f sa\u011fl\u0131\u011f\u0131 diliyorum. Parti y\u00f6neticili\u011fi ile ilgili bir bilgi verdiniz. Do\u011frudan do\u011fruya bir parti y\u00f6neticili\u011fi yok. Partide g\u00f6rev alm\u0131\u015f bir pozisyonu yok ama parti mensubu. Vatanda\u015f\u0131m\u0131z\u0131n bilinen ciddi ast\u0131m rahats\u0131zl\u0131\u011f\u0131 var. Bununla ilgili tedavi g\u00f6ren birisi. Saat 13.30&#8217;da \u00a0Arnavutk\u00f6y\u2019de evinde. 15.30 hastaneye gidi\u015f saati ve hastanede yap\u0131lan de\u011ferlendirmede v\u00fccudunda i\u015faret fi\u015fe\u011fi veya farkl\u0131 \u015feylerden dolay\u0131 herhangi bir iz, emare yok. \u0130sabet etmi\u015f herhangi bir \u015feyden dolay\u0131 etkilenme s\u00f6z konusu de\u011fil&#8221; diye konu\u015ftu.<\/p>\n<p style=\"text-align: justify;\">G\u00f6stericilerin duraklara, otob\u00fcslere ve benzer yerlere sald\u0131r\u0131lar\u0131n\u0131n ancak huzursuzluk \u00e7\u0131karmak, tahrikte bulunmak ve Nevruz\u2019un tad\u0131n\u0131 ka\u00e7\u0131rmak i\u00e7in yap\u0131ld\u0131\u011f\u0131n\u0131 anlatan vali Mutlu, \u2018\u2018Biz Nevruz\u2019u tad\u0131nda kutlay\u0131n dedik ama nas\u0131l kutlamak istediklerini hepimiz g\u00f6rd\u00fck.\u2019\u2019 Dedi.<\/p>\n<p style=\"text-align: justify;\">Mutlu, \u00e7\u0131kan olaylarda g\u00f6stericilerin neden oldu\u011fu zararla ilgili de tahrikleri ve tahripleri yapanlar\u0131n tespit edilip, bu zarar\u0131n kendilerine \u00f6detilmesi y\u00f6n\u00fcnde ilgililer hakk\u0131nda davalar a\u00e7\u0131laca\u011f\u0131n\u0131 ifade etti.(Habert\u00fcrk)<\/p>\n<p style=\"text-align: justify;\">Anahtar Kelimeler: Kazl\u0131\u00e7e\u015fme, H\u00fcseyin Avni Mutlu, BDP,Hac\u0131 Zengin, Arnavutk\u00f6y,Nevruz<\/p>\n<p style=\"text-align: justify;\">\u00a0<\/p>\n<p style=\"text-align: justify;\">\u00a0<\/p>\n<p style=\"text-align: justify;\">\u00a0<\/p>\n<p style=\"text-align: justify;\">\u00a0<\/p>\n<p style=\"text-align: justify;\">\u00a0<\/p>\n","protected":false},"excerpt":{"rendered":"<p>D\u00fcnk\u00fc Nevruz Kutlamas\u0131nda BDP&#8217;li Hac\u0131 Zengin Ya\u015fam\u0131n\u0131 Kaybetti D\u00fcn BDP\u2019nin Nevruz kutlamalar\u0131 s\u0131ras\u0131nda BDP Arnavutk\u00f6y \u0130l\u00e7e Ba\u015fkan\u0131 57 ya\u015f\u0131ndaki Hac\u0131 Zengin at\u0131lan dumandan zehirlenerek hayat\u0131n\u0131 kaybetti. BDP\u2019nin Nevruz kutlamas\u0131 s\u0131ras\u0131nda \u00a0Kazl\u0131\u00e7e\u015fme\u2019de yap\u0131lan g\u00f6sterilere polis izin vermedi. BDP\u2019li milletvekillerinin de bulundu\u011fu grup da\u011f\u0131lmay\u0131nca polis gaz bombas\u0131 ve tazyikli su ile grubu da\u011f\u0131tmaya \u00e7al\u0131\u015ft\u0131. Aralar\u0131nda BDP\u2019li Kad\u0131n [&hellip;]<\/p>\n","protected":false},"author":7,"featured_media":56339,"comment_status":"open","ping_status":"open","sticky":false,"template":"","format":"standard","meta":{"_yoast_wpseo_focuskw":"","_yoast_wpseo_title":"","_yoast_wpseo_metadesc":"","_bbp_topic_count":0,"_bbp_reply_count":0,"_bbp_total_topic_count":0,"_bbp_total_reply_count":0,"_bbp_voice_count":0,"_bbp_anonymous_reply_count":0,"_bbp_topic_count_hidden":0,"_bbp_reply_count_hidden":0,"_bbp_forum_subforum_count":0,"footnotes":"","_yoast_wpseo_focuskw_text_input":""},"categories":[60],"tags":[],"yoast_head":"<!-- This site is optimized with the Yoast SEO plugin v23.0 - https:\/\/yoast.com\/wordpress\/plugins\/seo\/ -->\n<title>D\u00fcnk\u00fc Nevruz Kutlamas\u0131nda BDP&#039;li Hac\u0131 Zengin Ya\u015fam\u0131n\u0131 Kaybetti - The Epoch Times TR<\/title>\n<meta name=\"robots\" content=\"index, follow, max-snippet:-1, max-image-preview:large, max-video-preview:-1\" \/>\n<link rel=\"canonical\" href=\"https:\/\/epochtimestr.com\/index.php\/dunku-nevruz-kutlamasinda-bdpli-haci-zengin-yasamini-kaybetti\" \/>\n<meta property=\"og:locale\" content=\"tr_TR\" \/>\n<meta property=\"og:type\" content=\"article\" \/>\n<meta property=\"og:title\" content=\"D\u00fcnk\u00fc Nevruz Kutlamas\u0131nda BDP&#039;li Hac\u0131 Zengin Ya\u015fam\u0131n\u0131 Kaybetti - The Epoch Times TR\" \/>\n<meta property=\"og:description\" content=\"D\u00fcnk\u00fc Nevruz Kutlamas\u0131nda BDP&#8217;li Hac\u0131 Zengin Ya\u015fam\u0131n\u0131 Kaybetti D\u00fcn BDP\u2019nin Nevruz kutlamalar\u0131 s\u0131ras\u0131nda BDP Arnavutk\u00f6y \u0130l\u00e7e Ba\u015fkan\u0131 57 ya\u015f\u0131ndaki Hac\u0131 Zengin at\u0131lan dumandan zehirlenerek hayat\u0131n\u0131 kaybetti. BDP\u2019nin Nevruz kutlamas\u0131 s\u0131ras\u0131nda \u00a0Kazl\u0131\u00e7e\u015fme\u2019de yap\u0131lan g\u00f6sterilere polis izin vermedi. BDP\u2019li milletvekillerinin de bulundu\u011fu grup da\u011f\u0131lmay\u0131nca polis gaz bombas\u0131 ve tazyikli su ile grubu da\u011f\u0131tmaya \u00e7al\u0131\u015ft\u0131. Aralar\u0131nda BDP\u2019li Kad\u0131n [&hellip;]\" \/>\n<meta property=\"og:url\" content=\"https:\/\/epochtimestr.com\/index.php\/dunku-nevruz-kutlamasinda-bdpli-haci-zengin-yasamini-kaybetti\" \/>\n<meta property=\"og:site_name\" content=\"The Epoch Times TR\" \/>\n<meta property=\"article:publisher\" content=\"https:\/\/www.facebook.com\/theepochtimestr\" \/>\n<meta property=\"article:published_time\" content=\"2012-03-19T18:33:26+00:00\" \/>\n<meta property=\"article:modified_time\" content=\"2012-03-19T18:33:38+00:00\" \/>\n<meta property=\"og:image\" content=\"https:\/\/epochtimestr.com\/wp-content\/uploads\/2011y\/800px-Newroz_Istanbul4.jpg\" \/>\n\t<meta property=\"og:image:width\" content=\"314\" \/>\n\t<meta property=\"og:image:height\" content=\"209\" \/>\n\t<meta property=\"og:image:type\" content=\"image\/jpeg\" \/>\n<meta name=\"author\" content=\"D.Alk\u0131n\" \/>\n<meta name=\"twitter:card\" content=\"summary_large_image\" \/>\n<meta name=\"twitter:creator\" content=\"@TheEpochTimesTR\" \/>\n<meta name=\"twitter:site\" content=\"@TheEpochTimesTR\" \/>\n<meta name=\"twitter:label1\" content=\"Yazan:\" \/>\n\t<meta name=\"twitter:data1\" content=\"D.Alk\u0131n\" \/>\n\t<meta name=\"twitter:label2\" content=\"Tahmini okuma s\u00fcresi\" \/>\n\t<meta name=\"twitter:data2\" content=\"2 dakika\" \/>\n<script type=\"application\/ld+json\" class=\"yoast-schema-graph\">{\"@context\":\"https:\/\/schema.org\",\"@graph\":[{\"@type\":\"Article\",\"@id\":\"https:\/\/epochtimestr.com\/index.php\/dunku-nevruz-kutlamasinda-bdpli-haci-zengin-yasamini-kaybetti#article\",\"isPartOf\":{\"@id\":\"https:\/\/epochtimestr.com\/index.php\/dunku-nevruz-kutlamasinda-bdpli-haci-zengin-yasamini-kaybetti\"},\"author\":{\"name\":\"D.Alk\u0131n\",\"@id\":\"https:\/\/epochtimestr.com\/#\/schema\/person\/68d6c22d0fb4650d2f0b9f7d8f486b58\"},\"headline\":\"D\u00fcnk\u00fc Nevruz Kutlamas\u0131nda BDP&#8217;li Hac\u0131 Zengin Ya\u015fam\u0131n\u0131 Kaybetti\",\"datePublished\":\"2012-03-19T18:33:26+00:00\",\"dateModified\":\"2012-03-19T18:33:38+00:00\",\"mainEntityOfPage\":{\"@id\":\"https:\/\/epochtimestr.com\/index.php\/dunku-nevruz-kutlamasinda-bdpli-haci-zengin-yasamini-kaybetti\"},\"wordCount\":510,\"commentCount\":0,\"publisher\":{\"@id\":\"https:\/\/epochtimestr.com\/#organization\"},\"image\":{\"@id\":\"https:\/\/epochtimestr.com\/index.php\/dunku-nevruz-kutlamasinda-bdpli-haci-zengin-yasamini-kaybetti#primaryimage\"},\"thumbnailUrl\":\"https:\/\/epochtimestr.com\/wp-content\/uploads\/2011y\/800px-Newroz_Istanbul4.jpg\",\"articleSection\":[\"Taslak'da b\u0131rak\"],\"inLanguage\":\"tr\",\"potentialAction\":[{\"@type\":\"CommentAction\",\"name\":\"Comment\",\"target\":[\"https:\/\/epochtimestr.com\/index.php\/dunku-nevruz-kutlamasinda-bdpli-haci-zengin-yasamini-kaybetti#respond\"]}]},{\"@type\":\"WebPage\",\"@id\":\"https:\/\/epochtimestr.com\/index.php\/dunku-nevruz-kutlamasinda-bdpli-haci-zengin-yasamini-kaybetti\",\"url\":\"https:\/\/epochtimestr.com\/index.php\/dunku-nevruz-kutlamasinda-bdpli-haci-zengin-yasamini-kaybetti\",\"name\":\"D\u00fcnk\u00fc Nevruz Kutlamas\u0131nda BDP'li Hac\u0131 Zengin Ya\u015fam\u0131n\u0131 Kaybetti - The Epoch Times TR\",\"isPartOf\":{\"@id\":\"https:\/\/epochtimestr.com\/#website\"},\"primaryImageOfPage\":{\"@id\":\"https:\/\/epochtimestr.com\/index.php\/dunku-nevruz-kutlamasinda-bdpli-haci-zengin-yasamini-kaybetti#primaryimage\"},\"image\":{\"@id\":\"https:\/\/epochtimestr.com\/index.php\/dunku-nevruz-kutlamasinda-bdpli-haci-zengin-yasamini-kaybetti#primaryimage\"},\"thumbnailUrl\":\"https:\/\/epochtimestr.com\/wp-content\/uploads\/2011y\/800px-Newroz_Istanbul4.jpg\",\"datePublished\":\"2012-03-19T18:33:26+00:00\",\"dateModified\":\"2012-03-19T18:33:38+00:00\",\"inLanguage\":\"tr\",\"potentialAction\":[{\"@type\":\"ReadAction\",\"target\":[\"https:\/\/epochtimestr.com\/index.php\/dunku-nevruz-kutlamasinda-bdpli-haci-zengin-yasamini-kaybetti\"]}]},{\"@type\":\"ImageObject\",\"inLanguage\":\"tr\",\"@id\":\"https:\/\/epochtimestr.com\/index.php\/dunku-nevruz-kutlamasinda-bdpli-haci-zengin-yasamini-kaybetti#primaryimage\",\"url\":\"https:\/\/epochtimestr.com\/wp-content\/uploads\/2011y\/800px-Newroz_Istanbul4.jpg\",\"contentUrl\":\"https:\/\/epochtimestr.com\/wp-content\/uploads\/2011y\/800px-Newroz_Istanbul4.jpg\",\"width\":314,\"height\":209,\"caption\":\"Nevruz kutlamalar\u0131nda ate\u015f \u00fczerinden atlama- Vikipedi\"},{\"@type\":\"WebSite\",\"@id\":\"https:\/\/epochtimestr.com\/#website\",\"url\":\"https:\/\/epochtimestr.com\/\",\"name\":\"The Epoch Times TR\",\"description\":\"De\u011fi\u015fen D\u00fcnyam\u0131za Taze Bir Bak\u0131\u015f\",\"publisher\":{\"@id\":\"https:\/\/epochtimestr.com\/#organization\"},\"potentialAction\":[{\"@type\":\"SearchAction\",\"target\":{\"@type\":\"EntryPoint\",\"urlTemplate\":\"https:\/\/epochtimestr.com\/?s={search_term_string}\"},\"query-input\":\"required name=search_term_string\"}],\"inLanguage\":\"tr\"},{\"@type\":\"Organization\",\"@id\":\"https:\/\/epochtimestr.com\/#organization\",\"name\":\"The EpochTimes T\u00fcrkiye\",\"url\":\"https:\/\/epochtimestr.com\/\",\"logo\":{\"@type\":\"ImageObject\",\"inLanguage\":\"tr\",\"@id\":\"https:\/\/epochtimestr.com\/#\/schema\/logo\/image\/\",\"url\":\"https:\/\/epochtimestr.com\/wp-content\/uploads\/2011y\/ET-Logo-YG.jpg\",\"contentUrl\":\"https:\/\/epochtimestr.com\/wp-content\/uploads\/2011y\/ET-Logo-YG.jpg\",\"width\":346,\"height\":29,\"caption\":\"The EpochTimes T\u00fcrkiye\"},\"image\":{\"@id\":\"https:\/\/epochtimestr.com\/#\/schema\/logo\/image\/\"},\"sameAs\":[\"https:\/\/www.facebook.com\/theepochtimestr\",\"https:\/\/x.com\/TheEpochTimesTR\",\"https:\/\/www.instagram.com\/epochtimestr\"]},{\"@type\":\"Person\",\"@id\":\"https:\/\/epochtimestr.com\/#\/schema\/person\/68d6c22d0fb4650d2f0b9f7d8f486b58\",\"name\":\"D.Alk\u0131n\",\"image\":{\"@type\":\"ImageObject\",\"inLanguage\":\"tr\",\"@id\":\"https:\/\/epochtimestr.com\/#\/schema\/person\/image\/\",\"url\":\"https:\/\/secure.gravatar.com\/avatar\/595e935617b845a3d7cc21afea615017?s=96&d=mm&r=g\",\"contentUrl\":\"https:\/\/secure.gravatar.com\/avatar\/595e935617b845a3d7cc21afea615017?s=96&d=mm&r=g\",\"caption\":\"D.Alk\u0131n\"},\"url\":\"https:\/\/epochtimestr.com\/index.php\/author\/derya\"}]}<\/script>\n<!-- \/ Yoast SEO plugin. -->","yoast_head_json":{"title":"D\u00fcnk\u00fc Nevruz Kutlamas\u0131nda BDP'li Hac\u0131 Zengin Ya\u015fam\u0131n\u0131 Kaybetti - The Epoch Times TR","robots":{"index":"index","follow":"follow","max-snippet":"max-snippet:-1","max-image-preview":"max-image-preview:large","max-video-preview":"max-video-preview:-1"},"canonical":"https:\/\/epochtimestr.com\/index.php\/dunku-nevruz-kutlamasinda-bdpli-haci-zengin-yasamini-kaybetti","og_locale":"tr_TR","og_type":"article","og_title":"D\u00fcnk\u00fc Nevruz Kutlamas\u0131nda BDP'li Hac\u0131 Zengin Ya\u015fam\u0131n\u0131 Kaybetti - The Epoch Times TR","og_description":"D\u00fcnk\u00fc Nevruz Kutlamas\u0131nda BDP&#8217;li Hac\u0131 Zengin Ya\u015fam\u0131n\u0131 Kaybetti D\u00fcn BDP\u2019nin Nevruz kutlamalar\u0131 s\u0131ras\u0131nda BDP Arnavutk\u00f6y \u0130l\u00e7e Ba\u015fkan\u0131 57 ya\u015f\u0131ndaki Hac\u0131 Zengin at\u0131lan dumandan zehirlenerek hayat\u0131n\u0131 kaybetti. BDP\u2019nin Nevruz kutlamas\u0131 s\u0131ras\u0131nda \u00a0Kazl\u0131\u00e7e\u015fme\u2019de yap\u0131lan g\u00f6sterilere polis izin vermedi. BDP\u2019li milletvekillerinin de bulundu\u011fu grup da\u011f\u0131lmay\u0131nca polis gaz bombas\u0131 ve tazyikli su ile grubu da\u011f\u0131tmaya \u00e7al\u0131\u015ft\u0131. Aralar\u0131nda BDP\u2019li Kad\u0131n [&hellip;]","og_url":"https:\/\/epochtimestr.com\/index.php\/dunku-nevruz-kutlamasinda-bdpli-haci-zengin-yasamini-kaybetti","og_site_name":"The Epoch Times TR","article_publisher":"https:\/\/www.facebook.com\/theepochtimestr","article_published_time":"2012-03-19T18:33:26+00:00","article_modified_time":"2012-03-19T18:33:38+00:00","og_image":[{"width":314,"height":209,"url":"https:\/\/epochtimestr.com\/wp-content\/uploads\/2011y\/800px-Newroz_Istanbul4.jpg","type":"image\/jpeg"}],"author":"D.Alk\u0131n","twitter_card":"summary_large_image","twitter_creator":"@TheEpochTimesTR","twitter_site":"@TheEpochTimesTR","twitter_misc":{"Yazan:":"D.Alk\u0131n","Tahmini okuma s\u00fcresi":"2 dakika"},"schema":{"@context":"https:\/\/schema.org","@graph":[{"@type":"Article","@id":"https:\/\/epochtimestr.com\/index.php\/dunku-nevruz-kutlamasinda-bdpli-haci-zengin-yasamini-kaybetti#article","isPartOf":{"@id":"https:\/\/epochtimestr.com\/index.php\/dunku-nevruz-kutlamasinda-bdpli-haci-zengin-yasamini-kaybetti"},"author":{"name":"D.Alk\u0131n","@id":"https:\/\/epochtimestr.com\/#\/schema\/person\/68d6c22d0fb4650d2f0b9f7d8f486b58"},"headline":"D\u00fcnk\u00fc Nevruz Kutlamas\u0131nda BDP&#8217;li Hac\u0131 Zengin Ya\u015fam\u0131n\u0131 Kaybetti","datePublished":"2012-03-19T18:33:26+00:00","dateModified":"2012-03-19T18:33:38+00:00","mainEntityOfPage":{"@id":"https:\/\/epochtimestr.com\/index.php\/dunku-nevruz-kutlamasinda-bdpli-haci-zengin-yasamini-kaybetti"},"wordCount":510,"commentCount":0,"publisher":{"@id":"https:\/\/epochtimestr.com\/#organization"},"image":{"@id":"https:\/\/epochtimestr.com\/index.php\/dunku-nevruz-kutlamasinda-bdpli-haci-zengin-yasamini-kaybetti#primaryimage"},"thumbnailUrl":"https:\/\/epochtimestr.com\/wp-content\/uploads\/2011y\/800px-Newroz_Istanbul4.jpg","articleSection":["Taslak'da b\u0131rak"],"inLanguage":"tr","potentialAction":[{"@type":"CommentAction","name":"Comment","target":["https:\/\/epochtimestr.com\/index.php\/dunku-nevruz-kutlamasinda-bdpli-haci-zengin-yasamini-kaybetti#respond"]}]},{"@type":"WebPage","@id":"https:\/\/epochtimestr.com\/index.php\/dunku-nevruz-kutlamasinda-bdpli-haci-zengin-yasamini-kaybetti","url":"https:\/\/epochtimestr.com\/index.php\/dunku-nevruz-kutlamasinda-bdpli-haci-zengin-yasamini-kaybetti","name":"D\u00fcnk\u00fc Nevruz Kutlamas\u0131nda BDP'li Hac\u0131 Zengin Ya\u015fam\u0131n\u0131 Kaybetti - The Epoch Times TR","isPartOf":{"@id":"https:\/\/epochtimestr.com\/#website"},"primaryImageOfPage":{"@id":"https:\/\/epochtimestr.com\/index.php\/dunku-nevruz-kutlamasinda-bdpli-haci-zengin-yasamini-kaybetti#primaryimage"},"image":{"@id":"https:\/\/epochtimestr.com\/index.php\/dunku-nevruz-kutlamasinda-bdpli-haci-zengin-yasamini-kaybetti#primaryimage"},"thumbnailUrl":"https:\/\/epochtimestr.com\/wp-content\/uploads\/2011y\/800px-Newroz_Istanbul4.jpg","datePublished":"2012-03-19T18:33:26+00:00","dateModified":"2012-03-19T18:33:38+00:00","inLanguage":"tr","potentialAction":[{"@type":"ReadAction","target":["https:\/\/epochtimestr.com\/index.php\/dunku-nevruz-kutlamasinda-bdpli-haci-zengin-yasamini-kaybetti"]}]},{"@type":"ImageObject","inLanguage":"tr","@id":"https:\/\/epochtimestr.com\/index.php\/dunku-nevruz-kutlamasinda-bdpli-haci-zengin-yasamini-kaybetti#primaryimage","url":"https:\/\/epochtimestr.com\/wp-content\/uploads\/2011y\/800px-Newroz_Istanbul4.jpg","contentUrl":"https:\/\/epochtimestr.com\/wp-content\/uploads\/2011y\/800px-Newroz_Istanbul4.jpg","width":314,"height":209,"caption":"Nevruz kutlamalar\u0131nda ate\u015f \u00fczerinden atlama- Vikipedi"},{"@type":"WebSite","@id":"https:\/\/epochtimestr.com\/#website","url":"https:\/\/epochtimestr.com\/","name":"The Epoch Times TR","description":"De\u011fi\u015fen D\u00fcnyam\u0131za Taze Bir Bak\u0131\u015f","publisher":{"@id":"https:\/\/epochtimestr.com\/#organization"},"potentialAction":[{"@type":"SearchAction","target":{"@type":"EntryPoint","urlTemplate":"https:\/\/epochtimestr.com\/?s={search_term_string}"},"query-input":"required name=search_term_string"}],"inLanguage":"tr"},{"@type":"Organization","@id":"https:\/\/epochtimestr.com\/#organization","name":"The EpochTimes T\u00fcrkiye","url":"https:\/\/epochtimestr.com\/","logo":{"@type":"ImageObject","inLanguage":"tr","@id":"https:\/\/epochtimestr.com\/#\/schema\/logo\/image\/","url":"https:\/\/epochtimestr.com\/wp-content\/uploads\/2011y\/ET-Logo-YG.jpg","contentUrl":"https:\/\/epochtimestr.com\/wp-content\/uploads\/2011y\/ET-Logo-YG.jpg","width":346,"height":29,"caption":"The EpochTimes T\u00fcrkiye"},"image":{"@id":"https:\/\/epochtimestr.com\/#\/schema\/logo\/image\/"},"sameAs":["https:\/\/www.facebook.com\/theepochtimestr","https:\/\/x.com\/TheEpochTimesTR","https:\/\/www.instagram.com\/epochtimestr"]},{"@type":"Person","@id":"https:\/\/epochtimestr.com\/#\/schema\/person\/68d6c22d0fb4650d2f0b9f7d8f486b58","name":"D.Alk\u0131n","image":{"@type":"ImageObject","inLanguage":"tr","@id":"https:\/\/epochtimestr.com\/#\/schema\/person\/image\/","url":"https:\/\/secure.gravatar.com\/avatar\/595e935617b845a3d7cc21afea615017?s=96&d=mm&r=g","contentUrl":"https:\/\/secure.gravatar.com\/avatar\/595e935617b845a3d7cc21afea615017?s=96&d=mm&r=g","caption":"D.Alk\u0131n"},"url":"https:\/\/epochtimestr.com\/index.php\/author\/derya"}]}},"_links":{"self":[{"href":"https:\/\/epochtimestr.com\/index.php\/wp-json\/wp\/v2\/posts\/56338"}],"collection":[{"href":"https:\/\/epochtimestr.com\/index.php\/wp-json\/wp\/v2\/posts"}],"about":[{"href":"https:\/\/epochtimestr.com\/index.php\/wp-json\/wp\/v2\/types\/post"}],"author":[{"embeddable":true,"href":"https:\/\/epochtimestr.com\/index.php\/wp-json\/wp\/v2\/users\/7"}],"replies":[{"embeddable":true,"href":"https:\/\/epochtimestr.com\/index.php\/wp-json\/wp\/v2\/comments?post=56338"}],"version-history":[{"count":6,"href":"https:\/\/epochtimestr.com\/index.php\/wp-json\/wp\/v2\/posts\/56338\/revisions"}],"predecessor-version":[{"id":56345,"href":"https:\/\/epochtimestr.com\/index.php\/wp-json\/wp\/v2\/posts\/56338\/revisions\/56345"}],"wp:featuredmedia":[{"embeddable":true,"href":"https:\/\/epochtimestr.com\/index.php\/wp-json\/wp\/v2\/media\/56339"}],"wp:attachment":[{"href":"https:\/\/epochtimestr.com\/index.php\/wp-json\/wp\/v2\/media?parent=56338"}],"wp:term":[{"taxonomy":"category","embeddable":true,"href":"https:\/\/epochtimestr.com\/index.php\/wp-json\/wp\/v2\/categories?post=56338"},{"taxonomy":"post_tag","embeddable":true,"href":"https:\/\/epochtimestr.com\/index.php\/wp-json\/wp\/v2\/tags?post=56338"}],"curies":[{"name":"wp","href":"https:\/\/api.w.org\/{rel}","templated":true}]}}