{"id":57188,"date":"2012-04-16T09:43:41","date_gmt":"2012-04-16T06:43:41","guid":{"rendered":"http:\/\/epochtimestr.com\/?p=57188"},"modified":"2022-07-24T17:42:22","modified_gmt":"2022-07-24T14:42:22","slug":"anneden-kiza-gecen-gelenek-igne-oyasi","status":"publish","type":"post","link":"https:\/\/epochtimestr.com\/index.php\/anneden-kiza-gecen-gelenek-igne-oyasi","title":{"rendered":"Anneden K\u0131za Ge\u00e7en Gelenek: \u0130\u011fne Oyas\u0131"},"content":{"rendered":"<figure id=\"attachment_57201\" aria-describedby=\"caption-attachment-57201\" style=\"width: 291px\" class=\"wp-caption alignleft\"><a class=\"highslide\" onclick=\"return vz.expand(this)\" href=\"https:\/\/epochtimestr.com\/index.php\/anneden-kiza-gecen-gelenek-igne-oyasi\/photo-5-2\/\" rel=\"attachment wp-att-57201\"><img loading=\"lazy\" decoding=\"async\" class=\"size-full wp-image-57201\" title=\"photo (5)\" alt=\"\" src=\"https:\/\/epochtimestr.com\/wp-content\/uploads\/2011y\/photo-51.jpg\" width=\"291\" height=\"235\" srcset=\"https:\/\/epochtimestr.com\/wp-content\/uploads\/2011y\/photo-51.jpg 291w, https:\/\/epochtimestr.com\/wp-content\/uploads\/2011y\/photo-51-150x121.jpg 150w\" sizes=\"(max-width: 291px) 100vw, 291px\" \/><\/a><figcaption id=\"caption-attachment-57201\" class=\"wp-caption-text\">\u00c7aml\u0131yayla Halk E\u011fitim Merkezi<\/figcaption><\/figure>\n<p style=\"text-align: justify;\">\u00c7aml\u0131yayla kad\u0131nlar\u0131 geleneksel el sanat\u0131 \u201c<strong>\u0130\u011fne Oyas\u0131<\/strong>\u201dn\u0131 ya\u015fat\u0131yor. Halk E\u011fitim Merkezinde ders alan kad\u0131nlar hem bu \u00f6zg\u00fcn el sanat\u0131n\u0131 devam ettiriyor hem de para kazan\u0131yor. Anneden k\u0131za aktar\u0131lan bu el sanat\u0131 ayn\u0131 zamanda il\u00e7enin en b\u00fcy\u00fck ge\u00e7im kayna\u011f\u0131.<\/p>\n<p style=\"text-align: justify;\">\u0130\u011fne oyas\u0131, \u00e7i\u00e7ekle \u00f6rg\u00fc sanat\u0131n\u0131n birle\u015fmesinden do\u011fmu\u015f s\u00fcslemek ve s\u00fcslenmek amac\u0131yla yap\u0131lan bir dantel t\u00fcr\u00fc. \u0130\u011fne ve iplik kullan\u0131larak y\u00fczlerce k\u00fc\u00e7\u00fck diki\u015f ile ba\u015fta \u00e7i\u00e7ek olmak \u00fczere bir\u00e7ok desenin yarat\u0131ld\u0131\u011f\u0131 bir \u00f6rg\u00fc tekni\u011fi.<\/p>\n<p style=\"text-align: justify;\">\u00c7aml\u0131yayla, Mersin ilinin Toroslardaki k\u00fc\u00e7\u00fck bir il\u00e7esi. Halk aras\u0131ndaki di\u011fer ad\u0131 Namrun. \u00a0Yayla oldu\u011fu i\u00e7in yaz\u0131n \u00e7ok hareketli. \u00c7aml\u0131yayla Halk E\u011fitim Merkezinde uzman e\u011fitmen Ziynet Tuncer \u015fu an 30\u2019un \u00fczerinde \u00f6\u011frenciye \u201c\u0130\u011fne Oyas\u0131\u201d dersi vermekte.<\/p>\n<p style=\"text-align: justify;\">Tuncer, i\u011fne oyas\u0131 tekni\u011fini yedi ya\u015f\u0131nda annesinden \u00f6\u011frendi\u011fini ve o ya\u015ftan beri bu i\u015fe g\u00f6n\u00fcl verdi\u011fini belirtti ve ekledi \u201cAs\u0131rlard\u0131r anneden k\u0131za ge\u00e7en bir el sanat\u0131. Kad\u0131nlar i\u011fne ile stresten uzak kal\u0131yor. Bu sayede hem iyi e\u015f ve anne oluyorlar hem de eve gelir getiriyorlar.\u201d Tuncer el eme\u011finin \u00e7ok yo\u011fun oldu\u011funu, sab\u0131r gerektiren bir sanat oldu\u011funu hat\u0131rlatt\u0131 ve bir \u00e7i\u00e7e\u011fi yapman\u0131n g\u00fcnler alabilece\u011fini belirtti.<\/p>\n<p style=\"text-align: justify;\">\u00c7aml\u0131yayla kad\u0131nlar\u0131 Mersin, Ankara ve \u0130stanbul\u2019da bulunan m\u00fc\u015fterilere sat\u0131\u015f yaparak az da olsa bir gelir elde ediyorlar ancak daha fazla seslerini duyurmak ve bu el sanatlar\u0131na deste\u011fi ve ilgiyi art\u0131rmak istiyorlar.<\/p>\n<figure id=\"attachment_57202\" aria-describedby=\"caption-attachment-57202\" style=\"width: 314px\" class=\"wp-caption alignleft\"><a class=\"highslide\" onclick=\"return vz.expand(this)\" href=\"https:\/\/epochtimestr.com\/index.php\/anneden-kiza-gecen-gelenek-igne-oyasi\/photo\/\" rel=\"attachment wp-att-57202\"><img loading=\"lazy\" decoding=\"async\" class=\"size-full wp-image-57202\" title=\"photo\" alt=\"\" src=\"https:\/\/epochtimestr.com\/wp-content\/uploads\/2011y\/photo.jpg\" width=\"314\" height=\"235\" srcset=\"https:\/\/epochtimestr.com\/wp-content\/uploads\/2011y\/photo.jpg 314w, https:\/\/epochtimestr.com\/wp-content\/uploads\/2011y\/photo-300x224.jpg 300w, https:\/\/epochtimestr.com\/wp-content\/uploads\/2011y\/photo-150x113.jpg 150w, https:\/\/epochtimestr.com\/wp-content\/uploads\/2011y\/photo-269x201.jpg 269w, https:\/\/epochtimestr.com\/wp-content\/uploads\/2011y\/photo-292x218.jpg 292w\" sizes=\"(max-width: 314px) 100vw, 314px\" \/><\/a><figcaption id=\"caption-attachment-57202\" class=\"wp-caption-text\">\u0130\u011fne Oyas\u0131 ile T\u00fcrkiye haritas\u0131<\/figcaption><\/figure>\n<p style=\"text-align: justify;\">Tuncer ve \u00f6\u011frencileri i\u011fne oyas\u0131n\u0131 geli\u015ftirerek de\u011fi\u015fik \u015fekiller ve motifler de \u00fcretiyor. \u00d6\u011frencileri ile birlikte bir T\u00fcrkiye haritas\u0131 bile yaratm\u0131\u015f.<\/p>\n<p style=\"text-align: justify;\">\u0130\u011fne oyas\u0131n\u0131n tarih\u00e7esi ile ilgili sa\u011flam kaynak bulmak zor ancak rivayetlere g\u00f6re insanlar\u0131n \u00f6rt\u00fcnme ihtiyac\u0131n\u0131 hissetti\u011fi zamanla ba\u015flam\u0131\u015f ve zevk, yarat\u0131c\u0131l\u0131k ile geli\u015fme g\u00f6stermi\u015f. D\u00fcnya literat\u00fcr\u00fcne &#8220;T\u00fcrk Danteli&#8221; olarak girmi\u015f olan i\u011fne oyalar\u0131n\u0131n Anadolu&#8217;da \u00e7ok eskilere dayanan belgeleri bulunmu\u015f. K\u00f6keni ara\u015ft\u0131r\u0131ld\u0131\u011f\u0131nda baz\u0131 \u00f6rg\u00fc adlar\u0131n\u0131n Ege masallar\u0131nda ge\u00e7ti\u011fi, 1905&#8217;de Menfiz kaz\u0131lar\u0131nda bulunan eski \u00f6rneklerden de bu sanat\u0131n ba\u015flang\u0131c\u0131n\u0131n M.\u00d6 2000 y\u0131llar\u0131na kadar uzand\u0131\u011f\u0131 tespit edilmi\u015f. Di\u011fer kaynaklarda ise i\u011fne ile yap\u0131lan bu oyalar\u0131n 12. y\u00fczy\u0131lda Anadolu&#8217;dan Balkanlara oradan da \u0130talya yoluyla Avrupa&#8217;ya yay\u0131ld\u0131\u011f\u0131 sonucuna ula\u015f\u0131lmakta.<\/p>\n<p style=\"text-align: justify;\">\u0130\u011fne oyalar\u0131 ile \u00fcnl\u00fc bir di\u011fer il\u00e7emiz Nall\u0131han, Ankara. Orada i\u011fne oyas\u0131 olduk\u00e7a geli\u015fmi\u015f ve hatta a\u011f\u0131rl\u0131kl\u0131 olarak ipek ile yap\u0131lmakta. Tuncer ipek ile yap\u0131lan i\u011fne oyas\u0131n\u0131n daha zor oldu\u011funu belirtti.<\/p>\n","protected":false},"excerpt":{"rendered":"<p>\u00c7aml\u0131yayla kad\u0131nlar\u0131 geleneksel el sanat\u0131 \u201c\u0130\u011fne Oyas\u0131\u201dn\u0131 ya\u015fat\u0131yor. Halk E\u011fitim Merkezinde ders alan kad\u0131nlar hem bu \u00f6zg\u00fcn el sanat\u0131n\u0131 devam ettiriyor hem de para kazan\u0131yor. Anneden k\u0131za aktar\u0131lan bu el sanat\u0131 ayn\u0131 zamanda il\u00e7enin en b\u00fcy\u00fck ge\u00e7im kayna\u011f\u0131. \u0130\u011fne oyas\u0131, \u00e7i\u00e7ekle \u00f6rg\u00fc sanat\u0131n\u0131n birle\u015fmesinden do\u011fmu\u015f s\u00fcslemek ve s\u00fcslenmek amac\u0131yla yap\u0131lan bir dantel t\u00fcr\u00fc. \u0130\u011fne ve [&hellip;]<\/p>\n","protected":false},"author":25,"featured_media":0,"comment_status":"open","ping_status":"open","sticky":false,"template":"","format":"standard","meta":{"_yoast_wpseo_focuskw":"","_yoast_wpseo_title":"","_yoast_wpseo_metadesc":"","_bbp_topic_count":0,"_bbp_reply_count":0,"_bbp_total_topic_count":0,"_bbp_total_reply_count":0,"_bbp_voice_count":0,"_bbp_anonymous_reply_count":0,"_bbp_topic_count_hidden":0,"_bbp_reply_count_hidden":0,"_bbp_forum_subforum_count":0,"footnotes":"","_yoast_wpseo_focuskw_text_input":""},"categories":[519,15],"tags":[],"yoast_head":"<!-- This site is optimized with the Yoast SEO plugin v23.0 - https:\/\/yoast.com\/wordpress\/plugins\/seo\/ -->\n<title>Anneden K\u0131za Ge\u00e7en Gelenek: \u0130\u011fne Oyas\u0131 - The Epoch Times TR<\/title>\n<meta name=\"robots\" content=\"index, follow, max-snippet:-1, max-image-preview:large, max-video-preview:-1\" \/>\n<link rel=\"canonical\" href=\"https:\/\/epochtimestr.com\/index.php\/anneden-kiza-gecen-gelenek-igne-oyasi\" \/>\n<meta property=\"og:locale\" content=\"tr_TR\" \/>\n<meta property=\"og:type\" content=\"article\" \/>\n<meta property=\"og:title\" content=\"Anneden K\u0131za Ge\u00e7en Gelenek: \u0130\u011fne Oyas\u0131 - The Epoch Times TR\" \/>\n<meta property=\"og:description\" content=\"\u00c7aml\u0131yayla kad\u0131nlar\u0131 geleneksel el sanat\u0131 \u201c\u0130\u011fne Oyas\u0131\u201dn\u0131 ya\u015fat\u0131yor. Halk E\u011fitim Merkezinde ders alan kad\u0131nlar hem bu \u00f6zg\u00fcn el sanat\u0131n\u0131 devam ettiriyor hem de para kazan\u0131yor. Anneden k\u0131za aktar\u0131lan bu el sanat\u0131 ayn\u0131 zamanda il\u00e7enin en b\u00fcy\u00fck ge\u00e7im kayna\u011f\u0131. \u0130\u011fne oyas\u0131, \u00e7i\u00e7ekle \u00f6rg\u00fc sanat\u0131n\u0131n birle\u015fmesinden do\u011fmu\u015f s\u00fcslemek ve s\u00fcslenmek amac\u0131yla yap\u0131lan bir dantel t\u00fcr\u00fc. \u0130\u011fne ve [&hellip;]\" \/>\n<meta property=\"og:url\" content=\"https:\/\/epochtimestr.com\/index.php\/anneden-kiza-gecen-gelenek-igne-oyasi\" \/>\n<meta property=\"og:site_name\" content=\"The Epoch Times TR\" \/>\n<meta property=\"article:publisher\" content=\"https:\/\/www.facebook.com\/theepochtimestr\" \/>\n<meta property=\"article:published_time\" content=\"2012-04-16T06:43:41+00:00\" \/>\n<meta property=\"article:modified_time\" content=\"2022-07-24T14:42:22+00:00\" \/>\n<meta property=\"og:image\" content=\"http:\/\/epochtimestr.com\/wp-content\/uploads\/2011y\/photo-51.jpg\" \/>\n<meta name=\"author\" content=\"Emel AKAN\" \/>\n<meta name=\"twitter:card\" content=\"summary_large_image\" \/>\n<meta name=\"twitter:creator\" content=\"@TheEpochTimesTR\" \/>\n<meta name=\"twitter:site\" content=\"@TheEpochTimesTR\" \/>\n<meta name=\"twitter:label1\" content=\"Yazan:\" \/>\n\t<meta name=\"twitter:data1\" content=\"Emel AKAN\" \/>\n\t<meta name=\"twitter:label2\" content=\"Tahmini okuma s\u00fcresi\" \/>\n\t<meta name=\"twitter:data2\" content=\"3 dakika\" \/>\n<script type=\"application\/ld+json\" class=\"yoast-schema-graph\">{\"@context\":\"https:\/\/schema.org\",\"@graph\":[{\"@type\":\"Article\",\"@id\":\"https:\/\/epochtimestr.com\/index.php\/anneden-kiza-gecen-gelenek-igne-oyasi#article\",\"isPartOf\":{\"@id\":\"https:\/\/epochtimestr.com\/index.php\/anneden-kiza-gecen-gelenek-igne-oyasi\"},\"author\":{\"name\":\"Emel AKAN\",\"@id\":\"https:\/\/epochtimestr.com\/#\/schema\/person\/6eb643244a30e5bc1e3f24bb56910e83\"},\"headline\":\"Anneden K\u0131za Ge\u00e7en Gelenek: \u0130\u011fne Oyas\u0131\",\"datePublished\":\"2012-04-16T06:43:41+00:00\",\"dateModified\":\"2022-07-24T14:42:22+00:00\",\"mainEntityOfPage\":{\"@id\":\"https:\/\/epochtimestr.com\/index.php\/anneden-kiza-gecen-gelenek-igne-oyasi\"},\"wordCount\":516,\"commentCount\":0,\"publisher\":{\"@id\":\"https:\/\/epochtimestr.com\/#organization\"},\"image\":{\"@id\":\"https:\/\/epochtimestr.com\/index.php\/anneden-kiza-gecen-gelenek-igne-oyasi#primaryimage\"},\"thumbnailUrl\":\"http:\/\/epochtimestr.com\/wp-content\/uploads\/2011y\/photo-51.jpg\",\"articleSection\":[\"ED\u0130T\u00d6R\u00dcN SE\u00c7\u0130M\u0130\",\"YA\u015eAM TARZI\"],\"inLanguage\":\"tr\",\"potentialAction\":[{\"@type\":\"CommentAction\",\"name\":\"Comment\",\"target\":[\"https:\/\/epochtimestr.com\/index.php\/anneden-kiza-gecen-gelenek-igne-oyasi#respond\"]}]},{\"@type\":\"WebPage\",\"@id\":\"https:\/\/epochtimestr.com\/index.php\/anneden-kiza-gecen-gelenek-igne-oyasi\",\"url\":\"https:\/\/epochtimestr.com\/index.php\/anneden-kiza-gecen-gelenek-igne-oyasi\",\"name\":\"Anneden K\u0131za Ge\u00e7en Gelenek: \u0130\u011fne Oyas\u0131 - The Epoch Times TR\",\"isPartOf\":{\"@id\":\"https:\/\/epochtimestr.com\/#website\"},\"primaryImageOfPage\":{\"@id\":\"https:\/\/epochtimestr.com\/index.php\/anneden-kiza-gecen-gelenek-igne-oyasi#primaryimage\"},\"image\":{\"@id\":\"https:\/\/epochtimestr.com\/index.php\/anneden-kiza-gecen-gelenek-igne-oyasi#primaryimage\"},\"thumbnailUrl\":\"http:\/\/epochtimestr.com\/wp-content\/uploads\/2011y\/photo-51.jpg\",\"datePublished\":\"2012-04-16T06:43:41+00:00\",\"dateModified\":\"2022-07-24T14:42:22+00:00\",\"inLanguage\":\"tr\",\"potentialAction\":[{\"@type\":\"ReadAction\",\"target\":[\"https:\/\/epochtimestr.com\/index.php\/anneden-kiza-gecen-gelenek-igne-oyasi\"]}]},{\"@type\":\"ImageObject\",\"inLanguage\":\"tr\",\"@id\":\"https:\/\/epochtimestr.com\/index.php\/anneden-kiza-gecen-gelenek-igne-oyasi#primaryimage\",\"url\":\"http:\/\/epochtimestr.com\/wp-content\/uploads\/2011y\/photo-51.jpg\",\"contentUrl\":\"http:\/\/epochtimestr.com\/wp-content\/uploads\/2011y\/photo-51.jpg\"},{\"@type\":\"WebSite\",\"@id\":\"https:\/\/epochtimestr.com\/#website\",\"url\":\"https:\/\/epochtimestr.com\/\",\"name\":\"The Epoch Times TR\",\"description\":\"De\u011fi\u015fen D\u00fcnyam\u0131za Taze Bir Bak\u0131\u015f\",\"publisher\":{\"@id\":\"https:\/\/epochtimestr.com\/#organization\"},\"potentialAction\":[{\"@type\":\"SearchAction\",\"target\":{\"@type\":\"EntryPoint\",\"urlTemplate\":\"https:\/\/epochtimestr.com\/?s={search_term_string}\"},\"query-input\":\"required name=search_term_string\"}],\"inLanguage\":\"tr\"},{\"@type\":\"Organization\",\"@id\":\"https:\/\/epochtimestr.com\/#organization\",\"name\":\"The EpochTimes T\u00fcrkiye\",\"url\":\"https:\/\/epochtimestr.com\/\",\"logo\":{\"@type\":\"ImageObject\",\"inLanguage\":\"tr\",\"@id\":\"https:\/\/epochtimestr.com\/#\/schema\/logo\/image\/\",\"url\":\"https:\/\/epochtimestr.com\/wp-content\/uploads\/2011y\/ET-Logo-YG.jpg\",\"contentUrl\":\"https:\/\/epochtimestr.com\/wp-content\/uploads\/2011y\/ET-Logo-YG.jpg\",\"width\":346,\"height\":29,\"caption\":\"The EpochTimes T\u00fcrkiye\"},\"image\":{\"@id\":\"https:\/\/epochtimestr.com\/#\/schema\/logo\/image\/\"},\"sameAs\":[\"https:\/\/www.facebook.com\/theepochtimestr\",\"https:\/\/x.com\/TheEpochTimesTR\",\"https:\/\/www.instagram.com\/epochtimestr\"]},{\"@type\":\"Person\",\"@id\":\"https:\/\/epochtimestr.com\/#\/schema\/person\/6eb643244a30e5bc1e3f24bb56910e83\",\"name\":\"Emel AKAN\",\"image\":{\"@type\":\"ImageObject\",\"inLanguage\":\"tr\",\"@id\":\"https:\/\/epochtimestr.com\/#\/schema\/person\/image\/\",\"url\":\"https:\/\/secure.gravatar.com\/avatar\/390e1c5fc574e7ba54694d0be151ec60?s=96&d=mm&r=g\",\"contentUrl\":\"https:\/\/secure.gravatar.com\/avatar\/390e1c5fc574e7ba54694d0be151ec60?s=96&d=mm&r=g\",\"caption\":\"Emel AKAN\"},\"url\":\"https:\/\/epochtimestr.com\/index.php\/author\/emel\"}]}<\/script>\n<!-- \/ Yoast SEO plugin. -->","yoast_head_json":{"title":"Anneden K\u0131za Ge\u00e7en Gelenek: \u0130\u011fne Oyas\u0131 - The Epoch Times TR","robots":{"index":"index","follow":"follow","max-snippet":"max-snippet:-1","max-image-preview":"max-image-preview:large","max-video-preview":"max-video-preview:-1"},"canonical":"https:\/\/epochtimestr.com\/index.php\/anneden-kiza-gecen-gelenek-igne-oyasi","og_locale":"tr_TR","og_type":"article","og_title":"Anneden K\u0131za Ge\u00e7en Gelenek: \u0130\u011fne Oyas\u0131 - The Epoch Times TR","og_description":"\u00c7aml\u0131yayla kad\u0131nlar\u0131 geleneksel el sanat\u0131 \u201c\u0130\u011fne Oyas\u0131\u201dn\u0131 ya\u015fat\u0131yor. Halk E\u011fitim Merkezinde ders alan kad\u0131nlar hem bu \u00f6zg\u00fcn el sanat\u0131n\u0131 devam ettiriyor hem de para kazan\u0131yor. Anneden k\u0131za aktar\u0131lan bu el sanat\u0131 ayn\u0131 zamanda il\u00e7enin en b\u00fcy\u00fck ge\u00e7im kayna\u011f\u0131. \u0130\u011fne oyas\u0131, \u00e7i\u00e7ekle \u00f6rg\u00fc sanat\u0131n\u0131n birle\u015fmesinden do\u011fmu\u015f s\u00fcslemek ve s\u00fcslenmek amac\u0131yla yap\u0131lan bir dantel t\u00fcr\u00fc. \u0130\u011fne ve [&hellip;]","og_url":"https:\/\/epochtimestr.com\/index.php\/anneden-kiza-gecen-gelenek-igne-oyasi","og_site_name":"The Epoch Times TR","article_publisher":"https:\/\/www.facebook.com\/theepochtimestr","article_published_time":"2012-04-16T06:43:41+00:00","article_modified_time":"2022-07-24T14:42:22+00:00","og_image":[{"url":"http:\/\/epochtimestr.com\/wp-content\/uploads\/2011y\/photo-51.jpg"}],"author":"Emel AKAN","twitter_card":"summary_large_image","twitter_creator":"@TheEpochTimesTR","twitter_site":"@TheEpochTimesTR","twitter_misc":{"Yazan:":"Emel AKAN","Tahmini okuma s\u00fcresi":"3 dakika"},"schema":{"@context":"https:\/\/schema.org","@graph":[{"@type":"Article","@id":"https:\/\/epochtimestr.com\/index.php\/anneden-kiza-gecen-gelenek-igne-oyasi#article","isPartOf":{"@id":"https:\/\/epochtimestr.com\/index.php\/anneden-kiza-gecen-gelenek-igne-oyasi"},"author":{"name":"Emel AKAN","@id":"https:\/\/epochtimestr.com\/#\/schema\/person\/6eb643244a30e5bc1e3f24bb56910e83"},"headline":"Anneden K\u0131za Ge\u00e7en Gelenek: \u0130\u011fne Oyas\u0131","datePublished":"2012-04-16T06:43:41+00:00","dateModified":"2022-07-24T14:42:22+00:00","mainEntityOfPage":{"@id":"https:\/\/epochtimestr.com\/index.php\/anneden-kiza-gecen-gelenek-igne-oyasi"},"wordCount":516,"commentCount":0,"publisher":{"@id":"https:\/\/epochtimestr.com\/#organization"},"image":{"@id":"https:\/\/epochtimestr.com\/index.php\/anneden-kiza-gecen-gelenek-igne-oyasi#primaryimage"},"thumbnailUrl":"http:\/\/epochtimestr.com\/wp-content\/uploads\/2011y\/photo-51.jpg","articleSection":["ED\u0130T\u00d6R\u00dcN SE\u00c7\u0130M\u0130","YA\u015eAM TARZI"],"inLanguage":"tr","potentialAction":[{"@type":"CommentAction","name":"Comment","target":["https:\/\/epochtimestr.com\/index.php\/anneden-kiza-gecen-gelenek-igne-oyasi#respond"]}]},{"@type":"WebPage","@id":"https:\/\/epochtimestr.com\/index.php\/anneden-kiza-gecen-gelenek-igne-oyasi","url":"https:\/\/epochtimestr.com\/index.php\/anneden-kiza-gecen-gelenek-igne-oyasi","name":"Anneden K\u0131za Ge\u00e7en Gelenek: \u0130\u011fne Oyas\u0131 - The Epoch Times TR","isPartOf":{"@id":"https:\/\/epochtimestr.com\/#website"},"primaryImageOfPage":{"@id":"https:\/\/epochtimestr.com\/index.php\/anneden-kiza-gecen-gelenek-igne-oyasi#primaryimage"},"image":{"@id":"https:\/\/epochtimestr.com\/index.php\/anneden-kiza-gecen-gelenek-igne-oyasi#primaryimage"},"thumbnailUrl":"http:\/\/epochtimestr.com\/wp-content\/uploads\/2011y\/photo-51.jpg","datePublished":"2012-04-16T06:43:41+00:00","dateModified":"2022-07-24T14:42:22+00:00","inLanguage":"tr","potentialAction":[{"@type":"ReadAction","target":["https:\/\/epochtimestr.com\/index.php\/anneden-kiza-gecen-gelenek-igne-oyasi"]}]},{"@type":"ImageObject","inLanguage":"tr","@id":"https:\/\/epochtimestr.com\/index.php\/anneden-kiza-gecen-gelenek-igne-oyasi#primaryimage","url":"http:\/\/epochtimestr.com\/wp-content\/uploads\/2011y\/photo-51.jpg","contentUrl":"http:\/\/epochtimestr.com\/wp-content\/uploads\/2011y\/photo-51.jpg"},{"@type":"WebSite","@id":"https:\/\/epochtimestr.com\/#website","url":"https:\/\/epochtimestr.com\/","name":"The Epoch Times TR","description":"De\u011fi\u015fen D\u00fcnyam\u0131za Taze Bir Bak\u0131\u015f","publisher":{"@id":"https:\/\/epochtimestr.com\/#organization"},"potentialAction":[{"@type":"SearchAction","target":{"@type":"EntryPoint","urlTemplate":"https:\/\/epochtimestr.com\/?s={search_term_string}"},"query-input":"required name=search_term_string"}],"inLanguage":"tr"},{"@type":"Organization","@id":"https:\/\/epochtimestr.com\/#organization","name":"The EpochTimes T\u00fcrkiye","url":"https:\/\/epochtimestr.com\/","logo":{"@type":"ImageObject","inLanguage":"tr","@id":"https:\/\/epochtimestr.com\/#\/schema\/logo\/image\/","url":"https:\/\/epochtimestr.com\/wp-content\/uploads\/2011y\/ET-Logo-YG.jpg","contentUrl":"https:\/\/epochtimestr.com\/wp-content\/uploads\/2011y\/ET-Logo-YG.jpg","width":346,"height":29,"caption":"The EpochTimes T\u00fcrkiye"},"image":{"@id":"https:\/\/epochtimestr.com\/#\/schema\/logo\/image\/"},"sameAs":["https:\/\/www.facebook.com\/theepochtimestr","https:\/\/x.com\/TheEpochTimesTR","https:\/\/www.instagram.com\/epochtimestr"]},{"@type":"Person","@id":"https:\/\/epochtimestr.com\/#\/schema\/person\/6eb643244a30e5bc1e3f24bb56910e83","name":"Emel AKAN","image":{"@type":"ImageObject","inLanguage":"tr","@id":"https:\/\/epochtimestr.com\/#\/schema\/person\/image\/","url":"https:\/\/secure.gravatar.com\/avatar\/390e1c5fc574e7ba54694d0be151ec60?s=96&d=mm&r=g","contentUrl":"https:\/\/secure.gravatar.com\/avatar\/390e1c5fc574e7ba54694d0be151ec60?s=96&d=mm&r=g","caption":"Emel AKAN"},"url":"https:\/\/epochtimestr.com\/index.php\/author\/emel"}]}},"_links":{"self":[{"href":"https:\/\/epochtimestr.com\/index.php\/wp-json\/wp\/v2\/posts\/57188"}],"collection":[{"href":"https:\/\/epochtimestr.com\/index.php\/wp-json\/wp\/v2\/posts"}],"about":[{"href":"https:\/\/epochtimestr.com\/index.php\/wp-json\/wp\/v2\/types\/post"}],"author":[{"embeddable":true,"href":"https:\/\/epochtimestr.com\/index.php\/wp-json\/wp\/v2\/users\/25"}],"replies":[{"embeddable":true,"href":"https:\/\/epochtimestr.com\/index.php\/wp-json\/wp\/v2\/comments?post=57188"}],"version-history":[{"count":9,"href":"https:\/\/epochtimestr.com\/index.php\/wp-json\/wp\/v2\/posts\/57188\/revisions"}],"predecessor-version":[{"id":140007,"href":"https:\/\/epochtimestr.com\/index.php\/wp-json\/wp\/v2\/posts\/57188\/revisions\/140007"}],"wp:attachment":[{"href":"https:\/\/epochtimestr.com\/index.php\/wp-json\/wp\/v2\/media?parent=57188"}],"wp:term":[{"taxonomy":"category","embeddable":true,"href":"https:\/\/epochtimestr.com\/index.php\/wp-json\/wp\/v2\/categories?post=57188"},{"taxonomy":"post_tag","embeddable":true,"href":"https:\/\/epochtimestr.com\/index.php\/wp-json\/wp\/v2\/tags?post=57188"}],"curies":[{"name":"wp","href":"https:\/\/api.w.org\/{rel}","templated":true}]}}