{"id":59405,"date":"2012-06-19T14:23:25","date_gmt":"2012-06-19T11:23:25","guid":{"rendered":"http:\/\/epochtimestr.com\/?p=59405"},"modified":"2022-07-24T17:41:29","modified_gmt":"2022-07-24T14:41:29","slug":"akdenizin-mavi-sularinda-tekne-turlari","status":"publish","type":"post","link":"https:\/\/epochtimestr.com\/index.php\/akdenizin-mavi-sularinda-tekne-turlari","title":{"rendered":"Akdenizin Mavi Sular\u0131nda Tekne Turlar\u0131"},"content":{"rendered":"<p><strong>Akdenizin mavi sular\u0131nda\u00a0 g\u00fcn\u00fc birlik <\/strong><strong>tekne turlar\u0131<\/strong><\/p>\n<figure id=\"attachment_59422\" aria-describedby=\"caption-attachment-59422\" style=\"width: 300px\" class=\"wp-caption aligncenter\"><a class=\"highslide\" onclick=\"return vz.expand(this)\" href=\"https:\/\/epochtimestr.com\/index.php\/akdenizin-mavi-sularinda-tekne-turlari\" rel=\"attachment wp-att-59422\"><img loading=\"lazy\" decoding=\"async\" class=\"size-medium wp-image-59422\" title=\"ta\u015fucu tekne turu\" src=\"https:\/\/epochtimestr.com\/wp-content\/uploads\/2011y\/ta%C5%9Fucu-tekne-turu-300x225.jpg\" alt=\"\" width=\"300\" height=\"225\" \/><\/a><figcaption id=\"caption-attachment-59422\" class=\"wp-caption-text\">Ta\u015fucu tekne turlar\u0131<\/figcaption><\/figure>\n<p>Mersin ta\u015fucu liman\u0131nda ba\u015flayan <em>tekne turlar\u0131<\/em> kat\u0131lmak isteyen tatilcileri ,Tarsus ve Mersin\u2019den \u00fccretsiz olarak kalkan servisler sabah saat 10:00\u2019da Ta\u015fucu Liman\u0131\u2019na g\u00f6t\u00fcr\u00fcyor. Limandan teknelere binen kafile, Barbaros Koyu\u2019nda y\u00fczme molas\u0131 veriyor<\/p>\n<figure id=\"attachment_59416\" aria-describedby=\"caption-attachment-59416\" style=\"width: 275px\" class=\"wp-caption aligncenter\"><a class=\"highslide\" onclick=\"return vz.expand(this)\" href=\"https:\/\/epochtimestr.com\/index.php\/akdenizin-mavi-sularinda-tekne-turlari\" rel=\"attachment wp-att-59416\"><img loading=\"lazy\" decoding=\"async\" class=\"size-full wp-image-59416\" title=\"barbaros koyu\" src=\"https:\/\/epochtimestr.com\/wp-content\/uploads\/2011y\/barbaros-koyu1.jpg\" alt=\"\" width=\"275\" height=\"184\" \/><\/a><figcaption id=\"caption-attachment-59416\" class=\"wp-caption-text\">Barbaros koyu<\/figcaption><\/figure>\n<p style=\"text-align: left;\">Daha sonra ikinci durak olan Dana adas\u0131nda saat 12.30 yemek molas\u0131 veriliyor. Dana Adas\u0131n\u0131n<\/p>\n<p>serin sular\u0131nda, deniz keyfi yapt\u0131ktan sonra temiz havan\u0131n etkisiyle i\u015ftahla \u00f6\u011fle yeme\u011fi burada yiyorlar.<\/p>\n<figure id=\"attachment_59412\" aria-describedby=\"caption-attachment-59412\" style=\"width: 300px\" class=\"wp-caption aligncenter\"><a class=\"highslide\" onclick=\"return vz.expand(this)\" href=\"https:\/\/epochtimestr.com\/index.php\/akdenizin-mavi-sularinda-tekne-turlari\" rel=\"attachment wp-att-59412\"><img loading=\"lazy\" decoding=\"async\" class=\"size-medium wp-image-59412\" title=\"DANA ADASI\" src=\"https:\/\/epochtimestr.com\/wp-content\/uploads\/2011y\/DANA-ADASI-300x225.jpg\" alt=\"\" width=\"300\" height=\"225\" srcset=\"https:\/\/epochtimestr.com\/wp-content\/uploads\/2011y\/DANA-ADASI-300x225.jpg 300w, https:\/\/epochtimestr.com\/wp-content\/uploads\/2011y\/DANA-ADASI.jpg 600w, https:\/\/epochtimestr.com\/wp-content\/uploads\/2011y\/DANA-ADASI-533x400.jpg 533w, https:\/\/epochtimestr.com\/wp-content\/uploads\/2011y\/DANA-ADASI-342x256.jpg 342w, https:\/\/epochtimestr.com\/wp-content\/uploads\/2011y\/DANA-ADASI-150x113.jpg 150w, https:\/\/epochtimestr.com\/wp-content\/uploads\/2011y\/DANA-ADASI-269x201.jpg 269w, https:\/\/epochtimestr.com\/wp-content\/uploads\/2011y\/DANA-ADASI-292x219.jpg 292w\" sizes=\"(max-width: 300px) 100vw, 300px\" \/><\/a><figcaption id=\"caption-attachment-59412\" class=\"wp-caption-text\">Dana adas\u0131<\/figcaption><\/figure>\n<p>Daha sonra saat 15.00 Tisan koyuna gelen tekneler iki saat boyunca yolcular\u0131na y\u00fczme molas\u0131 veriliyor ve \u00e7ay servisi yap\u0131l\u0131yor.Arzu edenler su sporlar\u0131 i\u00e7in ayr\u0131 bir \u00f6demeyle,8 ki\u015filik muz veya ringo\u2019ya binip,su kaya\u011f\u0131 ve s\u00f6rf yapabiliyor.Tavla,okey ,iskambil oyunu oynay\u0131p,tekneden yap\u0131lan m\u00fczik yay\u0131n\u0131n\u0131 dinliyorlar.<\/p>\n<div class=\"mceTemp mceIEcenter\"><\/div>\n<figure id=\"attachment_59418\" aria-describedby=\"caption-attachment-59418\" style=\"width: 300px\" class=\"wp-caption aligncenter\"><a class=\"highslide\" onclick=\"return vz.expand(this)\" href=\"https:\/\/epochtimestr.com\/index.php\/akdenizin-mavi-sularinda-tekne-turlari\" rel=\"attachment wp-att-59418\"><img loading=\"lazy\" decoding=\"async\" class=\"size-medium wp-image-59418\" title=\"tisan koyu\" src=\"https:\/\/epochtimestr.com\/wp-content\/uploads\/2011y\/tisan-koyu-300x225.jpg\" alt=\"\" width=\"300\" height=\"225\" srcset=\"https:\/\/epochtimestr.com\/wp-content\/uploads\/2011y\/tisan-koyu-300x225.jpg 300w, https:\/\/epochtimestr.com\/wp-content\/uploads\/2011y\/tisan-koyu-600x450.jpg 600w, https:\/\/epochtimestr.com\/wp-content\/uploads\/2011y\/tisan-koyu-533x400.jpg 533w, https:\/\/epochtimestr.com\/wp-content\/uploads\/2011y\/tisan-koyu-342x256.jpg 342w, https:\/\/epochtimestr.com\/wp-content\/uploads\/2011y\/tisan-koyu-150x113.jpg 150w, https:\/\/epochtimestr.com\/wp-content\/uploads\/2011y\/tisan-koyu-269x201.jpg 269w, https:\/\/epochtimestr.com\/wp-content\/uploads\/2011y\/tisan-koyu-292x218.jpg 292w, https:\/\/epochtimestr.com\/wp-content\/uploads\/2011y\/tisan-koyu-638x478.jpg 638w, https:\/\/epochtimestr.com\/wp-content\/uploads\/2011y\/tisan-koyu-629x471.jpg 629w, https:\/\/epochtimestr.com\/wp-content\/uploads\/2011y\/tisan-koyu.jpg 960w\" sizes=\"(max-width: 300px) 100vw, 300px\" \/><\/a><figcaption id=\"caption-attachment-59418\" class=\"wp-caption-text\">Tisan koyu<\/figcaption><\/figure>\n<p>Bo\u011fsak koylar\u0131nda da y\u00fczme molalar\u0131n\u0131n verildi\u011fi mavi tur meyve ve i\u00e7ecek ikramlar\u0131 ile devam ediyor.<\/p>\n<figure id=\"attachment_59421\" aria-describedby=\"caption-attachment-59421\" style=\"width: 300px\" class=\"wp-caption aligncenter\"><a class=\"highslide\" onclick=\"return vz.expand(this)\" href=\"https:\/\/epochtimestr.com\/index.php\/akdenizin-mavi-sularinda-tekne-turlari\" rel=\"attachment wp-att-59421\"><img loading=\"lazy\" decoding=\"async\" class=\"size-medium wp-image-59421\" title=\"bo\u011fsak\" src=\"https:\/\/epochtimestr.com\/wp-content\/uploads\/2011y\/bo%C4%9Fsak3-300x225.jpg\" alt=\"\" width=\"300\" height=\"225\" \/><\/a><figcaption id=\"caption-attachment-59421\" class=\"wp-caption-text\">Bo\u011fsak<\/figcaption><\/figure>\n<p>Sabah saatlerinde ba\u015flayan tatil gezisi 18:00\u2019de yine Ta\u015fucu Liman\u0131\u2019nda sona eriyor. Tatilciler buradan tekrar servislere bindirilerek Mersin\u2019e getiriliyor. Hafta aras\u0131 40, Pazar g\u00fcn\u00fc 45 lira olan \u00fccretlere servisler,\u00a0bal\u0131k, makarna, patates cipsi ve salatalardan olu\u015fan \u00f6\u011fle yeme\u011fi, mevsim meyvesi Mersin \u2013 Ta\u015fucu \u2013 Mersin aras\u0131 gidi\u015f d\u00f6n\u00fc\u015f ula\u015f\u0131m\u0131 da dahil olan unutulmaz bir <em>tekne turu ya\u015f\u0131yorlar<\/em>.<\/p>\n<figure id=\"attachment_59423\" aria-describedby=\"caption-attachment-59423\" style=\"width: 300px\" class=\"wp-caption aligncenter\"><a class=\"highslide\" onclick=\"return vz.expand(this)\" href=\"https:\/\/epochtimestr.com\/index.php\/akdenizin-mavi-sularinda-tekne-turlari\" rel=\"attachment wp-att-59423\"><img loading=\"lazy\" decoding=\"async\" class=\"size-medium wp-image-59423\" title=\"bo\u011fsak\" src=\"https:\/\/epochtimestr.com\/wp-content\/uploads\/2011y\/bo%C4%9Fsak4-300x164.jpg\" alt=\"\" width=\"300\" height=\"164\" \/><\/a><figcaption id=\"caption-attachment-59423\" class=\"wp-caption-text\">Bo\u011fsak<\/figcaption><\/figure>\n","protected":false},"excerpt":{"rendered":"<p>Akdenizin mavi sular\u0131nda\u00a0 g\u00fcn\u00fc birlik tekne turlar\u0131 Mersin ta\u015fucu liman\u0131nda ba\u015flayan tekne turlar\u0131 kat\u0131lmak isteyen tatilcileri ,Tarsus ve Mersin\u2019den \u00fccretsiz olarak kalkan servisler sabah saat 10:00\u2019da Ta\u015fucu Liman\u0131\u2019na g\u00f6t\u00fcr\u00fcyor. Limandan teknelere binen kafile, Barbaros Koyu\u2019nda y\u00fczme molas\u0131 veriyor Daha sonra ikinci durak olan Dana adas\u0131nda saat 12.30 yemek molas\u0131 veriliyor. Dana Adas\u0131n\u0131n serin sular\u0131nda, deniz [&hellip;]<\/p>\n","protected":false},"author":17,"featured_media":59423,"comment_status":"open","ping_status":"open","sticky":false,"template":"","format":"standard","meta":{"_yoast_wpseo_focuskw":"","_yoast_wpseo_title":"","_yoast_wpseo_metadesc":"","_bbp_topic_count":0,"_bbp_reply_count":0,"_bbp_total_topic_count":0,"_bbp_total_reply_count":0,"_bbp_voice_count":0,"_bbp_anonymous_reply_count":0,"_bbp_topic_count_hidden":0,"_bbp_reply_count_hidden":0,"_bbp_forum_subforum_count":0,"footnotes":"","_yoast_wpseo_focuskw_text_input":""},"categories":[6922,37],"tags":[],"yoast_head":"<!-- This site is optimized with the Yoast SEO plugin v23.0 - https:\/\/yoast.com\/wordpress\/plugins\/seo\/ -->\n<title>Akdenizin Mavi Sular\u0131nda Tekne Turlar\u0131 - The Epoch Times TR<\/title>\n<meta name=\"robots\" content=\"index, follow, max-snippet:-1, max-image-preview:large, max-video-preview:-1\" \/>\n<link rel=\"canonical\" href=\"https:\/\/epochtimestr.com\/index.php\/akdenizin-mavi-sularinda-tekne-turlari\" \/>\n<meta property=\"og:locale\" content=\"tr_TR\" \/>\n<meta property=\"og:type\" content=\"article\" \/>\n<meta property=\"og:title\" content=\"Akdenizin Mavi Sular\u0131nda Tekne Turlar\u0131 - The Epoch Times TR\" \/>\n<meta property=\"og:description\" content=\"Akdenizin mavi sular\u0131nda\u00a0 g\u00fcn\u00fc birlik tekne turlar\u0131 Mersin ta\u015fucu liman\u0131nda ba\u015flayan tekne turlar\u0131 kat\u0131lmak isteyen tatilcileri ,Tarsus ve Mersin\u2019den \u00fccretsiz olarak kalkan servisler sabah saat 10:00\u2019da Ta\u015fucu Liman\u0131\u2019na g\u00f6t\u00fcr\u00fcyor. Limandan teknelere binen kafile, Barbaros Koyu\u2019nda y\u00fczme molas\u0131 veriyor Daha sonra ikinci durak olan Dana adas\u0131nda saat 12.30 yemek molas\u0131 veriliyor. Dana Adas\u0131n\u0131n serin sular\u0131nda, deniz [&hellip;]\" \/>\n<meta property=\"og:url\" content=\"https:\/\/epochtimestr.com\/index.php\/akdenizin-mavi-sularinda-tekne-turlari\" \/>\n<meta property=\"og:site_name\" content=\"The Epoch Times TR\" \/>\n<meta property=\"article:publisher\" content=\"https:\/\/www.facebook.com\/theepochtimestr\" \/>\n<meta property=\"article:published_time\" content=\"2012-06-19T11:23:25+00:00\" \/>\n<meta property=\"article:modified_time\" content=\"2022-07-24T14:41:29+00:00\" \/>\n<meta property=\"og:image\" content=\"https:\/\/epochtimestr.com\/wp-content\/uploads\/2011y\/bo\u011fsak4.jpg\" \/>\n\t<meta property=\"og:image:width\" content=\"960\" \/>\n\t<meta property=\"og:image:height\" content=\"526\" \/>\n\t<meta property=\"og:image:type\" content=\"image\/jpeg\" \/>\n<meta name=\"author\" content=\"Ayfer K\u00f6kl\u00fc\" \/>\n<meta name=\"twitter:card\" content=\"summary_large_image\" \/>\n<meta name=\"twitter:creator\" content=\"@TheEpochTimesTR\" \/>\n<meta name=\"twitter:site\" content=\"@TheEpochTimesTR\" \/>\n<meta name=\"twitter:label1\" content=\"Yazan:\" \/>\n\t<meta name=\"twitter:data1\" content=\"Ayfer K\u00f6kl\u00fc\" \/>\n\t<meta name=\"twitter:label2\" content=\"Tahmini okuma s\u00fcresi\" \/>\n\t<meta name=\"twitter:data2\" content=\"1 dakika\" \/>\n<script type=\"application\/ld+json\" class=\"yoast-schema-graph\">{\"@context\":\"https:\/\/schema.org\",\"@graph\":[{\"@type\":\"Article\",\"@id\":\"https:\/\/epochtimestr.com\/index.php\/akdenizin-mavi-sularinda-tekne-turlari#article\",\"isPartOf\":{\"@id\":\"https:\/\/epochtimestr.com\/index.php\/akdenizin-mavi-sularinda-tekne-turlari\"},\"author\":{\"name\":\"Ayfer K\u00f6kl\u00fc\",\"@id\":\"https:\/\/epochtimestr.com\/#\/schema\/person\/ffa52705c7f2ebb29186a6047116710c\"},\"headline\":\"Akdenizin Mavi Sular\u0131nda Tekne Turlar\u0131\",\"datePublished\":\"2012-06-19T11:23:25+00:00\",\"dateModified\":\"2022-07-24T14:41:29+00:00\",\"mainEntityOfPage\":{\"@id\":\"https:\/\/epochtimestr.com\/index.php\/akdenizin-mavi-sularinda-tekne-turlari\"},\"wordCount\":300,\"commentCount\":0,\"publisher\":{\"@id\":\"https:\/\/epochtimestr.com\/#organization\"},\"image\":{\"@id\":\"https:\/\/epochtimestr.com\/index.php\/akdenizin-mavi-sularinda-tekne-turlari#primaryimage\"},\"thumbnailUrl\":\"https:\/\/epochtimestr.com\/wp-content\/uploads\/2011y\/bo\u011fsak4.jpg\",\"articleSection\":[\"Seyahat\",\"T\u00dcRK\u0130YE\"],\"inLanguage\":\"tr\",\"potentialAction\":[{\"@type\":\"CommentAction\",\"name\":\"Comment\",\"target\":[\"https:\/\/epochtimestr.com\/index.php\/akdenizin-mavi-sularinda-tekne-turlari#respond\"]}]},{\"@type\":\"WebPage\",\"@id\":\"https:\/\/epochtimestr.com\/index.php\/akdenizin-mavi-sularinda-tekne-turlari\",\"url\":\"https:\/\/epochtimestr.com\/index.php\/akdenizin-mavi-sularinda-tekne-turlari\",\"name\":\"Akdenizin Mavi Sular\u0131nda Tekne Turlar\u0131 - The Epoch Times TR\",\"isPartOf\":{\"@id\":\"https:\/\/epochtimestr.com\/#website\"},\"primaryImageOfPage\":{\"@id\":\"https:\/\/epochtimestr.com\/index.php\/akdenizin-mavi-sularinda-tekne-turlari#primaryimage\"},\"image\":{\"@id\":\"https:\/\/epochtimestr.com\/index.php\/akdenizin-mavi-sularinda-tekne-turlari#primaryimage\"},\"thumbnailUrl\":\"https:\/\/epochtimestr.com\/wp-content\/uploads\/2011y\/bo\u011fsak4.jpg\",\"datePublished\":\"2012-06-19T11:23:25+00:00\",\"dateModified\":\"2022-07-24T14:41:29+00:00\",\"inLanguage\":\"tr\",\"potentialAction\":[{\"@type\":\"ReadAction\",\"target\":[\"https:\/\/epochtimestr.com\/index.php\/akdenizin-mavi-sularinda-tekne-turlari\"]}]},{\"@type\":\"ImageObject\",\"inLanguage\":\"tr\",\"@id\":\"https:\/\/epochtimestr.com\/index.php\/akdenizin-mavi-sularinda-tekne-turlari#primaryimage\",\"url\":\"https:\/\/epochtimestr.com\/wp-content\/uploads\/2011y\/bo\u011fsak4.jpg\",\"contentUrl\":\"https:\/\/epochtimestr.com\/wp-content\/uploads\/2011y\/bo\u011fsak4.jpg\",\"width\":960,\"height\":526,\"caption\":\"Bo\u011fsak\"},{\"@type\":\"WebSite\",\"@id\":\"https:\/\/epochtimestr.com\/#website\",\"url\":\"https:\/\/epochtimestr.com\/\",\"name\":\"The Epoch Times TR\",\"description\":\"De\u011fi\u015fen D\u00fcnyam\u0131za Taze Bir Bak\u0131\u015f\",\"publisher\":{\"@id\":\"https:\/\/epochtimestr.com\/#organization\"},\"potentialAction\":[{\"@type\":\"SearchAction\",\"target\":{\"@type\":\"EntryPoint\",\"urlTemplate\":\"https:\/\/epochtimestr.com\/?s={search_term_string}\"},\"query-input\":\"required name=search_term_string\"}],\"inLanguage\":\"tr\"},{\"@type\":\"Organization\",\"@id\":\"https:\/\/epochtimestr.com\/#organization\",\"name\":\"The EpochTimes T\u00fcrkiye\",\"url\":\"https:\/\/epochtimestr.com\/\",\"logo\":{\"@type\":\"ImageObject\",\"inLanguage\":\"tr\",\"@id\":\"https:\/\/epochtimestr.com\/#\/schema\/logo\/image\/\",\"url\":\"https:\/\/epochtimestr.com\/wp-content\/uploads\/2011y\/ET-Logo-YG.jpg\",\"contentUrl\":\"https:\/\/epochtimestr.com\/wp-content\/uploads\/2011y\/ET-Logo-YG.jpg\",\"width\":346,\"height\":29,\"caption\":\"The EpochTimes T\u00fcrkiye\"},\"image\":{\"@id\":\"https:\/\/epochtimestr.com\/#\/schema\/logo\/image\/\"},\"sameAs\":[\"https:\/\/www.facebook.com\/theepochtimestr\",\"https:\/\/x.com\/TheEpochTimesTR\",\"https:\/\/www.instagram.com\/epochtimestr\"]},{\"@type\":\"Person\",\"@id\":\"https:\/\/epochtimestr.com\/#\/schema\/person\/ffa52705c7f2ebb29186a6047116710c\",\"name\":\"Ayfer K\u00f6kl\u00fc\",\"image\":{\"@type\":\"ImageObject\",\"inLanguage\":\"tr\",\"@id\":\"https:\/\/epochtimestr.com\/#\/schema\/person\/image\/\",\"url\":\"https:\/\/secure.gravatar.com\/avatar\/00319c438f6a036eae91a020411258f2?s=96&d=mm&r=g\",\"contentUrl\":\"https:\/\/secure.gravatar.com\/avatar\/00319c438f6a036eae91a020411258f2?s=96&d=mm&r=g\",\"caption\":\"Ayfer K\u00f6kl\u00fc\"},\"url\":\"https:\/\/epochtimestr.com\/index.php\/author\/ayfer\"}]}<\/script>\n<!-- \/ Yoast SEO plugin. -->","yoast_head_json":{"title":"Akdenizin Mavi Sular\u0131nda Tekne Turlar\u0131 - The Epoch Times TR","robots":{"index":"index","follow":"follow","max-snippet":"max-snippet:-1","max-image-preview":"max-image-preview:large","max-video-preview":"max-video-preview:-1"},"canonical":"https:\/\/epochtimestr.com\/index.php\/akdenizin-mavi-sularinda-tekne-turlari","og_locale":"tr_TR","og_type":"article","og_title":"Akdenizin Mavi Sular\u0131nda Tekne Turlar\u0131 - The Epoch Times TR","og_description":"Akdenizin mavi sular\u0131nda\u00a0 g\u00fcn\u00fc birlik tekne turlar\u0131 Mersin ta\u015fucu liman\u0131nda ba\u015flayan tekne turlar\u0131 kat\u0131lmak isteyen tatilcileri ,Tarsus ve Mersin\u2019den \u00fccretsiz olarak kalkan servisler sabah saat 10:00\u2019da Ta\u015fucu Liman\u0131\u2019na g\u00f6t\u00fcr\u00fcyor. Limandan teknelere binen kafile, Barbaros Koyu\u2019nda y\u00fczme molas\u0131 veriyor Daha sonra ikinci durak olan Dana adas\u0131nda saat 12.30 yemek molas\u0131 veriliyor. Dana Adas\u0131n\u0131n serin sular\u0131nda, deniz [&hellip;]","og_url":"https:\/\/epochtimestr.com\/index.php\/akdenizin-mavi-sularinda-tekne-turlari","og_site_name":"The Epoch Times TR","article_publisher":"https:\/\/www.facebook.com\/theepochtimestr","article_published_time":"2012-06-19T11:23:25+00:00","article_modified_time":"2022-07-24T14:41:29+00:00","og_image":[{"width":960,"height":526,"url":"https:\/\/epochtimestr.com\/wp-content\/uploads\/2011y\/bo\u011fsak4.jpg","type":"image\/jpeg"}],"author":"Ayfer K\u00f6kl\u00fc","twitter_card":"summary_large_image","twitter_creator":"@TheEpochTimesTR","twitter_site":"@TheEpochTimesTR","twitter_misc":{"Yazan:":"Ayfer K\u00f6kl\u00fc","Tahmini okuma s\u00fcresi":"1 dakika"},"schema":{"@context":"https:\/\/schema.org","@graph":[{"@type":"Article","@id":"https:\/\/epochtimestr.com\/index.php\/akdenizin-mavi-sularinda-tekne-turlari#article","isPartOf":{"@id":"https:\/\/epochtimestr.com\/index.php\/akdenizin-mavi-sularinda-tekne-turlari"},"author":{"name":"Ayfer K\u00f6kl\u00fc","@id":"https:\/\/epochtimestr.com\/#\/schema\/person\/ffa52705c7f2ebb29186a6047116710c"},"headline":"Akdenizin Mavi Sular\u0131nda Tekne Turlar\u0131","datePublished":"2012-06-19T11:23:25+00:00","dateModified":"2022-07-24T14:41:29+00:00","mainEntityOfPage":{"@id":"https:\/\/epochtimestr.com\/index.php\/akdenizin-mavi-sularinda-tekne-turlari"},"wordCount":300,"commentCount":0,"publisher":{"@id":"https:\/\/epochtimestr.com\/#organization"},"image":{"@id":"https:\/\/epochtimestr.com\/index.php\/akdenizin-mavi-sularinda-tekne-turlari#primaryimage"},"thumbnailUrl":"https:\/\/epochtimestr.com\/wp-content\/uploads\/2011y\/bo\u011fsak4.jpg","articleSection":["Seyahat","T\u00dcRK\u0130YE"],"inLanguage":"tr","potentialAction":[{"@type":"CommentAction","name":"Comment","target":["https:\/\/epochtimestr.com\/index.php\/akdenizin-mavi-sularinda-tekne-turlari#respond"]}]},{"@type":"WebPage","@id":"https:\/\/epochtimestr.com\/index.php\/akdenizin-mavi-sularinda-tekne-turlari","url":"https:\/\/epochtimestr.com\/index.php\/akdenizin-mavi-sularinda-tekne-turlari","name":"Akdenizin Mavi Sular\u0131nda Tekne Turlar\u0131 - The Epoch Times TR","isPartOf":{"@id":"https:\/\/epochtimestr.com\/#website"},"primaryImageOfPage":{"@id":"https:\/\/epochtimestr.com\/index.php\/akdenizin-mavi-sularinda-tekne-turlari#primaryimage"},"image":{"@id":"https:\/\/epochtimestr.com\/index.php\/akdenizin-mavi-sularinda-tekne-turlari#primaryimage"},"thumbnailUrl":"https:\/\/epochtimestr.com\/wp-content\/uploads\/2011y\/bo\u011fsak4.jpg","datePublished":"2012-06-19T11:23:25+00:00","dateModified":"2022-07-24T14:41:29+00:00","inLanguage":"tr","potentialAction":[{"@type":"ReadAction","target":["https:\/\/epochtimestr.com\/index.php\/akdenizin-mavi-sularinda-tekne-turlari"]}]},{"@type":"ImageObject","inLanguage":"tr","@id":"https:\/\/epochtimestr.com\/index.php\/akdenizin-mavi-sularinda-tekne-turlari#primaryimage","url":"https:\/\/epochtimestr.com\/wp-content\/uploads\/2011y\/bo\u011fsak4.jpg","contentUrl":"https:\/\/epochtimestr.com\/wp-content\/uploads\/2011y\/bo\u011fsak4.jpg","width":960,"height":526,"caption":"Bo\u011fsak"},{"@type":"WebSite","@id":"https:\/\/epochtimestr.com\/#website","url":"https:\/\/epochtimestr.com\/","name":"The Epoch Times TR","description":"De\u011fi\u015fen D\u00fcnyam\u0131za Taze Bir Bak\u0131\u015f","publisher":{"@id":"https:\/\/epochtimestr.com\/#organization"},"potentialAction":[{"@type":"SearchAction","target":{"@type":"EntryPoint","urlTemplate":"https:\/\/epochtimestr.com\/?s={search_term_string}"},"query-input":"required name=search_term_string"}],"inLanguage":"tr"},{"@type":"Organization","@id":"https:\/\/epochtimestr.com\/#organization","name":"The EpochTimes T\u00fcrkiye","url":"https:\/\/epochtimestr.com\/","logo":{"@type":"ImageObject","inLanguage":"tr","@id":"https:\/\/epochtimestr.com\/#\/schema\/logo\/image\/","url":"https:\/\/epochtimestr.com\/wp-content\/uploads\/2011y\/ET-Logo-YG.jpg","contentUrl":"https:\/\/epochtimestr.com\/wp-content\/uploads\/2011y\/ET-Logo-YG.jpg","width":346,"height":29,"caption":"The EpochTimes T\u00fcrkiye"},"image":{"@id":"https:\/\/epochtimestr.com\/#\/schema\/logo\/image\/"},"sameAs":["https:\/\/www.facebook.com\/theepochtimestr","https:\/\/x.com\/TheEpochTimesTR","https:\/\/www.instagram.com\/epochtimestr"]},{"@type":"Person","@id":"https:\/\/epochtimestr.com\/#\/schema\/person\/ffa52705c7f2ebb29186a6047116710c","name":"Ayfer K\u00f6kl\u00fc","image":{"@type":"ImageObject","inLanguage":"tr","@id":"https:\/\/epochtimestr.com\/#\/schema\/person\/image\/","url":"https:\/\/secure.gravatar.com\/avatar\/00319c438f6a036eae91a020411258f2?s=96&d=mm&r=g","contentUrl":"https:\/\/secure.gravatar.com\/avatar\/00319c438f6a036eae91a020411258f2?s=96&d=mm&r=g","caption":"Ayfer K\u00f6kl\u00fc"},"url":"https:\/\/epochtimestr.com\/index.php\/author\/ayfer"}]}},"_links":{"self":[{"href":"https:\/\/epochtimestr.com\/index.php\/wp-json\/wp\/v2\/posts\/59405"}],"collection":[{"href":"https:\/\/epochtimestr.com\/index.php\/wp-json\/wp\/v2\/posts"}],"about":[{"href":"https:\/\/epochtimestr.com\/index.php\/wp-json\/wp\/v2\/types\/post"}],"author":[{"embeddable":true,"href":"https:\/\/epochtimestr.com\/index.php\/wp-json\/wp\/v2\/users\/17"}],"replies":[{"embeddable":true,"href":"https:\/\/epochtimestr.com\/index.php\/wp-json\/wp\/v2\/comments?post=59405"}],"version-history":[{"count":17,"href":"https:\/\/epochtimestr.com\/index.php\/wp-json\/wp\/v2\/posts\/59405\/revisions"}],"predecessor-version":[{"id":72287,"href":"https:\/\/epochtimestr.com\/index.php\/wp-json\/wp\/v2\/posts\/59405\/revisions\/72287"}],"wp:featuredmedia":[{"embeddable":true,"href":"https:\/\/epochtimestr.com\/index.php\/wp-json\/wp\/v2\/media\/59423"}],"wp:attachment":[{"href":"https:\/\/epochtimestr.com\/index.php\/wp-json\/wp\/v2\/media?parent=59405"}],"wp:term":[{"taxonomy":"category","embeddable":true,"href":"https:\/\/epochtimestr.com\/index.php\/wp-json\/wp\/v2\/categories?post=59405"},{"taxonomy":"post_tag","embeddable":true,"href":"https:\/\/epochtimestr.com\/index.php\/wp-json\/wp\/v2\/tags?post=59405"}],"curies":[{"name":"wp","href":"https:\/\/api.w.org\/{rel}","templated":true}]}}