{"id":59689,"date":"2012-06-26T15:35:54","date_gmt":"2012-06-26T12:35:54","guid":{"rendered":"http:\/\/epochtimestr.com\/?p=59689"},"modified":"2013-08-23T20:50:00","modified_gmt":"2013-08-23T17:50:00","slug":"2012-yaz-modasi","status":"publish","type":"post","link":"https:\/\/epochtimestr.com\/index.php\/2012-yaz-modasi","title":{"rendered":"2012 Yaz Modas\u0131"},"content":{"rendered":"<h3>\u00a0<span style=\"text-decoration: underline;\">2012 yaz modas\u0131 bu y\u0131l c\u0131v\u0131l c\u0131v\u0131l<\/span><\/h3>\n<ul>\n<li><strong>Desenlerle dolu bir yaz! <\/strong>Hayvan desenleri, tropikal desenler ve \u00e7i\u00e7ek desenleri \u00f6n planda olacak<img loading=\"lazy\" decoding=\"async\" class=\"aligncenter size-full wp-image-59693\" title=\"\u00e7i\u00e7ekli\" alt=\"\u00e7i\u00e7ek desenleri\" src=\"https:\/\/epochtimestr.com\/wp-content\/uploads\/2011y\/\u00e7i\u00e7ekli.jpg\" width=\"189\" height=\"267\" srcset=\"https:\/\/epochtimestr.com\/wp-content\/uploads\/2011y\/\u00e7i\u00e7ekli.jpg 189w, https:\/\/epochtimestr.com\/wp-content\/uploads\/2011y\/\u00e7i\u00e7ekli-106x150.jpg 106w\" sizes=\"(max-width: 189px) 100vw, 189px\" \/><\/li>\n<\/ul>\n<ul>\n<li><strong>\u015eortlar \u00e7ok moda!!<\/strong> Ama \u015fortlar\u0131n en modas\u0131 bol ve diz \u00fcst\u00fc olanlar kesimler moda<em><\/em><\/li>\n<li><strong>Omuzlar\u00a0 a\u00e7\u0131kta! <\/strong>Kay\u0131k yakalar( ispanyol havas\u0131), ve kesik omuzlu bluzlar trendi olanlar\u0131n ba\u015f\u0131nda!\n<p> omuz a\u00e7\u0131k elbise<\/li>\n<\/ul>\n<ul>\n<li><strong>Asimetrik kesimler \u00a0bu yaz daha \u00e7ok kar\u015f\u0131m\u0131za \u00e7\u0131kacak<\/strong><\/li>\n<li><strong><\/strong><strong>limon sar\u0131s\u0131<\/strong>\n<p><figure id=\"attachment_59695\" aria-describedby=\"caption-attachment-59695\" style=\"width: 271px\" class=\"wp-caption aligncenter\"><img loading=\"lazy\" decoding=\"async\" class=\"size-full wp-image-59695\" title=\"limon sar\u0131s\u0131 elbise\" alt=\"\" src=\"https:\/\/epochtimestr.com\/wp-content\/uploads\/2011y\/limon-sar%C4%B1s%C4%B1-elbise.jpg\" width=\"271\" height=\"186\" \/><figcaption id=\"caption-attachment-59695\" class=\"wp-caption-text\">limon sar\u0131s\u0131 elbise ve \u015fort<\/figcaption><\/figure><\/li>\n<\/ul>\n<p>&nbsp;<\/p>\n<ul>\n<li><strong>Crop tops! <\/strong>G\u00f6be\u011fi a\u00e7\u0131kta b\u0131rakan k\u0131sa \u00fcstler 90\u2032lar-80\u2032lerden bir miras<\/li>\n<li><strong>Sar\u0131,siyah beraber<\/strong> Sar\u0131n\u0131n bir\u00e7ok tonunu trend olarak g\u00f6r\u00fcyoruz ama bu capcanl\u0131 g\u00fcne\u015f sar\u0131s\u0131, bu olgun limon sar\u0131s\u0131 \u00e7ok g\u00f6zde.<strong>! <\/strong>Sar\u0131 ve siyah\u0131 bir arada \u00e7ok g\u00f6rece\u011fiz!<\/li>\n<li><strong>Pastel tonlar<\/strong>! bu yaz pastel\u00a0 devam edecek<\/li>\n<li><strong>Turuncu rekler<\/strong>\u2026 \u0130\u015fte bu sezonun rengi diyebilece\u011fimiz renk: Turuncu. Bir\u00e7ok koleksiyonda a\u011f\u0131rl\u0131kl\u0131 olarak yer al\u0131yor. Bu yaz yine g\u00fcne\u015f tonlar\u0131n\u0131n \u00e7ok moda olaca\u011f\u0131 bariz. Turuncu fla\u015f renk olarak g\u00f6ze \u00e7arp\u0131yor<\/li>\n<li><strong>k\u0131rm\u0131z\u0131<\/strong>, k\u0131rm\u0131z\u0131 da \u00e7ok moda\n<p><figure id=\"attachment_59691\" aria-describedby=\"caption-attachment-59691\" style=\"width: 193px\" class=\"wp-caption aligncenter\"><img loading=\"lazy\" decoding=\"async\" class=\"size-full wp-image-59691\" title=\"k\u0131rm\u0131z\u0131\" alt=\"\" src=\"https:\/\/epochtimestr.com\/wp-content\/uploads\/2011y\/k%C4%B1rm%C4%B1z%C4%B1.jpg\" width=\"193\" height=\"261\" \/><figcaption id=\"caption-attachment-59691\" class=\"wp-caption-text\">k\u0131rm\u0131z\u0131<\/figcaption><\/figure><\/li>\n<li><strong>siyah beyaz<\/strong> Bu yaz en moda olaca\u011f\u0131 s\u00f6ylenen unsurlardan biri de siyah ve beyaz\u0131n b\u00fct\u00fcnle\u015fmesi<\/li>\n<li><strong>Beyaz bembeyaz olmak!<\/strong>yaz\u0131n en pop\u00fcler renklerinden biri olaca\u011f\u0131 s\u00f6ylenen beyaz var s\u0131rada. Beyaz bu sezonun trendi renklerinden\n<p><figure id=\"attachment_59692\" aria-describedby=\"caption-attachment-59692\" style=\"width: 188px\" class=\"wp-caption aligncenter\"><img loading=\"lazy\" decoding=\"async\" class=\"size-full wp-image-59692\" title=\"beyaz\" alt=\"\" src=\"https:\/\/epochtimestr.com\/wp-content\/uploads\/2011y\/beyaz1.jpg\" width=\"188\" height=\"268\" \/><figcaption id=\"caption-attachment-59692\" class=\"wp-caption-text\">beyaz<\/figcaption><\/figure><\/li>\n<li><strong>leylak<\/strong> Leylak tonlar\u0131n\u0131n bu yaz\u0131n ana renklerinden biri olaca\u011f\u0131 s\u00f6yleniyordu ama bu yaz leylak yok de\u011fil elbette yine var<\/li>\n<li><strong>siyah<\/strong> Beyaz moda olursa siyah da moda olur. Siyah zaten ne zaman moda de\u011fil ki. Kimi zaman a\u011f\u0131rl\u0131k kazan\u0131p kimi zaman \u00f6n s\u0131ray\u0131 renklere b\u0131raksa da siyah koleksiyonlarda hep var.<\/li>\n<li><strong>Turkuaz <\/strong>bu \u00a0yaz turkuvaz tonu sanki daha bir \u00f6n plana \u00e7\u0131k\u0131yor<\/li>\n<li>\n<h1><span style=\"font-size: small;\">Tulumda yaz\u0131n vazge\u00e7ilmez modelleri aras\u0131nda<\/span><\/h1>\n<p><figure id=\"attachment_59696\" aria-describedby=\"caption-attachment-59696\" style=\"width: 199px\" class=\"wp-caption aligncenter\"><img loading=\"lazy\" decoding=\"async\" class=\"size-full wp-image-59696\" title=\"tulum\" alt=\"\" src=\"https:\/\/epochtimestr.com\/wp-content\/uploads\/2011y\/tulum.jpg\" width=\"199\" height=\"254\" \/><figcaption id=\"caption-attachment-59696\" class=\"wp-caption-text\">tulum<\/figcaption><\/figure><\/li>\n<\/ul>\n","protected":false},"excerpt":{"rendered":"<p>\u00a02012 yaz modas\u0131 bu y\u0131l c\u0131v\u0131l c\u0131v\u0131l Desenlerle dolu bir yaz! Hayvan desenleri, tropikal desenler ve \u00e7i\u00e7ek desenleri \u00f6n planda olacak \u015eortlar \u00e7ok moda!! Ama \u015fortlar\u0131n en modas\u0131 bol ve diz \u00fcst\u00fc olanlar kesimler moda Omuzlar\u00a0 a\u00e7\u0131kta! Kay\u0131k yakalar( ispanyol havas\u0131), ve kesik omuzlu bluzlar trendi olanlar\u0131n ba\u015f\u0131nda! Asimetrik kesimler \u00a0bu yaz daha \u00e7ok kar\u015f\u0131m\u0131za [&hellip;]<\/p>\n","protected":false},"author":17,"featured_media":0,"comment_status":"open","ping_status":"open","sticky":false,"template":"","format":"standard","meta":{"_yoast_wpseo_focuskw":"","_yoast_wpseo_title":"","_yoast_wpseo_metadesc":"","_bbp_topic_count":0,"_bbp_reply_count":0,"_bbp_total_topic_count":0,"_bbp_total_reply_count":0,"_bbp_voice_count":0,"_bbp_anonymous_reply_count":0,"_bbp_topic_count_hidden":0,"_bbp_reply_count_hidden":0,"_bbp_forum_subforum_count":0,"footnotes":"","_yoast_wpseo_focuskw_text_input":""},"categories":[2882,16,37,2881,15],"tags":[],"yoast_head":"<!-- This site is optimized with the Yoast SEO plugin v23.0 - https:\/\/yoast.com\/wordpress\/plugins\/seo\/ -->\n<title>2012 Yaz Modas\u0131 - The Epoch Times TR<\/title>\n<meta name=\"robots\" content=\"index, follow, max-snippet:-1, max-image-preview:large, max-video-preview:-1\" \/>\n<link rel=\"canonical\" href=\"https:\/\/epochtimestr.com\/index.php\/2012-yaz-modasi\" \/>\n<meta property=\"og:locale\" content=\"tr_TR\" \/>\n<meta property=\"og:type\" content=\"article\" \/>\n<meta property=\"og:title\" content=\"2012 Yaz Modas\u0131 - The Epoch Times TR\" \/>\n<meta property=\"og:description\" content=\"\u00a02012 yaz modas\u0131 bu y\u0131l c\u0131v\u0131l c\u0131v\u0131l Desenlerle dolu bir yaz! Hayvan desenleri, tropikal desenler ve \u00e7i\u00e7ek desenleri \u00f6n planda olacak \u015eortlar \u00e7ok moda!! Ama \u015fortlar\u0131n en modas\u0131 bol ve diz \u00fcst\u00fc olanlar kesimler moda Omuzlar\u00a0 a\u00e7\u0131kta! Kay\u0131k yakalar( ispanyol havas\u0131), ve kesik omuzlu bluzlar trendi olanlar\u0131n ba\u015f\u0131nda! Asimetrik kesimler \u00a0bu yaz daha \u00e7ok kar\u015f\u0131m\u0131za [&hellip;]\" \/>\n<meta property=\"og:url\" content=\"https:\/\/epochtimestr.com\/index.php\/2012-yaz-modasi\" \/>\n<meta property=\"og:site_name\" content=\"The Epoch Times TR\" \/>\n<meta property=\"article:publisher\" content=\"https:\/\/www.facebook.com\/theepochtimestr\" \/>\n<meta property=\"article:published_time\" content=\"2012-06-26T12:35:54+00:00\" \/>\n<meta property=\"article:modified_time\" content=\"2013-08-23T17:50:00+00:00\" \/>\n<meta property=\"og:image\" content=\"http:\/\/epochtimestr.com\/wp-content\/uploads\/2011y\/\u00e7i\u00e7ekli.jpg\" \/>\n<meta name=\"author\" content=\"Ayfer K\u00f6kl\u00fc\" \/>\n<meta name=\"twitter:card\" content=\"summary_large_image\" \/>\n<meta name=\"twitter:creator\" content=\"@TheEpochTimesTR\" \/>\n<meta name=\"twitter:site\" content=\"@TheEpochTimesTR\" \/>\n<meta name=\"twitter:label1\" content=\"Yazan:\" \/>\n\t<meta name=\"twitter:data1\" content=\"Ayfer K\u00f6kl\u00fc\" \/>\n\t<meta name=\"twitter:label2\" content=\"Tahmini okuma s\u00fcresi\" \/>\n\t<meta name=\"twitter:data2\" content=\"2 dakika\" \/>\n<script type=\"application\/ld+json\" class=\"yoast-schema-graph\">{\"@context\":\"https:\/\/schema.org\",\"@graph\":[{\"@type\":\"Article\",\"@id\":\"https:\/\/epochtimestr.com\/index.php\/2012-yaz-modasi#article\",\"isPartOf\":{\"@id\":\"https:\/\/epochtimestr.com\/index.php\/2012-yaz-modasi\"},\"author\":{\"name\":\"Ayfer K\u00f6kl\u00fc\",\"@id\":\"https:\/\/epochtimestr.com\/#\/schema\/person\/ffa52705c7f2ebb29186a6047116710c\"},\"headline\":\"2012 Yaz Modas\u0131\",\"datePublished\":\"2012-06-26T12:35:54+00:00\",\"dateModified\":\"2013-08-23T17:50:00+00:00\",\"mainEntityOfPage\":{\"@id\":\"https:\/\/epochtimestr.com\/index.php\/2012-yaz-modasi\"},\"wordCount\":356,\"commentCount\":0,\"publisher\":{\"@id\":\"https:\/\/epochtimestr.com\/#organization\"},\"image\":{\"@id\":\"https:\/\/epochtimestr.com\/index.php\/2012-yaz-modasi#primaryimage\"},\"thumbnailUrl\":\"http:\/\/epochtimestr.com\/wp-content\/uploads\/2011y\/limon-sar%C4%B1s%C4%B1-elbise.jpg\",\"articleSection\":[\"Do\u011fa ve \u0130nsan\",\"SANAT ve K\u00dcLT\u00dcR\",\"T\u00dcRK\u0130YE\",\"\u00dcnl\u00fcler\",\"YA\u015eAM TARZI\"],\"inLanguage\":\"tr\",\"potentialAction\":[{\"@type\":\"CommentAction\",\"name\":\"Comment\",\"target\":[\"https:\/\/epochtimestr.com\/index.php\/2012-yaz-modasi#respond\"]}]},{\"@type\":\"WebPage\",\"@id\":\"https:\/\/epochtimestr.com\/index.php\/2012-yaz-modasi\",\"url\":\"https:\/\/epochtimestr.com\/index.php\/2012-yaz-modasi\",\"name\":\"2012 Yaz Modas\u0131 - The Epoch Times TR\",\"isPartOf\":{\"@id\":\"https:\/\/epochtimestr.com\/#website\"},\"primaryImageOfPage\":{\"@id\":\"https:\/\/epochtimestr.com\/index.php\/2012-yaz-modasi#primaryimage\"},\"image\":{\"@id\":\"https:\/\/epochtimestr.com\/index.php\/2012-yaz-modasi#primaryimage\"},\"thumbnailUrl\":\"http:\/\/epochtimestr.com\/wp-content\/uploads\/2011y\/limon-sar%C4%B1s%C4%B1-elbise.jpg\",\"datePublished\":\"2012-06-26T12:35:54+00:00\",\"dateModified\":\"2013-08-23T17:50:00+00:00\",\"inLanguage\":\"tr\",\"potentialAction\":[{\"@type\":\"ReadAction\",\"target\":[\"https:\/\/epochtimestr.com\/index.php\/2012-yaz-modasi\"]}]},{\"@type\":\"ImageObject\",\"inLanguage\":\"tr\",\"@id\":\"https:\/\/epochtimestr.com\/index.php\/2012-yaz-modasi#primaryimage\",\"url\":\"http:\/\/epochtimestr.com\/wp-content\/uploads\/2011y\/limon-sar%C4%B1s%C4%B1-elbise.jpg\",\"contentUrl\":\"http:\/\/epochtimestr.com\/wp-content\/uploads\/2011y\/limon-sar%C4%B1s%C4%B1-elbise.jpg\"},{\"@type\":\"WebSite\",\"@id\":\"https:\/\/epochtimestr.com\/#website\",\"url\":\"https:\/\/epochtimestr.com\/\",\"name\":\"The Epoch Times TR\",\"description\":\"De\u011fi\u015fen D\u00fcnyam\u0131za Taze Bir Bak\u0131\u015f\",\"publisher\":{\"@id\":\"https:\/\/epochtimestr.com\/#organization\"},\"potentialAction\":[{\"@type\":\"SearchAction\",\"target\":{\"@type\":\"EntryPoint\",\"urlTemplate\":\"https:\/\/epochtimestr.com\/?s={search_term_string}\"},\"query-input\":\"required name=search_term_string\"}],\"inLanguage\":\"tr\"},{\"@type\":\"Organization\",\"@id\":\"https:\/\/epochtimestr.com\/#organization\",\"name\":\"The EpochTimes T\u00fcrkiye\",\"url\":\"https:\/\/epochtimestr.com\/\",\"logo\":{\"@type\":\"ImageObject\",\"inLanguage\":\"tr\",\"@id\":\"https:\/\/epochtimestr.com\/#\/schema\/logo\/image\/\",\"url\":\"https:\/\/epochtimestr.com\/wp-content\/uploads\/2011y\/ET-Logo-YG.jpg\",\"contentUrl\":\"https:\/\/epochtimestr.com\/wp-content\/uploads\/2011y\/ET-Logo-YG.jpg\",\"width\":346,\"height\":29,\"caption\":\"The EpochTimes T\u00fcrkiye\"},\"image\":{\"@id\":\"https:\/\/epochtimestr.com\/#\/schema\/logo\/image\/\"},\"sameAs\":[\"https:\/\/www.facebook.com\/theepochtimestr\",\"https:\/\/x.com\/TheEpochTimesTR\",\"https:\/\/www.instagram.com\/epochtimestr\"]},{\"@type\":\"Person\",\"@id\":\"https:\/\/epochtimestr.com\/#\/schema\/person\/ffa52705c7f2ebb29186a6047116710c\",\"name\":\"Ayfer K\u00f6kl\u00fc\",\"image\":{\"@type\":\"ImageObject\",\"inLanguage\":\"tr\",\"@id\":\"https:\/\/epochtimestr.com\/#\/schema\/person\/image\/\",\"url\":\"https:\/\/secure.gravatar.com\/avatar\/00319c438f6a036eae91a020411258f2?s=96&d=mm&r=g\",\"contentUrl\":\"https:\/\/secure.gravatar.com\/avatar\/00319c438f6a036eae91a020411258f2?s=96&d=mm&r=g\",\"caption\":\"Ayfer K\u00f6kl\u00fc\"},\"url\":\"https:\/\/epochtimestr.com\/index.php\/author\/ayfer\"}]}<\/script>\n<!-- \/ Yoast SEO plugin. -->","yoast_head_json":{"title":"2012 Yaz Modas\u0131 - The Epoch Times TR","robots":{"index":"index","follow":"follow","max-snippet":"max-snippet:-1","max-image-preview":"max-image-preview:large","max-video-preview":"max-video-preview:-1"},"canonical":"https:\/\/epochtimestr.com\/index.php\/2012-yaz-modasi","og_locale":"tr_TR","og_type":"article","og_title":"2012 Yaz Modas\u0131 - The Epoch Times TR","og_description":"\u00a02012 yaz modas\u0131 bu y\u0131l c\u0131v\u0131l c\u0131v\u0131l Desenlerle dolu bir yaz! Hayvan desenleri, tropikal desenler ve \u00e7i\u00e7ek desenleri \u00f6n planda olacak \u015eortlar \u00e7ok moda!! Ama \u015fortlar\u0131n en modas\u0131 bol ve diz \u00fcst\u00fc olanlar kesimler moda Omuzlar\u00a0 a\u00e7\u0131kta! Kay\u0131k yakalar( ispanyol havas\u0131), ve kesik omuzlu bluzlar trendi olanlar\u0131n ba\u015f\u0131nda! Asimetrik kesimler \u00a0bu yaz daha \u00e7ok kar\u015f\u0131m\u0131za [&hellip;]","og_url":"https:\/\/epochtimestr.com\/index.php\/2012-yaz-modasi","og_site_name":"The Epoch Times TR","article_publisher":"https:\/\/www.facebook.com\/theepochtimestr","article_published_time":"2012-06-26T12:35:54+00:00","article_modified_time":"2013-08-23T17:50:00+00:00","og_image":[{"url":"http:\/\/epochtimestr.com\/wp-content\/uploads\/2011y\/\u00e7i\u00e7ekli.jpg"}],"author":"Ayfer K\u00f6kl\u00fc","twitter_card":"summary_large_image","twitter_creator":"@TheEpochTimesTR","twitter_site":"@TheEpochTimesTR","twitter_misc":{"Yazan:":"Ayfer K\u00f6kl\u00fc","Tahmini okuma s\u00fcresi":"2 dakika"},"schema":{"@context":"https:\/\/schema.org","@graph":[{"@type":"Article","@id":"https:\/\/epochtimestr.com\/index.php\/2012-yaz-modasi#article","isPartOf":{"@id":"https:\/\/epochtimestr.com\/index.php\/2012-yaz-modasi"},"author":{"name":"Ayfer K\u00f6kl\u00fc","@id":"https:\/\/epochtimestr.com\/#\/schema\/person\/ffa52705c7f2ebb29186a6047116710c"},"headline":"2012 Yaz Modas\u0131","datePublished":"2012-06-26T12:35:54+00:00","dateModified":"2013-08-23T17:50:00+00:00","mainEntityOfPage":{"@id":"https:\/\/epochtimestr.com\/index.php\/2012-yaz-modasi"},"wordCount":356,"commentCount":0,"publisher":{"@id":"https:\/\/epochtimestr.com\/#organization"},"image":{"@id":"https:\/\/epochtimestr.com\/index.php\/2012-yaz-modasi#primaryimage"},"thumbnailUrl":"http:\/\/epochtimestr.com\/wp-content\/uploads\/2011y\/limon-sar%C4%B1s%C4%B1-elbise.jpg","articleSection":["Do\u011fa ve \u0130nsan","SANAT ve K\u00dcLT\u00dcR","T\u00dcRK\u0130YE","\u00dcnl\u00fcler","YA\u015eAM TARZI"],"inLanguage":"tr","potentialAction":[{"@type":"CommentAction","name":"Comment","target":["https:\/\/epochtimestr.com\/index.php\/2012-yaz-modasi#respond"]}]},{"@type":"WebPage","@id":"https:\/\/epochtimestr.com\/index.php\/2012-yaz-modasi","url":"https:\/\/epochtimestr.com\/index.php\/2012-yaz-modasi","name":"2012 Yaz Modas\u0131 - The Epoch Times TR","isPartOf":{"@id":"https:\/\/epochtimestr.com\/#website"},"primaryImageOfPage":{"@id":"https:\/\/epochtimestr.com\/index.php\/2012-yaz-modasi#primaryimage"},"image":{"@id":"https:\/\/epochtimestr.com\/index.php\/2012-yaz-modasi#primaryimage"},"thumbnailUrl":"http:\/\/epochtimestr.com\/wp-content\/uploads\/2011y\/limon-sar%C4%B1s%C4%B1-elbise.jpg","datePublished":"2012-06-26T12:35:54+00:00","dateModified":"2013-08-23T17:50:00+00:00","inLanguage":"tr","potentialAction":[{"@type":"ReadAction","target":["https:\/\/epochtimestr.com\/index.php\/2012-yaz-modasi"]}]},{"@type":"ImageObject","inLanguage":"tr","@id":"https:\/\/epochtimestr.com\/index.php\/2012-yaz-modasi#primaryimage","url":"http:\/\/epochtimestr.com\/wp-content\/uploads\/2011y\/limon-sar%C4%B1s%C4%B1-elbise.jpg","contentUrl":"http:\/\/epochtimestr.com\/wp-content\/uploads\/2011y\/limon-sar%C4%B1s%C4%B1-elbise.jpg"},{"@type":"WebSite","@id":"https:\/\/epochtimestr.com\/#website","url":"https:\/\/epochtimestr.com\/","name":"The Epoch Times TR","description":"De\u011fi\u015fen D\u00fcnyam\u0131za Taze Bir Bak\u0131\u015f","publisher":{"@id":"https:\/\/epochtimestr.com\/#organization"},"potentialAction":[{"@type":"SearchAction","target":{"@type":"EntryPoint","urlTemplate":"https:\/\/epochtimestr.com\/?s={search_term_string}"},"query-input":"required name=search_term_string"}],"inLanguage":"tr"},{"@type":"Organization","@id":"https:\/\/epochtimestr.com\/#organization","name":"The EpochTimes T\u00fcrkiye","url":"https:\/\/epochtimestr.com\/","logo":{"@type":"ImageObject","inLanguage":"tr","@id":"https:\/\/epochtimestr.com\/#\/schema\/logo\/image\/","url":"https:\/\/epochtimestr.com\/wp-content\/uploads\/2011y\/ET-Logo-YG.jpg","contentUrl":"https:\/\/epochtimestr.com\/wp-content\/uploads\/2011y\/ET-Logo-YG.jpg","width":346,"height":29,"caption":"The EpochTimes T\u00fcrkiye"},"image":{"@id":"https:\/\/epochtimestr.com\/#\/schema\/logo\/image\/"},"sameAs":["https:\/\/www.facebook.com\/theepochtimestr","https:\/\/x.com\/TheEpochTimesTR","https:\/\/www.instagram.com\/epochtimestr"]},{"@type":"Person","@id":"https:\/\/epochtimestr.com\/#\/schema\/person\/ffa52705c7f2ebb29186a6047116710c","name":"Ayfer K\u00f6kl\u00fc","image":{"@type":"ImageObject","inLanguage":"tr","@id":"https:\/\/epochtimestr.com\/#\/schema\/person\/image\/","url":"https:\/\/secure.gravatar.com\/avatar\/00319c438f6a036eae91a020411258f2?s=96&d=mm&r=g","contentUrl":"https:\/\/secure.gravatar.com\/avatar\/00319c438f6a036eae91a020411258f2?s=96&d=mm&r=g","caption":"Ayfer K\u00f6kl\u00fc"},"url":"https:\/\/epochtimestr.com\/index.php\/author\/ayfer"}]}},"_links":{"self":[{"href":"https:\/\/epochtimestr.com\/index.php\/wp-json\/wp\/v2\/posts\/59689"}],"collection":[{"href":"https:\/\/epochtimestr.com\/index.php\/wp-json\/wp\/v2\/posts"}],"about":[{"href":"https:\/\/epochtimestr.com\/index.php\/wp-json\/wp\/v2\/types\/post"}],"author":[{"embeddable":true,"href":"https:\/\/epochtimestr.com\/index.php\/wp-json\/wp\/v2\/users\/17"}],"replies":[{"embeddable":true,"href":"https:\/\/epochtimestr.com\/index.php\/wp-json\/wp\/v2\/comments?post=59689"}],"version-history":[{"count":17,"href":"https:\/\/epochtimestr.com\/index.php\/wp-json\/wp\/v2\/posts\/59689\/revisions"}],"predecessor-version":[{"id":71981,"href":"https:\/\/epochtimestr.com\/index.php\/wp-json\/wp\/v2\/posts\/59689\/revisions\/71981"}],"wp:attachment":[{"href":"https:\/\/epochtimestr.com\/index.php\/wp-json\/wp\/v2\/media?parent=59689"}],"wp:term":[{"taxonomy":"category","embeddable":true,"href":"https:\/\/epochtimestr.com\/index.php\/wp-json\/wp\/v2\/categories?post=59689"},{"taxonomy":"post_tag","embeddable":true,"href":"https:\/\/epochtimestr.com\/index.php\/wp-json\/wp\/v2\/tags?post=59689"}],"curies":[{"name":"wp","href":"https:\/\/api.w.org\/{rel}","templated":true}]}}