{"id":6019,"date":"2010-06-19T18:51:11","date_gmt":"2010-06-19T16:51:11","guid":{"rendered":"http:\/\/www.epochtimestr.com\/?p=6019"},"modified":"2010-06-19T18:51:11","modified_gmt":"2010-06-19T16:51:11","slug":"vuvuzela-turkiyede-yayginlasiyor","status":"publish","type":"post","link":"https:\/\/epochtimestr.com\/index.php\/vuvuzela-turkiyede-yayginlasiyor","title":{"rendered":"Vuvuzela T\u00fcrkiye&#8217;de Yayg\u0131nla\u015f\u0131yor"},"content":{"rendered":"<p>BURSA<a class=\"highslide\" href=\"http:\/\/www.epochtimestr.com\/wp-content\/uploads\/2010\/mart\/1458957_p.jpg\"><img loading=\"lazy\" decoding=\"async\" class=\"alignleft size-medium wp-image-6020\" src=\"http:\/\/www.epochtimestr.com\/wp-content\/uploads\/2010\/mart\/1458957_p-300x200.jpg\" alt=\"\" width=\"300\" height=\"200\" \/><\/a>&#8211; G\u00fcney Afrika&#8217;da d\u00fczenlenen D\u00fcnya Futbol \u015eampiyonas\u0131&#8217;nda &#8216;g\u00fcr\u00fclt\u00fc makinesi&#8217; olarak isimlendirilen &#8216;vuvuzela&#8217; T\u00fcrkiye&#8217;de de e\u011flence alanlar\u0131nda yerini ald\u0131.<br \/>\n\u00dclkenin bir \u00e7ok kentinde oldu\u011fu gibi \u015fampiyon Bursaspor&#8217;un kutlamalar\u0131nda da &#8216;vuvuzela&#8217; kullan\u0131lmaya ba\u015fland\u0131. \u00c7e\u015fitle mekanlarda devam eden \u015fampiyonluk kutlamalar\u0131nda vuvuzela \u00e7alan taraftarlar ilgin g\u00f6r\u00fcnt\u00fcler olu\u015fturuyor. Yabanc\u0131 olduklar\u0131 vuvuzelay\u0131 \u00e7almakta zorlanan taraftarlar, Afrika k\u00f6kenli m\u00fczik aleti ile ilgin\u00e7 birliktelik sunuyor.<\/p>\n<p>G\u00fcney Afrika Cumhuriyeti&#8217;nde d\u00fczenlenen D\u00fcnya Futbol Kupas\u0131 ile g\u00fcndeme gelen ve kar\u015f\u0131la\u015fmalarda olu\u015fturdu\u011fu g\u00fcr\u00fclt\u00fc kirlili\u011fi ile ele\u015ftirilen &#8216;vuvuzela&#8217;, T\u00fcrk giri\u015fimcileri sayesinde T\u00fcrkiye&#8217;de de ilgi oda\u011f\u0131 oldu. Afrika ve \u00c7in&#8217;de d\u00fcnyaya yay\u0131lan vuvuzela, 5 ila 10 TL aras\u0131nda sat\u0131l\u0131yor. Vuvuzela 130 desibele kadar \u00e7\u0131kabilen sesiyle yak\u0131n mesafeden kulakta ge\u00e7ici sa\u011f\u0131rl\u0131\u011fa yol a\u00e7abiliyor.<\/p>\n","protected":false},"excerpt":{"rendered":"<p>BURSA&#8211; G\u00fcney Afrika&#8217;da d\u00fczenlenen D\u00fcnya Futbol \u015eampiyonas\u0131&#8217;nda &#8216;g\u00fcr\u00fclt\u00fc makinesi&#8217; olarak isimlendirilen &#8216;vuvuzela&#8217; T\u00fcrkiye&#8217;de de e\u011flence alanlar\u0131nda yerini ald\u0131. \u00dclkenin bir \u00e7ok kentinde oldu\u011fu gibi \u015fampiyon Bursaspor&#8217;un kutlamalar\u0131nda da &#8216;vuvuzela&#8217; kullan\u0131lmaya ba\u015fland\u0131. \u00c7e\u015fitle mekanlarda devam eden \u015fampiyonluk kutlamalar\u0131nda vuvuzela \u00e7alan taraftarlar ilgin g\u00f6r\u00fcnt\u00fcler olu\u015fturuyor. Yabanc\u0131 olduklar\u0131 vuvuzelay\u0131 \u00e7almakta zorlanan taraftarlar, Afrika k\u00f6kenli m\u00fczik aleti ile ilgin\u00e7 [&hellip;]<\/p>\n","protected":false},"author":22,"featured_media":0,"comment_status":"open","ping_status":"open","sticky":false,"template":"","format":"standard","meta":{"_yoast_wpseo_focuskw":"","_yoast_wpseo_title":"","_yoast_wpseo_metadesc":"","_bbp_topic_count":0,"_bbp_reply_count":0,"_bbp_total_topic_count":0,"_bbp_total_reply_count":0,"_bbp_voice_count":0,"_bbp_anonymous_reply_count":0,"_bbp_topic_count_hidden":0,"_bbp_reply_count_hidden":0,"_bbp_forum_subforum_count":0,"footnotes":"","_yoast_wpseo_focuskw_text_input":""},"categories":[9],"tags":[],"yoast_head":"<!-- This site is optimized with the Yoast SEO plugin v23.0 - https:\/\/yoast.com\/wordpress\/plugins\/seo\/ -->\n<title>Vuvuzela T\u00fcrkiye&#039;de Yayg\u0131nla\u015f\u0131yor - The Epoch Times TR<\/title>\n<meta name=\"robots\" content=\"index, follow, max-snippet:-1, max-image-preview:large, max-video-preview:-1\" \/>\n<link rel=\"canonical\" href=\"https:\/\/epochtimestr.com\/index.php\/vuvuzela-turkiyede-yayginlasiyor\" \/>\n<meta property=\"og:locale\" content=\"tr_TR\" \/>\n<meta property=\"og:type\" content=\"article\" \/>\n<meta property=\"og:title\" content=\"Vuvuzela T\u00fcrkiye&#039;de Yayg\u0131nla\u015f\u0131yor - The Epoch Times TR\" \/>\n<meta property=\"og:description\" content=\"BURSA&#8211; G\u00fcney Afrika&#8217;da d\u00fczenlenen D\u00fcnya Futbol \u015eampiyonas\u0131&#8217;nda &#8216;g\u00fcr\u00fclt\u00fc makinesi&#8217; olarak isimlendirilen &#8216;vuvuzela&#8217; T\u00fcrkiye&#8217;de de e\u011flence alanlar\u0131nda yerini ald\u0131. \u00dclkenin bir \u00e7ok kentinde oldu\u011fu gibi \u015fampiyon Bursaspor&#8217;un kutlamalar\u0131nda da &#8216;vuvuzela&#8217; kullan\u0131lmaya ba\u015fland\u0131. \u00c7e\u015fitle mekanlarda devam eden \u015fampiyonluk kutlamalar\u0131nda vuvuzela \u00e7alan taraftarlar ilgin g\u00f6r\u00fcnt\u00fcler olu\u015fturuyor. Yabanc\u0131 olduklar\u0131 vuvuzelay\u0131 \u00e7almakta zorlanan taraftarlar, Afrika k\u00f6kenli m\u00fczik aleti ile ilgin\u00e7 [&hellip;]\" \/>\n<meta property=\"og:url\" content=\"https:\/\/epochtimestr.com\/index.php\/vuvuzela-turkiyede-yayginlasiyor\" \/>\n<meta property=\"og:site_name\" content=\"The Epoch Times TR\" \/>\n<meta property=\"article:publisher\" content=\"https:\/\/www.facebook.com\/theepochtimestr\" \/>\n<meta property=\"article:published_time\" content=\"2010-06-19T16:51:11+00:00\" \/>\n<meta property=\"og:image\" content=\"http:\/\/www.epochtimestr.com\/wp-content\/uploads\/2010\/mart\/1458957_p-300x200.jpg\" \/>\n<meta name=\"author\" content=\"G.Hakan Ko\u00e7man\" \/>\n<meta name=\"twitter:card\" content=\"summary_large_image\" \/>\n<meta name=\"twitter:creator\" content=\"@TheEpochTimesTR\" \/>\n<meta name=\"twitter:site\" content=\"@TheEpochTimesTR\" \/>\n<meta name=\"twitter:label1\" content=\"Yazan:\" \/>\n\t<meta name=\"twitter:data1\" content=\"G.Hakan Ko\u00e7man\" \/>\n\t<meta name=\"twitter:label2\" content=\"Tahmini okuma s\u00fcresi\" \/>\n\t<meta name=\"twitter:data2\" content=\"1 dakika\" \/>\n<script type=\"application\/ld+json\" class=\"yoast-schema-graph\">{\"@context\":\"https:\/\/schema.org\",\"@graph\":[{\"@type\":\"Article\",\"@id\":\"https:\/\/epochtimestr.com\/index.php\/vuvuzela-turkiyede-yayginlasiyor#article\",\"isPartOf\":{\"@id\":\"https:\/\/epochtimestr.com\/index.php\/vuvuzela-turkiyede-yayginlasiyor\"},\"author\":{\"name\":\"G.Hakan Ko\u00e7man\",\"@id\":\"https:\/\/epochtimestr.com\/#\/schema\/person\/b5509977c9a6cd729a3e74d9743d035b\"},\"headline\":\"Vuvuzela T\u00fcrkiye&#8217;de Yayg\u0131nla\u015f\u0131yor\",\"datePublished\":\"2010-06-19T16:51:11+00:00\",\"dateModified\":\"2010-06-19T16:51:11+00:00\",\"mainEntityOfPage\":{\"@id\":\"https:\/\/epochtimestr.com\/index.php\/vuvuzela-turkiyede-yayginlasiyor\"},\"wordCount\":158,\"commentCount\":0,\"publisher\":{\"@id\":\"https:\/\/epochtimestr.com\/#organization\"},\"image\":{\"@id\":\"https:\/\/epochtimestr.com\/index.php\/vuvuzela-turkiyede-yayginlasiyor#primaryimage\"},\"thumbnailUrl\":\"http:\/\/www.epochtimestr.com\/wp-content\/uploads\/2010\/mart\/1458957_p-300x200.jpg\",\"articleSection\":[\"Spor\"],\"inLanguage\":\"tr\",\"potentialAction\":[{\"@type\":\"CommentAction\",\"name\":\"Comment\",\"target\":[\"https:\/\/epochtimestr.com\/index.php\/vuvuzela-turkiyede-yayginlasiyor#respond\"]}]},{\"@type\":\"WebPage\",\"@id\":\"https:\/\/epochtimestr.com\/index.php\/vuvuzela-turkiyede-yayginlasiyor\",\"url\":\"https:\/\/epochtimestr.com\/index.php\/vuvuzela-turkiyede-yayginlasiyor\",\"name\":\"Vuvuzela T\u00fcrkiye'de Yayg\u0131nla\u015f\u0131yor - The Epoch Times TR\",\"isPartOf\":{\"@id\":\"https:\/\/epochtimestr.com\/#website\"},\"primaryImageOfPage\":{\"@id\":\"https:\/\/epochtimestr.com\/index.php\/vuvuzela-turkiyede-yayginlasiyor#primaryimage\"},\"image\":{\"@id\":\"https:\/\/epochtimestr.com\/index.php\/vuvuzela-turkiyede-yayginlasiyor#primaryimage\"},\"thumbnailUrl\":\"http:\/\/www.epochtimestr.com\/wp-content\/uploads\/2010\/mart\/1458957_p-300x200.jpg\",\"datePublished\":\"2010-06-19T16:51:11+00:00\",\"dateModified\":\"2010-06-19T16:51:11+00:00\",\"inLanguage\":\"tr\",\"potentialAction\":[{\"@type\":\"ReadAction\",\"target\":[\"https:\/\/epochtimestr.com\/index.php\/vuvuzela-turkiyede-yayginlasiyor\"]}]},{\"@type\":\"ImageObject\",\"inLanguage\":\"tr\",\"@id\":\"https:\/\/epochtimestr.com\/index.php\/vuvuzela-turkiyede-yayginlasiyor#primaryimage\",\"url\":\"http:\/\/www.epochtimestr.com\/wp-content\/uploads\/2010\/mart\/1458957_p-300x200.jpg\",\"contentUrl\":\"http:\/\/www.epochtimestr.com\/wp-content\/uploads\/2010\/mart\/1458957_p-300x200.jpg\"},{\"@type\":\"WebSite\",\"@id\":\"https:\/\/epochtimestr.com\/#website\",\"url\":\"https:\/\/epochtimestr.com\/\",\"name\":\"The Epoch Times TR\",\"description\":\"De\u011fi\u015fen D\u00fcnyam\u0131za Taze Bir Bak\u0131\u015f\",\"publisher\":{\"@id\":\"https:\/\/epochtimestr.com\/#organization\"},\"potentialAction\":[{\"@type\":\"SearchAction\",\"target\":{\"@type\":\"EntryPoint\",\"urlTemplate\":\"https:\/\/epochtimestr.com\/?s={search_term_string}\"},\"query-input\":\"required name=search_term_string\"}],\"inLanguage\":\"tr\"},{\"@type\":\"Organization\",\"@id\":\"https:\/\/epochtimestr.com\/#organization\",\"name\":\"The EpochTimes T\u00fcrkiye\",\"url\":\"https:\/\/epochtimestr.com\/\",\"logo\":{\"@type\":\"ImageObject\",\"inLanguage\":\"tr\",\"@id\":\"https:\/\/epochtimestr.com\/#\/schema\/logo\/image\/\",\"url\":\"https:\/\/epochtimestr.com\/wp-content\/uploads\/2011y\/ET-Logo-YG.jpg\",\"contentUrl\":\"https:\/\/epochtimestr.com\/wp-content\/uploads\/2011y\/ET-Logo-YG.jpg\",\"width\":346,\"height\":29,\"caption\":\"The EpochTimes T\u00fcrkiye\"},\"image\":{\"@id\":\"https:\/\/epochtimestr.com\/#\/schema\/logo\/image\/\"},\"sameAs\":[\"https:\/\/www.facebook.com\/theepochtimestr\",\"https:\/\/x.com\/TheEpochTimesTR\",\"https:\/\/www.instagram.com\/epochtimestr\"]},{\"@type\":\"Person\",\"@id\":\"https:\/\/epochtimestr.com\/#\/schema\/person\/b5509977c9a6cd729a3e74d9743d035b\",\"name\":\"G.Hakan Ko\u00e7man\",\"image\":{\"@type\":\"ImageObject\",\"inLanguage\":\"tr\",\"@id\":\"https:\/\/epochtimestr.com\/#\/schema\/person\/image\/\",\"url\":\"https:\/\/secure.gravatar.com\/avatar\/e4eafee1ab5d1f4015c3930376b22ca8?s=96&d=mm&r=g\",\"contentUrl\":\"https:\/\/secure.gravatar.com\/avatar\/e4eafee1ab5d1f4015c3930376b22ca8?s=96&d=mm&r=g\",\"caption\":\"G.Hakan Ko\u00e7man\"},\"url\":\"https:\/\/epochtimestr.com\/index.php\/author\/hakan\"}]}<\/script>\n<!-- \/ Yoast SEO plugin. -->","yoast_head_json":{"title":"Vuvuzela T\u00fcrkiye'de Yayg\u0131nla\u015f\u0131yor - The Epoch Times TR","robots":{"index":"index","follow":"follow","max-snippet":"max-snippet:-1","max-image-preview":"max-image-preview:large","max-video-preview":"max-video-preview:-1"},"canonical":"https:\/\/epochtimestr.com\/index.php\/vuvuzela-turkiyede-yayginlasiyor","og_locale":"tr_TR","og_type":"article","og_title":"Vuvuzela T\u00fcrkiye'de Yayg\u0131nla\u015f\u0131yor - The Epoch Times TR","og_description":"BURSA&#8211; G\u00fcney Afrika&#8217;da d\u00fczenlenen D\u00fcnya Futbol \u015eampiyonas\u0131&#8217;nda &#8216;g\u00fcr\u00fclt\u00fc makinesi&#8217; olarak isimlendirilen &#8216;vuvuzela&#8217; T\u00fcrkiye&#8217;de de e\u011flence alanlar\u0131nda yerini ald\u0131. \u00dclkenin bir \u00e7ok kentinde oldu\u011fu gibi \u015fampiyon Bursaspor&#8217;un kutlamalar\u0131nda da &#8216;vuvuzela&#8217; kullan\u0131lmaya ba\u015fland\u0131. \u00c7e\u015fitle mekanlarda devam eden \u015fampiyonluk kutlamalar\u0131nda vuvuzela \u00e7alan taraftarlar ilgin g\u00f6r\u00fcnt\u00fcler olu\u015fturuyor. Yabanc\u0131 olduklar\u0131 vuvuzelay\u0131 \u00e7almakta zorlanan taraftarlar, Afrika k\u00f6kenli m\u00fczik aleti ile ilgin\u00e7 [&hellip;]","og_url":"https:\/\/epochtimestr.com\/index.php\/vuvuzela-turkiyede-yayginlasiyor","og_site_name":"The Epoch Times TR","article_publisher":"https:\/\/www.facebook.com\/theepochtimestr","article_published_time":"2010-06-19T16:51:11+00:00","og_image":[{"url":"http:\/\/www.epochtimestr.com\/wp-content\/uploads\/2010\/mart\/1458957_p-300x200.jpg"}],"author":"G.Hakan Ko\u00e7man","twitter_card":"summary_large_image","twitter_creator":"@TheEpochTimesTR","twitter_site":"@TheEpochTimesTR","twitter_misc":{"Yazan:":"G.Hakan Ko\u00e7man","Tahmini okuma s\u00fcresi":"1 dakika"},"schema":{"@context":"https:\/\/schema.org","@graph":[{"@type":"Article","@id":"https:\/\/epochtimestr.com\/index.php\/vuvuzela-turkiyede-yayginlasiyor#article","isPartOf":{"@id":"https:\/\/epochtimestr.com\/index.php\/vuvuzela-turkiyede-yayginlasiyor"},"author":{"name":"G.Hakan Ko\u00e7man","@id":"https:\/\/epochtimestr.com\/#\/schema\/person\/b5509977c9a6cd729a3e74d9743d035b"},"headline":"Vuvuzela T\u00fcrkiye&#8217;de Yayg\u0131nla\u015f\u0131yor","datePublished":"2010-06-19T16:51:11+00:00","dateModified":"2010-06-19T16:51:11+00:00","mainEntityOfPage":{"@id":"https:\/\/epochtimestr.com\/index.php\/vuvuzela-turkiyede-yayginlasiyor"},"wordCount":158,"commentCount":0,"publisher":{"@id":"https:\/\/epochtimestr.com\/#organization"},"image":{"@id":"https:\/\/epochtimestr.com\/index.php\/vuvuzela-turkiyede-yayginlasiyor#primaryimage"},"thumbnailUrl":"http:\/\/www.epochtimestr.com\/wp-content\/uploads\/2010\/mart\/1458957_p-300x200.jpg","articleSection":["Spor"],"inLanguage":"tr","potentialAction":[{"@type":"CommentAction","name":"Comment","target":["https:\/\/epochtimestr.com\/index.php\/vuvuzela-turkiyede-yayginlasiyor#respond"]}]},{"@type":"WebPage","@id":"https:\/\/epochtimestr.com\/index.php\/vuvuzela-turkiyede-yayginlasiyor","url":"https:\/\/epochtimestr.com\/index.php\/vuvuzela-turkiyede-yayginlasiyor","name":"Vuvuzela T\u00fcrkiye'de Yayg\u0131nla\u015f\u0131yor - The Epoch Times TR","isPartOf":{"@id":"https:\/\/epochtimestr.com\/#website"},"primaryImageOfPage":{"@id":"https:\/\/epochtimestr.com\/index.php\/vuvuzela-turkiyede-yayginlasiyor#primaryimage"},"image":{"@id":"https:\/\/epochtimestr.com\/index.php\/vuvuzela-turkiyede-yayginlasiyor#primaryimage"},"thumbnailUrl":"http:\/\/www.epochtimestr.com\/wp-content\/uploads\/2010\/mart\/1458957_p-300x200.jpg","datePublished":"2010-06-19T16:51:11+00:00","dateModified":"2010-06-19T16:51:11+00:00","inLanguage":"tr","potentialAction":[{"@type":"ReadAction","target":["https:\/\/epochtimestr.com\/index.php\/vuvuzela-turkiyede-yayginlasiyor"]}]},{"@type":"ImageObject","inLanguage":"tr","@id":"https:\/\/epochtimestr.com\/index.php\/vuvuzela-turkiyede-yayginlasiyor#primaryimage","url":"http:\/\/www.epochtimestr.com\/wp-content\/uploads\/2010\/mart\/1458957_p-300x200.jpg","contentUrl":"http:\/\/www.epochtimestr.com\/wp-content\/uploads\/2010\/mart\/1458957_p-300x200.jpg"},{"@type":"WebSite","@id":"https:\/\/epochtimestr.com\/#website","url":"https:\/\/epochtimestr.com\/","name":"The Epoch Times TR","description":"De\u011fi\u015fen D\u00fcnyam\u0131za Taze Bir Bak\u0131\u015f","publisher":{"@id":"https:\/\/epochtimestr.com\/#organization"},"potentialAction":[{"@type":"SearchAction","target":{"@type":"EntryPoint","urlTemplate":"https:\/\/epochtimestr.com\/?s={search_term_string}"},"query-input":"required name=search_term_string"}],"inLanguage":"tr"},{"@type":"Organization","@id":"https:\/\/epochtimestr.com\/#organization","name":"The EpochTimes T\u00fcrkiye","url":"https:\/\/epochtimestr.com\/","logo":{"@type":"ImageObject","inLanguage":"tr","@id":"https:\/\/epochtimestr.com\/#\/schema\/logo\/image\/","url":"https:\/\/epochtimestr.com\/wp-content\/uploads\/2011y\/ET-Logo-YG.jpg","contentUrl":"https:\/\/epochtimestr.com\/wp-content\/uploads\/2011y\/ET-Logo-YG.jpg","width":346,"height":29,"caption":"The EpochTimes T\u00fcrkiye"},"image":{"@id":"https:\/\/epochtimestr.com\/#\/schema\/logo\/image\/"},"sameAs":["https:\/\/www.facebook.com\/theepochtimestr","https:\/\/x.com\/TheEpochTimesTR","https:\/\/www.instagram.com\/epochtimestr"]},{"@type":"Person","@id":"https:\/\/epochtimestr.com\/#\/schema\/person\/b5509977c9a6cd729a3e74d9743d035b","name":"G.Hakan Ko\u00e7man","image":{"@type":"ImageObject","inLanguage":"tr","@id":"https:\/\/epochtimestr.com\/#\/schema\/person\/image\/","url":"https:\/\/secure.gravatar.com\/avatar\/e4eafee1ab5d1f4015c3930376b22ca8?s=96&d=mm&r=g","contentUrl":"https:\/\/secure.gravatar.com\/avatar\/e4eafee1ab5d1f4015c3930376b22ca8?s=96&d=mm&r=g","caption":"G.Hakan Ko\u00e7man"},"url":"https:\/\/epochtimestr.com\/index.php\/author\/hakan"}]}},"_links":{"self":[{"href":"https:\/\/epochtimestr.com\/index.php\/wp-json\/wp\/v2\/posts\/6019"}],"collection":[{"href":"https:\/\/epochtimestr.com\/index.php\/wp-json\/wp\/v2\/posts"}],"about":[{"href":"https:\/\/epochtimestr.com\/index.php\/wp-json\/wp\/v2\/types\/post"}],"author":[{"embeddable":true,"href":"https:\/\/epochtimestr.com\/index.php\/wp-json\/wp\/v2\/users\/22"}],"replies":[{"embeddable":true,"href":"https:\/\/epochtimestr.com\/index.php\/wp-json\/wp\/v2\/comments?post=6019"}],"version-history":[{"count":2,"href":"https:\/\/epochtimestr.com\/index.php\/wp-json\/wp\/v2\/posts\/6019\/revisions"}],"predecessor-version":[{"id":6023,"href":"https:\/\/epochtimestr.com\/index.php\/wp-json\/wp\/v2\/posts\/6019\/revisions\/6023"}],"wp:attachment":[{"href":"https:\/\/epochtimestr.com\/index.php\/wp-json\/wp\/v2\/media?parent=6019"}],"wp:term":[{"taxonomy":"category","embeddable":true,"href":"https:\/\/epochtimestr.com\/index.php\/wp-json\/wp\/v2\/categories?post=6019"},{"taxonomy":"post_tag","embeddable":true,"href":"https:\/\/epochtimestr.com\/index.php\/wp-json\/wp\/v2\/tags?post=6019"}],"curies":[{"name":"wp","href":"https:\/\/api.w.org\/{rel}","templated":true}]}}