{"id":60366,"date":"2012-07-31T16:32:44","date_gmt":"2012-07-31T13:32:44","guid":{"rendered":"http:\/\/epochtimestr.com\/?p=60366"},"modified":"2012-07-31T16:32:44","modified_gmt":"2012-07-31T13:32:44","slug":"orhan-pamukun-masumiyet-muzesi-acildi","status":"publish","type":"post","link":"https:\/\/epochtimestr.com\/index.php\/orhan-pamukun-masumiyet-muzesi-acildi","title":{"rendered":"Orhan Pamuk&#8217;un &#8216;Masumiyet M\u00fczesi&#8217; A\u00e7\u0131ld\u0131"},"content":{"rendered":"<figure id=\"attachment_60367\" aria-describedby=\"caption-attachment-60367\" style=\"width: 267px\" class=\"wp-caption aligncenter\"><a class=\"highslide\" onclick=\"return vz.expand(this)\" href=\"https:\/\/epochtimestr.com\/index.php\/orhan-pamukun-masumiyet-muzesi-acildi\/orhan-pamuk-2\" rel=\"attachment wp-att-60367\"><img loading=\"lazy\" decoding=\"async\" class=\"size-full wp-image-60367\" title=\"orhan pamuk\" src=\"https:\/\/epochtimestr.com\/wp-content\/uploads\/2011y\/orhan-pamuk.jpg\" alt=\"\" width=\"267\" height=\"188\" \/><\/a><figcaption id=\"caption-attachment-60367\" class=\"wp-caption-text\">Orhan Pamuk<\/figcaption><\/figure>\n<p>Nobel Edebiyat \u00f6d\u00fcll\u00fc yazar<a title=\"12 Ekim 2006 \u2013 Nobel Edebiyat \u00d6d\u00fcl\u00fc Yazar Orhan Pamuk\u2019a Verildi\" href=\"https:\/\/epochtimestr.com\/index.php\/12-ekim-2006-nobel-edebiyat-odulu-yazar-orhan-pamuka-verildi\" target=\"_blank\"> Orhan Pamuk\u2019<\/a>un \u2018<em>Masumiyet M\u00fczesi\u2019,<\/em> ayn\u0131 adl\u0131 roman\u0131n\u0131n yay\u0131nlanmas\u0131ndan \u00fc\u00e7 bu\u00e7uk y\u0131l sonra a\u00e7\u0131ld\u0131. M\u00fcze, T\u00fcrkiye\u2019nin 1960 ve 70\u2019li y\u0131llardaki kar\u0131\u015f\u0131k zamanlar\u0131ndan hat\u0131ralar\u0131 sergiliyor. M\u00fcze, roman\u0131n kahramanlar\u0131 olan Kemal ve F\u00fcsun\u2019un hayali ya\u015famlar\u0131 ve hat\u0131ralar\u0131na adand\u0131.<\/p>\n<figure id=\"attachment_60368\" aria-describedby=\"caption-attachment-60368\" style=\"width: 209px\" class=\"wp-caption aligncenter\"><a class=\"highslide\" onclick=\"return vz.expand(this)\" href=\"https:\/\/epochtimestr.com\/index.php\/orhan-pamukun-masumiyet-muzesi-acildi\/masumiyet-muzesi\" rel=\"attachment wp-att-60368\"><img loading=\"lazy\" decoding=\"async\" class=\"size-full wp-image-60368\" title=\"masumiyet m\u00fczesi\" src=\"https:\/\/epochtimestr.com\/wp-content\/uploads\/2011y\/masumiyet-m\u00fczesi.jpg\" alt=\"\" width=\"209\" height=\"241\" \/><\/a><figcaption id=\"caption-attachment-60368\" class=\"wp-caption-text\">Masumiyet M\u00fczesi<\/figcaption><\/figure>\n<p>Orhan Pamuk\u2019un 2008\u2019de yay\u0131mlanan son roman\u0131 \u2018<em>Masumiyet M\u00fczesi\u2019ni<\/em>n bir par\u00e7as\u0131. Roman, zengin bir aileden gelen Kemal\u2019in, yoksul uzak akrabas\u0131 F\u00fcsun\u2019a duydu\u011fu y\u0131llar s\u00fcren a\u015fk\u0131 anlat\u0131yor. Kemal, F\u00fcsun\u2019a ait e\u015fyalar\u0131 toplar ve en sonunda bunlardan bir m\u00fcze kurup orada ya\u015famaya ba\u015flar. Orhan Pamuk da y\u0131llarca bir yandan roman\u0131 yazarken bir yandan bu m\u00fczeyi yapt\u0131.<a title=\"2012\u2032nin En \u0130yi 10 Filmi\" href=\"https:\/\/epochtimestr.com\/index.php\/2012nin-en-iyi-10-filmi\" target=\"_blank\"> Romanda <\/a>ge\u00e7en objelerin, 70 ve 80\u2019lerdeki g\u00fcndelik hayat\u0131 simgeleyen foto\u011fraflar\u0131n, g\u00f6r\u00fcnt\u00fclerin ve ba\u015fka her \u015feyin oldu\u011fu bir m\u00fcze.<\/p>\n<p>\u00c7ukurcuma\u2019da hala eski p\u00fcsk\u00fc ah\u015fap evlerin bile oldu\u011fu dar bir sokaktan girdi\u011finiz m\u00fczede sizi \u00f6nce Kemal\u2019in toplad\u0131\u011f\u0131 4213 sigara izmaritiyle kapl\u0131 duvar, yani bir nevi sigara izmaritleri enstal\u00e2syonu kar\u015f\u0131l\u0131yor. Zaten m\u00fczenin tamam\u0131n\u0131 tek ve b\u00fcy\u00fck bir edebiyat enstal\u00e2syonu ya da enstal\u00e2syonlardan olu\u015fan bir sergi gibi d\u00fc\u015f\u00fcnmek m\u00fcmk\u00fcn. Bu serginin tek sanat\u00e7\u0131s\u0131 ve k\u00fcrat\u00f6r\u00fc ise Orhan Pamuk&#8230;<a title=\"Yunuslar\u0131n G\u00fczelli\u011fi ve Onlar\u0131 Yok Eden Taiji Kasabas\u0131\" href=\"https:\/\/epochtimestr.com\/index.php\/yunuslarin-guzelligi-ve-onlari-yok-eden-taiji-kasabasi\" target=\"_blank\"> M\u00fcze, <\/a>roman\u0131n 83 b\u00f6l\u00fcm\u00fcn\u00fc canland\u0131ran 83 vitrinden olu\u015fuyor. Masumiyet M\u00fczesi\u2019nin bulundu\u011fu yer de \u0130stanbul\u2019un zaman i\u00e7inde nas\u0131l bir de\u011fi\u015fim ge\u00e7irdi\u011fini ortaya koyuyor. Orhan Pamuk\u2019un \u00c7ukurcuma\u2019daki m\u00fcze binas\u0131n\u0131 sat\u0131n ald\u0131\u011f\u0131 15 y\u0131l \u00f6nce semt, yoksul ve k\u00f6hne bir durumdayd\u0131. \u015eimdi \u00c7ukurcuma y\u00fcksek emlak fiyatlar\u0131yla, yeni sanat galerileriyle \u0130stanbul\u2019un pop\u00fcler semtlerinden biri haline gelmeye ba\u015flad\u0131.<\/p>\n<p>Nobel \u00f6d\u00fcll\u00fc bir yazar\u0131n s\u00f6zc\u00fcklerle kurdu\u011fu d\u00fcnyay\u0131, nesnelerle somut bir hale getirdi\u011fi <em>Masumiyet M\u00fczesi d<\/em>\u00fcnya edebiyat tarihini ilgilendiren bir proje. Pamuk\u2019un 10 y\u0131l\u0131 a\u015fk\u0131n bir s\u00fcre ince ince u\u011fra\u015fmas\u0131n\u0131n sonucunda Masumiyet M\u00fczesi, roman\u0131n duygusunu ve atmosferini hi\u00e7 okumayanlara bile aktarabilecek bir incelikte haz\u0131rlanm\u0131\u015f. Belli ki 28 Nisan\u2019dan itibaren elinde \u2018<em>Masumiyet M\u00fczesi\u2019ni<\/em>n farkl\u0131 dillerdeki bask\u0131lar\u0131 olan okurlar ve <a title=\"Bir Derdi Olmayan, Topluma ya da Evrene S\u00f6yleyecek S\u00f6z\u00fc Olmayan Sanat\u00e7\u0131 Olmaz\" href=\"https:\/\/epochtimestr.com\/index.php\/bir-derdi-olmayan-topluma-ya-da-evrene-soyleyecek-sozu-olmayan-sanatci-olmaz\" target=\"_blank\">\u0130stanbul\u2019u<\/a>n ge\u00e7mi\u015f hayat\u0131n\u0131 merak edenler i\u00e7in g\u00f6r\u00fclmeye de\u011fer bir m\u00fcze.<\/p>\n","protected":false},"excerpt":{"rendered":"<p>Nobel Edebiyat \u00f6d\u00fcll\u00fc yazar Orhan Pamuk\u2019un \u2018Masumiyet M\u00fczesi\u2019, ayn\u0131 adl\u0131 roman\u0131n\u0131n yay\u0131nlanmas\u0131ndan \u00fc\u00e7 bu\u00e7uk y\u0131l sonra a\u00e7\u0131ld\u0131. M\u00fcze, T\u00fcrkiye\u2019nin 1960 ve 70\u2019li y\u0131llardaki kar\u0131\u015f\u0131k zamanlar\u0131ndan hat\u0131ralar\u0131 sergiliyor. M\u00fcze, roman\u0131n kahramanlar\u0131 olan Kemal ve F\u00fcsun\u2019un hayali ya\u015famlar\u0131 ve hat\u0131ralar\u0131na adand\u0131. Orhan Pamuk\u2019un 2008\u2019de yay\u0131mlanan son roman\u0131 \u2018Masumiyet M\u00fczesi\u2019nin bir par\u00e7as\u0131. Roman, zengin bir aileden gelen Kemal\u2019in, [&hellip;]<\/p>\n","protected":false},"author":17,"featured_media":60368,"comment_status":"open","ping_status":"open","sticky":false,"template":"","format":"standard","meta":{"_yoast_wpseo_focuskw":"","_yoast_wpseo_title":"","_yoast_wpseo_metadesc":"","_bbp_topic_count":0,"_bbp_reply_count":0,"_bbp_total_topic_count":0,"_bbp_total_reply_count":0,"_bbp_voice_count":0,"_bbp_anonymous_reply_count":0,"_bbp_topic_count_hidden":0,"_bbp_reply_count_hidden":0,"_bbp_forum_subforum_count":0,"footnotes":"","_yoast_wpseo_focuskw_text_input":""},"categories":[37,2881],"tags":[],"yoast_head":"<!-- This site is optimized with the Yoast SEO plugin v23.0 - https:\/\/yoast.com\/wordpress\/plugins\/seo\/ -->\n<title>Orhan Pamuk&#039;un &#039;Masumiyet M\u00fczesi&#039; A\u00e7\u0131ld\u0131 - The Epoch Times TR<\/title>\n<meta name=\"robots\" content=\"index, follow, max-snippet:-1, max-image-preview:large, max-video-preview:-1\" \/>\n<link rel=\"canonical\" href=\"https:\/\/epochtimestr.com\/index.php\/orhan-pamukun-masumiyet-muzesi-acildi\" \/>\n<meta property=\"og:locale\" content=\"tr_TR\" \/>\n<meta property=\"og:type\" content=\"article\" \/>\n<meta property=\"og:title\" content=\"Orhan Pamuk&#039;un &#039;Masumiyet M\u00fczesi&#039; A\u00e7\u0131ld\u0131 - The Epoch Times TR\" \/>\n<meta property=\"og:description\" content=\"Nobel Edebiyat \u00f6d\u00fcll\u00fc yazar Orhan Pamuk\u2019un \u2018Masumiyet M\u00fczesi\u2019, ayn\u0131 adl\u0131 roman\u0131n\u0131n yay\u0131nlanmas\u0131ndan \u00fc\u00e7 bu\u00e7uk y\u0131l sonra a\u00e7\u0131ld\u0131. M\u00fcze, T\u00fcrkiye\u2019nin 1960 ve 70\u2019li y\u0131llardaki kar\u0131\u015f\u0131k zamanlar\u0131ndan hat\u0131ralar\u0131 sergiliyor. M\u00fcze, roman\u0131n kahramanlar\u0131 olan Kemal ve F\u00fcsun\u2019un hayali ya\u015famlar\u0131 ve hat\u0131ralar\u0131na adand\u0131. Orhan Pamuk\u2019un 2008\u2019de yay\u0131mlanan son roman\u0131 \u2018Masumiyet M\u00fczesi\u2019nin bir par\u00e7as\u0131. Roman, zengin bir aileden gelen Kemal\u2019in, [&hellip;]\" \/>\n<meta property=\"og:url\" content=\"https:\/\/epochtimestr.com\/index.php\/orhan-pamukun-masumiyet-muzesi-acildi\" \/>\n<meta property=\"og:site_name\" content=\"The Epoch Times TR\" \/>\n<meta property=\"article:publisher\" content=\"https:\/\/www.facebook.com\/theepochtimestr\" \/>\n<meta property=\"article:published_time\" content=\"2012-07-31T13:32:44+00:00\" \/>\n<meta property=\"og:image\" content=\"https:\/\/epochtimestr.com\/wp-content\/uploads\/2011y\/masumiyet-m\u00fczesi.jpg\" \/>\n\t<meta property=\"og:image:width\" content=\"209\" \/>\n\t<meta property=\"og:image:height\" content=\"241\" \/>\n\t<meta property=\"og:image:type\" content=\"image\/jpeg\" \/>\n<meta name=\"author\" content=\"Ayfer K\u00f6kl\u00fc\" \/>\n<meta name=\"twitter:card\" content=\"summary_large_image\" \/>\n<meta name=\"twitter:creator\" content=\"@TheEpochTimesTR\" \/>\n<meta name=\"twitter:site\" content=\"@TheEpochTimesTR\" \/>\n<meta name=\"twitter:label1\" content=\"Yazan:\" \/>\n\t<meta name=\"twitter:data1\" content=\"Ayfer K\u00f6kl\u00fc\" \/>\n\t<meta name=\"twitter:label2\" content=\"Tahmini okuma s\u00fcresi\" \/>\n\t<meta name=\"twitter:data2\" content=\"2 dakika\" \/>\n<script type=\"application\/ld+json\" class=\"yoast-schema-graph\">{\"@context\":\"https:\/\/schema.org\",\"@graph\":[{\"@type\":\"Article\",\"@id\":\"https:\/\/epochtimestr.com\/index.php\/orhan-pamukun-masumiyet-muzesi-acildi#article\",\"isPartOf\":{\"@id\":\"https:\/\/epochtimestr.com\/index.php\/orhan-pamukun-masumiyet-muzesi-acildi\"},\"author\":{\"name\":\"Ayfer K\u00f6kl\u00fc\",\"@id\":\"https:\/\/epochtimestr.com\/#\/schema\/person\/ffa52705c7f2ebb29186a6047116710c\"},\"headline\":\"Orhan Pamuk&#8217;un &#8216;Masumiyet M\u00fczesi&#8217; A\u00e7\u0131ld\u0131\",\"datePublished\":\"2012-07-31T13:32:44+00:00\",\"dateModified\":\"2012-07-31T13:32:44+00:00\",\"mainEntityOfPage\":{\"@id\":\"https:\/\/epochtimestr.com\/index.php\/orhan-pamukun-masumiyet-muzesi-acildi\"},\"wordCount\":443,\"commentCount\":0,\"publisher\":{\"@id\":\"https:\/\/epochtimestr.com\/#organization\"},\"image\":{\"@id\":\"https:\/\/epochtimestr.com\/index.php\/orhan-pamukun-masumiyet-muzesi-acildi#primaryimage\"},\"thumbnailUrl\":\"https:\/\/epochtimestr.com\/wp-content\/uploads\/2011y\/masumiyet-m\u00fczesi.jpg\",\"articleSection\":[\"T\u00dcRK\u0130YE\",\"\u00dcnl\u00fcler\"],\"inLanguage\":\"tr\",\"potentialAction\":[{\"@type\":\"CommentAction\",\"name\":\"Comment\",\"target\":[\"https:\/\/epochtimestr.com\/index.php\/orhan-pamukun-masumiyet-muzesi-acildi#respond\"]}]},{\"@type\":\"WebPage\",\"@id\":\"https:\/\/epochtimestr.com\/index.php\/orhan-pamukun-masumiyet-muzesi-acildi\",\"url\":\"https:\/\/epochtimestr.com\/index.php\/orhan-pamukun-masumiyet-muzesi-acildi\",\"name\":\"Orhan Pamuk'un 'Masumiyet M\u00fczesi' A\u00e7\u0131ld\u0131 - The Epoch Times TR\",\"isPartOf\":{\"@id\":\"https:\/\/epochtimestr.com\/#website\"},\"primaryImageOfPage\":{\"@id\":\"https:\/\/epochtimestr.com\/index.php\/orhan-pamukun-masumiyet-muzesi-acildi#primaryimage\"},\"image\":{\"@id\":\"https:\/\/epochtimestr.com\/index.php\/orhan-pamukun-masumiyet-muzesi-acildi#primaryimage\"},\"thumbnailUrl\":\"https:\/\/epochtimestr.com\/wp-content\/uploads\/2011y\/masumiyet-m\u00fczesi.jpg\",\"datePublished\":\"2012-07-31T13:32:44+00:00\",\"dateModified\":\"2012-07-31T13:32:44+00:00\",\"inLanguage\":\"tr\",\"potentialAction\":[{\"@type\":\"ReadAction\",\"target\":[\"https:\/\/epochtimestr.com\/index.php\/orhan-pamukun-masumiyet-muzesi-acildi\"]}]},{\"@type\":\"ImageObject\",\"inLanguage\":\"tr\",\"@id\":\"https:\/\/epochtimestr.com\/index.php\/orhan-pamukun-masumiyet-muzesi-acildi#primaryimage\",\"url\":\"https:\/\/epochtimestr.com\/wp-content\/uploads\/2011y\/masumiyet-m\u00fczesi.jpg\",\"contentUrl\":\"https:\/\/epochtimestr.com\/wp-content\/uploads\/2011y\/masumiyet-m\u00fczesi.jpg\",\"width\":209,\"height\":241,\"caption\":\"Masumiyet M\u00fczesi\"},{\"@type\":\"WebSite\",\"@id\":\"https:\/\/epochtimestr.com\/#website\",\"url\":\"https:\/\/epochtimestr.com\/\",\"name\":\"The Epoch Times TR\",\"description\":\"De\u011fi\u015fen D\u00fcnyam\u0131za Taze Bir Bak\u0131\u015f\",\"publisher\":{\"@id\":\"https:\/\/epochtimestr.com\/#organization\"},\"potentialAction\":[{\"@type\":\"SearchAction\",\"target\":{\"@type\":\"EntryPoint\",\"urlTemplate\":\"https:\/\/epochtimestr.com\/?s={search_term_string}\"},\"query-input\":\"required name=search_term_string\"}],\"inLanguage\":\"tr\"},{\"@type\":\"Organization\",\"@id\":\"https:\/\/epochtimestr.com\/#organization\",\"name\":\"The EpochTimes T\u00fcrkiye\",\"url\":\"https:\/\/epochtimestr.com\/\",\"logo\":{\"@type\":\"ImageObject\",\"inLanguage\":\"tr\",\"@id\":\"https:\/\/epochtimestr.com\/#\/schema\/logo\/image\/\",\"url\":\"https:\/\/epochtimestr.com\/wp-content\/uploads\/2011y\/ET-Logo-YG.jpg\",\"contentUrl\":\"https:\/\/epochtimestr.com\/wp-content\/uploads\/2011y\/ET-Logo-YG.jpg\",\"width\":346,\"height\":29,\"caption\":\"The EpochTimes T\u00fcrkiye\"},\"image\":{\"@id\":\"https:\/\/epochtimestr.com\/#\/schema\/logo\/image\/\"},\"sameAs\":[\"https:\/\/www.facebook.com\/theepochtimestr\",\"https:\/\/x.com\/TheEpochTimesTR\",\"https:\/\/www.instagram.com\/epochtimestr\"]},{\"@type\":\"Person\",\"@id\":\"https:\/\/epochtimestr.com\/#\/schema\/person\/ffa52705c7f2ebb29186a6047116710c\",\"name\":\"Ayfer K\u00f6kl\u00fc\",\"image\":{\"@type\":\"ImageObject\",\"inLanguage\":\"tr\",\"@id\":\"https:\/\/epochtimestr.com\/#\/schema\/person\/image\/\",\"url\":\"https:\/\/secure.gravatar.com\/avatar\/00319c438f6a036eae91a020411258f2?s=96&d=mm&r=g\",\"contentUrl\":\"https:\/\/secure.gravatar.com\/avatar\/00319c438f6a036eae91a020411258f2?s=96&d=mm&r=g\",\"caption\":\"Ayfer K\u00f6kl\u00fc\"},\"url\":\"https:\/\/epochtimestr.com\/index.php\/author\/ayfer\"}]}<\/script>\n<!-- \/ Yoast SEO plugin. -->","yoast_head_json":{"title":"Orhan Pamuk'un 'Masumiyet M\u00fczesi' A\u00e7\u0131ld\u0131 - The Epoch Times TR","robots":{"index":"index","follow":"follow","max-snippet":"max-snippet:-1","max-image-preview":"max-image-preview:large","max-video-preview":"max-video-preview:-1"},"canonical":"https:\/\/epochtimestr.com\/index.php\/orhan-pamukun-masumiyet-muzesi-acildi","og_locale":"tr_TR","og_type":"article","og_title":"Orhan Pamuk'un 'Masumiyet M\u00fczesi' A\u00e7\u0131ld\u0131 - The Epoch Times TR","og_description":"Nobel Edebiyat \u00f6d\u00fcll\u00fc yazar Orhan Pamuk\u2019un \u2018Masumiyet M\u00fczesi\u2019, ayn\u0131 adl\u0131 roman\u0131n\u0131n yay\u0131nlanmas\u0131ndan \u00fc\u00e7 bu\u00e7uk y\u0131l sonra a\u00e7\u0131ld\u0131. M\u00fcze, T\u00fcrkiye\u2019nin 1960 ve 70\u2019li y\u0131llardaki kar\u0131\u015f\u0131k zamanlar\u0131ndan hat\u0131ralar\u0131 sergiliyor. M\u00fcze, roman\u0131n kahramanlar\u0131 olan Kemal ve F\u00fcsun\u2019un hayali ya\u015famlar\u0131 ve hat\u0131ralar\u0131na adand\u0131. Orhan Pamuk\u2019un 2008\u2019de yay\u0131mlanan son roman\u0131 \u2018Masumiyet M\u00fczesi\u2019nin bir par\u00e7as\u0131. Roman, zengin bir aileden gelen Kemal\u2019in, [&hellip;]","og_url":"https:\/\/epochtimestr.com\/index.php\/orhan-pamukun-masumiyet-muzesi-acildi","og_site_name":"The Epoch Times TR","article_publisher":"https:\/\/www.facebook.com\/theepochtimestr","article_published_time":"2012-07-31T13:32:44+00:00","og_image":[{"width":209,"height":241,"url":"https:\/\/epochtimestr.com\/wp-content\/uploads\/2011y\/masumiyet-m\u00fczesi.jpg","type":"image\/jpeg"}],"author":"Ayfer K\u00f6kl\u00fc","twitter_card":"summary_large_image","twitter_creator":"@TheEpochTimesTR","twitter_site":"@TheEpochTimesTR","twitter_misc":{"Yazan:":"Ayfer K\u00f6kl\u00fc","Tahmini okuma s\u00fcresi":"2 dakika"},"schema":{"@context":"https:\/\/schema.org","@graph":[{"@type":"Article","@id":"https:\/\/epochtimestr.com\/index.php\/orhan-pamukun-masumiyet-muzesi-acildi#article","isPartOf":{"@id":"https:\/\/epochtimestr.com\/index.php\/orhan-pamukun-masumiyet-muzesi-acildi"},"author":{"name":"Ayfer K\u00f6kl\u00fc","@id":"https:\/\/epochtimestr.com\/#\/schema\/person\/ffa52705c7f2ebb29186a6047116710c"},"headline":"Orhan Pamuk&#8217;un &#8216;Masumiyet M\u00fczesi&#8217; A\u00e7\u0131ld\u0131","datePublished":"2012-07-31T13:32:44+00:00","dateModified":"2012-07-31T13:32:44+00:00","mainEntityOfPage":{"@id":"https:\/\/epochtimestr.com\/index.php\/orhan-pamukun-masumiyet-muzesi-acildi"},"wordCount":443,"commentCount":0,"publisher":{"@id":"https:\/\/epochtimestr.com\/#organization"},"image":{"@id":"https:\/\/epochtimestr.com\/index.php\/orhan-pamukun-masumiyet-muzesi-acildi#primaryimage"},"thumbnailUrl":"https:\/\/epochtimestr.com\/wp-content\/uploads\/2011y\/masumiyet-m\u00fczesi.jpg","articleSection":["T\u00dcRK\u0130YE","\u00dcnl\u00fcler"],"inLanguage":"tr","potentialAction":[{"@type":"CommentAction","name":"Comment","target":["https:\/\/epochtimestr.com\/index.php\/orhan-pamukun-masumiyet-muzesi-acildi#respond"]}]},{"@type":"WebPage","@id":"https:\/\/epochtimestr.com\/index.php\/orhan-pamukun-masumiyet-muzesi-acildi","url":"https:\/\/epochtimestr.com\/index.php\/orhan-pamukun-masumiyet-muzesi-acildi","name":"Orhan Pamuk'un 'Masumiyet M\u00fczesi' A\u00e7\u0131ld\u0131 - The Epoch Times TR","isPartOf":{"@id":"https:\/\/epochtimestr.com\/#website"},"primaryImageOfPage":{"@id":"https:\/\/epochtimestr.com\/index.php\/orhan-pamukun-masumiyet-muzesi-acildi#primaryimage"},"image":{"@id":"https:\/\/epochtimestr.com\/index.php\/orhan-pamukun-masumiyet-muzesi-acildi#primaryimage"},"thumbnailUrl":"https:\/\/epochtimestr.com\/wp-content\/uploads\/2011y\/masumiyet-m\u00fczesi.jpg","datePublished":"2012-07-31T13:32:44+00:00","dateModified":"2012-07-31T13:32:44+00:00","inLanguage":"tr","potentialAction":[{"@type":"ReadAction","target":["https:\/\/epochtimestr.com\/index.php\/orhan-pamukun-masumiyet-muzesi-acildi"]}]},{"@type":"ImageObject","inLanguage":"tr","@id":"https:\/\/epochtimestr.com\/index.php\/orhan-pamukun-masumiyet-muzesi-acildi#primaryimage","url":"https:\/\/epochtimestr.com\/wp-content\/uploads\/2011y\/masumiyet-m\u00fczesi.jpg","contentUrl":"https:\/\/epochtimestr.com\/wp-content\/uploads\/2011y\/masumiyet-m\u00fczesi.jpg","width":209,"height":241,"caption":"Masumiyet M\u00fczesi"},{"@type":"WebSite","@id":"https:\/\/epochtimestr.com\/#website","url":"https:\/\/epochtimestr.com\/","name":"The Epoch Times TR","description":"De\u011fi\u015fen D\u00fcnyam\u0131za Taze Bir Bak\u0131\u015f","publisher":{"@id":"https:\/\/epochtimestr.com\/#organization"},"potentialAction":[{"@type":"SearchAction","target":{"@type":"EntryPoint","urlTemplate":"https:\/\/epochtimestr.com\/?s={search_term_string}"},"query-input":"required name=search_term_string"}],"inLanguage":"tr"},{"@type":"Organization","@id":"https:\/\/epochtimestr.com\/#organization","name":"The EpochTimes T\u00fcrkiye","url":"https:\/\/epochtimestr.com\/","logo":{"@type":"ImageObject","inLanguage":"tr","@id":"https:\/\/epochtimestr.com\/#\/schema\/logo\/image\/","url":"https:\/\/epochtimestr.com\/wp-content\/uploads\/2011y\/ET-Logo-YG.jpg","contentUrl":"https:\/\/epochtimestr.com\/wp-content\/uploads\/2011y\/ET-Logo-YG.jpg","width":346,"height":29,"caption":"The EpochTimes T\u00fcrkiye"},"image":{"@id":"https:\/\/epochtimestr.com\/#\/schema\/logo\/image\/"},"sameAs":["https:\/\/www.facebook.com\/theepochtimestr","https:\/\/x.com\/TheEpochTimesTR","https:\/\/www.instagram.com\/epochtimestr"]},{"@type":"Person","@id":"https:\/\/epochtimestr.com\/#\/schema\/person\/ffa52705c7f2ebb29186a6047116710c","name":"Ayfer K\u00f6kl\u00fc","image":{"@type":"ImageObject","inLanguage":"tr","@id":"https:\/\/epochtimestr.com\/#\/schema\/person\/image\/","url":"https:\/\/secure.gravatar.com\/avatar\/00319c438f6a036eae91a020411258f2?s=96&d=mm&r=g","contentUrl":"https:\/\/secure.gravatar.com\/avatar\/00319c438f6a036eae91a020411258f2?s=96&d=mm&r=g","caption":"Ayfer K\u00f6kl\u00fc"},"url":"https:\/\/epochtimestr.com\/index.php\/author\/ayfer"}]}},"_links":{"self":[{"href":"https:\/\/epochtimestr.com\/index.php\/wp-json\/wp\/v2\/posts\/60366"}],"collection":[{"href":"https:\/\/epochtimestr.com\/index.php\/wp-json\/wp\/v2\/posts"}],"about":[{"href":"https:\/\/epochtimestr.com\/index.php\/wp-json\/wp\/v2\/types\/post"}],"author":[{"embeddable":true,"href":"https:\/\/epochtimestr.com\/index.php\/wp-json\/wp\/v2\/users\/17"}],"replies":[{"embeddable":true,"href":"https:\/\/epochtimestr.com\/index.php\/wp-json\/wp\/v2\/comments?post=60366"}],"version-history":[{"count":2,"href":"https:\/\/epochtimestr.com\/index.php\/wp-json\/wp\/v2\/posts\/60366\/revisions"}],"predecessor-version":[{"id":60370,"href":"https:\/\/epochtimestr.com\/index.php\/wp-json\/wp\/v2\/posts\/60366\/revisions\/60370"}],"wp:featuredmedia":[{"embeddable":true,"href":"https:\/\/epochtimestr.com\/index.php\/wp-json\/wp\/v2\/media\/60368"}],"wp:attachment":[{"href":"https:\/\/epochtimestr.com\/index.php\/wp-json\/wp\/v2\/media?parent=60366"}],"wp:term":[{"taxonomy":"category","embeddable":true,"href":"https:\/\/epochtimestr.com\/index.php\/wp-json\/wp\/v2\/categories?post=60366"},{"taxonomy":"post_tag","embeddable":true,"href":"https:\/\/epochtimestr.com\/index.php\/wp-json\/wp\/v2\/tags?post=60366"}],"curies":[{"name":"wp","href":"https:\/\/api.w.org\/{rel}","templated":true}]}}