{"id":60385,"date":"2012-08-02T19:04:20","date_gmt":"2012-08-02T16:04:20","guid":{"rendered":"http:\/\/epochtimestr.com\/?p=60385"},"modified":"2013-08-23T20:54:11","modified_gmt":"2013-08-23T17:54:11","slug":"ataturkun-manevi-kizi-ulku-trafik-kazasinda-hayatini-kaybetti","status":"publish","type":"post","link":"https:\/\/epochtimestr.com\/index.php\/ataturkun-manevi-kizi-ulku-trafik-kazasinda-hayatini-kaybetti","title":{"rendered":"Atat\u00fcrk&#8217;\u00fcn Manevi K\u0131z\u0131 \u00dclk\u00fc Trafik Kazas\u0131nda Hayat\u0131n\u0131 Kaybetti"},"content":{"rendered":"<hr \/>\n<p><a class=\"highslide\" onclick=\"return vz.expand(this)\" href=\"https:\/\/epochtimestr.com\/index.php\/ataturkun-manevi-kizi-ulku-trafik-kazasinda-hayatini-kaybetti\/ataturk-ve-kizi\" rel=\"attachment wp-att-60387\"><img loading=\"lazy\" decoding=\"async\" class=\"aligncenter size-medium wp-image-60387\" title=\"atat\u00fcrk ve k\u0131z\u0131\" src=\"https:\/\/epochtimestr.com\/wp-content\/uploads\/2011y\/atat%C3%BCrk-ve-k%C4%B1z%C4%B1-300x300.jpg\" alt=\"\" width=\"300\" height=\"300\" \/><\/a><\/p>\n<p>Mustafa Kemal Atat\u00fcrk&#8217;\u00fcn manevi k\u0131z\u0131 80 ya\u015f\u0131ndaki \u00dclk\u00fc Adatepe Sakarya&#8217;da ge\u00e7irdi\u011fi trafik kazas\u0131nda ya\u015fam\u0131n\u0131 yitirdi, Adatepe&#8217;nin e\u015fi ve otomobilin s\u00fcr\u00fcc\u00fcs\u00fc de yaraland\u0131. Kaza d\u00fcn saat 18.30 s\u0131ralar\u0131nda TEM otoyolu Akyaz\u0131 mevkiinde meydana geldi. Adatepe ve e\u015fi Emin \u00d6ke Adatepe otomobille Ankara&#8217;dan \u0130stanbul&#8217;a d\u00f6n\u00fcyordu. Adnan Sel\u00e7uk&#8217;un kulland\u0131\u011f\u0131 34 YUY 65 plakal\u0131 otomobil, direksiyon hakimiyetini kaybetmesi sonucu bariyerleri a\u015f\u0131p kar\u015f\u0131 \u015feride ge\u00e7erek devrildi. Kazada \u00dclk\u00fc Adatepe, ya\u015fam\u0131n\u0131 yitirdi.<br \/>\nKazada yaralanan otomobil s\u00fcr\u00fcc\u00fcs\u00fc Adnan Sel\u00e7uk ile \u00dclk\u00fc Adatepe&#8217;nin e\u015fi Emin \u00d6ke Adatepe hastaneye kald\u0131r\u0131ld\u0131.<br \/>\n<strong>\u00dcLK\u00dc \u0130SM\u0130N\u0130 ATAT\u00dcRK VERD\u0130<br \/>\n<\/strong>\u00dclk\u00fc isminin verilmesini isteyen Atat\u00fcrk, 9 ayl\u0131kken \u00dclk\u00fc&#8217;y\u00fc \u00c7ankaya K\u00f6\u015fk\u00fc&#8217;ne ald\u0131rd\u0131 ve biraz b\u00fcy\u00fcd\u00fc\u011f\u00fcnde onu yurt gezilerine g\u00f6t\u00fcrmeye ba\u015flad\u0131.<br \/>\nAtat\u00fcrk \u00f6ld\u00fc\u011f\u00fcnde \u00dclk\u00fc alt\u0131 ya\u015f\u0131ndayd\u0131. \u00dcsk\u00fcdar Amerikan Lisesi&#8217;nde ba\u015flad\u0131\u011f\u0131 \u00f6\u011frenimini maddi s\u0131k\u0131nt\u0131lar nedeniyle tamamlayamad\u0131 ve gen\u00e7 ya\u015fta evlendi. \u0130lk evlili\u011fini Sabiha G\u00f6k\u00e7en&#8217;in amcas\u0131n\u0131n o\u011flu \u00dcste\u011fmen Fethi Do\u011fan\u00e7ay ile yapt\u0131. On \u00fc\u00e7 y\u0131l s\u00fcren bu evlili\u011finden iki o\u011flu oldu. \u0130kinci evlili\u011fini ise i\u015fadam\u0131 Emin \u00d6ke Adatepe ile yapt\u0131.<\/p>\n","protected":false},"excerpt":{"rendered":"<p>Mustafa Kemal Atat\u00fcrk&#8217;\u00fcn manevi k\u0131z\u0131 80 ya\u015f\u0131ndaki \u00dclk\u00fc Adatepe Sakarya&#8217;da ge\u00e7irdi\u011fi trafik kazas\u0131nda ya\u015fam\u0131n\u0131 yitirdi, Adatepe&#8217;nin e\u015fi ve otomobilin s\u00fcr\u00fcc\u00fcs\u00fc de yaraland\u0131. Kaza d\u00fcn saat 18.30 s\u0131ralar\u0131nda TEM otoyolu Akyaz\u0131 mevkiinde meydana geldi. Adatepe ve e\u015fi Emin \u00d6ke Adatepe otomobille Ankara&#8217;dan \u0130stanbul&#8217;a d\u00f6n\u00fcyordu. Adnan Sel\u00e7uk&#8217;un kulland\u0131\u011f\u0131 34 YUY 65 plakal\u0131 otomobil, direksiyon hakimiyetini kaybetmesi sonucu [&hellip;]<\/p>\n","protected":false},"author":17,"featured_media":60387,"comment_status":"open","ping_status":"open","sticky":false,"template":"","format":"standard","meta":{"_yoast_wpseo_focuskw":"","_yoast_wpseo_title":"","_yoast_wpseo_metadesc":"","_bbp_topic_count":0,"_bbp_reply_count":0,"_bbp_total_topic_count":0,"_bbp_total_reply_count":0,"_bbp_voice_count":0,"_bbp_anonymous_reply_count":0,"_bbp_topic_count_hidden":0,"_bbp_reply_count_hidden":0,"_bbp_forum_subforum_count":0,"footnotes":"","_yoast_wpseo_focuskw_text_input":""},"categories":[60],"tags":[],"yoast_head":"<!-- This site is optimized with the Yoast SEO plugin v23.0 - https:\/\/yoast.com\/wordpress\/plugins\/seo\/ -->\n<title>Atat\u00fcrk&#039;\u00fcn Manevi K\u0131z\u0131 \u00dclk\u00fc Trafik Kazas\u0131nda Hayat\u0131n\u0131 Kaybetti - The Epoch Times TR<\/title>\n<meta name=\"robots\" content=\"index, follow, max-snippet:-1, max-image-preview:large, max-video-preview:-1\" \/>\n<link rel=\"canonical\" href=\"https:\/\/epochtimestr.com\/index.php\/ataturkun-manevi-kizi-ulku-trafik-kazasinda-hayatini-kaybetti\" \/>\n<meta property=\"og:locale\" content=\"tr_TR\" \/>\n<meta property=\"og:type\" content=\"article\" \/>\n<meta property=\"og:title\" content=\"Atat\u00fcrk&#039;\u00fcn Manevi K\u0131z\u0131 \u00dclk\u00fc Trafik Kazas\u0131nda Hayat\u0131n\u0131 Kaybetti - The Epoch Times TR\" \/>\n<meta property=\"og:description\" content=\"Mustafa Kemal Atat\u00fcrk&#8217;\u00fcn manevi k\u0131z\u0131 80 ya\u015f\u0131ndaki \u00dclk\u00fc Adatepe Sakarya&#8217;da ge\u00e7irdi\u011fi trafik kazas\u0131nda ya\u015fam\u0131n\u0131 yitirdi, Adatepe&#8217;nin e\u015fi ve otomobilin s\u00fcr\u00fcc\u00fcs\u00fc de yaraland\u0131. Kaza d\u00fcn saat 18.30 s\u0131ralar\u0131nda TEM otoyolu Akyaz\u0131 mevkiinde meydana geldi. Adatepe ve e\u015fi Emin \u00d6ke Adatepe otomobille Ankara&#8217;dan \u0130stanbul&#8217;a d\u00f6n\u00fcyordu. Adnan Sel\u00e7uk&#8217;un kulland\u0131\u011f\u0131 34 YUY 65 plakal\u0131 otomobil, direksiyon hakimiyetini kaybetmesi sonucu [&hellip;]\" \/>\n<meta property=\"og:url\" content=\"https:\/\/epochtimestr.com\/index.php\/ataturkun-manevi-kizi-ulku-trafik-kazasinda-hayatini-kaybetti\" \/>\n<meta property=\"og:site_name\" content=\"The Epoch Times TR\" \/>\n<meta property=\"article:publisher\" content=\"https:\/\/www.facebook.com\/theepochtimestr\" \/>\n<meta property=\"article:published_time\" content=\"2012-08-02T16:04:20+00:00\" \/>\n<meta property=\"article:modified_time\" content=\"2013-08-23T17:54:11+00:00\" \/>\n<meta property=\"og:image\" content=\"https:\/\/epochtimestr.com\/wp-content\/uploads\/2011y\/atat\u00fcrk-ve-k\u0131z\u0131.jpg\" \/>\n\t<meta property=\"og:image:width\" content=\"403\" \/>\n\t<meta property=\"og:image:height\" content=\"403\" \/>\n\t<meta property=\"og:image:type\" content=\"image\/jpeg\" \/>\n<meta name=\"author\" content=\"Ayfer K\u00f6kl\u00fc\" \/>\n<meta name=\"twitter:card\" content=\"summary_large_image\" \/>\n<meta name=\"twitter:creator\" content=\"@TheEpochTimesTR\" \/>\n<meta name=\"twitter:site\" content=\"@TheEpochTimesTR\" \/>\n<meta name=\"twitter:label1\" content=\"Yazan:\" \/>\n\t<meta name=\"twitter:data1\" content=\"Ayfer K\u00f6kl\u00fc\" \/>\n\t<meta name=\"twitter:label2\" content=\"Tahmini okuma s\u00fcresi\" \/>\n\t<meta name=\"twitter:data2\" content=\"1 dakika\" \/>\n<script type=\"application\/ld+json\" class=\"yoast-schema-graph\">{\"@context\":\"https:\/\/schema.org\",\"@graph\":[{\"@type\":\"Article\",\"@id\":\"https:\/\/epochtimestr.com\/index.php\/ataturkun-manevi-kizi-ulku-trafik-kazasinda-hayatini-kaybetti#article\",\"isPartOf\":{\"@id\":\"https:\/\/epochtimestr.com\/index.php\/ataturkun-manevi-kizi-ulku-trafik-kazasinda-hayatini-kaybetti\"},\"author\":{\"name\":\"Ayfer K\u00f6kl\u00fc\",\"@id\":\"https:\/\/epochtimestr.com\/#\/schema\/person\/ffa52705c7f2ebb29186a6047116710c\"},\"headline\":\"Atat\u00fcrk&#8217;\u00fcn Manevi K\u0131z\u0131 \u00dclk\u00fc Trafik Kazas\u0131nda Hayat\u0131n\u0131 Kaybetti\",\"datePublished\":\"2012-08-02T16:04:20+00:00\",\"dateModified\":\"2013-08-23T17:54:11+00:00\",\"mainEntityOfPage\":{\"@id\":\"https:\/\/epochtimestr.com\/index.php\/ataturkun-manevi-kizi-ulku-trafik-kazasinda-hayatini-kaybetti\"},\"wordCount\":227,\"commentCount\":0,\"publisher\":{\"@id\":\"https:\/\/epochtimestr.com\/#organization\"},\"image\":{\"@id\":\"https:\/\/epochtimestr.com\/index.php\/ataturkun-manevi-kizi-ulku-trafik-kazasinda-hayatini-kaybetti#primaryimage\"},\"thumbnailUrl\":\"https:\/\/epochtimestr.com\/wp-content\/uploads\/2011y\/atat\u00fcrk-ve-k\u0131z\u0131.jpg\",\"articleSection\":[\"Taslak'da b\u0131rak\"],\"inLanguage\":\"tr\",\"potentialAction\":[{\"@type\":\"CommentAction\",\"name\":\"Comment\",\"target\":[\"https:\/\/epochtimestr.com\/index.php\/ataturkun-manevi-kizi-ulku-trafik-kazasinda-hayatini-kaybetti#respond\"]}]},{\"@type\":\"WebPage\",\"@id\":\"https:\/\/epochtimestr.com\/index.php\/ataturkun-manevi-kizi-ulku-trafik-kazasinda-hayatini-kaybetti\",\"url\":\"https:\/\/epochtimestr.com\/index.php\/ataturkun-manevi-kizi-ulku-trafik-kazasinda-hayatini-kaybetti\",\"name\":\"Atat\u00fcrk'\u00fcn Manevi K\u0131z\u0131 \u00dclk\u00fc Trafik Kazas\u0131nda Hayat\u0131n\u0131 Kaybetti - The Epoch Times TR\",\"isPartOf\":{\"@id\":\"https:\/\/epochtimestr.com\/#website\"},\"primaryImageOfPage\":{\"@id\":\"https:\/\/epochtimestr.com\/index.php\/ataturkun-manevi-kizi-ulku-trafik-kazasinda-hayatini-kaybetti#primaryimage\"},\"image\":{\"@id\":\"https:\/\/epochtimestr.com\/index.php\/ataturkun-manevi-kizi-ulku-trafik-kazasinda-hayatini-kaybetti#primaryimage\"},\"thumbnailUrl\":\"https:\/\/epochtimestr.com\/wp-content\/uploads\/2011y\/atat\u00fcrk-ve-k\u0131z\u0131.jpg\",\"datePublished\":\"2012-08-02T16:04:20+00:00\",\"dateModified\":\"2013-08-23T17:54:11+00:00\",\"inLanguage\":\"tr\",\"potentialAction\":[{\"@type\":\"ReadAction\",\"target\":[\"https:\/\/epochtimestr.com\/index.php\/ataturkun-manevi-kizi-ulku-trafik-kazasinda-hayatini-kaybetti\"]}]},{\"@type\":\"ImageObject\",\"inLanguage\":\"tr\",\"@id\":\"https:\/\/epochtimestr.com\/index.php\/ataturkun-manevi-kizi-ulku-trafik-kazasinda-hayatini-kaybetti#primaryimage\",\"url\":\"https:\/\/epochtimestr.com\/wp-content\/uploads\/2011y\/atat\u00fcrk-ve-k\u0131z\u0131.jpg\",\"contentUrl\":\"https:\/\/epochtimestr.com\/wp-content\/uploads\/2011y\/atat\u00fcrk-ve-k\u0131z\u0131.jpg\",\"width\":403,\"height\":403},{\"@type\":\"WebSite\",\"@id\":\"https:\/\/epochtimestr.com\/#website\",\"url\":\"https:\/\/epochtimestr.com\/\",\"name\":\"The Epoch Times TR\",\"description\":\"De\u011fi\u015fen D\u00fcnyam\u0131za Taze Bir Bak\u0131\u015f\",\"publisher\":{\"@id\":\"https:\/\/epochtimestr.com\/#organization\"},\"potentialAction\":[{\"@type\":\"SearchAction\",\"target\":{\"@type\":\"EntryPoint\",\"urlTemplate\":\"https:\/\/epochtimestr.com\/?s={search_term_string}\"},\"query-input\":\"required name=search_term_string\"}],\"inLanguage\":\"tr\"},{\"@type\":\"Organization\",\"@id\":\"https:\/\/epochtimestr.com\/#organization\",\"name\":\"The EpochTimes T\u00fcrkiye\",\"url\":\"https:\/\/epochtimestr.com\/\",\"logo\":{\"@type\":\"ImageObject\",\"inLanguage\":\"tr\",\"@id\":\"https:\/\/epochtimestr.com\/#\/schema\/logo\/image\/\",\"url\":\"https:\/\/epochtimestr.com\/wp-content\/uploads\/2011y\/ET-Logo-YG.jpg\",\"contentUrl\":\"https:\/\/epochtimestr.com\/wp-content\/uploads\/2011y\/ET-Logo-YG.jpg\",\"width\":346,\"height\":29,\"caption\":\"The EpochTimes T\u00fcrkiye\"},\"image\":{\"@id\":\"https:\/\/epochtimestr.com\/#\/schema\/logo\/image\/\"},\"sameAs\":[\"https:\/\/www.facebook.com\/theepochtimestr\",\"https:\/\/x.com\/TheEpochTimesTR\",\"https:\/\/www.instagram.com\/epochtimestr\"]},{\"@type\":\"Person\",\"@id\":\"https:\/\/epochtimestr.com\/#\/schema\/person\/ffa52705c7f2ebb29186a6047116710c\",\"name\":\"Ayfer K\u00f6kl\u00fc\",\"image\":{\"@type\":\"ImageObject\",\"inLanguage\":\"tr\",\"@id\":\"https:\/\/epochtimestr.com\/#\/schema\/person\/image\/\",\"url\":\"https:\/\/secure.gravatar.com\/avatar\/00319c438f6a036eae91a020411258f2?s=96&d=mm&r=g\",\"contentUrl\":\"https:\/\/secure.gravatar.com\/avatar\/00319c438f6a036eae91a020411258f2?s=96&d=mm&r=g\",\"caption\":\"Ayfer K\u00f6kl\u00fc\"},\"url\":\"https:\/\/epochtimestr.com\/index.php\/author\/ayfer\"}]}<\/script>\n<!-- \/ Yoast SEO plugin. -->","yoast_head_json":{"title":"Atat\u00fcrk'\u00fcn Manevi K\u0131z\u0131 \u00dclk\u00fc Trafik Kazas\u0131nda Hayat\u0131n\u0131 Kaybetti - The Epoch Times TR","robots":{"index":"index","follow":"follow","max-snippet":"max-snippet:-1","max-image-preview":"max-image-preview:large","max-video-preview":"max-video-preview:-1"},"canonical":"https:\/\/epochtimestr.com\/index.php\/ataturkun-manevi-kizi-ulku-trafik-kazasinda-hayatini-kaybetti","og_locale":"tr_TR","og_type":"article","og_title":"Atat\u00fcrk'\u00fcn Manevi K\u0131z\u0131 \u00dclk\u00fc Trafik Kazas\u0131nda Hayat\u0131n\u0131 Kaybetti - The Epoch Times TR","og_description":"Mustafa Kemal Atat\u00fcrk&#8217;\u00fcn manevi k\u0131z\u0131 80 ya\u015f\u0131ndaki \u00dclk\u00fc Adatepe Sakarya&#8217;da ge\u00e7irdi\u011fi trafik kazas\u0131nda ya\u015fam\u0131n\u0131 yitirdi, Adatepe&#8217;nin e\u015fi ve otomobilin s\u00fcr\u00fcc\u00fcs\u00fc de yaraland\u0131. Kaza d\u00fcn saat 18.30 s\u0131ralar\u0131nda TEM otoyolu Akyaz\u0131 mevkiinde meydana geldi. Adatepe ve e\u015fi Emin \u00d6ke Adatepe otomobille Ankara&#8217;dan \u0130stanbul&#8217;a d\u00f6n\u00fcyordu. Adnan Sel\u00e7uk&#8217;un kulland\u0131\u011f\u0131 34 YUY 65 plakal\u0131 otomobil, direksiyon hakimiyetini kaybetmesi sonucu [&hellip;]","og_url":"https:\/\/epochtimestr.com\/index.php\/ataturkun-manevi-kizi-ulku-trafik-kazasinda-hayatini-kaybetti","og_site_name":"The Epoch Times TR","article_publisher":"https:\/\/www.facebook.com\/theepochtimestr","article_published_time":"2012-08-02T16:04:20+00:00","article_modified_time":"2013-08-23T17:54:11+00:00","og_image":[{"width":403,"height":403,"url":"https:\/\/epochtimestr.com\/wp-content\/uploads\/2011y\/atat\u00fcrk-ve-k\u0131z\u0131.jpg","type":"image\/jpeg"}],"author":"Ayfer K\u00f6kl\u00fc","twitter_card":"summary_large_image","twitter_creator":"@TheEpochTimesTR","twitter_site":"@TheEpochTimesTR","twitter_misc":{"Yazan:":"Ayfer K\u00f6kl\u00fc","Tahmini okuma s\u00fcresi":"1 dakika"},"schema":{"@context":"https:\/\/schema.org","@graph":[{"@type":"Article","@id":"https:\/\/epochtimestr.com\/index.php\/ataturkun-manevi-kizi-ulku-trafik-kazasinda-hayatini-kaybetti#article","isPartOf":{"@id":"https:\/\/epochtimestr.com\/index.php\/ataturkun-manevi-kizi-ulku-trafik-kazasinda-hayatini-kaybetti"},"author":{"name":"Ayfer K\u00f6kl\u00fc","@id":"https:\/\/epochtimestr.com\/#\/schema\/person\/ffa52705c7f2ebb29186a6047116710c"},"headline":"Atat\u00fcrk&#8217;\u00fcn Manevi K\u0131z\u0131 \u00dclk\u00fc Trafik Kazas\u0131nda Hayat\u0131n\u0131 Kaybetti","datePublished":"2012-08-02T16:04:20+00:00","dateModified":"2013-08-23T17:54:11+00:00","mainEntityOfPage":{"@id":"https:\/\/epochtimestr.com\/index.php\/ataturkun-manevi-kizi-ulku-trafik-kazasinda-hayatini-kaybetti"},"wordCount":227,"commentCount":0,"publisher":{"@id":"https:\/\/epochtimestr.com\/#organization"},"image":{"@id":"https:\/\/epochtimestr.com\/index.php\/ataturkun-manevi-kizi-ulku-trafik-kazasinda-hayatini-kaybetti#primaryimage"},"thumbnailUrl":"https:\/\/epochtimestr.com\/wp-content\/uploads\/2011y\/atat\u00fcrk-ve-k\u0131z\u0131.jpg","articleSection":["Taslak'da b\u0131rak"],"inLanguage":"tr","potentialAction":[{"@type":"CommentAction","name":"Comment","target":["https:\/\/epochtimestr.com\/index.php\/ataturkun-manevi-kizi-ulku-trafik-kazasinda-hayatini-kaybetti#respond"]}]},{"@type":"WebPage","@id":"https:\/\/epochtimestr.com\/index.php\/ataturkun-manevi-kizi-ulku-trafik-kazasinda-hayatini-kaybetti","url":"https:\/\/epochtimestr.com\/index.php\/ataturkun-manevi-kizi-ulku-trafik-kazasinda-hayatini-kaybetti","name":"Atat\u00fcrk'\u00fcn Manevi K\u0131z\u0131 \u00dclk\u00fc Trafik Kazas\u0131nda Hayat\u0131n\u0131 Kaybetti - The Epoch Times TR","isPartOf":{"@id":"https:\/\/epochtimestr.com\/#website"},"primaryImageOfPage":{"@id":"https:\/\/epochtimestr.com\/index.php\/ataturkun-manevi-kizi-ulku-trafik-kazasinda-hayatini-kaybetti#primaryimage"},"image":{"@id":"https:\/\/epochtimestr.com\/index.php\/ataturkun-manevi-kizi-ulku-trafik-kazasinda-hayatini-kaybetti#primaryimage"},"thumbnailUrl":"https:\/\/epochtimestr.com\/wp-content\/uploads\/2011y\/atat\u00fcrk-ve-k\u0131z\u0131.jpg","datePublished":"2012-08-02T16:04:20+00:00","dateModified":"2013-08-23T17:54:11+00:00","inLanguage":"tr","potentialAction":[{"@type":"ReadAction","target":["https:\/\/epochtimestr.com\/index.php\/ataturkun-manevi-kizi-ulku-trafik-kazasinda-hayatini-kaybetti"]}]},{"@type":"ImageObject","inLanguage":"tr","@id":"https:\/\/epochtimestr.com\/index.php\/ataturkun-manevi-kizi-ulku-trafik-kazasinda-hayatini-kaybetti#primaryimage","url":"https:\/\/epochtimestr.com\/wp-content\/uploads\/2011y\/atat\u00fcrk-ve-k\u0131z\u0131.jpg","contentUrl":"https:\/\/epochtimestr.com\/wp-content\/uploads\/2011y\/atat\u00fcrk-ve-k\u0131z\u0131.jpg","width":403,"height":403},{"@type":"WebSite","@id":"https:\/\/epochtimestr.com\/#website","url":"https:\/\/epochtimestr.com\/","name":"The Epoch Times TR","description":"De\u011fi\u015fen D\u00fcnyam\u0131za Taze Bir Bak\u0131\u015f","publisher":{"@id":"https:\/\/epochtimestr.com\/#organization"},"potentialAction":[{"@type":"SearchAction","target":{"@type":"EntryPoint","urlTemplate":"https:\/\/epochtimestr.com\/?s={search_term_string}"},"query-input":"required name=search_term_string"}],"inLanguage":"tr"},{"@type":"Organization","@id":"https:\/\/epochtimestr.com\/#organization","name":"The EpochTimes T\u00fcrkiye","url":"https:\/\/epochtimestr.com\/","logo":{"@type":"ImageObject","inLanguage":"tr","@id":"https:\/\/epochtimestr.com\/#\/schema\/logo\/image\/","url":"https:\/\/epochtimestr.com\/wp-content\/uploads\/2011y\/ET-Logo-YG.jpg","contentUrl":"https:\/\/epochtimestr.com\/wp-content\/uploads\/2011y\/ET-Logo-YG.jpg","width":346,"height":29,"caption":"The EpochTimes T\u00fcrkiye"},"image":{"@id":"https:\/\/epochtimestr.com\/#\/schema\/logo\/image\/"},"sameAs":["https:\/\/www.facebook.com\/theepochtimestr","https:\/\/x.com\/TheEpochTimesTR","https:\/\/www.instagram.com\/epochtimestr"]},{"@type":"Person","@id":"https:\/\/epochtimestr.com\/#\/schema\/person\/ffa52705c7f2ebb29186a6047116710c","name":"Ayfer K\u00f6kl\u00fc","image":{"@type":"ImageObject","inLanguage":"tr","@id":"https:\/\/epochtimestr.com\/#\/schema\/person\/image\/","url":"https:\/\/secure.gravatar.com\/avatar\/00319c438f6a036eae91a020411258f2?s=96&d=mm&r=g","contentUrl":"https:\/\/secure.gravatar.com\/avatar\/00319c438f6a036eae91a020411258f2?s=96&d=mm&r=g","caption":"Ayfer K\u00f6kl\u00fc"},"url":"https:\/\/epochtimestr.com\/index.php\/author\/ayfer"}]}},"_links":{"self":[{"href":"https:\/\/epochtimestr.com\/index.php\/wp-json\/wp\/v2\/posts\/60385"}],"collection":[{"href":"https:\/\/epochtimestr.com\/index.php\/wp-json\/wp\/v2\/posts"}],"about":[{"href":"https:\/\/epochtimestr.com\/index.php\/wp-json\/wp\/v2\/types\/post"}],"author":[{"embeddable":true,"href":"https:\/\/epochtimestr.com\/index.php\/wp-json\/wp\/v2\/users\/17"}],"replies":[{"embeddable":true,"href":"https:\/\/epochtimestr.com\/index.php\/wp-json\/wp\/v2\/comments?post=60385"}],"version-history":[{"count":5,"href":"https:\/\/epochtimestr.com\/index.php\/wp-json\/wp\/v2\/posts\/60385\/revisions"}],"predecessor-version":[{"id":71996,"href":"https:\/\/epochtimestr.com\/index.php\/wp-json\/wp\/v2\/posts\/60385\/revisions\/71996"}],"wp:featuredmedia":[{"embeddable":true,"href":"https:\/\/epochtimestr.com\/index.php\/wp-json\/wp\/v2\/media\/60387"}],"wp:attachment":[{"href":"https:\/\/epochtimestr.com\/index.php\/wp-json\/wp\/v2\/media?parent=60385"}],"wp:term":[{"taxonomy":"category","embeddable":true,"href":"https:\/\/epochtimestr.com\/index.php\/wp-json\/wp\/v2\/categories?post=60385"},{"taxonomy":"post_tag","embeddable":true,"href":"https:\/\/epochtimestr.com\/index.php\/wp-json\/wp\/v2\/tags?post=60385"}],"curies":[{"name":"wp","href":"https:\/\/api.w.org\/{rel}","templated":true}]}}