{"id":60946,"date":"2012-08-29T22:28:20","date_gmt":"2012-08-29T19:28:20","guid":{"rendered":"http:\/\/epochtimestr.com\/?p=60946"},"modified":"2012-08-29T22:28:20","modified_gmt":"2012-08-29T19:28:20","slug":"cin-yonetimi-ekim-ayinda-el-degistiriyor","status":"publish","type":"post","link":"https:\/\/epochtimestr.com\/index.php\/cin-yonetimi-ekim-ayinda-el-degistiriyor","title":{"rendered":"\u00c7in Y\u00f6netimi Ekim Ay\u0131nda El De\u011fi\u015ftiriyor"},"content":{"rendered":"<figure id=\"attachment_60947\" aria-describedby=\"caption-attachment-60947\" style=\"width: 300px\" class=\"wp-caption alignleft\"><a class=\"highslide\" onclick=\"return vz.expand(this)\" href=\"https:\/\/epochtimestr.com\/index.php\/cin-yonetimi-ekim-ayinda-el-degistiriyor\/145716297-590x442\" rel=\"attachment wp-att-60947\"><img loading=\"lazy\" decoding=\"async\" class=\"size-medium wp-image-60947\" title=\"145716297-590x442\" src=\"https:\/\/epochtimestr.com\/wp-content\/uploads\/2011y\/145716297-590x442-300x224.jpg\" alt=\"\" width=\"300\" height=\"224\" srcset=\"https:\/\/epochtimestr.com\/wp-content\/uploads\/2011y\/145716297-590x442-300x224.jpg 300w, https:\/\/epochtimestr.com\/wp-content\/uploads\/2011y\/145716297-590x442-342x256.jpg 342w, https:\/\/epochtimestr.com\/wp-content\/uploads\/2011y\/145716297-590x442-150x113.jpg 150w, https:\/\/epochtimestr.com\/wp-content\/uploads\/2011y\/145716297-590x442-269x201.jpg 269w, https:\/\/epochtimestr.com\/wp-content\/uploads\/2011y\/145716297-590x442-292x219.jpg 292w, https:\/\/epochtimestr.com\/wp-content\/uploads\/2011y\/145716297-590x442.jpg 448w\" sizes=\"(max-width: 300px) 100vw, 300px\" \/><\/a><figcaption id=\"caption-attachment-60947\" class=\"wp-caption-text\">Tiananmen Kap\u0131s\u0131 (Feng Li, Getty Images)<\/figcaption><\/figure>\n<h1 style=\"text-align: justify;\"><span style=\"font-size: medium;\">Siyasi Skandal, Kongre Tarihini Geciktirdi<\/span><\/h1>\n<p style=\"text-align: justify;\">\u00c7in devlet dergisi Uluslararas\u0131 Kom\u00fcnikasyon\u2019da yay\u0131nlanan bir makaleye g\u00f6re 18. Ulusal Parti Kongresi Ekim ay\u0131nda d\u00fczenlenecek.<\/p>\n<p style=\"text-align: justify;\">Normalde yap\u0131lacak aktiviteler hakk\u0131nda bilgi veren \u00c7in Kom\u00fcnist Partisi (\u00c7KP) bu y\u0131l Ulusal Kongre\u2019nin ne zaman yap\u0131laca\u011f\u0131 hakk\u0131nda \u00e7ok net bilgi vermedi. Parti y\u00f6neticileri, her on y\u0131lda bir, \u00a0gizli i\u00e7 prosed\u00fcrlere uygun olarak se\u00e7ilirler. Yakla\u015f\u0131k iki hafta \u00f6nce, \u00c7KP t\u00fcm delege listesini a\u00e7\u0131klad\u0131 ancak parti \u00fcst d\u00fczey y\u00f6netiminde olan de\u011fi\u015fim ile ilgili bilgi vermedi.<\/p>\n<p style=\"text-align: justify;\">Bu ay\u0131n ba\u015f\u0131nda birka\u00e7 devlet yay\u0131n organ\u0131 18. Parti Kongresi hakk\u0131nda \u00f6zel ekler yay\u0131nlad\u0131. Bu t\u00fcr yay\u0131nlar normalde kongrenin yap\u0131laca\u011f\u0131 tarihten 1 hafta \u00f6nce yay\u0131nlan\u0131rd\u0131.<\/p>\n<p style=\"text-align: justify;\">Analistlerin yapt\u0131\u011f\u0131 spek\u00fclasyonlara g\u00f6re, Wang Lijun ve Bo Xilai skandal\u0131 \u00fcst d\u00fczey y\u00f6neticilerin se\u00e7imi konusunda belirsizlik ortam\u0131 yaratt\u0131. Wang, ge\u00e7en \u015eubat ay\u0131nda Chengdu \u015fehrindeki Amerikan konsoloslu\u011funa s\u0131\u011f\u0131nm\u0131\u015ft\u0131. Raporlara g\u00f6re Wang, Amerikan konsoloslu\u011fu \u00e7al\u0131\u015fanlar\u0131na patronu Bo Xilai\u2019\u0131n i\u015fledi\u011fi su\u00e7lar\u0131 a\u00e7\u0131klad\u0131. Ayr\u0131ca Bo\u2019nun, \u015fu anki Parti Ba\u015fkan yard\u0131mc\u0131s\u0131 ve \u00c7KP\u2019nin bir sonraki ba\u015fkan\u0131 olmas\u0131 beklenen Xi Jinping\u2019i devirmek i\u00e7in planlad\u0131\u011f\u0131 ihtilalin de detaylar\u0131n\u0131 a\u00e7\u0131klad\u0131.<\/p>\n<p style=\"text-align: justify;\">Japon gazetesi Asahi Shimbun\u2019un 26 A\u011fustos tarihli haberine g\u00f6re yak\u0131n tarihte Parti\u2019nin \u00fcst y\u00f6neticileri Bo\u2019yu \u00c7KP\u2019den ihra\u00e7 etme ve Wang\u2019\u0131n iltica giri\u015fimi ile ilgili sorumlulu\u011funu ara\u015ft\u0131rma karar\u0131 ald\u0131.<\/p>\n<p style=\"text-align: justify;\">Kongre yakla\u015ft\u0131k\u00e7a Pekin\u2019deki g\u00fcvenlik \u00f6nlemleri de artt\u0131. Bu y\u0131l sadece siyasi skandal olmad\u0131 ayn\u0131 zamanda bir\u00e7ok afet ve toplu protestolar ya\u015fand\u0131. Bu da, bir sonraki liderin tayin edilmesinde beklenmedik bir \u00e7ok husus yaratt\u0131.<\/p>\n<blockquote>\n<p style=\"text-align: justify;\"><a href=\"http:\/\/www.theepochtimes.com\/n2\/china-news\/chinese-regimes-leadership-changes-in-october-says-media-285358.html\" target=\"_blank\">Orjinal \u0130ngilizce Haber<\/a><\/p>\n<\/blockquote>\n","protected":false},"excerpt":{"rendered":"<p>Siyasi Skandal, Kongre Tarihini Geciktirdi \u00c7in devlet dergisi Uluslararas\u0131 Kom\u00fcnikasyon\u2019da yay\u0131nlanan bir makaleye g\u00f6re 18. Ulusal Parti Kongresi Ekim ay\u0131nda d\u00fczenlenecek. Normalde yap\u0131lacak aktiviteler hakk\u0131nda bilgi veren \u00c7in Kom\u00fcnist Partisi (\u00c7KP) bu y\u0131l Ulusal Kongre\u2019nin ne zaman yap\u0131laca\u011f\u0131 hakk\u0131nda \u00e7ok net bilgi vermedi. Parti y\u00f6neticileri, her on y\u0131lda bir, \u00a0gizli i\u00e7 prosed\u00fcrlere uygun olarak se\u00e7ilirler. [&hellip;]<\/p>\n","protected":false},"author":25,"featured_media":60947,"comment_status":"open","ping_status":"open","sticky":false,"template":"","format":"standard","meta":{"_yoast_wpseo_focuskw":"","_yoast_wpseo_title":"","_yoast_wpseo_metadesc":"","_bbp_topic_count":0,"_bbp_reply_count":0,"_bbp_total_topic_count":0,"_bbp_total_reply_count":0,"_bbp_voice_count":0,"_bbp_anonymous_reply_count":0,"_bbp_topic_count_hidden":0,"_bbp_reply_count_hidden":0,"_bbp_forum_subforum_count":0,"footnotes":"","_yoast_wpseo_focuskw_text_input":""},"categories":[8,2045],"tags":[],"yoast_head":"<!-- This site is optimized with the Yoast SEO plugin v23.0 - https:\/\/yoast.com\/wordpress\/plugins\/seo\/ -->\n<title>\u00c7in Y\u00f6netimi Ekim Ay\u0131nda El De\u011fi\u015ftiriyor - The Epoch Times TR<\/title>\n<meta name=\"robots\" content=\"index, follow, max-snippet:-1, max-image-preview:large, max-video-preview:-1\" \/>\n<link rel=\"canonical\" href=\"https:\/\/epochtimestr.com\/index.php\/cin-yonetimi-ekim-ayinda-el-degistiriyor\" \/>\n<meta property=\"og:locale\" content=\"tr_TR\" \/>\n<meta property=\"og:type\" content=\"article\" \/>\n<meta property=\"og:title\" content=\"\u00c7in Y\u00f6netimi Ekim Ay\u0131nda El De\u011fi\u015ftiriyor - The Epoch Times TR\" \/>\n<meta property=\"og:description\" content=\"Siyasi Skandal, Kongre Tarihini Geciktirdi \u00c7in devlet dergisi Uluslararas\u0131 Kom\u00fcnikasyon\u2019da yay\u0131nlanan bir makaleye g\u00f6re 18. Ulusal Parti Kongresi Ekim ay\u0131nda d\u00fczenlenecek. Normalde yap\u0131lacak aktiviteler hakk\u0131nda bilgi veren \u00c7in Kom\u00fcnist Partisi (\u00c7KP) bu y\u0131l Ulusal Kongre\u2019nin ne zaman yap\u0131laca\u011f\u0131 hakk\u0131nda \u00e7ok net bilgi vermedi. Parti y\u00f6neticileri, her on y\u0131lda bir, \u00a0gizli i\u00e7 prosed\u00fcrlere uygun olarak se\u00e7ilirler. [&hellip;]\" \/>\n<meta property=\"og:url\" content=\"https:\/\/epochtimestr.com\/index.php\/cin-yonetimi-ekim-ayinda-el-degistiriyor\" \/>\n<meta property=\"og:site_name\" content=\"The Epoch Times TR\" \/>\n<meta property=\"article:publisher\" content=\"https:\/\/www.facebook.com\/theepochtimestr\" \/>\n<meta property=\"article:published_time\" content=\"2012-08-29T19:28:20+00:00\" \/>\n<meta property=\"og:image\" content=\"https:\/\/epochtimestr.com\/wp-content\/uploads\/2011y\/145716297-590x442.jpg\" \/>\n\t<meta property=\"og:image:width\" content=\"448\" \/>\n\t<meta property=\"og:image:height\" content=\"336\" \/>\n\t<meta property=\"og:image:type\" content=\"image\/jpeg\" \/>\n<meta name=\"author\" content=\"Emel AKAN\" \/>\n<meta name=\"twitter:card\" content=\"summary_large_image\" \/>\n<meta name=\"twitter:creator\" content=\"@TheEpochTimesTR\" \/>\n<meta name=\"twitter:site\" content=\"@TheEpochTimesTR\" \/>\n<meta name=\"twitter:label1\" content=\"Yazan:\" \/>\n\t<meta name=\"twitter:data1\" content=\"Emel AKAN\" \/>\n\t<meta name=\"twitter:label2\" content=\"Tahmini okuma s\u00fcresi\" \/>\n\t<meta name=\"twitter:data2\" content=\"2 dakika\" \/>\n<script type=\"application\/ld+json\" class=\"yoast-schema-graph\">{\"@context\":\"https:\/\/schema.org\",\"@graph\":[{\"@type\":\"Article\",\"@id\":\"https:\/\/epochtimestr.com\/index.php\/cin-yonetimi-ekim-ayinda-el-degistiriyor#article\",\"isPartOf\":{\"@id\":\"https:\/\/epochtimestr.com\/index.php\/cin-yonetimi-ekim-ayinda-el-degistiriyor\"},\"author\":{\"name\":\"Emel AKAN\",\"@id\":\"https:\/\/epochtimestr.com\/#\/schema\/person\/6eb643244a30e5bc1e3f24bb56910e83\"},\"headline\":\"\u00c7in Y\u00f6netimi Ekim Ay\u0131nda El De\u011fi\u015ftiriyor\",\"datePublished\":\"2012-08-29T19:28:20+00:00\",\"dateModified\":\"2012-08-29T19:28:20+00:00\",\"mainEntityOfPage\":{\"@id\":\"https:\/\/epochtimestr.com\/index.php\/cin-yonetimi-ekim-ayinda-el-degistiriyor\"},\"wordCount\":331,\"commentCount\":0,\"publisher\":{\"@id\":\"https:\/\/epochtimestr.com\/#organization\"},\"image\":{\"@id\":\"https:\/\/epochtimestr.com\/index.php\/cin-yonetimi-ekim-ayinda-el-degistiriyor#primaryimage\"},\"thumbnailUrl\":\"https:\/\/epochtimestr.com\/wp-content\/uploads\/2011y\/145716297-590x442.jpg\",\"articleSection\":[\"\u00c7\u0130N\",\"\u00c7in Rejimi\"],\"inLanguage\":\"tr\",\"potentialAction\":[{\"@type\":\"CommentAction\",\"name\":\"Comment\",\"target\":[\"https:\/\/epochtimestr.com\/index.php\/cin-yonetimi-ekim-ayinda-el-degistiriyor#respond\"]}]},{\"@type\":\"WebPage\",\"@id\":\"https:\/\/epochtimestr.com\/index.php\/cin-yonetimi-ekim-ayinda-el-degistiriyor\",\"url\":\"https:\/\/epochtimestr.com\/index.php\/cin-yonetimi-ekim-ayinda-el-degistiriyor\",\"name\":\"\u00c7in Y\u00f6netimi Ekim Ay\u0131nda El De\u011fi\u015ftiriyor - The Epoch Times TR\",\"isPartOf\":{\"@id\":\"https:\/\/epochtimestr.com\/#website\"},\"primaryImageOfPage\":{\"@id\":\"https:\/\/epochtimestr.com\/index.php\/cin-yonetimi-ekim-ayinda-el-degistiriyor#primaryimage\"},\"image\":{\"@id\":\"https:\/\/epochtimestr.com\/index.php\/cin-yonetimi-ekim-ayinda-el-degistiriyor#primaryimage\"},\"thumbnailUrl\":\"https:\/\/epochtimestr.com\/wp-content\/uploads\/2011y\/145716297-590x442.jpg\",\"datePublished\":\"2012-08-29T19:28:20+00:00\",\"dateModified\":\"2012-08-29T19:28:20+00:00\",\"inLanguage\":\"tr\",\"potentialAction\":[{\"@type\":\"ReadAction\",\"target\":[\"https:\/\/epochtimestr.com\/index.php\/cin-yonetimi-ekim-ayinda-el-degistiriyor\"]}]},{\"@type\":\"ImageObject\",\"inLanguage\":\"tr\",\"@id\":\"https:\/\/epochtimestr.com\/index.php\/cin-yonetimi-ekim-ayinda-el-degistiriyor#primaryimage\",\"url\":\"https:\/\/epochtimestr.com\/wp-content\/uploads\/2011y\/145716297-590x442.jpg\",\"contentUrl\":\"https:\/\/epochtimestr.com\/wp-content\/uploads\/2011y\/145716297-590x442.jpg\",\"width\":448,\"height\":336,\"caption\":\"Tiananmen Kap\u0131s\u0131 (Feng Li, Getty Images)\"},{\"@type\":\"WebSite\",\"@id\":\"https:\/\/epochtimestr.com\/#website\",\"url\":\"https:\/\/epochtimestr.com\/\",\"name\":\"The Epoch Times TR\",\"description\":\"De\u011fi\u015fen D\u00fcnyam\u0131za Taze Bir Bak\u0131\u015f\",\"publisher\":{\"@id\":\"https:\/\/epochtimestr.com\/#organization\"},\"potentialAction\":[{\"@type\":\"SearchAction\",\"target\":{\"@type\":\"EntryPoint\",\"urlTemplate\":\"https:\/\/epochtimestr.com\/?s={search_term_string}\"},\"query-input\":\"required name=search_term_string\"}],\"inLanguage\":\"tr\"},{\"@type\":\"Organization\",\"@id\":\"https:\/\/epochtimestr.com\/#organization\",\"name\":\"The EpochTimes T\u00fcrkiye\",\"url\":\"https:\/\/epochtimestr.com\/\",\"logo\":{\"@type\":\"ImageObject\",\"inLanguage\":\"tr\",\"@id\":\"https:\/\/epochtimestr.com\/#\/schema\/logo\/image\/\",\"url\":\"https:\/\/epochtimestr.com\/wp-content\/uploads\/2011y\/ET-Logo-YG.jpg\",\"contentUrl\":\"https:\/\/epochtimestr.com\/wp-content\/uploads\/2011y\/ET-Logo-YG.jpg\",\"width\":346,\"height\":29,\"caption\":\"The EpochTimes T\u00fcrkiye\"},\"image\":{\"@id\":\"https:\/\/epochtimestr.com\/#\/schema\/logo\/image\/\"},\"sameAs\":[\"https:\/\/www.facebook.com\/theepochtimestr\",\"https:\/\/x.com\/TheEpochTimesTR\",\"https:\/\/www.instagram.com\/epochtimestr\"]},{\"@type\":\"Person\",\"@id\":\"https:\/\/epochtimestr.com\/#\/schema\/person\/6eb643244a30e5bc1e3f24bb56910e83\",\"name\":\"Emel AKAN\",\"image\":{\"@type\":\"ImageObject\",\"inLanguage\":\"tr\",\"@id\":\"https:\/\/epochtimestr.com\/#\/schema\/person\/image\/\",\"url\":\"https:\/\/secure.gravatar.com\/avatar\/390e1c5fc574e7ba54694d0be151ec60?s=96&d=mm&r=g\",\"contentUrl\":\"https:\/\/secure.gravatar.com\/avatar\/390e1c5fc574e7ba54694d0be151ec60?s=96&d=mm&r=g\",\"caption\":\"Emel AKAN\"},\"url\":\"https:\/\/epochtimestr.com\/index.php\/author\/emel\"}]}<\/script>\n<!-- \/ Yoast SEO plugin. -->","yoast_head_json":{"title":"\u00c7in Y\u00f6netimi Ekim Ay\u0131nda El De\u011fi\u015ftiriyor - The Epoch Times TR","robots":{"index":"index","follow":"follow","max-snippet":"max-snippet:-1","max-image-preview":"max-image-preview:large","max-video-preview":"max-video-preview:-1"},"canonical":"https:\/\/epochtimestr.com\/index.php\/cin-yonetimi-ekim-ayinda-el-degistiriyor","og_locale":"tr_TR","og_type":"article","og_title":"\u00c7in Y\u00f6netimi Ekim Ay\u0131nda El De\u011fi\u015ftiriyor - The Epoch Times TR","og_description":"Siyasi Skandal, Kongre Tarihini Geciktirdi \u00c7in devlet dergisi Uluslararas\u0131 Kom\u00fcnikasyon\u2019da yay\u0131nlanan bir makaleye g\u00f6re 18. Ulusal Parti Kongresi Ekim ay\u0131nda d\u00fczenlenecek. Normalde yap\u0131lacak aktiviteler hakk\u0131nda bilgi veren \u00c7in Kom\u00fcnist Partisi (\u00c7KP) bu y\u0131l Ulusal Kongre\u2019nin ne zaman yap\u0131laca\u011f\u0131 hakk\u0131nda \u00e7ok net bilgi vermedi. Parti y\u00f6neticileri, her on y\u0131lda bir, \u00a0gizli i\u00e7 prosed\u00fcrlere uygun olarak se\u00e7ilirler. [&hellip;]","og_url":"https:\/\/epochtimestr.com\/index.php\/cin-yonetimi-ekim-ayinda-el-degistiriyor","og_site_name":"The Epoch Times TR","article_publisher":"https:\/\/www.facebook.com\/theepochtimestr","article_published_time":"2012-08-29T19:28:20+00:00","og_image":[{"width":448,"height":336,"url":"https:\/\/epochtimestr.com\/wp-content\/uploads\/2011y\/145716297-590x442.jpg","type":"image\/jpeg"}],"author":"Emel AKAN","twitter_card":"summary_large_image","twitter_creator":"@TheEpochTimesTR","twitter_site":"@TheEpochTimesTR","twitter_misc":{"Yazan:":"Emel AKAN","Tahmini okuma s\u00fcresi":"2 dakika"},"schema":{"@context":"https:\/\/schema.org","@graph":[{"@type":"Article","@id":"https:\/\/epochtimestr.com\/index.php\/cin-yonetimi-ekim-ayinda-el-degistiriyor#article","isPartOf":{"@id":"https:\/\/epochtimestr.com\/index.php\/cin-yonetimi-ekim-ayinda-el-degistiriyor"},"author":{"name":"Emel AKAN","@id":"https:\/\/epochtimestr.com\/#\/schema\/person\/6eb643244a30e5bc1e3f24bb56910e83"},"headline":"\u00c7in Y\u00f6netimi Ekim Ay\u0131nda El De\u011fi\u015ftiriyor","datePublished":"2012-08-29T19:28:20+00:00","dateModified":"2012-08-29T19:28:20+00:00","mainEntityOfPage":{"@id":"https:\/\/epochtimestr.com\/index.php\/cin-yonetimi-ekim-ayinda-el-degistiriyor"},"wordCount":331,"commentCount":0,"publisher":{"@id":"https:\/\/epochtimestr.com\/#organization"},"image":{"@id":"https:\/\/epochtimestr.com\/index.php\/cin-yonetimi-ekim-ayinda-el-degistiriyor#primaryimage"},"thumbnailUrl":"https:\/\/epochtimestr.com\/wp-content\/uploads\/2011y\/145716297-590x442.jpg","articleSection":["\u00c7\u0130N","\u00c7in Rejimi"],"inLanguage":"tr","potentialAction":[{"@type":"CommentAction","name":"Comment","target":["https:\/\/epochtimestr.com\/index.php\/cin-yonetimi-ekim-ayinda-el-degistiriyor#respond"]}]},{"@type":"WebPage","@id":"https:\/\/epochtimestr.com\/index.php\/cin-yonetimi-ekim-ayinda-el-degistiriyor","url":"https:\/\/epochtimestr.com\/index.php\/cin-yonetimi-ekim-ayinda-el-degistiriyor","name":"\u00c7in Y\u00f6netimi Ekim Ay\u0131nda El De\u011fi\u015ftiriyor - The Epoch Times TR","isPartOf":{"@id":"https:\/\/epochtimestr.com\/#website"},"primaryImageOfPage":{"@id":"https:\/\/epochtimestr.com\/index.php\/cin-yonetimi-ekim-ayinda-el-degistiriyor#primaryimage"},"image":{"@id":"https:\/\/epochtimestr.com\/index.php\/cin-yonetimi-ekim-ayinda-el-degistiriyor#primaryimage"},"thumbnailUrl":"https:\/\/epochtimestr.com\/wp-content\/uploads\/2011y\/145716297-590x442.jpg","datePublished":"2012-08-29T19:28:20+00:00","dateModified":"2012-08-29T19:28:20+00:00","inLanguage":"tr","potentialAction":[{"@type":"ReadAction","target":["https:\/\/epochtimestr.com\/index.php\/cin-yonetimi-ekim-ayinda-el-degistiriyor"]}]},{"@type":"ImageObject","inLanguage":"tr","@id":"https:\/\/epochtimestr.com\/index.php\/cin-yonetimi-ekim-ayinda-el-degistiriyor#primaryimage","url":"https:\/\/epochtimestr.com\/wp-content\/uploads\/2011y\/145716297-590x442.jpg","contentUrl":"https:\/\/epochtimestr.com\/wp-content\/uploads\/2011y\/145716297-590x442.jpg","width":448,"height":336,"caption":"Tiananmen Kap\u0131s\u0131 (Feng Li, Getty Images)"},{"@type":"WebSite","@id":"https:\/\/epochtimestr.com\/#website","url":"https:\/\/epochtimestr.com\/","name":"The Epoch Times TR","description":"De\u011fi\u015fen D\u00fcnyam\u0131za Taze Bir Bak\u0131\u015f","publisher":{"@id":"https:\/\/epochtimestr.com\/#organization"},"potentialAction":[{"@type":"SearchAction","target":{"@type":"EntryPoint","urlTemplate":"https:\/\/epochtimestr.com\/?s={search_term_string}"},"query-input":"required name=search_term_string"}],"inLanguage":"tr"},{"@type":"Organization","@id":"https:\/\/epochtimestr.com\/#organization","name":"The EpochTimes T\u00fcrkiye","url":"https:\/\/epochtimestr.com\/","logo":{"@type":"ImageObject","inLanguage":"tr","@id":"https:\/\/epochtimestr.com\/#\/schema\/logo\/image\/","url":"https:\/\/epochtimestr.com\/wp-content\/uploads\/2011y\/ET-Logo-YG.jpg","contentUrl":"https:\/\/epochtimestr.com\/wp-content\/uploads\/2011y\/ET-Logo-YG.jpg","width":346,"height":29,"caption":"The EpochTimes T\u00fcrkiye"},"image":{"@id":"https:\/\/epochtimestr.com\/#\/schema\/logo\/image\/"},"sameAs":["https:\/\/www.facebook.com\/theepochtimestr","https:\/\/x.com\/TheEpochTimesTR","https:\/\/www.instagram.com\/epochtimestr"]},{"@type":"Person","@id":"https:\/\/epochtimestr.com\/#\/schema\/person\/6eb643244a30e5bc1e3f24bb56910e83","name":"Emel AKAN","image":{"@type":"ImageObject","inLanguage":"tr","@id":"https:\/\/epochtimestr.com\/#\/schema\/person\/image\/","url":"https:\/\/secure.gravatar.com\/avatar\/390e1c5fc574e7ba54694d0be151ec60?s=96&d=mm&r=g","contentUrl":"https:\/\/secure.gravatar.com\/avatar\/390e1c5fc574e7ba54694d0be151ec60?s=96&d=mm&r=g","caption":"Emel AKAN"},"url":"https:\/\/epochtimestr.com\/index.php\/author\/emel"}]}},"_links":{"self":[{"href":"https:\/\/epochtimestr.com\/index.php\/wp-json\/wp\/v2\/posts\/60946"}],"collection":[{"href":"https:\/\/epochtimestr.com\/index.php\/wp-json\/wp\/v2\/posts"}],"about":[{"href":"https:\/\/epochtimestr.com\/index.php\/wp-json\/wp\/v2\/types\/post"}],"author":[{"embeddable":true,"href":"https:\/\/epochtimestr.com\/index.php\/wp-json\/wp\/v2\/users\/25"}],"replies":[{"embeddable":true,"href":"https:\/\/epochtimestr.com\/index.php\/wp-json\/wp\/v2\/comments?post=60946"}],"version-history":[{"count":3,"href":"https:\/\/epochtimestr.com\/index.php\/wp-json\/wp\/v2\/posts\/60946\/revisions"}],"predecessor-version":[{"id":60950,"href":"https:\/\/epochtimestr.com\/index.php\/wp-json\/wp\/v2\/posts\/60946\/revisions\/60950"}],"wp:featuredmedia":[{"embeddable":true,"href":"https:\/\/epochtimestr.com\/index.php\/wp-json\/wp\/v2\/media\/60947"}],"wp:attachment":[{"href":"https:\/\/epochtimestr.com\/index.php\/wp-json\/wp\/v2\/media?parent=60946"}],"wp:term":[{"taxonomy":"category","embeddable":true,"href":"https:\/\/epochtimestr.com\/index.php\/wp-json\/wp\/v2\/categories?post=60946"},{"taxonomy":"post_tag","embeddable":true,"href":"https:\/\/epochtimestr.com\/index.php\/wp-json\/wp\/v2\/tags?post=60946"}],"curies":[{"name":"wp","href":"https:\/\/api.w.org\/{rel}","templated":true}]}}