{"id":61292,"date":"2012-09-10T12:59:36","date_gmt":"2012-09-10T09:59:36","guid":{"rendered":"http:\/\/epochtimestr.com\/?p=61292"},"modified":"2013-03-28T15:18:45","modified_gmt":"2013-03-28T12:18:45","slug":"ornek-general-yue-yi","status":"publish","type":"post","link":"https:\/\/epochtimestr.com\/index.php\/ornek-general-yue-yi","title":{"rendered":"\u00d6rnek General: Yue Yi"},"content":{"rendered":"<p>Haz\u0131rlyan: David Wu, Epoch Times<\/p>\n<p><a class=\"highslide\" onclick=\"return vz.expand(this)\" href=\"https:\/\/epochtimestr.com\/index.php\/ornek-general-yue-yi\/yueyi\" rel=\"attachment wp-att-61293\"><img loading=\"lazy\" decoding=\"async\" class=\"alignleft size-full wp-image-61293\" title=\"YueYi\" alt=\"\" src=\"https:\/\/epochtimestr.com\/wp-content\/uploads\/2011y\/YueYi.jpg\" width=\"256\" height=\"256\" srcset=\"https:\/\/epochtimestr.com\/wp-content\/uploads\/2011y\/YueYi.jpg 256w, https:\/\/epochtimestr.com\/wp-content\/uploads\/2011y\/YueYi-100x100.jpg 100w, https:\/\/epochtimestr.com\/wp-content\/uploads\/2011y\/YueYi-150x150.jpg 150w, https:\/\/epochtimestr.com\/wp-content\/uploads\/2011y\/YueYi-50x50.jpg 50w, https:\/\/epochtimestr.com\/wp-content\/uploads\/2011y\/YueYi-55x55.jpg 55w, https:\/\/epochtimestr.com\/wp-content\/uploads\/2011y\/YueYi-30x30.jpg 30w\" sizes=\"(max-width: 256px) 100vw, 256px\" \/><\/a><\/p>\n<p style=\"text-align: justify;\"><span style=\"color: #000000;\">Yue Yi\u00a0 sava\u015f d\u00f6neminde Yan Eyaletinin Generali idi ve ayn\u0131 zamanda k\u0131l\u0131\u00e7 ve kalem ustas\u0131yd\u0131.<\/span><\/p>\n<p style=\"text-align: justify;\"><span style=\"color: #000000;\">Bu d\u00f6nem boyunca Qi Eyaleti olduk\u00e7a g\u00fc\u00e7l\u00fcyd\u00fc ve \u00e7ok geni\u015f topraklara sahipti fakat Qi d\u00fck\u00fc ac\u0131mas\u0131zd\u0131 ve civardaki kom\u015fu eyaletleri s\u00fcrekli ya\u011fmal\u0131yordu. Yu Yie politik yeteneklerini ve diplomatik becerilerini kullanarak Qi eyaletine kar\u015f\u0131 Yan eyaletinin di\u011fer 5 eyaletle (Zhao, Chu, Han, Wei, Qin) birle\u015ferek ittifak olu\u015fturmas\u0131 konusunda Yan d\u00fck\u00fcne yard\u0131mc\u0131 oldu. T\u00fcm alt\u0131 devletin m\u00fc\u015fterek kuvvetlerinin Qi eyaletine sald\u0131r\u0131s\u0131 konusunda o g\u00fcne kadarki en iyi sava\u015f plan\u0131n\u0131 haz\u0131rlayarak sald\u0131r\u0131ya liderlik etti.<\/span><\/p>\n<p style=\"text-align: justify;\"><span style=\"color: #000000;\">\u0130lk yar\u0131m y\u0131l boyunca operasyon olduk\u00e7a ba\u015far\u0131l\u0131yd\u0131, 70 k\u00f6y fethedildi. Daha sonra t\u00fcm askeri birlikler kendi b\u00f6lgelerine d\u00f6nd\u00fcler ancak Yue Yi, Qi\u2019de kalarak geri kalan iki g\u00fc\u00e7l\u00fc b\u00f6lge i\u00e7in sava\u015fmaya devam etti.<\/span><\/p>\n<p style=\"text-align: justify;\"><span style=\"color: #000000;\">Fakat 3 y\u0131l sava\u015ft\u0131ktan sonra Yue Yie hala bu g\u00fc\u00e7l\u00fc iki b\u00f6lgeyi fethedemedi. Birisi Yue Yi\u2019nin, Qi\u2019nin d\u00fck\u00fc olmay\u0131 planlad\u0131\u011f\u0131n\u0131 bu y\u00fczden o b\u00f6lgede kal\u0131\u015f\u0131n\u0131 uzatt\u0131\u011f\u0131n\u0131 b\u00f6ylelikle i\u00e7erden yani Qi halk\u0131ndan destek toplad\u0131\u011f\u0131 konusunda as\u0131ls\u0131z bir s\u00f6ylenti ile Yan d\u00fck\u00fcn\u00fc ikna etmeye \u00e7al\u0131\u015ft\u0131.<\/span><\/p>\n<p style=\"text-align: justify;\"><span style=\"color: #000000;\">Yan d\u00fck\u00fc ise \u015f\u00f6yle cevaplad\u0131: \u201cYue Yi muhte\u015fem ba\u015far\u0131s\u0131 ve katk\u0131lar\u0131 dolay\u0131s\u0131yla d\u00fck olmay\u0131 hak ediyor.\u201d Yan D\u00fck\u00fc, <\/span><span style=\"color: #000000;\">Yue Yi\u2019yi fethetti\u011fi Qi b\u00f6lgelerinin d\u00fck\u00fc yaparak \u00f6d\u00fcllendirmeye karar verdi\u00a0ancak Yue Yi b\u00fcy\u00fck bir minnettarl\u0131k ile teklifi reddetti.<\/span><\/p>\n<p style=\"text-align: justify;\"><span style=\"color: #000000;\">Yan d\u00fck\u00fc \u00f6ld\u00fckten sonra o\u011flu g\u00f6revi devrald\u0131. D\u00fck ve Yue Yi aras\u0131ndaki anla\u015fmazl\u0131\u011f\u0131 bilen Qi\u2019nin TianDan Generali bu f\u0131rsat\u0131 yakalayarak as\u0131ls\u0131z s\u00f6ylentilere devam etti. Yu Yi\u2019den zaten \u015f\u00fcphelenen yeni Yan d\u00fck\u00fc, s\u00f6ylentilere inand\u0131 ve Yue Yi ve di\u011fer generalin yerlerini de\u011fi\u015ftirdi. Yue Yi\u2019nin Yan\u2019a geri d\u00f6nmesi emredildi. Yeni Yan d\u00fck\u00fcn\u00fcn kendine olan d\u00fc\u015fmanl\u0131\u011f\u0131n\u0131 bilen Yue Yi bat\u0131ya ka\u00e7arak Zhao eyaletine s\u0131\u011f\u0131nd\u0131.<\/span><\/p>\n<p style=\"text-align: justify;\"><span style=\"color: #000000;\">Daha sonra Yan\u2019n\u0131n yeni generali \u00f6nc\u00fcl\u00fc\u011f\u00fcndeki t\u00fcm askeri birlikler Qi generali taraf\u0131ndan ma\u011flub edildi ve ittifak ile fethedilmi\u015f olan 70 \u015fehir Qi askeri birlikleri taraf\u0131ndan al\u0131nd\u0131.<\/span><\/p>\n<p style=\"text-align: justify;\"><span style=\"color: #000000;\">Yan\u2019n\u0131n yeni d\u00fck\u00fc Yue Yi konusunda ne kadar yan\u0131ld\u0131\u011f\u0131n\u0131 farketti ve buna \u00e7ok pi\u015fman oldu, fakat ayn\u0131 zamanda Zhao d\u00fck\u00fcn\u00fcn Yue Yi\u2019nin Zhao&#8217;daki yeni konumundan dolay\u0131 kendisine kar\u015f\u0131 bir sald\u0131r\u0131 planlayaca\u011f\u0131ndan endi\u015fe etti. Ve Yue Yi\u2019ye bir mektup g\u00f6ndererek babas\u0131n\u0131n g\u00fcvenini ve iyi niyetini bo\u015fa \u00e7\u0131kard\u0131\u011f\u0131na dair su\u00e7lay\u0131c\u0131 bir mektup g\u00f6nderdi.<\/span><\/p>\n<p style=\"text-align: justify;\"><span style=\"color: #000000;\">Mektuba kar\u015f\u0131l\u0131k olarak YueYi \u015f\u00f6yle cevaplad\u0131: \u201cYak\u0131nlar\u0131n\u0131zdan size gelen as\u0131ls\u0131z s\u00f6ylentileri a\u00e7\u0131\u011fa kavu\u015fturmay\u0131 umut ederek size bu mektubu yaz\u0131yorum Majesteleri.\u201d Ve ancak d\u00fck\u00fcn g\u00fcveni ve deste\u011fi ile eyalete b\u00fcy\u00fck katk\u0131lar yapabilece\u011fini a\u00e7\u0131klad\u0131. Eski Yan d\u00fck\u00fcne olan sadakatini ve aralar\u0131ndaki g\u00fcveni, ve yeni d\u00fcke gelen engellemeler dolay\u0131s\u0131yla ba\u015far\u0131s\u0131z askeri operasyonlarla ilgili \u00fcz\u00fcnt\u00fcs\u00fcn\u00fc dile getirdi. Hakk\u0131nda uydurulmu\u015f su\u00e7lamalarla beraber \u00f6lmek istemedi\u011fini de ekledi.<\/span><\/p>\n<p style=\"text-align: justify;\"><span style=\"color: #000000;\">Yue Yi \u201cho\u015fg\u00f6r\u00fc\u201d erdemine olan inanc\u0131n\u0131 da ekledi. Her ne kadar gen\u00e7 d\u00fck taraf\u0131ndan yanl\u0131\u015f de\u011ferlendirilmi\u015f olsa da kendini savunmak ve itibar\u0131n\u0131 kurtarmak i\u00e7in etrafa asla \u00e7irkin hikayeler anlatmad\u0131\u011f\u0131n\u0131, d\u00fck\u00fc ise su\u00e7lamad\u0131\u011f\u0131n\u0131 ve ona kar\u015f\u0131 kin g\u00fctmedi\u011fini ifade etti.<\/span><\/p>\n<p style=\"text-align: justify;\"><span style=\"color: #000000;\">Yue Yi geri kalan hayat\u0131nda, mektupta verdi\u011fi s\u00f6z\u00fcn\u00fc tutarak Yan ve Zhao eyaletleri aras\u0131ndaki ili\u015fkileri onard\u0131. Daha sonraki ku\u015faklar Yue Yi\u2019yi insanl\u0131\u011fa olan t\u00fcm sevgisi, ileri g\u00f6r\u00fc\u015fl\u00fcl\u00fc\u011f\u00fc ve kom\u015fu eyaletlerle olan diplomasi yetene\u011fi, astronomi, co\u011frafya ve sosyal psikoloji konusundaki engin bilgileri dolay\u0131s\u0131yla \u201c\u00c7in\u2019in gelmi\u015f ge\u00e7mi\u015f en b\u00fcy\u00fck Generali\u201d olarak tan\u0131mlad\u0131lar.<\/span><\/p>\n","protected":false},"excerpt":{"rendered":"<p>Haz\u0131rlyan: David Wu, Epoch Times Yue Yi\u00a0 sava\u015f d\u00f6neminde Yan Eyaletinin Generali idi ve ayn\u0131 zamanda k\u0131l\u0131\u00e7 ve kalem ustas\u0131yd\u0131. Bu d\u00f6nem boyunca Qi Eyaleti olduk\u00e7a g\u00fc\u00e7l\u00fcyd\u00fc ve \u00e7ok geni\u015f topraklara sahipti fakat Qi d\u00fck\u00fc ac\u0131mas\u0131zd\u0131 ve civardaki kom\u015fu eyaletleri s\u00fcrekli ya\u011fmal\u0131yordu. Yu Yie politik yeteneklerini ve diplomatik becerilerini kullanarak Qi eyaletine kar\u015f\u0131 Yan eyaletinin [&hellip;]<\/p>\n","protected":false},"author":13,"featured_media":0,"comment_status":"open","ping_status":"open","sticky":false,"template":"","format":"standard","meta":{"_yoast_wpseo_focuskw":"","_yoast_wpseo_title":"","_yoast_wpseo_metadesc":"","_bbp_topic_count":0,"_bbp_reply_count":0,"_bbp_total_topic_count":0,"_bbp_total_reply_count":0,"_bbp_voice_count":0,"_bbp_anonymous_reply_count":0,"_bbp_topic_count_hidden":0,"_bbp_reply_count_hidden":0,"_bbp_forum_subforum_count":0,"footnotes":"","_yoast_wpseo_focuskw_text_input":""},"categories":[41,8,519],"tags":[3675],"yoast_head":"<!-- This site is optimized with the Yoast SEO plugin v23.0 - https:\/\/yoast.com\/wordpress\/plugins\/seo\/ -->\n<title>\u00d6rnek General: Yue Yi - The Epoch Times TR<\/title>\n<meta name=\"robots\" content=\"index, follow, max-snippet:-1, max-image-preview:large, max-video-preview:-1\" \/>\n<link rel=\"canonical\" href=\"https:\/\/epochtimestr.com\/index.php\/ornek-general-yue-yi\" \/>\n<meta property=\"og:locale\" content=\"tr_TR\" \/>\n<meta property=\"og:type\" content=\"article\" \/>\n<meta property=\"og:title\" content=\"\u00d6rnek General: Yue Yi - The Epoch Times TR\" \/>\n<meta property=\"og:description\" content=\"Haz\u0131rlyan: David Wu, Epoch Times Yue Yi\u00a0 sava\u015f d\u00f6neminde Yan Eyaletinin Generali idi ve ayn\u0131 zamanda k\u0131l\u0131\u00e7 ve kalem ustas\u0131yd\u0131. Bu d\u00f6nem boyunca Qi Eyaleti olduk\u00e7a g\u00fc\u00e7l\u00fcyd\u00fc ve \u00e7ok geni\u015f topraklara sahipti fakat Qi d\u00fck\u00fc ac\u0131mas\u0131zd\u0131 ve civardaki kom\u015fu eyaletleri s\u00fcrekli ya\u011fmal\u0131yordu. Yu Yie politik yeteneklerini ve diplomatik becerilerini kullanarak Qi eyaletine kar\u015f\u0131 Yan eyaletinin [&hellip;]\" \/>\n<meta property=\"og:url\" content=\"https:\/\/epochtimestr.com\/index.php\/ornek-general-yue-yi\" \/>\n<meta property=\"og:site_name\" content=\"The Epoch Times TR\" \/>\n<meta property=\"article:publisher\" content=\"https:\/\/www.facebook.com\/theepochtimestr\" \/>\n<meta property=\"article:published_time\" content=\"2012-09-10T09:59:36+00:00\" \/>\n<meta property=\"article:modified_time\" content=\"2013-03-28T12:18:45+00:00\" \/>\n<meta property=\"og:image\" content=\"http:\/\/epochtimestr.com\/wp-content\/uploads\/2011y\/YueYi.jpg\" \/>\n<meta name=\"author\" content=\"Ipek K\u00f6kl\u00fc\" \/>\n<meta name=\"twitter:card\" content=\"summary_large_image\" \/>\n<meta name=\"twitter:creator\" content=\"@TheEpochTimesTR\" \/>\n<meta name=\"twitter:site\" content=\"@TheEpochTimesTR\" \/>\n<meta name=\"twitter:label1\" content=\"Yazan:\" \/>\n\t<meta name=\"twitter:data1\" content=\"Ipek K\u00f6kl\u00fc\" \/>\n\t<meta name=\"twitter:label2\" content=\"Tahmini okuma s\u00fcresi\" \/>\n\t<meta name=\"twitter:data2\" content=\"4 dakika\" \/>\n<script type=\"application\/ld+json\" class=\"yoast-schema-graph\">{\"@context\":\"https:\/\/schema.org\",\"@graph\":[{\"@type\":\"Article\",\"@id\":\"https:\/\/epochtimestr.com\/index.php\/ornek-general-yue-yi#article\",\"isPartOf\":{\"@id\":\"https:\/\/epochtimestr.com\/index.php\/ornek-general-yue-yi\"},\"author\":{\"name\":\"Ipek K\u00f6kl\u00fc\",\"@id\":\"https:\/\/epochtimestr.com\/#\/schema\/person\/cb975c2e1e5be974d046664ac3c9ced3\"},\"headline\":\"\u00d6rnek General: Yue Yi\",\"datePublished\":\"2012-09-10T09:59:36+00:00\",\"dateModified\":\"2013-03-28T12:18:45+00:00\",\"mainEntityOfPage\":{\"@id\":\"https:\/\/epochtimestr.com\/index.php\/ornek-general-yue-yi\"},\"wordCount\":711,\"commentCount\":0,\"publisher\":{\"@id\":\"https:\/\/epochtimestr.com\/#organization\"},\"image\":{\"@id\":\"https:\/\/epochtimestr.com\/index.php\/ornek-general-yue-yi#primaryimage\"},\"thumbnailUrl\":\"http:\/\/epochtimestr.com\/wp-content\/uploads\/2011y\/YueYi.jpg\",\"keywords\":[\"Yue Yi\"],\"articleSection\":[\"Antik \u00c7in K\u00fclt\u00fcr\u00fc\",\"\u00c7\u0130N\",\"ED\u0130T\u00d6R\u00dcN SE\u00c7\u0130M\u0130\"],\"inLanguage\":\"tr\",\"potentialAction\":[{\"@type\":\"CommentAction\",\"name\":\"Comment\",\"target\":[\"https:\/\/epochtimestr.com\/index.php\/ornek-general-yue-yi#respond\"]}]},{\"@type\":\"WebPage\",\"@id\":\"https:\/\/epochtimestr.com\/index.php\/ornek-general-yue-yi\",\"url\":\"https:\/\/epochtimestr.com\/index.php\/ornek-general-yue-yi\",\"name\":\"\u00d6rnek General: Yue Yi - The Epoch Times TR\",\"isPartOf\":{\"@id\":\"https:\/\/epochtimestr.com\/#website\"},\"primaryImageOfPage\":{\"@id\":\"https:\/\/epochtimestr.com\/index.php\/ornek-general-yue-yi#primaryimage\"},\"image\":{\"@id\":\"https:\/\/epochtimestr.com\/index.php\/ornek-general-yue-yi#primaryimage\"},\"thumbnailUrl\":\"http:\/\/epochtimestr.com\/wp-content\/uploads\/2011y\/YueYi.jpg\",\"datePublished\":\"2012-09-10T09:59:36+00:00\",\"dateModified\":\"2013-03-28T12:18:45+00:00\",\"inLanguage\":\"tr\",\"potentialAction\":[{\"@type\":\"ReadAction\",\"target\":[\"https:\/\/epochtimestr.com\/index.php\/ornek-general-yue-yi\"]}]},{\"@type\":\"ImageObject\",\"inLanguage\":\"tr\",\"@id\":\"https:\/\/epochtimestr.com\/index.php\/ornek-general-yue-yi#primaryimage\",\"url\":\"http:\/\/epochtimestr.com\/wp-content\/uploads\/2011y\/YueYi.jpg\",\"contentUrl\":\"http:\/\/epochtimestr.com\/wp-content\/uploads\/2011y\/YueYi.jpg\"},{\"@type\":\"WebSite\",\"@id\":\"https:\/\/epochtimestr.com\/#website\",\"url\":\"https:\/\/epochtimestr.com\/\",\"name\":\"The Epoch Times TR\",\"description\":\"De\u011fi\u015fen D\u00fcnyam\u0131za Taze Bir Bak\u0131\u015f\",\"publisher\":{\"@id\":\"https:\/\/epochtimestr.com\/#organization\"},\"potentialAction\":[{\"@type\":\"SearchAction\",\"target\":{\"@type\":\"EntryPoint\",\"urlTemplate\":\"https:\/\/epochtimestr.com\/?s={search_term_string}\"},\"query-input\":\"required name=search_term_string\"}],\"inLanguage\":\"tr\"},{\"@type\":\"Organization\",\"@id\":\"https:\/\/epochtimestr.com\/#organization\",\"name\":\"The EpochTimes T\u00fcrkiye\",\"url\":\"https:\/\/epochtimestr.com\/\",\"logo\":{\"@type\":\"ImageObject\",\"inLanguage\":\"tr\",\"@id\":\"https:\/\/epochtimestr.com\/#\/schema\/logo\/image\/\",\"url\":\"https:\/\/epochtimestr.com\/wp-content\/uploads\/2011y\/ET-Logo-YG.jpg\",\"contentUrl\":\"https:\/\/epochtimestr.com\/wp-content\/uploads\/2011y\/ET-Logo-YG.jpg\",\"width\":346,\"height\":29,\"caption\":\"The EpochTimes T\u00fcrkiye\"},\"image\":{\"@id\":\"https:\/\/epochtimestr.com\/#\/schema\/logo\/image\/\"},\"sameAs\":[\"https:\/\/www.facebook.com\/theepochtimestr\",\"https:\/\/x.com\/TheEpochTimesTR\",\"https:\/\/www.instagram.com\/epochtimestr\"]},{\"@type\":\"Person\",\"@id\":\"https:\/\/epochtimestr.com\/#\/schema\/person\/cb975c2e1e5be974d046664ac3c9ced3\",\"name\":\"Ipek K\u00f6kl\u00fc\",\"image\":{\"@type\":\"ImageObject\",\"inLanguage\":\"tr\",\"@id\":\"https:\/\/epochtimestr.com\/#\/schema\/person\/image\/\",\"url\":\"https:\/\/secure.gravatar.com\/avatar\/40a4ddb51e6c76ed4d8217a66e090521?s=96&d=mm&r=g\",\"contentUrl\":\"https:\/\/secure.gravatar.com\/avatar\/40a4ddb51e6c76ed4d8217a66e090521?s=96&d=mm&r=g\",\"caption\":\"Ipek K\u00f6kl\u00fc\"},\"url\":\"https:\/\/epochtimestr.com\/index.php\/author\/ipek\"}]}<\/script>\n<!-- \/ Yoast SEO plugin. -->","yoast_head_json":{"title":"\u00d6rnek General: Yue Yi - The Epoch Times TR","robots":{"index":"index","follow":"follow","max-snippet":"max-snippet:-1","max-image-preview":"max-image-preview:large","max-video-preview":"max-video-preview:-1"},"canonical":"https:\/\/epochtimestr.com\/index.php\/ornek-general-yue-yi","og_locale":"tr_TR","og_type":"article","og_title":"\u00d6rnek General: Yue Yi - The Epoch Times TR","og_description":"Haz\u0131rlyan: David Wu, Epoch Times Yue Yi\u00a0 sava\u015f d\u00f6neminde Yan Eyaletinin Generali idi ve ayn\u0131 zamanda k\u0131l\u0131\u00e7 ve kalem ustas\u0131yd\u0131. Bu d\u00f6nem boyunca Qi Eyaleti olduk\u00e7a g\u00fc\u00e7l\u00fcyd\u00fc ve \u00e7ok geni\u015f topraklara sahipti fakat Qi d\u00fck\u00fc ac\u0131mas\u0131zd\u0131 ve civardaki kom\u015fu eyaletleri s\u00fcrekli ya\u011fmal\u0131yordu. Yu Yie politik yeteneklerini ve diplomatik becerilerini kullanarak Qi eyaletine kar\u015f\u0131 Yan eyaletinin [&hellip;]","og_url":"https:\/\/epochtimestr.com\/index.php\/ornek-general-yue-yi","og_site_name":"The Epoch Times TR","article_publisher":"https:\/\/www.facebook.com\/theepochtimestr","article_published_time":"2012-09-10T09:59:36+00:00","article_modified_time":"2013-03-28T12:18:45+00:00","og_image":[{"url":"http:\/\/epochtimestr.com\/wp-content\/uploads\/2011y\/YueYi.jpg"}],"author":"Ipek K\u00f6kl\u00fc","twitter_card":"summary_large_image","twitter_creator":"@TheEpochTimesTR","twitter_site":"@TheEpochTimesTR","twitter_misc":{"Yazan:":"Ipek K\u00f6kl\u00fc","Tahmini okuma s\u00fcresi":"4 dakika"},"schema":{"@context":"https:\/\/schema.org","@graph":[{"@type":"Article","@id":"https:\/\/epochtimestr.com\/index.php\/ornek-general-yue-yi#article","isPartOf":{"@id":"https:\/\/epochtimestr.com\/index.php\/ornek-general-yue-yi"},"author":{"name":"Ipek K\u00f6kl\u00fc","@id":"https:\/\/epochtimestr.com\/#\/schema\/person\/cb975c2e1e5be974d046664ac3c9ced3"},"headline":"\u00d6rnek General: Yue Yi","datePublished":"2012-09-10T09:59:36+00:00","dateModified":"2013-03-28T12:18:45+00:00","mainEntityOfPage":{"@id":"https:\/\/epochtimestr.com\/index.php\/ornek-general-yue-yi"},"wordCount":711,"commentCount":0,"publisher":{"@id":"https:\/\/epochtimestr.com\/#organization"},"image":{"@id":"https:\/\/epochtimestr.com\/index.php\/ornek-general-yue-yi#primaryimage"},"thumbnailUrl":"http:\/\/epochtimestr.com\/wp-content\/uploads\/2011y\/YueYi.jpg","keywords":["Yue Yi"],"articleSection":["Antik \u00c7in K\u00fclt\u00fcr\u00fc","\u00c7\u0130N","ED\u0130T\u00d6R\u00dcN SE\u00c7\u0130M\u0130"],"inLanguage":"tr","potentialAction":[{"@type":"CommentAction","name":"Comment","target":["https:\/\/epochtimestr.com\/index.php\/ornek-general-yue-yi#respond"]}]},{"@type":"WebPage","@id":"https:\/\/epochtimestr.com\/index.php\/ornek-general-yue-yi","url":"https:\/\/epochtimestr.com\/index.php\/ornek-general-yue-yi","name":"\u00d6rnek General: Yue Yi - The Epoch Times TR","isPartOf":{"@id":"https:\/\/epochtimestr.com\/#website"},"primaryImageOfPage":{"@id":"https:\/\/epochtimestr.com\/index.php\/ornek-general-yue-yi#primaryimage"},"image":{"@id":"https:\/\/epochtimestr.com\/index.php\/ornek-general-yue-yi#primaryimage"},"thumbnailUrl":"http:\/\/epochtimestr.com\/wp-content\/uploads\/2011y\/YueYi.jpg","datePublished":"2012-09-10T09:59:36+00:00","dateModified":"2013-03-28T12:18:45+00:00","inLanguage":"tr","potentialAction":[{"@type":"ReadAction","target":["https:\/\/epochtimestr.com\/index.php\/ornek-general-yue-yi"]}]},{"@type":"ImageObject","inLanguage":"tr","@id":"https:\/\/epochtimestr.com\/index.php\/ornek-general-yue-yi#primaryimage","url":"http:\/\/epochtimestr.com\/wp-content\/uploads\/2011y\/YueYi.jpg","contentUrl":"http:\/\/epochtimestr.com\/wp-content\/uploads\/2011y\/YueYi.jpg"},{"@type":"WebSite","@id":"https:\/\/epochtimestr.com\/#website","url":"https:\/\/epochtimestr.com\/","name":"The Epoch Times TR","description":"De\u011fi\u015fen D\u00fcnyam\u0131za Taze Bir Bak\u0131\u015f","publisher":{"@id":"https:\/\/epochtimestr.com\/#organization"},"potentialAction":[{"@type":"SearchAction","target":{"@type":"EntryPoint","urlTemplate":"https:\/\/epochtimestr.com\/?s={search_term_string}"},"query-input":"required name=search_term_string"}],"inLanguage":"tr"},{"@type":"Organization","@id":"https:\/\/epochtimestr.com\/#organization","name":"The EpochTimes T\u00fcrkiye","url":"https:\/\/epochtimestr.com\/","logo":{"@type":"ImageObject","inLanguage":"tr","@id":"https:\/\/epochtimestr.com\/#\/schema\/logo\/image\/","url":"https:\/\/epochtimestr.com\/wp-content\/uploads\/2011y\/ET-Logo-YG.jpg","contentUrl":"https:\/\/epochtimestr.com\/wp-content\/uploads\/2011y\/ET-Logo-YG.jpg","width":346,"height":29,"caption":"The EpochTimes T\u00fcrkiye"},"image":{"@id":"https:\/\/epochtimestr.com\/#\/schema\/logo\/image\/"},"sameAs":["https:\/\/www.facebook.com\/theepochtimestr","https:\/\/x.com\/TheEpochTimesTR","https:\/\/www.instagram.com\/epochtimestr"]},{"@type":"Person","@id":"https:\/\/epochtimestr.com\/#\/schema\/person\/cb975c2e1e5be974d046664ac3c9ced3","name":"Ipek K\u00f6kl\u00fc","image":{"@type":"ImageObject","inLanguage":"tr","@id":"https:\/\/epochtimestr.com\/#\/schema\/person\/image\/","url":"https:\/\/secure.gravatar.com\/avatar\/40a4ddb51e6c76ed4d8217a66e090521?s=96&d=mm&r=g","contentUrl":"https:\/\/secure.gravatar.com\/avatar\/40a4ddb51e6c76ed4d8217a66e090521?s=96&d=mm&r=g","caption":"Ipek K\u00f6kl\u00fc"},"url":"https:\/\/epochtimestr.com\/index.php\/author\/ipek"}]}},"_links":{"self":[{"href":"https:\/\/epochtimestr.com\/index.php\/wp-json\/wp\/v2\/posts\/61292"}],"collection":[{"href":"https:\/\/epochtimestr.com\/index.php\/wp-json\/wp\/v2\/posts"}],"about":[{"href":"https:\/\/epochtimestr.com\/index.php\/wp-json\/wp\/v2\/types\/post"}],"author":[{"embeddable":true,"href":"https:\/\/epochtimestr.com\/index.php\/wp-json\/wp\/v2\/users\/13"}],"replies":[{"embeddable":true,"href":"https:\/\/epochtimestr.com\/index.php\/wp-json\/wp\/v2\/comments?post=61292"}],"version-history":[{"count":7,"href":"https:\/\/epochtimestr.com\/index.php\/wp-json\/wp\/v2\/posts\/61292\/revisions"}],"predecessor-version":[{"id":65846,"href":"https:\/\/epochtimestr.com\/index.php\/wp-json\/wp\/v2\/posts\/61292\/revisions\/65846"}],"wp:attachment":[{"href":"https:\/\/epochtimestr.com\/index.php\/wp-json\/wp\/v2\/media?parent=61292"}],"wp:term":[{"taxonomy":"category","embeddable":true,"href":"https:\/\/epochtimestr.com\/index.php\/wp-json\/wp\/v2\/categories?post=61292"},{"taxonomy":"post_tag","embeddable":true,"href":"https:\/\/epochtimestr.com\/index.php\/wp-json\/wp\/v2\/tags?post=61292"}],"curies":[{"name":"wp","href":"https:\/\/api.w.org\/{rel}","templated":true}]}}