{"id":61788,"date":"2012-10-01T12:25:13","date_gmt":"2012-10-01T09:25:13","guid":{"rendered":"http:\/\/epochtimestr.com\/?p=61788"},"modified":"2012-10-01T12:25:58","modified_gmt":"2012-10-01T09:25:58","slug":"samanyolunun-prensi-berkant-vefat-etti","status":"publish","type":"post","link":"https:\/\/epochtimestr.com\/index.php\/samanyolunun-prensi-berkant-vefat-etti","title":{"rendered":"&#8220;Samanyolu&#8221;nun Prensi Berkant Vefat Etti"},"content":{"rendered":"<figure id=\"attachment_61790\" aria-describedby=\"caption-attachment-61790\" style=\"width: 444px\" class=\"wp-caption aligncenter\"><img loading=\"lazy\" decoding=\"async\" class=\"size-full wp-image-61790\" title=\"berkant-d\" src=\"https:\/\/epochtimestr.com\/wp-content\/uploads\/2011y\/berkant-d.jpg\" alt=\"\" width=\"444\" height=\"348\" srcset=\"https:\/\/epochtimestr.com\/wp-content\/uploads\/2011y\/berkant-d.jpg 444w, https:\/\/epochtimestr.com\/wp-content\/uploads\/2011y\/berkant-d-150x117.jpg 150w, https:\/\/epochtimestr.com\/wp-content\/uploads\/2011y\/berkant-d-300x235.jpg 300w, https:\/\/epochtimestr.com\/wp-content\/uploads\/2011y\/berkant-d-292x228.jpg 292w, https:\/\/epochtimestr.com\/wp-content\/uploads\/2011y\/berkant-d-100x78.jpg 100w, https:\/\/epochtimestr.com\/wp-content\/uploads\/2011y\/berkant-d-80x63.jpg 80w\" sizes=\"(max-width: 444px) 100vw, 444px\" \/><figcaption id=\"caption-attachment-61790\" class=\"wp-caption-text\">Efsane sark\u0131c\u0131 Berkant hastal\u0131\u011f\u0131na yenik d\u00fc\u015ft\u00fc<\/figcaption><\/figure>\n<h4 style=\"text-align: justify;\">Sanat D\u00fcnyas\u0131n\u0131n Ac\u0131 G\u00fcn\u00fc&#8230;Samanyolu \u015fark\u0131s\u0131 ile g\u00f6n\u00fcllerde taht kuran Berkant hastal\u0131\u011f\u0131na yenik d\u00fc\u015ft\u00fc.<\/h4>\n<p style=\"text-align: justify;\">\u201cSamanyolu\u201d \u015fark\u0131s\u0131yla m\u00fczik tarihine ge\u00e7en pop m\u00fczi\u011fin \u00fcnl\u00fc ismi Berkant&#8217;a, bir s\u00fcre \u00f6nce akci\u011fer kanseri tan\u0131s\u0131 konulmu\u015ftu.<\/p>\n<p style=\"text-align: justify;\">Ge\u00e7en g\u00fcn hastaneye kald\u0131r\u0131lan Berkant; d\u00fc\u015f\u00fck tansiyon, \u015fuurda kapal\u0131l\u0131k ve solunum yetersizli\u011fi nedeniyle yo\u011fun bak\u0131m\u00a0\u00fcnitesine al\u0131nm\u0131\u015f ve\u00a0yapay solunum cihaz\u0131 ile destek tedavisi ve t\u0131bbi tedavi uygulanmaya ba\u015flanm\u0131\u015ft\u0131.<\/p>\n<p style=\"text-align: justify;\">31 Aral\u0131k 1938 tarihinde\u00a0Ankara&#8217;da do\u011fan, besteci, m\u00fczisyen ve oyuncu Berkant Akg\u00fcrgen, orta\u00f6\u011frenim y\u0131llar\u0131nda m\u0131z\u0131ka ile edindi\u011fi m\u00fczik tutkusunu, piyano \u00e7almaya ba\u015flayarak s\u00fcrd\u00fcrd\u00fc, 1956 y\u0131l\u0131nda yat\u0131l\u0131 olarak okudu\u011fu Denizli Lisesi&#8217; nden mezun oldu. \u0130lk kez 1957 y\u0131l\u0131nda Ankara&#8217;da bir d\u00fc\u011f\u00fcn salonunda &#8220;\u00dcst\u00fcn Poyrazo\u011flu Orkestras\u0131&#8221; ile sahneye \u00e7\u0131kt\u0131. Ayn\u0131 y\u0131l kurdu\u011fu &#8220;J\u00fcpiter Kenteti&#8221; adl\u0131 m\u00fczik toplulu\u011fu ile gece kul\u00fcplerinde \u00e7al\u0131\u015ft\u0131. Bu s\u00fcre\u00e7te tan\u0131nmas\u0131n\u0131n ard\u0131ndan TRT Ankara Radyosu&#8217;nda program yapmaya ba\u015flad\u0131. Askerlik s\u00fcrecinde bando tak\u0131m\u0131nda yer almas\u0131n\u0131n ard\u0131ndan \u0130stanbul&#8217;a giderek saksafon \u00f6\u011frendi. 1964&#8217;te Ankara&#8217;da Yurdaer Do\u011fulu ile orkestra kurarak \u00e7al\u0131\u015fmalar\u0131n\u0131 s\u00fcrd\u00fcrd\u00fc. 1965 y\u0131l\u0131nda Vasfi U\u00e7aro\u011flu Orkestras\u0131&#8217;na solist olarak kat\u0131lan Berkant, ilk pla\u011f\u0131n\u0131 ayn\u0131 y\u0131l \u00e7\u0131kard\u0131. Sezen Cumhur \u00d6nal, Metin B\u00fckey ve Teoman Alpay ile de \u00e7al\u0131\u015fan sanat\u00e7\u0131, 1967 y\u0131l\u0131nda \u00e7\u0131kard\u0131\u011f\u0131 <em>Samanyolu<\/em> adl\u0131 \u015fark\u0131s\u0131yla \u00e7ok k\u0131sa s\u00fcrede zirveye t\u0131rmand\u0131. 1967&#8217;de sinema alan\u0131nda da yer alan Berkant, 1971 y\u0131l\u0131na kadar \u00e7e\u015fitli filmlerde rol ald\u0131. Beste ve \u015fark\u0131 s\u00f6z\u00fc uyarlamas\u0131, yazarl\u0131\u011f\u0131 yapt\u0131.<\/p>\n<p style=\"text-align: justify;\">Berkant&#8217;\u0131n seslendirdi\u011fi, s\u00f6zlerini Teoman Alpay&#8217;\u0131n yazd\u0131\u011f\u0131 ve bestesi Metin B\u00fckey&#8217;e ait olan Samanyolu adl\u0131 \u015fark\u0131, 1969 y\u0131l\u0131nda Hollandal\u0131 pop \u015fark\u0131c\u0131s\u0131 David Alexander Winter taraf\u0131ndan Oh Lady Mary ad\u0131yla seslendirilince bat\u0131da da tan\u0131nan bir par\u00e7a haline geldi. Fakat par\u00e7ay\u0131 t\u00fcm d\u00fcnyada tan\u0131tan \u015fark\u0131c\u0131 Patricia Carli olmu\u015ftur. \u015eark\u0131n\u0131n pla\u011f\u0131 1968 y\u0131l\u0131nda 100.000&#8217;in \u00fczerinde satarak T\u00fcrkiye&#8217;de platin plak alan ilk plak oldu.<\/p>\n","protected":false},"excerpt":{"rendered":"<p>Sanat D\u00fcnyas\u0131n\u0131n Ac\u0131 G\u00fcn\u00fc&#8230;Samanyolu \u015fark\u0131s\u0131 ile g\u00f6n\u00fcllerde taht kuran Berkant hastal\u0131\u011f\u0131na yenik d\u00fc\u015ft\u00fc. \u201cSamanyolu\u201d \u015fark\u0131s\u0131yla m\u00fczik tarihine ge\u00e7en pop m\u00fczi\u011fin \u00fcnl\u00fc ismi Berkant&#8217;a, bir s\u00fcre \u00f6nce akci\u011fer kanseri tan\u0131s\u0131 konulmu\u015ftu. Ge\u00e7en g\u00fcn hastaneye kald\u0131r\u0131lan Berkant; d\u00fc\u015f\u00fck tansiyon, \u015fuurda kapal\u0131l\u0131k ve solunum yetersizli\u011fi nedeniyle yo\u011fun bak\u0131m\u00a0\u00fcnitesine al\u0131nm\u0131\u015f ve\u00a0yapay solunum cihaz\u0131 ile destek tedavisi ve t\u0131bbi tedavi [&hellip;]<\/p>\n","protected":false},"author":18,"featured_media":61790,"comment_status":"open","ping_status":"open","sticky":false,"template":"","format":"standard","meta":{"_yoast_wpseo_focuskw":"","_yoast_wpseo_title":"","_yoast_wpseo_metadesc":"","_bbp_topic_count":0,"_bbp_reply_count":0,"_bbp_total_topic_count":0,"_bbp_total_reply_count":0,"_bbp_voice_count":0,"_bbp_anonymous_reply_count":0,"_bbp_topic_count_hidden":0,"_bbp_reply_count_hidden":0,"_bbp_forum_subforum_count":0,"footnotes":"","_yoast_wpseo_focuskw_text_input":""},"categories":[60],"tags":[],"yoast_head":"<!-- This site is optimized with the Yoast SEO plugin v23.0 - https:\/\/yoast.com\/wordpress\/plugins\/seo\/ -->\n<title>&quot;Samanyolu&quot;nun Prensi Berkant Vefat Etti - The Epoch Times TR<\/title>\n<meta name=\"robots\" content=\"index, follow, max-snippet:-1, max-image-preview:large, max-video-preview:-1\" \/>\n<link rel=\"canonical\" href=\"https:\/\/epochtimestr.com\/index.php\/samanyolunun-prensi-berkant-vefat-etti\" \/>\n<meta property=\"og:locale\" content=\"tr_TR\" \/>\n<meta property=\"og:type\" content=\"article\" \/>\n<meta property=\"og:title\" content=\"&quot;Samanyolu&quot;nun Prensi Berkant Vefat Etti - The Epoch Times TR\" \/>\n<meta property=\"og:description\" content=\"Sanat D\u00fcnyas\u0131n\u0131n Ac\u0131 G\u00fcn\u00fc&#8230;Samanyolu \u015fark\u0131s\u0131 ile g\u00f6n\u00fcllerde taht kuran Berkant hastal\u0131\u011f\u0131na yenik d\u00fc\u015ft\u00fc. \u201cSamanyolu\u201d \u015fark\u0131s\u0131yla m\u00fczik tarihine ge\u00e7en pop m\u00fczi\u011fin \u00fcnl\u00fc ismi Berkant&#8217;a, bir s\u00fcre \u00f6nce akci\u011fer kanseri tan\u0131s\u0131 konulmu\u015ftu. Ge\u00e7en g\u00fcn hastaneye kald\u0131r\u0131lan Berkant; d\u00fc\u015f\u00fck tansiyon, \u015fuurda kapal\u0131l\u0131k ve solunum yetersizli\u011fi nedeniyle yo\u011fun bak\u0131m\u00a0\u00fcnitesine al\u0131nm\u0131\u015f ve\u00a0yapay solunum cihaz\u0131 ile destek tedavisi ve t\u0131bbi tedavi [&hellip;]\" \/>\n<meta property=\"og:url\" content=\"https:\/\/epochtimestr.com\/index.php\/samanyolunun-prensi-berkant-vefat-etti\" \/>\n<meta property=\"og:site_name\" content=\"The Epoch Times TR\" \/>\n<meta property=\"article:publisher\" content=\"https:\/\/www.facebook.com\/theepochtimestr\" \/>\n<meta property=\"article:published_time\" content=\"2012-10-01T09:25:13+00:00\" \/>\n<meta property=\"article:modified_time\" content=\"2012-10-01T09:25:58+00:00\" \/>\n<meta property=\"og:image\" content=\"https:\/\/epochtimestr.com\/wp-content\/uploads\/2011y\/berkant-d.jpg\" \/>\n\t<meta property=\"og:image:width\" content=\"444\" \/>\n\t<meta property=\"og:image:height\" content=\"348\" \/>\n\t<meta property=\"og:image:type\" content=\"image\/jpeg\" \/>\n<meta name=\"author\" content=\"Nesrin Se\u00e7er\" \/>\n<meta name=\"twitter:card\" content=\"summary_large_image\" \/>\n<meta name=\"twitter:creator\" content=\"@TheEpochTimesTR\" \/>\n<meta name=\"twitter:site\" content=\"@TheEpochTimesTR\" \/>\n<meta name=\"twitter:label1\" content=\"Yazan:\" \/>\n\t<meta name=\"twitter:data1\" content=\"Nesrin Se\u00e7er\" \/>\n\t<meta name=\"twitter:label2\" content=\"Tahmini okuma s\u00fcresi\" \/>\n\t<meta name=\"twitter:data2\" content=\"2 dakika\" \/>\n<script type=\"application\/ld+json\" class=\"yoast-schema-graph\">{\"@context\":\"https:\/\/schema.org\",\"@graph\":[{\"@type\":\"Article\",\"@id\":\"https:\/\/epochtimestr.com\/index.php\/samanyolunun-prensi-berkant-vefat-etti#article\",\"isPartOf\":{\"@id\":\"https:\/\/epochtimestr.com\/index.php\/samanyolunun-prensi-berkant-vefat-etti\"},\"author\":{\"name\":\"Nesrin Se\u00e7er\",\"@id\":\"https:\/\/epochtimestr.com\/#\/schema\/person\/9449775713995720d2e8d6af219e3cc3\"},\"headline\":\"&#8220;Samanyolu&#8221;nun Prensi Berkant Vefat Etti\",\"datePublished\":\"2012-10-01T09:25:13+00:00\",\"dateModified\":\"2012-10-01T09:25:58+00:00\",\"mainEntityOfPage\":{\"@id\":\"https:\/\/epochtimestr.com\/index.php\/samanyolunun-prensi-berkant-vefat-etti\"},\"wordCount\":407,\"commentCount\":0,\"publisher\":{\"@id\":\"https:\/\/epochtimestr.com\/#organization\"},\"image\":{\"@id\":\"https:\/\/epochtimestr.com\/index.php\/samanyolunun-prensi-berkant-vefat-etti#primaryimage\"},\"thumbnailUrl\":\"https:\/\/epochtimestr.com\/wp-content\/uploads\/2011y\/berkant-d.jpg\",\"articleSection\":[\"Taslak'da b\u0131rak\"],\"inLanguage\":\"tr\",\"potentialAction\":[{\"@type\":\"CommentAction\",\"name\":\"Comment\",\"target\":[\"https:\/\/epochtimestr.com\/index.php\/samanyolunun-prensi-berkant-vefat-etti#respond\"]}]},{\"@type\":\"WebPage\",\"@id\":\"https:\/\/epochtimestr.com\/index.php\/samanyolunun-prensi-berkant-vefat-etti\",\"url\":\"https:\/\/epochtimestr.com\/index.php\/samanyolunun-prensi-berkant-vefat-etti\",\"name\":\"\\\"Samanyolu\\\"nun Prensi Berkant Vefat Etti - The Epoch Times TR\",\"isPartOf\":{\"@id\":\"https:\/\/epochtimestr.com\/#website\"},\"primaryImageOfPage\":{\"@id\":\"https:\/\/epochtimestr.com\/index.php\/samanyolunun-prensi-berkant-vefat-etti#primaryimage\"},\"image\":{\"@id\":\"https:\/\/epochtimestr.com\/index.php\/samanyolunun-prensi-berkant-vefat-etti#primaryimage\"},\"thumbnailUrl\":\"https:\/\/epochtimestr.com\/wp-content\/uploads\/2011y\/berkant-d.jpg\",\"datePublished\":\"2012-10-01T09:25:13+00:00\",\"dateModified\":\"2012-10-01T09:25:58+00:00\",\"inLanguage\":\"tr\",\"potentialAction\":[{\"@type\":\"ReadAction\",\"target\":[\"https:\/\/epochtimestr.com\/index.php\/samanyolunun-prensi-berkant-vefat-etti\"]}]},{\"@type\":\"ImageObject\",\"inLanguage\":\"tr\",\"@id\":\"https:\/\/epochtimestr.com\/index.php\/samanyolunun-prensi-berkant-vefat-etti#primaryimage\",\"url\":\"https:\/\/epochtimestr.com\/wp-content\/uploads\/2011y\/berkant-d.jpg\",\"contentUrl\":\"https:\/\/epochtimestr.com\/wp-content\/uploads\/2011y\/berkant-d.jpg\",\"width\":444,\"height\":348,\"caption\":\"Efsane sark\u0131c\u0131 Berkant hastal\u0131\u011f\u0131na yenik d\u00fc\u015ft\u00fc\"},{\"@type\":\"WebSite\",\"@id\":\"https:\/\/epochtimestr.com\/#website\",\"url\":\"https:\/\/epochtimestr.com\/\",\"name\":\"The Epoch Times TR\",\"description\":\"De\u011fi\u015fen D\u00fcnyam\u0131za Taze Bir Bak\u0131\u015f\",\"publisher\":{\"@id\":\"https:\/\/epochtimestr.com\/#organization\"},\"potentialAction\":[{\"@type\":\"SearchAction\",\"target\":{\"@type\":\"EntryPoint\",\"urlTemplate\":\"https:\/\/epochtimestr.com\/?s={search_term_string}\"},\"query-input\":\"required name=search_term_string\"}],\"inLanguage\":\"tr\"},{\"@type\":\"Organization\",\"@id\":\"https:\/\/epochtimestr.com\/#organization\",\"name\":\"The EpochTimes T\u00fcrkiye\",\"url\":\"https:\/\/epochtimestr.com\/\",\"logo\":{\"@type\":\"ImageObject\",\"inLanguage\":\"tr\",\"@id\":\"https:\/\/epochtimestr.com\/#\/schema\/logo\/image\/\",\"url\":\"https:\/\/epochtimestr.com\/wp-content\/uploads\/2011y\/ET-Logo-YG.jpg\",\"contentUrl\":\"https:\/\/epochtimestr.com\/wp-content\/uploads\/2011y\/ET-Logo-YG.jpg\",\"width\":346,\"height\":29,\"caption\":\"The EpochTimes T\u00fcrkiye\"},\"image\":{\"@id\":\"https:\/\/epochtimestr.com\/#\/schema\/logo\/image\/\"},\"sameAs\":[\"https:\/\/www.facebook.com\/theepochtimestr\",\"https:\/\/x.com\/TheEpochTimesTR\",\"https:\/\/www.instagram.com\/epochtimestr\"]},{\"@type\":\"Person\",\"@id\":\"https:\/\/epochtimestr.com\/#\/schema\/person\/9449775713995720d2e8d6af219e3cc3\",\"name\":\"Nesrin Se\u00e7er\",\"image\":{\"@type\":\"ImageObject\",\"inLanguage\":\"tr\",\"@id\":\"https:\/\/epochtimestr.com\/#\/schema\/person\/image\/\",\"url\":\"https:\/\/secure.gravatar.com\/avatar\/9e76ddf1406df7ae1827116f0007ff40?s=96&d=mm&r=g\",\"contentUrl\":\"https:\/\/secure.gravatar.com\/avatar\/9e76ddf1406df7ae1827116f0007ff40?s=96&d=mm&r=g\",\"caption\":\"Nesrin Se\u00e7er\"},\"url\":\"https:\/\/epochtimestr.com\/index.php\/author\/nesrin\"}]}<\/script>\n<!-- \/ Yoast SEO plugin. -->","yoast_head_json":{"title":"\"Samanyolu\"nun Prensi Berkant Vefat Etti - The Epoch Times TR","robots":{"index":"index","follow":"follow","max-snippet":"max-snippet:-1","max-image-preview":"max-image-preview:large","max-video-preview":"max-video-preview:-1"},"canonical":"https:\/\/epochtimestr.com\/index.php\/samanyolunun-prensi-berkant-vefat-etti","og_locale":"tr_TR","og_type":"article","og_title":"\"Samanyolu\"nun Prensi Berkant Vefat Etti - The Epoch Times TR","og_description":"Sanat D\u00fcnyas\u0131n\u0131n Ac\u0131 G\u00fcn\u00fc&#8230;Samanyolu \u015fark\u0131s\u0131 ile g\u00f6n\u00fcllerde taht kuran Berkant hastal\u0131\u011f\u0131na yenik d\u00fc\u015ft\u00fc. \u201cSamanyolu\u201d \u015fark\u0131s\u0131yla m\u00fczik tarihine ge\u00e7en pop m\u00fczi\u011fin \u00fcnl\u00fc ismi Berkant&#8217;a, bir s\u00fcre \u00f6nce akci\u011fer kanseri tan\u0131s\u0131 konulmu\u015ftu. Ge\u00e7en g\u00fcn hastaneye kald\u0131r\u0131lan Berkant; d\u00fc\u015f\u00fck tansiyon, \u015fuurda kapal\u0131l\u0131k ve solunum yetersizli\u011fi nedeniyle yo\u011fun bak\u0131m\u00a0\u00fcnitesine al\u0131nm\u0131\u015f ve\u00a0yapay solunum cihaz\u0131 ile destek tedavisi ve t\u0131bbi tedavi [&hellip;]","og_url":"https:\/\/epochtimestr.com\/index.php\/samanyolunun-prensi-berkant-vefat-etti","og_site_name":"The Epoch Times TR","article_publisher":"https:\/\/www.facebook.com\/theepochtimestr","article_published_time":"2012-10-01T09:25:13+00:00","article_modified_time":"2012-10-01T09:25:58+00:00","og_image":[{"width":444,"height":348,"url":"https:\/\/epochtimestr.com\/wp-content\/uploads\/2011y\/berkant-d.jpg","type":"image\/jpeg"}],"author":"Nesrin Se\u00e7er","twitter_card":"summary_large_image","twitter_creator":"@TheEpochTimesTR","twitter_site":"@TheEpochTimesTR","twitter_misc":{"Yazan:":"Nesrin Se\u00e7er","Tahmini okuma s\u00fcresi":"2 dakika"},"schema":{"@context":"https:\/\/schema.org","@graph":[{"@type":"Article","@id":"https:\/\/epochtimestr.com\/index.php\/samanyolunun-prensi-berkant-vefat-etti#article","isPartOf":{"@id":"https:\/\/epochtimestr.com\/index.php\/samanyolunun-prensi-berkant-vefat-etti"},"author":{"name":"Nesrin Se\u00e7er","@id":"https:\/\/epochtimestr.com\/#\/schema\/person\/9449775713995720d2e8d6af219e3cc3"},"headline":"&#8220;Samanyolu&#8221;nun Prensi Berkant Vefat Etti","datePublished":"2012-10-01T09:25:13+00:00","dateModified":"2012-10-01T09:25:58+00:00","mainEntityOfPage":{"@id":"https:\/\/epochtimestr.com\/index.php\/samanyolunun-prensi-berkant-vefat-etti"},"wordCount":407,"commentCount":0,"publisher":{"@id":"https:\/\/epochtimestr.com\/#organization"},"image":{"@id":"https:\/\/epochtimestr.com\/index.php\/samanyolunun-prensi-berkant-vefat-etti#primaryimage"},"thumbnailUrl":"https:\/\/epochtimestr.com\/wp-content\/uploads\/2011y\/berkant-d.jpg","articleSection":["Taslak'da b\u0131rak"],"inLanguage":"tr","potentialAction":[{"@type":"CommentAction","name":"Comment","target":["https:\/\/epochtimestr.com\/index.php\/samanyolunun-prensi-berkant-vefat-etti#respond"]}]},{"@type":"WebPage","@id":"https:\/\/epochtimestr.com\/index.php\/samanyolunun-prensi-berkant-vefat-etti","url":"https:\/\/epochtimestr.com\/index.php\/samanyolunun-prensi-berkant-vefat-etti","name":"\"Samanyolu\"nun Prensi Berkant Vefat Etti - The Epoch Times TR","isPartOf":{"@id":"https:\/\/epochtimestr.com\/#website"},"primaryImageOfPage":{"@id":"https:\/\/epochtimestr.com\/index.php\/samanyolunun-prensi-berkant-vefat-etti#primaryimage"},"image":{"@id":"https:\/\/epochtimestr.com\/index.php\/samanyolunun-prensi-berkant-vefat-etti#primaryimage"},"thumbnailUrl":"https:\/\/epochtimestr.com\/wp-content\/uploads\/2011y\/berkant-d.jpg","datePublished":"2012-10-01T09:25:13+00:00","dateModified":"2012-10-01T09:25:58+00:00","inLanguage":"tr","potentialAction":[{"@type":"ReadAction","target":["https:\/\/epochtimestr.com\/index.php\/samanyolunun-prensi-berkant-vefat-etti"]}]},{"@type":"ImageObject","inLanguage":"tr","@id":"https:\/\/epochtimestr.com\/index.php\/samanyolunun-prensi-berkant-vefat-etti#primaryimage","url":"https:\/\/epochtimestr.com\/wp-content\/uploads\/2011y\/berkant-d.jpg","contentUrl":"https:\/\/epochtimestr.com\/wp-content\/uploads\/2011y\/berkant-d.jpg","width":444,"height":348,"caption":"Efsane sark\u0131c\u0131 Berkant hastal\u0131\u011f\u0131na yenik d\u00fc\u015ft\u00fc"},{"@type":"WebSite","@id":"https:\/\/epochtimestr.com\/#website","url":"https:\/\/epochtimestr.com\/","name":"The Epoch Times TR","description":"De\u011fi\u015fen D\u00fcnyam\u0131za Taze Bir Bak\u0131\u015f","publisher":{"@id":"https:\/\/epochtimestr.com\/#organization"},"potentialAction":[{"@type":"SearchAction","target":{"@type":"EntryPoint","urlTemplate":"https:\/\/epochtimestr.com\/?s={search_term_string}"},"query-input":"required name=search_term_string"}],"inLanguage":"tr"},{"@type":"Organization","@id":"https:\/\/epochtimestr.com\/#organization","name":"The EpochTimes T\u00fcrkiye","url":"https:\/\/epochtimestr.com\/","logo":{"@type":"ImageObject","inLanguage":"tr","@id":"https:\/\/epochtimestr.com\/#\/schema\/logo\/image\/","url":"https:\/\/epochtimestr.com\/wp-content\/uploads\/2011y\/ET-Logo-YG.jpg","contentUrl":"https:\/\/epochtimestr.com\/wp-content\/uploads\/2011y\/ET-Logo-YG.jpg","width":346,"height":29,"caption":"The EpochTimes T\u00fcrkiye"},"image":{"@id":"https:\/\/epochtimestr.com\/#\/schema\/logo\/image\/"},"sameAs":["https:\/\/www.facebook.com\/theepochtimestr","https:\/\/x.com\/TheEpochTimesTR","https:\/\/www.instagram.com\/epochtimestr"]},{"@type":"Person","@id":"https:\/\/epochtimestr.com\/#\/schema\/person\/9449775713995720d2e8d6af219e3cc3","name":"Nesrin Se\u00e7er","image":{"@type":"ImageObject","inLanguage":"tr","@id":"https:\/\/epochtimestr.com\/#\/schema\/person\/image\/","url":"https:\/\/secure.gravatar.com\/avatar\/9e76ddf1406df7ae1827116f0007ff40?s=96&d=mm&r=g","contentUrl":"https:\/\/secure.gravatar.com\/avatar\/9e76ddf1406df7ae1827116f0007ff40?s=96&d=mm&r=g","caption":"Nesrin Se\u00e7er"},"url":"https:\/\/epochtimestr.com\/index.php\/author\/nesrin"}]}},"_links":{"self":[{"href":"https:\/\/epochtimestr.com\/index.php\/wp-json\/wp\/v2\/posts\/61788"}],"collection":[{"href":"https:\/\/epochtimestr.com\/index.php\/wp-json\/wp\/v2\/posts"}],"about":[{"href":"https:\/\/epochtimestr.com\/index.php\/wp-json\/wp\/v2\/types\/post"}],"author":[{"embeddable":true,"href":"https:\/\/epochtimestr.com\/index.php\/wp-json\/wp\/v2\/users\/18"}],"replies":[{"embeddable":true,"href":"https:\/\/epochtimestr.com\/index.php\/wp-json\/wp\/v2\/comments?post=61788"}],"version-history":[{"count":3,"href":"https:\/\/epochtimestr.com\/index.php\/wp-json\/wp\/v2\/posts\/61788\/revisions"}],"predecessor-version":[{"id":61793,"href":"https:\/\/epochtimestr.com\/index.php\/wp-json\/wp\/v2\/posts\/61788\/revisions\/61793"}],"wp:featuredmedia":[{"embeddable":true,"href":"https:\/\/epochtimestr.com\/index.php\/wp-json\/wp\/v2\/media\/61790"}],"wp:attachment":[{"href":"https:\/\/epochtimestr.com\/index.php\/wp-json\/wp\/v2\/media?parent=61788"}],"wp:term":[{"taxonomy":"category","embeddable":true,"href":"https:\/\/epochtimestr.com\/index.php\/wp-json\/wp\/v2\/categories?post=61788"},{"taxonomy":"post_tag","embeddable":true,"href":"https:\/\/epochtimestr.com\/index.php\/wp-json\/wp\/v2\/tags?post=61788"}],"curies":[{"name":"wp","href":"https:\/\/api.w.org\/{rel}","templated":true}]}}