{"id":61837,"date":"2012-10-02T12:13:25","date_gmt":"2012-10-02T09:13:25","guid":{"rendered":"http:\/\/epochtimestr.com\/?p=61837"},"modified":"2012-10-03T00:01:27","modified_gmt":"2012-10-02T21:01:27","slug":"polonya-guzelini-alanyada-seciyor","status":"publish","type":"post","link":"https:\/\/epochtimestr.com\/index.php\/polonya-guzelini-alanyada-seciyor","title":{"rendered":"Polonya, G\u00fczelini  Alanya\u2019da Se\u00e7iyor"},"content":{"rendered":"<p style=\"text-align: justify;\"><a class=\"highslide\" onclick=\"return vz.expand(this)\" href=\"https:\/\/epochtimestr.com\/index.php\/polonya-guzelini-alanyada-seciyor\/a-25\" rel=\"attachment wp-att-61838\"><img loading=\"lazy\" decoding=\"async\" class=\"aligncenter size-full wp-image-61838\" title=\"A\" src=\"https:\/\/epochtimestr.com\/wp-content\/uploads\/2011y\/polonya.jpg\" alt=\"\" width=\"527\" height=\"350\" srcset=\"https:\/\/epochtimestr.com\/wp-content\/uploads\/2011y\/polonya.jpg 527w, https:\/\/epochtimestr.com\/wp-content\/uploads\/2011y\/polonya-150x99.jpg 150w, https:\/\/epochtimestr.com\/wp-content\/uploads\/2011y\/polonya-300x199.jpg 300w, https:\/\/epochtimestr.com\/wp-content\/uploads\/2011y\/polonya-292x193.jpg 292w\" sizes=\"(max-width: 527px) 100vw, 527px\" \/><\/a>&#8216;Queen of World 2013&#8217;te \u00fclkesini temsil etme hakk\u0131na sahip olacak olan \u00a0Polonya \u00a0g\u00fczeli bu y\u0131l \u00a0Alanya\u2019da se\u00e7iliyor. \u00a05 y\u0131ld\u0131zl\u0131 \u00dctopya Otel&#8217;de kampa giren 20 gen\u00e7 k\u0131z aras\u0131ndan birinci se\u00e7ilen g\u00fczel \u00fclkesini D\u00fcnya G\u00fczellik Krali\u00e7esi Yar\u0131\u015fmas\u0131nda temsil edecek.<\/p>\n<p style=\"text-align: justify;\">Yar\u0131\u015fma Alanya Belediyesi ile Gondola Akdem Travel taraf\u0131ndan, Maxima Models Ajans\u0131 ve Polonya POLSAT TV i\u015f birli\u011fi ile Utopia World Otel, Exim ve Kartago Tours ana sponsorlu\u011funda d\u00fczenleniyor.<\/p>\n<p style=\"text-align: justify;\">4 Ekim 2012 tarihinde saat 19.30\u2019da tarihi K\u0131z\u0131l Kule Meydan\u0131\u2019nda yap\u0131lacak olan yar\u0131\u015fmaya 8 binin \u00fczerinde \u00a0ba\u015fvuru yap\u0131ld\u0131. 20 gen\u00e7 k\u0131z\u0131n finale kald\u0131\u011f\u0131\u00a0 yar\u0131\u015fmada \u00a0muhte\u015fem \u015fovlar yer alacak. Ayr\u0131ca Polonya\u2019n\u0131n en b\u00fcy\u00fck kanal\u0131 POLSAT TV taraf\u0131ndan Polonya\u2019da yay\u0131nlanacak yar\u0131\u015fma ayn\u0131 zamanda yurt d\u0131\u015f\u0131ndan gelen bas\u0131n mensuplar\u0131, ulusal magazin dergileri ve gazeteleri, \u00f6nemli gazetelerin k\u00f6\u015fe yazarlar\u0131, Akdeniz ve Ege Turizm b\u00f6lgelerinden t\u00fcm turizm camias\u0131 taraf\u0131ndan takip edilecek.<\/p>\n<p style=\"text-align: justify;\">Burada birinci se\u00e7ilen g\u00fczel, Polonya\u2019n\u0131n Resmi G\u00fczellik Yar\u0131\u015fmas\u0131 &#8216;Queen of World 2013&#8217;te \u00fclkesini temsil etme hakk\u0131na sahip olacak.<\/p>\n<p style=\"text-align: justify;\">\u015eark\u0131c\u0131 Burcu G\u00fcne\u015f ve Bug\u00fcn gazetesi k\u00f6\u015fe yazar\u0131 Aykut I\u015f\u0131klar j\u00fcri \u00fcyeleri olarak kat\u0131lacak.<\/p>\n","protected":false},"excerpt":{"rendered":"<p>&#8216;Queen of World 2013&#8217;te \u00fclkesini temsil etme hakk\u0131na sahip olacak olan \u00a0Polonya \u00a0g\u00fczeli bu y\u0131l \u00a0Alanya\u2019da se\u00e7iliyor. \u00a05 y\u0131ld\u0131zl\u0131 \u00dctopya Otel&#8217;de kampa giren 20 gen\u00e7 k\u0131z aras\u0131ndan birinci se\u00e7ilen g\u00fczel \u00fclkesini D\u00fcnya G\u00fczellik Krali\u00e7esi Yar\u0131\u015fmas\u0131nda temsil edecek. Yar\u0131\u015fma Alanya Belediyesi ile Gondola Akdem Travel taraf\u0131ndan, Maxima Models Ajans\u0131 ve Polonya POLSAT TV i\u015f birli\u011fi ile [&hellip;]<\/p>\n","protected":false},"author":14,"featured_media":61838,"comment_status":"open","ping_status":"open","sticky":false,"template":"","format":"standard","meta":{"_yoast_wpseo_focuskw":"","_yoast_wpseo_title":"","_yoast_wpseo_metadesc":"","_bbp_topic_count":0,"_bbp_reply_count":0,"_bbp_total_topic_count":0,"_bbp_total_reply_count":0,"_bbp_voice_count":0,"_bbp_anonymous_reply_count":0,"_bbp_topic_count_hidden":0,"_bbp_reply_count_hidden":0,"_bbp_forum_subforum_count":0,"footnotes":"","_yoast_wpseo_focuskw_text_input":""},"categories":[37,2881],"tags":[],"yoast_head":"<!-- This site is optimized with the Yoast SEO plugin v23.0 - https:\/\/yoast.com\/wordpress\/plugins\/seo\/ -->\n<title>Polonya, G\u00fczelini Alanya\u2019da Se\u00e7iyor - The Epoch Times TR<\/title>\n<meta name=\"robots\" content=\"index, follow, max-snippet:-1, max-image-preview:large, max-video-preview:-1\" \/>\n<link rel=\"canonical\" href=\"https:\/\/epochtimestr.com\/index.php\/polonya-guzelini-alanyada-seciyor\" \/>\n<meta property=\"og:locale\" content=\"tr_TR\" \/>\n<meta property=\"og:type\" content=\"article\" \/>\n<meta property=\"og:title\" content=\"Polonya, G\u00fczelini Alanya\u2019da Se\u00e7iyor - The Epoch Times TR\" \/>\n<meta property=\"og:description\" content=\"&#8216;Queen of World 2013&#8217;te \u00fclkesini temsil etme hakk\u0131na sahip olacak olan \u00a0Polonya \u00a0g\u00fczeli bu y\u0131l \u00a0Alanya\u2019da se\u00e7iliyor. \u00a05 y\u0131ld\u0131zl\u0131 \u00dctopya Otel&#8217;de kampa giren 20 gen\u00e7 k\u0131z aras\u0131ndan birinci se\u00e7ilen g\u00fczel \u00fclkesini D\u00fcnya G\u00fczellik Krali\u00e7esi Yar\u0131\u015fmas\u0131nda temsil edecek. Yar\u0131\u015fma Alanya Belediyesi ile Gondola Akdem Travel taraf\u0131ndan, Maxima Models Ajans\u0131 ve Polonya POLSAT TV i\u015f birli\u011fi ile [&hellip;]\" \/>\n<meta property=\"og:url\" content=\"https:\/\/epochtimestr.com\/index.php\/polonya-guzelini-alanyada-seciyor\" \/>\n<meta property=\"og:site_name\" content=\"The Epoch Times TR\" \/>\n<meta property=\"article:publisher\" content=\"https:\/\/www.facebook.com\/theepochtimestr\" \/>\n<meta property=\"article:published_time\" content=\"2012-10-02T09:13:25+00:00\" \/>\n<meta property=\"article:modified_time\" content=\"2012-10-02T21:01:27+00:00\" \/>\n<meta property=\"og:image\" content=\"https:\/\/epochtimestr.com\/wp-content\/uploads\/2011y\/polonya.jpg\" \/>\n\t<meta property=\"og:image:width\" content=\"527\" \/>\n\t<meta property=\"og:image:height\" content=\"350\" \/>\n\t<meta property=\"og:image:type\" content=\"image\/jpeg\" \/>\n<meta name=\"author\" content=\"S.\u015eener\" \/>\n<meta name=\"twitter:card\" content=\"summary_large_image\" \/>\n<meta name=\"twitter:creator\" content=\"@TheEpochTimesTR\" \/>\n<meta name=\"twitter:site\" content=\"@TheEpochTimesTR\" \/>\n<meta name=\"twitter:label1\" content=\"Yazan:\" \/>\n\t<meta name=\"twitter:data1\" content=\"S.\u015eener\" \/>\n\t<meta name=\"twitter:label2\" content=\"Tahmini okuma s\u00fcresi\" \/>\n\t<meta name=\"twitter:data2\" content=\"1 dakika\" \/>\n<script type=\"application\/ld+json\" class=\"yoast-schema-graph\">{\"@context\":\"https:\/\/schema.org\",\"@graph\":[{\"@type\":\"Article\",\"@id\":\"https:\/\/epochtimestr.com\/index.php\/polonya-guzelini-alanyada-seciyor#article\",\"isPartOf\":{\"@id\":\"https:\/\/epochtimestr.com\/index.php\/polonya-guzelini-alanyada-seciyor\"},\"author\":{\"name\":\"S.\u015eener\",\"@id\":\"https:\/\/epochtimestr.com\/#\/schema\/person\/bef9adaaadf46533210ca5eaaa548466\"},\"headline\":\"Polonya, G\u00fczelini Alanya\u2019da Se\u00e7iyor\",\"datePublished\":\"2012-10-02T09:13:25+00:00\",\"dateModified\":\"2012-10-02T21:01:27+00:00\",\"mainEntityOfPage\":{\"@id\":\"https:\/\/epochtimestr.com\/index.php\/polonya-guzelini-alanyada-seciyor\"},\"wordCount\":225,\"commentCount\":0,\"publisher\":{\"@id\":\"https:\/\/epochtimestr.com\/#organization\"},\"image\":{\"@id\":\"https:\/\/epochtimestr.com\/index.php\/polonya-guzelini-alanyada-seciyor#primaryimage\"},\"thumbnailUrl\":\"https:\/\/epochtimestr.com\/wp-content\/uploads\/2011y\/polonya.jpg\",\"articleSection\":[\"T\u00dcRK\u0130YE\",\"\u00dcnl\u00fcler\"],\"inLanguage\":\"tr\",\"potentialAction\":[{\"@type\":\"CommentAction\",\"name\":\"Comment\",\"target\":[\"https:\/\/epochtimestr.com\/index.php\/polonya-guzelini-alanyada-seciyor#respond\"]}]},{\"@type\":\"WebPage\",\"@id\":\"https:\/\/epochtimestr.com\/index.php\/polonya-guzelini-alanyada-seciyor\",\"url\":\"https:\/\/epochtimestr.com\/index.php\/polonya-guzelini-alanyada-seciyor\",\"name\":\"Polonya, G\u00fczelini Alanya\u2019da Se\u00e7iyor - The Epoch Times TR\",\"isPartOf\":{\"@id\":\"https:\/\/epochtimestr.com\/#website\"},\"primaryImageOfPage\":{\"@id\":\"https:\/\/epochtimestr.com\/index.php\/polonya-guzelini-alanyada-seciyor#primaryimage\"},\"image\":{\"@id\":\"https:\/\/epochtimestr.com\/index.php\/polonya-guzelini-alanyada-seciyor#primaryimage\"},\"thumbnailUrl\":\"https:\/\/epochtimestr.com\/wp-content\/uploads\/2011y\/polonya.jpg\",\"datePublished\":\"2012-10-02T09:13:25+00:00\",\"dateModified\":\"2012-10-02T21:01:27+00:00\",\"inLanguage\":\"tr\",\"potentialAction\":[{\"@type\":\"ReadAction\",\"target\":[\"https:\/\/epochtimestr.com\/index.php\/polonya-guzelini-alanyada-seciyor\"]}]},{\"@type\":\"ImageObject\",\"inLanguage\":\"tr\",\"@id\":\"https:\/\/epochtimestr.com\/index.php\/polonya-guzelini-alanyada-seciyor#primaryimage\",\"url\":\"https:\/\/epochtimestr.com\/wp-content\/uploads\/2011y\/polonya.jpg\",\"contentUrl\":\"https:\/\/epochtimestr.com\/wp-content\/uploads\/2011y\/polonya.jpg\",\"width\":527,\"height\":350},{\"@type\":\"WebSite\",\"@id\":\"https:\/\/epochtimestr.com\/#website\",\"url\":\"https:\/\/epochtimestr.com\/\",\"name\":\"The Epoch Times TR\",\"description\":\"De\u011fi\u015fen D\u00fcnyam\u0131za Taze Bir Bak\u0131\u015f\",\"publisher\":{\"@id\":\"https:\/\/epochtimestr.com\/#organization\"},\"potentialAction\":[{\"@type\":\"SearchAction\",\"target\":{\"@type\":\"EntryPoint\",\"urlTemplate\":\"https:\/\/epochtimestr.com\/?s={search_term_string}\"},\"query-input\":\"required name=search_term_string\"}],\"inLanguage\":\"tr\"},{\"@type\":\"Organization\",\"@id\":\"https:\/\/epochtimestr.com\/#organization\",\"name\":\"The EpochTimes T\u00fcrkiye\",\"url\":\"https:\/\/epochtimestr.com\/\",\"logo\":{\"@type\":\"ImageObject\",\"inLanguage\":\"tr\",\"@id\":\"https:\/\/epochtimestr.com\/#\/schema\/logo\/image\/\",\"url\":\"https:\/\/epochtimestr.com\/wp-content\/uploads\/2011y\/ET-Logo-YG.jpg\",\"contentUrl\":\"https:\/\/epochtimestr.com\/wp-content\/uploads\/2011y\/ET-Logo-YG.jpg\",\"width\":346,\"height\":29,\"caption\":\"The EpochTimes T\u00fcrkiye\"},\"image\":{\"@id\":\"https:\/\/epochtimestr.com\/#\/schema\/logo\/image\/\"},\"sameAs\":[\"https:\/\/www.facebook.com\/theepochtimestr\",\"https:\/\/x.com\/TheEpochTimesTR\",\"https:\/\/www.instagram.com\/epochtimestr\"]},{\"@type\":\"Person\",\"@id\":\"https:\/\/epochtimestr.com\/#\/schema\/person\/bef9adaaadf46533210ca5eaaa548466\",\"name\":\"S.\u015eener\",\"image\":{\"@type\":\"ImageObject\",\"inLanguage\":\"tr\",\"@id\":\"https:\/\/epochtimestr.com\/#\/schema\/person\/image\/\",\"url\":\"https:\/\/secure.gravatar.com\/avatar\/17a8f6795001e76d7c247cf5e3926672?s=96&d=mm&r=g\",\"contentUrl\":\"https:\/\/secure.gravatar.com\/avatar\/17a8f6795001e76d7c247cf5e3926672?s=96&d=mm&r=g\",\"caption\":\"S.\u015eener\"},\"url\":\"https:\/\/epochtimestr.com\/index.php\/author\/semra\"}]}<\/script>\n<!-- \/ Yoast SEO plugin. -->","yoast_head_json":{"title":"Polonya, G\u00fczelini Alanya\u2019da Se\u00e7iyor - The Epoch Times TR","robots":{"index":"index","follow":"follow","max-snippet":"max-snippet:-1","max-image-preview":"max-image-preview:large","max-video-preview":"max-video-preview:-1"},"canonical":"https:\/\/epochtimestr.com\/index.php\/polonya-guzelini-alanyada-seciyor","og_locale":"tr_TR","og_type":"article","og_title":"Polonya, G\u00fczelini Alanya\u2019da Se\u00e7iyor - The Epoch Times TR","og_description":"&#8216;Queen of World 2013&#8217;te \u00fclkesini temsil etme hakk\u0131na sahip olacak olan \u00a0Polonya \u00a0g\u00fczeli bu y\u0131l \u00a0Alanya\u2019da se\u00e7iliyor. \u00a05 y\u0131ld\u0131zl\u0131 \u00dctopya Otel&#8217;de kampa giren 20 gen\u00e7 k\u0131z aras\u0131ndan birinci se\u00e7ilen g\u00fczel \u00fclkesini D\u00fcnya G\u00fczellik Krali\u00e7esi Yar\u0131\u015fmas\u0131nda temsil edecek. Yar\u0131\u015fma Alanya Belediyesi ile Gondola Akdem Travel taraf\u0131ndan, Maxima Models Ajans\u0131 ve Polonya POLSAT TV i\u015f birli\u011fi ile [&hellip;]","og_url":"https:\/\/epochtimestr.com\/index.php\/polonya-guzelini-alanyada-seciyor","og_site_name":"The Epoch Times TR","article_publisher":"https:\/\/www.facebook.com\/theepochtimestr","article_published_time":"2012-10-02T09:13:25+00:00","article_modified_time":"2012-10-02T21:01:27+00:00","og_image":[{"width":527,"height":350,"url":"https:\/\/epochtimestr.com\/wp-content\/uploads\/2011y\/polonya.jpg","type":"image\/jpeg"}],"author":"S.\u015eener","twitter_card":"summary_large_image","twitter_creator":"@TheEpochTimesTR","twitter_site":"@TheEpochTimesTR","twitter_misc":{"Yazan:":"S.\u015eener","Tahmini okuma s\u00fcresi":"1 dakika"},"schema":{"@context":"https:\/\/schema.org","@graph":[{"@type":"Article","@id":"https:\/\/epochtimestr.com\/index.php\/polonya-guzelini-alanyada-seciyor#article","isPartOf":{"@id":"https:\/\/epochtimestr.com\/index.php\/polonya-guzelini-alanyada-seciyor"},"author":{"name":"S.\u015eener","@id":"https:\/\/epochtimestr.com\/#\/schema\/person\/bef9adaaadf46533210ca5eaaa548466"},"headline":"Polonya, G\u00fczelini Alanya\u2019da Se\u00e7iyor","datePublished":"2012-10-02T09:13:25+00:00","dateModified":"2012-10-02T21:01:27+00:00","mainEntityOfPage":{"@id":"https:\/\/epochtimestr.com\/index.php\/polonya-guzelini-alanyada-seciyor"},"wordCount":225,"commentCount":0,"publisher":{"@id":"https:\/\/epochtimestr.com\/#organization"},"image":{"@id":"https:\/\/epochtimestr.com\/index.php\/polonya-guzelini-alanyada-seciyor#primaryimage"},"thumbnailUrl":"https:\/\/epochtimestr.com\/wp-content\/uploads\/2011y\/polonya.jpg","articleSection":["T\u00dcRK\u0130YE","\u00dcnl\u00fcler"],"inLanguage":"tr","potentialAction":[{"@type":"CommentAction","name":"Comment","target":["https:\/\/epochtimestr.com\/index.php\/polonya-guzelini-alanyada-seciyor#respond"]}]},{"@type":"WebPage","@id":"https:\/\/epochtimestr.com\/index.php\/polonya-guzelini-alanyada-seciyor","url":"https:\/\/epochtimestr.com\/index.php\/polonya-guzelini-alanyada-seciyor","name":"Polonya, G\u00fczelini Alanya\u2019da Se\u00e7iyor - The Epoch Times TR","isPartOf":{"@id":"https:\/\/epochtimestr.com\/#website"},"primaryImageOfPage":{"@id":"https:\/\/epochtimestr.com\/index.php\/polonya-guzelini-alanyada-seciyor#primaryimage"},"image":{"@id":"https:\/\/epochtimestr.com\/index.php\/polonya-guzelini-alanyada-seciyor#primaryimage"},"thumbnailUrl":"https:\/\/epochtimestr.com\/wp-content\/uploads\/2011y\/polonya.jpg","datePublished":"2012-10-02T09:13:25+00:00","dateModified":"2012-10-02T21:01:27+00:00","inLanguage":"tr","potentialAction":[{"@type":"ReadAction","target":["https:\/\/epochtimestr.com\/index.php\/polonya-guzelini-alanyada-seciyor"]}]},{"@type":"ImageObject","inLanguage":"tr","@id":"https:\/\/epochtimestr.com\/index.php\/polonya-guzelini-alanyada-seciyor#primaryimage","url":"https:\/\/epochtimestr.com\/wp-content\/uploads\/2011y\/polonya.jpg","contentUrl":"https:\/\/epochtimestr.com\/wp-content\/uploads\/2011y\/polonya.jpg","width":527,"height":350},{"@type":"WebSite","@id":"https:\/\/epochtimestr.com\/#website","url":"https:\/\/epochtimestr.com\/","name":"The Epoch Times TR","description":"De\u011fi\u015fen D\u00fcnyam\u0131za Taze Bir Bak\u0131\u015f","publisher":{"@id":"https:\/\/epochtimestr.com\/#organization"},"potentialAction":[{"@type":"SearchAction","target":{"@type":"EntryPoint","urlTemplate":"https:\/\/epochtimestr.com\/?s={search_term_string}"},"query-input":"required name=search_term_string"}],"inLanguage":"tr"},{"@type":"Organization","@id":"https:\/\/epochtimestr.com\/#organization","name":"The EpochTimes T\u00fcrkiye","url":"https:\/\/epochtimestr.com\/","logo":{"@type":"ImageObject","inLanguage":"tr","@id":"https:\/\/epochtimestr.com\/#\/schema\/logo\/image\/","url":"https:\/\/epochtimestr.com\/wp-content\/uploads\/2011y\/ET-Logo-YG.jpg","contentUrl":"https:\/\/epochtimestr.com\/wp-content\/uploads\/2011y\/ET-Logo-YG.jpg","width":346,"height":29,"caption":"The EpochTimes T\u00fcrkiye"},"image":{"@id":"https:\/\/epochtimestr.com\/#\/schema\/logo\/image\/"},"sameAs":["https:\/\/www.facebook.com\/theepochtimestr","https:\/\/x.com\/TheEpochTimesTR","https:\/\/www.instagram.com\/epochtimestr"]},{"@type":"Person","@id":"https:\/\/epochtimestr.com\/#\/schema\/person\/bef9adaaadf46533210ca5eaaa548466","name":"S.\u015eener","image":{"@type":"ImageObject","inLanguage":"tr","@id":"https:\/\/epochtimestr.com\/#\/schema\/person\/image\/","url":"https:\/\/secure.gravatar.com\/avatar\/17a8f6795001e76d7c247cf5e3926672?s=96&d=mm&r=g","contentUrl":"https:\/\/secure.gravatar.com\/avatar\/17a8f6795001e76d7c247cf5e3926672?s=96&d=mm&r=g","caption":"S.\u015eener"},"url":"https:\/\/epochtimestr.com\/index.php\/author\/semra"}]}},"_links":{"self":[{"href":"https:\/\/epochtimestr.com\/index.php\/wp-json\/wp\/v2\/posts\/61837"}],"collection":[{"href":"https:\/\/epochtimestr.com\/index.php\/wp-json\/wp\/v2\/posts"}],"about":[{"href":"https:\/\/epochtimestr.com\/index.php\/wp-json\/wp\/v2\/types\/post"}],"author":[{"embeddable":true,"href":"https:\/\/epochtimestr.com\/index.php\/wp-json\/wp\/v2\/users\/14"}],"replies":[{"embeddable":true,"href":"https:\/\/epochtimestr.com\/index.php\/wp-json\/wp\/v2\/comments?post=61837"}],"version-history":[{"count":6,"href":"https:\/\/epochtimestr.com\/index.php\/wp-json\/wp\/v2\/posts\/61837\/revisions"}],"predecessor-version":[{"id":61860,"href":"https:\/\/epochtimestr.com\/index.php\/wp-json\/wp\/v2\/posts\/61837\/revisions\/61860"}],"wp:featuredmedia":[{"embeddable":true,"href":"https:\/\/epochtimestr.com\/index.php\/wp-json\/wp\/v2\/media\/61838"}],"wp:attachment":[{"href":"https:\/\/epochtimestr.com\/index.php\/wp-json\/wp\/v2\/media?parent=61837"}],"wp:term":[{"taxonomy":"category","embeddable":true,"href":"https:\/\/epochtimestr.com\/index.php\/wp-json\/wp\/v2\/categories?post=61837"},{"taxonomy":"post_tag","embeddable":true,"href":"https:\/\/epochtimestr.com\/index.php\/wp-json\/wp\/v2\/tags?post=61837"}],"curies":[{"name":"wp","href":"https:\/\/api.w.org\/{rel}","templated":true}]}}