{"id":63683,"date":"2012-11-22T13:56:16","date_gmt":"2012-11-22T10:56:16","guid":{"rendered":"http:\/\/epochtimestr.com\/?p=63683"},"modified":"2012-11-22T13:59:59","modified_gmt":"2012-11-22T10:59:59","slug":"cemil-ipekciden-affedin-beni","status":"publish","type":"post","link":"https:\/\/epochtimestr.com\/index.php\/cemil-ipekciden-affedin-beni","title":{"rendered":"Cemil \u0130pek\u00e7i&#8217;den &#8220;Affedin Beni&#8221;"},"content":{"rendered":"<figure id=\"attachment_63684\" aria-describedby=\"caption-attachment-63684\" style=\"width: 495px\" class=\"wp-caption aligncenter\"><img loading=\"lazy\" decoding=\"async\" class=\"size-full wp-image-63684\" title=\"A\" src=\"https:\/\/epochtimestr.com\/wp-content\/uploads\/2011y\/20121122AW000009_02.jpg\" alt=\"\" width=\"495\" height=\"330\" srcset=\"https:\/\/epochtimestr.com\/wp-content\/uploads\/2011y\/20121122AW000009_02.jpg 495w, https:\/\/epochtimestr.com\/wp-content\/uploads\/2011y\/20121122AW000009_02-150x100.jpg 150w, https:\/\/epochtimestr.com\/wp-content\/uploads\/2011y\/20121122AW000009_02-300x200.jpg 300w, https:\/\/epochtimestr.com\/wp-content\/uploads\/2011y\/20121122AW000009_02-292x194.jpg 292w\" sizes=\"(max-width: 495px) 100vw, 495px\" \/><figcaption id=\"caption-attachment-63684\" class=\"wp-caption-text\">Cemil \u0130pek\u00e7i kitab\u0131n\u0131 tan\u0131tt\u0131<\/figcaption><\/figure>\n<h4 style=\"text-align: justify;\"><em>\u00dcnl\u00fc modac\u0131 Cemil \u0130pek\u00e7i, hayat\u0131n\u0131 kaleme ald\u0131\u011f\u0131 \u201cAffedin Beni&#8221; isimli kitab\u0131n\u0131 tan\u0131tt\u0131. Ya\u015fad\u0131\u011f\u0131 a\u015fklar\u0131 kaleme almad\u0131\u011f\u0131n\u0131 belirten \u0130pek\u00e7i, \u201cA\u015fk\u0131n kimli\u011fi, cinsiyeti olmaz\u201d dedi.\u00a0<\/em><\/h4>\n<p style=\"text-align: justify;\">Elite World \u0130stanbul Otel\u2019de d\u00fczenlenen toplant\u0131da \u00fcnl\u00fc modac\u0131 Cemil \u0130pek\u00e7i, Destek Yay\u0131nlar\u0131 taraf\u0131ndan \u00e7\u0131kart\u0131lan \u201cAffedin Beni\u201d isimli kitab\u0131n\u0131 tan\u0131tt\u0131.<\/p>\n<p style=\"text-align: justify;\">\u201cHep ayk\u0131r\u0131 bir ki\u015fiydim\u201d diyen \u00fcnl\u00fc modac\u0131, \u00e7ok iyi bir aileye sahip oldu\u011funu belirterek, \u201cBen hep ayk\u0131r\u0131 \u00e7i\u00e7ekleri sevdim. Saks\u0131lara dikilmi\u015f \u00e7i\u00e7ekleri de\u011fil, duvar diplerinde son derece mutlu olan \u00e7i\u00e7ekleri sevdim. \u00c7\u00fcnk\u00fc bana hep h\u00fcrriyeti anlatt\u0131lar. Hayat\u0131ma da zaten 1-0 galip ba\u015flam\u0131\u015f\u0131m. Muhte\u015fem bir anne ve babay\u0131 se\u00e7mi\u015fim. Bana hi\u00e7bir zinciri vurmayan, sadece yalan s\u00f6ylemeyi, en \u00f6nemlisi kendine yalan s\u00f6ylemeyi yasaklayan, onun d\u0131\u015f\u0131nda hi\u00e7bir yasak koymayan bir anne baban\u0131n \u00e7ocu\u011fu oldum\u201d diye konu\u015ftu.<\/p>\n<p>\u0130nsanlar\u0131n kendilerini sevmesi gerekti\u011fini belirten \u00fcnl\u00fc modac\u0131 \u0130pek\u00e7i, \u201cBinlerce y\u00fczy\u0131ldan beri toplumun koydu\u011fu kurallar\u0131 bizler y\u0131kmad\u0131k m\u0131? D\u00fcn\u00fcn do\u011frular\u0131 bug\u00fcn\u00fcn yanl\u0131\u015flar\u0131, d\u00fcn\u00fcn yanl\u0131\u015flar\u0131 bug\u00fcn\u00fcn do\u011frular\u0131. Her varl\u0131\u011f\u0131n bir do\u011frusu var. Birincisi sevgi, kendini sevmek. \u00c7\u00fcnk\u00fc kendini sevmeyen bir insan\u0131, di\u011fer yarat\u0131lan bir \u015feyin sevece\u011fini sanm\u0131yorum. \u0130ki; her neysen oldu\u011fun gibi kabul etmek. \u00dc\u00e7; hayat\u0131n sadece kendin i\u00e7in sen merkezli, ben merkezli oldu\u011funu ama ya\u015fam\u0131n merkezli olmad\u0131\u011f\u0131n\u0131 bilmek. Kendimizin merkeziyiz ama ya\u015fam\u0131n merkezi de\u011filiz. En \u00f6nemlisi kendimizi ya\u015farken, di\u011fer ya\u015fayanlara da sayg\u0131 duymak\u201d dedi.<\/p>\n<p style=\"text-align: justify;\">Ya\u015fad\u0131\u011f\u0131 a\u015fklar\u0131 kaleme almad\u0131\u011f\u0131n\u0131 s\u00f6yleyen \u0130pek\u00e7i, \u201cDuygular\u0131m\u0131 yaz\u0131yorum. Sizler de okudu\u011funuz zaman a\u015fkta cinsiyet olmad\u0131\u011f\u0131n\u0131 g\u00f6receksiniz. A\u015fk\u0131n kimli\u011fi, cinsiyeti yok. A\u015fk sadece gelir ve insano\u011flu da onu ya\u015far. Ya\u015farken de aptalla\u015f\u0131r, sa\u00e7mal\u0131klar da, hatalar da yapar ama \u00f6deyen ki\u015fi kendidir. Ben a\u015fk\u0131 ya\u015famayan ki\u015filere \u00e7ok \u00fcz\u00fcl\u00fcyorum\u201d ifadelerini kulland\u0131.<\/p>\n<p style=\"text-align: justify;\">\u0130pek\u00e7i, \u015fark\u0131 s\u00f6ylemeyi sevdi\u011fini, ilerleyen zamanlarda \u015fark\u0131 s\u00f6ylemek istedi\u011fini de s\u00f6yledi.<\/p>\n<p style=\"text-align: justify;\">Kitab\u0131n\u0131n tan\u0131t\u0131m\u0131n\u0131n ard\u0131ndan \u00fcnl\u00fc modac\u0131, sevenlerine imzalad\u0131\u011f\u0131 kitaplar\u0131 hediye etti.<\/p>\n","protected":false},"excerpt":{"rendered":"<p>\u00dcnl\u00fc modac\u0131 Cemil \u0130pek\u00e7i, hayat\u0131n\u0131 kaleme ald\u0131\u011f\u0131 \u201cAffedin Beni&#8221; isimli kitab\u0131n\u0131 tan\u0131tt\u0131. Ya\u015fad\u0131\u011f\u0131 a\u015fklar\u0131 kaleme almad\u0131\u011f\u0131n\u0131 belirten \u0130pek\u00e7i, \u201cA\u015fk\u0131n kimli\u011fi, cinsiyeti olmaz\u201d dedi.\u00a0 Elite World \u0130stanbul Otel\u2019de d\u00fczenlenen toplant\u0131da \u00fcnl\u00fc modac\u0131 Cemil \u0130pek\u00e7i, Destek Yay\u0131nlar\u0131 taraf\u0131ndan \u00e7\u0131kart\u0131lan \u201cAffedin Beni\u201d isimli kitab\u0131n\u0131 tan\u0131tt\u0131. \u201cHep ayk\u0131r\u0131 bir ki\u015fiydim\u201d diyen \u00fcnl\u00fc modac\u0131, \u00e7ok iyi bir aileye sahip oldu\u011funu [&hellip;]<\/p>\n","protected":false},"author":18,"featured_media":63684,"comment_status":"open","ping_status":"open","sticky":false,"template":"","format":"standard","meta":{"_yoast_wpseo_focuskw":"","_yoast_wpseo_title":"","_yoast_wpseo_metadesc":"","_bbp_topic_count":0,"_bbp_reply_count":0,"_bbp_total_topic_count":0,"_bbp_total_reply_count":0,"_bbp_voice_count":0,"_bbp_anonymous_reply_count":0,"_bbp_topic_count_hidden":0,"_bbp_reply_count_hidden":0,"_bbp_forum_subforum_count":0,"footnotes":"","_yoast_wpseo_focuskw_text_input":""},"categories":[2881],"tags":[],"yoast_head":"<!-- This site is optimized with the Yoast SEO plugin v23.0 - https:\/\/yoast.com\/wordpress\/plugins\/seo\/ -->\n<title>Cemil \u0130pek\u00e7i&#039;den &quot;Affedin Beni&quot; - The Epoch Times TR<\/title>\n<meta name=\"robots\" content=\"index, follow, max-snippet:-1, max-image-preview:large, max-video-preview:-1\" \/>\n<link rel=\"canonical\" href=\"https:\/\/epochtimestr.com\/index.php\/cemil-ipekciden-affedin-beni\" \/>\n<meta property=\"og:locale\" content=\"tr_TR\" \/>\n<meta property=\"og:type\" content=\"article\" \/>\n<meta property=\"og:title\" content=\"Cemil \u0130pek\u00e7i&#039;den &quot;Affedin Beni&quot; - The Epoch Times TR\" \/>\n<meta property=\"og:description\" content=\"\u00dcnl\u00fc modac\u0131 Cemil \u0130pek\u00e7i, hayat\u0131n\u0131 kaleme ald\u0131\u011f\u0131 \u201cAffedin Beni&#8221; isimli kitab\u0131n\u0131 tan\u0131tt\u0131. Ya\u015fad\u0131\u011f\u0131 a\u015fklar\u0131 kaleme almad\u0131\u011f\u0131n\u0131 belirten \u0130pek\u00e7i, \u201cA\u015fk\u0131n kimli\u011fi, cinsiyeti olmaz\u201d dedi.\u00a0 Elite World \u0130stanbul Otel\u2019de d\u00fczenlenen toplant\u0131da \u00fcnl\u00fc modac\u0131 Cemil \u0130pek\u00e7i, Destek Yay\u0131nlar\u0131 taraf\u0131ndan \u00e7\u0131kart\u0131lan \u201cAffedin Beni\u201d isimli kitab\u0131n\u0131 tan\u0131tt\u0131. \u201cHep ayk\u0131r\u0131 bir ki\u015fiydim\u201d diyen \u00fcnl\u00fc modac\u0131, \u00e7ok iyi bir aileye sahip oldu\u011funu [&hellip;]\" \/>\n<meta property=\"og:url\" content=\"https:\/\/epochtimestr.com\/index.php\/cemil-ipekciden-affedin-beni\" \/>\n<meta property=\"og:site_name\" content=\"The Epoch Times TR\" \/>\n<meta property=\"article:publisher\" content=\"https:\/\/www.facebook.com\/theepochtimestr\" \/>\n<meta property=\"article:published_time\" content=\"2012-11-22T10:56:16+00:00\" \/>\n<meta property=\"article:modified_time\" content=\"2012-11-22T10:59:59+00:00\" \/>\n<meta property=\"og:image\" content=\"https:\/\/epochtimestr.com\/wp-content\/uploads\/2011y\/20121122AW000009_02.jpg\" \/>\n\t<meta property=\"og:image:width\" content=\"495\" \/>\n\t<meta property=\"og:image:height\" content=\"330\" \/>\n\t<meta property=\"og:image:type\" content=\"image\/jpeg\" \/>\n<meta name=\"author\" content=\"Nesrin Se\u00e7er\" \/>\n<meta name=\"twitter:card\" content=\"summary_large_image\" \/>\n<meta name=\"twitter:creator\" content=\"@TheEpochTimesTR\" \/>\n<meta name=\"twitter:site\" content=\"@TheEpochTimesTR\" \/>\n<meta name=\"twitter:label1\" content=\"Yazan:\" \/>\n\t<meta name=\"twitter:data1\" content=\"Nesrin Se\u00e7er\" \/>\n\t<meta name=\"twitter:label2\" content=\"Tahmini okuma s\u00fcresi\" \/>\n\t<meta name=\"twitter:data2\" content=\"2 dakika\" \/>\n<script type=\"application\/ld+json\" class=\"yoast-schema-graph\">{\"@context\":\"https:\/\/schema.org\",\"@graph\":[{\"@type\":\"Article\",\"@id\":\"https:\/\/epochtimestr.com\/index.php\/cemil-ipekciden-affedin-beni#article\",\"isPartOf\":{\"@id\":\"https:\/\/epochtimestr.com\/index.php\/cemil-ipekciden-affedin-beni\"},\"author\":{\"name\":\"Nesrin Se\u00e7er\",\"@id\":\"https:\/\/epochtimestr.com\/#\/schema\/person\/9449775713995720d2e8d6af219e3cc3\"},\"headline\":\"Cemil \u0130pek\u00e7i&#8217;den &#8220;Affedin Beni&#8221;\",\"datePublished\":\"2012-11-22T10:56:16+00:00\",\"dateModified\":\"2012-11-22T10:59:59+00:00\",\"mainEntityOfPage\":{\"@id\":\"https:\/\/epochtimestr.com\/index.php\/cemil-ipekciden-affedin-beni\"},\"wordCount\":409,\"commentCount\":0,\"publisher\":{\"@id\":\"https:\/\/epochtimestr.com\/#organization\"},\"image\":{\"@id\":\"https:\/\/epochtimestr.com\/index.php\/cemil-ipekciden-affedin-beni#primaryimage\"},\"thumbnailUrl\":\"https:\/\/epochtimestr.com\/wp-content\/uploads\/2011y\/20121122AW000009_02.jpg\",\"articleSection\":[\"\u00dcnl\u00fcler\"],\"inLanguage\":\"tr\",\"potentialAction\":[{\"@type\":\"CommentAction\",\"name\":\"Comment\",\"target\":[\"https:\/\/epochtimestr.com\/index.php\/cemil-ipekciden-affedin-beni#respond\"]}]},{\"@type\":\"WebPage\",\"@id\":\"https:\/\/epochtimestr.com\/index.php\/cemil-ipekciden-affedin-beni\",\"url\":\"https:\/\/epochtimestr.com\/index.php\/cemil-ipekciden-affedin-beni\",\"name\":\"Cemil \u0130pek\u00e7i'den \\\"Affedin Beni\\\" - The Epoch Times TR\",\"isPartOf\":{\"@id\":\"https:\/\/epochtimestr.com\/#website\"},\"primaryImageOfPage\":{\"@id\":\"https:\/\/epochtimestr.com\/index.php\/cemil-ipekciden-affedin-beni#primaryimage\"},\"image\":{\"@id\":\"https:\/\/epochtimestr.com\/index.php\/cemil-ipekciden-affedin-beni#primaryimage\"},\"thumbnailUrl\":\"https:\/\/epochtimestr.com\/wp-content\/uploads\/2011y\/20121122AW000009_02.jpg\",\"datePublished\":\"2012-11-22T10:56:16+00:00\",\"dateModified\":\"2012-11-22T10:59:59+00:00\",\"inLanguage\":\"tr\",\"potentialAction\":[{\"@type\":\"ReadAction\",\"target\":[\"https:\/\/epochtimestr.com\/index.php\/cemil-ipekciden-affedin-beni\"]}]},{\"@type\":\"ImageObject\",\"inLanguage\":\"tr\",\"@id\":\"https:\/\/epochtimestr.com\/index.php\/cemil-ipekciden-affedin-beni#primaryimage\",\"url\":\"https:\/\/epochtimestr.com\/wp-content\/uploads\/2011y\/20121122AW000009_02.jpg\",\"contentUrl\":\"https:\/\/epochtimestr.com\/wp-content\/uploads\/2011y\/20121122AW000009_02.jpg\",\"width\":495,\"height\":330,\"caption\":\"Cemil \u0130pek\u00e7i kitab\u0131n\u0131 tan\u0131tt\u0131\"},{\"@type\":\"WebSite\",\"@id\":\"https:\/\/epochtimestr.com\/#website\",\"url\":\"https:\/\/epochtimestr.com\/\",\"name\":\"The Epoch Times TR\",\"description\":\"De\u011fi\u015fen D\u00fcnyam\u0131za Taze Bir Bak\u0131\u015f\",\"publisher\":{\"@id\":\"https:\/\/epochtimestr.com\/#organization\"},\"potentialAction\":[{\"@type\":\"SearchAction\",\"target\":{\"@type\":\"EntryPoint\",\"urlTemplate\":\"https:\/\/epochtimestr.com\/?s={search_term_string}\"},\"query-input\":\"required name=search_term_string\"}],\"inLanguage\":\"tr\"},{\"@type\":\"Organization\",\"@id\":\"https:\/\/epochtimestr.com\/#organization\",\"name\":\"The EpochTimes T\u00fcrkiye\",\"url\":\"https:\/\/epochtimestr.com\/\",\"logo\":{\"@type\":\"ImageObject\",\"inLanguage\":\"tr\",\"@id\":\"https:\/\/epochtimestr.com\/#\/schema\/logo\/image\/\",\"url\":\"https:\/\/epochtimestr.com\/wp-content\/uploads\/2011y\/ET-Logo-YG.jpg\",\"contentUrl\":\"https:\/\/epochtimestr.com\/wp-content\/uploads\/2011y\/ET-Logo-YG.jpg\",\"width\":346,\"height\":29,\"caption\":\"The EpochTimes T\u00fcrkiye\"},\"image\":{\"@id\":\"https:\/\/epochtimestr.com\/#\/schema\/logo\/image\/\"},\"sameAs\":[\"https:\/\/www.facebook.com\/theepochtimestr\",\"https:\/\/x.com\/TheEpochTimesTR\",\"https:\/\/www.instagram.com\/epochtimestr\"]},{\"@type\":\"Person\",\"@id\":\"https:\/\/epochtimestr.com\/#\/schema\/person\/9449775713995720d2e8d6af219e3cc3\",\"name\":\"Nesrin Se\u00e7er\",\"image\":{\"@type\":\"ImageObject\",\"inLanguage\":\"tr\",\"@id\":\"https:\/\/epochtimestr.com\/#\/schema\/person\/image\/\",\"url\":\"https:\/\/secure.gravatar.com\/avatar\/9e76ddf1406df7ae1827116f0007ff40?s=96&d=mm&r=g\",\"contentUrl\":\"https:\/\/secure.gravatar.com\/avatar\/9e76ddf1406df7ae1827116f0007ff40?s=96&d=mm&r=g\",\"caption\":\"Nesrin Se\u00e7er\"},\"url\":\"https:\/\/epochtimestr.com\/index.php\/author\/nesrin\"}]}<\/script>\n<!-- \/ Yoast SEO plugin. -->","yoast_head_json":{"title":"Cemil \u0130pek\u00e7i'den \"Affedin Beni\" - The Epoch Times TR","robots":{"index":"index","follow":"follow","max-snippet":"max-snippet:-1","max-image-preview":"max-image-preview:large","max-video-preview":"max-video-preview:-1"},"canonical":"https:\/\/epochtimestr.com\/index.php\/cemil-ipekciden-affedin-beni","og_locale":"tr_TR","og_type":"article","og_title":"Cemil \u0130pek\u00e7i'den \"Affedin Beni\" - The Epoch Times TR","og_description":"\u00dcnl\u00fc modac\u0131 Cemil \u0130pek\u00e7i, hayat\u0131n\u0131 kaleme ald\u0131\u011f\u0131 \u201cAffedin Beni&#8221; isimli kitab\u0131n\u0131 tan\u0131tt\u0131. Ya\u015fad\u0131\u011f\u0131 a\u015fklar\u0131 kaleme almad\u0131\u011f\u0131n\u0131 belirten \u0130pek\u00e7i, \u201cA\u015fk\u0131n kimli\u011fi, cinsiyeti olmaz\u201d dedi.\u00a0 Elite World \u0130stanbul Otel\u2019de d\u00fczenlenen toplant\u0131da \u00fcnl\u00fc modac\u0131 Cemil \u0130pek\u00e7i, Destek Yay\u0131nlar\u0131 taraf\u0131ndan \u00e7\u0131kart\u0131lan \u201cAffedin Beni\u201d isimli kitab\u0131n\u0131 tan\u0131tt\u0131. \u201cHep ayk\u0131r\u0131 bir ki\u015fiydim\u201d diyen \u00fcnl\u00fc modac\u0131, \u00e7ok iyi bir aileye sahip oldu\u011funu [&hellip;]","og_url":"https:\/\/epochtimestr.com\/index.php\/cemil-ipekciden-affedin-beni","og_site_name":"The Epoch Times TR","article_publisher":"https:\/\/www.facebook.com\/theepochtimestr","article_published_time":"2012-11-22T10:56:16+00:00","article_modified_time":"2012-11-22T10:59:59+00:00","og_image":[{"width":495,"height":330,"url":"https:\/\/epochtimestr.com\/wp-content\/uploads\/2011y\/20121122AW000009_02.jpg","type":"image\/jpeg"}],"author":"Nesrin Se\u00e7er","twitter_card":"summary_large_image","twitter_creator":"@TheEpochTimesTR","twitter_site":"@TheEpochTimesTR","twitter_misc":{"Yazan:":"Nesrin Se\u00e7er","Tahmini okuma s\u00fcresi":"2 dakika"},"schema":{"@context":"https:\/\/schema.org","@graph":[{"@type":"Article","@id":"https:\/\/epochtimestr.com\/index.php\/cemil-ipekciden-affedin-beni#article","isPartOf":{"@id":"https:\/\/epochtimestr.com\/index.php\/cemil-ipekciden-affedin-beni"},"author":{"name":"Nesrin Se\u00e7er","@id":"https:\/\/epochtimestr.com\/#\/schema\/person\/9449775713995720d2e8d6af219e3cc3"},"headline":"Cemil \u0130pek\u00e7i&#8217;den &#8220;Affedin Beni&#8221;","datePublished":"2012-11-22T10:56:16+00:00","dateModified":"2012-11-22T10:59:59+00:00","mainEntityOfPage":{"@id":"https:\/\/epochtimestr.com\/index.php\/cemil-ipekciden-affedin-beni"},"wordCount":409,"commentCount":0,"publisher":{"@id":"https:\/\/epochtimestr.com\/#organization"},"image":{"@id":"https:\/\/epochtimestr.com\/index.php\/cemil-ipekciden-affedin-beni#primaryimage"},"thumbnailUrl":"https:\/\/epochtimestr.com\/wp-content\/uploads\/2011y\/20121122AW000009_02.jpg","articleSection":["\u00dcnl\u00fcler"],"inLanguage":"tr","potentialAction":[{"@type":"CommentAction","name":"Comment","target":["https:\/\/epochtimestr.com\/index.php\/cemil-ipekciden-affedin-beni#respond"]}]},{"@type":"WebPage","@id":"https:\/\/epochtimestr.com\/index.php\/cemil-ipekciden-affedin-beni","url":"https:\/\/epochtimestr.com\/index.php\/cemil-ipekciden-affedin-beni","name":"Cemil \u0130pek\u00e7i'den \"Affedin Beni\" - The Epoch Times TR","isPartOf":{"@id":"https:\/\/epochtimestr.com\/#website"},"primaryImageOfPage":{"@id":"https:\/\/epochtimestr.com\/index.php\/cemil-ipekciden-affedin-beni#primaryimage"},"image":{"@id":"https:\/\/epochtimestr.com\/index.php\/cemil-ipekciden-affedin-beni#primaryimage"},"thumbnailUrl":"https:\/\/epochtimestr.com\/wp-content\/uploads\/2011y\/20121122AW000009_02.jpg","datePublished":"2012-11-22T10:56:16+00:00","dateModified":"2012-11-22T10:59:59+00:00","inLanguage":"tr","potentialAction":[{"@type":"ReadAction","target":["https:\/\/epochtimestr.com\/index.php\/cemil-ipekciden-affedin-beni"]}]},{"@type":"ImageObject","inLanguage":"tr","@id":"https:\/\/epochtimestr.com\/index.php\/cemil-ipekciden-affedin-beni#primaryimage","url":"https:\/\/epochtimestr.com\/wp-content\/uploads\/2011y\/20121122AW000009_02.jpg","contentUrl":"https:\/\/epochtimestr.com\/wp-content\/uploads\/2011y\/20121122AW000009_02.jpg","width":495,"height":330,"caption":"Cemil \u0130pek\u00e7i kitab\u0131n\u0131 tan\u0131tt\u0131"},{"@type":"WebSite","@id":"https:\/\/epochtimestr.com\/#website","url":"https:\/\/epochtimestr.com\/","name":"The Epoch Times TR","description":"De\u011fi\u015fen D\u00fcnyam\u0131za Taze Bir Bak\u0131\u015f","publisher":{"@id":"https:\/\/epochtimestr.com\/#organization"},"potentialAction":[{"@type":"SearchAction","target":{"@type":"EntryPoint","urlTemplate":"https:\/\/epochtimestr.com\/?s={search_term_string}"},"query-input":"required name=search_term_string"}],"inLanguage":"tr"},{"@type":"Organization","@id":"https:\/\/epochtimestr.com\/#organization","name":"The EpochTimes T\u00fcrkiye","url":"https:\/\/epochtimestr.com\/","logo":{"@type":"ImageObject","inLanguage":"tr","@id":"https:\/\/epochtimestr.com\/#\/schema\/logo\/image\/","url":"https:\/\/epochtimestr.com\/wp-content\/uploads\/2011y\/ET-Logo-YG.jpg","contentUrl":"https:\/\/epochtimestr.com\/wp-content\/uploads\/2011y\/ET-Logo-YG.jpg","width":346,"height":29,"caption":"The EpochTimes T\u00fcrkiye"},"image":{"@id":"https:\/\/epochtimestr.com\/#\/schema\/logo\/image\/"},"sameAs":["https:\/\/www.facebook.com\/theepochtimestr","https:\/\/x.com\/TheEpochTimesTR","https:\/\/www.instagram.com\/epochtimestr"]},{"@type":"Person","@id":"https:\/\/epochtimestr.com\/#\/schema\/person\/9449775713995720d2e8d6af219e3cc3","name":"Nesrin Se\u00e7er","image":{"@type":"ImageObject","inLanguage":"tr","@id":"https:\/\/epochtimestr.com\/#\/schema\/person\/image\/","url":"https:\/\/secure.gravatar.com\/avatar\/9e76ddf1406df7ae1827116f0007ff40?s=96&d=mm&r=g","contentUrl":"https:\/\/secure.gravatar.com\/avatar\/9e76ddf1406df7ae1827116f0007ff40?s=96&d=mm&r=g","caption":"Nesrin Se\u00e7er"},"url":"https:\/\/epochtimestr.com\/index.php\/author\/nesrin"}]}},"_links":{"self":[{"href":"https:\/\/epochtimestr.com\/index.php\/wp-json\/wp\/v2\/posts\/63683"}],"collection":[{"href":"https:\/\/epochtimestr.com\/index.php\/wp-json\/wp\/v2\/posts"}],"about":[{"href":"https:\/\/epochtimestr.com\/index.php\/wp-json\/wp\/v2\/types\/post"}],"author":[{"embeddable":true,"href":"https:\/\/epochtimestr.com\/index.php\/wp-json\/wp\/v2\/users\/18"}],"replies":[{"embeddable":true,"href":"https:\/\/epochtimestr.com\/index.php\/wp-json\/wp\/v2\/comments?post=63683"}],"version-history":[{"count":3,"href":"https:\/\/epochtimestr.com\/index.php\/wp-json\/wp\/v2\/posts\/63683\/revisions"}],"predecessor-version":[{"id":63686,"href":"https:\/\/epochtimestr.com\/index.php\/wp-json\/wp\/v2\/posts\/63683\/revisions\/63686"}],"wp:featuredmedia":[{"embeddable":true,"href":"https:\/\/epochtimestr.com\/index.php\/wp-json\/wp\/v2\/media\/63684"}],"wp:attachment":[{"href":"https:\/\/epochtimestr.com\/index.php\/wp-json\/wp\/v2\/media?parent=63683"}],"wp:term":[{"taxonomy":"category","embeddable":true,"href":"https:\/\/epochtimestr.com\/index.php\/wp-json\/wp\/v2\/categories?post=63683"},{"taxonomy":"post_tag","embeddable":true,"href":"https:\/\/epochtimestr.com\/index.php\/wp-json\/wp\/v2\/tags?post=63683"}],"curies":[{"name":"wp","href":"https:\/\/api.w.org\/{rel}","templated":true}]}}