{"id":69189,"date":"2013-05-03T14:48:41","date_gmt":"2013-05-03T11:48:41","guid":{"rendered":"http:\/\/epochtimestr.com\/?p=69189"},"modified":"2013-05-03T14:48:41","modified_gmt":"2013-05-03T11:48:41","slug":"buttonun-suikast-davasindaki-savci-sokak-ortasinda-olduruldu","status":"publish","type":"post","link":"https:\/\/epochtimestr.com\/index.php\/buttonun-suikast-davasindaki-savci-sokak-ortasinda-olduruldu","title":{"rendered":"Butto\u2019nun Suikast Davas\u0131na Bakan Savc\u0131 Sokak Ortas\u0131nda \u00d6ld\u00fcr\u00fcld\u00fc"},"content":{"rendered":"<figure id=\"attachment_69191\" aria-describedby=\"caption-attachment-69191\" style=\"width: 496px\" class=\"wp-caption aligncenter\"><a href=\"https:\/\/epochtimestr.com\/index.php\/buttonun-suikast-davasindaki-savci-sokak-ortasinda-olduruldu\/benazir-butto\" rel=\"attachment wp-att-69191\"><img loading=\"lazy\" decoding=\"async\" class=\"size-full wp-image-69191\" alt=\"benazir butto\" src=\"https:\/\/epochtimestr.com\/wp-content\/uploads\/2011y\/benazir-butto.jpg\" width=\"496\" height=\"333\" srcset=\"https:\/\/epochtimestr.com\/wp-content\/uploads\/2011y\/benazir-butto.jpg 496w, https:\/\/epochtimestr.com\/wp-content\/uploads\/2011y\/benazir-butto-150x100.jpg 150w, https:\/\/epochtimestr.com\/wp-content\/uploads\/2011y\/benazir-butto-300x201.jpg 300w, https:\/\/epochtimestr.com\/wp-content\/uploads\/2011y\/benazir-butto-292x196.jpg 292w\" sizes=\"(max-width: 496px) 100vw, 496px\" \/><\/a><figcaption id=\"caption-attachment-69191\" class=\"wp-caption-text\">Benazir Butto (1988)<\/figcaption><\/figure>\n<p style=\"text-align: justify;\">Pakistan\u2019\u0131n ba\u015fkentinde, eski ba\u015fbakan Benazir Butto\u2019nun \u00f6ld\u00fcr\u00fclmesi ile ilgili davaya bakan devlet savc\u0131s\u0131 \u00c7adri Z\u00fclfikar Ali sokak ortas\u0131nda silahl\u0131 ki\u015filer taraf\u0131ndan \u00f6ld\u00fcr\u00fcld\u00fc.<\/p>\n<p style=\"text-align: justify;\">Benazir Butto, 2007&#8217;de Rawalpindi&#8217;deki se\u00e7im mitingi s\u0131ras\u0131nda 15 ya\u015f\u0131ndaki bir \u00e7ocuk taraf\u0131ndan \u00f6ld\u00fcr\u00fclm\u00fc\u015ft\u00fc. Suikast\u0131n arkas\u0131nda kimlerin buldu\u011fu belirlenememi\u015fti. 2010&#8217;da BM ara\u015ft\u0131rma komisyonu taraf\u0131ndan haz\u0131rlanan raporda, Pakistan ordusunda g\u00f6revli subaylar\u0131n da davaya dahil edilebilece\u011fi belirtilmi\u015fti.<\/p>\n<p style=\"text-align: justify;\">\u0130ddialara g\u00f6re, eski ba\u015fbakan Butto\u2019yu, eski askeri diktat\u00f6r M\u00fc\u015ferref&#8217;in m\u00fcttefikleri taraf\u0131ndan iktidara gelmemesi i\u00e7in kurulan bir komplo s\u0131ras\u0131nda \u00f6ld\u00fcr\u00fcld\u00fc\u011f\u00fc s\u00f6yleniyor. Ayr\u0131ca Butto\u2019nun suikast\u0131nda M\u00fc\u015f\u015ferref\u2019in rol\u00fc oldu\u011funa dair bir soru\u015fturma a\u00e7\u0131lm\u0131\u015f.<\/p>\n<p style=\"text-align: justify;\">\u00c7adri Z\u00fclfikar Ali\u2019nin \u00f6ld\u00fcr\u00fclmesi ile ilgili yerel polis, kimli\u011fi belirlenmeyen bir ki\u015finin savc\u0131n\u0131n arabas\u0131n\u0131 durdurdu\u011funu ve ate\u015f ederek savc\u0131y\u0131 \u00f6ld\u00fcrd\u00fc\u011f\u00fcn\u00fc belirtti.<\/p>\n<p style=\"text-align: justify;\">Polis, motosikletli sald\u0131rganlar\u0131n arac\u0131 kur\u015fun ya\u011fmuruna tuttuklar\u0131n\u0131 belirterek, &#8220;Sald\u0131rganlar\u0131n kimli\u011fini bilmiyoruz. 12 el ate\u015f a\u00e7\u0131lm\u0131\u015f&#8221; dedi.<\/p>\n<p style=\"text-align: justify;\">Sald\u0131r\u0131da hayat\u0131n\u0131 kaybeden Z\u00fclfikar, Mumbai&#8217;de 2008&#8217;de, 166 ki\u015finin \u00f6l\u00fcm\u00fcyle sonu\u00e7lanan ter\u00f6r sald\u0131r\u0131lar\u0131na ili\u015fkin davay\u0131 da soru\u015fturuyordu.<\/p>\n","protected":false},"excerpt":{"rendered":"<p>Pakistan\u2019\u0131n ba\u015fkentinde, eski ba\u015fbakan Benazir Butto\u2019nun \u00f6ld\u00fcr\u00fclmesi ile ilgili davaya bakan devlet savc\u0131s\u0131 \u00c7adri Z\u00fclfikar Ali sokak ortas\u0131nda silahl\u0131 ki\u015filer taraf\u0131ndan \u00f6ld\u00fcr\u00fcld\u00fc. Benazir Butto, 2007&#8217;de Rawalpindi&#8217;deki se\u00e7im mitingi s\u0131ras\u0131nda 15 ya\u015f\u0131ndaki bir \u00e7ocuk taraf\u0131ndan \u00f6ld\u00fcr\u00fclm\u00fc\u015ft\u00fc. Suikast\u0131n arkas\u0131nda kimlerin buldu\u011fu belirlenememi\u015fti. 2010&#8217;da BM ara\u015ft\u0131rma komisyonu taraf\u0131ndan haz\u0131rlanan raporda, Pakistan ordusunda g\u00f6revli subaylar\u0131n da davaya dahil edilebilece\u011fi [&hellip;]<\/p>\n","protected":false},"author":8,"featured_media":69191,"comment_status":"open","ping_status":"open","sticky":false,"template":"","format":"standard","meta":{"_yoast_wpseo_focuskw":"","_yoast_wpseo_title":"","_yoast_wpseo_metadesc":"","_bbp_topic_count":0,"_bbp_reply_count":0,"_bbp_total_topic_count":0,"_bbp_total_reply_count":0,"_bbp_voice_count":0,"_bbp_anonymous_reply_count":0,"_bbp_topic_count_hidden":0,"_bbp_reply_count_hidden":0,"_bbp_forum_subforum_count":0,"footnotes":"","_yoast_wpseo_focuskw_text_input":""},"categories":[60],"tags":[],"yoast_head":"<!-- This site is optimized with the Yoast SEO plugin v23.0 - https:\/\/yoast.com\/wordpress\/plugins\/seo\/ -->\n<title>Butto\u2019nun Suikast Davas\u0131na Bakan Savc\u0131 Sokak Ortas\u0131nda \u00d6ld\u00fcr\u00fcld\u00fc  - The Epoch Times TR<\/title>\n<meta name=\"robots\" content=\"index, follow, max-snippet:-1, max-image-preview:large, max-video-preview:-1\" \/>\n<link rel=\"canonical\" href=\"https:\/\/epochtimestr.com\/index.php\/buttonun-suikast-davasindaki-savci-sokak-ortasinda-olduruldu\" \/>\n<meta property=\"og:locale\" content=\"tr_TR\" \/>\n<meta property=\"og:type\" content=\"article\" \/>\n<meta property=\"og:title\" content=\"Butto\u2019nun Suikast Davas\u0131na Bakan Savc\u0131 Sokak Ortas\u0131nda \u00d6ld\u00fcr\u00fcld\u00fc  - The Epoch Times TR\" \/>\n<meta property=\"og:description\" content=\"Pakistan\u2019\u0131n ba\u015fkentinde, eski ba\u015fbakan Benazir Butto\u2019nun \u00f6ld\u00fcr\u00fclmesi ile ilgili davaya bakan devlet savc\u0131s\u0131 \u00c7adri Z\u00fclfikar Ali sokak ortas\u0131nda silahl\u0131 ki\u015filer taraf\u0131ndan \u00f6ld\u00fcr\u00fcld\u00fc. Benazir Butto, 2007&#8217;de Rawalpindi&#8217;deki se\u00e7im mitingi s\u0131ras\u0131nda 15 ya\u015f\u0131ndaki bir \u00e7ocuk taraf\u0131ndan \u00f6ld\u00fcr\u00fclm\u00fc\u015ft\u00fc. Suikast\u0131n arkas\u0131nda kimlerin buldu\u011fu belirlenememi\u015fti. 2010&#8217;da BM ara\u015ft\u0131rma komisyonu taraf\u0131ndan haz\u0131rlanan raporda, Pakistan ordusunda g\u00f6revli subaylar\u0131n da davaya dahil edilebilece\u011fi [&hellip;]\" \/>\n<meta property=\"og:url\" content=\"https:\/\/epochtimestr.com\/index.php\/buttonun-suikast-davasindaki-savci-sokak-ortasinda-olduruldu\" \/>\n<meta property=\"og:site_name\" content=\"The Epoch Times TR\" \/>\n<meta property=\"article:publisher\" content=\"https:\/\/www.facebook.com\/theepochtimestr\" \/>\n<meta property=\"article:published_time\" content=\"2013-05-03T11:48:41+00:00\" \/>\n<meta property=\"og:image\" content=\"https:\/\/epochtimestr.com\/wp-content\/uploads\/2011y\/benazir-butto.jpg\" \/>\n\t<meta property=\"og:image:width\" content=\"496\" \/>\n\t<meta property=\"og:image:height\" content=\"333\" \/>\n\t<meta property=\"og:image:type\" content=\"image\/jpeg\" \/>\n<meta name=\"author\" content=\"\u00c7.Akdeniz\" \/>\n<meta name=\"twitter:card\" content=\"summary_large_image\" \/>\n<meta name=\"twitter:creator\" content=\"@TheEpochTimesTR\" \/>\n<meta name=\"twitter:site\" content=\"@TheEpochTimesTR\" \/>\n<meta name=\"twitter:label1\" content=\"Yazan:\" \/>\n\t<meta name=\"twitter:data1\" content=\"\u00c7.Akdeniz\" \/>\n\t<meta name=\"twitter:label2\" content=\"Tahmini okuma s\u00fcresi\" \/>\n\t<meta name=\"twitter:data2\" content=\"1 dakika\" \/>\n<script type=\"application\/ld+json\" class=\"yoast-schema-graph\">{\"@context\":\"https:\/\/schema.org\",\"@graph\":[{\"@type\":\"Article\",\"@id\":\"https:\/\/epochtimestr.com\/index.php\/buttonun-suikast-davasindaki-savci-sokak-ortasinda-olduruldu#article\",\"isPartOf\":{\"@id\":\"https:\/\/epochtimestr.com\/index.php\/buttonun-suikast-davasindaki-savci-sokak-ortasinda-olduruldu\"},\"author\":{\"name\":\"\u00c7.Akdeniz\",\"@id\":\"https:\/\/epochtimestr.com\/#\/schema\/person\/ad3c7e36a1529b9c57da1df4cd370bdf\"},\"headline\":\"Butto\u2019nun Suikast Davas\u0131na Bakan Savc\u0131 Sokak Ortas\u0131nda \u00d6ld\u00fcr\u00fcld\u00fc\",\"datePublished\":\"2013-05-03T11:48:41+00:00\",\"dateModified\":\"2013-05-03T11:48:41+00:00\",\"mainEntityOfPage\":{\"@id\":\"https:\/\/epochtimestr.com\/index.php\/buttonun-suikast-davasindaki-savci-sokak-ortasinda-olduruldu\"},\"wordCount\":248,\"commentCount\":0,\"publisher\":{\"@id\":\"https:\/\/epochtimestr.com\/#organization\"},\"image\":{\"@id\":\"https:\/\/epochtimestr.com\/index.php\/buttonun-suikast-davasindaki-savci-sokak-ortasinda-olduruldu#primaryimage\"},\"thumbnailUrl\":\"https:\/\/epochtimestr.com\/wp-content\/uploads\/2011y\/benazir-butto.jpg\",\"articleSection\":[\"Taslak'da b\u0131rak\"],\"inLanguage\":\"tr\",\"potentialAction\":[{\"@type\":\"CommentAction\",\"name\":\"Comment\",\"target\":[\"https:\/\/epochtimestr.com\/index.php\/buttonun-suikast-davasindaki-savci-sokak-ortasinda-olduruldu#respond\"]}]},{\"@type\":\"WebPage\",\"@id\":\"https:\/\/epochtimestr.com\/index.php\/buttonun-suikast-davasindaki-savci-sokak-ortasinda-olduruldu\",\"url\":\"https:\/\/epochtimestr.com\/index.php\/buttonun-suikast-davasindaki-savci-sokak-ortasinda-olduruldu\",\"name\":\"Butto\u2019nun Suikast Davas\u0131na Bakan Savc\u0131 Sokak Ortas\u0131nda \u00d6ld\u00fcr\u00fcld\u00fc - The Epoch Times TR\",\"isPartOf\":{\"@id\":\"https:\/\/epochtimestr.com\/#website\"},\"primaryImageOfPage\":{\"@id\":\"https:\/\/epochtimestr.com\/index.php\/buttonun-suikast-davasindaki-savci-sokak-ortasinda-olduruldu#primaryimage\"},\"image\":{\"@id\":\"https:\/\/epochtimestr.com\/index.php\/buttonun-suikast-davasindaki-savci-sokak-ortasinda-olduruldu#primaryimage\"},\"thumbnailUrl\":\"https:\/\/epochtimestr.com\/wp-content\/uploads\/2011y\/benazir-butto.jpg\",\"datePublished\":\"2013-05-03T11:48:41+00:00\",\"dateModified\":\"2013-05-03T11:48:41+00:00\",\"inLanguage\":\"tr\",\"potentialAction\":[{\"@type\":\"ReadAction\",\"target\":[\"https:\/\/epochtimestr.com\/index.php\/buttonun-suikast-davasindaki-savci-sokak-ortasinda-olduruldu\"]}]},{\"@type\":\"ImageObject\",\"inLanguage\":\"tr\",\"@id\":\"https:\/\/epochtimestr.com\/index.php\/buttonun-suikast-davasindaki-savci-sokak-ortasinda-olduruldu#primaryimage\",\"url\":\"https:\/\/epochtimestr.com\/wp-content\/uploads\/2011y\/benazir-butto.jpg\",\"contentUrl\":\"https:\/\/epochtimestr.com\/wp-content\/uploads\/2011y\/benazir-butto.jpg\",\"width\":496,\"height\":333},{\"@type\":\"WebSite\",\"@id\":\"https:\/\/epochtimestr.com\/#website\",\"url\":\"https:\/\/epochtimestr.com\/\",\"name\":\"The Epoch Times TR\",\"description\":\"De\u011fi\u015fen D\u00fcnyam\u0131za Taze Bir Bak\u0131\u015f\",\"publisher\":{\"@id\":\"https:\/\/epochtimestr.com\/#organization\"},\"potentialAction\":[{\"@type\":\"SearchAction\",\"target\":{\"@type\":\"EntryPoint\",\"urlTemplate\":\"https:\/\/epochtimestr.com\/?s={search_term_string}\"},\"query-input\":\"required name=search_term_string\"}],\"inLanguage\":\"tr\"},{\"@type\":\"Organization\",\"@id\":\"https:\/\/epochtimestr.com\/#organization\",\"name\":\"The EpochTimes T\u00fcrkiye\",\"url\":\"https:\/\/epochtimestr.com\/\",\"logo\":{\"@type\":\"ImageObject\",\"inLanguage\":\"tr\",\"@id\":\"https:\/\/epochtimestr.com\/#\/schema\/logo\/image\/\",\"url\":\"https:\/\/epochtimestr.com\/wp-content\/uploads\/2011y\/ET-Logo-YG.jpg\",\"contentUrl\":\"https:\/\/epochtimestr.com\/wp-content\/uploads\/2011y\/ET-Logo-YG.jpg\",\"width\":346,\"height\":29,\"caption\":\"The EpochTimes T\u00fcrkiye\"},\"image\":{\"@id\":\"https:\/\/epochtimestr.com\/#\/schema\/logo\/image\/\"},\"sameAs\":[\"https:\/\/www.facebook.com\/theepochtimestr\",\"https:\/\/x.com\/TheEpochTimesTR\",\"https:\/\/www.instagram.com\/epochtimestr\"]},{\"@type\":\"Person\",\"@id\":\"https:\/\/epochtimestr.com\/#\/schema\/person\/ad3c7e36a1529b9c57da1df4cd370bdf\",\"name\":\"\u00c7.Akdeniz\",\"image\":{\"@type\":\"ImageObject\",\"inLanguage\":\"tr\",\"@id\":\"https:\/\/epochtimestr.com\/#\/schema\/person\/image\/\",\"url\":\"https:\/\/secure.gravatar.com\/avatar\/2b3f874d48422cdeb494d68621025c2b?s=96&d=mm&r=g\",\"contentUrl\":\"https:\/\/secure.gravatar.com\/avatar\/2b3f874d48422cdeb494d68621025c2b?s=96&d=mm&r=g\",\"caption\":\"\u00c7.Akdeniz\"},\"url\":\"https:\/\/epochtimestr.com\/index.php\/author\/cigdem\"}]}<\/script>\n<!-- \/ Yoast SEO plugin. -->","yoast_head_json":{"title":"Butto\u2019nun Suikast Davas\u0131na Bakan Savc\u0131 Sokak Ortas\u0131nda \u00d6ld\u00fcr\u00fcld\u00fc  - The Epoch Times TR","robots":{"index":"index","follow":"follow","max-snippet":"max-snippet:-1","max-image-preview":"max-image-preview:large","max-video-preview":"max-video-preview:-1"},"canonical":"https:\/\/epochtimestr.com\/index.php\/buttonun-suikast-davasindaki-savci-sokak-ortasinda-olduruldu","og_locale":"tr_TR","og_type":"article","og_title":"Butto\u2019nun Suikast Davas\u0131na Bakan Savc\u0131 Sokak Ortas\u0131nda \u00d6ld\u00fcr\u00fcld\u00fc  - The Epoch Times TR","og_description":"Pakistan\u2019\u0131n ba\u015fkentinde, eski ba\u015fbakan Benazir Butto\u2019nun \u00f6ld\u00fcr\u00fclmesi ile ilgili davaya bakan devlet savc\u0131s\u0131 \u00c7adri Z\u00fclfikar Ali sokak ortas\u0131nda silahl\u0131 ki\u015filer taraf\u0131ndan \u00f6ld\u00fcr\u00fcld\u00fc. Benazir Butto, 2007&#8217;de Rawalpindi&#8217;deki se\u00e7im mitingi s\u0131ras\u0131nda 15 ya\u015f\u0131ndaki bir \u00e7ocuk taraf\u0131ndan \u00f6ld\u00fcr\u00fclm\u00fc\u015ft\u00fc. Suikast\u0131n arkas\u0131nda kimlerin buldu\u011fu belirlenememi\u015fti. 2010&#8217;da BM ara\u015ft\u0131rma komisyonu taraf\u0131ndan haz\u0131rlanan raporda, Pakistan ordusunda g\u00f6revli subaylar\u0131n da davaya dahil edilebilece\u011fi [&hellip;]","og_url":"https:\/\/epochtimestr.com\/index.php\/buttonun-suikast-davasindaki-savci-sokak-ortasinda-olduruldu","og_site_name":"The Epoch Times TR","article_publisher":"https:\/\/www.facebook.com\/theepochtimestr","article_published_time":"2013-05-03T11:48:41+00:00","og_image":[{"width":496,"height":333,"url":"https:\/\/epochtimestr.com\/wp-content\/uploads\/2011y\/benazir-butto.jpg","type":"image\/jpeg"}],"author":"\u00c7.Akdeniz","twitter_card":"summary_large_image","twitter_creator":"@TheEpochTimesTR","twitter_site":"@TheEpochTimesTR","twitter_misc":{"Yazan:":"\u00c7.Akdeniz","Tahmini okuma s\u00fcresi":"1 dakika"},"schema":{"@context":"https:\/\/schema.org","@graph":[{"@type":"Article","@id":"https:\/\/epochtimestr.com\/index.php\/buttonun-suikast-davasindaki-savci-sokak-ortasinda-olduruldu#article","isPartOf":{"@id":"https:\/\/epochtimestr.com\/index.php\/buttonun-suikast-davasindaki-savci-sokak-ortasinda-olduruldu"},"author":{"name":"\u00c7.Akdeniz","@id":"https:\/\/epochtimestr.com\/#\/schema\/person\/ad3c7e36a1529b9c57da1df4cd370bdf"},"headline":"Butto\u2019nun Suikast Davas\u0131na Bakan Savc\u0131 Sokak Ortas\u0131nda \u00d6ld\u00fcr\u00fcld\u00fc","datePublished":"2013-05-03T11:48:41+00:00","dateModified":"2013-05-03T11:48:41+00:00","mainEntityOfPage":{"@id":"https:\/\/epochtimestr.com\/index.php\/buttonun-suikast-davasindaki-savci-sokak-ortasinda-olduruldu"},"wordCount":248,"commentCount":0,"publisher":{"@id":"https:\/\/epochtimestr.com\/#organization"},"image":{"@id":"https:\/\/epochtimestr.com\/index.php\/buttonun-suikast-davasindaki-savci-sokak-ortasinda-olduruldu#primaryimage"},"thumbnailUrl":"https:\/\/epochtimestr.com\/wp-content\/uploads\/2011y\/benazir-butto.jpg","articleSection":["Taslak'da b\u0131rak"],"inLanguage":"tr","potentialAction":[{"@type":"CommentAction","name":"Comment","target":["https:\/\/epochtimestr.com\/index.php\/buttonun-suikast-davasindaki-savci-sokak-ortasinda-olduruldu#respond"]}]},{"@type":"WebPage","@id":"https:\/\/epochtimestr.com\/index.php\/buttonun-suikast-davasindaki-savci-sokak-ortasinda-olduruldu","url":"https:\/\/epochtimestr.com\/index.php\/buttonun-suikast-davasindaki-savci-sokak-ortasinda-olduruldu","name":"Butto\u2019nun Suikast Davas\u0131na Bakan Savc\u0131 Sokak Ortas\u0131nda \u00d6ld\u00fcr\u00fcld\u00fc - The Epoch Times TR","isPartOf":{"@id":"https:\/\/epochtimestr.com\/#website"},"primaryImageOfPage":{"@id":"https:\/\/epochtimestr.com\/index.php\/buttonun-suikast-davasindaki-savci-sokak-ortasinda-olduruldu#primaryimage"},"image":{"@id":"https:\/\/epochtimestr.com\/index.php\/buttonun-suikast-davasindaki-savci-sokak-ortasinda-olduruldu#primaryimage"},"thumbnailUrl":"https:\/\/epochtimestr.com\/wp-content\/uploads\/2011y\/benazir-butto.jpg","datePublished":"2013-05-03T11:48:41+00:00","dateModified":"2013-05-03T11:48:41+00:00","inLanguage":"tr","potentialAction":[{"@type":"ReadAction","target":["https:\/\/epochtimestr.com\/index.php\/buttonun-suikast-davasindaki-savci-sokak-ortasinda-olduruldu"]}]},{"@type":"ImageObject","inLanguage":"tr","@id":"https:\/\/epochtimestr.com\/index.php\/buttonun-suikast-davasindaki-savci-sokak-ortasinda-olduruldu#primaryimage","url":"https:\/\/epochtimestr.com\/wp-content\/uploads\/2011y\/benazir-butto.jpg","contentUrl":"https:\/\/epochtimestr.com\/wp-content\/uploads\/2011y\/benazir-butto.jpg","width":496,"height":333},{"@type":"WebSite","@id":"https:\/\/epochtimestr.com\/#website","url":"https:\/\/epochtimestr.com\/","name":"The Epoch Times TR","description":"De\u011fi\u015fen D\u00fcnyam\u0131za Taze Bir Bak\u0131\u015f","publisher":{"@id":"https:\/\/epochtimestr.com\/#organization"},"potentialAction":[{"@type":"SearchAction","target":{"@type":"EntryPoint","urlTemplate":"https:\/\/epochtimestr.com\/?s={search_term_string}"},"query-input":"required name=search_term_string"}],"inLanguage":"tr"},{"@type":"Organization","@id":"https:\/\/epochtimestr.com\/#organization","name":"The EpochTimes T\u00fcrkiye","url":"https:\/\/epochtimestr.com\/","logo":{"@type":"ImageObject","inLanguage":"tr","@id":"https:\/\/epochtimestr.com\/#\/schema\/logo\/image\/","url":"https:\/\/epochtimestr.com\/wp-content\/uploads\/2011y\/ET-Logo-YG.jpg","contentUrl":"https:\/\/epochtimestr.com\/wp-content\/uploads\/2011y\/ET-Logo-YG.jpg","width":346,"height":29,"caption":"The EpochTimes T\u00fcrkiye"},"image":{"@id":"https:\/\/epochtimestr.com\/#\/schema\/logo\/image\/"},"sameAs":["https:\/\/www.facebook.com\/theepochtimestr","https:\/\/x.com\/TheEpochTimesTR","https:\/\/www.instagram.com\/epochtimestr"]},{"@type":"Person","@id":"https:\/\/epochtimestr.com\/#\/schema\/person\/ad3c7e36a1529b9c57da1df4cd370bdf","name":"\u00c7.Akdeniz","image":{"@type":"ImageObject","inLanguage":"tr","@id":"https:\/\/epochtimestr.com\/#\/schema\/person\/image\/","url":"https:\/\/secure.gravatar.com\/avatar\/2b3f874d48422cdeb494d68621025c2b?s=96&d=mm&r=g","contentUrl":"https:\/\/secure.gravatar.com\/avatar\/2b3f874d48422cdeb494d68621025c2b?s=96&d=mm&r=g","caption":"\u00c7.Akdeniz"},"url":"https:\/\/epochtimestr.com\/index.php\/author\/cigdem"}]}},"_links":{"self":[{"href":"https:\/\/epochtimestr.com\/index.php\/wp-json\/wp\/v2\/posts\/69189"}],"collection":[{"href":"https:\/\/epochtimestr.com\/index.php\/wp-json\/wp\/v2\/posts"}],"about":[{"href":"https:\/\/epochtimestr.com\/index.php\/wp-json\/wp\/v2\/types\/post"}],"author":[{"embeddable":true,"href":"https:\/\/epochtimestr.com\/index.php\/wp-json\/wp\/v2\/users\/8"}],"replies":[{"embeddable":true,"href":"https:\/\/epochtimestr.com\/index.php\/wp-json\/wp\/v2\/comments?post=69189"}],"version-history":[{"count":4,"href":"https:\/\/epochtimestr.com\/index.php\/wp-json\/wp\/v2\/posts\/69189\/revisions"}],"predecessor-version":[{"id":69194,"href":"https:\/\/epochtimestr.com\/index.php\/wp-json\/wp\/v2\/posts\/69189\/revisions\/69194"}],"wp:featuredmedia":[{"embeddable":true,"href":"https:\/\/epochtimestr.com\/index.php\/wp-json\/wp\/v2\/media\/69191"}],"wp:attachment":[{"href":"https:\/\/epochtimestr.com\/index.php\/wp-json\/wp\/v2\/media?parent=69189"}],"wp:term":[{"taxonomy":"category","embeddable":true,"href":"https:\/\/epochtimestr.com\/index.php\/wp-json\/wp\/v2\/categories?post=69189"},{"taxonomy":"post_tag","embeddable":true,"href":"https:\/\/epochtimestr.com\/index.php\/wp-json\/wp\/v2\/tags?post=69189"}],"curies":[{"name":"wp","href":"https:\/\/api.w.org\/{rel}","templated":true}]}}