{"id":72976,"date":"2013-10-03T08:51:26","date_gmt":"2013-10-03T05:51:26","guid":{"rendered":"http:\/\/epochtimestr.com\/?p=72976"},"modified":"2013-10-03T08:51:26","modified_gmt":"2013-10-03T05:51:26","slug":"ferit-gedikin-cenazesi-hala-bekletiliyor","status":"publish","type":"post","link":"https:\/\/epochtimestr.com\/index.php\/ferit-gedikin-cenazesi-hala-bekletiliyor","title":{"rendered":"Ferit Gedik\u2019in Cenazesi Hala Bekletiliyor"},"content":{"rendered":"<figure id=\"attachment_72977\" aria-describedby=\"caption-attachment-72977\" style=\"width: 300px\" class=\"wp-caption alignleft\"><a href=\"https:\/\/epochtimestr.com\/wp-content\/uploads\/2011y\/ferit-gedik-cenazesi.jpg\"><img loading=\"lazy\" decoding=\"async\" class=\"size-full wp-image-72977 \" alt=\"G\u00fclsuyu'nda bir dolmu\u015fa as\u0131lan poster Foto\u011fraf: twitter\" src=\"https:\/\/epochtimestr.com\/wp-content\/uploads\/2011y\/ferit-gedik-cenazesi.jpg\" width=\"300\" height=\"373\" srcset=\"https:\/\/epochtimestr.com\/wp-content\/uploads\/2011y\/ferit-gedik-cenazesi.jpg 300w, https:\/\/epochtimestr.com\/wp-content\/uploads\/2011y\/ferit-gedik-cenazesi-120x150.jpg 120w, https:\/\/epochtimestr.com\/wp-content\/uploads\/2011y\/ferit-gedik-cenazesi-241x300.jpg 241w, https:\/\/epochtimestr.com\/wp-content\/uploads\/2011y\/ferit-gedik-cenazesi-292x363.jpg 292w\" sizes=\"(max-width: 300px) 100vw, 300px\" \/><\/a><figcaption id=\"caption-attachment-72977\" class=\"wp-caption-text\">G\u00fclsuyu&#8217;nda bir dolmu\u015fa as\u0131lan poster<br \/>Foto\u011fraf: twitter<\/figcaption><\/figure>\n<p style=\"text-align: justify;\">Pazar g\u00fcn\u00fc G\u00fclsuyu&#8217;nda \u00e7\u0131kan \u00e7at\u0131\u015fmalarda hayat\u0131n kaybeden Hasan Ferit Gedik\u2019in cenazesi 3 g\u00fcnd\u00fcr bekletiliyor. Ferit Gedik\u2019in ailesi cenazeyi G\u00fclsuyu&#8217;na g\u00f6t\u00fcrmekte kararl\u0131 davran\u0131yor fakat polis buna m\u00fcsaade etmiyor.<\/p>\n<p style=\"text-align: justify;\">3 g\u00fcnd\u00fcr Armutlu mahallesi, Cemevinde bekletilen cenazeyi ailesi ilk \u00f6nce G\u00fclsuyu\u2019na g\u00f6t\u00fcr\u00fcp t\u00f6ren d\u00fczenlemek, daha sonrada Gazi\u2019ye g\u00f6t\u00fcr\u00fcp orada g\u00f6mmek istiyor. G\u00fclsuyu\u2019nda olaylar \u00e7\u0131kmas\u0131 ihtimali y\u00fcz\u00fcnde polis cenazenin oraya g\u00f6t\u00fcr\u00fclmesine izin vermiyor. \u00a0G\u00fclsuyu ve Gazi mahalleleri polis taraf\u0131ndan ku\u015fat\u0131ld\u0131.<\/p>\n<p style=\"text-align: justify;\">Ferit Gedik&#8217;in annesi isyan etti; &#8216;L\u00fctfen G\u00fclsuyu&#8217;ndaki engeli kald\u0131r\u0131n. O\u011flumu g\u00f6mmek istiyorum&#8221; dedi.<\/p>\n<p style=\"text-align: justify;\">Yap\u0131lan forumlarda, Pazar g\u00fcn\u00fc uyu\u015fturucu \u00e7eteleri ile \u00e7\u0131kan \u00e7at\u0131\u015fmada, Ferit&#8217;in \u0130stanbul Maltepe G\u00fclsuyu mahallesinde uyu\u015fturucu \u00e7eteleri taraf\u0131ndan \u00f6ld\u00fcr\u00fcld\u00fc\u011f\u00fc iddia ediliyor.<\/p>\n<p style=\"text-align: justify;\">Eski\u015fehir\u2019de Ferit Gedik i\u00e7in protesto y\u00fcr\u00fcy\u00fc\u015f\u00fc d\u00fczenlendi. Eski\u015fehir Espark Al\u0131\u015fveri\u015f merkezide toplanan grup, Eski\u015fehir Direni\u015f Forumu ad\u0131 alt\u0131nda \u201cHasan Ferit Gedik\u2019in katili devlet \u00e7etesi\u201d yaz\u0131l\u0131 pankartlar ta\u015f\u0131d\u0131lar.<\/p>\n<p>\u00a0Ferit Gedik ile ilgili Twitter\u2019dan yap\u0131lan baz\u0131 yorumlar \u015f\u00f6yle;<\/p>\n<ul>\n<li><a href=\"https:\/\/twitter.com\/EmrahSerbes\">EmrahSerbes<\/a><a title=\"12:36 PM - 1 Ekim 13\" href=\"https:\/\/twitter.com\/EmrahSerbes\/status\/385126179029544961\">1 Ekim<\/a><\/li>\n<li>Biz hi\u00e7bir Be\u015fikta\u015fl\u0131y\u0131 unutmad\u0131k unutmay\u0131z, Hasan <b>Ferit<\/b> <b>Gedik<\/b> \u00f6l\u00fcms\u00fczd\u00fcr,<\/li>\n<\/ul>\n<p>&nbsp;<\/p>\n<ul>\n<li><a href=\"https:\/\/twitter.com\/ertgrlalbyrk\">\u00a0\u200f@ertgrlalbyrk<\/a> 3 Ekim<\/li>\n<li>G\u00fclsuyu&#8217;nda 3. G\u00fcn ! Hasan <b>Ferit<\/b> <b>Gedik<\/b> defnedilemedi ! \u00d6len gen\u00e7 i\u00e7in dilek balonlar\u0131 u\u00e7uruldu<\/li>\n<\/ul>\n<p>&nbsp;<\/p>\n<ul>\n<li><a href=\"https:\/\/twitter.com\/sirsureyyaonder\"><b>S\u0131rr\u0131 S\u00fcreyya \u00d6nder<\/b>\u00a0\u200f@sirsureyyaonder<\/a> 3Ekim<\/li>\n<li>Halk\u0131n umudu, devrimciler var olduk\u00e7a Hi\u00e7bir \u00f6l\u00fcm hesaps\u0131z kalmaz<\/li>\n<\/ul>\n<p>&nbsp;<\/p>\n<ul>\n<li><a href=\"https:\/\/twitter.com\/Guclumete\"><b>G\u00fc\u00e7l\u00fc Mete<\/b>\u00a0\u200f@Guclumete<\/a> 3 ekim<\/li>\n<li>Hasan <b>Ferit<\/b> <b>Gedik<\/b>.. Pazar g\u00fcn\u00fc \u00f6ld\u00fcr\u00fcld\u00fc.. Cenazesinin, vuruldu\u011fu G\u00fclsuyu&#8217;na g\u00f6t\u00fcr\u00fclmesine polis izin vermiyor.. Cenaze halen bekliyor..<\/li>\n<\/ul>\n","protected":false},"excerpt":{"rendered":"<p>Pazar g\u00fcn\u00fc G\u00fclsuyu&#8217;nda \u00e7\u0131kan \u00e7at\u0131\u015fmalarda hayat\u0131n kaybeden Hasan Ferit Gedik\u2019in cenazesi 3 g\u00fcnd\u00fcr bekletiliyor. Ferit Gedik\u2019in ailesi cenazeyi G\u00fclsuyu&#8217;na g\u00f6t\u00fcrmekte kararl\u0131 davran\u0131yor fakat polis buna m\u00fcsaade etmiyor. 3 g\u00fcnd\u00fcr Armutlu mahallesi, Cemevinde bekletilen cenazeyi ailesi ilk \u00f6nce G\u00fclsuyu\u2019na g\u00f6t\u00fcr\u00fcp t\u00f6ren d\u00fczenlemek, daha sonrada Gazi\u2019ye g\u00f6t\u00fcr\u00fcp orada g\u00f6mmek istiyor. G\u00fclsuyu\u2019nda olaylar \u00e7\u0131kmas\u0131 ihtimali y\u00fcz\u00fcnde polis cenazenin [&hellip;]<\/p>\n","protected":false},"author":8,"featured_media":72977,"comment_status":"open","ping_status":"open","sticky":false,"template":"","format":"standard","meta":{"_yoast_wpseo_focuskw":"","_yoast_wpseo_title":"","_yoast_wpseo_metadesc":"","_bbp_topic_count":0,"_bbp_reply_count":0,"_bbp_total_topic_count":0,"_bbp_total_reply_count":0,"_bbp_voice_count":0,"_bbp_anonymous_reply_count":0,"_bbp_topic_count_hidden":0,"_bbp_reply_count_hidden":0,"_bbp_forum_subforum_count":0,"footnotes":"","_yoast_wpseo_focuskw_text_input":""},"categories":[60],"tags":[],"yoast_head":"<!-- This site is optimized with the Yoast SEO plugin v23.0 - https:\/\/yoast.com\/wordpress\/plugins\/seo\/ -->\n<title>Ferit Gedik\u2019in Cenazesi Hala Bekletiliyor - The Epoch Times TR<\/title>\n<meta name=\"robots\" content=\"index, follow, max-snippet:-1, max-image-preview:large, max-video-preview:-1\" \/>\n<link rel=\"canonical\" href=\"https:\/\/epochtimestr.com\/index.php\/ferit-gedikin-cenazesi-hala-bekletiliyor\" \/>\n<meta property=\"og:locale\" content=\"tr_TR\" \/>\n<meta property=\"og:type\" content=\"article\" \/>\n<meta property=\"og:title\" content=\"Ferit Gedik\u2019in Cenazesi Hala Bekletiliyor - The Epoch Times TR\" \/>\n<meta property=\"og:description\" content=\"Pazar g\u00fcn\u00fc G\u00fclsuyu&#8217;nda \u00e7\u0131kan \u00e7at\u0131\u015fmalarda hayat\u0131n kaybeden Hasan Ferit Gedik\u2019in cenazesi 3 g\u00fcnd\u00fcr bekletiliyor. Ferit Gedik\u2019in ailesi cenazeyi G\u00fclsuyu&#8217;na g\u00f6t\u00fcrmekte kararl\u0131 davran\u0131yor fakat polis buna m\u00fcsaade etmiyor. 3 g\u00fcnd\u00fcr Armutlu mahallesi, Cemevinde bekletilen cenazeyi ailesi ilk \u00f6nce G\u00fclsuyu\u2019na g\u00f6t\u00fcr\u00fcp t\u00f6ren d\u00fczenlemek, daha sonrada Gazi\u2019ye g\u00f6t\u00fcr\u00fcp orada g\u00f6mmek istiyor. G\u00fclsuyu\u2019nda olaylar \u00e7\u0131kmas\u0131 ihtimali y\u00fcz\u00fcnde polis cenazenin [&hellip;]\" \/>\n<meta property=\"og:url\" content=\"https:\/\/epochtimestr.com\/index.php\/ferit-gedikin-cenazesi-hala-bekletiliyor\" \/>\n<meta property=\"og:site_name\" content=\"The Epoch Times TR\" \/>\n<meta property=\"article:publisher\" content=\"https:\/\/www.facebook.com\/theepochtimestr\" \/>\n<meta property=\"article:published_time\" content=\"2013-10-03T05:51:26+00:00\" \/>\n<meta property=\"og:image\" content=\"https:\/\/epochtimestr.com\/wp-content\/uploads\/2011y\/ferit-gedik-cenazesi.jpg\" \/>\n\t<meta property=\"og:image:width\" content=\"300\" \/>\n\t<meta property=\"og:image:height\" content=\"373\" \/>\n\t<meta property=\"og:image:type\" content=\"image\/jpeg\" \/>\n<meta name=\"author\" content=\"\u00c7.Akdeniz\" \/>\n<meta name=\"twitter:card\" content=\"summary_large_image\" \/>\n<meta name=\"twitter:creator\" content=\"@TheEpochTimesTR\" \/>\n<meta name=\"twitter:site\" content=\"@TheEpochTimesTR\" \/>\n<meta name=\"twitter:label1\" content=\"Yazan:\" \/>\n\t<meta name=\"twitter:data1\" content=\"\u00c7.Akdeniz\" \/>\n\t<meta name=\"twitter:label2\" content=\"Tahmini okuma s\u00fcresi\" \/>\n\t<meta name=\"twitter:data2\" content=\"2 dakika\" \/>\n<script type=\"application\/ld+json\" class=\"yoast-schema-graph\">{\"@context\":\"https:\/\/schema.org\",\"@graph\":[{\"@type\":\"Article\",\"@id\":\"https:\/\/epochtimestr.com\/index.php\/ferit-gedikin-cenazesi-hala-bekletiliyor#article\",\"isPartOf\":{\"@id\":\"https:\/\/epochtimestr.com\/index.php\/ferit-gedikin-cenazesi-hala-bekletiliyor\"},\"author\":{\"name\":\"\u00c7.Akdeniz\",\"@id\":\"https:\/\/epochtimestr.com\/#\/schema\/person\/ad3c7e36a1529b9c57da1df4cd370bdf\"},\"headline\":\"Ferit Gedik\u2019in Cenazesi Hala Bekletiliyor\",\"datePublished\":\"2013-10-03T05:51:26+00:00\",\"dateModified\":\"2013-10-03T05:51:26+00:00\",\"mainEntityOfPage\":{\"@id\":\"https:\/\/epochtimestr.com\/index.php\/ferit-gedikin-cenazesi-hala-bekletiliyor\"},\"wordCount\":316,\"commentCount\":0,\"publisher\":{\"@id\":\"https:\/\/epochtimestr.com\/#organization\"},\"image\":{\"@id\":\"https:\/\/epochtimestr.com\/index.php\/ferit-gedikin-cenazesi-hala-bekletiliyor#primaryimage\"},\"thumbnailUrl\":\"https:\/\/epochtimestr.com\/wp-content\/uploads\/2011y\/ferit-gedik-cenazesi.jpg\",\"articleSection\":[\"Taslak'da b\u0131rak\"],\"inLanguage\":\"tr\",\"potentialAction\":[{\"@type\":\"CommentAction\",\"name\":\"Comment\",\"target\":[\"https:\/\/epochtimestr.com\/index.php\/ferit-gedikin-cenazesi-hala-bekletiliyor#respond\"]}]},{\"@type\":\"WebPage\",\"@id\":\"https:\/\/epochtimestr.com\/index.php\/ferit-gedikin-cenazesi-hala-bekletiliyor\",\"url\":\"https:\/\/epochtimestr.com\/index.php\/ferit-gedikin-cenazesi-hala-bekletiliyor\",\"name\":\"Ferit Gedik\u2019in Cenazesi Hala Bekletiliyor - The Epoch Times TR\",\"isPartOf\":{\"@id\":\"https:\/\/epochtimestr.com\/#website\"},\"primaryImageOfPage\":{\"@id\":\"https:\/\/epochtimestr.com\/index.php\/ferit-gedikin-cenazesi-hala-bekletiliyor#primaryimage\"},\"image\":{\"@id\":\"https:\/\/epochtimestr.com\/index.php\/ferit-gedikin-cenazesi-hala-bekletiliyor#primaryimage\"},\"thumbnailUrl\":\"https:\/\/epochtimestr.com\/wp-content\/uploads\/2011y\/ferit-gedik-cenazesi.jpg\",\"datePublished\":\"2013-10-03T05:51:26+00:00\",\"dateModified\":\"2013-10-03T05:51:26+00:00\",\"inLanguage\":\"tr\",\"potentialAction\":[{\"@type\":\"ReadAction\",\"target\":[\"https:\/\/epochtimestr.com\/index.php\/ferit-gedikin-cenazesi-hala-bekletiliyor\"]}]},{\"@type\":\"ImageObject\",\"inLanguage\":\"tr\",\"@id\":\"https:\/\/epochtimestr.com\/index.php\/ferit-gedikin-cenazesi-hala-bekletiliyor#primaryimage\",\"url\":\"https:\/\/epochtimestr.com\/wp-content\/uploads\/2011y\/ferit-gedik-cenazesi.jpg\",\"contentUrl\":\"https:\/\/epochtimestr.com\/wp-content\/uploads\/2011y\/ferit-gedik-cenazesi.jpg\",\"width\":300,\"height\":373,\"caption\":\"G\u00fclsuyu'nda bir dolmu\u015fa as\u0131lan poster Foto\u011fraf: twitter\"},{\"@type\":\"WebSite\",\"@id\":\"https:\/\/epochtimestr.com\/#website\",\"url\":\"https:\/\/epochtimestr.com\/\",\"name\":\"The Epoch Times TR\",\"description\":\"De\u011fi\u015fen D\u00fcnyam\u0131za Taze Bir Bak\u0131\u015f\",\"publisher\":{\"@id\":\"https:\/\/epochtimestr.com\/#organization\"},\"potentialAction\":[{\"@type\":\"SearchAction\",\"target\":{\"@type\":\"EntryPoint\",\"urlTemplate\":\"https:\/\/epochtimestr.com\/?s={search_term_string}\"},\"query-input\":\"required name=search_term_string\"}],\"inLanguage\":\"tr\"},{\"@type\":\"Organization\",\"@id\":\"https:\/\/epochtimestr.com\/#organization\",\"name\":\"The EpochTimes T\u00fcrkiye\",\"url\":\"https:\/\/epochtimestr.com\/\",\"logo\":{\"@type\":\"ImageObject\",\"inLanguage\":\"tr\",\"@id\":\"https:\/\/epochtimestr.com\/#\/schema\/logo\/image\/\",\"url\":\"https:\/\/epochtimestr.com\/wp-content\/uploads\/2011y\/ET-Logo-YG.jpg\",\"contentUrl\":\"https:\/\/epochtimestr.com\/wp-content\/uploads\/2011y\/ET-Logo-YG.jpg\",\"width\":346,\"height\":29,\"caption\":\"The EpochTimes T\u00fcrkiye\"},\"image\":{\"@id\":\"https:\/\/epochtimestr.com\/#\/schema\/logo\/image\/\"},\"sameAs\":[\"https:\/\/www.facebook.com\/theepochtimestr\",\"https:\/\/x.com\/TheEpochTimesTR\",\"https:\/\/www.instagram.com\/epochtimestr\"]},{\"@type\":\"Person\",\"@id\":\"https:\/\/epochtimestr.com\/#\/schema\/person\/ad3c7e36a1529b9c57da1df4cd370bdf\",\"name\":\"\u00c7.Akdeniz\",\"image\":{\"@type\":\"ImageObject\",\"inLanguage\":\"tr\",\"@id\":\"https:\/\/epochtimestr.com\/#\/schema\/person\/image\/\",\"url\":\"https:\/\/secure.gravatar.com\/avatar\/2b3f874d48422cdeb494d68621025c2b?s=96&d=mm&r=g\",\"contentUrl\":\"https:\/\/secure.gravatar.com\/avatar\/2b3f874d48422cdeb494d68621025c2b?s=96&d=mm&r=g\",\"caption\":\"\u00c7.Akdeniz\"},\"url\":\"https:\/\/epochtimestr.com\/index.php\/author\/cigdem\"}]}<\/script>\n<!-- \/ Yoast SEO plugin. -->","yoast_head_json":{"title":"Ferit Gedik\u2019in Cenazesi Hala Bekletiliyor - The Epoch Times TR","robots":{"index":"index","follow":"follow","max-snippet":"max-snippet:-1","max-image-preview":"max-image-preview:large","max-video-preview":"max-video-preview:-1"},"canonical":"https:\/\/epochtimestr.com\/index.php\/ferit-gedikin-cenazesi-hala-bekletiliyor","og_locale":"tr_TR","og_type":"article","og_title":"Ferit Gedik\u2019in Cenazesi Hala Bekletiliyor - The Epoch Times TR","og_description":"Pazar g\u00fcn\u00fc G\u00fclsuyu&#8217;nda \u00e7\u0131kan \u00e7at\u0131\u015fmalarda hayat\u0131n kaybeden Hasan Ferit Gedik\u2019in cenazesi 3 g\u00fcnd\u00fcr bekletiliyor. Ferit Gedik\u2019in ailesi cenazeyi G\u00fclsuyu&#8217;na g\u00f6t\u00fcrmekte kararl\u0131 davran\u0131yor fakat polis buna m\u00fcsaade etmiyor. 3 g\u00fcnd\u00fcr Armutlu mahallesi, Cemevinde bekletilen cenazeyi ailesi ilk \u00f6nce G\u00fclsuyu\u2019na g\u00f6t\u00fcr\u00fcp t\u00f6ren d\u00fczenlemek, daha sonrada Gazi\u2019ye g\u00f6t\u00fcr\u00fcp orada g\u00f6mmek istiyor. G\u00fclsuyu\u2019nda olaylar \u00e7\u0131kmas\u0131 ihtimali y\u00fcz\u00fcnde polis cenazenin [&hellip;]","og_url":"https:\/\/epochtimestr.com\/index.php\/ferit-gedikin-cenazesi-hala-bekletiliyor","og_site_name":"The Epoch Times TR","article_publisher":"https:\/\/www.facebook.com\/theepochtimestr","article_published_time":"2013-10-03T05:51:26+00:00","og_image":[{"width":300,"height":373,"url":"https:\/\/epochtimestr.com\/wp-content\/uploads\/2011y\/ferit-gedik-cenazesi.jpg","type":"image\/jpeg"}],"author":"\u00c7.Akdeniz","twitter_card":"summary_large_image","twitter_creator":"@TheEpochTimesTR","twitter_site":"@TheEpochTimesTR","twitter_misc":{"Yazan:":"\u00c7.Akdeniz","Tahmini okuma s\u00fcresi":"2 dakika"},"schema":{"@context":"https:\/\/schema.org","@graph":[{"@type":"Article","@id":"https:\/\/epochtimestr.com\/index.php\/ferit-gedikin-cenazesi-hala-bekletiliyor#article","isPartOf":{"@id":"https:\/\/epochtimestr.com\/index.php\/ferit-gedikin-cenazesi-hala-bekletiliyor"},"author":{"name":"\u00c7.Akdeniz","@id":"https:\/\/epochtimestr.com\/#\/schema\/person\/ad3c7e36a1529b9c57da1df4cd370bdf"},"headline":"Ferit Gedik\u2019in Cenazesi Hala Bekletiliyor","datePublished":"2013-10-03T05:51:26+00:00","dateModified":"2013-10-03T05:51:26+00:00","mainEntityOfPage":{"@id":"https:\/\/epochtimestr.com\/index.php\/ferit-gedikin-cenazesi-hala-bekletiliyor"},"wordCount":316,"commentCount":0,"publisher":{"@id":"https:\/\/epochtimestr.com\/#organization"},"image":{"@id":"https:\/\/epochtimestr.com\/index.php\/ferit-gedikin-cenazesi-hala-bekletiliyor#primaryimage"},"thumbnailUrl":"https:\/\/epochtimestr.com\/wp-content\/uploads\/2011y\/ferit-gedik-cenazesi.jpg","articleSection":["Taslak'da b\u0131rak"],"inLanguage":"tr","potentialAction":[{"@type":"CommentAction","name":"Comment","target":["https:\/\/epochtimestr.com\/index.php\/ferit-gedikin-cenazesi-hala-bekletiliyor#respond"]}]},{"@type":"WebPage","@id":"https:\/\/epochtimestr.com\/index.php\/ferit-gedikin-cenazesi-hala-bekletiliyor","url":"https:\/\/epochtimestr.com\/index.php\/ferit-gedikin-cenazesi-hala-bekletiliyor","name":"Ferit Gedik\u2019in Cenazesi Hala Bekletiliyor - The Epoch Times TR","isPartOf":{"@id":"https:\/\/epochtimestr.com\/#website"},"primaryImageOfPage":{"@id":"https:\/\/epochtimestr.com\/index.php\/ferit-gedikin-cenazesi-hala-bekletiliyor#primaryimage"},"image":{"@id":"https:\/\/epochtimestr.com\/index.php\/ferit-gedikin-cenazesi-hala-bekletiliyor#primaryimage"},"thumbnailUrl":"https:\/\/epochtimestr.com\/wp-content\/uploads\/2011y\/ferit-gedik-cenazesi.jpg","datePublished":"2013-10-03T05:51:26+00:00","dateModified":"2013-10-03T05:51:26+00:00","inLanguage":"tr","potentialAction":[{"@type":"ReadAction","target":["https:\/\/epochtimestr.com\/index.php\/ferit-gedikin-cenazesi-hala-bekletiliyor"]}]},{"@type":"ImageObject","inLanguage":"tr","@id":"https:\/\/epochtimestr.com\/index.php\/ferit-gedikin-cenazesi-hala-bekletiliyor#primaryimage","url":"https:\/\/epochtimestr.com\/wp-content\/uploads\/2011y\/ferit-gedik-cenazesi.jpg","contentUrl":"https:\/\/epochtimestr.com\/wp-content\/uploads\/2011y\/ferit-gedik-cenazesi.jpg","width":300,"height":373,"caption":"G\u00fclsuyu'nda bir dolmu\u015fa as\u0131lan poster Foto\u011fraf: twitter"},{"@type":"WebSite","@id":"https:\/\/epochtimestr.com\/#website","url":"https:\/\/epochtimestr.com\/","name":"The Epoch Times TR","description":"De\u011fi\u015fen D\u00fcnyam\u0131za Taze Bir Bak\u0131\u015f","publisher":{"@id":"https:\/\/epochtimestr.com\/#organization"},"potentialAction":[{"@type":"SearchAction","target":{"@type":"EntryPoint","urlTemplate":"https:\/\/epochtimestr.com\/?s={search_term_string}"},"query-input":"required name=search_term_string"}],"inLanguage":"tr"},{"@type":"Organization","@id":"https:\/\/epochtimestr.com\/#organization","name":"The EpochTimes T\u00fcrkiye","url":"https:\/\/epochtimestr.com\/","logo":{"@type":"ImageObject","inLanguage":"tr","@id":"https:\/\/epochtimestr.com\/#\/schema\/logo\/image\/","url":"https:\/\/epochtimestr.com\/wp-content\/uploads\/2011y\/ET-Logo-YG.jpg","contentUrl":"https:\/\/epochtimestr.com\/wp-content\/uploads\/2011y\/ET-Logo-YG.jpg","width":346,"height":29,"caption":"The EpochTimes T\u00fcrkiye"},"image":{"@id":"https:\/\/epochtimestr.com\/#\/schema\/logo\/image\/"},"sameAs":["https:\/\/www.facebook.com\/theepochtimestr","https:\/\/x.com\/TheEpochTimesTR","https:\/\/www.instagram.com\/epochtimestr"]},{"@type":"Person","@id":"https:\/\/epochtimestr.com\/#\/schema\/person\/ad3c7e36a1529b9c57da1df4cd370bdf","name":"\u00c7.Akdeniz","image":{"@type":"ImageObject","inLanguage":"tr","@id":"https:\/\/epochtimestr.com\/#\/schema\/person\/image\/","url":"https:\/\/secure.gravatar.com\/avatar\/2b3f874d48422cdeb494d68621025c2b?s=96&d=mm&r=g","contentUrl":"https:\/\/secure.gravatar.com\/avatar\/2b3f874d48422cdeb494d68621025c2b?s=96&d=mm&r=g","caption":"\u00c7.Akdeniz"},"url":"https:\/\/epochtimestr.com\/index.php\/author\/cigdem"}]}},"_links":{"self":[{"href":"https:\/\/epochtimestr.com\/index.php\/wp-json\/wp\/v2\/posts\/72976"}],"collection":[{"href":"https:\/\/epochtimestr.com\/index.php\/wp-json\/wp\/v2\/posts"}],"about":[{"href":"https:\/\/epochtimestr.com\/index.php\/wp-json\/wp\/v2\/types\/post"}],"author":[{"embeddable":true,"href":"https:\/\/epochtimestr.com\/index.php\/wp-json\/wp\/v2\/users\/8"}],"replies":[{"embeddable":true,"href":"https:\/\/epochtimestr.com\/index.php\/wp-json\/wp\/v2\/comments?post=72976"}],"version-history":[{"count":1,"href":"https:\/\/epochtimestr.com\/index.php\/wp-json\/wp\/v2\/posts\/72976\/revisions"}],"predecessor-version":[{"id":72978,"href":"https:\/\/epochtimestr.com\/index.php\/wp-json\/wp\/v2\/posts\/72976\/revisions\/72978"}],"wp:featuredmedia":[{"embeddable":true,"href":"https:\/\/epochtimestr.com\/index.php\/wp-json\/wp\/v2\/media\/72977"}],"wp:attachment":[{"href":"https:\/\/epochtimestr.com\/index.php\/wp-json\/wp\/v2\/media?parent=72976"}],"wp:term":[{"taxonomy":"category","embeddable":true,"href":"https:\/\/epochtimestr.com\/index.php\/wp-json\/wp\/v2\/categories?post=72976"},{"taxonomy":"post_tag","embeddable":true,"href":"https:\/\/epochtimestr.com\/index.php\/wp-json\/wp\/v2\/tags?post=72976"}],"curies":[{"name":"wp","href":"https:\/\/api.w.org\/{rel}","templated":true}]}}