{"id":73017,"date":"2013-10-09T10:59:32","date_gmt":"2013-10-09T07:59:32","guid":{"rendered":"http:\/\/epochtimestr.com\/?p=73017"},"modified":"2022-07-24T17:38:39","modified_gmt":"2022-07-24T14:38:39","slug":"avrupanin-en-gorkemli-10-yapisi","status":"publish","type":"post","link":"https:\/\/epochtimestr.com\/index.php\/avrupanin-en-gorkemli-10-yapisi","title":{"rendered":"Avrupa&#8217;n\u0131n En G\u00f6rkemli 10 Yap\u0131s\u0131"},"content":{"rendered":"<h3>1. Fransa: Versay Saray\u0131<\/h3>\n<p style=\"text-align: center;\"><a href=\"https:\/\/epochtimestr.com\/index.php\/avrupanin-en-gorkemli-10-yapisi\/versay-sarayi\" rel=\"attachment wp-att-73028\"><img loading=\"lazy\" decoding=\"async\" class=\"aligncenter  wp-image-73028\" alt=\"versay saray\u0131\" src=\"https:\/\/epochtimestr.com\/wp-content\/uploads\/2011y\/versay-saray%C4%B1.jpg\" width=\"480\" height=\"320\" \/><\/a><\/p>\n<p style=\"text-align: justify;\">Versay Saray\u0131, Manhattan Adas\u0131\u2019n\u0131n toplam y\u00fcz\u00f6l\u00e7\u00fcm\u00fcnden daha b\u00fcy\u00fck bir alana sahiptir. Bu yap\u0131n\u0131n maliyetini belirlemek \u00e7ok zordur, \u00e7\u00fcnk\u00fc g\u00fcn\u00fcm\u00fczde paha bi\u00e7ilememektedir. PBS (Public Broadcasting Service) verilerine g\u00f6re tarih\u00e7ilerin belirledi\u011fi tahmini de\u011fer 2 milyar ile 300 milyar Amerikan Dolar\u0131 aras\u0131nda de\u011fi\u015fmekte.<\/p>\n<p style=\"text-align: center;\"><a href=\"https:\/\/epochtimestr.com\/index.php\/avrupanin-en-gorkemli-10-yapisi\/versay-sarayi-2\" rel=\"attachment wp-att-73029\"><img loading=\"lazy\" decoding=\"async\" class=\"aligncenter  wp-image-73029\" alt=\"versay saray\u0131 2\" src=\"https:\/\/epochtimestr.com\/wp-content\/uploads\/2011y\/versay-saray%C4%B1.jpg\" width=\"473\" height=\"315\" \/><\/a><\/p>\n<p style=\"text-align: justify;\">Versay Saray\u0131n\u0131n en \u00fcnl\u00fc b\u00f6l\u00fcm\u00fc ise Aynalar Salonudur.\u00a0 1. D\u00fcnya Sava\u015f\u0131\u2019n\u0131 bitiren \u00fcnl\u00fc Versay Antla\u015fmas\u0131 bu salonda imzalanm\u0131\u015ft\u0131r. \u0130\u00e7 ve d\u0131\u015f tasar\u0131m\u0131ndaki muhte\u015femli\u011finin etkisiyle bu saray ya da \u015fato, \u00e7ok pop\u00fcler turistik bir yer haline gelmi\u015ftir. \u0130\u00e7erisinde g\u00f6rkemli bir sanat, tavan resimleri, \u00fczerinde 1.000 adet mum bar\u0131nd\u0131ran abart\u0131l\u0131 g\u00fcm\u00fc\u015f avizeler, \u00e7ok s\u00fcsl\u00fc 67 merdiven ve uzun bir aks \u00fcst\u00fcne dizilmi\u015f olup birbirlerine a\u00e7\u0131lan odalar g\u00f6r\u00fclebilir. Bu odalar tanr\u0131 ve tanr\u0131\u00e7a isimleriyle an\u0131lmaktad\u0131r.<\/p>\n<p style=\"text-align: justify;\">Versay Saray\u0131 bah\u00e7eleri, Frans\u0131z bah\u00e7e tasar\u0131mlar\u0131n\u0131n en g\u00fczel \u00f6rneklerinden birisidir.<\/p>\n<h3 style=\"text-align: justify;\">2. Fransa: Notre Dame Katedrali<\/h3>\n<p style=\"text-align: center;\"><a href=\"https:\/\/epochtimestr.com\/index.php\/avrupanin-en-gorkemli-10-yapisi\/notre-dame\" rel=\"attachment wp-att-73030\"><img loading=\"lazy\" decoding=\"async\" class=\"aligncenter  wp-image-73030\" alt=\"notre dame\" src=\"https:\/\/epochtimestr.com\/wp-content\/uploads\/2011y\/notre-dame.jpg\" width=\"420\" height=\"519\" srcset=\"https:\/\/epochtimestr.com\/wp-content\/uploads\/2011y\/notre-dame.jpg 600w, https:\/\/epochtimestr.com\/wp-content\/uploads\/2011y\/notre-dame-121x150.jpg 121w, https:\/\/epochtimestr.com\/wp-content\/uploads\/2011y\/notre-dame-242x300.jpg 242w, https:\/\/epochtimestr.com\/wp-content\/uploads\/2011y\/notre-dame-323x400.jpg 323w, https:\/\/epochtimestr.com\/wp-content\/uploads\/2011y\/notre-dame-292x361.jpg 292w\" sizes=\"(max-width: 420px) 100vw, 420px\" \/><\/a><\/p>\n<p style=\"text-align: justify;\">Fransa Paris\u2019te bulunan, Notre Dame Avrupa&#8217;da Frans\u0131z Gotik Mimarisinin en iyi \u00f6rneklerinden biri olarak kabul edilir. G\u00fcn\u00fcm\u00fczden yakla\u015f\u0131k 665 y\u0131l \u00f6nce yap\u0131lm\u0131\u015ft\u0131r. Mimarisinin d\u0131\u015f\u0131nda Notre Dame\u2019\u0131 ilgin\u00e7 k\u0131lan ba\u015fka unsurlar da vard\u0131r. 7.800 borusu ile d\u00fcnyan\u0131n en b\u00fcy\u00fck orglar\u0131ndan bir tanesi burada bulunmaktad\u0131r. Notre Dame\u2019\u0131n en b\u00fcy\u00fck \u00e7an\u0131n\u0131n ad\u0131 Emmanuel\u2019dir ve a\u011f\u0131rl\u0131\u011f\u0131 12.700 kilogramd\u0131r. Yap\u0131y\u0131 y\u0131lda ortalama 13 milyon turist ziyaret etmektedir.<\/p>\n<h3 style=\"text-align: justify;\">3. \u0130ngiltere: Westminster Abbey Kilisesi<\/h3>\n<p style=\"text-align: center;\"><a href=\"https:\/\/epochtimestr.com\/index.php\/avrupanin-en-gorkemli-10-yapisi\/westminster-abbey-kilisesi\" rel=\"attachment wp-att-73031\"><img loading=\"lazy\" decoding=\"async\" class=\"aligncenter  wp-image-73031\" alt=\"Westminster Abbey Kilisesi\" src=\"https:\/\/epochtimestr.com\/wp-content\/uploads\/2011y\/Westminster-Abbey-Kilisesi.jpg\" width=\"420\" height=\"420\" srcset=\"https:\/\/epochtimestr.com\/wp-content\/uploads\/2011y\/Westminster-Abbey-Kilisesi.jpg 600w, https:\/\/epochtimestr.com\/wp-content\/uploads\/2011y\/Westminster-Abbey-Kilisesi-300x300.jpg 300w, https:\/\/epochtimestr.com\/wp-content\/uploads\/2011y\/Westminster-Abbey-Kilisesi-100x100.jpg 100w, https:\/\/epochtimestr.com\/wp-content\/uploads\/2011y\/Westminster-Abbey-Kilisesi-150x150.jpg 150w, https:\/\/epochtimestr.com\/wp-content\/uploads\/2011y\/Westminster-Abbey-Kilisesi-400x400.jpg 400w, https:\/\/epochtimestr.com\/wp-content\/uploads\/2011y\/Westminster-Abbey-Kilisesi-50x50.jpg 50w, https:\/\/epochtimestr.com\/wp-content\/uploads\/2011y\/Westminster-Abbey-Kilisesi-292x292.jpg 292w, https:\/\/epochtimestr.com\/wp-content\/uploads\/2011y\/Westminster-Abbey-Kilisesi-55x55.jpg 55w, https:\/\/epochtimestr.com\/wp-content\/uploads\/2011y\/Westminster-Abbey-Kilisesi-30x30.jpg 30w\" sizes=\"(max-width: 420px) 100vw, 420px\" \/><\/a><\/p>\n<p style=\"text-align: justify;\">Daha \u00f6nce bir\u00e7ok kraliyet mensubunun oldu\u011fu gibi Prens William ve Kate Middleton da, 29 Nisan 2011 tarihinde Westminster Abbey\u2019de evlenmi\u015flerdir. 1065 y\u0131l\u0131nda tamamlanan Westminster Abbey, yakla\u015f\u0131k 1000 y\u0131ld\u0131r hemen her \u0130ngiliz kraliyet mensubunun ta\u00e7 giyme t\u00f6renine ev sahipli\u011fi yapm\u0131\u015ft\u0131r. Kilisenin bah\u00e7esinin \u0130ngiltere\u2019nin en eski bah\u00e7esi oldu\u011fu ve bah\u00e7ede rahiplerin \u015fifal\u0131 otlar ve sebze yeti\u015ftirdikleri s\u00f6ylenmektedir. Yap\u0131n\u0131n, sadece \u0130ngiltere\u2019nin en eski bah\u00e7esine sahip olmad\u0131\u011f\u0131 ayn\u0131 zamanda \u0130ngiltere\u2019nin en eski kap\u0131s\u0131n\u0131n da burada bulundu\u011fu belirtilmektedir. Papazlar meclisi binas\u0131nda bulunan bu kap\u0131, me\u015fe a\u011fac\u0131ndand\u0131r ve 1050 y\u0131l\u0131nda imal edilmi\u015ftir.<\/p>\n<h3 style=\"text-align: justify;\">4. Rusya: Saint Basil Katedrali (Aziz Vasil Katedrali )<\/h3>\n<p style=\"text-align: center;\"><a href=\"https:\/\/epochtimestr.com\/index.php\/avrupanin-en-gorkemli-10-yapisi\/saint-basil-katedrali-aziz-vasil-katedrali\" rel=\"attachment wp-att-73032\"><img loading=\"lazy\" decoding=\"async\" class=\"aligncenter  wp-image-73032\" alt=\"Saint Basil Katedrali (Aziz Vasil Katedrali )\" src=\"https:\/\/epochtimestr.com\/wp-content\/uploads\/2011y\/Saint-Basil-Katedrali-Aziz-Vasil-Katedrali-.jpg\" width=\"391\" height=\"560\" srcset=\"https:\/\/epochtimestr.com\/wp-content\/uploads\/2011y\/Saint-Basil-Katedrali-Aziz-Vasil-Katedrali-.jpg 558w, https:\/\/epochtimestr.com\/wp-content\/uploads\/2011y\/Saint-Basil-Katedrali-Aziz-Vasil-Katedrali--104x150.jpg 104w, https:\/\/epochtimestr.com\/wp-content\/uploads\/2011y\/Saint-Basil-Katedrali-Aziz-Vasil-Katedrali--209x300.jpg 209w, https:\/\/epochtimestr.com\/wp-content\/uploads\/2011y\/Saint-Basil-Katedrali-Aziz-Vasil-Katedrali--279x400.jpg 279w, https:\/\/epochtimestr.com\/wp-content\/uploads\/2011y\/Saint-Basil-Katedrali-Aziz-Vasil-Katedrali--292x418.jpg 292w\" sizes=\"(max-width: 391px) 100vw, 391px\" \/><\/a><\/p>\n<p style=\"text-align: justify;\">Tarihte anlat\u0131lan efsaneye g\u00f6re Frans\u0131z Komutan Napolyon Aziz Vasil Katedraline o kadar hayran kalm\u0131\u015f ki onu Fransa\u2019ya kendisiyle birlikte g\u00f6t\u00fcrmek istemi\u015f. Fakat bunu yapmak imkans\u0131z oldu\u011fu i\u00e7in ve bir ba\u015fkas\u0131n\u0131n i\u015fgal etmesini istemedi\u011fi i\u00e7in ordusuna onu yok etme emri vermi\u015ftir.<\/p>\n<p style=\"text-align: justify;\">Fakat toptaki barut tozu ate\u015fe verildi\u011fi an aniden gizemli bir ya\u011fmur ba\u015flar ve topun patlamas\u0131n\u0131 engeller.<\/p>\n<p style=\"text-align: justify;\">Rusya\u2019n\u0131n g\u00f6rsel a\u00e7\u0131dan en \u00f6nemli yap\u0131lar\u0131ndan biri olan Aziz Vasil Katedrali bir zamanlar Moskova\u2019n\u0131n en y\u00fcksek binas\u0131yd\u0131. B\u00fcy\u00fck \u0130van kulesi 1600 y\u0131l\u0131nda in\u015fa edildi\u011fi zaman en y\u00fcksek yap\u0131 olma \u00f6zelli\u011fini ta\u015f\u0131yordu.<\/p>\n<p style=\"text-align: justify;\">Aziz Vasil, Napolyon\u2019un gazab\u0131ndan kurtulmas\u0131na ra\u011fmen yang\u0131nlardan kurtulamad\u0131.<\/p>\n<p style=\"text-align: justify;\">Tarih boyunca bu yap\u0131 say\u0131s\u0131z defa restorasyondan ge\u00e7mi\u015ftir. 1583 y\u0131l\u0131nda b\u00fcy\u00fck bir yang\u0131n felaketi ge\u00e7irmi\u015ftir. Yine 1737 y\u0131l\u0131nda \u015fiddetli bir yang\u0131n y\u00fcz\u00fcnden \u00e7ok ciddi hasar alm\u0131\u015ft\u0131r. 1812 y\u0131l\u0131ndaki b\u00fcy\u00fck Moskova yang\u0131n\u0131nda hasar g\u00f6rmemi\u015ftir.<\/p>\n<h3 style=\"text-align: justify;\">5. Fransa: Reims Katedrali<\/h3>\n<p style=\"text-align: center;\">\u00a0<a href=\"https:\/\/epochtimestr.com\/index.php\/avrupanin-en-gorkemli-10-yapisi\/reims-katedrali\" rel=\"attachment wp-att-73033\"><img loading=\"lazy\" decoding=\"async\" class=\"aligncenter  wp-image-73033\" alt=\"Reims Katedrali\" src=\"https:\/\/epochtimestr.com\/wp-content\/uploads\/2011y\/Reims-Katedrali.jpg\" width=\"345\" height=\"560\" srcset=\"https:\/\/epochtimestr.com\/wp-content\/uploads\/2011y\/Reims-Katedrali.jpg 493w, https:\/\/epochtimestr.com\/wp-content\/uploads\/2011y\/Reims-Katedrali-92x150.jpg 92w, https:\/\/epochtimestr.com\/wp-content\/uploads\/2011y\/Reims-Katedrali-184x300.jpg 184w, https:\/\/epochtimestr.com\/wp-content\/uploads\/2011y\/Reims-Katedrali-246x400.jpg 246w, https:\/\/epochtimestr.com\/wp-content\/uploads\/2011y\/Reims-Katedrali-292x473.jpg 292w\" sizes=\"(max-width: 345px) 100vw, 345px\" \/><\/a><\/p>\n<p style=\"text-align: justify;\">Gotik tarzda yap\u0131lm\u0131\u015f olan bu katedral tarih boyunca Frans\u0131z Krall\u0131\u011f\u0131n\u0131n resmi ta\u00e7 takma mekan\u0131 olmu\u015ftur. \u0130n\u015faat 1211 y\u0131l\u0131nda ba\u015flam\u0131\u015f ve tam olarak 100 y\u0131l sonra 1311 y\u0131l\u0131nda bitmi\u015ftir. Binan\u0131n d\u0131\u015f cephesi orta \u00e7a\u011f\u0131n en m\u00fckemmel ba\u015fyap\u0131tlar\u0131ndan biri olarak kabul edilmektedir. Ayr\u0131ca detayl\u0131 heykelleri, mozaik camlar\u0131, g\u00fcl a\u011fac\u0131 pencere pervazlar\u0131 ve muhte\u015fem duvar ka\u011f\u0131tlar\u0131 bu binan\u0131n di\u011fer \u00f6nemli \u00f6zellikleri aras\u0131ndad\u0131r. Binay\u0131 y\u0131lda ortalama 1 milyon turist ziyaret etmektedir.<\/p>\n<h3 style=\"text-align: justify;\">6. \u0130ngiltere: Windsor kalesi<\/h3>\n<p style=\"text-align: center;\"><a href=\"https:\/\/epochtimestr.com\/index.php\/avrupanin-en-gorkemli-10-yapisi\/windsor-kalesi\" rel=\"attachment wp-att-73035\"><img loading=\"lazy\" decoding=\"async\" class=\"aligncenter  wp-image-73035\" alt=\"Windsor kalesi\" src=\"https:\/\/epochtimestr.com\/wp-content\/uploads\/2011y\/Windsor-kalesi.jpg\" width=\"450\" height=\"420\" srcset=\"https:\/\/epochtimestr.com\/wp-content\/uploads\/2011y\/Windsor-kalesi.jpg 643w, https:\/\/epochtimestr.com\/wp-content\/uploads\/2011y\/Windsor-kalesi-600x560.jpg 600w, https:\/\/epochtimestr.com\/wp-content\/uploads\/2011y\/Windsor-kalesi-150x139.jpg 150w, https:\/\/epochtimestr.com\/wp-content\/uploads\/2011y\/Windsor-kalesi-300x279.jpg 300w, https:\/\/epochtimestr.com\/wp-content\/uploads\/2011y\/Windsor-kalesi-428x400.jpg 428w, https:\/\/epochtimestr.com\/wp-content\/uploads\/2011y\/Windsor-kalesi-60x55.jpg 60w, https:\/\/epochtimestr.com\/wp-content\/uploads\/2011y\/Windsor-kalesi-292x272.jpg 292w, https:\/\/epochtimestr.com\/wp-content\/uploads\/2011y\/Windsor-kalesi-638x595.jpg 638w, https:\/\/epochtimestr.com\/wp-content\/uploads\/2011y\/Windsor-kalesi-629x586.jpg 629w\" sizes=\"(max-width: 450px) 100vw, 450px\" \/><\/a><\/p>\n<p style=\"text-align: justify;\">Hitler s\u00f6ylentilere g\u00f6re e\u011fer \u0130ngiltere\u2019yi i\u015fgal etme konusunda ba\u015far\u0131l\u0131 olsayd\u0131 bu kaleyi evi olarak kullanmak istiyordu. O y\u00fczden de bombalanmayaca\u011f\u0131n\u0131 garanti alt\u0131na alm\u0131\u015ft\u0131. Elbette kalede ya\u015fayanlar bunu bilmiyordu ve tedbir olarak da pencerelerini karartm\u0131\u015flar, de\u011ferli eserleri saraydan uzakla\u015ft\u0131rm\u0131\u015flard\u0131. Sava\u015f s\u0131ras\u0131nda kraliyet ailesi gecelerini bu sarayda ge\u00e7iriyordu, fakat bunu gizli bir \u015fekilde yap\u0131yorlard\u0131. D\u0131\u015f d\u00fcnya onlar\u0131n Buckingham saray\u0131nda uyuduklar\u0131n\u0131 san\u0131yordu.<\/p>\n<p style=\"text-align: justify;\">Windsor Kalesi \u0130ngiliz kraliyet ailelerine 1000 y\u0131l ev sahipli\u011fi yapm\u0131\u015ft\u0131r ve d\u00fcnyada ikamet edilen en eski, en b\u00fcy\u00fck sarayd\u0131r. 11. Y\u00fczy\u0131lda in\u015fa edilmi\u015f olup Thames Nehrini ve Windsor orman\u0131n\u0131 g\u00f6ren bir konumda in\u015fa edilmi\u015ftir.<\/p>\n<p style=\"text-align: justify;\">1992 y\u0131l\u0131nda \u00e7\u0131kan b\u00fcy\u00fck bir yang\u0131n yakla\u015f\u0131k 100 odaya yani saray\u0131n y\u00fczde yirmisine zarar vermi\u015ftir. Bu yang\u0131n\u0131 s\u00f6nd\u00fcrmek 15 saat alm\u0131\u015f ve 1,5 milyon galon su kullan\u0131lm\u0131\u015ft\u0131r. Kaleyi tekrar tamir etmek 5 y\u0131l s\u00fcrm\u00fc\u015f 37 milyon pounda mal olmu\u015ftur. Bu maliyeti kar\u015f\u0131lamak i\u00e7in Kale ve Buckingham Saray\u0131 ilk kez halka a\u00e7\u0131lm\u0131\u015ft\u0131r.<\/p>\n<h3 style=\"text-align: justify;\">7. \u0130talya: Santa Maria del Fiore (Floransa Katedrali)<\/h3>\n<p style=\"text-align: center;\"><a href=\"https:\/\/epochtimestr.com\/index.php\/avrupanin-en-gorkemli-10-yapisi\/santa-maria-del-fiore-floransa-katedrali\" rel=\"attachment wp-att-73036\"><img loading=\"lazy\" decoding=\"async\" class=\"aligncenter  wp-image-73036\" alt=\"Santa Maria del Fiore (Floransa Katedrali)\" src=\"https:\/\/epochtimestr.com\/wp-content\/uploads\/2011y\/Santa-Maria-del-Fiore-Floransa-Katedrali.jpg\" width=\"374\" height=\"560\" srcset=\"https:\/\/epochtimestr.com\/wp-content\/uploads\/2011y\/Santa-Maria-del-Fiore-Floransa-Katedrali.jpg 534w, https:\/\/epochtimestr.com\/wp-content\/uploads\/2011y\/Santa-Maria-del-Fiore-Floransa-Katedrali-100x150.jpg 100w, https:\/\/epochtimestr.com\/wp-content\/uploads\/2011y\/Santa-Maria-del-Fiore-Floransa-Katedrali-200x300.jpg 200w, https:\/\/epochtimestr.com\/wp-content\/uploads\/2011y\/Santa-Maria-del-Fiore-Floransa-Katedrali-267x400.jpg 267w, https:\/\/epochtimestr.com\/wp-content\/uploads\/2011y\/Santa-Maria-del-Fiore-Floransa-Katedrali-292x437.jpg 292w\" sizes=\"(max-width: 374px) 100vw, 374px\" \/><\/a><\/p>\n<p style=\"text-align: justify;\">Santa Maria del Fiore Floransa\u2019n\u0131n sembol\u00fcd\u00fcr. Bu yap\u0131n\u0131n in\u015faat\u0131 1296 y\u0131l\u0131nda ba\u015flam\u0131\u015f ve 1436 y\u0131l\u0131nda tamamlanm\u0131\u015ft\u0131r. Bu yap\u0131n\u0131n en cezbedici \u00f6zelli\u011fi kubbesidir. Bir zamanlar, d\u00fcnyada tek par\u00e7a olarak in\u015fa edilen en b\u00fcy\u00fck kubbe olup, \u015fimdiye kadar in\u015fa edilmi\u015f olan en b\u00fcy\u00fck tu\u011fla kubbe olma \u00f6zelli\u011fini hala s\u00fcrd\u00fcrmektedir. Kubbenin i\u00e7i \u00e7ok nadir g\u00f6r\u00fclebilecek muhte\u015femlikte renkli ve g\u00f6rkemli tavan resimleriyle kapl\u0131d\u0131r. \u0130talya\u2019n\u0131n en b\u00fcy\u00fck kiliselerinden biri ve ayn\u0131 zamanda i\u00e7inde \u00f6nemli sanat eserleri bar\u0131nd\u0131rmaktad\u0131r. Bu sebeple, UNESCO\u2019nun korumas\u0131 alt\u0131ndaki yap\u0131lardan biri olmu\u015ftur.<\/p>\n<h3 style=\"text-align: justify;\">8. Fransa: Chenonceau \u015eatosu<\/h3>\n<p style=\"text-align: center;\"><a href=\"https:\/\/epochtimestr.com\/index.php\/avrupanin-en-gorkemli-10-yapisi\/chenonceau-satosu\" rel=\"attachment wp-att-73037\"><img loading=\"lazy\" decoding=\"async\" class=\"aligncenter  wp-image-73037\" alt=\"Chenonceau \u015eatosu\" src=\"https:\/\/epochtimestr.com\/wp-content\/uploads\/2011y\/Chenonceau-%C5%9Eatosu.jpg\" width=\"421\" height=\"420\" \/><\/a><\/p>\n<p style=\"text-align: justify;\">R\u00f6nesans d\u00f6nemi tarz\u0131nda yap\u0131lm\u0131\u015f olan bu bina Cher nehri kar\u015f\u0131na in\u015fa edilmi\u015ftir. Fransa\u2019da en \u00e7ok ziyaret edilen ve en \u00e7ok foto\u011fraflanan \u015fatolardan biridir.\u00a0 Saray\u0131n d\u0131\u015f bah\u00e7eleri muhte\u015femdir. \u0130\u00e7inde \u00e7ok g\u00f6rkemli bir k\u00fct\u00fcphane bar\u0131nd\u0131rmaktad\u0131r. Y\u00fczlerce ki\u015fiyi e\u011flendirebilen b\u00fcy\u00fck salonlar\u0131 ve \u00e7ok \u00e7e\u015fitli odalar\u0131 bulunmaktad\u0131r. Odalar heykeller ve tablolarla s\u00fcslenmi\u015ftir.<\/p>\n<h3 style=\"text-align: justify;\">9. Vatikan: Aziz Petrus Bazilikas\u0131<\/h3>\n<p style=\"text-align: center;\"><a href=\"https:\/\/epochtimestr.com\/index.php\/avrupanin-en-gorkemli-10-yapisi\/aziz-petrus-bazilikasi\" rel=\"attachment wp-att-73038\"><img loading=\"lazy\" decoding=\"async\" class=\"aligncenter  wp-image-73038\" alt=\"Aziz Petrus Bazilikas\u0131\" src=\"https:\/\/epochtimestr.com\/wp-content\/uploads\/2011y\/Aziz-Petrus-Bazilikas%C4%B1.jpg\" width=\"560\" height=\"372\" \/><\/a><\/p>\n<p style=\"text-align: justify;\">R\u00f6nesans\u2019\u0131n en me\u015fhur mimarilerinden biri de Aziz Petrus Bazilikas\u0131d\u0131r. Bu bina d\u00fcnyadaki en b\u00fcy\u00fck kiliselerden biridir. Sanatseverler bu binan\u0131n i\u00e7erisinde bulunan s\u0131ra d\u0131\u015f\u0131 sanat eserleri kar\u015f\u0131s\u0131nda b\u00fcy\u00fck bir \u015fa\u015fk\u0131nl\u0131k ya\u015famaktad\u0131r. Bazilikan\u0131n kubbesi Michelangelo taraf\u0131ndan tasarlanm\u0131\u015ft\u0131r. Ve binan\u0131n i\u00e7erisinde bulunan en \u00f6nemli sanat eserlerinden bir tanesi Michelangelo\u2019nun \u201cPieta\u201ds\u0131d\u0131r. Bir di\u011fer \u00fcnl\u00fc sanat\u00e7\u0131 olan Raphael\u2019in muazzam \u00e7al\u0131\u015fmas\u0131 olan \u201cThe Transfiguration\u201d bu bina i\u00e7erisinde yer almaktad\u0131r.\u00a0 Bazilika 60.000 ziyaret\u00e7i kapasitesine sahiptir. Giri\u015f \u00fccretsizdir. E\u011fer bu yap\u0131y\u0131 ziyaret etmeyi planl\u0131yorsan\u0131z d\u00fczg\u00fcn bir \u015fekilde giyinmeniz gerekiyor, \u00e7\u00fcnk\u00fc \u00e7ok ciddi k\u0131yafet kurallar\u0131na sahiptir.<\/p>\n<h3 style=\"text-align: justify;\">10. Danimarka: Frederiksborg Saray\u0131<\/h3>\n<p style=\"text-align: center;\"><a href=\"https:\/\/epochtimestr.com\/index.php\/avrupanin-en-gorkemli-10-yapisi\/frederiksborg-sarayi\" rel=\"attachment wp-att-73039\"><img loading=\"lazy\" decoding=\"async\" class=\"aligncenter  wp-image-73039\" alt=\"Frederiksborg Saray\u0131\" src=\"https:\/\/epochtimestr.com\/wp-content\/uploads\/2011y\/Frederiksborg-Saray%C4%B1.jpg\" width=\"560\" height=\"374\" \/><\/a><\/p>\n<p style=\"text-align: justify;\">\u00d6nceleri kraliyet binas\u0131 olarak in\u015fa edilmi\u015f olan Frederiksborg Saray\u0131 \u0130skandinav b\u00f6lgesindeki en b\u00fcy\u00fck R\u00f6nesans saray\u0131d\u0131r. 17. Y\u00fczy\u0131lda in\u015fa edilmi\u015ftir ve Piri\u015ftine g\u00f6l\u00fcn\u00fcn ortas\u0131ndaki 3 ayr\u0131 adaya konumland\u0131r\u0131lm\u0131\u015ft\u0131r. G\u00fcn\u00fcm\u00fczde bu bina Ulusal Tarih M\u00fczesi\u2019ne ev sahipli\u011fi yapmaktad\u0131r ve b\u00fcnyesinde Danimarka tarihini \u00f6\u011frenebilece\u011finiz muhte\u015fem sanat eserleri ve mobilyalar bar\u0131nd\u0131r\u0131r. Ziyaret\u00e7iler Danimarka krallar\u0131 ve krali\u00e7eleriyle ayn\u0131 koridorda y\u00fcr\u00fcmektedir.<\/p>\n<p style=\"text-align: justify;\"><a href=\"http:\/\/www.theepochtimes.com\/n3\/304033-bucket-list-of-magnificent-structures-of-europe\/\">\u00a0Haz\u0131rlayan: Daniel Cameron, Epoch Times<\/a><\/p>\n<p style=\"text-align: justify;\">\n","protected":false},"excerpt":{"rendered":"<p>1. Fransa: Versay Saray\u0131 Versay Saray\u0131, Manhattan Adas\u0131\u2019n\u0131n toplam y\u00fcz\u00f6l\u00e7\u00fcm\u00fcnden daha b\u00fcy\u00fck bir alana sahiptir. Bu yap\u0131n\u0131n maliyetini belirlemek \u00e7ok zordur, \u00e7\u00fcnk\u00fc g\u00fcn\u00fcm\u00fczde paha bi\u00e7ilememektedir. PBS (Public Broadcasting Service) verilerine g\u00f6re tarih\u00e7ilerin belirledi\u011fi tahmini de\u011fer 2 milyar ile 300 milyar Amerikan Dolar\u0131 aras\u0131nda de\u011fi\u015fmekte. Versay Saray\u0131n\u0131n en \u00fcnl\u00fc b\u00f6l\u00fcm\u00fc ise Aynalar Salonudur.\u00a0 1. D\u00fcnya Sava\u015f\u0131\u2019n\u0131 [&hellip;]<\/p>\n","protected":false},"author":26,"featured_media":73032,"comment_status":"open","ping_status":"open","sticky":false,"template":"","format":"standard","meta":{"_yoast_wpseo_focuskw":"","_yoast_wpseo_title":"","_yoast_wpseo_metadesc":"","_bbp_topic_count":0,"_bbp_reply_count":0,"_bbp_total_topic_count":0,"_bbp_total_reply_count":0,"_bbp_voice_count":0,"_bbp_anonymous_reply_count":0,"_bbp_topic_count_hidden":0,"_bbp_reply_count_hidden":0,"_bbp_forum_subforum_count":0,"footnotes":"","_yoast_wpseo_focuskw_text_input":""},"categories":[5,519,20,6922],"tags":[285,3960,3958,3706,3954,3957,3956,3959,3955],"yoast_head":"<!-- This site is optimized with the Yoast SEO plugin v23.0 - https:\/\/yoast.com\/wordpress\/plugins\/seo\/ -->\n<title>Avrupa&#039;n\u0131n En G\u00f6rkemli 10 Yap\u0131s\u0131 - The Epoch Times TR<\/title>\n<meta name=\"robots\" content=\"index, follow, max-snippet:-1, max-image-preview:large, max-video-preview:-1\" \/>\n<link rel=\"canonical\" href=\"https:\/\/epochtimestr.com\/index.php\/avrupanin-en-gorkemli-10-yapisi\" \/>\n<meta property=\"og:locale\" content=\"tr_TR\" \/>\n<meta property=\"og:type\" content=\"article\" \/>\n<meta property=\"og:title\" content=\"Avrupa&#039;n\u0131n En G\u00f6rkemli 10 Yap\u0131s\u0131 - The Epoch Times TR\" \/>\n<meta property=\"og:description\" content=\"1. Fransa: Versay Saray\u0131 Versay Saray\u0131, Manhattan Adas\u0131\u2019n\u0131n toplam y\u00fcz\u00f6l\u00e7\u00fcm\u00fcnden daha b\u00fcy\u00fck bir alana sahiptir. Bu yap\u0131n\u0131n maliyetini belirlemek \u00e7ok zordur, \u00e7\u00fcnk\u00fc g\u00fcn\u00fcm\u00fczde paha bi\u00e7ilememektedir. PBS (Public Broadcasting Service) verilerine g\u00f6re tarih\u00e7ilerin belirledi\u011fi tahmini de\u011fer 2 milyar ile 300 milyar Amerikan Dolar\u0131 aras\u0131nda de\u011fi\u015fmekte. Versay Saray\u0131n\u0131n en \u00fcnl\u00fc b\u00f6l\u00fcm\u00fc ise Aynalar Salonudur.\u00a0 1. D\u00fcnya Sava\u015f\u0131\u2019n\u0131 [&hellip;]\" \/>\n<meta property=\"og:url\" content=\"https:\/\/epochtimestr.com\/index.php\/avrupanin-en-gorkemli-10-yapisi\" \/>\n<meta property=\"og:site_name\" content=\"The Epoch Times TR\" \/>\n<meta property=\"article:publisher\" content=\"https:\/\/www.facebook.com\/theepochtimestr\" \/>\n<meta property=\"article:published_time\" content=\"2013-10-09T07:59:32+00:00\" \/>\n<meta property=\"article:modified_time\" content=\"2022-07-24T14:38:39+00:00\" \/>\n<meta property=\"og:image\" content=\"https:\/\/epochtimestr.com\/wp-content\/uploads\/2011y\/Saint-Basil-Katedrali-Aziz-Vasil-Katedrali-.jpg\" \/>\n\t<meta property=\"og:image:width\" content=\"558\" \/>\n\t<meta property=\"og:image:height\" content=\"800\" \/>\n\t<meta property=\"og:image:type\" content=\"image\/jpeg\" \/>\n<meta name=\"author\" content=\"Bora Akdeniz\" \/>\n<meta name=\"twitter:card\" content=\"summary_large_image\" \/>\n<meta name=\"twitter:creator\" content=\"@TheEpochTimesTR\" \/>\n<meta name=\"twitter:site\" content=\"@TheEpochTimesTR\" \/>\n<meta name=\"twitter:label1\" content=\"Yazan:\" \/>\n\t<meta name=\"twitter:data1\" content=\"Bora Akdeniz\" \/>\n\t<meta name=\"twitter:label2\" content=\"Tahmini okuma s\u00fcresi\" \/>\n\t<meta name=\"twitter:data2\" content=\"7 dakika\" \/>\n<script type=\"application\/ld+json\" class=\"yoast-schema-graph\">{\"@context\":\"https:\/\/schema.org\",\"@graph\":[{\"@type\":\"Article\",\"@id\":\"https:\/\/epochtimestr.com\/index.php\/avrupanin-en-gorkemli-10-yapisi#article\",\"isPartOf\":{\"@id\":\"https:\/\/epochtimestr.com\/index.php\/avrupanin-en-gorkemli-10-yapisi\"},\"author\":{\"name\":\"Bora Akdeniz\",\"@id\":\"https:\/\/epochtimestr.com\/#\/schema\/person\/6f6ae2b6925d245f720f768d92c22ba0\"},\"headline\":\"Avrupa&#8217;n\u0131n En G\u00f6rkemli 10 Yap\u0131s\u0131\",\"datePublished\":\"2013-10-09T07:59:32+00:00\",\"dateModified\":\"2022-07-24T14:38:39+00:00\",\"mainEntityOfPage\":{\"@id\":\"https:\/\/epochtimestr.com\/index.php\/avrupanin-en-gorkemli-10-yapisi\"},\"wordCount\":1340,\"commentCount\":0,\"publisher\":{\"@id\":\"https:\/\/epochtimestr.com\/#organization\"},\"image\":{\"@id\":\"https:\/\/epochtimestr.com\/index.php\/avrupanin-en-gorkemli-10-yapisi#primaryimage\"},\"thumbnailUrl\":\"https:\/\/epochtimestr.com\/wp-content\/uploads\/2011y\/Saint-Basil-Katedrali-Aziz-Vasil-Katedrali-.jpg\",\"keywords\":[\"Avrupa\",\"bazilika\",\"gereken\",\"gezi\",\"g\u00f6r\u00fclecek\",\"g\u00f6r\u00fclmesi\",\"i\u00e7in\",\"kiliseler\",\"yerler\"],\"articleSection\":[\"D\u00dcNYA\",\"ED\u0130T\u00d6R\u00dcN SE\u00c7\u0130M\u0130\",\"Foto\u011fraf Galerisi\",\"Seyahat\"],\"inLanguage\":\"tr\",\"potentialAction\":[{\"@type\":\"CommentAction\",\"name\":\"Comment\",\"target\":[\"https:\/\/epochtimestr.com\/index.php\/avrupanin-en-gorkemli-10-yapisi#respond\"]}]},{\"@type\":\"WebPage\",\"@id\":\"https:\/\/epochtimestr.com\/index.php\/avrupanin-en-gorkemli-10-yapisi\",\"url\":\"https:\/\/epochtimestr.com\/index.php\/avrupanin-en-gorkemli-10-yapisi\",\"name\":\"Avrupa'n\u0131n En G\u00f6rkemli 10 Yap\u0131s\u0131 - The Epoch Times TR\",\"isPartOf\":{\"@id\":\"https:\/\/epochtimestr.com\/#website\"},\"primaryImageOfPage\":{\"@id\":\"https:\/\/epochtimestr.com\/index.php\/avrupanin-en-gorkemli-10-yapisi#primaryimage\"},\"image\":{\"@id\":\"https:\/\/epochtimestr.com\/index.php\/avrupanin-en-gorkemli-10-yapisi#primaryimage\"},\"thumbnailUrl\":\"https:\/\/epochtimestr.com\/wp-content\/uploads\/2011y\/Saint-Basil-Katedrali-Aziz-Vasil-Katedrali-.jpg\",\"datePublished\":\"2013-10-09T07:59:32+00:00\",\"dateModified\":\"2022-07-24T14:38:39+00:00\",\"inLanguage\":\"tr\",\"potentialAction\":[{\"@type\":\"ReadAction\",\"target\":[\"https:\/\/epochtimestr.com\/index.php\/avrupanin-en-gorkemli-10-yapisi\"]}]},{\"@type\":\"ImageObject\",\"inLanguage\":\"tr\",\"@id\":\"https:\/\/epochtimestr.com\/index.php\/avrupanin-en-gorkemli-10-yapisi#primaryimage\",\"url\":\"https:\/\/epochtimestr.com\/wp-content\/uploads\/2011y\/Saint-Basil-Katedrali-Aziz-Vasil-Katedrali-.jpg\",\"contentUrl\":\"https:\/\/epochtimestr.com\/wp-content\/uploads\/2011y\/Saint-Basil-Katedrali-Aziz-Vasil-Katedrali-.jpg\",\"width\":558,\"height\":800},{\"@type\":\"WebSite\",\"@id\":\"https:\/\/epochtimestr.com\/#website\",\"url\":\"https:\/\/epochtimestr.com\/\",\"name\":\"The Epoch Times TR\",\"description\":\"De\u011fi\u015fen D\u00fcnyam\u0131za Taze Bir Bak\u0131\u015f\",\"publisher\":{\"@id\":\"https:\/\/epochtimestr.com\/#organization\"},\"potentialAction\":[{\"@type\":\"SearchAction\",\"target\":{\"@type\":\"EntryPoint\",\"urlTemplate\":\"https:\/\/epochtimestr.com\/?s={search_term_string}\"},\"query-input\":\"required name=search_term_string\"}],\"inLanguage\":\"tr\"},{\"@type\":\"Organization\",\"@id\":\"https:\/\/epochtimestr.com\/#organization\",\"name\":\"The EpochTimes T\u00fcrkiye\",\"url\":\"https:\/\/epochtimestr.com\/\",\"logo\":{\"@type\":\"ImageObject\",\"inLanguage\":\"tr\",\"@id\":\"https:\/\/epochtimestr.com\/#\/schema\/logo\/image\/\",\"url\":\"https:\/\/epochtimestr.com\/wp-content\/uploads\/2011y\/ET-Logo-YG.jpg\",\"contentUrl\":\"https:\/\/epochtimestr.com\/wp-content\/uploads\/2011y\/ET-Logo-YG.jpg\",\"width\":346,\"height\":29,\"caption\":\"The EpochTimes T\u00fcrkiye\"},\"image\":{\"@id\":\"https:\/\/epochtimestr.com\/#\/schema\/logo\/image\/\"},\"sameAs\":[\"https:\/\/www.facebook.com\/theepochtimestr\",\"https:\/\/x.com\/TheEpochTimesTR\",\"https:\/\/www.instagram.com\/epochtimestr\"]},{\"@type\":\"Person\",\"@id\":\"https:\/\/epochtimestr.com\/#\/schema\/person\/6f6ae2b6925d245f720f768d92c22ba0\",\"name\":\"Bora Akdeniz\",\"image\":{\"@type\":\"ImageObject\",\"inLanguage\":\"tr\",\"@id\":\"https:\/\/epochtimestr.com\/#\/schema\/person\/image\/\",\"url\":\"https:\/\/secure.gravatar.com\/avatar\/cb30301e62185db27048c64986c2d244?s=96&d=mm&r=g\",\"contentUrl\":\"https:\/\/secure.gravatar.com\/avatar\/cb30301e62185db27048c64986c2d244?s=96&d=mm&r=g\",\"caption\":\"Bora Akdeniz\"},\"sameAs\":[\"http:\/\/www.epochtimestr.com\"],\"url\":\"https:\/\/epochtimestr.com\/index.php\/author\/bora\"}]}<\/script>\n<!-- \/ Yoast SEO plugin. -->","yoast_head_json":{"title":"Avrupa'n\u0131n En G\u00f6rkemli 10 Yap\u0131s\u0131 - The Epoch Times TR","robots":{"index":"index","follow":"follow","max-snippet":"max-snippet:-1","max-image-preview":"max-image-preview:large","max-video-preview":"max-video-preview:-1"},"canonical":"https:\/\/epochtimestr.com\/index.php\/avrupanin-en-gorkemli-10-yapisi","og_locale":"tr_TR","og_type":"article","og_title":"Avrupa'n\u0131n En G\u00f6rkemli 10 Yap\u0131s\u0131 - The Epoch Times TR","og_description":"1. Fransa: Versay Saray\u0131 Versay Saray\u0131, Manhattan Adas\u0131\u2019n\u0131n toplam y\u00fcz\u00f6l\u00e7\u00fcm\u00fcnden daha b\u00fcy\u00fck bir alana sahiptir. Bu yap\u0131n\u0131n maliyetini belirlemek \u00e7ok zordur, \u00e7\u00fcnk\u00fc g\u00fcn\u00fcm\u00fczde paha bi\u00e7ilememektedir. PBS (Public Broadcasting Service) verilerine g\u00f6re tarih\u00e7ilerin belirledi\u011fi tahmini de\u011fer 2 milyar ile 300 milyar Amerikan Dolar\u0131 aras\u0131nda de\u011fi\u015fmekte. Versay Saray\u0131n\u0131n en \u00fcnl\u00fc b\u00f6l\u00fcm\u00fc ise Aynalar Salonudur.\u00a0 1. D\u00fcnya Sava\u015f\u0131\u2019n\u0131 [&hellip;]","og_url":"https:\/\/epochtimestr.com\/index.php\/avrupanin-en-gorkemli-10-yapisi","og_site_name":"The Epoch Times TR","article_publisher":"https:\/\/www.facebook.com\/theepochtimestr","article_published_time":"2013-10-09T07:59:32+00:00","article_modified_time":"2022-07-24T14:38:39+00:00","og_image":[{"width":558,"height":800,"url":"https:\/\/epochtimestr.com\/wp-content\/uploads\/2011y\/Saint-Basil-Katedrali-Aziz-Vasil-Katedrali-.jpg","type":"image\/jpeg"}],"author":"Bora Akdeniz","twitter_card":"summary_large_image","twitter_creator":"@TheEpochTimesTR","twitter_site":"@TheEpochTimesTR","twitter_misc":{"Yazan:":"Bora Akdeniz","Tahmini okuma s\u00fcresi":"7 dakika"},"schema":{"@context":"https:\/\/schema.org","@graph":[{"@type":"Article","@id":"https:\/\/epochtimestr.com\/index.php\/avrupanin-en-gorkemli-10-yapisi#article","isPartOf":{"@id":"https:\/\/epochtimestr.com\/index.php\/avrupanin-en-gorkemli-10-yapisi"},"author":{"name":"Bora Akdeniz","@id":"https:\/\/epochtimestr.com\/#\/schema\/person\/6f6ae2b6925d245f720f768d92c22ba0"},"headline":"Avrupa&#8217;n\u0131n En G\u00f6rkemli 10 Yap\u0131s\u0131","datePublished":"2013-10-09T07:59:32+00:00","dateModified":"2022-07-24T14:38:39+00:00","mainEntityOfPage":{"@id":"https:\/\/epochtimestr.com\/index.php\/avrupanin-en-gorkemli-10-yapisi"},"wordCount":1340,"commentCount":0,"publisher":{"@id":"https:\/\/epochtimestr.com\/#organization"},"image":{"@id":"https:\/\/epochtimestr.com\/index.php\/avrupanin-en-gorkemli-10-yapisi#primaryimage"},"thumbnailUrl":"https:\/\/epochtimestr.com\/wp-content\/uploads\/2011y\/Saint-Basil-Katedrali-Aziz-Vasil-Katedrali-.jpg","keywords":["Avrupa","bazilika","gereken","gezi","g\u00f6r\u00fclecek","g\u00f6r\u00fclmesi","i\u00e7in","kiliseler","yerler"],"articleSection":["D\u00dcNYA","ED\u0130T\u00d6R\u00dcN SE\u00c7\u0130M\u0130","Foto\u011fraf Galerisi","Seyahat"],"inLanguage":"tr","potentialAction":[{"@type":"CommentAction","name":"Comment","target":["https:\/\/epochtimestr.com\/index.php\/avrupanin-en-gorkemli-10-yapisi#respond"]}]},{"@type":"WebPage","@id":"https:\/\/epochtimestr.com\/index.php\/avrupanin-en-gorkemli-10-yapisi","url":"https:\/\/epochtimestr.com\/index.php\/avrupanin-en-gorkemli-10-yapisi","name":"Avrupa'n\u0131n En G\u00f6rkemli 10 Yap\u0131s\u0131 - The Epoch Times TR","isPartOf":{"@id":"https:\/\/epochtimestr.com\/#website"},"primaryImageOfPage":{"@id":"https:\/\/epochtimestr.com\/index.php\/avrupanin-en-gorkemli-10-yapisi#primaryimage"},"image":{"@id":"https:\/\/epochtimestr.com\/index.php\/avrupanin-en-gorkemli-10-yapisi#primaryimage"},"thumbnailUrl":"https:\/\/epochtimestr.com\/wp-content\/uploads\/2011y\/Saint-Basil-Katedrali-Aziz-Vasil-Katedrali-.jpg","datePublished":"2013-10-09T07:59:32+00:00","dateModified":"2022-07-24T14:38:39+00:00","inLanguage":"tr","potentialAction":[{"@type":"ReadAction","target":["https:\/\/epochtimestr.com\/index.php\/avrupanin-en-gorkemli-10-yapisi"]}]},{"@type":"ImageObject","inLanguage":"tr","@id":"https:\/\/epochtimestr.com\/index.php\/avrupanin-en-gorkemli-10-yapisi#primaryimage","url":"https:\/\/epochtimestr.com\/wp-content\/uploads\/2011y\/Saint-Basil-Katedrali-Aziz-Vasil-Katedrali-.jpg","contentUrl":"https:\/\/epochtimestr.com\/wp-content\/uploads\/2011y\/Saint-Basil-Katedrali-Aziz-Vasil-Katedrali-.jpg","width":558,"height":800},{"@type":"WebSite","@id":"https:\/\/epochtimestr.com\/#website","url":"https:\/\/epochtimestr.com\/","name":"The Epoch Times TR","description":"De\u011fi\u015fen D\u00fcnyam\u0131za Taze Bir Bak\u0131\u015f","publisher":{"@id":"https:\/\/epochtimestr.com\/#organization"},"potentialAction":[{"@type":"SearchAction","target":{"@type":"EntryPoint","urlTemplate":"https:\/\/epochtimestr.com\/?s={search_term_string}"},"query-input":"required name=search_term_string"}],"inLanguage":"tr"},{"@type":"Organization","@id":"https:\/\/epochtimestr.com\/#organization","name":"The EpochTimes T\u00fcrkiye","url":"https:\/\/epochtimestr.com\/","logo":{"@type":"ImageObject","inLanguage":"tr","@id":"https:\/\/epochtimestr.com\/#\/schema\/logo\/image\/","url":"https:\/\/epochtimestr.com\/wp-content\/uploads\/2011y\/ET-Logo-YG.jpg","contentUrl":"https:\/\/epochtimestr.com\/wp-content\/uploads\/2011y\/ET-Logo-YG.jpg","width":346,"height":29,"caption":"The EpochTimes T\u00fcrkiye"},"image":{"@id":"https:\/\/epochtimestr.com\/#\/schema\/logo\/image\/"},"sameAs":["https:\/\/www.facebook.com\/theepochtimestr","https:\/\/x.com\/TheEpochTimesTR","https:\/\/www.instagram.com\/epochtimestr"]},{"@type":"Person","@id":"https:\/\/epochtimestr.com\/#\/schema\/person\/6f6ae2b6925d245f720f768d92c22ba0","name":"Bora Akdeniz","image":{"@type":"ImageObject","inLanguage":"tr","@id":"https:\/\/epochtimestr.com\/#\/schema\/person\/image\/","url":"https:\/\/secure.gravatar.com\/avatar\/cb30301e62185db27048c64986c2d244?s=96&d=mm&r=g","contentUrl":"https:\/\/secure.gravatar.com\/avatar\/cb30301e62185db27048c64986c2d244?s=96&d=mm&r=g","caption":"Bora Akdeniz"},"sameAs":["http:\/\/www.epochtimestr.com"],"url":"https:\/\/epochtimestr.com\/index.php\/author\/bora"}]}},"_links":{"self":[{"href":"https:\/\/epochtimestr.com\/index.php\/wp-json\/wp\/v2\/posts\/73017"}],"collection":[{"href":"https:\/\/epochtimestr.com\/index.php\/wp-json\/wp\/v2\/posts"}],"about":[{"href":"https:\/\/epochtimestr.com\/index.php\/wp-json\/wp\/v2\/types\/post"}],"author":[{"embeddable":true,"href":"https:\/\/epochtimestr.com\/index.php\/wp-json\/wp\/v2\/users\/26"}],"replies":[{"embeddable":true,"href":"https:\/\/epochtimestr.com\/index.php\/wp-json\/wp\/v2\/comments?post=73017"}],"version-history":[{"count":11,"href":"https:\/\/epochtimestr.com\/index.php\/wp-json\/wp\/v2\/posts\/73017\/revisions"}],"predecessor-version":[{"id":73064,"href":"https:\/\/epochtimestr.com\/index.php\/wp-json\/wp\/v2\/posts\/73017\/revisions\/73064"}],"wp:featuredmedia":[{"embeddable":true,"href":"https:\/\/epochtimestr.com\/index.php\/wp-json\/wp\/v2\/media\/73032"}],"wp:attachment":[{"href":"https:\/\/epochtimestr.com\/index.php\/wp-json\/wp\/v2\/media?parent=73017"}],"wp:term":[{"taxonomy":"category","embeddable":true,"href":"https:\/\/epochtimestr.com\/index.php\/wp-json\/wp\/v2\/categories?post=73017"},{"taxonomy":"post_tag","embeddable":true,"href":"https:\/\/epochtimestr.com\/index.php\/wp-json\/wp\/v2\/tags?post=73017"}],"curies":[{"name":"wp","href":"https:\/\/api.w.org\/{rel}","templated":true}]}}