{"id":73313,"date":"2013-11-09T19:31:16","date_gmt":"2013-11-09T16:31:16","guid":{"rendered":"http:\/\/epochtimestr.com\/?p=73313"},"modified":"2013-11-09T19:31:16","modified_gmt":"2013-11-09T16:31:16","slug":"turkiyede-bir-ilktibbi-ve-aromatik-bitkiler-muzesi","status":"publish","type":"post","link":"https:\/\/epochtimestr.com\/index.php\/turkiyede-bir-ilktibbi-ve-aromatik-bitkiler-muzesi","title":{"rendered":"T\u00fcrkiye&#8217;de bir ilk;T\u0131bbi ve Aromatik Bitkiler M\u00fczesi"},"content":{"rendered":"<figure id=\"attachment_73320\" aria-describedby=\"caption-attachment-73320\" style=\"width: 622px\" class=\"wp-caption aligncenter\"><a href=\"https:\/\/epochtimestr.com\/wp-content\/uploads\/2011y\/antakya-aromatik-bitki-m\u00fcze-8.jpg\"><img loading=\"lazy\" decoding=\"async\" class=\"size-full wp-image-73320\" alt=\"Aromatik ve \u015fifal\u0131 Bitkiler m\u00fczesi i\u00e7in eski bir Antakya evi kullan\u0131lm\u0131\u015f. Foto\u011fraf: Epoch Times \u00c7i\u011fdem Akdeniz\" src=\"https:\/\/epochtimestr.com\/wp-content\/uploads\/2011y\/antakya-aromatik-bitki-m\u00fcze-8.jpg\" width=\"622\" height=\"350\" srcset=\"https:\/\/epochtimestr.com\/wp-content\/uploads\/2011y\/antakya-aromatik-bitki-m\u00fcze-8.jpg 622w, https:\/\/epochtimestr.com\/wp-content\/uploads\/2011y\/antakya-aromatik-bitki-m\u00fcze-8-600x337.jpg 600w, https:\/\/epochtimestr.com\/wp-content\/uploads\/2011y\/antakya-aromatik-bitki-m\u00fcze-8-150x84.jpg 150w, https:\/\/epochtimestr.com\/wp-content\/uploads\/2011y\/antakya-aromatik-bitki-m\u00fcze-8-300x168.jpg 300w, https:\/\/epochtimestr.com\/wp-content\/uploads\/2011y\/antakya-aromatik-bitki-m\u00fcze-8-292x164.jpg 292w, https:\/\/epochtimestr.com\/wp-content\/uploads\/2011y\/antakya-aromatik-bitki-m\u00fcze-8-400x225.jpg 400w\" sizes=\"(max-width: 622px) 100vw, 622px\" \/><\/a><figcaption id=\"caption-attachment-73320\" class=\"wp-caption-text\">Aromatik ve \u015fifal\u0131 Bitkiler m\u00fczesi i\u00e7in eski bir Antakya evi kullan\u0131lm\u0131\u015f. Foto\u011fraf: Epoch Times \u00c7i\u011fdem Akdeniz<\/figcaption><\/figure>\n<p style=\"text-align: justify;\">Eski evleriyle ve konaklar\u0131yla \u00fcnl\u00fc Hatay\u2019da aylarca yap\u0131lan zahmetli \u00e7al\u0131\u015fmalar sonucu konusunda tecr\u00fcbeli botanik\u00e7i ve ziraattan sorumlu yetkililer T\u0131bbi ve Aromatik Bitkiler M\u00fczesini, Haziran 2013\u2019te tamamlad\u0131.<\/p>\n<figure id=\"attachment_73314\" aria-describedby=\"caption-attachment-73314\" style=\"width: 622px\" class=\"wp-caption aligncenter\"><a href=\"https:\/\/epochtimestr.com\/wp-content\/uploads\/2011y\/antakya-aromatik-bitki-m\u00fcze-2.jpg\"><img loading=\"lazy\" decoding=\"async\" class=\"size-full wp-image-73314\" alt=\"M\u00fczede toplam 280 adet bitki \u00e7e\u015fidi bulunuyor. Foto\u011fraf: Epoch Times \u00c7i\u011fdem Akdeniz\" src=\"https:\/\/epochtimestr.com\/wp-content\/uploads\/2011y\/antakya-aromatik-bitki-m\u00fcze-2.jpg\" width=\"622\" height=\"350\" srcset=\"https:\/\/epochtimestr.com\/wp-content\/uploads\/2011y\/antakya-aromatik-bitki-m\u00fcze-2.jpg 622w, https:\/\/epochtimestr.com\/wp-content\/uploads\/2011y\/antakya-aromatik-bitki-m\u00fcze-2-600x337.jpg 600w, https:\/\/epochtimestr.com\/wp-content\/uploads\/2011y\/antakya-aromatik-bitki-m\u00fcze-2-150x84.jpg 150w, https:\/\/epochtimestr.com\/wp-content\/uploads\/2011y\/antakya-aromatik-bitki-m\u00fcze-2-300x168.jpg 300w, https:\/\/epochtimestr.com\/wp-content\/uploads\/2011y\/antakya-aromatik-bitki-m\u00fcze-2-292x164.jpg 292w, https:\/\/epochtimestr.com\/wp-content\/uploads\/2011y\/antakya-aromatik-bitki-m\u00fcze-2-400x225.jpg 400w\" sizes=\"(max-width: 622px) 100vw, 622px\" \/><\/a><figcaption id=\"caption-attachment-73314\" class=\"wp-caption-text\">M\u00fczede toplam 280 adet bitki \u00e7e\u015fidi bulunuyor. Foto\u011fraf: Epoch Times \u00c7i\u011fdem Akdeniz<\/figcaption><\/figure>\n<p style=\"text-align: justify;\">Hatay ilinde bulunan 2.000\u2019den fazla bitki t\u00fcr\u00fc bulunmaktad\u0131r. Bu bitkilerin bir\u00e7o\u011funun t\u0131bbi ve aromatik bitkiler oldu\u011fu saptanm\u0131\u015ft\u0131r. M\u00fczede bu bitkilerin 280 \u00e7e\u015fidi sergilenmektedir.<\/p>\n<figure id=\"attachment_73319\" aria-describedby=\"caption-attachment-73319\" style=\"width: 622px\" class=\"wp-caption aligncenter\"><a href=\"https:\/\/epochtimestr.com\/wp-content\/uploads\/2011y\/antakya-aromatik-bitki-m\u00fcze-7.jpg\"><img loading=\"lazy\" decoding=\"async\" class=\"size-full wp-image-73319\" alt=\"Foto\u011fraf: Epoch Times \u00c7i\u011fdem Akdeniz\" src=\"https:\/\/epochtimestr.com\/wp-content\/uploads\/2011y\/antakya-aromatik-bitki-m\u00fcze-7.jpg\" width=\"622\" height=\"350\" srcset=\"https:\/\/epochtimestr.com\/wp-content\/uploads\/2011y\/antakya-aromatik-bitki-m\u00fcze-7.jpg 622w, https:\/\/epochtimestr.com\/wp-content\/uploads\/2011y\/antakya-aromatik-bitki-m\u00fcze-7-600x337.jpg 600w, https:\/\/epochtimestr.com\/wp-content\/uploads\/2011y\/antakya-aromatik-bitki-m\u00fcze-7-150x84.jpg 150w, https:\/\/epochtimestr.com\/wp-content\/uploads\/2011y\/antakya-aromatik-bitki-m\u00fcze-7-300x168.jpg 300w, https:\/\/epochtimestr.com\/wp-content\/uploads\/2011y\/antakya-aromatik-bitki-m\u00fcze-7-292x164.jpg 292w, https:\/\/epochtimestr.com\/wp-content\/uploads\/2011y\/antakya-aromatik-bitki-m\u00fcze-7-400x225.jpg 400w\" sizes=\"(max-width: 622px) 100vw, 622px\" \/><\/a><figcaption id=\"caption-attachment-73319\" class=\"wp-caption-text\">Foto\u011fraf: Epoch Times \u00c7i\u011fdem Akdeniz<\/figcaption><\/figure>\n<p style=\"text-align: justify;\">T\u0131bbi ve Aromatik Bitkiler M\u00fczesinin yap\u0131m\u0131nda b\u00fcy\u00fck katk\u0131s\u0131 olan Y\u00fcksek ziraat M\u00fchendisi Semira han\u0131m, Epoch Times gazetesine, bitkiler konusunda yapt\u0131klar\u0131 \u00f6zenli \u00e7al\u0131\u015fmalar sonucunda T\u00fcrkiye\u2019de bir ilk olan bu m\u00fczenin yap\u0131m\u0131n\u0131 tamamlad\u0131klar\u0131n\u0131 belirtti.<\/p>\n<p style=\"text-align: justify;\">Mustafa Kemal \u00fcniversitesi \u00d6\u011fretim \u00fcyesi Botanik uzman\u0131 Do\u00e7. Dr. Ahmet \u0130l\u00e7im taraf\u0131ndan Antakya ilinde yap\u0131lan uzun bir inceleme ve ara\u015ft\u0131rma d\u00f6neminden sonra tespit edilen bitki t\u00fcrleri di\u011fer \u00f6\u011fretim elemanlar\u0131n\u0131n da yard\u0131m\u0131yla m\u00fcze haline getirilmi\u015ftir.<\/p>\n<figure id=\"attachment_73317\" aria-describedby=\"caption-attachment-73317\" style=\"width: 622px\" class=\"wp-caption aligncenter\"><a href=\"https:\/\/epochtimestr.com\/wp-content\/uploads\/2011y\/antakya-aromatik-bitki-m\u00fcze-5.jpg\"><img loading=\"lazy\" decoding=\"async\" class=\"size-full wp-image-73317\" alt=\"Foto\u011fraf: Epoch Times \u00c7i\u011fdem Akdeniz\" src=\"https:\/\/epochtimestr.com\/wp-content\/uploads\/2011y\/antakya-aromatik-bitki-m\u00fcze-5.jpg\" width=\"622\" height=\"350\" srcset=\"https:\/\/epochtimestr.com\/wp-content\/uploads\/2011y\/antakya-aromatik-bitki-m\u00fcze-5.jpg 622w, https:\/\/epochtimestr.com\/wp-content\/uploads\/2011y\/antakya-aromatik-bitki-m\u00fcze-5-600x337.jpg 600w, https:\/\/epochtimestr.com\/wp-content\/uploads\/2011y\/antakya-aromatik-bitki-m\u00fcze-5-150x84.jpg 150w, https:\/\/epochtimestr.com\/wp-content\/uploads\/2011y\/antakya-aromatik-bitki-m\u00fcze-5-300x168.jpg 300w, https:\/\/epochtimestr.com\/wp-content\/uploads\/2011y\/antakya-aromatik-bitki-m\u00fcze-5-292x164.jpg 292w, https:\/\/epochtimestr.com\/wp-content\/uploads\/2011y\/antakya-aromatik-bitki-m\u00fcze-5-400x225.jpg 400w\" sizes=\"(max-width: 622px) 100vw, 622px\" \/><\/a><figcaption id=\"caption-attachment-73317\" class=\"wp-caption-text\">Foto\u011fraf: Epoch Times \u00c7i\u011fdem Akdeniz<\/figcaption><\/figure>\n<p style=\"text-align: justify;\">Bitki t\u00fcrleri ziyaret\u00e7ilere iki a\u015famal\u0131 olarak sunulmaktad\u0131r. \u00dcst katlarda bitkilerin botanik bilgileri ve t\u0131bbi kullan\u0131\u015flar\u0131 renkli foto\u011fraflarla anlat\u0131lm\u0131\u015ft\u0131r.<\/p>\n<p style=\"text-align: justify;\">Teras katlarda ise bitkilerin \u00e7i\u00e7eklerinin foto\u011fraflar\u0131 ile isimleri sergilenmektedir.<\/p>\n<p style=\"text-align: justify;\"><a href=\"https:\/\/epochtimestr.com\/wp-content\/uploads\/2011y\/antakya-aromatik-bitki-m\u00fcze-6.jpg\"><img loading=\"lazy\" decoding=\"async\" class=\"aligncenter size-full wp-image-73318\" alt=\"antakya aromatik bitki m\u00fcze 6\" src=\"https:\/\/epochtimestr.com\/wp-content\/uploads\/2011y\/antakya-aromatik-bitki-m\u00fcze-6.jpg\" width=\"622\" height=\"350\" srcset=\"https:\/\/epochtimestr.com\/wp-content\/uploads\/2011y\/antakya-aromatik-bitki-m\u00fcze-6.jpg 622w, https:\/\/epochtimestr.com\/wp-content\/uploads\/2011y\/antakya-aromatik-bitki-m\u00fcze-6-600x337.jpg 600w, https:\/\/epochtimestr.com\/wp-content\/uploads\/2011y\/antakya-aromatik-bitki-m\u00fcze-6-150x84.jpg 150w, https:\/\/epochtimestr.com\/wp-content\/uploads\/2011y\/antakya-aromatik-bitki-m\u00fcze-6-300x168.jpg 300w, https:\/\/epochtimestr.com\/wp-content\/uploads\/2011y\/antakya-aromatik-bitki-m\u00fcze-6-292x164.jpg 292w, https:\/\/epochtimestr.com\/wp-content\/uploads\/2011y\/antakya-aromatik-bitki-m\u00fcze-6-400x225.jpg 400w\" sizes=\"(max-width: 622px) 100vw, 622px\" \/><\/a>Alt katlarda bulunan odalarda ise y\u00f6reye \u00f6zg\u00fc baharatlar, bitkilerin kullan\u0131ma haz\u0131r nihai hallerinin sunumlar\u0131 \u00f6zel sepetlerde ve cam kavanozlarda sunulmu\u015ftur.<\/p>\n<p style=\"text-align: justify;\"><a href=\"https:\/\/epochtimestr.com\/wp-content\/uploads\/2011y\/antakya-aromatik-bitki-m\u00fcze-3.jpg\"><img loading=\"lazy\" decoding=\"async\" class=\"aligncenter size-full wp-image-73315\" alt=\"antakya aromatik bitki m\u00fcze 3\" src=\"https:\/\/epochtimestr.com\/wp-content\/uploads\/2011y\/antakya-aromatik-bitki-m\u00fcze-3.jpg\" width=\"622\" height=\"350\" srcset=\"https:\/\/epochtimestr.com\/wp-content\/uploads\/2011y\/antakya-aromatik-bitki-m\u00fcze-3.jpg 622w, https:\/\/epochtimestr.com\/wp-content\/uploads\/2011y\/antakya-aromatik-bitki-m\u00fcze-3-600x337.jpg 600w, https:\/\/epochtimestr.com\/wp-content\/uploads\/2011y\/antakya-aromatik-bitki-m\u00fcze-3-150x84.jpg 150w, https:\/\/epochtimestr.com\/wp-content\/uploads\/2011y\/antakya-aromatik-bitki-m\u00fcze-3-300x168.jpg 300w, https:\/\/epochtimestr.com\/wp-content\/uploads\/2011y\/antakya-aromatik-bitki-m\u00fcze-3-292x164.jpg 292w, https:\/\/epochtimestr.com\/wp-content\/uploads\/2011y\/antakya-aromatik-bitki-m\u00fcze-3-400x225.jpg 400w\" sizes=\"(max-width: 622px) 100vw, 622px\" \/><\/a>Yap\u0131lan ara\u015ft\u0131rmalar g\u00f6re T\u00fcrkiye\u2019de bulunan 10.000 bitki t\u00fcr\u00fcnden 3.300 kadar\u0131n\u0131n endemik oldu\u011fu tespit edilmi\u015ftir. Hatay\u2019da 300 kadar endemik bitki bulundu\u011fu g\u00f6ze al\u0131nd\u0131\u011f\u0131nda \u00fclkemizde bulunan endemik bitki t\u00fcr\u00fcn\u00fcn %10\u2019nun Hatay ilimizde oldu\u011fu tespit edilmi\u015ftir.<\/p>\n","protected":false},"excerpt":{"rendered":"<p>Eski evleriyle ve konaklar\u0131yla \u00fcnl\u00fc Hatay\u2019da aylarca yap\u0131lan zahmetli \u00e7al\u0131\u015fmalar sonucu konusunda tecr\u00fcbeli botanik\u00e7i ve ziraattan sorumlu yetkililer T\u0131bbi ve Aromatik Bitkiler M\u00fczesini, Haziran 2013\u2019te tamamlad\u0131. Hatay ilinde bulunan 2.000\u2019den fazla bitki t\u00fcr\u00fc bulunmaktad\u0131r. Bu bitkilerin bir\u00e7o\u011funun t\u0131bbi ve aromatik bitkiler oldu\u011fu saptanm\u0131\u015ft\u0131r. M\u00fczede bu bitkilerin 280 \u00e7e\u015fidi sergilenmektedir. T\u0131bbi ve Aromatik Bitkiler M\u00fczesinin yap\u0131m\u0131nda [&hellip;]<\/p>\n","protected":false},"author":8,"featured_media":73320,"comment_status":"open","ping_status":"open","sticky":false,"template":"","format":"standard","meta":{"_yoast_wpseo_focuskw":"","_yoast_wpseo_title":"","_yoast_wpseo_metadesc":"","_bbp_topic_count":0,"_bbp_reply_count":0,"_bbp_total_topic_count":0,"_bbp_total_reply_count":0,"_bbp_voice_count":0,"_bbp_anonymous_reply_count":0,"_bbp_topic_count_hidden":0,"_bbp_reply_count_hidden":0,"_bbp_forum_subforum_count":0,"footnotes":"","_yoast_wpseo_focuskw_text_input":""},"categories":[60],"tags":[4012,4010,3798,1888,4008,4009,4011],"yoast_head":"<!-- This site is optimized with the Yoast SEO plugin v23.0 - https:\/\/yoast.com\/wordpress\/plugins\/seo\/ -->\n<title>T\u00fcrkiye&#039;de bir ilk;T\u0131bbi ve Aromatik Bitkiler M\u00fczesi - The Epoch Times TR<\/title>\n<meta name=\"robots\" content=\"index, follow, max-snippet:-1, max-image-preview:large, max-video-preview:-1\" \/>\n<link rel=\"canonical\" href=\"https:\/\/epochtimestr.com\/index.php\/turkiyede-bir-ilktibbi-ve-aromatik-bitkiler-muzesi\" \/>\n<meta property=\"og:locale\" content=\"tr_TR\" \/>\n<meta property=\"og:type\" content=\"article\" \/>\n<meta property=\"og:title\" content=\"T\u00fcrkiye&#039;de bir ilk;T\u0131bbi ve Aromatik Bitkiler M\u00fczesi - The Epoch Times TR\" \/>\n<meta property=\"og:description\" content=\"Eski evleriyle ve konaklar\u0131yla \u00fcnl\u00fc Hatay\u2019da aylarca yap\u0131lan zahmetli \u00e7al\u0131\u015fmalar sonucu konusunda tecr\u00fcbeli botanik\u00e7i ve ziraattan sorumlu yetkililer T\u0131bbi ve Aromatik Bitkiler M\u00fczesini, Haziran 2013\u2019te tamamlad\u0131. Hatay ilinde bulunan 2.000\u2019den fazla bitki t\u00fcr\u00fc bulunmaktad\u0131r. Bu bitkilerin bir\u00e7o\u011funun t\u0131bbi ve aromatik bitkiler oldu\u011fu saptanm\u0131\u015ft\u0131r. M\u00fczede bu bitkilerin 280 \u00e7e\u015fidi sergilenmektedir. T\u0131bbi ve Aromatik Bitkiler M\u00fczesinin yap\u0131m\u0131nda [&hellip;]\" \/>\n<meta property=\"og:url\" content=\"https:\/\/epochtimestr.com\/index.php\/turkiyede-bir-ilktibbi-ve-aromatik-bitkiler-muzesi\" \/>\n<meta property=\"og:site_name\" content=\"The Epoch Times TR\" \/>\n<meta property=\"article:publisher\" content=\"https:\/\/www.facebook.com\/theepochtimestr\" \/>\n<meta property=\"article:published_time\" content=\"2013-11-09T16:31:16+00:00\" \/>\n<meta property=\"og:image\" content=\"https:\/\/epochtimestr.com\/wp-content\/uploads\/2011y\/antakya-aromatik-bitki-m\u00fcze-8.jpg\" \/>\n\t<meta property=\"og:image:width\" content=\"622\" \/>\n\t<meta property=\"og:image:height\" content=\"350\" \/>\n\t<meta property=\"og:image:type\" content=\"image\/jpeg\" \/>\n<meta name=\"author\" content=\"\u00c7.Akdeniz\" \/>\n<meta name=\"twitter:card\" content=\"summary_large_image\" \/>\n<meta name=\"twitter:creator\" content=\"@TheEpochTimesTR\" \/>\n<meta name=\"twitter:site\" content=\"@TheEpochTimesTR\" \/>\n<meta name=\"twitter:label1\" content=\"Yazan:\" \/>\n\t<meta name=\"twitter:data1\" content=\"\u00c7.Akdeniz\" \/>\n\t<meta name=\"twitter:label2\" content=\"Tahmini okuma s\u00fcresi\" \/>\n\t<meta name=\"twitter:data2\" content=\"2 dakika\" \/>\n<script type=\"application\/ld+json\" class=\"yoast-schema-graph\">{\"@context\":\"https:\/\/schema.org\",\"@graph\":[{\"@type\":\"Article\",\"@id\":\"https:\/\/epochtimestr.com\/index.php\/turkiyede-bir-ilktibbi-ve-aromatik-bitkiler-muzesi#article\",\"isPartOf\":{\"@id\":\"https:\/\/epochtimestr.com\/index.php\/turkiyede-bir-ilktibbi-ve-aromatik-bitkiler-muzesi\"},\"author\":{\"name\":\"\u00c7.Akdeniz\",\"@id\":\"https:\/\/epochtimestr.com\/#\/schema\/person\/ad3c7e36a1529b9c57da1df4cd370bdf\"},\"headline\":\"T\u00fcrkiye&#8217;de bir ilk;T\u0131bbi ve Aromatik Bitkiler M\u00fczesi\",\"datePublished\":\"2013-11-09T16:31:16+00:00\",\"dateModified\":\"2013-11-09T16:31:16+00:00\",\"mainEntityOfPage\":{\"@id\":\"https:\/\/epochtimestr.com\/index.php\/turkiyede-bir-ilktibbi-ve-aromatik-bitkiler-muzesi\"},\"wordCount\":369,\"commentCount\":0,\"publisher\":{\"@id\":\"https:\/\/epochtimestr.com\/#organization\"},\"image\":{\"@id\":\"https:\/\/epochtimestr.com\/index.php\/turkiyede-bir-ilktibbi-ve-aromatik-bitkiler-muzesi#primaryimage\"},\"thumbnailUrl\":\"https:\/\/epochtimestr.com\/wp-content\/uploads\/2011y\/antakya-aromatik-bitki-m\u00fcze-8.jpg\",\"keywords\":[\"antakya\",\"aromatik\",\"bitki\",\"hatay\",\"m\u00fcze\",\"\u015fifa\",\"t\u0131bbi\"],\"articleSection\":[\"Taslak'da b\u0131rak\"],\"inLanguage\":\"tr\",\"potentialAction\":[{\"@type\":\"CommentAction\",\"name\":\"Comment\",\"target\":[\"https:\/\/epochtimestr.com\/index.php\/turkiyede-bir-ilktibbi-ve-aromatik-bitkiler-muzesi#respond\"]}]},{\"@type\":\"WebPage\",\"@id\":\"https:\/\/epochtimestr.com\/index.php\/turkiyede-bir-ilktibbi-ve-aromatik-bitkiler-muzesi\",\"url\":\"https:\/\/epochtimestr.com\/index.php\/turkiyede-bir-ilktibbi-ve-aromatik-bitkiler-muzesi\",\"name\":\"T\u00fcrkiye'de bir ilk;T\u0131bbi ve Aromatik Bitkiler M\u00fczesi - The Epoch Times TR\",\"isPartOf\":{\"@id\":\"https:\/\/epochtimestr.com\/#website\"},\"primaryImageOfPage\":{\"@id\":\"https:\/\/epochtimestr.com\/index.php\/turkiyede-bir-ilktibbi-ve-aromatik-bitkiler-muzesi#primaryimage\"},\"image\":{\"@id\":\"https:\/\/epochtimestr.com\/index.php\/turkiyede-bir-ilktibbi-ve-aromatik-bitkiler-muzesi#primaryimage\"},\"thumbnailUrl\":\"https:\/\/epochtimestr.com\/wp-content\/uploads\/2011y\/antakya-aromatik-bitki-m\u00fcze-8.jpg\",\"datePublished\":\"2013-11-09T16:31:16+00:00\",\"dateModified\":\"2013-11-09T16:31:16+00:00\",\"inLanguage\":\"tr\",\"potentialAction\":[{\"@type\":\"ReadAction\",\"target\":[\"https:\/\/epochtimestr.com\/index.php\/turkiyede-bir-ilktibbi-ve-aromatik-bitkiler-muzesi\"]}]},{\"@type\":\"ImageObject\",\"inLanguage\":\"tr\",\"@id\":\"https:\/\/epochtimestr.com\/index.php\/turkiyede-bir-ilktibbi-ve-aromatik-bitkiler-muzesi#primaryimage\",\"url\":\"https:\/\/epochtimestr.com\/wp-content\/uploads\/2011y\/antakya-aromatik-bitki-m\u00fcze-8.jpg\",\"contentUrl\":\"https:\/\/epochtimestr.com\/wp-content\/uploads\/2011y\/antakya-aromatik-bitki-m\u00fcze-8.jpg\",\"width\":622,\"height\":350,\"caption\":\"Aromatik ve \u015fifal\u0131 Bitkiler m\u00fczesi i\u00e7in eski bir Antakya evi kullan\u0131lm\u0131\u015f. Foto\u011fraf: Epoch Times \u00c7i\u011fdem Akdeniz\"},{\"@type\":\"WebSite\",\"@id\":\"https:\/\/epochtimestr.com\/#website\",\"url\":\"https:\/\/epochtimestr.com\/\",\"name\":\"The Epoch Times TR\",\"description\":\"De\u011fi\u015fen D\u00fcnyam\u0131za Taze Bir Bak\u0131\u015f\",\"publisher\":{\"@id\":\"https:\/\/epochtimestr.com\/#organization\"},\"potentialAction\":[{\"@type\":\"SearchAction\",\"target\":{\"@type\":\"EntryPoint\",\"urlTemplate\":\"https:\/\/epochtimestr.com\/?s={search_term_string}\"},\"query-input\":\"required name=search_term_string\"}],\"inLanguage\":\"tr\"},{\"@type\":\"Organization\",\"@id\":\"https:\/\/epochtimestr.com\/#organization\",\"name\":\"The EpochTimes T\u00fcrkiye\",\"url\":\"https:\/\/epochtimestr.com\/\",\"logo\":{\"@type\":\"ImageObject\",\"inLanguage\":\"tr\",\"@id\":\"https:\/\/epochtimestr.com\/#\/schema\/logo\/image\/\",\"url\":\"https:\/\/epochtimestr.com\/wp-content\/uploads\/2011y\/ET-Logo-YG.jpg\",\"contentUrl\":\"https:\/\/epochtimestr.com\/wp-content\/uploads\/2011y\/ET-Logo-YG.jpg\",\"width\":346,\"height\":29,\"caption\":\"The EpochTimes T\u00fcrkiye\"},\"image\":{\"@id\":\"https:\/\/epochtimestr.com\/#\/schema\/logo\/image\/\"},\"sameAs\":[\"https:\/\/www.facebook.com\/theepochtimestr\",\"https:\/\/x.com\/TheEpochTimesTR\",\"https:\/\/www.instagram.com\/epochtimestr\"]},{\"@type\":\"Person\",\"@id\":\"https:\/\/epochtimestr.com\/#\/schema\/person\/ad3c7e36a1529b9c57da1df4cd370bdf\",\"name\":\"\u00c7.Akdeniz\",\"image\":{\"@type\":\"ImageObject\",\"inLanguage\":\"tr\",\"@id\":\"https:\/\/epochtimestr.com\/#\/schema\/person\/image\/\",\"url\":\"https:\/\/secure.gravatar.com\/avatar\/2b3f874d48422cdeb494d68621025c2b?s=96&d=mm&r=g\",\"contentUrl\":\"https:\/\/secure.gravatar.com\/avatar\/2b3f874d48422cdeb494d68621025c2b?s=96&d=mm&r=g\",\"caption\":\"\u00c7.Akdeniz\"},\"url\":\"https:\/\/epochtimestr.com\/index.php\/author\/cigdem\"}]}<\/script>\n<!-- \/ Yoast SEO plugin. -->","yoast_head_json":{"title":"T\u00fcrkiye'de bir ilk;T\u0131bbi ve Aromatik Bitkiler M\u00fczesi - The Epoch Times TR","robots":{"index":"index","follow":"follow","max-snippet":"max-snippet:-1","max-image-preview":"max-image-preview:large","max-video-preview":"max-video-preview:-1"},"canonical":"https:\/\/epochtimestr.com\/index.php\/turkiyede-bir-ilktibbi-ve-aromatik-bitkiler-muzesi","og_locale":"tr_TR","og_type":"article","og_title":"T\u00fcrkiye'de bir ilk;T\u0131bbi ve Aromatik Bitkiler M\u00fczesi - The Epoch Times TR","og_description":"Eski evleriyle ve konaklar\u0131yla \u00fcnl\u00fc Hatay\u2019da aylarca yap\u0131lan zahmetli \u00e7al\u0131\u015fmalar sonucu konusunda tecr\u00fcbeli botanik\u00e7i ve ziraattan sorumlu yetkililer T\u0131bbi ve Aromatik Bitkiler M\u00fczesini, Haziran 2013\u2019te tamamlad\u0131. Hatay ilinde bulunan 2.000\u2019den fazla bitki t\u00fcr\u00fc bulunmaktad\u0131r. Bu bitkilerin bir\u00e7o\u011funun t\u0131bbi ve aromatik bitkiler oldu\u011fu saptanm\u0131\u015ft\u0131r. M\u00fczede bu bitkilerin 280 \u00e7e\u015fidi sergilenmektedir. T\u0131bbi ve Aromatik Bitkiler M\u00fczesinin yap\u0131m\u0131nda [&hellip;]","og_url":"https:\/\/epochtimestr.com\/index.php\/turkiyede-bir-ilktibbi-ve-aromatik-bitkiler-muzesi","og_site_name":"The Epoch Times TR","article_publisher":"https:\/\/www.facebook.com\/theepochtimestr","article_published_time":"2013-11-09T16:31:16+00:00","og_image":[{"width":622,"height":350,"url":"https:\/\/epochtimestr.com\/wp-content\/uploads\/2011y\/antakya-aromatik-bitki-m\u00fcze-8.jpg","type":"image\/jpeg"}],"author":"\u00c7.Akdeniz","twitter_card":"summary_large_image","twitter_creator":"@TheEpochTimesTR","twitter_site":"@TheEpochTimesTR","twitter_misc":{"Yazan:":"\u00c7.Akdeniz","Tahmini okuma s\u00fcresi":"2 dakika"},"schema":{"@context":"https:\/\/schema.org","@graph":[{"@type":"Article","@id":"https:\/\/epochtimestr.com\/index.php\/turkiyede-bir-ilktibbi-ve-aromatik-bitkiler-muzesi#article","isPartOf":{"@id":"https:\/\/epochtimestr.com\/index.php\/turkiyede-bir-ilktibbi-ve-aromatik-bitkiler-muzesi"},"author":{"name":"\u00c7.Akdeniz","@id":"https:\/\/epochtimestr.com\/#\/schema\/person\/ad3c7e36a1529b9c57da1df4cd370bdf"},"headline":"T\u00fcrkiye&#8217;de bir ilk;T\u0131bbi ve Aromatik Bitkiler M\u00fczesi","datePublished":"2013-11-09T16:31:16+00:00","dateModified":"2013-11-09T16:31:16+00:00","mainEntityOfPage":{"@id":"https:\/\/epochtimestr.com\/index.php\/turkiyede-bir-ilktibbi-ve-aromatik-bitkiler-muzesi"},"wordCount":369,"commentCount":0,"publisher":{"@id":"https:\/\/epochtimestr.com\/#organization"},"image":{"@id":"https:\/\/epochtimestr.com\/index.php\/turkiyede-bir-ilktibbi-ve-aromatik-bitkiler-muzesi#primaryimage"},"thumbnailUrl":"https:\/\/epochtimestr.com\/wp-content\/uploads\/2011y\/antakya-aromatik-bitki-m\u00fcze-8.jpg","keywords":["antakya","aromatik","bitki","hatay","m\u00fcze","\u015fifa","t\u0131bbi"],"articleSection":["Taslak'da b\u0131rak"],"inLanguage":"tr","potentialAction":[{"@type":"CommentAction","name":"Comment","target":["https:\/\/epochtimestr.com\/index.php\/turkiyede-bir-ilktibbi-ve-aromatik-bitkiler-muzesi#respond"]}]},{"@type":"WebPage","@id":"https:\/\/epochtimestr.com\/index.php\/turkiyede-bir-ilktibbi-ve-aromatik-bitkiler-muzesi","url":"https:\/\/epochtimestr.com\/index.php\/turkiyede-bir-ilktibbi-ve-aromatik-bitkiler-muzesi","name":"T\u00fcrkiye'de bir ilk;T\u0131bbi ve Aromatik Bitkiler M\u00fczesi - The Epoch Times TR","isPartOf":{"@id":"https:\/\/epochtimestr.com\/#website"},"primaryImageOfPage":{"@id":"https:\/\/epochtimestr.com\/index.php\/turkiyede-bir-ilktibbi-ve-aromatik-bitkiler-muzesi#primaryimage"},"image":{"@id":"https:\/\/epochtimestr.com\/index.php\/turkiyede-bir-ilktibbi-ve-aromatik-bitkiler-muzesi#primaryimage"},"thumbnailUrl":"https:\/\/epochtimestr.com\/wp-content\/uploads\/2011y\/antakya-aromatik-bitki-m\u00fcze-8.jpg","datePublished":"2013-11-09T16:31:16+00:00","dateModified":"2013-11-09T16:31:16+00:00","inLanguage":"tr","potentialAction":[{"@type":"ReadAction","target":["https:\/\/epochtimestr.com\/index.php\/turkiyede-bir-ilktibbi-ve-aromatik-bitkiler-muzesi"]}]},{"@type":"ImageObject","inLanguage":"tr","@id":"https:\/\/epochtimestr.com\/index.php\/turkiyede-bir-ilktibbi-ve-aromatik-bitkiler-muzesi#primaryimage","url":"https:\/\/epochtimestr.com\/wp-content\/uploads\/2011y\/antakya-aromatik-bitki-m\u00fcze-8.jpg","contentUrl":"https:\/\/epochtimestr.com\/wp-content\/uploads\/2011y\/antakya-aromatik-bitki-m\u00fcze-8.jpg","width":622,"height":350,"caption":"Aromatik ve \u015fifal\u0131 Bitkiler m\u00fczesi i\u00e7in eski bir Antakya evi kullan\u0131lm\u0131\u015f. Foto\u011fraf: Epoch Times \u00c7i\u011fdem Akdeniz"},{"@type":"WebSite","@id":"https:\/\/epochtimestr.com\/#website","url":"https:\/\/epochtimestr.com\/","name":"The Epoch Times TR","description":"De\u011fi\u015fen D\u00fcnyam\u0131za Taze Bir Bak\u0131\u015f","publisher":{"@id":"https:\/\/epochtimestr.com\/#organization"},"potentialAction":[{"@type":"SearchAction","target":{"@type":"EntryPoint","urlTemplate":"https:\/\/epochtimestr.com\/?s={search_term_string}"},"query-input":"required name=search_term_string"}],"inLanguage":"tr"},{"@type":"Organization","@id":"https:\/\/epochtimestr.com\/#organization","name":"The EpochTimes T\u00fcrkiye","url":"https:\/\/epochtimestr.com\/","logo":{"@type":"ImageObject","inLanguage":"tr","@id":"https:\/\/epochtimestr.com\/#\/schema\/logo\/image\/","url":"https:\/\/epochtimestr.com\/wp-content\/uploads\/2011y\/ET-Logo-YG.jpg","contentUrl":"https:\/\/epochtimestr.com\/wp-content\/uploads\/2011y\/ET-Logo-YG.jpg","width":346,"height":29,"caption":"The EpochTimes T\u00fcrkiye"},"image":{"@id":"https:\/\/epochtimestr.com\/#\/schema\/logo\/image\/"},"sameAs":["https:\/\/www.facebook.com\/theepochtimestr","https:\/\/x.com\/TheEpochTimesTR","https:\/\/www.instagram.com\/epochtimestr"]},{"@type":"Person","@id":"https:\/\/epochtimestr.com\/#\/schema\/person\/ad3c7e36a1529b9c57da1df4cd370bdf","name":"\u00c7.Akdeniz","image":{"@type":"ImageObject","inLanguage":"tr","@id":"https:\/\/epochtimestr.com\/#\/schema\/person\/image\/","url":"https:\/\/secure.gravatar.com\/avatar\/2b3f874d48422cdeb494d68621025c2b?s=96&d=mm&r=g","contentUrl":"https:\/\/secure.gravatar.com\/avatar\/2b3f874d48422cdeb494d68621025c2b?s=96&d=mm&r=g","caption":"\u00c7.Akdeniz"},"url":"https:\/\/epochtimestr.com\/index.php\/author\/cigdem"}]}},"_links":{"self":[{"href":"https:\/\/epochtimestr.com\/index.php\/wp-json\/wp\/v2\/posts\/73313"}],"collection":[{"href":"https:\/\/epochtimestr.com\/index.php\/wp-json\/wp\/v2\/posts"}],"about":[{"href":"https:\/\/epochtimestr.com\/index.php\/wp-json\/wp\/v2\/types\/post"}],"author":[{"embeddable":true,"href":"https:\/\/epochtimestr.com\/index.php\/wp-json\/wp\/v2\/users\/8"}],"replies":[{"embeddable":true,"href":"https:\/\/epochtimestr.com\/index.php\/wp-json\/wp\/v2\/comments?post=73313"}],"version-history":[{"count":1,"href":"https:\/\/epochtimestr.com\/index.php\/wp-json\/wp\/v2\/posts\/73313\/revisions"}],"predecessor-version":[{"id":73321,"href":"https:\/\/epochtimestr.com\/index.php\/wp-json\/wp\/v2\/posts\/73313\/revisions\/73321"}],"wp:featuredmedia":[{"embeddable":true,"href":"https:\/\/epochtimestr.com\/index.php\/wp-json\/wp\/v2\/media\/73320"}],"wp:attachment":[{"href":"https:\/\/epochtimestr.com\/index.php\/wp-json\/wp\/v2\/media?parent=73313"}],"wp:term":[{"taxonomy":"category","embeddable":true,"href":"https:\/\/epochtimestr.com\/index.php\/wp-json\/wp\/v2\/categories?post=73313"},{"taxonomy":"post_tag","embeddable":true,"href":"https:\/\/epochtimestr.com\/index.php\/wp-json\/wp\/v2\/tags?post=73313"}],"curies":[{"name":"wp","href":"https:\/\/api.w.org\/{rel}","templated":true}]}}