{"id":76482,"date":"2014-02-13T19:46:18","date_gmt":"2014-02-13T16:46:18","guid":{"rendered":"http:\/\/epochtimestr.com\/?p=76482"},"modified":"2014-02-13T19:46:18","modified_gmt":"2014-02-13T16:46:18","slug":"cinde-fener-bayrami-kutlamalari-basladi","status":"publish","type":"post","link":"https:\/\/epochtimestr.com\/index.php\/cinde-fener-bayrami-kutlamalari-basladi","title":{"rendered":"\u00c7in&#8217;de Fener Bayram\u0131 Kutlamalar\u0131 Ba\u015flad\u0131"},"content":{"rendered":"<p style=\"text-align: justify;\"><a href=\"https:\/\/epochtimestr.com\/index.php\/cinde-fener-bayrami-kutlamalari-basladi\/2014-02-09-fener-bd\" rel=\"attachment wp-att-76483\"><img loading=\"lazy\" decoding=\"async\" class=\"alignleft size-medium wp-image-76483\" alt=\"2014-02-09-fener-bd\" src=\"https:\/\/epochtimestr.com\/wp-content\/uploads\/2011y\/2014-02-09-fener-bd-300x199.jpg\" width=\"300\" height=\"199\" srcset=\"https:\/\/epochtimestr.com\/wp-content\/uploads\/2011y\/2014-02-09-fener-bd-300x199.jpg 300w, https:\/\/epochtimestr.com\/wp-content\/uploads\/2011y\/2014-02-09-fener-bd-150x99.jpg 150w, https:\/\/epochtimestr.com\/wp-content\/uploads\/2011y\/2014-02-09-fener-bd-292x194.jpg 292w, https:\/\/epochtimestr.com\/wp-content\/uploads\/2011y\/2014-02-09-fener-bd.jpg 480w\" sizes=\"(max-width: 300px) 100vw, 300px\" \/><\/a><em><strong>Fener Bayram\u0131, \u00c7in&#8217;de be\u015f geleneksel bayram\u0131n en \u00f6nemlilerinden biridir. \u00c7in ay takvimine g\u00f6re ilk ay\u0131n 15. g\u00fcn\u00fcnde kutlan\u0131r. Bu g\u00fcn, \u00c7in Yeni Y\u0131l\u0131 \u015fenliklerinin zirveye \u00e7\u0131kt\u0131\u011f\u0131 g\u00fcn\u00fc ve ayn\u0131 zamanda Yeni Y\u0131l kutlamalar\u0131n\u0131n da sonunu simgeler.<\/strong><\/em><\/p>\n<p style=\"text-align: justify;\">Fener Bayram\u0131n\u0131n, ya da \u00c7ince ad\u0131 Yuanxiao Jie (\u5143\u5bb5\u8282), k\u00f6keni hakk\u0131nda bir\u00e7ok hikaye vard\u0131r. Festivalin k\u00f6keni ile ilgili efsanelerin \u00e7o\u011fu Han Hanedanl\u0131\u011f\u0131 (M.\u00d6. 206.- M.S. 220) y\u0131llar\u0131na dayanmaktad\u0131r. Geleneksel \u00c7in k\u00fclt\u00fcr\u00fc do\u011fal d\u00fcnya ve inan\u00e7lar ile yak\u0131ndan ba\u011flant\u0131l\u0131 oldu\u011fu gibi, bu bayram da din ve efsaneler ile ba\u011flant\u0131l\u0131d\u0131r.<\/p>\n<p style=\"text-align: justify;\">\u00c7in&#8217;de bu bayram \u00e7ok farkl\u0131 \u015fekillerde kutlan\u0131r. Ancak, fenerler ve yuanxiao (dumpling t\u00fcr\u00fc tatl\u0131 veya tuzlu olarak yenen bir yiyecek) bu festivali simgeleyen en pop\u00fcler \u00f6\u011felerdir.<\/p>\n<p style=\"text-align: justify;\">Eskiden festival \u00f6ncesinde ve sonras\u0131nda, insanlar mutlu bir ortam yaratmak i\u00e7in \u201caile \u00fcyelerinin bir araya gelmesi\u201d anlam\u0131n\u0131 ta\u015f\u0131yan k\u0131rm\u0131z\u0131 fenerler asard\u0131. Daha sonra fener, \u00c7inlilerin mutluluk sembol\u00fc haline geldi. Ku\u015faklar boyu ustalar\u0131n bilgi ve birikimlerini aktarmas\u0131 ve geli\u015ftirmesiyle, fenerler \u00e7e\u015fit bak\u0131m\u0131ndan zenginle\u015fti, yap\u0131m teknikleri ilerledi. \u00d6rne\u011fin saray feneri, t\u00fclbent feneri ve as\u0131l\u0131 fener bunlar aras\u0131nda say\u0131labilir. Bi\u00e7im bak\u0131m\u0131ndan ise, insan fig\u00fcrl\u00fc, do\u011fal manzara, \u00e7i\u00e7ek, ku\u015f, ejderha, Anka ku\u015fu, bal\u0131k ve b\u00f6cek gibi \u015fekillerde fenerler, ilk akla gelenlerdir.<\/p>\n<p style=\"text-align: justify;\">\u00c7in resmi ve k\u00e2\u011f\u0131t kesme sanat\u0131 gibi \u00c7in\u2019in geleneksel sanatlar\u0131n\u0131 bir araya getiren \u00c7in feneri, \u00e7e\u015fitli b\u00f6lgelerde \u00fcretilen bambu, ah\u015fap, sarma\u015f\u0131k sap\u0131, boynuz, tel ve ipek kuma\u015f gibi malzemelerden yap\u0131lmakta. Eski \u00e7a\u011flardaki \u00c7in fenerleri aras\u0131nda en \u00fcnl\u00fcleri, saray fenerleri ve t\u00fclbent fenerleridir.<\/p>\n<p style=\"text-align: justify;\">Bir ayd\u0131nlatma e\u015fyas\u0131 olarak kullan\u0131lan fener, ayr\u0131ca ba\u015fka bir \u00f6nem de ta\u015f\u0131r. Mesela, y\u0131l\u0131n ilk ay\u0131nda okullar a\u00e7\u0131l\u0131rken, b\u00fcy\u00fckler \u00e7ocuklar\u0131 i\u00e7in birer fener haz\u0131rlar ve bu fener \u00f6\u011fretmen taraf\u0131ndan yak\u0131l\u0131rd\u0131. Bu, \u00f6\u011frencinin parlak gelece\u011finin sembol\u00fcyd\u00fc. Daha sonra vatanseverler, torunlar\u0131na kendi k\u00fclt\u00fcrlerini a\u015f\u0131lamak i\u00e7in fener \u00fczerine halk \u00f6yk\u00fclerini resmetmeye ba\u015flad\u0131. Bu nedenle fenerler ayn\u0131 zamanda, geleneksel k\u00fclt\u00fcr\u00fc aktarma anlam\u0131 da ta\u015f\u0131r.<\/p>\n<p style=\"text-align: justify;\">Fener, \u00c7inlilerin g\u00fcnl\u00fck ya\u015fam\u0131yla yak\u0131ndan ili\u015fkilidir. Tap\u0131nakta olsun, evin salonunda olsun hemen hemen her yerde fener g\u00f6r\u00fclebilir.<\/p>\n<p style=\"text-align: justify;\">Ayd\u0131nlatma i\u015flevinin yan\u0131 s\u0131ra sembolik de\u011feri de y\u00fcksek olan fenerler aras\u0131nda en \u00e7ok ilgi ile beklenen, Fener Bayram\u0131ndaki \u00e7i\u00e7ekli fenerlerdir. Bayramda fener izleme gelene\u011fi, Han Hanedanl\u0131\u011f\u0131n\u0131n ilk y\u0131llar\u0131nda ba\u015flam\u0131\u015ft\u0131r. Tang Hanedanl\u0131\u011f\u0131nda, devlet i\u00e7in istikrar, halk i\u00e7in de mutluluk dilemek \u00fczere \u00e7i\u00e7ekli fenerler as\u0131l\u0131yordu. Bu d\u00f6nemden sonra \u00e7i\u00e7ekli fener asmak, pop\u00fcler hale geldi. G\u00fcn\u00fcm\u00fczde, \u00c7in\u2019in geleneksel e\u015fyalar\u0131na y\u00f6nelik ilginin yo\u011funla\u015fmas\u0131yla birlikte, fener tekrar \u00f6nemli rol oynamaya ba\u015flad\u0131. Ancak eski zamanlarda fener yap\u0131m\u0131 i\u00e7in kullan\u0131lan ipekli kuma\u015f, k\u00e2\u011f\u0131t ve bambu, g\u00fcn\u00fcm\u00fczde yerini sentetik bez, plastik ve tele b\u0131rakt\u0131; fenerlerin bi\u00e7imi ve renkleri de eskiye g\u00f6re \u00e7ok de\u011fi\u015fti.<\/p>\n","protected":false},"excerpt":{"rendered":"<p>Fener Bayram\u0131, \u00c7in&#8217;de be\u015f geleneksel bayram\u0131n en \u00f6nemlilerinden biridir. \u00c7in ay takvimine g\u00f6re ilk ay\u0131n 15. g\u00fcn\u00fcnde kutlan\u0131r. Bu g\u00fcn, \u00c7in Yeni Y\u0131l\u0131 \u015fenliklerinin zirveye \u00e7\u0131kt\u0131\u011f\u0131 g\u00fcn\u00fc ve ayn\u0131 zamanda Yeni Y\u0131l kutlamalar\u0131n\u0131n da sonunu simgeler. Fener Bayram\u0131n\u0131n, ya da \u00c7ince ad\u0131 Yuanxiao Jie (\u5143\u5bb5\u8282), k\u00f6keni hakk\u0131nda bir\u00e7ok hikaye vard\u0131r. Festivalin k\u00f6keni ile ilgili efsanelerin [&hellip;]<\/p>\n","protected":false},"author":25,"featured_media":76483,"comment_status":"open","ping_status":"open","sticky":false,"template":"","format":"standard","meta":{"_yoast_wpseo_focuskw":"","_yoast_wpseo_title":"","_yoast_wpseo_metadesc":"","_bbp_topic_count":0,"_bbp_reply_count":0,"_bbp_total_topic_count":0,"_bbp_total_reply_count":0,"_bbp_voice_count":0,"_bbp_anonymous_reply_count":0,"_bbp_topic_count_hidden":0,"_bbp_reply_count_hidden":0,"_bbp_forum_subforum_count":0,"footnotes":"","_yoast_wpseo_focuskw_text_input":""},"categories":[60],"tags":[],"yoast_head":"<!-- This site is optimized with the Yoast SEO plugin v23.0 - https:\/\/yoast.com\/wordpress\/plugins\/seo\/ -->\n<title>\u00c7in&#039;de Fener Bayram\u0131 Kutlamalar\u0131 Ba\u015flad\u0131 - The Epoch Times TR<\/title>\n<meta name=\"robots\" content=\"index, follow, max-snippet:-1, max-image-preview:large, max-video-preview:-1\" \/>\n<link rel=\"canonical\" href=\"https:\/\/epochtimestr.com\/index.php\/cinde-fener-bayrami-kutlamalari-basladi\" \/>\n<meta property=\"og:locale\" content=\"tr_TR\" \/>\n<meta property=\"og:type\" content=\"article\" \/>\n<meta property=\"og:title\" content=\"\u00c7in&#039;de Fener Bayram\u0131 Kutlamalar\u0131 Ba\u015flad\u0131 - The Epoch Times TR\" \/>\n<meta property=\"og:description\" content=\"Fener Bayram\u0131, \u00c7in&#8217;de be\u015f geleneksel bayram\u0131n en \u00f6nemlilerinden biridir. \u00c7in ay takvimine g\u00f6re ilk ay\u0131n 15. g\u00fcn\u00fcnde kutlan\u0131r. Bu g\u00fcn, \u00c7in Yeni Y\u0131l\u0131 \u015fenliklerinin zirveye \u00e7\u0131kt\u0131\u011f\u0131 g\u00fcn\u00fc ve ayn\u0131 zamanda Yeni Y\u0131l kutlamalar\u0131n\u0131n da sonunu simgeler. Fener Bayram\u0131n\u0131n, ya da \u00c7ince ad\u0131 Yuanxiao Jie (\u5143\u5bb5\u8282), k\u00f6keni hakk\u0131nda bir\u00e7ok hikaye vard\u0131r. Festivalin k\u00f6keni ile ilgili efsanelerin [&hellip;]\" \/>\n<meta property=\"og:url\" content=\"https:\/\/epochtimestr.com\/index.php\/cinde-fener-bayrami-kutlamalari-basladi\" \/>\n<meta property=\"og:site_name\" content=\"The Epoch Times TR\" \/>\n<meta property=\"article:publisher\" content=\"https:\/\/www.facebook.com\/theepochtimestr\" \/>\n<meta property=\"article:published_time\" content=\"2014-02-13T16:46:18+00:00\" \/>\n<meta property=\"og:image\" content=\"https:\/\/epochtimestr.com\/wp-content\/uploads\/2011y\/2014-02-09-fener-bd.jpg\" \/>\n\t<meta property=\"og:image:width\" content=\"480\" \/>\n\t<meta property=\"og:image:height\" content=\"319\" \/>\n\t<meta property=\"og:image:type\" content=\"image\/jpeg\" \/>\n<meta name=\"author\" content=\"Emel AKAN\" \/>\n<meta name=\"twitter:card\" content=\"summary_large_image\" \/>\n<meta name=\"twitter:creator\" content=\"@TheEpochTimesTR\" \/>\n<meta name=\"twitter:site\" content=\"@TheEpochTimesTR\" \/>\n<meta name=\"twitter:label1\" content=\"Yazan:\" \/>\n\t<meta name=\"twitter:data1\" content=\"Emel AKAN\" \/>\n\t<meta name=\"twitter:label2\" content=\"Tahmini okuma s\u00fcresi\" \/>\n\t<meta name=\"twitter:data2\" content=\"3 dakika\" \/>\n<script type=\"application\/ld+json\" class=\"yoast-schema-graph\">{\"@context\":\"https:\/\/schema.org\",\"@graph\":[{\"@type\":\"Article\",\"@id\":\"https:\/\/epochtimestr.com\/index.php\/cinde-fener-bayrami-kutlamalari-basladi#article\",\"isPartOf\":{\"@id\":\"https:\/\/epochtimestr.com\/index.php\/cinde-fener-bayrami-kutlamalari-basladi\"},\"author\":{\"name\":\"Emel AKAN\",\"@id\":\"https:\/\/epochtimestr.com\/#\/schema\/person\/6eb643244a30e5bc1e3f24bb56910e83\"},\"headline\":\"\u00c7in&#8217;de Fener Bayram\u0131 Kutlamalar\u0131 Ba\u015flad\u0131\",\"datePublished\":\"2014-02-13T16:46:18+00:00\",\"dateModified\":\"2014-02-13T16:46:18+00:00\",\"mainEntityOfPage\":{\"@id\":\"https:\/\/epochtimestr.com\/index.php\/cinde-fener-bayrami-kutlamalari-basladi\"},\"wordCount\":571,\"commentCount\":0,\"publisher\":{\"@id\":\"https:\/\/epochtimestr.com\/#organization\"},\"image\":{\"@id\":\"https:\/\/epochtimestr.com\/index.php\/cinde-fener-bayrami-kutlamalari-basladi#primaryimage\"},\"thumbnailUrl\":\"https:\/\/epochtimestr.com\/wp-content\/uploads\/2011y\/2014-02-09-fener-bd.jpg\",\"articleSection\":[\"Taslak'da b\u0131rak\"],\"inLanguage\":\"tr\",\"potentialAction\":[{\"@type\":\"CommentAction\",\"name\":\"Comment\",\"target\":[\"https:\/\/epochtimestr.com\/index.php\/cinde-fener-bayrami-kutlamalari-basladi#respond\"]}]},{\"@type\":\"WebPage\",\"@id\":\"https:\/\/epochtimestr.com\/index.php\/cinde-fener-bayrami-kutlamalari-basladi\",\"url\":\"https:\/\/epochtimestr.com\/index.php\/cinde-fener-bayrami-kutlamalari-basladi\",\"name\":\"\u00c7in'de Fener Bayram\u0131 Kutlamalar\u0131 Ba\u015flad\u0131 - The Epoch Times TR\",\"isPartOf\":{\"@id\":\"https:\/\/epochtimestr.com\/#website\"},\"primaryImageOfPage\":{\"@id\":\"https:\/\/epochtimestr.com\/index.php\/cinde-fener-bayrami-kutlamalari-basladi#primaryimage\"},\"image\":{\"@id\":\"https:\/\/epochtimestr.com\/index.php\/cinde-fener-bayrami-kutlamalari-basladi#primaryimage\"},\"thumbnailUrl\":\"https:\/\/epochtimestr.com\/wp-content\/uploads\/2011y\/2014-02-09-fener-bd.jpg\",\"datePublished\":\"2014-02-13T16:46:18+00:00\",\"dateModified\":\"2014-02-13T16:46:18+00:00\",\"inLanguage\":\"tr\",\"potentialAction\":[{\"@type\":\"ReadAction\",\"target\":[\"https:\/\/epochtimestr.com\/index.php\/cinde-fener-bayrami-kutlamalari-basladi\"]}]},{\"@type\":\"ImageObject\",\"inLanguage\":\"tr\",\"@id\":\"https:\/\/epochtimestr.com\/index.php\/cinde-fener-bayrami-kutlamalari-basladi#primaryimage\",\"url\":\"https:\/\/epochtimestr.com\/wp-content\/uploads\/2011y\/2014-02-09-fener-bd.jpg\",\"contentUrl\":\"https:\/\/epochtimestr.com\/wp-content\/uploads\/2011y\/2014-02-09-fener-bd.jpg\",\"width\":480,\"height\":319},{\"@type\":\"WebSite\",\"@id\":\"https:\/\/epochtimestr.com\/#website\",\"url\":\"https:\/\/epochtimestr.com\/\",\"name\":\"The Epoch Times TR\",\"description\":\"De\u011fi\u015fen D\u00fcnyam\u0131za Taze Bir Bak\u0131\u015f\",\"publisher\":{\"@id\":\"https:\/\/epochtimestr.com\/#organization\"},\"potentialAction\":[{\"@type\":\"SearchAction\",\"target\":{\"@type\":\"EntryPoint\",\"urlTemplate\":\"https:\/\/epochtimestr.com\/?s={search_term_string}\"},\"query-input\":\"required name=search_term_string\"}],\"inLanguage\":\"tr\"},{\"@type\":\"Organization\",\"@id\":\"https:\/\/epochtimestr.com\/#organization\",\"name\":\"The EpochTimes T\u00fcrkiye\",\"url\":\"https:\/\/epochtimestr.com\/\",\"logo\":{\"@type\":\"ImageObject\",\"inLanguage\":\"tr\",\"@id\":\"https:\/\/epochtimestr.com\/#\/schema\/logo\/image\/\",\"url\":\"https:\/\/epochtimestr.com\/wp-content\/uploads\/2011y\/ET-Logo-YG.jpg\",\"contentUrl\":\"https:\/\/epochtimestr.com\/wp-content\/uploads\/2011y\/ET-Logo-YG.jpg\",\"width\":346,\"height\":29,\"caption\":\"The EpochTimes T\u00fcrkiye\"},\"image\":{\"@id\":\"https:\/\/epochtimestr.com\/#\/schema\/logo\/image\/\"},\"sameAs\":[\"https:\/\/www.facebook.com\/theepochtimestr\",\"https:\/\/x.com\/TheEpochTimesTR\",\"https:\/\/www.instagram.com\/epochtimestr\"]},{\"@type\":\"Person\",\"@id\":\"https:\/\/epochtimestr.com\/#\/schema\/person\/6eb643244a30e5bc1e3f24bb56910e83\",\"name\":\"Emel AKAN\",\"image\":{\"@type\":\"ImageObject\",\"inLanguage\":\"tr\",\"@id\":\"https:\/\/epochtimestr.com\/#\/schema\/person\/image\/\",\"url\":\"https:\/\/secure.gravatar.com\/avatar\/390e1c5fc574e7ba54694d0be151ec60?s=96&d=mm&r=g\",\"contentUrl\":\"https:\/\/secure.gravatar.com\/avatar\/390e1c5fc574e7ba54694d0be151ec60?s=96&d=mm&r=g\",\"caption\":\"Emel AKAN\"},\"url\":\"https:\/\/epochtimestr.com\/index.php\/author\/emel\"}]}<\/script>\n<!-- \/ Yoast SEO plugin. -->","yoast_head_json":{"title":"\u00c7in'de Fener Bayram\u0131 Kutlamalar\u0131 Ba\u015flad\u0131 - The Epoch Times TR","robots":{"index":"index","follow":"follow","max-snippet":"max-snippet:-1","max-image-preview":"max-image-preview:large","max-video-preview":"max-video-preview:-1"},"canonical":"https:\/\/epochtimestr.com\/index.php\/cinde-fener-bayrami-kutlamalari-basladi","og_locale":"tr_TR","og_type":"article","og_title":"\u00c7in'de Fener Bayram\u0131 Kutlamalar\u0131 Ba\u015flad\u0131 - The Epoch Times TR","og_description":"Fener Bayram\u0131, \u00c7in&#8217;de be\u015f geleneksel bayram\u0131n en \u00f6nemlilerinden biridir. \u00c7in ay takvimine g\u00f6re ilk ay\u0131n 15. g\u00fcn\u00fcnde kutlan\u0131r. Bu g\u00fcn, \u00c7in Yeni Y\u0131l\u0131 \u015fenliklerinin zirveye \u00e7\u0131kt\u0131\u011f\u0131 g\u00fcn\u00fc ve ayn\u0131 zamanda Yeni Y\u0131l kutlamalar\u0131n\u0131n da sonunu simgeler. Fener Bayram\u0131n\u0131n, ya da \u00c7ince ad\u0131 Yuanxiao Jie (\u5143\u5bb5\u8282), k\u00f6keni hakk\u0131nda bir\u00e7ok hikaye vard\u0131r. Festivalin k\u00f6keni ile ilgili efsanelerin [&hellip;]","og_url":"https:\/\/epochtimestr.com\/index.php\/cinde-fener-bayrami-kutlamalari-basladi","og_site_name":"The Epoch Times TR","article_publisher":"https:\/\/www.facebook.com\/theepochtimestr","article_published_time":"2014-02-13T16:46:18+00:00","og_image":[{"width":480,"height":319,"url":"https:\/\/epochtimestr.com\/wp-content\/uploads\/2011y\/2014-02-09-fener-bd.jpg","type":"image\/jpeg"}],"author":"Emel AKAN","twitter_card":"summary_large_image","twitter_creator":"@TheEpochTimesTR","twitter_site":"@TheEpochTimesTR","twitter_misc":{"Yazan:":"Emel AKAN","Tahmini okuma s\u00fcresi":"3 dakika"},"schema":{"@context":"https:\/\/schema.org","@graph":[{"@type":"Article","@id":"https:\/\/epochtimestr.com\/index.php\/cinde-fener-bayrami-kutlamalari-basladi#article","isPartOf":{"@id":"https:\/\/epochtimestr.com\/index.php\/cinde-fener-bayrami-kutlamalari-basladi"},"author":{"name":"Emel AKAN","@id":"https:\/\/epochtimestr.com\/#\/schema\/person\/6eb643244a30e5bc1e3f24bb56910e83"},"headline":"\u00c7in&#8217;de Fener Bayram\u0131 Kutlamalar\u0131 Ba\u015flad\u0131","datePublished":"2014-02-13T16:46:18+00:00","dateModified":"2014-02-13T16:46:18+00:00","mainEntityOfPage":{"@id":"https:\/\/epochtimestr.com\/index.php\/cinde-fener-bayrami-kutlamalari-basladi"},"wordCount":571,"commentCount":0,"publisher":{"@id":"https:\/\/epochtimestr.com\/#organization"},"image":{"@id":"https:\/\/epochtimestr.com\/index.php\/cinde-fener-bayrami-kutlamalari-basladi#primaryimage"},"thumbnailUrl":"https:\/\/epochtimestr.com\/wp-content\/uploads\/2011y\/2014-02-09-fener-bd.jpg","articleSection":["Taslak'da b\u0131rak"],"inLanguage":"tr","potentialAction":[{"@type":"CommentAction","name":"Comment","target":["https:\/\/epochtimestr.com\/index.php\/cinde-fener-bayrami-kutlamalari-basladi#respond"]}]},{"@type":"WebPage","@id":"https:\/\/epochtimestr.com\/index.php\/cinde-fener-bayrami-kutlamalari-basladi","url":"https:\/\/epochtimestr.com\/index.php\/cinde-fener-bayrami-kutlamalari-basladi","name":"\u00c7in'de Fener Bayram\u0131 Kutlamalar\u0131 Ba\u015flad\u0131 - The Epoch Times TR","isPartOf":{"@id":"https:\/\/epochtimestr.com\/#website"},"primaryImageOfPage":{"@id":"https:\/\/epochtimestr.com\/index.php\/cinde-fener-bayrami-kutlamalari-basladi#primaryimage"},"image":{"@id":"https:\/\/epochtimestr.com\/index.php\/cinde-fener-bayrami-kutlamalari-basladi#primaryimage"},"thumbnailUrl":"https:\/\/epochtimestr.com\/wp-content\/uploads\/2011y\/2014-02-09-fener-bd.jpg","datePublished":"2014-02-13T16:46:18+00:00","dateModified":"2014-02-13T16:46:18+00:00","inLanguage":"tr","potentialAction":[{"@type":"ReadAction","target":["https:\/\/epochtimestr.com\/index.php\/cinde-fener-bayrami-kutlamalari-basladi"]}]},{"@type":"ImageObject","inLanguage":"tr","@id":"https:\/\/epochtimestr.com\/index.php\/cinde-fener-bayrami-kutlamalari-basladi#primaryimage","url":"https:\/\/epochtimestr.com\/wp-content\/uploads\/2011y\/2014-02-09-fener-bd.jpg","contentUrl":"https:\/\/epochtimestr.com\/wp-content\/uploads\/2011y\/2014-02-09-fener-bd.jpg","width":480,"height":319},{"@type":"WebSite","@id":"https:\/\/epochtimestr.com\/#website","url":"https:\/\/epochtimestr.com\/","name":"The Epoch Times TR","description":"De\u011fi\u015fen D\u00fcnyam\u0131za Taze Bir Bak\u0131\u015f","publisher":{"@id":"https:\/\/epochtimestr.com\/#organization"},"potentialAction":[{"@type":"SearchAction","target":{"@type":"EntryPoint","urlTemplate":"https:\/\/epochtimestr.com\/?s={search_term_string}"},"query-input":"required name=search_term_string"}],"inLanguage":"tr"},{"@type":"Organization","@id":"https:\/\/epochtimestr.com\/#organization","name":"The EpochTimes T\u00fcrkiye","url":"https:\/\/epochtimestr.com\/","logo":{"@type":"ImageObject","inLanguage":"tr","@id":"https:\/\/epochtimestr.com\/#\/schema\/logo\/image\/","url":"https:\/\/epochtimestr.com\/wp-content\/uploads\/2011y\/ET-Logo-YG.jpg","contentUrl":"https:\/\/epochtimestr.com\/wp-content\/uploads\/2011y\/ET-Logo-YG.jpg","width":346,"height":29,"caption":"The EpochTimes T\u00fcrkiye"},"image":{"@id":"https:\/\/epochtimestr.com\/#\/schema\/logo\/image\/"},"sameAs":["https:\/\/www.facebook.com\/theepochtimestr","https:\/\/x.com\/TheEpochTimesTR","https:\/\/www.instagram.com\/epochtimestr"]},{"@type":"Person","@id":"https:\/\/epochtimestr.com\/#\/schema\/person\/6eb643244a30e5bc1e3f24bb56910e83","name":"Emel AKAN","image":{"@type":"ImageObject","inLanguage":"tr","@id":"https:\/\/epochtimestr.com\/#\/schema\/person\/image\/","url":"https:\/\/secure.gravatar.com\/avatar\/390e1c5fc574e7ba54694d0be151ec60?s=96&d=mm&r=g","contentUrl":"https:\/\/secure.gravatar.com\/avatar\/390e1c5fc574e7ba54694d0be151ec60?s=96&d=mm&r=g","caption":"Emel AKAN"},"url":"https:\/\/epochtimestr.com\/index.php\/author\/emel"}]}},"_links":{"self":[{"href":"https:\/\/epochtimestr.com\/index.php\/wp-json\/wp\/v2\/posts\/76482"}],"collection":[{"href":"https:\/\/epochtimestr.com\/index.php\/wp-json\/wp\/v2\/posts"}],"about":[{"href":"https:\/\/epochtimestr.com\/index.php\/wp-json\/wp\/v2\/types\/post"}],"author":[{"embeddable":true,"href":"https:\/\/epochtimestr.com\/index.php\/wp-json\/wp\/v2\/users\/25"}],"replies":[{"embeddable":true,"href":"https:\/\/epochtimestr.com\/index.php\/wp-json\/wp\/v2\/comments?post=76482"}],"version-history":[{"count":3,"href":"https:\/\/epochtimestr.com\/index.php\/wp-json\/wp\/v2\/posts\/76482\/revisions"}],"predecessor-version":[{"id":76487,"href":"https:\/\/epochtimestr.com\/index.php\/wp-json\/wp\/v2\/posts\/76482\/revisions\/76487"}],"wp:featuredmedia":[{"embeddable":true,"href":"https:\/\/epochtimestr.com\/index.php\/wp-json\/wp\/v2\/media\/76483"}],"wp:attachment":[{"href":"https:\/\/epochtimestr.com\/index.php\/wp-json\/wp\/v2\/media?parent=76482"}],"wp:term":[{"taxonomy":"category","embeddable":true,"href":"https:\/\/epochtimestr.com\/index.php\/wp-json\/wp\/v2\/categories?post=76482"},{"taxonomy":"post_tag","embeddable":true,"href":"https:\/\/epochtimestr.com\/index.php\/wp-json\/wp\/v2\/tags?post=76482"}],"curies":[{"name":"wp","href":"https:\/\/api.w.org\/{rel}","templated":true}]}}