{"id":77587,"date":"2014-06-27T13:04:45","date_gmt":"2014-06-27T10:04:45","guid":{"rendered":"http:\/\/epochtimestr.com\/?p=77587"},"modified":"2014-06-27T13:04:45","modified_gmt":"2014-06-27T10:04:45","slug":"cinin-yasaklarini-yikan-adam-bolum-1","status":"publish","type":"post","link":"https:\/\/epochtimestr.com\/index.php\/cinin-yasaklarini-yikan-adam-bolum-1","title":{"rendered":"\u00c7in&#8217;in Yasaklar\u0131n\u0131 Y\u0131kan Adam (B\u00f6l\u00fcm 1)"},"content":{"rendered":"<figure id=\"attachment_77588\" aria-describedby=\"caption-attachment-77588\" style=\"width: 300px\" class=\"wp-caption aligncenter\"><a href=\"https:\/\/epochtimestr.com\/index.php\/cinin-yasaklarini-yikan-adam-bolum-1\/yu_chao_pt_8\" rel=\"attachment wp-att-77588\"><img loading=\"lazy\" decoding=\"async\" class=\"wp-image-77588 size-medium\" src=\"https:\/\/epochtimestr.com\/wp-content\/uploads\/2011y\/Yu_Chao_pt_8-300x199.jpg\" alt=\"Yu_Chao_pt_8\" width=\"300\" height=\"199\" srcset=\"https:\/\/epochtimestr.com\/wp-content\/uploads\/2011y\/Yu_Chao_pt_8-300x199.jpg 300w, https:\/\/epochtimestr.com\/wp-content\/uploads\/2011y\/Yu_Chao_pt_8-150x99.jpg 150w, https:\/\/epochtimestr.com\/wp-content\/uploads\/2011y\/Yu_Chao_pt_8-292x194.jpg 292w, https:\/\/epochtimestr.com\/wp-content\/uploads\/2011y\/Yu_Chao_pt_8.jpg 448w\" sizes=\"(max-width: 300px) 100vw, 300px\" \/><\/a><figcaption id=\"caption-attachment-77588\" class=\"wp-caption-text\">Muhalif Yu Chao, New York, May\u0131s 2013<\/figcaption><\/figure>\n<p style=\"text-align: justify;\">Bilgisayarc\u0131 Yu Chao on y\u0131l\u0131n\u0131 Pekin cezaevinde ge\u00e7irdi, \u00e7\u00fcnk\u00fc Falun Gong uygulay\u0131c\u0131lar\u0131na yap\u0131lan i\u015fkencelerle ilgili raporlar\u0131 yurtd\u0131\u015f\u0131na aktar\u0131yordu. \u00c7in rejimine kar\u015f\u0131 bar\u0131\u015f\u00e7\u0131l direni\u015fi, 15 y\u0131l \u00f6nce, 25 Nisan 1999 y\u0131l\u0131nda ba\u015flad\u0131.<\/p>\n<p style=\"text-align: justify;\">25 Nisan 1999\u2019da 10.000 ki\u015fi Pekin&#8217;de imza ofisinin \u00f6n\u00fcnde protestoya kat\u0131lm\u0131\u015ft\u0131. Farkl\u0131 sosyal s\u0131n\u0131flardan olmalar\u0131na ra\u011fmen insanlar\u0131 birbirlerine ba\u011flayan tek bir ba\u011f vard\u0131. Geleneksel bir meditasyon uygulamas\u0131 olan Falun Gong\u2019un yasaklanmas\u0131na engel olmak istiyorlard\u0131.<\/p>\n<p style=\"text-align: justify;\">Rejim protestoyu sebep g\u00f6stererek zaten var olan nefret-propagandas\u0131n\u0131 yaymay\u0131 planl\u0131yordu. Plana g\u00f6re \u00f6ld\u00fcr\u00fclen kimse olmamal\u0131yd\u0131. Bu kez \u00f6nemsedikleri foto\u011fraflar, uluslararas\u0131 camiada sansasyon yaratmak amac\u0131yla kullan\u0131lacakt\u0131. Polis o g\u00fcn, protestoyu kasten imza ofisinden uzak tuttu ve yak\u0131nlardaki h\u00fck\u00fcmet binalar\u0131n\u0131n yer ald\u0131\u011f\u0131 Zhongnanhai il\u00e7esine y\u00f6nlendirdi. Ve daha sonra bunu f\u0131rsat bilip, \u00c7in devlet medyas\u0131nda &#8221;Falun Gong uygulay\u0131c\u0131lar\u0131 h\u00fck\u00fcmeti ku\u015fatt\u0131&#8221; \u015feklinde haberler yay\u0131nlatt\u0131.<\/p>\n<p style=\"text-align: justify;\"><strong>Diktat\u00f6rl\u00fc\u011f\u00fcn ortas\u0131nda \u00f6zg\u00fcrl\u00fck<\/strong><\/p>\n<p style=\"text-align: justify;\">1992 y\u0131l\u0131nda ilk kez halka tan\u0131t\u0131lan \u00f6zel bir meditasyon sistemi Falun Gong \u00c7in&#8217;de \u00e7ok h\u0131zl\u0131 bir \u015fekilde yay\u0131ld\u0131 ve h\u0131zla pop\u00fclerlik kazand\u0131. Beden ve zihin \u00fczerinde son derece olumlu etkileri olan Falun Gong \u00fclkede egzersiz alanlar\u0131 olu\u015fturdu, y\u00fczlerce hatta b\u00fcy\u00fck \u015fehirlerde binlerce \u00c7inli bir araya gelerek egzersizleri parklarda birlikte yap\u0131yordu. \u015eafak vakti, \u00f6\u011fleden sonralar\u0131 ya da i\u015f \u00e7\u0131k\u0131\u015f\u0131 bu egzersizler yap\u0131l\u0131yordu. Hepsi diktat\u00f6rl\u00fc\u011f\u00fcn g\u00f6zetiminde yap\u0131l\u0131yordu.<\/p>\n<p style=\"text-align: justify;\">100 milyon \u00c7inli bu uygulamay\u0131 yap\u0131yordu. Bu, bir m\u00fcddet sonra \u00c7in rejimi i\u00e7in bir korku ve k\u0131skan\u00e7l\u0131\u011fa d\u00f6n\u00fc\u015ft\u00fc. Bir anda \u00c7in Kom\u00fcnist Partisi (\u00c7KP) 65 milyon kay\u0131tl\u0131 \u00fcyesi ile az\u0131nl\u0131kta kalm\u0131\u015ft\u0131.<\/p>\n<p style=\"text-align: justify;\"><strong>Gen\u00e7 bir adam her \u015feyi riske at\u0131yor<\/strong><\/p>\n<p style=\"text-align: justify;\">25 Nisan 1999\u2019dan k\u0131sa bir zaman \u00f6nce Falun Gong uygulay\u0131c\u0131lar\u0131na kar\u015f\u0131 tazyikli su ve tutuklamalarla sald\u0131r\u0131lar ba\u015flam\u0131\u015ft\u0131. Yu bu konuda bir \u015feyler yapmak istedi. 27 ya\u015f\u0131nda, Tsinghua \u00dcniversitesi&#8217;nden bilgisayar uzman\u0131 olarak mezun oldu ve uluslararas\u0131 bir \u015firkette kariyerine ba\u015flamay\u0131 d\u00fc\u015f\u00fcn\u00fcyordu.<\/p>\n<p style=\"text-align: justify;\">Yu d\u00fc\u015f\u00fcnen bir ki\u015fiydi. Kendi g\u00f6r\u00fc\u015fleri olan, ak\u0131ls\u0131zca \u015feyler yapmayan ve kalabal\u0131k taraf\u0131ndan etki alt\u0131nda kalmayan biriydi. Devlet kar\u015f\u0131t\u0131 oldu\u011funda t\u00fcm imkanlar\u0131n\u0131 kaybedece\u011fini biliyordu.<\/p>\n<p style=\"text-align: justify;\">Fakat Yu, o bahar sabah\u0131 sanki hayat\u0131n\u0131n en anlaml\u0131 yoluna gidiyordu. O &#8221;Mao&#8217;nun uslu \u00e7ocu\u011fu&#8221; olarak b\u00fcy\u00fcm\u00fc\u015ft\u00fc.<\/p>\n<p style=\"text-align: justify;\">\u00dc\u00e7 ya\u015f\u0131ndayken ilk defa melankolik ve bo\u015f hissetmi\u015fti. Anaokulunda \u00f6\u011flen uykusuna bu s\u00f6zlerle g\u00f6nderiliyordu: \u201cBa\u015fkan Mao&#8217;nun uslu \u00e7ocuklar\u0131 olun ve uyuyun.\u201d<\/p>\n<p style=\"text-align: justify;\">Yu o an\u0131 iyi hat\u0131rl\u0131yordu. Uyuyam\u0131yordu, g\u00fcne\u015f \u0131\u015f\u0131\u011f\u0131n\u0131 izlerken kendine soruyordu: &#8221;Mao&#8217;nun uslu bir \u00e7ocu\u011fu&#8230;. Hepsi bu muydu?\u201d<\/p>\n<p style=\"text-align: justify;\">Bu \u00fcmitsiz hali 21 ya\u015f\u0131nda Falun Gong&#8217;a rastlayana kadar s\u00fcrd\u00fc. Kendisi qigong ile hi\u00e7 ilgilenmezdi. Fakat Yu mide a\u011fr\u0131s\u0131 \u00e7ekiyordu ve ila\u00e7lar i\u00e7in \u00e7ok para harc\u0131yordu. Annesi onu egzersizleri yapmaya ikna etti.<\/p>\n<p style=\"text-align: justify;\">Yu 1993&#8217;de Falun Gong&#8217;un bir konferans\u0131na kat\u0131ld\u0131.<\/p>\n<p style=\"text-align: justify;\"><strong>&#8220;Do\u011fruluk, Merhamet, Ho\u015fg\u00f6r\u00fc&#8221;<\/strong><\/p>\n<p style=\"text-align: justify;\">Konu, eskiye dayal\u0131 bilgelik, evrenin \u00f6zellikleri ve \u00f6nceden hi\u00e7 a\u00e7\u0131klanmam\u0131\u015f bilgilerdi&#8230; \u00c7inliler i\u00e7in bu Konferanslar gelenek ve modern bilim aras\u0131ndaki kay\u0131p halka gibiydi. Yu i\u00e7in \u00e7ok \u00f6nemli bir deneyimdi.<\/p>\n<p style=\"text-align: justify;\">Yu: \u201cSanki 21 y\u0131ld\u0131r g\u00f6z\u00fc ba\u011fl\u0131 ya\u015f\u0131yordum. Hayat\u0131m\u0131 \u2018Do\u011fruluk, Merhamet ve Ho\u015fg\u00f6r\u00fc\u2019 ilkelerine g\u00f6re ya\u015famaya ba\u015flad\u0131m ve art\u0131k hatalar\u0131 ba\u015fkalar\u0131nda de\u011fil kendimde arad\u0131m. Aniden hayat\u0131 anlaml\u0131 hissettim, k\u0131skan\u00e7l\u0131k ve olumsuz d\u00fc\u015f\u00fcnceleri b\u0131rakmaya \u00e7al\u0131\u015f\u0131yordum.\u201d<\/p>\n<p style=\"text-align: justify;\">\u0130\u00e7 huzura odaklanarak, Yu y\u0131llarca a\u015f\u0131r\u0131 arzu, tutku ve tak\u0131nt\u0131lar\u0131n\u0131 a\u015fmaya \u00e7al\u0131\u015ft\u0131. Temmuz 1999&#8217;da Falun Gong\u2019a zul\u00fcm ba\u015flad\u0131.<\/p>\n<p style=\"text-align: justify;\"><strong>\u0130lk tutuklama<\/strong><\/p>\n<p style=\"text-align: justify;\">Yu, protestolara kat\u0131lmak i\u00e7in Tiananmen Meydan\u0131na gitti. \u201cEgzersizleri d\u00fczenli olarak yapmad\u0131\u011f\u0131m halde, protestoya kesinlikle kat\u0131lmak istiyordum\u201d diye anlatt\u0131.<\/p>\n<p style=\"text-align: justify;\">Yu, 15 Ekim 1999&#8217;da ilk kez tutukland\u0131. Kamu G\u00fcvenli\u011fi dairesine zulme kar\u015f\u0131 ve ger\u00e7e\u011fi a\u00e7\u0131klayan bir bro\u015f\u00fcr verdi. \u00c7in yasalar\u0131na g\u00f6re tutuklanmaya hakk\u0131 yoktu ama yine de tutukland\u0131.<\/p>\n<p style=\"text-align: justify;\">\u0130ki hafta sonra, e\u015fi de Kamu G\u00fcvenli\u011fi Dairesine Falun Gong\u2019u savunmaya gitti\u011fi i\u00e7in tutukland\u0131.<\/p>\n<p style=\"text-align: justify;\"><strong>B\u00fct\u00fcn aile ac\u0131 \u00e7ekiyordu<\/strong><\/p>\n<p style=\"text-align: justify;\">Yu, 38 g\u00fcn boyunca tutuklu kald\u0131. \u0130lk olarak Pekin&#8217;in Haidan-cezaevinde daha sonra bir \u00e7al\u0131\u015fma kamp\u0131ndayd\u0131. Serbest b\u0131rak\u0131ld\u0131\u011f\u0131nda t\u00fcm v\u00fccudunda uyuz b\u00f6ce\u011fi vard\u0131. Ayr\u0131ca Yu&#8217;nun yak\u0131nlar\u0131 birbiri ard\u0131na Falun Gong uygulad\u0131klar\u0131 i\u00e7in tutukland\u0131. Tsinghua \u00dcniversitesi \u0130\u015fletme profes\u00f6r\u00fc olan k\u0131z karde\u015fi, \u00fc\u00e7 bu\u00e7uk y\u0131l hapis cezas\u0131na \u00e7arpt\u0131r\u0131ld\u0131.<\/p>\n<p style=\"text-align: justify;\">\n<p style=\"text-align: justify;\">A\u011fustos 2001&#8217;de bask\u0131 \u00e7ok artm\u0131\u015ft\u0131. Yu ve e\u015fi tutuklanmaktan ka\u00e7mak i\u00e7in evlerinden ayr\u0131l\u0131p gizlendiler. Gece evlerini terk edip, 3 ya\u015f\u0131ndaki o\u011fullar\u0131n\u0131 arkada\u015f\u0131na b\u0131rakt\u0131lar. Hatta orada 10 ay kalan \u00e7ocuk b\u0131rak\u0131lan arkada\u015f\u0131 annesi san\u0131yordu.<\/p>\n<p style=\"text-align: justify;\"><strong>Bir \u00f6l\u00fcm ona korkusunu unutturdu<\/strong><\/p>\n<p style=\"text-align: justify;\">Yu: \u201c2000 y\u0131l\u0131n\u0131n ortas\u0131nda korkudan fel\u00e7 oldum.&#8221;<\/p>\n<p style=\"text-align: justify;\">Yu o kadar bilgiliydi ki \u015fifreli mailleri \u00e7\u00f6zebilip, yurt d\u0131\u015f\u0131ndaki medya ile irtibata ge\u00e7ebiliyordu. Ama o bunu yap\u0131p yapmama konusunda teredd\u00fct etti. \u00c7\u00fcnk\u00fc h\u00fck\u00fcmetin neler yapabilece\u011fini biliyordu. &#8221;Ben onlar\u0131n vah\u015fetini bizzat ya\u015fam\u0131\u015ft\u0131m.&#8221;<\/p>\n<p style=\"text-align: justify;\">Ama bir deneyim ona korkusunu unutturdu. Zhao Xin 32 ya\u015f\u0131nda Pekin \u00dcniversitesi\u2019nde ekonomi profes\u00f6r\u00fcyd\u00fc ve i\u015fkence g\u00f6rerek hayat\u0131n\u0131 kaybetti.<\/p>\n<p style=\"text-align: justify;\">Ald\u0131\u011f\u0131 darbeler sonucu omurili\u011fi k\u0131r\u0131lm\u0131\u015ft\u0131 ve fel\u00e7 oldu. Daha sonra ameliyatla yemek borusunun bir par\u00e7as\u0131 \u00e7\u0131kar\u0131ld\u0131 ve bu y\u00fczden konu\u015fma yetene\u011fini kaybetti. Yu: \u201cOnlar onu susturmak i\u00e7in b\u00f6yle yapt\u0131lar.\u201d Yu bundan \u00e7ok emindi.<\/p>\n<p style=\"text-align: justify;\">Bo\u011faz\u0131nda bir plastik boru ile kelimeleri s\u00f6ylemek i\u00e7in nefes nefese kal\u0131yordu. Tekerlekli sandalyeyle Tiananmen Meydan\u0131&#8217;nda protestoya kat\u0131lmak istedi. Ama fiziksel olarak \u00e7ok zay\u0131ft\u0131 ve alt\u0131 ay sonra yenik d\u00fc\u015ft\u00fc.<\/p>\n<p style=\"text-align: justify;\">Yu: \u201cZhao Xin&#8217;in ya\u015fad\u0131klar\u0131n\u0131 halka anlatmak istedim. T\u00fcm d\u00fcnya bu yap\u0131lanlar\u0131 \u00f6\u011frenmek zorunda.\u201d<\/p>\n<p style=\"text-align: justify;\">\u0130\u015fkence g\u00f6ren bat\u0131l\u0131 muhabirlerle birlikte 5 ki\u015filik bir ekip kuruldu ve gizli toplant\u0131lar d\u00fczenlendi. Birka\u00e7 ay iyi ge\u00e7ti. Sonra s\u0131rayla ekipte olanlar tutukland\u0131.<\/p>\n<p style=\"text-align: justify;\"><strong>On y\u0131l hapis ve i\u015fkence<\/strong><\/p>\n<p style=\"text-align: justify;\">Yu 10 y\u0131l hapis cezas\u0131na \u00e7arpt\u0131r\u0131ld\u0131. \u0130lk ba\u015fta Falun Gong uygulay\u0131c\u0131lar\u0131na \u00f6zel bir beyin y\u0131kama merkezine g\u00f6nderildi ve orada 11 ay kald\u0131.<\/p>\n<p style=\"text-align: justify;\">Yu: \u201cGardiyanlar ac\u0131mas\u0131zca kaburgama tekme at\u0131yorlard\u0131. Fakat ben o anlarda sakin ve huzurluydum. Ne yapt\u0131\u011f\u0131m\u0131 \u00e7ok iyi biliyordum.\u201d<\/p>\n<p style=\"text-align: justify;\">Her seferinde yeni gardiyanlar geliyordu. Yu dost\u00e7a onlar\u0131n g\u00f6zlerine bak\u0131yordu ve onlara isimlerini soruyordu. Ne yaz\u0131k ki kimse yan\u0131tlam\u0131yordu.<\/p>\n<p style=\"text-align: justify;\">Yu g\u00fclerek bir g\u00fcn sordu: &#8221;Bana vurmaya cesaretiniz var, fakat ad\u0131n\u0131z\u0131 s\u00f6ylemek istemiyorsunuz? Anneniz nas\u0131l para kazand\u0131\u011f\u0131n\u0131z\u0131 biliyor mu? K\u0131z arkada\u015f\u0131n\u0131z var m\u0131? Burada ne yapt\u0131\u011f\u0131n\u0131z\u0131 biliyor mu?&#8221;<\/p>\n<p style=\"text-align: justify;\">Yine kimse yan\u0131t vermedi. Korumalar bak\u0131\u015f\u0131ndan korkuyordu ve parmaklar\u0131n\u0131 g\u00f6z\u00fcne sokuyorlard\u0131. \u015eiddetli a\u011fr\u0131ya ra\u011fmen, Yu onlara bak\u0131yordu. Baz\u0131lar\u0131 sert vurmuyordu.<\/p>\n<p style=\"text-align: justify;\">Yu: &#8221;O anda ne kadar ac\u0131nacak bir halde olduklar\u0131n\u0131 fark ettim. Kendi kararlar\u0131n\u0131 veremiyorlard\u0131 ve emirlere itaat etmekten ba\u015fka bir\u015fey yapam\u0131yorlard\u0131.\u201c<\/p>\n<p style=\"text-align: justify;\">Yu, A\u011fustos 2002&#8217;den Temmuz 2003&#8217;e kadar beyin y\u0131kama merkezinde kald\u0131. \u0130ki ay boyunca g\u00fcnde sadece bir saat uyku uyuyabiliyordu.<\/p>\n<p style=\"text-align: justify;\">Yu: \u201cNeyin ger\u00e7ek neyin hayal oldu\u011funu art\u0131k ay\u0131rt edemiyordum.\u201d<\/p>\n<p style=\"text-align: justify;\"><strong>100 g\u00fcn \u00f6l\u00fcm d\u00f6\u015fe\u011finde <\/strong><\/p>\n<p style=\"text-align: justify;\">\u201c\u00d6l\u00fcm d\u00f6\u015fe\u011fi\u201d olarak adland\u0131r\u0131lan tahta bir yatakta kelep\u00e7elendi. Sol dirse\u011fi dayak yedi\u011finden dolay\u0131 \u00e7\u0131km\u0131\u015ft\u0131, ona ra\u011fmen s\u0131rt\u0131n\u0131 \u00e7evirerek kelep\u00e7elediler. Son derece ac\u0131 vericiydi ve t\u00fcm v\u00fccudu so\u011fuk terler d\u00f6k\u00fcyordu. Ayaklar\u0131 iple ba\u011fl\u0131yd\u0131 ve d\u00f6rt g\u00fcn boyunca o pozisyonda kald\u0131.<\/p>\n<p style=\"text-align: justify;\">100 g\u00fcn boyunca &#8221;\u00f6l\u00fcm d\u00f6\u015fe\u011finde\u201d bu \u015fekilde kald\u0131. Arada bir kelep\u00e7esi \u00e7\u00f6z\u00fcl\u00fcyordu. Y\u0131kanmak i\u00e7in izin yoktu ve g\u00fcnde sadece iki bardak su veriliyordu. Y\u0131kanmak i\u00e7in bir yudum suyu y\u00fcz\u00fcne t\u00fck\u00fcr\u00fcyordu. G\u00f6z\u00fcn\u00fcn etraf\u0131nda iltihap olu\u015ftu ve be\u015f ay y\u0131kanmad\u0131\u011f\u0131 i\u00e7in cildi pul pul oldu.<\/p>\n<p style=\"text-align: justify;\">Temmuz 2003 &#8211; Temmuz 2004 aras\u0131 farkl\u0131 h\u00fccrelerde ge\u00e7irdi. 40 metrekarelik bir alan\u0131 50 ki\u015fiyle payla\u015f\u0131l\u0131yordu. 20 \u015eubat 2012\u2019e kadar Pekin Tianjin cezaevindeydi. K\u0131\u015f\u0131n bile sabah 4.30&#8217;da ko\u015fu yap\u0131l\u0131yordu. G\u0131dalar k\u00f6t\u00fc ko\u015fullarla \u00fcretiliyordu.<\/p>\n<p style=\"text-align: justify;\">Orada du\u015f alamad\u0131klar\u0131 halde g\u0131dalar\u0131n i\u00e7indeydiler. Mahkumlar kekleri bir ka\u011f\u0131t taba\u011f\u0131n i\u00e7ine yerle\u015ftiriyor, daha sonra plastik ile ambalajlan\u0131yordu. Yu, \u015feker ambalajl\u0131yordu. Yapt\u0131klar\u0131, makineden \u00e7\u0131km\u0131\u015f kadar g\u00fczel olmak zorundayd\u0131. Bu sebepten dolay\u0131 baz\u0131 mahkumlar t\u0131rnaklar\u0131n\u0131 kaybediyordu.<\/p>\n<p style=\"text-align: justify;\">Bir ba\u015fka i\u015fkence y\u00f6ntemi daha vard\u0131. Hoparl\u00f6rle ses \u00e7ok y\u00fcksek seviyede a\u00e7\u0131l\u0131yordu, bu da mide bulant\u0131s\u0131na sebep oluyordu. Her sabah saat 06.00\u2019dan 22.00&#8217;a kadar bir hafta boyunca bu i\u015fkenceyi \u00e7ekti. Ayr\u0131ca septik tanklar\u0131n temizli\u011fini de yapt\u0131r\u0131yorlard\u0131.<\/p>\n<p style=\"text-align: justify;\">Yu: &#8221;Ama\u00e7, haysiyetim ve kendime olan sayg\u0131m\u0131n yok edilmesiydi.&#8221;<\/p>\n<p style=\"text-align: justify;\"><strong>ABD&#8217;ye ka\u00e7may\u0131 nas\u0131l ba\u015fard\u0131m<\/strong><\/p>\n<p style=\"text-align: justify;\">2012 y\u0131l\u0131nda taburcu olduktan sonra pasaport i\u00e7in ba\u015fvurdum.<\/p>\n<p style=\"text-align: justify;\">Yu: &#8221;Normal \u015fartlar alt\u0131nda alamazd\u0131m, fakat \u015fansl\u0131yd\u0131m \u00e7\u00fcnk\u00fc e\u011fitimli insanlarda daha esnek davran\u0131yorlard\u0131.&#8221;<\/p>\n<p style=\"text-align: justify;\">2013\u2019\u00fcn May\u0131s ay\u0131nda, 41 ya\u015f\u0131ndaki Yu New York&#8217;a e\u015fi ve 15 ya\u015f\u0131ndaki o\u011flu ile gitti. Havaalan\u0131nda tatilcilerin ve i\u015f adamlar\u0131n\u0131n aras\u0131ndan ge\u00e7erken \u00f6l\u00fc gibiydi, be\u015f g\u00fcn sonra \u00f6zg\u00fcr oldu\u011funu fark etti.<\/p>\n<p style=\"text-align: justify;\">Yu: &#8220;En b\u00fcy\u00fck zorluk bundan sonra geliyordu. A\u011f\u0131r kaburga hasarlar\u0131ndan dolay\u0131 halen s\u0131rt\u00fcst\u00fc uyuyam\u0131yorum. Buna ra\u011fmen intikam d\u00fc\u015f\u00fcnm\u00fcyorum. \u0130nsanlar\u0131 de\u011fi\u015ftirmenin tek yolu kalbe dokunmak. Nefret olmad\u0131\u011f\u0131n\u0131 g\u00f6stermek.\u201d<\/p>\n<p style=\"text-align: justify;\"><strong>Falun Gong hakk\u0131nda genel bilgi:<\/strong><\/p>\n<p style=\"text-align: justify;\">\n<p style=\"text-align: justify;\">Falun Dafa, bir meditasyon sistemi olup, zihin ve bedeni birlikte geli\u015ftiren bir qigong uygulamas\u0131d\u0131r. Ayn\u0131 zamanda Falun Gong olarak da bilinir. \u00c7ok eski bir uygulama olmas\u0131na ra\u011fmen, ilk kez 1992 y\u0131l\u0131nda Li Hongzhi taraf\u0131ndan \u00c7in\u2019de halka tan\u0131t\u0131lm\u0131\u015ft\u0131r. Zihin ve beden sa\u011fl\u0131\u011f\u0131 \u00fczerinde olumlu etkilere sahip oldu\u011fu i\u00e7in b\u00fcy\u00fck ilgi g\u00f6rm\u00fc\u015f ve k\u0131sa s\u00fcrede h\u0131zla yay\u0131lm\u0131\u015ft\u0131r. \u00dc\u00e7 temel prensip ile ya\u015famay\u0131 \u00f6\u011fretir: do\u011fruluk, merhamet, ho\u015fg\u00f6r\u00fc. Tamamen insan do\u011fas\u0131n\u0131, ahlak\u0131n\u0131 ve bedenini geli\u015ftirmeyi hedefler.<\/p>\n<p style=\"text-align: justify;\">\u00c7in\u2019de \u00e7ok pop\u00fcler olan bu uygulama daha sonra t\u00fcm d\u00fcnyaya yay\u0131lm\u0131\u015ft\u0131r. Bug\u00fcn 100\u2019\u00fcn \u00fczerinde \u00fclkede 100 milyondan fazla insan taraf\u0131ndan uygulanmaktad\u0131r.<\/p>\n<p style=\"text-align: justify;\">20 Temmuz 1999 y\u0131l\u0131nda \u00c7in\u2019deki iktidar partisi olan \u00c7in kom\u00fcnist Partisi \u00c7KP, \u00fclkede \u00e7ok sevilen Falun Dafa\u2019y\u0131 yasaklad\u0131.<\/p>\n<p style=\"text-align: justify;\">\u00c7KP, Falun Dafa uygulay\u0131c\u0131lar\u0131n\u0131 bir tehdit olarak g\u00f6rmeye ba\u015flad\u0131. \u00d6zellikle uygulay\u0131c\u0131 say\u0131s\u0131 100 milyona ula\u015f\u0131p, Kom\u00fcnist Parti \u00fcye say\u0131s\u0131n\u0131 ge\u00e7ince devletin totaliter yakla\u015f\u0131m\u0131 devreye girdi.<\/p>\n<p style=\"text-align: justify;\">Falun Dafa yasad\u0131\u015f\u0131 ilan edilerek, uygulay\u0131c\u0131lar tutuklanmaya ba\u015flad\u0131. Temmuz 1999&#8217;dan bu yana 1 milyondan fazla Falun Gong uygulay\u0131c\u0131s\u0131n\u0131n tutukland\u0131\u011f\u0131 tahmin ediliyor. Ayr\u0131ca tahmini 500.000 &#8216;den fazla uygulay\u0131c\u0131 \u00e7al\u0131\u015fma kamp\u0131na g\u00f6nderildi ve \u00e7o\u011fu mahkeme karar\u0131 olmadan hapse at\u0131ld\u0131.<\/p>\n<p style=\"text-align: justify;\">\u00c7in&#8217;de zul\u00fcm hayat\u0131n t\u00fcm alan\u0131nda mevcut: insanlar i\u015flerini ve evlerini kaybetmeye zorlan\u0131yor, \u00f6\u011frenciler e\u011fitimsiz kal\u0131yor, kad\u0131nlara zorunlu k\u00fcrtaj yap\u0131l\u0131yor ve evliler bo\u015fanmak zorunda b\u0131rak\u0131l\u0131yor.<\/p>\n<p style=\"text-align: justify;\">Falun Dafa Bilgi Merkezi\u2019nin verdi\u011fi bilgiye g\u00f6re, karakolda ve \u00e7al\u0131\u015fma kamplar\u0131nda i\u015fkence g\u00f6rerek \u00f6lenlerin say\u0131s\u0131 3.476. Say\u0131lar\u0131n daha da y\u00fcksek oldu\u011fu tahmin ediliyor. Devlet yetkilileri taraf\u0131ndan sistematik organ ticareti yap\u0131l\u0131yor. \u00c7in&#8217;de ya\u015fayan 65.000 sa\u011fl\u0131kl\u0131 Falun Gong uygulay\u0131c\u0131s\u0131n\u0131n organ ticareti kurban\u0131 oldu\u011fu tahmin ediliyor.<\/p>\n<p style=\"text-align: justify;\">Haz\u0131rlayan: Amelia Pang ve Rosemarie Fruehauf<\/p>\n","protected":false},"excerpt":{"rendered":"<p>Bilgisayarc\u0131 Yu Chao on y\u0131l\u0131n\u0131 Pekin cezaevinde ge\u00e7irdi, \u00e7\u00fcnk\u00fc Falun Gong uygulay\u0131c\u0131lar\u0131na yap\u0131lan i\u015fkencelerle ilgili raporlar\u0131 yurtd\u0131\u015f\u0131na aktar\u0131yordu. \u00c7in rejimine kar\u015f\u0131 bar\u0131\u015f\u00e7\u0131l direni\u015fi, 15 y\u0131l \u00f6nce, 25 Nisan 1999 y\u0131l\u0131nda ba\u015flad\u0131. 25 Nisan 1999\u2019da 10.000 ki\u015fi Pekin&#8217;de imza ofisinin \u00f6n\u00fcnde protestoya kat\u0131lm\u0131\u015ft\u0131. Farkl\u0131 sosyal s\u0131n\u0131flardan olmalar\u0131na ra\u011fmen insanlar\u0131 birbirlerine ba\u011flayan tek bir ba\u011f vard\u0131. Geleneksel [&hellip;]<\/p>\n","protected":false},"author":1545,"featured_media":77588,"comment_status":"open","ping_status":"open","sticky":false,"template":"","format":"standard","meta":{"_yoast_wpseo_focuskw":"","_yoast_wpseo_title":"","_yoast_wpseo_metadesc":"","_bbp_topic_count":0,"_bbp_reply_count":0,"_bbp_total_topic_count":0,"_bbp_total_reply_count":0,"_bbp_voice_count":0,"_bbp_anonymous_reply_count":0,"_bbp_topic_count_hidden":0,"_bbp_reply_count_hidden":0,"_bbp_forum_subforum_count":0,"footnotes":"","_yoast_wpseo_focuskw_text_input":""},"categories":[60],"tags":[],"yoast_head":"<!-- This site is optimized with the Yoast SEO plugin v23.0 - https:\/\/yoast.com\/wordpress\/plugins\/seo\/ -->\n<title>\u00c7in&#039;in Yasaklar\u0131n\u0131 Y\u0131kan Adam (B\u00f6l\u00fcm 1) - The Epoch Times TR<\/title>\n<meta name=\"robots\" content=\"index, follow, max-snippet:-1, max-image-preview:large, max-video-preview:-1\" \/>\n<link rel=\"canonical\" href=\"https:\/\/epochtimestr.com\/index.php\/cinin-yasaklarini-yikan-adam-bolum-1\" \/>\n<meta property=\"og:locale\" content=\"tr_TR\" \/>\n<meta property=\"og:type\" content=\"article\" \/>\n<meta property=\"og:title\" content=\"\u00c7in&#039;in Yasaklar\u0131n\u0131 Y\u0131kan Adam (B\u00f6l\u00fcm 1) - The Epoch Times TR\" \/>\n<meta property=\"og:description\" content=\"Bilgisayarc\u0131 Yu Chao on y\u0131l\u0131n\u0131 Pekin cezaevinde ge\u00e7irdi, \u00e7\u00fcnk\u00fc Falun Gong uygulay\u0131c\u0131lar\u0131na yap\u0131lan i\u015fkencelerle ilgili raporlar\u0131 yurtd\u0131\u015f\u0131na aktar\u0131yordu. \u00c7in rejimine kar\u015f\u0131 bar\u0131\u015f\u00e7\u0131l direni\u015fi, 15 y\u0131l \u00f6nce, 25 Nisan 1999 y\u0131l\u0131nda ba\u015flad\u0131. 25 Nisan 1999\u2019da 10.000 ki\u015fi Pekin&#8217;de imza ofisinin \u00f6n\u00fcnde protestoya kat\u0131lm\u0131\u015ft\u0131. Farkl\u0131 sosyal s\u0131n\u0131flardan olmalar\u0131na ra\u011fmen insanlar\u0131 birbirlerine ba\u011flayan tek bir ba\u011f vard\u0131. Geleneksel [&hellip;]\" \/>\n<meta property=\"og:url\" content=\"https:\/\/epochtimestr.com\/index.php\/cinin-yasaklarini-yikan-adam-bolum-1\" \/>\n<meta property=\"og:site_name\" content=\"The Epoch Times TR\" \/>\n<meta property=\"article:publisher\" content=\"https:\/\/www.facebook.com\/theepochtimestr\" \/>\n<meta property=\"article:published_time\" content=\"2014-06-27T10:04:45+00:00\" \/>\n<meta property=\"og:image\" content=\"https:\/\/epochtimestr.com\/wp-content\/uploads\/2011y\/Yu_Chao_pt_8.jpg\" \/>\n\t<meta property=\"og:image:width\" content=\"448\" \/>\n\t<meta property=\"og:image:height\" content=\"298\" \/>\n\t<meta property=\"og:image:type\" content=\"image\/jpeg\" \/>\n<meta name=\"author\" content=\"Derrin Tun\u00e7do\u011fan\" \/>\n<meta name=\"twitter:card\" content=\"summary_large_image\" \/>\n<meta name=\"twitter:creator\" content=\"@TheEpochTimesTR\" \/>\n<meta name=\"twitter:site\" content=\"@TheEpochTimesTR\" \/>\n<meta name=\"twitter:label1\" content=\"Yazan:\" \/>\n\t<meta name=\"twitter:data1\" content=\"Derrin Tun\u00e7do\u011fan\" \/>\n\t<meta name=\"twitter:label2\" content=\"Tahmini okuma s\u00fcresi\" \/>\n\t<meta name=\"twitter:data2\" content=\"10 dakika\" \/>\n<script type=\"application\/ld+json\" class=\"yoast-schema-graph\">{\"@context\":\"https:\/\/schema.org\",\"@graph\":[{\"@type\":\"Article\",\"@id\":\"https:\/\/epochtimestr.com\/index.php\/cinin-yasaklarini-yikan-adam-bolum-1#article\",\"isPartOf\":{\"@id\":\"https:\/\/epochtimestr.com\/index.php\/cinin-yasaklarini-yikan-adam-bolum-1\"},\"author\":{\"name\":\"Derrin Tun\u00e7do\u011fan\",\"@id\":\"https:\/\/epochtimestr.com\/#\/schema\/person\/4eb517474ed40b3a65320bdd1157c3a7\"},\"headline\":\"\u00c7in&#8217;in Yasaklar\u0131n\u0131 Y\u0131kan Adam (B\u00f6l\u00fcm 1)\",\"datePublished\":\"2014-06-27T10:04:45+00:00\",\"dateModified\":\"2014-06-27T10:04:45+00:00\",\"mainEntityOfPage\":{\"@id\":\"https:\/\/epochtimestr.com\/index.php\/cinin-yasaklarini-yikan-adam-bolum-1\"},\"wordCount\":2071,\"commentCount\":0,\"publisher\":{\"@id\":\"https:\/\/epochtimestr.com\/#organization\"},\"image\":{\"@id\":\"https:\/\/epochtimestr.com\/index.php\/cinin-yasaklarini-yikan-adam-bolum-1#primaryimage\"},\"thumbnailUrl\":\"https:\/\/epochtimestr.com\/wp-content\/uploads\/2011y\/Yu_Chao_pt_8.jpg\",\"articleSection\":[\"Taslak'da b\u0131rak\"],\"inLanguage\":\"tr\",\"potentialAction\":[{\"@type\":\"CommentAction\",\"name\":\"Comment\",\"target\":[\"https:\/\/epochtimestr.com\/index.php\/cinin-yasaklarini-yikan-adam-bolum-1#respond\"]}]},{\"@type\":\"WebPage\",\"@id\":\"https:\/\/epochtimestr.com\/index.php\/cinin-yasaklarini-yikan-adam-bolum-1\",\"url\":\"https:\/\/epochtimestr.com\/index.php\/cinin-yasaklarini-yikan-adam-bolum-1\",\"name\":\"\u00c7in'in Yasaklar\u0131n\u0131 Y\u0131kan Adam (B\u00f6l\u00fcm 1) - The Epoch Times TR\",\"isPartOf\":{\"@id\":\"https:\/\/epochtimestr.com\/#website\"},\"primaryImageOfPage\":{\"@id\":\"https:\/\/epochtimestr.com\/index.php\/cinin-yasaklarini-yikan-adam-bolum-1#primaryimage\"},\"image\":{\"@id\":\"https:\/\/epochtimestr.com\/index.php\/cinin-yasaklarini-yikan-adam-bolum-1#primaryimage\"},\"thumbnailUrl\":\"https:\/\/epochtimestr.com\/wp-content\/uploads\/2011y\/Yu_Chao_pt_8.jpg\",\"datePublished\":\"2014-06-27T10:04:45+00:00\",\"dateModified\":\"2014-06-27T10:04:45+00:00\",\"inLanguage\":\"tr\",\"potentialAction\":[{\"@type\":\"ReadAction\",\"target\":[\"https:\/\/epochtimestr.com\/index.php\/cinin-yasaklarini-yikan-adam-bolum-1\"]}]},{\"@type\":\"ImageObject\",\"inLanguage\":\"tr\",\"@id\":\"https:\/\/epochtimestr.com\/index.php\/cinin-yasaklarini-yikan-adam-bolum-1#primaryimage\",\"url\":\"https:\/\/epochtimestr.com\/wp-content\/uploads\/2011y\/Yu_Chao_pt_8.jpg\",\"contentUrl\":\"https:\/\/epochtimestr.com\/wp-content\/uploads\/2011y\/Yu_Chao_pt_8.jpg\",\"width\":448,\"height\":298},{\"@type\":\"WebSite\",\"@id\":\"https:\/\/epochtimestr.com\/#website\",\"url\":\"https:\/\/epochtimestr.com\/\",\"name\":\"The Epoch Times TR\",\"description\":\"De\u011fi\u015fen D\u00fcnyam\u0131za Taze Bir Bak\u0131\u015f\",\"publisher\":{\"@id\":\"https:\/\/epochtimestr.com\/#organization\"},\"potentialAction\":[{\"@type\":\"SearchAction\",\"target\":{\"@type\":\"EntryPoint\",\"urlTemplate\":\"https:\/\/epochtimestr.com\/?s={search_term_string}\"},\"query-input\":\"required name=search_term_string\"}],\"inLanguage\":\"tr\"},{\"@type\":\"Organization\",\"@id\":\"https:\/\/epochtimestr.com\/#organization\",\"name\":\"The EpochTimes T\u00fcrkiye\",\"url\":\"https:\/\/epochtimestr.com\/\",\"logo\":{\"@type\":\"ImageObject\",\"inLanguage\":\"tr\",\"@id\":\"https:\/\/epochtimestr.com\/#\/schema\/logo\/image\/\",\"url\":\"https:\/\/epochtimestr.com\/wp-content\/uploads\/2011y\/ET-Logo-YG.jpg\",\"contentUrl\":\"https:\/\/epochtimestr.com\/wp-content\/uploads\/2011y\/ET-Logo-YG.jpg\",\"width\":346,\"height\":29,\"caption\":\"The EpochTimes T\u00fcrkiye\"},\"image\":{\"@id\":\"https:\/\/epochtimestr.com\/#\/schema\/logo\/image\/\"},\"sameAs\":[\"https:\/\/www.facebook.com\/theepochtimestr\",\"https:\/\/x.com\/TheEpochTimesTR\",\"https:\/\/www.instagram.com\/epochtimestr\"]},{\"@type\":\"Person\",\"@id\":\"https:\/\/epochtimestr.com\/#\/schema\/person\/4eb517474ed40b3a65320bdd1157c3a7\",\"name\":\"Derrin Tun\u00e7do\u011fan\",\"image\":{\"@type\":\"ImageObject\",\"inLanguage\":\"tr\",\"@id\":\"https:\/\/epochtimestr.com\/#\/schema\/person\/image\/\",\"url\":\"https:\/\/secure.gravatar.com\/avatar\/2f44b56cf128e324f0b6c2dc21f64686?s=96&d=mm&r=g\",\"contentUrl\":\"https:\/\/secure.gravatar.com\/avatar\/2f44b56cf128e324f0b6c2dc21f64686?s=96&d=mm&r=g\",\"caption\":\"Derrin Tun\u00e7do\u011fan\"},\"url\":\"https:\/\/epochtimestr.com\/index.php\/author\/d-tuncdogan\"}]}<\/script>\n<!-- \/ Yoast SEO plugin. -->","yoast_head_json":{"title":"\u00c7in'in Yasaklar\u0131n\u0131 Y\u0131kan Adam (B\u00f6l\u00fcm 1) - The Epoch Times TR","robots":{"index":"index","follow":"follow","max-snippet":"max-snippet:-1","max-image-preview":"max-image-preview:large","max-video-preview":"max-video-preview:-1"},"canonical":"https:\/\/epochtimestr.com\/index.php\/cinin-yasaklarini-yikan-adam-bolum-1","og_locale":"tr_TR","og_type":"article","og_title":"\u00c7in'in Yasaklar\u0131n\u0131 Y\u0131kan Adam (B\u00f6l\u00fcm 1) - The Epoch Times TR","og_description":"Bilgisayarc\u0131 Yu Chao on y\u0131l\u0131n\u0131 Pekin cezaevinde ge\u00e7irdi, \u00e7\u00fcnk\u00fc Falun Gong uygulay\u0131c\u0131lar\u0131na yap\u0131lan i\u015fkencelerle ilgili raporlar\u0131 yurtd\u0131\u015f\u0131na aktar\u0131yordu. \u00c7in rejimine kar\u015f\u0131 bar\u0131\u015f\u00e7\u0131l direni\u015fi, 15 y\u0131l \u00f6nce, 25 Nisan 1999 y\u0131l\u0131nda ba\u015flad\u0131. 25 Nisan 1999\u2019da 10.000 ki\u015fi Pekin&#8217;de imza ofisinin \u00f6n\u00fcnde protestoya kat\u0131lm\u0131\u015ft\u0131. Farkl\u0131 sosyal s\u0131n\u0131flardan olmalar\u0131na ra\u011fmen insanlar\u0131 birbirlerine ba\u011flayan tek bir ba\u011f vard\u0131. Geleneksel [&hellip;]","og_url":"https:\/\/epochtimestr.com\/index.php\/cinin-yasaklarini-yikan-adam-bolum-1","og_site_name":"The Epoch Times TR","article_publisher":"https:\/\/www.facebook.com\/theepochtimestr","article_published_time":"2014-06-27T10:04:45+00:00","og_image":[{"width":448,"height":298,"url":"https:\/\/epochtimestr.com\/wp-content\/uploads\/2011y\/Yu_Chao_pt_8.jpg","type":"image\/jpeg"}],"author":"Derrin Tun\u00e7do\u011fan","twitter_card":"summary_large_image","twitter_creator":"@TheEpochTimesTR","twitter_site":"@TheEpochTimesTR","twitter_misc":{"Yazan:":"Derrin Tun\u00e7do\u011fan","Tahmini okuma s\u00fcresi":"10 dakika"},"schema":{"@context":"https:\/\/schema.org","@graph":[{"@type":"Article","@id":"https:\/\/epochtimestr.com\/index.php\/cinin-yasaklarini-yikan-adam-bolum-1#article","isPartOf":{"@id":"https:\/\/epochtimestr.com\/index.php\/cinin-yasaklarini-yikan-adam-bolum-1"},"author":{"name":"Derrin Tun\u00e7do\u011fan","@id":"https:\/\/epochtimestr.com\/#\/schema\/person\/4eb517474ed40b3a65320bdd1157c3a7"},"headline":"\u00c7in&#8217;in Yasaklar\u0131n\u0131 Y\u0131kan Adam (B\u00f6l\u00fcm 1)","datePublished":"2014-06-27T10:04:45+00:00","dateModified":"2014-06-27T10:04:45+00:00","mainEntityOfPage":{"@id":"https:\/\/epochtimestr.com\/index.php\/cinin-yasaklarini-yikan-adam-bolum-1"},"wordCount":2071,"commentCount":0,"publisher":{"@id":"https:\/\/epochtimestr.com\/#organization"},"image":{"@id":"https:\/\/epochtimestr.com\/index.php\/cinin-yasaklarini-yikan-adam-bolum-1#primaryimage"},"thumbnailUrl":"https:\/\/epochtimestr.com\/wp-content\/uploads\/2011y\/Yu_Chao_pt_8.jpg","articleSection":["Taslak'da b\u0131rak"],"inLanguage":"tr","potentialAction":[{"@type":"CommentAction","name":"Comment","target":["https:\/\/epochtimestr.com\/index.php\/cinin-yasaklarini-yikan-adam-bolum-1#respond"]}]},{"@type":"WebPage","@id":"https:\/\/epochtimestr.com\/index.php\/cinin-yasaklarini-yikan-adam-bolum-1","url":"https:\/\/epochtimestr.com\/index.php\/cinin-yasaklarini-yikan-adam-bolum-1","name":"\u00c7in'in Yasaklar\u0131n\u0131 Y\u0131kan Adam (B\u00f6l\u00fcm 1) - The Epoch Times TR","isPartOf":{"@id":"https:\/\/epochtimestr.com\/#website"},"primaryImageOfPage":{"@id":"https:\/\/epochtimestr.com\/index.php\/cinin-yasaklarini-yikan-adam-bolum-1#primaryimage"},"image":{"@id":"https:\/\/epochtimestr.com\/index.php\/cinin-yasaklarini-yikan-adam-bolum-1#primaryimage"},"thumbnailUrl":"https:\/\/epochtimestr.com\/wp-content\/uploads\/2011y\/Yu_Chao_pt_8.jpg","datePublished":"2014-06-27T10:04:45+00:00","dateModified":"2014-06-27T10:04:45+00:00","inLanguage":"tr","potentialAction":[{"@type":"ReadAction","target":["https:\/\/epochtimestr.com\/index.php\/cinin-yasaklarini-yikan-adam-bolum-1"]}]},{"@type":"ImageObject","inLanguage":"tr","@id":"https:\/\/epochtimestr.com\/index.php\/cinin-yasaklarini-yikan-adam-bolum-1#primaryimage","url":"https:\/\/epochtimestr.com\/wp-content\/uploads\/2011y\/Yu_Chao_pt_8.jpg","contentUrl":"https:\/\/epochtimestr.com\/wp-content\/uploads\/2011y\/Yu_Chao_pt_8.jpg","width":448,"height":298},{"@type":"WebSite","@id":"https:\/\/epochtimestr.com\/#website","url":"https:\/\/epochtimestr.com\/","name":"The Epoch Times TR","description":"De\u011fi\u015fen D\u00fcnyam\u0131za Taze Bir Bak\u0131\u015f","publisher":{"@id":"https:\/\/epochtimestr.com\/#organization"},"potentialAction":[{"@type":"SearchAction","target":{"@type":"EntryPoint","urlTemplate":"https:\/\/epochtimestr.com\/?s={search_term_string}"},"query-input":"required name=search_term_string"}],"inLanguage":"tr"},{"@type":"Organization","@id":"https:\/\/epochtimestr.com\/#organization","name":"The EpochTimes T\u00fcrkiye","url":"https:\/\/epochtimestr.com\/","logo":{"@type":"ImageObject","inLanguage":"tr","@id":"https:\/\/epochtimestr.com\/#\/schema\/logo\/image\/","url":"https:\/\/epochtimestr.com\/wp-content\/uploads\/2011y\/ET-Logo-YG.jpg","contentUrl":"https:\/\/epochtimestr.com\/wp-content\/uploads\/2011y\/ET-Logo-YG.jpg","width":346,"height":29,"caption":"The EpochTimes T\u00fcrkiye"},"image":{"@id":"https:\/\/epochtimestr.com\/#\/schema\/logo\/image\/"},"sameAs":["https:\/\/www.facebook.com\/theepochtimestr","https:\/\/x.com\/TheEpochTimesTR","https:\/\/www.instagram.com\/epochtimestr"]},{"@type":"Person","@id":"https:\/\/epochtimestr.com\/#\/schema\/person\/4eb517474ed40b3a65320bdd1157c3a7","name":"Derrin Tun\u00e7do\u011fan","image":{"@type":"ImageObject","inLanguage":"tr","@id":"https:\/\/epochtimestr.com\/#\/schema\/person\/image\/","url":"https:\/\/secure.gravatar.com\/avatar\/2f44b56cf128e324f0b6c2dc21f64686?s=96&d=mm&r=g","contentUrl":"https:\/\/secure.gravatar.com\/avatar\/2f44b56cf128e324f0b6c2dc21f64686?s=96&d=mm&r=g","caption":"Derrin Tun\u00e7do\u011fan"},"url":"https:\/\/epochtimestr.com\/index.php\/author\/d-tuncdogan"}]}},"_links":{"self":[{"href":"https:\/\/epochtimestr.com\/index.php\/wp-json\/wp\/v2\/posts\/77587"}],"collection":[{"href":"https:\/\/epochtimestr.com\/index.php\/wp-json\/wp\/v2\/posts"}],"about":[{"href":"https:\/\/epochtimestr.com\/index.php\/wp-json\/wp\/v2\/types\/post"}],"author":[{"embeddable":true,"href":"https:\/\/epochtimestr.com\/index.php\/wp-json\/wp\/v2\/users\/1545"}],"replies":[{"embeddable":true,"href":"https:\/\/epochtimestr.com\/index.php\/wp-json\/wp\/v2\/comments?post=77587"}],"version-history":[{"count":2,"href":"https:\/\/epochtimestr.com\/index.php\/wp-json\/wp\/v2\/posts\/77587\/revisions"}],"predecessor-version":[{"id":77590,"href":"https:\/\/epochtimestr.com\/index.php\/wp-json\/wp\/v2\/posts\/77587\/revisions\/77590"}],"wp:featuredmedia":[{"embeddable":true,"href":"https:\/\/epochtimestr.com\/index.php\/wp-json\/wp\/v2\/media\/77588"}],"wp:attachment":[{"href":"https:\/\/epochtimestr.com\/index.php\/wp-json\/wp\/v2\/media?parent=77587"}],"wp:term":[{"taxonomy":"category","embeddable":true,"href":"https:\/\/epochtimestr.com\/index.php\/wp-json\/wp\/v2\/categories?post=77587"},{"taxonomy":"post_tag","embeddable":true,"href":"https:\/\/epochtimestr.com\/index.php\/wp-json\/wp\/v2\/tags?post=77587"}],"curies":[{"name":"wp","href":"https:\/\/api.w.org\/{rel}","templated":true}]}}