{"id":77695,"date":"2014-07-24T19:54:01","date_gmt":"2014-07-24T16:54:01","guid":{"rendered":"http:\/\/epochtimestr.com\/?p=77695"},"modified":"2014-07-24T19:54:02","modified_gmt":"2014-07-24T16:54:02","slug":"cinin-yasaklarini-yikan-adam-bolum-2","status":"publish","type":"post","link":"https:\/\/epochtimestr.com\/index.php\/cinin-yasaklarini-yikan-adam-bolum-2","title":{"rendered":"\u00c7in\u2019in Yasaklar\u0131n\u0131 Y\u0131kan Adam (B\u00f6l\u00fcm 2)"},"content":{"rendered":"<p style=\"text-align: justify;\"><a href=\"https:\/\/epochtimestr.com\/index.php\/cinin-yasaklarini-yikan-adam-bolum-2\/yu-chao\" rel=\"attachment wp-att-77710\"><img loading=\"lazy\" decoding=\"async\" class=\"aligncenter size-full wp-image-77710\" src=\"https:\/\/epochtimestr.com\/wp-content\/uploads\/2011y\/Yu-Chao.jpg\" alt=\"Yu Chao\" width=\"448\" height=\"302\" srcset=\"https:\/\/epochtimestr.com\/wp-content\/uploads\/2011y\/Yu-Chao.jpg 448w, https:\/\/epochtimestr.com\/wp-content\/uploads\/2011y\/Yu-Chao-150x101.jpg 150w, https:\/\/epochtimestr.com\/wp-content\/uploads\/2011y\/Yu-Chao-300x202.jpg 300w, https:\/\/epochtimestr.com\/wp-content\/uploads\/2011y\/Yu-Chao-292x196.jpg 292w\" sizes=\"(max-width: 448px) 100vw, 448px\" \/><\/a>Bilgisayar uzman\u0131\u00a0Yu Chao on y\u0131l\u0131n\u0131 Pekin cezaevinde ge\u00e7irdi, \u00e7\u00fcnk\u00fc Falun Gong uygulay\u0131c\u0131lar\u0131na yap\u0131lan i\u015fkencelerle ilgili raporlar\u0131 yurtd\u0131\u015f\u0131ndaki bas\u0131n organlar\u0131na\u00a0aktar\u0131yordu. Bu b\u00f6l\u00fcmde, Chao&#8217;nun zulme kar\u015f\u0131 \u00f6zg\u00fcrl\u00fck m\u00fccadelesi\u00a0anlat\u0131l\u0131yor.<\/p>\n<p style=\"text-align: justify;\">Yu Chao ve arkada\u015flar\u0131 yabanc\u0131 gazeteciler ile McDonalds\u2019da veya bir kafede gizli bulu\u015fuyorlard\u0131. Ekip, yabanc\u0131 gazeteci kafeye girdi\u011fi zaman takip edilip edilmedi\u011fini g\u00f6zetliyordu.<\/p>\n<p style=\"text-align: justify;\">\u00c7in\u2019deki durumun \u00e7\u00f6z\u00fcme kavu\u015fmas\u0131nda yabanc\u0131 bas\u0131n\u0131n yard\u0131mc\u0131 olabilece\u011fine inanan bu ekip Pekin\u2019de ya\u015fayan alt\u0131 Falun Gong uygulay\u0131c\u0131s\u0131ndan olu\u015fuyordu.<\/p>\n<p style=\"text-align: justify;\">Temmuz 2000-A\u011fustos 2002 tarihleri aras\u0131 \u015fifreli ileti\u015fim kanallar\u0131 kurdular ve yabanc\u0131 muhabirlerin \u00c7in rejimi taraf\u0131ndan zul\u00fcm g\u00f6renler ile r\u00f6portaj yapmas\u0131na imkan tan\u0131d\u0131lar.<\/p>\n<p style=\"text-align: justify;\">Zul\u00fcm ma\u011fdurlar\u0131 ile r\u00f6portaj yapmak Kom\u00fcnist \u00c7in&#8217;de \u00e7ok zordu ve herkes i\u00e7in tehlikeliydi. \u00d6zellikle 1999\u2019da Falun Gong&#8217;a kar\u015f\u0131 ba\u015flat\u0131lan zul\u00fcmden sonra \u00c7inliler ile ileti\u015fim kurmak Bat\u0131 medyas\u0131 i\u00e7in nerdeyse imkans\u0131zd\u0131.<\/p>\n<p style=\"text-align: justify;\">Yine de imkans\u0131z\u0131 ba\u015fard\u0131lar.<\/p>\n<p style=\"text-align: justify;\"><strong>Falun Gong nedir?<\/strong><\/p>\n<p style=\"text-align: justify;\">Falun Dafa, zihin ve bedeni birlikte geli\u015ftiren bir meditasyon uygulamas\u0131d\u0131r. Ayn\u0131 zamanda Falun Gong olarak da bilinir. \u0130lk olarak, 1992 y\u0131l\u0131nda \u00c7in\u2019de halka tan\u0131t\u0131ld\u0131 ve insan sa\u011fl\u0131\u011f\u0131na olumlu etkisi sebebiyle \u00e7ok b\u00fcy\u00fck bir ilgi g\u00f6rd\u00fc. \u00c7ok k\u0131sa bir s\u00fcre i\u00e7erisinde uygulay\u0131c\u0131 say\u0131s\u0131 100 milyon ki\u015fiye ula\u015ft\u0131.<\/p>\n<p style=\"text-align: justify;\">O d\u00f6nemin \u00c7in Kom\u00fcnist Partisi Ba\u015fkan\u0131 ve ayn\u0131 zamanda devlet ba\u015fkan\u0131 Jiang Zemin Falun Dafa\u2019n\u0131n bu kadar pop\u00fcler olmas\u0131n\u0131 k\u0131skand\u0131. Temmuz 1999\u2019da \u00fclke \u00e7ap\u0131nda Falun Dafa\u2019ya kar\u015f\u0131 karalama ve zul\u00fcm kampanyas\u0131 ba\u015flatt\u0131.<\/p>\n<p style=\"text-align: justify;\">Meditasyonu uygulayan ki\u015filerin hi\u00e7bir siyasi ama\u00e7lar\u0131 olmamas\u0131na ra\u011fmen, \u00c7KP Falun Dafa\u2019y\u0131 bir tehdit olarak g\u00f6rd\u00fc.<\/p>\n<p style=\"text-align: justify;\">Egzersizlerin yan\u0131 s\u0131ra, Falun Dafa uygulamas\u0131nda i\u00e7sel disiplin ve geli\u015fim de \u00f6nemlidir. Do\u011fruluk, merhamet ve ho\u015fg\u00f6r\u00fc prensiplerine g\u00f6re ya\u015famay\u0131 \u00f6\u011fretir.<\/p>\n<p style=\"text-align: justify;\">Binlerce y\u0131ll\u0131k \u00c7in k\u00fclt\u00fcr\u00fcn\u00fcn bir par\u00e7as\u0131 olan bu geleneksel uygulama partinin ba\u015flatt\u0131\u011f\u0131 karalama kampanyas\u0131n\u0131n tam tersine huzurlu ve siyasetten uzakt\u0131. \u00c7KP 60 y\u0131l boyunca \u00c7in\u2019in geleneksel de\u011ferlerini y\u0131km\u0131\u015f, halk aras\u0131nda g\u00fcvensizlik ve d\u00fc\u015fmanl\u0131k yaratm\u0131\u015ft\u0131.<\/p>\n<p style=\"text-align: justify;\"><strong>\u00c7in&#8217;in Gizli Devlet Propagandas\u0131na kar\u015f\u0131 tek ba\u015f\u0131na<\/strong><\/p>\n<p style=\"text-align: justify;\">Falun Gong&#8217;a kar\u015f\u0131 zul\u00fcm 1999 y\u0131l\u0131n\u0131n Temmuz ay\u0131nda ba\u015flad\u0131\u011f\u0131nda \u00c7in medyas\u0131 zulm\u00fc ilerletmek i\u00e7in en \u00f6nemli ara\u00e7 oldu. Devlet televizyon ve gazeteleri Falun Gong&#8217;u ve uygulay\u0131c\u0131lar\u0131 karalayan makaleler yay\u0131nlanmaya ba\u015flad\u0131. Uygulay\u0131c\u0131lara kar\u015f\u0131 kamu nefretini art\u0131rmak i\u00e7in uydurulmu\u015f bir s\u00fcr\u00fc haber yay\u0131nland\u0131.<\/p>\n<p style=\"text-align: justify;\">\u00c7in k\u00f6kenli ABD vatanda\u015f\u0131 Dana Cheng: &#8221;Propagandan\u0131n amac\u0131 zulm\u00fc hakl\u0131 g\u00f6stererek halk\u0131 yan\u0131ltmakt\u0131. Uygulay\u0131c\u0131lar cezaevinde olmasa bile, medyan\u0131n yaratt\u0131\u011f\u0131 ortam, toplumu g\u00f6r\u00fcnmez bir hapishaneye \u00e7eviriyordu.\u201d<\/p>\n<p style=\"text-align: justify;\">Yabanc\u0131 bas\u0131n, \u00c7in h\u00fck\u00fcmetinin izni ile r\u00f6portaj yapabiliyordu. Devlet taraf\u0131ndan takip edilen gruplarla r\u00f6portaj yapmak imkans\u0131zd\u0131. Bir\u00e7ok yabanc\u0131 medya, bilgi eksikli\u011fi y\u00fcz\u00fcnden \u00c7in devlet medyas\u0131ndan gelen sahte haberleri kabul ediyordu ve istemeden rejimle i\u015fbirli\u011fi yap\u0131yordu.<\/p>\n<p style=\"text-align: justify;\">Dan Cheng baz\u0131 Bat\u0131l\u0131 gazetecileri tan\u0131yordu. Onlar zul\u00fcm hakk\u0131nda daha fazla bilgi edinmek istiyorlard\u0131. Cheng onlar\u0131 Yu Chao ile temasa ge\u00e7irdi.<\/p>\n<p style=\"text-align: justify;\"><strong>Bas\u0131n \u00f6zg\u00fcrl\u00fc\u011f\u00fc i\u00e7in yer alt\u0131ndaki ekip <\/strong><\/p>\n<p style=\"text-align: justify;\">Yu ve onun bir arkada\u015f\u0131 Wang Weiyu rejimin kurdu\u011fu bilgi blo\u011funu saf d\u0131\u015f\u0131 etmek i\u00e7in bir ekip kurdu. Yabanc\u0131 bas\u0131nda \u00e7\u0131kan haberlerin \u00c7in halk\u0131na yard\u0131mc\u0131 olaca\u011f\u0131na inan\u0131yorlard\u0131.<\/p>\n<p style=\"text-align: justify;\">Wang: &#8221;O zamanlar \u00c7in\u2019de Bat\u0131l\u0131 gazeteciler ile \u00e7al\u0131\u015fmak \u00e7ok tehlikeliydi ve ger\u00e7ekten \u00e7ok korkuyordum. \u00c7in&#8217;de ya\u015fayan yabanc\u0131 gazeteciler \u00f6zellikle 2000-2002 y\u0131llar\u0131 aras\u0131 s\u00fcrekli \u00c7KP taraf\u0131ndan takip ediliyordu.\u201d<\/p>\n<p style=\"text-align: justify;\">Dana Cheng: \u201c\u00c7inli ajanlar her f\u0131rsatta gazetecileri izliyordu. Baz\u0131 muhabirlerin \u00f6zel hayatlar\u0131 hi\u00e7 kalmam\u0131\u015ft\u0131.\u201d<\/p>\n<p style=\"text-align: justify;\">13. B\u00fcro ad\u0131nda \u00f6zel bir kamu g\u00fcvenli\u011fi b\u00fcrosu vard\u0131. Yabanc\u0131 gazetecilerin gidebilece\u011fi otel veya benzeri yerleri g\u00f6zetiyorlard\u0131. Gazeteciler s\u0131k s\u0131k takip ediliyordu. Telefonlar\u0131 dinleniyordu. Yabanc\u0131 bir gazeteci otele giri\u015f yapt\u0131\u011f\u0131nda resepsiyonistin ilk yapt\u0131\u011f\u0131 \u015feylerden biri g\u00fcvenlik b\u00fcrosunu arayarak gazetecinin geldi\u011fini haber vermek.<\/p>\n<p style=\"text-align: justify;\">Ekip daha \u00e7ok \u015fifreli e-mailler arac\u0131l\u0131\u011f\u0131yla g\u00f6r\u00fc\u015f\u00fcyordu. Yu gazetecilere Widget dosyalar\u0131n\u0131 30 par\u00e7aya b\u00f6l\u00fcp y\u00fckledi. Bu onlar\u0131n ana ileti\u015fimi oldu. Time Dergisi, BBC, Washington Post, Associated Press ve Wall Street Journal gibi kurulu\u015flar ile ileti\u015fim kurmaya ba\u015flad\u0131. Baz\u0131 gazeteciler s\u0131rf zulm\u00fc bildirmek i\u00e7in \u00c7in&#8217;e gitti. \u00c7o\u011funun Pekin&#8217;de bir ofisi vard\u0131.<\/p>\n<p style=\"text-align: justify;\">Ayn\u0131 zamanda telefonlar da kullan\u0131l\u0131yordu ancak her g\u00f6r\u00fc\u015fmeden 30 dakika \u00f6nce S\u0130M kart de\u011fi\u015ftiriliyordu.<\/p>\n<p style=\"text-align: justify;\"><strong>McDonalds\u2019daki tehlikeli bulu\u015fma<\/strong><\/p>\n<p style=\"text-align: justify;\">Toplant\u0131 i\u00e7in her zaman iki g\u00fcvenli bulu\u015fma yerleri vard\u0131. Wang, g\u00fcvenlik amac\u0131yla toplant\u0131dan \u00f6nce her iki mekana giderek kontrol ediyordu. \u00d6zellikle ilk toplant\u0131n\u0131n amac\u0131, gazetecinin ajanlar taraf\u0131ndan takip edilip edilmedi\u011fini \u00f6\u011frenmek ve e\u011fer izleniyorsa ka\u00e7 ki\u015fi taraf\u0131ndan izlendi\u011fini g\u00f6rmekti. McDonald\u2019s \u015fubelerinde pencerelerin b\u00fcy\u00fck olmas\u0131 sayesinde soka\u011f\u0131 iyi g\u00f6rebiliyorlard\u0131. Uzun s\u00fcre kap\u0131 \u00f6n\u00fcnde duran biri var ise o \u015f\u00fcpheli idi.<\/p>\n<p style=\"text-align: justify;\">Gazetecilere yiyecek almadan ikinci kata \u00e7\u0131kmalar\u0131 s\u00f6yleniyordu ve onu takip eden biri varsa bu tehlikeye i\u015faretti. Genellikle bulu\u015fma noktas\u0131nda toplant\u0131 olup olmayaca\u011f\u0131na o an karar veriliyordu.<\/p>\n<p style=\"text-align: justify;\">Yakalan\u0131p tutuklanma ihtimali \u00e7ok y\u00fcksekti. Bir keresinde bir gazeteci 6 ajan taraf\u0131ndan takip edilmi\u015fti.<\/p>\n<p style=\"text-align: justify;\">\u0130ki y\u0131l boyunca, Yu ve ekibi, Falun Gong uygulay\u0131c\u0131lar\u0131 ile yabanc\u0131 gazetecileri bulu\u015fturmay\u0131 ba\u015fard\u0131. Yakla\u015f\u0131k yirmi i\u015fkence ma\u011fduru ile r\u00f6portaj yap\u0131ld\u0131 ve r\u00f6portajlar sorunsuz ve g\u00fcvenli bir \u015fekilde sonu\u00e7land\u0131.<\/p>\n<p style=\"text-align: justify;\">Wall Street Journal muhabiri Ian Johnson 2000 y\u0131l\u0131nda yazd\u0131\u011f\u0131 &#8221;A Deadly Exercise&#8221; ba\u015fl\u0131kl\u0131 makale ile Pulitzer \u00d6d\u00fcl\u00fc&#8217;n\u00fc kazand\u0131. Johnson makalesinde, haklar\u0131n\u0131 savundu\u011fu i\u00e7in zul\u00fcm g\u00f6rerek hayat\u0131n\u0131 yitiren Chen Zixiu\u2019nun hikayesini kaleme alm\u0131\u015ft\u0131.<\/p>\n<p style=\"text-align: justify;\">Yu: &#8220;Devlete ve bask\u0131s\u0131na kar\u015f\u0131 \u00e7al\u0131\u015fan birka\u00e7 ki\u015fi vard\u0131. Tutuklanmam\u0131z\u0131n bir an meselesi oldu\u011funu hepimiz biliyorduk. Fazla bilgi verdik\u00e7e risk art\u0131yordu.\u201d<\/p>\n<p style=\"text-align: justify;\">A\u00e7\u0131k\u00e7a zulme kar\u015f\u0131 protesto ettikleri i\u00e7in baz\u0131 uygulay\u0131c\u0131lar sonradan tutukland\u0131.<\/p>\n<p style=\"text-align: justify;\">A\u011fustos 2002&#8217;de, Yu ve arkada\u015f\u0131 Wang e\u015fleri ile birlikte tutukland\u0131. \u00d6zg\u00fcr bas\u0131n ekibi liderli\u011finin yan\u0131 s\u0131ra Yu ayn\u0131 zamanda matbaa da i\u015fletiyordu. O matbaada 700.000 zul\u00fcm kar\u015f\u0131t\u0131 bro\u015f\u00fcr \u00fcretilmi\u015fti.<\/p>\n<p style=\"text-align: justify;\">Yu: &#8221;\u0130ki \u00e7al\u0131\u015fma arkada\u015f\u0131m vard\u0131. \u0130kisi de tutukland\u0131 ve belki benim ismimi onlar verdi.\u201d<\/p>\n<p style=\"text-align: justify;\">Yu yakla\u015f\u0131k on y\u0131ll\u0131k hapis cezas\u0131na \u00e7arpt\u0131r\u0131ld\u0131 ve 10 y\u0131l boyunca a\u011f\u0131r i\u015fkence g\u00f6rd\u00fc.<\/p>\n<p style=\"text-align: justify;\">Wang sekiz y\u0131l ve alt\u0131 ayl\u0131k hapis cezas\u0131na \u00e7arpt\u0131r\u0131ld\u0131. Wang ve Yu hapisten \u00e7\u0131kt\u0131ktan sonra ABD&#8217;ye ka\u00e7may\u0131 ba\u015fard\u0131. Macera dolu \u00e7al\u0131\u015fmalar\u0131 ve cezaevinde ya\u015fad\u0131klar\u0131 korkun\u00e7 y\u0131llar\u0131 anlatt\u0131lar. <a href=\"https:\/\/epochtimestr.com\/index.php\/cinin-yasaklarini-yikan-adam-bolum-1\" target=\"_blank\">(B\u00f6l\u00fcm 1: \u00c7in&#8217;\u0131n Yasaklar\u0131n\u0131 Y\u0131kan Adam)<\/a><\/p>\n<p style=\"text-align: justify;\">Bug\u00fcn, \u00c7in medya k\u0131s\u0131tlamalar\u0131 biraz hafifledi. Bat\u0131 medyas\u0131 hala \u00c7in\u2019in vize engelleri ile u\u011fra\u015f\u0131yor. Ai Weiwei\u2019nin g\u00f6r\u00fc\u015f ayr\u0131l\u0131\u011f\u0131 ile ilgili belgesel filmin \u00c7in\u2019de \u00e7ekimlerine izin verilmesinden sonra bir tak\u0131m de\u011fi\u015fimler ya\u015fan\u0131yor. Ancak \u00c7KP halen hassas konularda vatanda\u015flar ile r\u00f6portaj yap\u0131lmas\u0131na izin vermiyor. Bug\u00fcn Falun Gong\u2019a kar\u015f\u0131 yap\u0131lan zul\u00fcm halen devam ediyor ve ger\u00e7ekler halen devlet taraf\u0131ndan gizleniyor.<\/p>\n","protected":false},"excerpt":{"rendered":"<p>Bilgisayar uzman\u0131\u00a0Yu Chao on y\u0131l\u0131n\u0131 Pekin cezaevinde ge\u00e7irdi, \u00e7\u00fcnk\u00fc Falun Gong uygulay\u0131c\u0131lar\u0131na yap\u0131lan i\u015fkencelerle ilgili raporlar\u0131 yurtd\u0131\u015f\u0131ndaki bas\u0131n organlar\u0131na\u00a0aktar\u0131yordu. Bu b\u00f6l\u00fcmde, Chao&#8217;nun zulme kar\u015f\u0131 \u00f6zg\u00fcrl\u00fck m\u00fccadelesi\u00a0anlat\u0131l\u0131yor. Yu Chao ve arkada\u015flar\u0131 yabanc\u0131 gazeteciler ile McDonalds\u2019da veya bir kafede gizli bulu\u015fuyorlard\u0131. Ekip, yabanc\u0131 gazeteci kafeye girdi\u011fi zaman takip edilip edilmedi\u011fini g\u00f6zetliyordu. \u00c7in\u2019deki durumun \u00e7\u00f6z\u00fcme kavu\u015fmas\u0131nda yabanc\u0131 bas\u0131n\u0131n [&hellip;]<\/p>\n","protected":false},"author":1545,"featured_media":77710,"comment_status":"open","ping_status":"open","sticky":false,"template":"","format":"standard","meta":{"_yoast_wpseo_focuskw":"","_yoast_wpseo_title":"","_yoast_wpseo_metadesc":"","_bbp_topic_count":0,"_bbp_reply_count":0,"_bbp_total_topic_count":0,"_bbp_total_reply_count":0,"_bbp_voice_count":0,"_bbp_anonymous_reply_count":0,"_bbp_topic_count_hidden":0,"_bbp_reply_count_hidden":0,"_bbp_forum_subforum_count":0,"footnotes":"","_yoast_wpseo_focuskw_text_input":""},"categories":[35,519,60],"tags":[],"yoast_head":"<!-- This site is optimized with the Yoast SEO plugin v23.0 - https:\/\/yoast.com\/wordpress\/plugins\/seo\/ -->\n<title>\u00c7in\u2019in Yasaklar\u0131n\u0131 Y\u0131kan Adam (B\u00f6l\u00fcm 2) - The Epoch Times TR<\/title>\n<meta name=\"robots\" content=\"index, follow, max-snippet:-1, max-image-preview:large, max-video-preview:-1\" \/>\n<link rel=\"canonical\" href=\"https:\/\/epochtimestr.com\/index.php\/cinin-yasaklarini-yikan-adam-bolum-2\" \/>\n<meta property=\"og:locale\" content=\"tr_TR\" \/>\n<meta property=\"og:type\" content=\"article\" \/>\n<meta property=\"og:title\" content=\"\u00c7in\u2019in Yasaklar\u0131n\u0131 Y\u0131kan Adam (B\u00f6l\u00fcm 2) - The Epoch Times TR\" \/>\n<meta property=\"og:description\" content=\"Bilgisayar uzman\u0131\u00a0Yu Chao on y\u0131l\u0131n\u0131 Pekin cezaevinde ge\u00e7irdi, \u00e7\u00fcnk\u00fc Falun Gong uygulay\u0131c\u0131lar\u0131na yap\u0131lan i\u015fkencelerle ilgili raporlar\u0131 yurtd\u0131\u015f\u0131ndaki bas\u0131n organlar\u0131na\u00a0aktar\u0131yordu. Bu b\u00f6l\u00fcmde, Chao&#8217;nun zulme kar\u015f\u0131 \u00f6zg\u00fcrl\u00fck m\u00fccadelesi\u00a0anlat\u0131l\u0131yor. Yu Chao ve arkada\u015flar\u0131 yabanc\u0131 gazeteciler ile McDonalds\u2019da veya bir kafede gizli bulu\u015fuyorlard\u0131. Ekip, yabanc\u0131 gazeteci kafeye girdi\u011fi zaman takip edilip edilmedi\u011fini g\u00f6zetliyordu. \u00c7in\u2019deki durumun \u00e7\u00f6z\u00fcme kavu\u015fmas\u0131nda yabanc\u0131 bas\u0131n\u0131n [&hellip;]\" \/>\n<meta property=\"og:url\" content=\"https:\/\/epochtimestr.com\/index.php\/cinin-yasaklarini-yikan-adam-bolum-2\" \/>\n<meta property=\"og:site_name\" content=\"The Epoch Times TR\" \/>\n<meta property=\"article:publisher\" content=\"https:\/\/www.facebook.com\/theepochtimestr\" \/>\n<meta property=\"article:published_time\" content=\"2014-07-24T16:54:01+00:00\" \/>\n<meta property=\"article:modified_time\" content=\"2014-07-24T16:54:02+00:00\" \/>\n<meta property=\"og:image\" content=\"https:\/\/epochtimestr.com\/wp-content\/uploads\/2011y\/Yu-Chao.jpg\" \/>\n\t<meta property=\"og:image:width\" content=\"448\" \/>\n\t<meta property=\"og:image:height\" content=\"302\" \/>\n\t<meta property=\"og:image:type\" content=\"image\/jpeg\" \/>\n<meta name=\"author\" content=\"Derrin Tun\u00e7do\u011fan\" \/>\n<meta name=\"twitter:card\" content=\"summary_large_image\" \/>\n<meta name=\"twitter:creator\" content=\"@TheEpochTimesTR\" \/>\n<meta name=\"twitter:site\" content=\"@TheEpochTimesTR\" \/>\n<meta name=\"twitter:label1\" content=\"Yazan:\" \/>\n\t<meta name=\"twitter:data1\" content=\"Derrin Tun\u00e7do\u011fan\" \/>\n\t<meta name=\"twitter:label2\" content=\"Tahmini okuma s\u00fcresi\" \/>\n\t<meta name=\"twitter:data2\" content=\"6 dakika\" \/>\n<script type=\"application\/ld+json\" class=\"yoast-schema-graph\">{\"@context\":\"https:\/\/schema.org\",\"@graph\":[{\"@type\":\"Article\",\"@id\":\"https:\/\/epochtimestr.com\/index.php\/cinin-yasaklarini-yikan-adam-bolum-2#article\",\"isPartOf\":{\"@id\":\"https:\/\/epochtimestr.com\/index.php\/cinin-yasaklarini-yikan-adam-bolum-2\"},\"author\":{\"name\":\"Derrin Tun\u00e7do\u011fan\",\"@id\":\"https:\/\/epochtimestr.com\/#\/schema\/person\/4eb517474ed40b3a65320bdd1157c3a7\"},\"headline\":\"\u00c7in\u2019in Yasaklar\u0131n\u0131 Y\u0131kan Adam (B\u00f6l\u00fcm 2)\",\"datePublished\":\"2014-07-24T16:54:01+00:00\",\"dateModified\":\"2014-07-24T16:54:02+00:00\",\"mainEntityOfPage\":{\"@id\":\"https:\/\/epochtimestr.com\/index.php\/cinin-yasaklarini-yikan-adam-bolum-2\"},\"wordCount\":1301,\"commentCount\":0,\"publisher\":{\"@id\":\"https:\/\/epochtimestr.com\/#organization\"},\"image\":{\"@id\":\"https:\/\/epochtimestr.com\/index.php\/cinin-yasaklarini-yikan-adam-bolum-2#primaryimage\"},\"thumbnailUrl\":\"https:\/\/epochtimestr.com\/wp-content\/uploads\/2011y\/Yu-Chao.jpg\",\"articleSection\":[\"\u00c7in'de \u0130nsan Haklar\u0131\",\"ED\u0130T\u00d6R\u00dcN SE\u00c7\u0130M\u0130\",\"Taslak'da b\u0131rak\"],\"inLanguage\":\"tr\",\"potentialAction\":[{\"@type\":\"CommentAction\",\"name\":\"Comment\",\"target\":[\"https:\/\/epochtimestr.com\/index.php\/cinin-yasaklarini-yikan-adam-bolum-2#respond\"]}]},{\"@type\":\"WebPage\",\"@id\":\"https:\/\/epochtimestr.com\/index.php\/cinin-yasaklarini-yikan-adam-bolum-2\",\"url\":\"https:\/\/epochtimestr.com\/index.php\/cinin-yasaklarini-yikan-adam-bolum-2\",\"name\":\"\u00c7in\u2019in Yasaklar\u0131n\u0131 Y\u0131kan Adam (B\u00f6l\u00fcm 2) - The Epoch Times TR\",\"isPartOf\":{\"@id\":\"https:\/\/epochtimestr.com\/#website\"},\"primaryImageOfPage\":{\"@id\":\"https:\/\/epochtimestr.com\/index.php\/cinin-yasaklarini-yikan-adam-bolum-2#primaryimage\"},\"image\":{\"@id\":\"https:\/\/epochtimestr.com\/index.php\/cinin-yasaklarini-yikan-adam-bolum-2#primaryimage\"},\"thumbnailUrl\":\"https:\/\/epochtimestr.com\/wp-content\/uploads\/2011y\/Yu-Chao.jpg\",\"datePublished\":\"2014-07-24T16:54:01+00:00\",\"dateModified\":\"2014-07-24T16:54:02+00:00\",\"inLanguage\":\"tr\",\"potentialAction\":[{\"@type\":\"ReadAction\",\"target\":[\"https:\/\/epochtimestr.com\/index.php\/cinin-yasaklarini-yikan-adam-bolum-2\"]}]},{\"@type\":\"ImageObject\",\"inLanguage\":\"tr\",\"@id\":\"https:\/\/epochtimestr.com\/index.php\/cinin-yasaklarini-yikan-adam-bolum-2#primaryimage\",\"url\":\"https:\/\/epochtimestr.com\/wp-content\/uploads\/2011y\/Yu-Chao.jpg\",\"contentUrl\":\"https:\/\/epochtimestr.com\/wp-content\/uploads\/2011y\/Yu-Chao.jpg\",\"width\":448,\"height\":302},{\"@type\":\"WebSite\",\"@id\":\"https:\/\/epochtimestr.com\/#website\",\"url\":\"https:\/\/epochtimestr.com\/\",\"name\":\"The Epoch Times TR\",\"description\":\"De\u011fi\u015fen D\u00fcnyam\u0131za Taze Bir Bak\u0131\u015f\",\"publisher\":{\"@id\":\"https:\/\/epochtimestr.com\/#organization\"},\"potentialAction\":[{\"@type\":\"SearchAction\",\"target\":{\"@type\":\"EntryPoint\",\"urlTemplate\":\"https:\/\/epochtimestr.com\/?s={search_term_string}\"},\"query-input\":\"required name=search_term_string\"}],\"inLanguage\":\"tr\"},{\"@type\":\"Organization\",\"@id\":\"https:\/\/epochtimestr.com\/#organization\",\"name\":\"The EpochTimes T\u00fcrkiye\",\"url\":\"https:\/\/epochtimestr.com\/\",\"logo\":{\"@type\":\"ImageObject\",\"inLanguage\":\"tr\",\"@id\":\"https:\/\/epochtimestr.com\/#\/schema\/logo\/image\/\",\"url\":\"https:\/\/epochtimestr.com\/wp-content\/uploads\/2011y\/ET-Logo-YG.jpg\",\"contentUrl\":\"https:\/\/epochtimestr.com\/wp-content\/uploads\/2011y\/ET-Logo-YG.jpg\",\"width\":346,\"height\":29,\"caption\":\"The EpochTimes T\u00fcrkiye\"},\"image\":{\"@id\":\"https:\/\/epochtimestr.com\/#\/schema\/logo\/image\/\"},\"sameAs\":[\"https:\/\/www.facebook.com\/theepochtimestr\",\"https:\/\/x.com\/TheEpochTimesTR\",\"https:\/\/www.instagram.com\/epochtimestr\"]},{\"@type\":\"Person\",\"@id\":\"https:\/\/epochtimestr.com\/#\/schema\/person\/4eb517474ed40b3a65320bdd1157c3a7\",\"name\":\"Derrin Tun\u00e7do\u011fan\",\"image\":{\"@type\":\"ImageObject\",\"inLanguage\":\"tr\",\"@id\":\"https:\/\/epochtimestr.com\/#\/schema\/person\/image\/\",\"url\":\"https:\/\/secure.gravatar.com\/avatar\/2f44b56cf128e324f0b6c2dc21f64686?s=96&d=mm&r=g\",\"contentUrl\":\"https:\/\/secure.gravatar.com\/avatar\/2f44b56cf128e324f0b6c2dc21f64686?s=96&d=mm&r=g\",\"caption\":\"Derrin Tun\u00e7do\u011fan\"},\"url\":\"https:\/\/epochtimestr.com\/index.php\/author\/d-tuncdogan\"}]}<\/script>\n<!-- \/ Yoast SEO plugin. -->","yoast_head_json":{"title":"\u00c7in\u2019in Yasaklar\u0131n\u0131 Y\u0131kan Adam (B\u00f6l\u00fcm 2) - The Epoch Times TR","robots":{"index":"index","follow":"follow","max-snippet":"max-snippet:-1","max-image-preview":"max-image-preview:large","max-video-preview":"max-video-preview:-1"},"canonical":"https:\/\/epochtimestr.com\/index.php\/cinin-yasaklarini-yikan-adam-bolum-2","og_locale":"tr_TR","og_type":"article","og_title":"\u00c7in\u2019in Yasaklar\u0131n\u0131 Y\u0131kan Adam (B\u00f6l\u00fcm 2) - The Epoch Times TR","og_description":"Bilgisayar uzman\u0131\u00a0Yu Chao on y\u0131l\u0131n\u0131 Pekin cezaevinde ge\u00e7irdi, \u00e7\u00fcnk\u00fc Falun Gong uygulay\u0131c\u0131lar\u0131na yap\u0131lan i\u015fkencelerle ilgili raporlar\u0131 yurtd\u0131\u015f\u0131ndaki bas\u0131n organlar\u0131na\u00a0aktar\u0131yordu. Bu b\u00f6l\u00fcmde, Chao&#8217;nun zulme kar\u015f\u0131 \u00f6zg\u00fcrl\u00fck m\u00fccadelesi\u00a0anlat\u0131l\u0131yor. Yu Chao ve arkada\u015flar\u0131 yabanc\u0131 gazeteciler ile McDonalds\u2019da veya bir kafede gizli bulu\u015fuyorlard\u0131. Ekip, yabanc\u0131 gazeteci kafeye girdi\u011fi zaman takip edilip edilmedi\u011fini g\u00f6zetliyordu. \u00c7in\u2019deki durumun \u00e7\u00f6z\u00fcme kavu\u015fmas\u0131nda yabanc\u0131 bas\u0131n\u0131n [&hellip;]","og_url":"https:\/\/epochtimestr.com\/index.php\/cinin-yasaklarini-yikan-adam-bolum-2","og_site_name":"The Epoch Times TR","article_publisher":"https:\/\/www.facebook.com\/theepochtimestr","article_published_time":"2014-07-24T16:54:01+00:00","article_modified_time":"2014-07-24T16:54:02+00:00","og_image":[{"width":448,"height":302,"url":"https:\/\/epochtimestr.com\/wp-content\/uploads\/2011y\/Yu-Chao.jpg","type":"image\/jpeg"}],"author":"Derrin Tun\u00e7do\u011fan","twitter_card":"summary_large_image","twitter_creator":"@TheEpochTimesTR","twitter_site":"@TheEpochTimesTR","twitter_misc":{"Yazan:":"Derrin Tun\u00e7do\u011fan","Tahmini okuma s\u00fcresi":"6 dakika"},"schema":{"@context":"https:\/\/schema.org","@graph":[{"@type":"Article","@id":"https:\/\/epochtimestr.com\/index.php\/cinin-yasaklarini-yikan-adam-bolum-2#article","isPartOf":{"@id":"https:\/\/epochtimestr.com\/index.php\/cinin-yasaklarini-yikan-adam-bolum-2"},"author":{"name":"Derrin Tun\u00e7do\u011fan","@id":"https:\/\/epochtimestr.com\/#\/schema\/person\/4eb517474ed40b3a65320bdd1157c3a7"},"headline":"\u00c7in\u2019in Yasaklar\u0131n\u0131 Y\u0131kan Adam (B\u00f6l\u00fcm 2)","datePublished":"2014-07-24T16:54:01+00:00","dateModified":"2014-07-24T16:54:02+00:00","mainEntityOfPage":{"@id":"https:\/\/epochtimestr.com\/index.php\/cinin-yasaklarini-yikan-adam-bolum-2"},"wordCount":1301,"commentCount":0,"publisher":{"@id":"https:\/\/epochtimestr.com\/#organization"},"image":{"@id":"https:\/\/epochtimestr.com\/index.php\/cinin-yasaklarini-yikan-adam-bolum-2#primaryimage"},"thumbnailUrl":"https:\/\/epochtimestr.com\/wp-content\/uploads\/2011y\/Yu-Chao.jpg","articleSection":["\u00c7in'de \u0130nsan Haklar\u0131","ED\u0130T\u00d6R\u00dcN SE\u00c7\u0130M\u0130","Taslak'da b\u0131rak"],"inLanguage":"tr","potentialAction":[{"@type":"CommentAction","name":"Comment","target":["https:\/\/epochtimestr.com\/index.php\/cinin-yasaklarini-yikan-adam-bolum-2#respond"]}]},{"@type":"WebPage","@id":"https:\/\/epochtimestr.com\/index.php\/cinin-yasaklarini-yikan-adam-bolum-2","url":"https:\/\/epochtimestr.com\/index.php\/cinin-yasaklarini-yikan-adam-bolum-2","name":"\u00c7in\u2019in Yasaklar\u0131n\u0131 Y\u0131kan Adam (B\u00f6l\u00fcm 2) - The Epoch Times TR","isPartOf":{"@id":"https:\/\/epochtimestr.com\/#website"},"primaryImageOfPage":{"@id":"https:\/\/epochtimestr.com\/index.php\/cinin-yasaklarini-yikan-adam-bolum-2#primaryimage"},"image":{"@id":"https:\/\/epochtimestr.com\/index.php\/cinin-yasaklarini-yikan-adam-bolum-2#primaryimage"},"thumbnailUrl":"https:\/\/epochtimestr.com\/wp-content\/uploads\/2011y\/Yu-Chao.jpg","datePublished":"2014-07-24T16:54:01+00:00","dateModified":"2014-07-24T16:54:02+00:00","inLanguage":"tr","potentialAction":[{"@type":"ReadAction","target":["https:\/\/epochtimestr.com\/index.php\/cinin-yasaklarini-yikan-adam-bolum-2"]}]},{"@type":"ImageObject","inLanguage":"tr","@id":"https:\/\/epochtimestr.com\/index.php\/cinin-yasaklarini-yikan-adam-bolum-2#primaryimage","url":"https:\/\/epochtimestr.com\/wp-content\/uploads\/2011y\/Yu-Chao.jpg","contentUrl":"https:\/\/epochtimestr.com\/wp-content\/uploads\/2011y\/Yu-Chao.jpg","width":448,"height":302},{"@type":"WebSite","@id":"https:\/\/epochtimestr.com\/#website","url":"https:\/\/epochtimestr.com\/","name":"The Epoch Times TR","description":"De\u011fi\u015fen D\u00fcnyam\u0131za Taze Bir Bak\u0131\u015f","publisher":{"@id":"https:\/\/epochtimestr.com\/#organization"},"potentialAction":[{"@type":"SearchAction","target":{"@type":"EntryPoint","urlTemplate":"https:\/\/epochtimestr.com\/?s={search_term_string}"},"query-input":"required name=search_term_string"}],"inLanguage":"tr"},{"@type":"Organization","@id":"https:\/\/epochtimestr.com\/#organization","name":"The EpochTimes T\u00fcrkiye","url":"https:\/\/epochtimestr.com\/","logo":{"@type":"ImageObject","inLanguage":"tr","@id":"https:\/\/epochtimestr.com\/#\/schema\/logo\/image\/","url":"https:\/\/epochtimestr.com\/wp-content\/uploads\/2011y\/ET-Logo-YG.jpg","contentUrl":"https:\/\/epochtimestr.com\/wp-content\/uploads\/2011y\/ET-Logo-YG.jpg","width":346,"height":29,"caption":"The EpochTimes T\u00fcrkiye"},"image":{"@id":"https:\/\/epochtimestr.com\/#\/schema\/logo\/image\/"},"sameAs":["https:\/\/www.facebook.com\/theepochtimestr","https:\/\/x.com\/TheEpochTimesTR","https:\/\/www.instagram.com\/epochtimestr"]},{"@type":"Person","@id":"https:\/\/epochtimestr.com\/#\/schema\/person\/4eb517474ed40b3a65320bdd1157c3a7","name":"Derrin Tun\u00e7do\u011fan","image":{"@type":"ImageObject","inLanguage":"tr","@id":"https:\/\/epochtimestr.com\/#\/schema\/person\/image\/","url":"https:\/\/secure.gravatar.com\/avatar\/2f44b56cf128e324f0b6c2dc21f64686?s=96&d=mm&r=g","contentUrl":"https:\/\/secure.gravatar.com\/avatar\/2f44b56cf128e324f0b6c2dc21f64686?s=96&d=mm&r=g","caption":"Derrin Tun\u00e7do\u011fan"},"url":"https:\/\/epochtimestr.com\/index.php\/author\/d-tuncdogan"}]}},"_links":{"self":[{"href":"https:\/\/epochtimestr.com\/index.php\/wp-json\/wp\/v2\/posts\/77695"}],"collection":[{"href":"https:\/\/epochtimestr.com\/index.php\/wp-json\/wp\/v2\/posts"}],"about":[{"href":"https:\/\/epochtimestr.com\/index.php\/wp-json\/wp\/v2\/types\/post"}],"author":[{"embeddable":true,"href":"https:\/\/epochtimestr.com\/index.php\/wp-json\/wp\/v2\/users\/1545"}],"replies":[{"embeddable":true,"href":"https:\/\/epochtimestr.com\/index.php\/wp-json\/wp\/v2\/comments?post=77695"}],"version-history":[{"count":5,"href":"https:\/\/epochtimestr.com\/index.php\/wp-json\/wp\/v2\/posts\/77695\/revisions"}],"predecessor-version":[{"id":77712,"href":"https:\/\/epochtimestr.com\/index.php\/wp-json\/wp\/v2\/posts\/77695\/revisions\/77712"}],"wp:featuredmedia":[{"embeddable":true,"href":"https:\/\/epochtimestr.com\/index.php\/wp-json\/wp\/v2\/media\/77710"}],"wp:attachment":[{"href":"https:\/\/epochtimestr.com\/index.php\/wp-json\/wp\/v2\/media?parent=77695"}],"wp:term":[{"taxonomy":"category","embeddable":true,"href":"https:\/\/epochtimestr.com\/index.php\/wp-json\/wp\/v2\/categories?post=77695"},{"taxonomy":"post_tag","embeddable":true,"href":"https:\/\/epochtimestr.com\/index.php\/wp-json\/wp\/v2\/tags?post=77695"}],"curies":[{"name":"wp","href":"https:\/\/api.w.org\/{rel}","templated":true}]}}