{"id":79150,"date":"2014-10-16T11:00:39","date_gmt":"2014-10-16T08:00:39","guid":{"rendered":"http:\/\/epochtimestr.com\/?p=79150"},"modified":"2022-07-24T17:28:07","modified_gmt":"2022-07-24T14:28:07","slug":"aksaray-malakli","status":"publish","type":"post","link":"https:\/\/epochtimestr.com\/index.php\/aksaray-malakli","title":{"rendered":"Aksaray Malakl\u0131 K\u00f6pe\u011fi"},"content":{"rendered":"<p style=\"text-align: justify;\"><a href=\"https:\/\/epochtimestr.com\/index.php\/aksaray-malakli\/aksaray-malakli-2\" rel=\"attachment wp-att-79152\"><img loading=\"lazy\" decoding=\"async\" class=\"alignleft wp-image-79152 size-medium\" src=\"https:\/\/epochtimestr.com\/wp-content\/uploads\/2011y\/aksaray-malakl\u0131-248x300.jpg\" alt=\"aksaray malakl\u0131\" width=\"248\" height=\"300\" srcset=\"https:\/\/epochtimestr.com\/wp-content\/uploads\/2011y\/aksaray-malakl\u0131-248x300.jpg 248w, https:\/\/epochtimestr.com\/wp-content\/uploads\/2011y\/aksaray-malakl\u0131-124x150.jpg 124w, https:\/\/epochtimestr.com\/wp-content\/uploads\/2011y\/aksaray-malakl\u0131-331x400.jpg 331w, https:\/\/epochtimestr.com\/wp-content\/uploads\/2011y\/aksaray-malakl\u0131-292x352.jpg 292w, https:\/\/epochtimestr.com\/wp-content\/uploads\/2011y\/aksaray-malakl\u0131.jpg 500w\" sizes=\"(max-width: 248px) 100vw, 248px\" \/><\/a>Aksaray Malakl\u0131 k\u00f6pe\u011fi bir T\u00fcrk Mastifidir. Bu k\u00f6pekler \u00f6zellikle son y\u0131llarda olduk\u00e7a pop\u00fcler olup, sevenleri her ge\u00e7en g\u00fcn art\u0131yor.<\/p>\n<p style=\"text-align: justify;\">Malakl\u0131 dudak veya avurt anlam\u0131na geliyor ve bu k\u00f6peklerde dudak ve avurtlar belirgin bir \u015fekilde sark\u0131kt\u0131r. Ayr\u0131ca belirgin bir al\u0131n \u00e7\u0131k\u0131nt\u0131s\u0131 ve yana do\u011fru basan arka ayaklar\u0131yla dikkat \u00e7eker.<\/p>\n<p style=\"text-align: justify;\">Aksaray Malakl\u0131 k\u00f6pe\u011finin k\u00f6keni hakk\u0131nda tart\u0131\u015fmalar s\u00fcr\u00fcyor. Kimisine g\u00f6re bir Kangal ve \u0130ngiliz Mastif k\u0131rmas\u0131, kimine g\u00f6re ise bu topraklarda ya\u015fayan binlerce senelik bir \u0131rk.<\/p>\n<p style=\"text-align: justify;\">Asl\u0131nda Mezopotamya\u2019da eski Asur Ta\u015f Kabartmalar\u0131nda bug\u00fcn\u00fcn Aksaray Malakl\u0131 k\u00f6pe\u011finin ayn\u0131s\u0131n\u0131 g\u00f6rmek m\u00fcmk\u00fcn. 2500 y\u0131l \u00f6nce de malakl\u0131 k\u00f6pekleri mevcut idi ve tarihten gelen bir \u0131rk oldu\u011fu kesin.<\/p>\n<p style=\"text-align: justify;\">Bu \u0131rk, arazi koruma k\u00f6pe\u011fi ve d\u00f6v\u00fc\u015f k\u00f6pe\u011fi olarak kullan\u0131lmakta. S\u00fcr\u00fc koruma i\u015fini de yapar ancak bu konuda kangal kadar me\u015fhur de\u011fildir.<\/p>\n<p style=\"text-align: justify;\">Bu k\u00f6pek t\u00fcr\u00fc \u00e7ok iridir. \u00d6l\u00e7\u00fcleri:<\/p>\n<p style=\"text-align: justify;\">Erkeler 60-100 kg; Boy 70 cm-100 cm<\/p>\n<p style=\"text-align: justify;\">Di\u015filer 50-80k kg; Boy 60 cm- 85 cm<\/p>\n<p style=\"text-align: justify;\">Bu k\u00f6pek \u0131rk\u0131 g\u00f6steri\u015fli ve korkusuz bek\u00e7idir. Gri, \u00e7apar, boz ve ala renklerinde mevcuttur.<\/p>\n<p style=\"text-align: justify;\">En \u00e7ok bulundu\u011fu b\u00f6lge \u0130\u00e7 Anadolu ve \u00f6zelikle Aksaray ve Ko\u00e7hisar civar\u0131d\u0131r. Art\u0131k bu \u0131rk profesyonel \u015fekilde yeti\u015ftirilmekte ve geli\u015ftirilmektedir.<\/p>\n<p style=\"text-align: justify;\">A\u015f\u0131r\u0131 derce avurtlu malakl\u0131lar, kal\u00e7a sorunlu ve standarda uymayan malakl\u0131lar tercih edilmemesi gerekiyor.<\/p>\n","protected":false},"excerpt":{"rendered":"<p>Aksaray Malakl\u0131 k\u00f6pe\u011fi bir T\u00fcrk Mastifidir. Bu k\u00f6pekler \u00f6zellikle son y\u0131llarda olduk\u00e7a pop\u00fcler olup, sevenleri her ge\u00e7en g\u00fcn art\u0131yor. Malakl\u0131 dudak veya avurt anlam\u0131na geliyor ve bu k\u00f6peklerde dudak ve avurtlar belirgin bir \u015fekilde sark\u0131kt\u0131r. Ayr\u0131ca belirgin bir al\u0131n \u00e7\u0131k\u0131nt\u0131s\u0131 ve yana do\u011fru basan arka ayaklar\u0131yla dikkat \u00e7eker. Aksaray Malakl\u0131 k\u00f6pe\u011finin k\u00f6keni hakk\u0131nda tart\u0131\u015fmalar s\u00fcr\u00fcyor. [&hellip;]<\/p>\n","protected":false},"author":2500,"featured_media":79152,"comment_status":"open","ping_status":"open","sticky":false,"template":"","format":"standard","meta":{"_yoast_wpseo_focuskw":"","_yoast_wpseo_title":"","_yoast_wpseo_metadesc":"","_bbp_topic_count":0,"_bbp_reply_count":0,"_bbp_total_topic_count":0,"_bbp_total_reply_count":0,"_bbp_voice_count":0,"_bbp_anonymous_reply_count":0,"_bbp_topic_count_hidden":0,"_bbp_reply_count_hidden":0,"_bbp_forum_subforum_count":0,"footnotes":"","_yoast_wpseo_focuskw_text_input":""},"categories":[2882,519],"tags":[],"yoast_head":"<!-- This site is optimized with the Yoast SEO plugin v23.0 - https:\/\/yoast.com\/wordpress\/plugins\/seo\/ -->\n<title>Aksaray Malakl\u0131 K\u00f6pe\u011fi - The Epoch Times TR<\/title>\n<meta name=\"robots\" content=\"index, follow, max-snippet:-1, max-image-preview:large, max-video-preview:-1\" \/>\n<link rel=\"canonical\" href=\"https:\/\/epochtimestr.com\/index.php\/aksaray-malakli\" \/>\n<meta property=\"og:locale\" content=\"tr_TR\" \/>\n<meta property=\"og:type\" content=\"article\" \/>\n<meta property=\"og:title\" content=\"Aksaray Malakl\u0131 K\u00f6pe\u011fi - The Epoch Times TR\" \/>\n<meta property=\"og:description\" content=\"Aksaray Malakl\u0131 k\u00f6pe\u011fi bir T\u00fcrk Mastifidir. Bu k\u00f6pekler \u00f6zellikle son y\u0131llarda olduk\u00e7a pop\u00fcler olup, sevenleri her ge\u00e7en g\u00fcn art\u0131yor. Malakl\u0131 dudak veya avurt anlam\u0131na geliyor ve bu k\u00f6peklerde dudak ve avurtlar belirgin bir \u015fekilde sark\u0131kt\u0131r. Ayr\u0131ca belirgin bir al\u0131n \u00e7\u0131k\u0131nt\u0131s\u0131 ve yana do\u011fru basan arka ayaklar\u0131yla dikkat \u00e7eker. Aksaray Malakl\u0131 k\u00f6pe\u011finin k\u00f6keni hakk\u0131nda tart\u0131\u015fmalar s\u00fcr\u00fcyor. [&hellip;]\" \/>\n<meta property=\"og:url\" content=\"https:\/\/epochtimestr.com\/index.php\/aksaray-malakli\" \/>\n<meta property=\"og:site_name\" content=\"The Epoch Times TR\" \/>\n<meta property=\"article:publisher\" content=\"https:\/\/www.facebook.com\/theepochtimestr\" \/>\n<meta property=\"article:published_time\" content=\"2014-10-16T08:00:39+00:00\" \/>\n<meta property=\"article:modified_time\" content=\"2022-07-24T14:28:07+00:00\" \/>\n<meta property=\"og:image\" content=\"https:\/\/epochtimestr.com\/wp-content\/uploads\/2011y\/aksaray-malakl\u0131.jpg\" \/>\n\t<meta property=\"og:image:width\" content=\"500\" \/>\n\t<meta property=\"og:image:height\" content=\"604\" \/>\n\t<meta property=\"og:image:type\" content=\"image\/jpeg\" \/>\n<meta name=\"author\" content=\"Evren Durmaz\" \/>\n<meta name=\"twitter:card\" content=\"summary_large_image\" \/>\n<meta name=\"twitter:creator\" content=\"@TheEpochTimesTR\" \/>\n<meta name=\"twitter:site\" content=\"@TheEpochTimesTR\" \/>\n<meta name=\"twitter:label1\" content=\"Yazan:\" \/>\n\t<meta name=\"twitter:data1\" content=\"Evren Durmaz\" \/>\n\t<meta name=\"twitter:label2\" content=\"Tahmini okuma s\u00fcresi\" \/>\n\t<meta name=\"twitter:data2\" content=\"1 dakika\" \/>\n<script type=\"application\/ld+json\" class=\"yoast-schema-graph\">{\"@context\":\"https:\/\/schema.org\",\"@graph\":[{\"@type\":\"Article\",\"@id\":\"https:\/\/epochtimestr.com\/index.php\/aksaray-malakli#article\",\"isPartOf\":{\"@id\":\"https:\/\/epochtimestr.com\/index.php\/aksaray-malakli\"},\"author\":{\"name\":\"Evren Durmaz\",\"@id\":\"https:\/\/epochtimestr.com\/#\/schema\/person\/29464d85d2980e22f2e37bc9adcfb0a2\"},\"headline\":\"Aksaray Malakl\u0131 K\u00f6pe\u011fi\",\"datePublished\":\"2014-10-16T08:00:39+00:00\",\"dateModified\":\"2022-07-24T14:28:07+00:00\",\"mainEntityOfPage\":{\"@id\":\"https:\/\/epochtimestr.com\/index.php\/aksaray-malakli\"},\"wordCount\":268,\"commentCount\":0,\"publisher\":{\"@id\":\"https:\/\/epochtimestr.com\/#organization\"},\"image\":{\"@id\":\"https:\/\/epochtimestr.com\/index.php\/aksaray-malakli#primaryimage\"},\"thumbnailUrl\":\"https:\/\/epochtimestr.com\/wp-content\/uploads\/2011y\/aksaray-malakl\u0131.jpg\",\"articleSection\":[\"Do\u011fa ve \u0130nsan\",\"ED\u0130T\u00d6R\u00dcN SE\u00c7\u0130M\u0130\"],\"inLanguage\":\"tr\",\"potentialAction\":[{\"@type\":\"CommentAction\",\"name\":\"Comment\",\"target\":[\"https:\/\/epochtimestr.com\/index.php\/aksaray-malakli#respond\"]}]},{\"@type\":\"WebPage\",\"@id\":\"https:\/\/epochtimestr.com\/index.php\/aksaray-malakli\",\"url\":\"https:\/\/epochtimestr.com\/index.php\/aksaray-malakli\",\"name\":\"Aksaray Malakl\u0131 K\u00f6pe\u011fi - The Epoch Times TR\",\"isPartOf\":{\"@id\":\"https:\/\/epochtimestr.com\/#website\"},\"primaryImageOfPage\":{\"@id\":\"https:\/\/epochtimestr.com\/index.php\/aksaray-malakli#primaryimage\"},\"image\":{\"@id\":\"https:\/\/epochtimestr.com\/index.php\/aksaray-malakli#primaryimage\"},\"thumbnailUrl\":\"https:\/\/epochtimestr.com\/wp-content\/uploads\/2011y\/aksaray-malakl\u0131.jpg\",\"datePublished\":\"2014-10-16T08:00:39+00:00\",\"dateModified\":\"2022-07-24T14:28:07+00:00\",\"inLanguage\":\"tr\",\"potentialAction\":[{\"@type\":\"ReadAction\",\"target\":[\"https:\/\/epochtimestr.com\/index.php\/aksaray-malakli\"]}]},{\"@type\":\"ImageObject\",\"inLanguage\":\"tr\",\"@id\":\"https:\/\/epochtimestr.com\/index.php\/aksaray-malakli#primaryimage\",\"url\":\"https:\/\/epochtimestr.com\/wp-content\/uploads\/2011y\/aksaray-malakl\u0131.jpg\",\"contentUrl\":\"https:\/\/epochtimestr.com\/wp-content\/uploads\/2011y\/aksaray-malakl\u0131.jpg\",\"width\":500,\"height\":604},{\"@type\":\"WebSite\",\"@id\":\"https:\/\/epochtimestr.com\/#website\",\"url\":\"https:\/\/epochtimestr.com\/\",\"name\":\"The Epoch Times TR\",\"description\":\"De\u011fi\u015fen D\u00fcnyam\u0131za Taze Bir Bak\u0131\u015f\",\"publisher\":{\"@id\":\"https:\/\/epochtimestr.com\/#organization\"},\"potentialAction\":[{\"@type\":\"SearchAction\",\"target\":{\"@type\":\"EntryPoint\",\"urlTemplate\":\"https:\/\/epochtimestr.com\/?s={search_term_string}\"},\"query-input\":\"required name=search_term_string\"}],\"inLanguage\":\"tr\"},{\"@type\":\"Organization\",\"@id\":\"https:\/\/epochtimestr.com\/#organization\",\"name\":\"The EpochTimes T\u00fcrkiye\",\"url\":\"https:\/\/epochtimestr.com\/\",\"logo\":{\"@type\":\"ImageObject\",\"inLanguage\":\"tr\",\"@id\":\"https:\/\/epochtimestr.com\/#\/schema\/logo\/image\/\",\"url\":\"https:\/\/epochtimestr.com\/wp-content\/uploads\/2011y\/ET-Logo-YG.jpg\",\"contentUrl\":\"https:\/\/epochtimestr.com\/wp-content\/uploads\/2011y\/ET-Logo-YG.jpg\",\"width\":346,\"height\":29,\"caption\":\"The EpochTimes T\u00fcrkiye\"},\"image\":{\"@id\":\"https:\/\/epochtimestr.com\/#\/schema\/logo\/image\/\"},\"sameAs\":[\"https:\/\/www.facebook.com\/theepochtimestr\",\"https:\/\/x.com\/TheEpochTimesTR\",\"https:\/\/www.instagram.com\/epochtimestr\"]},{\"@type\":\"Person\",\"@id\":\"https:\/\/epochtimestr.com\/#\/schema\/person\/29464d85d2980e22f2e37bc9adcfb0a2\",\"name\":\"Evren Durmaz\",\"image\":{\"@type\":\"ImageObject\",\"inLanguage\":\"tr\",\"@id\":\"https:\/\/epochtimestr.com\/#\/schema\/person\/image\/\",\"url\":\"https:\/\/secure.gravatar.com\/avatar\/503980a9fab198d7bb655c448172ca6a?s=96&d=mm&r=g\",\"contentUrl\":\"https:\/\/secure.gravatar.com\/avatar\/503980a9fab198d7bb655c448172ca6a?s=96&d=mm&r=g\",\"caption\":\"Evren Durmaz\"},\"url\":\"https:\/\/epochtimestr.com\/index.php\/author\/evren-durmaz\"}]}<\/script>\n<!-- \/ Yoast SEO plugin. -->","yoast_head_json":{"title":"Aksaray Malakl\u0131 K\u00f6pe\u011fi - The Epoch Times TR","robots":{"index":"index","follow":"follow","max-snippet":"max-snippet:-1","max-image-preview":"max-image-preview:large","max-video-preview":"max-video-preview:-1"},"canonical":"https:\/\/epochtimestr.com\/index.php\/aksaray-malakli","og_locale":"tr_TR","og_type":"article","og_title":"Aksaray Malakl\u0131 K\u00f6pe\u011fi - The Epoch Times TR","og_description":"Aksaray Malakl\u0131 k\u00f6pe\u011fi bir T\u00fcrk Mastifidir. Bu k\u00f6pekler \u00f6zellikle son y\u0131llarda olduk\u00e7a pop\u00fcler olup, sevenleri her ge\u00e7en g\u00fcn art\u0131yor. Malakl\u0131 dudak veya avurt anlam\u0131na geliyor ve bu k\u00f6peklerde dudak ve avurtlar belirgin bir \u015fekilde sark\u0131kt\u0131r. Ayr\u0131ca belirgin bir al\u0131n \u00e7\u0131k\u0131nt\u0131s\u0131 ve yana do\u011fru basan arka ayaklar\u0131yla dikkat \u00e7eker. Aksaray Malakl\u0131 k\u00f6pe\u011finin k\u00f6keni hakk\u0131nda tart\u0131\u015fmalar s\u00fcr\u00fcyor. [&hellip;]","og_url":"https:\/\/epochtimestr.com\/index.php\/aksaray-malakli","og_site_name":"The Epoch Times TR","article_publisher":"https:\/\/www.facebook.com\/theepochtimestr","article_published_time":"2014-10-16T08:00:39+00:00","article_modified_time":"2022-07-24T14:28:07+00:00","og_image":[{"width":500,"height":604,"url":"https:\/\/epochtimestr.com\/wp-content\/uploads\/2011y\/aksaray-malakl\u0131.jpg","type":"image\/jpeg"}],"author":"Evren Durmaz","twitter_card":"summary_large_image","twitter_creator":"@TheEpochTimesTR","twitter_site":"@TheEpochTimesTR","twitter_misc":{"Yazan:":"Evren Durmaz","Tahmini okuma s\u00fcresi":"1 dakika"},"schema":{"@context":"https:\/\/schema.org","@graph":[{"@type":"Article","@id":"https:\/\/epochtimestr.com\/index.php\/aksaray-malakli#article","isPartOf":{"@id":"https:\/\/epochtimestr.com\/index.php\/aksaray-malakli"},"author":{"name":"Evren Durmaz","@id":"https:\/\/epochtimestr.com\/#\/schema\/person\/29464d85d2980e22f2e37bc9adcfb0a2"},"headline":"Aksaray Malakl\u0131 K\u00f6pe\u011fi","datePublished":"2014-10-16T08:00:39+00:00","dateModified":"2022-07-24T14:28:07+00:00","mainEntityOfPage":{"@id":"https:\/\/epochtimestr.com\/index.php\/aksaray-malakli"},"wordCount":268,"commentCount":0,"publisher":{"@id":"https:\/\/epochtimestr.com\/#organization"},"image":{"@id":"https:\/\/epochtimestr.com\/index.php\/aksaray-malakli#primaryimage"},"thumbnailUrl":"https:\/\/epochtimestr.com\/wp-content\/uploads\/2011y\/aksaray-malakl\u0131.jpg","articleSection":["Do\u011fa ve \u0130nsan","ED\u0130T\u00d6R\u00dcN SE\u00c7\u0130M\u0130"],"inLanguage":"tr","potentialAction":[{"@type":"CommentAction","name":"Comment","target":["https:\/\/epochtimestr.com\/index.php\/aksaray-malakli#respond"]}]},{"@type":"WebPage","@id":"https:\/\/epochtimestr.com\/index.php\/aksaray-malakli","url":"https:\/\/epochtimestr.com\/index.php\/aksaray-malakli","name":"Aksaray Malakl\u0131 K\u00f6pe\u011fi - The Epoch Times TR","isPartOf":{"@id":"https:\/\/epochtimestr.com\/#website"},"primaryImageOfPage":{"@id":"https:\/\/epochtimestr.com\/index.php\/aksaray-malakli#primaryimage"},"image":{"@id":"https:\/\/epochtimestr.com\/index.php\/aksaray-malakli#primaryimage"},"thumbnailUrl":"https:\/\/epochtimestr.com\/wp-content\/uploads\/2011y\/aksaray-malakl\u0131.jpg","datePublished":"2014-10-16T08:00:39+00:00","dateModified":"2022-07-24T14:28:07+00:00","inLanguage":"tr","potentialAction":[{"@type":"ReadAction","target":["https:\/\/epochtimestr.com\/index.php\/aksaray-malakli"]}]},{"@type":"ImageObject","inLanguage":"tr","@id":"https:\/\/epochtimestr.com\/index.php\/aksaray-malakli#primaryimage","url":"https:\/\/epochtimestr.com\/wp-content\/uploads\/2011y\/aksaray-malakl\u0131.jpg","contentUrl":"https:\/\/epochtimestr.com\/wp-content\/uploads\/2011y\/aksaray-malakl\u0131.jpg","width":500,"height":604},{"@type":"WebSite","@id":"https:\/\/epochtimestr.com\/#website","url":"https:\/\/epochtimestr.com\/","name":"The Epoch Times TR","description":"De\u011fi\u015fen D\u00fcnyam\u0131za Taze Bir Bak\u0131\u015f","publisher":{"@id":"https:\/\/epochtimestr.com\/#organization"},"potentialAction":[{"@type":"SearchAction","target":{"@type":"EntryPoint","urlTemplate":"https:\/\/epochtimestr.com\/?s={search_term_string}"},"query-input":"required name=search_term_string"}],"inLanguage":"tr"},{"@type":"Organization","@id":"https:\/\/epochtimestr.com\/#organization","name":"The EpochTimes T\u00fcrkiye","url":"https:\/\/epochtimestr.com\/","logo":{"@type":"ImageObject","inLanguage":"tr","@id":"https:\/\/epochtimestr.com\/#\/schema\/logo\/image\/","url":"https:\/\/epochtimestr.com\/wp-content\/uploads\/2011y\/ET-Logo-YG.jpg","contentUrl":"https:\/\/epochtimestr.com\/wp-content\/uploads\/2011y\/ET-Logo-YG.jpg","width":346,"height":29,"caption":"The EpochTimes T\u00fcrkiye"},"image":{"@id":"https:\/\/epochtimestr.com\/#\/schema\/logo\/image\/"},"sameAs":["https:\/\/www.facebook.com\/theepochtimestr","https:\/\/x.com\/TheEpochTimesTR","https:\/\/www.instagram.com\/epochtimestr"]},{"@type":"Person","@id":"https:\/\/epochtimestr.com\/#\/schema\/person\/29464d85d2980e22f2e37bc9adcfb0a2","name":"Evren Durmaz","image":{"@type":"ImageObject","inLanguage":"tr","@id":"https:\/\/epochtimestr.com\/#\/schema\/person\/image\/","url":"https:\/\/secure.gravatar.com\/avatar\/503980a9fab198d7bb655c448172ca6a?s=96&d=mm&r=g","contentUrl":"https:\/\/secure.gravatar.com\/avatar\/503980a9fab198d7bb655c448172ca6a?s=96&d=mm&r=g","caption":"Evren Durmaz"},"url":"https:\/\/epochtimestr.com\/index.php\/author\/evren-durmaz"}]}},"_links":{"self":[{"href":"https:\/\/epochtimestr.com\/index.php\/wp-json\/wp\/v2\/posts\/79150"}],"collection":[{"href":"https:\/\/epochtimestr.com\/index.php\/wp-json\/wp\/v2\/posts"}],"about":[{"href":"https:\/\/epochtimestr.com\/index.php\/wp-json\/wp\/v2\/types\/post"}],"author":[{"embeddable":true,"href":"https:\/\/epochtimestr.com\/index.php\/wp-json\/wp\/v2\/users\/2500"}],"replies":[{"embeddable":true,"href":"https:\/\/epochtimestr.com\/index.php\/wp-json\/wp\/v2\/comments?post=79150"}],"version-history":[{"count":3,"href":"https:\/\/epochtimestr.com\/index.php\/wp-json\/wp\/v2\/posts\/79150\/revisions"}],"predecessor-version":[{"id":79154,"href":"https:\/\/epochtimestr.com\/index.php\/wp-json\/wp\/v2\/posts\/79150\/revisions\/79154"}],"wp:featuredmedia":[{"embeddable":true,"href":"https:\/\/epochtimestr.com\/index.php\/wp-json\/wp\/v2\/media\/79152"}],"wp:attachment":[{"href":"https:\/\/epochtimestr.com\/index.php\/wp-json\/wp\/v2\/media?parent=79150"}],"wp:term":[{"taxonomy":"category","embeddable":true,"href":"https:\/\/epochtimestr.com\/index.php\/wp-json\/wp\/v2\/categories?post=79150"},{"taxonomy":"post_tag","embeddable":true,"href":"https:\/\/epochtimestr.com\/index.php\/wp-json\/wp\/v2\/tags?post=79150"}],"curies":[{"name":"wp","href":"https:\/\/api.w.org\/{rel}","templated":true}]}}