{"id":79541,"date":"2014-10-27T21:36:51","date_gmt":"2014-10-27T18:36:51","guid":{"rendered":"http:\/\/epochtimestr.com\/?p=79541"},"modified":"2022-07-24T17:27:26","modified_gmt":"2022-07-24T14:27:26","slug":"suyu-asil-van-kedisi","status":"publish","type":"post","link":"https:\/\/epochtimestr.com\/index.php\/suyu-asil-van-kedisi","title":{"rendered":"Suyu Seven Asil Van Kedisi"},"content":{"rendered":"<p style=\"text-align: justify;\"><a href=\"https:\/\/epochtimestr.com\/index.php\/suyu-asil-van-kedisi\/van-kedisi\" rel=\"attachment wp-att-79542\"><img loading=\"lazy\" decoding=\"async\" class=\"alignleft size-medium wp-image-79542\" src=\"https:\/\/epochtimestr.com\/wp-content\/uploads\/2011y\/van-kedisi-247x300.jpg\" alt=\"van kedisi\" width=\"247\" height=\"300\" srcset=\"https:\/\/epochtimestr.com\/wp-content\/uploads\/2011y\/van-kedisi-247x300.jpg 247w, https:\/\/epochtimestr.com\/wp-content\/uploads\/2011y\/van-kedisi-123x150.jpg 123w, https:\/\/epochtimestr.com\/wp-content\/uploads\/2011y\/van-kedisi-330x400.jpg 330w, https:\/\/epochtimestr.com\/wp-content\/uploads\/2011y\/van-kedisi-292x353.jpg 292w, https:\/\/epochtimestr.com\/wp-content\/uploads\/2011y\/van-kedisi.jpg 500w\" sizes=\"(max-width: 247px) 100vw, 247px\" \/><\/a>Van kedisi, g\u00f6zleri mavi veya kehribar ya da biri mavi di\u011feri kehribar olabilen, nadir bir kedi \u0131rk\u0131d\u0131r.<\/p>\n<p style=\"text-align: justify;\">Asil duru\u015fu ve beyaz rengi ona ayr\u0131 bir g\u00fczellik katar. \u0130ri ve kuvvetli bir kedidir. Di\u011fer kedilerin aksine suyu \u00e7ok sever ve iyi y\u00fcz\u00fcc\u00fcd\u00fcr. Yurtd\u0131\u015f\u0131nda \u201cy\u00fcz\u00fcc\u00fc kediler\u201d olarak da bilinir.<\/p>\n<p style=\"text-align: justify;\">Bu \u0131rk do\u011fal safkan bir \u0131rkt\u0131r. Anatomik olarak di\u011fer d\u00fcnyadaki kediler ile k\u0131yasland\u0131\u011f\u0131nda en sa\u011flam iskelete sahip oldu\u011fu belirtilmektedir.<\/p>\n<p style=\"text-align: justify;\">En az 2000 y\u0131ll\u0131k bir ge\u00e7mi\u015fe sahiptir. Baz\u0131 efsaneler onun Nuh\u2019un gemisinden gelen bir kedi oldu\u011funu iddia eder.<\/p>\n<p style=\"text-align: justify;\">Maalesef saf beyaz olan kedilerde renginden dolay\u0131 baz\u0131 sa\u011f\u0131rl\u0131k sorunu \u00e7\u0131kabilmektedir.<\/p>\n<p style=\"text-align: justify;\">1955&#8217;te \u0130ngiliz Laura Lushington ve Sonia Halliday&#8217;e 500 Sterlin kar\u015f\u0131l\u0131\u011f\u0131 sat\u0131lan 2 kedi \u0130ngiltere\u2019ye gitmi\u015ftir. Bu kediler \u0130ngiltere\u2019deki Van kedisi yeti\u015ftiricili\u011fine \u00f6nc\u00fcl\u00fck etmi\u015ftir.<\/p>\n<p style=\"text-align: justify;\">1992 y\u0131l\u0131nda T\u00fcrkiye\u2019de sadece 100\u2019e yak\u0131n saf beyaz Van kedisi bulunmaktayd\u0131. Y\u00fcz\u00fcnc\u00fc Y\u0131l \u00dcniversitesi 140.000 Euro devlet deste\u011fi ile bu \u0131rk i\u00e7in bir \u00e7al\u0131\u015fma ba\u015flatt\u0131. Van Kedisi Ara\u015ft\u0131rma ve Uygulama Merkezi kuruldu.<\/p>\n<p style=\"text-align: justify;\">Bu kediyi izinsiz T\u00fcrkiye\u2019den \u00e7\u0131karman\u0131n cezas\u0131 35.000 Euro\u2019dur.<\/p>\n<p style=\"text-align: justify;\">\u00d6zetle, tarihi ge\u00e7mi\u015fini, yurtd\u0131\u015f\u0131ndaki pop\u00fclerli\u011fini ve asil bir \u0131rk olmas\u0131n\u0131 g\u00f6z \u00f6n\u00fcne al\u0131rsak bu hayvan\u0131n bir milli de\u011fer oldu\u011funu s\u00f6ylemek yanl\u0131\u015f olmaz.<\/p>\n","protected":false},"excerpt":{"rendered":"<p>Van kedisi, g\u00f6zleri mavi veya kehribar ya da biri mavi di\u011feri kehribar olabilen, nadir bir kedi \u0131rk\u0131d\u0131r. Asil duru\u015fu ve beyaz rengi ona ayr\u0131 bir g\u00fczellik katar. \u0130ri ve kuvvetli bir kedidir. Di\u011fer kedilerin aksine suyu \u00e7ok sever ve iyi y\u00fcz\u00fcc\u00fcd\u00fcr. Yurtd\u0131\u015f\u0131nda \u201cy\u00fcz\u00fcc\u00fc kediler\u201d olarak da bilinir. Bu \u0131rk do\u011fal safkan bir \u0131rkt\u0131r. Anatomik olarak [&hellip;]<\/p>\n","protected":false},"author":2500,"featured_media":79542,"comment_status":"open","ping_status":"open","sticky":false,"template":"","format":"standard","meta":{"_yoast_wpseo_focuskw":"","_yoast_wpseo_title":"","_yoast_wpseo_metadesc":"","_bbp_topic_count":0,"_bbp_reply_count":0,"_bbp_total_topic_count":0,"_bbp_total_reply_count":0,"_bbp_voice_count":0,"_bbp_anonymous_reply_count":0,"_bbp_topic_count_hidden":0,"_bbp_reply_count_hidden":0,"_bbp_forum_subforum_count":0,"footnotes":"","_yoast_wpseo_focuskw_text_input":""},"categories":[2882,519],"tags":[],"yoast_head":"<!-- This site is optimized with the Yoast SEO plugin v23.0 - https:\/\/yoast.com\/wordpress\/plugins\/seo\/ -->\n<title>Suyu Seven Asil Van Kedisi - The Epoch Times TR<\/title>\n<meta name=\"robots\" content=\"index, follow, max-snippet:-1, max-image-preview:large, max-video-preview:-1\" \/>\n<link rel=\"canonical\" href=\"https:\/\/epochtimestr.com\/index.php\/suyu-asil-van-kedisi\" \/>\n<meta property=\"og:locale\" content=\"tr_TR\" \/>\n<meta property=\"og:type\" content=\"article\" \/>\n<meta property=\"og:title\" content=\"Suyu Seven Asil Van Kedisi - The Epoch Times TR\" \/>\n<meta property=\"og:description\" content=\"Van kedisi, g\u00f6zleri mavi veya kehribar ya da biri mavi di\u011feri kehribar olabilen, nadir bir kedi \u0131rk\u0131d\u0131r. Asil duru\u015fu ve beyaz rengi ona ayr\u0131 bir g\u00fczellik katar. \u0130ri ve kuvvetli bir kedidir. Di\u011fer kedilerin aksine suyu \u00e7ok sever ve iyi y\u00fcz\u00fcc\u00fcd\u00fcr. Yurtd\u0131\u015f\u0131nda \u201cy\u00fcz\u00fcc\u00fc kediler\u201d olarak da bilinir. Bu \u0131rk do\u011fal safkan bir \u0131rkt\u0131r. Anatomik olarak [&hellip;]\" \/>\n<meta property=\"og:url\" content=\"https:\/\/epochtimestr.com\/index.php\/suyu-asil-van-kedisi\" \/>\n<meta property=\"og:site_name\" content=\"The Epoch Times TR\" \/>\n<meta property=\"article:publisher\" content=\"https:\/\/www.facebook.com\/theepochtimestr\" \/>\n<meta property=\"article:published_time\" content=\"2014-10-27T18:36:51+00:00\" \/>\n<meta property=\"article:modified_time\" content=\"2022-07-24T14:27:26+00:00\" \/>\n<meta property=\"og:image\" content=\"https:\/\/epochtimestr.com\/wp-content\/uploads\/2011y\/van-kedisi.jpg\" \/>\n\t<meta property=\"og:image:width\" content=\"500\" \/>\n\t<meta property=\"og:image:height\" content=\"605\" \/>\n\t<meta property=\"og:image:type\" content=\"image\/jpeg\" \/>\n<meta name=\"author\" content=\"Evren Durmaz\" \/>\n<meta name=\"twitter:card\" content=\"summary_large_image\" \/>\n<meta name=\"twitter:creator\" content=\"@TheEpochTimesTR\" \/>\n<meta name=\"twitter:site\" content=\"@TheEpochTimesTR\" \/>\n<meta name=\"twitter:label1\" content=\"Yazan:\" \/>\n\t<meta name=\"twitter:data1\" content=\"Evren Durmaz\" \/>\n\t<meta name=\"twitter:label2\" content=\"Tahmini okuma s\u00fcresi\" \/>\n\t<meta name=\"twitter:data2\" content=\"1 dakika\" \/>\n<script type=\"application\/ld+json\" class=\"yoast-schema-graph\">{\"@context\":\"https:\/\/schema.org\",\"@graph\":[{\"@type\":\"Article\",\"@id\":\"https:\/\/epochtimestr.com\/index.php\/suyu-asil-van-kedisi#article\",\"isPartOf\":{\"@id\":\"https:\/\/epochtimestr.com\/index.php\/suyu-asil-van-kedisi\"},\"author\":{\"name\":\"Evren Durmaz\",\"@id\":\"https:\/\/epochtimestr.com\/#\/schema\/person\/29464d85d2980e22f2e37bc9adcfb0a2\"},\"headline\":\"Suyu Seven Asil Van Kedisi\",\"datePublished\":\"2014-10-27T18:36:51+00:00\",\"dateModified\":\"2022-07-24T14:27:26+00:00\",\"mainEntityOfPage\":{\"@id\":\"https:\/\/epochtimestr.com\/index.php\/suyu-asil-van-kedisi\"},\"wordCount\":250,\"commentCount\":0,\"publisher\":{\"@id\":\"https:\/\/epochtimestr.com\/#organization\"},\"image\":{\"@id\":\"https:\/\/epochtimestr.com\/index.php\/suyu-asil-van-kedisi#primaryimage\"},\"thumbnailUrl\":\"https:\/\/epochtimestr.com\/wp-content\/uploads\/2011y\/van-kedisi.jpg\",\"articleSection\":[\"Do\u011fa ve \u0130nsan\",\"ED\u0130T\u00d6R\u00dcN SE\u00c7\u0130M\u0130\"],\"inLanguage\":\"tr\",\"potentialAction\":[{\"@type\":\"CommentAction\",\"name\":\"Comment\",\"target\":[\"https:\/\/epochtimestr.com\/index.php\/suyu-asil-van-kedisi#respond\"]}]},{\"@type\":\"WebPage\",\"@id\":\"https:\/\/epochtimestr.com\/index.php\/suyu-asil-van-kedisi\",\"url\":\"https:\/\/epochtimestr.com\/index.php\/suyu-asil-van-kedisi\",\"name\":\"Suyu Seven Asil Van Kedisi - The Epoch Times TR\",\"isPartOf\":{\"@id\":\"https:\/\/epochtimestr.com\/#website\"},\"primaryImageOfPage\":{\"@id\":\"https:\/\/epochtimestr.com\/index.php\/suyu-asil-van-kedisi#primaryimage\"},\"image\":{\"@id\":\"https:\/\/epochtimestr.com\/index.php\/suyu-asil-van-kedisi#primaryimage\"},\"thumbnailUrl\":\"https:\/\/epochtimestr.com\/wp-content\/uploads\/2011y\/van-kedisi.jpg\",\"datePublished\":\"2014-10-27T18:36:51+00:00\",\"dateModified\":\"2022-07-24T14:27:26+00:00\",\"inLanguage\":\"tr\",\"potentialAction\":[{\"@type\":\"ReadAction\",\"target\":[\"https:\/\/epochtimestr.com\/index.php\/suyu-asil-van-kedisi\"]}]},{\"@type\":\"ImageObject\",\"inLanguage\":\"tr\",\"@id\":\"https:\/\/epochtimestr.com\/index.php\/suyu-asil-van-kedisi#primaryimage\",\"url\":\"https:\/\/epochtimestr.com\/wp-content\/uploads\/2011y\/van-kedisi.jpg\",\"contentUrl\":\"https:\/\/epochtimestr.com\/wp-content\/uploads\/2011y\/van-kedisi.jpg\",\"width\":500,\"height\":605},{\"@type\":\"WebSite\",\"@id\":\"https:\/\/epochtimestr.com\/#website\",\"url\":\"https:\/\/epochtimestr.com\/\",\"name\":\"The Epoch Times TR\",\"description\":\"De\u011fi\u015fen D\u00fcnyam\u0131za Taze Bir Bak\u0131\u015f\",\"publisher\":{\"@id\":\"https:\/\/epochtimestr.com\/#organization\"},\"potentialAction\":[{\"@type\":\"SearchAction\",\"target\":{\"@type\":\"EntryPoint\",\"urlTemplate\":\"https:\/\/epochtimestr.com\/?s={search_term_string}\"},\"query-input\":\"required name=search_term_string\"}],\"inLanguage\":\"tr\"},{\"@type\":\"Organization\",\"@id\":\"https:\/\/epochtimestr.com\/#organization\",\"name\":\"The EpochTimes T\u00fcrkiye\",\"url\":\"https:\/\/epochtimestr.com\/\",\"logo\":{\"@type\":\"ImageObject\",\"inLanguage\":\"tr\",\"@id\":\"https:\/\/epochtimestr.com\/#\/schema\/logo\/image\/\",\"url\":\"https:\/\/epochtimestr.com\/wp-content\/uploads\/2011y\/ET-Logo-YG.jpg\",\"contentUrl\":\"https:\/\/epochtimestr.com\/wp-content\/uploads\/2011y\/ET-Logo-YG.jpg\",\"width\":346,\"height\":29,\"caption\":\"The EpochTimes T\u00fcrkiye\"},\"image\":{\"@id\":\"https:\/\/epochtimestr.com\/#\/schema\/logo\/image\/\"},\"sameAs\":[\"https:\/\/www.facebook.com\/theepochtimestr\",\"https:\/\/x.com\/TheEpochTimesTR\",\"https:\/\/www.instagram.com\/epochtimestr\"]},{\"@type\":\"Person\",\"@id\":\"https:\/\/epochtimestr.com\/#\/schema\/person\/29464d85d2980e22f2e37bc9adcfb0a2\",\"name\":\"Evren Durmaz\",\"image\":{\"@type\":\"ImageObject\",\"inLanguage\":\"tr\",\"@id\":\"https:\/\/epochtimestr.com\/#\/schema\/person\/image\/\",\"url\":\"https:\/\/secure.gravatar.com\/avatar\/503980a9fab198d7bb655c448172ca6a?s=96&d=mm&r=g\",\"contentUrl\":\"https:\/\/secure.gravatar.com\/avatar\/503980a9fab198d7bb655c448172ca6a?s=96&d=mm&r=g\",\"caption\":\"Evren Durmaz\"},\"url\":\"https:\/\/epochtimestr.com\/index.php\/author\/evren-durmaz\"}]}<\/script>\n<!-- \/ Yoast SEO plugin. -->","yoast_head_json":{"title":"Suyu Seven Asil Van Kedisi - The Epoch Times TR","robots":{"index":"index","follow":"follow","max-snippet":"max-snippet:-1","max-image-preview":"max-image-preview:large","max-video-preview":"max-video-preview:-1"},"canonical":"https:\/\/epochtimestr.com\/index.php\/suyu-asil-van-kedisi","og_locale":"tr_TR","og_type":"article","og_title":"Suyu Seven Asil Van Kedisi - The Epoch Times TR","og_description":"Van kedisi, g\u00f6zleri mavi veya kehribar ya da biri mavi di\u011feri kehribar olabilen, nadir bir kedi \u0131rk\u0131d\u0131r. Asil duru\u015fu ve beyaz rengi ona ayr\u0131 bir g\u00fczellik katar. \u0130ri ve kuvvetli bir kedidir. Di\u011fer kedilerin aksine suyu \u00e7ok sever ve iyi y\u00fcz\u00fcc\u00fcd\u00fcr. Yurtd\u0131\u015f\u0131nda \u201cy\u00fcz\u00fcc\u00fc kediler\u201d olarak da bilinir. Bu \u0131rk do\u011fal safkan bir \u0131rkt\u0131r. Anatomik olarak [&hellip;]","og_url":"https:\/\/epochtimestr.com\/index.php\/suyu-asil-van-kedisi","og_site_name":"The Epoch Times TR","article_publisher":"https:\/\/www.facebook.com\/theepochtimestr","article_published_time":"2014-10-27T18:36:51+00:00","article_modified_time":"2022-07-24T14:27:26+00:00","og_image":[{"width":500,"height":605,"url":"https:\/\/epochtimestr.com\/wp-content\/uploads\/2011y\/van-kedisi.jpg","type":"image\/jpeg"}],"author":"Evren Durmaz","twitter_card":"summary_large_image","twitter_creator":"@TheEpochTimesTR","twitter_site":"@TheEpochTimesTR","twitter_misc":{"Yazan:":"Evren Durmaz","Tahmini okuma s\u00fcresi":"1 dakika"},"schema":{"@context":"https:\/\/schema.org","@graph":[{"@type":"Article","@id":"https:\/\/epochtimestr.com\/index.php\/suyu-asil-van-kedisi#article","isPartOf":{"@id":"https:\/\/epochtimestr.com\/index.php\/suyu-asil-van-kedisi"},"author":{"name":"Evren Durmaz","@id":"https:\/\/epochtimestr.com\/#\/schema\/person\/29464d85d2980e22f2e37bc9adcfb0a2"},"headline":"Suyu Seven Asil Van Kedisi","datePublished":"2014-10-27T18:36:51+00:00","dateModified":"2022-07-24T14:27:26+00:00","mainEntityOfPage":{"@id":"https:\/\/epochtimestr.com\/index.php\/suyu-asil-van-kedisi"},"wordCount":250,"commentCount":0,"publisher":{"@id":"https:\/\/epochtimestr.com\/#organization"},"image":{"@id":"https:\/\/epochtimestr.com\/index.php\/suyu-asil-van-kedisi#primaryimage"},"thumbnailUrl":"https:\/\/epochtimestr.com\/wp-content\/uploads\/2011y\/van-kedisi.jpg","articleSection":["Do\u011fa ve \u0130nsan","ED\u0130T\u00d6R\u00dcN SE\u00c7\u0130M\u0130"],"inLanguage":"tr","potentialAction":[{"@type":"CommentAction","name":"Comment","target":["https:\/\/epochtimestr.com\/index.php\/suyu-asil-van-kedisi#respond"]}]},{"@type":"WebPage","@id":"https:\/\/epochtimestr.com\/index.php\/suyu-asil-van-kedisi","url":"https:\/\/epochtimestr.com\/index.php\/suyu-asil-van-kedisi","name":"Suyu Seven Asil Van Kedisi - The Epoch Times TR","isPartOf":{"@id":"https:\/\/epochtimestr.com\/#website"},"primaryImageOfPage":{"@id":"https:\/\/epochtimestr.com\/index.php\/suyu-asil-van-kedisi#primaryimage"},"image":{"@id":"https:\/\/epochtimestr.com\/index.php\/suyu-asil-van-kedisi#primaryimage"},"thumbnailUrl":"https:\/\/epochtimestr.com\/wp-content\/uploads\/2011y\/van-kedisi.jpg","datePublished":"2014-10-27T18:36:51+00:00","dateModified":"2022-07-24T14:27:26+00:00","inLanguage":"tr","potentialAction":[{"@type":"ReadAction","target":["https:\/\/epochtimestr.com\/index.php\/suyu-asil-van-kedisi"]}]},{"@type":"ImageObject","inLanguage":"tr","@id":"https:\/\/epochtimestr.com\/index.php\/suyu-asil-van-kedisi#primaryimage","url":"https:\/\/epochtimestr.com\/wp-content\/uploads\/2011y\/van-kedisi.jpg","contentUrl":"https:\/\/epochtimestr.com\/wp-content\/uploads\/2011y\/van-kedisi.jpg","width":500,"height":605},{"@type":"WebSite","@id":"https:\/\/epochtimestr.com\/#website","url":"https:\/\/epochtimestr.com\/","name":"The Epoch Times TR","description":"De\u011fi\u015fen D\u00fcnyam\u0131za Taze Bir Bak\u0131\u015f","publisher":{"@id":"https:\/\/epochtimestr.com\/#organization"},"potentialAction":[{"@type":"SearchAction","target":{"@type":"EntryPoint","urlTemplate":"https:\/\/epochtimestr.com\/?s={search_term_string}"},"query-input":"required name=search_term_string"}],"inLanguage":"tr"},{"@type":"Organization","@id":"https:\/\/epochtimestr.com\/#organization","name":"The EpochTimes T\u00fcrkiye","url":"https:\/\/epochtimestr.com\/","logo":{"@type":"ImageObject","inLanguage":"tr","@id":"https:\/\/epochtimestr.com\/#\/schema\/logo\/image\/","url":"https:\/\/epochtimestr.com\/wp-content\/uploads\/2011y\/ET-Logo-YG.jpg","contentUrl":"https:\/\/epochtimestr.com\/wp-content\/uploads\/2011y\/ET-Logo-YG.jpg","width":346,"height":29,"caption":"The EpochTimes T\u00fcrkiye"},"image":{"@id":"https:\/\/epochtimestr.com\/#\/schema\/logo\/image\/"},"sameAs":["https:\/\/www.facebook.com\/theepochtimestr","https:\/\/x.com\/TheEpochTimesTR","https:\/\/www.instagram.com\/epochtimestr"]},{"@type":"Person","@id":"https:\/\/epochtimestr.com\/#\/schema\/person\/29464d85d2980e22f2e37bc9adcfb0a2","name":"Evren Durmaz","image":{"@type":"ImageObject","inLanguage":"tr","@id":"https:\/\/epochtimestr.com\/#\/schema\/person\/image\/","url":"https:\/\/secure.gravatar.com\/avatar\/503980a9fab198d7bb655c448172ca6a?s=96&d=mm&r=g","contentUrl":"https:\/\/secure.gravatar.com\/avatar\/503980a9fab198d7bb655c448172ca6a?s=96&d=mm&r=g","caption":"Evren Durmaz"},"url":"https:\/\/epochtimestr.com\/index.php\/author\/evren-durmaz"}]}},"_links":{"self":[{"href":"https:\/\/epochtimestr.com\/index.php\/wp-json\/wp\/v2\/posts\/79541"}],"collection":[{"href":"https:\/\/epochtimestr.com\/index.php\/wp-json\/wp\/v2\/posts"}],"about":[{"href":"https:\/\/epochtimestr.com\/index.php\/wp-json\/wp\/v2\/types\/post"}],"author":[{"embeddable":true,"href":"https:\/\/epochtimestr.com\/index.php\/wp-json\/wp\/v2\/users\/2500"}],"replies":[{"embeddable":true,"href":"https:\/\/epochtimestr.com\/index.php\/wp-json\/wp\/v2\/comments?post=79541"}],"version-history":[{"count":2,"href":"https:\/\/epochtimestr.com\/index.php\/wp-json\/wp\/v2\/posts\/79541\/revisions"}],"predecessor-version":[{"id":79544,"href":"https:\/\/epochtimestr.com\/index.php\/wp-json\/wp\/v2\/posts\/79541\/revisions\/79544"}],"wp:featuredmedia":[{"embeddable":true,"href":"https:\/\/epochtimestr.com\/index.php\/wp-json\/wp\/v2\/media\/79542"}],"wp:attachment":[{"href":"https:\/\/epochtimestr.com\/index.php\/wp-json\/wp\/v2\/media?parent=79541"}],"wp:term":[{"taxonomy":"category","embeddable":true,"href":"https:\/\/epochtimestr.com\/index.php\/wp-json\/wp\/v2\/categories?post=79541"},{"taxonomy":"post_tag","embeddable":true,"href":"https:\/\/epochtimestr.com\/index.php\/wp-json\/wp\/v2\/tags?post=79541"}],"curies":[{"name":"wp","href":"https:\/\/api.w.org\/{rel}","templated":true}]}}