{"id":80805,"date":"2014-12-13T00:56:08","date_gmt":"2014-12-12T21:56:08","guid":{"rendered":"http:\/\/epochtimestr.com\/?p=80805"},"modified":"2022-07-24T17:25:28","modified_gmt":"2022-07-24T14:25:28","slug":"ahal-teke-altin-renkli-turk-ati","status":"publish","type":"post","link":"https:\/\/epochtimestr.com\/index.php\/ahal-teke-altin-renkli-turk-ati","title":{"rendered":"Ahal Teke: Alt\u0131n Renkli T\u00fcrk At\u0131"},"content":{"rendered":"<figure id=\"attachment_80807\" aria-describedby=\"caption-attachment-80807\" style=\"width: 500px\" class=\"wp-caption aligncenter\"><a href=\"https:\/\/epochtimestr.com\/index.php\/ahal-teke-altin-renkli-turk-ati\/ahal-teke\" rel=\"attachment wp-att-80807\"><img loading=\"lazy\" decoding=\"async\" class=\"size-full wp-image-80807\" src=\"https:\/\/epochtimestr.com\/wp-content\/uploads\/2011y\/Ahal-Teke.jpg\" alt=\"Ahal Teke At\u0131 (Foto: Getty Images)\" width=\"500\" height=\"347\" srcset=\"https:\/\/epochtimestr.com\/wp-content\/uploads\/2011y\/Ahal-Teke.jpg 500w, https:\/\/epochtimestr.com\/wp-content\/uploads\/2011y\/Ahal-Teke-150x104.jpg 150w, https:\/\/epochtimestr.com\/wp-content\/uploads\/2011y\/Ahal-Teke-300x208.jpg 300w, https:\/\/epochtimestr.com\/wp-content\/uploads\/2011y\/Ahal-Teke-292x202.jpg 292w\" sizes=\"(max-width: 500px) 100vw, 500px\" \/><\/a><figcaption id=\"caption-attachment-80807\" class=\"wp-caption-text\">Ahal Teke At\u0131 (Foto: Getty Images)<\/figcaption><\/figure>\n<p style=\"text-align: justify;\">Ahal Teke bir T\u00fcrkmen at\u0131d\u0131r, ad\u0131 T\u00fcrkmenistan\u2019\u0131n Ahal \u015fehrinden gelir. Bu at\u0131n do\u011fal yerle\u015fim yerleri Kazakistan, T\u00fcrkmenistan, K\u0131rg\u0131zistan, \u00d6zbekistan ve\u00a0Afganistan gibi \u00fclkelerdir.<\/p>\n<p style=\"text-align: justify;\">Ahal Teke at\u0131n\u0131n \u00e7ok uzun yollar\u0131 k\u0131sa zamanda kat edebiliyor olmas\u0131 \u015f\u00fcphesiz Orta Asya insanlar\u0131n\u0131n \u00e7ok i\u015fine yaram\u0131\u015ft\u0131r. Cesur, dayan\u0131kl\u0131, korkusuz ve uzun \u00f6m\u00fcrl\u00fc olmas\u0131 bu at\u0131 \u00f6zel k\u0131lmaktad\u0131r. Ahal Teke uzun ve kasl\u0131 bir at olup yakla\u015f\u0131k 150cm-160cm y\u00fcksekli\u011fine sahiptir. Genellikle k\u0131sa parlak t\u00fcyl\u00fc ve alt\u0131n rengindedir. G\u00fczel bir g\u00f6r\u00fcnt\u00fcye sahiptir.<\/p>\n<p style=\"text-align: justify;\">Eskiden \u00c7inliler alt\u0131n renginden dolay\u0131 bu atlara cennet atlar\u0131 diyorlard\u0131 ve onlara sahip olmak i\u00e7in sava\u015f\u0131yorlard\u0131.<\/p>\n<p style=\"text-align: justify;\">Ahal Teke kan\u0131 Avrupal\u0131 at soylar\u0131n\u0131n pek \u00e7o\u011funda bulunmaktad\u0131r. \u0130ngiliz tam kan at \u0131rk\u0131n\u0131n defterinde kay\u0131tl\u0131 b\u00fct\u00fcn dam\u0131zl\u0131klar\u0131n soyu, Osmanl\u0131 \u0130mparatorlu\u011fu&#8217;ndan \u0130ngiltere&#8217;ye gitmi\u015f olan \u00fc\u00e7 ayg\u0131ra dayan\u0131r. Bunlardan biri Kuzey Afrika&#8217;dan gitmi\u015f olup Arap at\u0131 oldu\u011fu tahmin edilmektedir. Ancak di\u011fer ikisi \u00f6zellikle de \u0130stanbul&#8217;dan giden &#8220;Byerly Turk&#8221;\u00fcn eski T\u00fcrkmen at\u0131 oldu\u011fu bilinmektedir. Alman at \u0131rklar\u0131n\u0131 etkilemi\u015f olup bu \u0131rklar\u0131 \u0131slah eden en \u00fcnl\u00fc ayg\u0131r\u0131n ad\u0131 Almanca&#8217;da &#8220;Turkmen Atti&#8221;dir.<\/p>\n<p style=\"text-align: justify;\">Avrupa\u2019da bir\u00e7ok at yeti\u015ftirici g\u00fcn\u00fcm\u00fczde bu T\u00fcrkmen at\u0131n\u0131 kendi yerel \u0131rklar\u0131n\u0131 asille\u015ftirmek i\u00e7in kullan\u0131yor. T\u00fcrkmen at\u0131 ayr\u0131ca yar\u0131\u015f at\u0131 olarak da kullan\u0131l\u0131yor.<\/p>\n<p style=\"text-align: justify;\">Her at soyu i\u00e7in s\u00fcrd\u00fcr\u00fclen resmi bir soy kitab\u0131 vard\u0131r. Ahal Teke&#8217;nin soy kitab\u0131 1917 y\u0131l\u0131nda Moskova\u2019da ba\u015flat\u0131lm\u0131\u015ft\u0131r. Maalesef D\u00fcnya art\u0131k sadece Ruslar\u0131n tuttu\u011fu soy kitab\u0131ndaki Ahal Tekeleri saf olarak kabul ediyor. Yani bir at\u0131n atalar\u0131n\u0131n isimi sadece bu Moskova\u2019daki kitapta yaz\u0131l\u0131ysa hakiki Ahal Teke olarak kabul ediliyor di\u011ferleri kabul edilmiyor.<\/p>\n<p style=\"text-align: justify;\">\n","protected":false},"excerpt":{"rendered":"<p>Ahal Teke bir T\u00fcrkmen at\u0131d\u0131r, ad\u0131 T\u00fcrkmenistan\u2019\u0131n Ahal \u015fehrinden gelir. Bu at\u0131n do\u011fal yerle\u015fim yerleri Kazakistan, T\u00fcrkmenistan, K\u0131rg\u0131zistan, \u00d6zbekistan ve\u00a0Afganistan gibi \u00fclkelerdir. Ahal Teke at\u0131n\u0131n \u00e7ok uzun yollar\u0131 k\u0131sa zamanda kat edebiliyor olmas\u0131 \u015f\u00fcphesiz Orta Asya insanlar\u0131n\u0131n \u00e7ok i\u015fine yaram\u0131\u015ft\u0131r. Cesur, dayan\u0131kl\u0131, korkusuz ve uzun \u00f6m\u00fcrl\u00fc olmas\u0131 bu at\u0131 \u00f6zel k\u0131lmaktad\u0131r. Ahal Teke uzun ve [&hellip;]<\/p>\n","protected":false},"author":2500,"featured_media":80807,"comment_status":"open","ping_status":"open","sticky":false,"template":"","format":"standard","meta":{"_yoast_wpseo_focuskw":"","_yoast_wpseo_title":"","_yoast_wpseo_metadesc":"","_bbp_topic_count":0,"_bbp_reply_count":0,"_bbp_total_topic_count":0,"_bbp_total_reply_count":0,"_bbp_voice_count":0,"_bbp_anonymous_reply_count":0,"_bbp_topic_count_hidden":0,"_bbp_reply_count_hidden":0,"_bbp_forum_subforum_count":0,"footnotes":"","_yoast_wpseo_focuskw_text_input":""},"categories":[2882,519],"tags":[],"yoast_head":"<!-- This site is optimized with the Yoast SEO plugin v23.0 - https:\/\/yoast.com\/wordpress\/plugins\/seo\/ -->\n<title>Ahal Teke: Alt\u0131n Renkli T\u00fcrk At\u0131 - The Epoch Times TR<\/title>\n<meta name=\"robots\" content=\"index, follow, max-snippet:-1, max-image-preview:large, max-video-preview:-1\" \/>\n<link rel=\"canonical\" href=\"https:\/\/epochtimestr.com\/index.php\/ahal-teke-altin-renkli-turk-ati\" \/>\n<meta property=\"og:locale\" content=\"tr_TR\" \/>\n<meta property=\"og:type\" content=\"article\" \/>\n<meta property=\"og:title\" content=\"Ahal Teke: Alt\u0131n Renkli T\u00fcrk At\u0131 - The Epoch Times TR\" \/>\n<meta property=\"og:description\" content=\"Ahal Teke bir T\u00fcrkmen at\u0131d\u0131r, ad\u0131 T\u00fcrkmenistan\u2019\u0131n Ahal \u015fehrinden gelir. Bu at\u0131n do\u011fal yerle\u015fim yerleri Kazakistan, T\u00fcrkmenistan, K\u0131rg\u0131zistan, \u00d6zbekistan ve\u00a0Afganistan gibi \u00fclkelerdir. Ahal Teke at\u0131n\u0131n \u00e7ok uzun yollar\u0131 k\u0131sa zamanda kat edebiliyor olmas\u0131 \u015f\u00fcphesiz Orta Asya insanlar\u0131n\u0131n \u00e7ok i\u015fine yaram\u0131\u015ft\u0131r. Cesur, dayan\u0131kl\u0131, korkusuz ve uzun \u00f6m\u00fcrl\u00fc olmas\u0131 bu at\u0131 \u00f6zel k\u0131lmaktad\u0131r. Ahal Teke uzun ve [&hellip;]\" \/>\n<meta property=\"og:url\" content=\"https:\/\/epochtimestr.com\/index.php\/ahal-teke-altin-renkli-turk-ati\" \/>\n<meta property=\"og:site_name\" content=\"The Epoch Times TR\" \/>\n<meta property=\"article:publisher\" content=\"https:\/\/www.facebook.com\/theepochtimestr\" \/>\n<meta property=\"article:published_time\" content=\"2014-12-12T21:56:08+00:00\" \/>\n<meta property=\"article:modified_time\" content=\"2022-07-24T14:25:28+00:00\" \/>\n<meta property=\"og:image\" content=\"https:\/\/epochtimestr.com\/wp-content\/uploads\/2011y\/Ahal-Teke.jpg\" \/>\n\t<meta property=\"og:image:width\" content=\"500\" \/>\n\t<meta property=\"og:image:height\" content=\"347\" \/>\n\t<meta property=\"og:image:type\" content=\"image\/jpeg\" \/>\n<meta name=\"author\" content=\"Evren Durmaz\" \/>\n<meta name=\"twitter:card\" content=\"summary_large_image\" \/>\n<meta name=\"twitter:creator\" content=\"@TheEpochTimesTR\" \/>\n<meta name=\"twitter:site\" content=\"@TheEpochTimesTR\" \/>\n<meta name=\"twitter:label1\" content=\"Yazan:\" \/>\n\t<meta name=\"twitter:data1\" content=\"Evren Durmaz\" \/>\n\t<meta name=\"twitter:label2\" content=\"Tahmini okuma s\u00fcresi\" \/>\n\t<meta name=\"twitter:data2\" content=\"2 dakika\" \/>\n<script type=\"application\/ld+json\" class=\"yoast-schema-graph\">{\"@context\":\"https:\/\/schema.org\",\"@graph\":[{\"@type\":\"Article\",\"@id\":\"https:\/\/epochtimestr.com\/index.php\/ahal-teke-altin-renkli-turk-ati#article\",\"isPartOf\":{\"@id\":\"https:\/\/epochtimestr.com\/index.php\/ahal-teke-altin-renkli-turk-ati\"},\"author\":{\"name\":\"Evren Durmaz\",\"@id\":\"https:\/\/epochtimestr.com\/#\/schema\/person\/29464d85d2980e22f2e37bc9adcfb0a2\"},\"headline\":\"Ahal Teke: Alt\u0131n Renkli T\u00fcrk At\u0131\",\"datePublished\":\"2014-12-12T21:56:08+00:00\",\"dateModified\":\"2022-07-24T14:25:28+00:00\",\"mainEntityOfPage\":{\"@id\":\"https:\/\/epochtimestr.com\/index.php\/ahal-teke-altin-renkli-turk-ati\"},\"wordCount\":352,\"commentCount\":0,\"publisher\":{\"@id\":\"https:\/\/epochtimestr.com\/#organization\"},\"image\":{\"@id\":\"https:\/\/epochtimestr.com\/index.php\/ahal-teke-altin-renkli-turk-ati#primaryimage\"},\"thumbnailUrl\":\"https:\/\/epochtimestr.com\/wp-content\/uploads\/2011y\/Ahal-Teke.jpg\",\"articleSection\":[\"Do\u011fa ve \u0130nsan\",\"ED\u0130T\u00d6R\u00dcN SE\u00c7\u0130M\u0130\"],\"inLanguage\":\"tr\",\"potentialAction\":[{\"@type\":\"CommentAction\",\"name\":\"Comment\",\"target\":[\"https:\/\/epochtimestr.com\/index.php\/ahal-teke-altin-renkli-turk-ati#respond\"]}]},{\"@type\":\"WebPage\",\"@id\":\"https:\/\/epochtimestr.com\/index.php\/ahal-teke-altin-renkli-turk-ati\",\"url\":\"https:\/\/epochtimestr.com\/index.php\/ahal-teke-altin-renkli-turk-ati\",\"name\":\"Ahal Teke: Alt\u0131n Renkli T\u00fcrk At\u0131 - The Epoch Times TR\",\"isPartOf\":{\"@id\":\"https:\/\/epochtimestr.com\/#website\"},\"primaryImageOfPage\":{\"@id\":\"https:\/\/epochtimestr.com\/index.php\/ahal-teke-altin-renkli-turk-ati#primaryimage\"},\"image\":{\"@id\":\"https:\/\/epochtimestr.com\/index.php\/ahal-teke-altin-renkli-turk-ati#primaryimage\"},\"thumbnailUrl\":\"https:\/\/epochtimestr.com\/wp-content\/uploads\/2011y\/Ahal-Teke.jpg\",\"datePublished\":\"2014-12-12T21:56:08+00:00\",\"dateModified\":\"2022-07-24T14:25:28+00:00\",\"inLanguage\":\"tr\",\"potentialAction\":[{\"@type\":\"ReadAction\",\"target\":[\"https:\/\/epochtimestr.com\/index.php\/ahal-teke-altin-renkli-turk-ati\"]}]},{\"@type\":\"ImageObject\",\"inLanguage\":\"tr\",\"@id\":\"https:\/\/epochtimestr.com\/index.php\/ahal-teke-altin-renkli-turk-ati#primaryimage\",\"url\":\"https:\/\/epochtimestr.com\/wp-content\/uploads\/2011y\/Ahal-Teke.jpg\",\"contentUrl\":\"https:\/\/epochtimestr.com\/wp-content\/uploads\/2011y\/Ahal-Teke.jpg\",\"width\":500,\"height\":347,\"caption\":\"Ahal Teke At\u0131 (Foto: Getty Images)\"},{\"@type\":\"WebSite\",\"@id\":\"https:\/\/epochtimestr.com\/#website\",\"url\":\"https:\/\/epochtimestr.com\/\",\"name\":\"The Epoch Times TR\",\"description\":\"De\u011fi\u015fen D\u00fcnyam\u0131za Taze Bir Bak\u0131\u015f\",\"publisher\":{\"@id\":\"https:\/\/epochtimestr.com\/#organization\"},\"potentialAction\":[{\"@type\":\"SearchAction\",\"target\":{\"@type\":\"EntryPoint\",\"urlTemplate\":\"https:\/\/epochtimestr.com\/?s={search_term_string}\"},\"query-input\":\"required name=search_term_string\"}],\"inLanguage\":\"tr\"},{\"@type\":\"Organization\",\"@id\":\"https:\/\/epochtimestr.com\/#organization\",\"name\":\"The EpochTimes T\u00fcrkiye\",\"url\":\"https:\/\/epochtimestr.com\/\",\"logo\":{\"@type\":\"ImageObject\",\"inLanguage\":\"tr\",\"@id\":\"https:\/\/epochtimestr.com\/#\/schema\/logo\/image\/\",\"url\":\"https:\/\/epochtimestr.com\/wp-content\/uploads\/2011y\/ET-Logo-YG.jpg\",\"contentUrl\":\"https:\/\/epochtimestr.com\/wp-content\/uploads\/2011y\/ET-Logo-YG.jpg\",\"width\":346,\"height\":29,\"caption\":\"The EpochTimes T\u00fcrkiye\"},\"image\":{\"@id\":\"https:\/\/epochtimestr.com\/#\/schema\/logo\/image\/\"},\"sameAs\":[\"https:\/\/www.facebook.com\/theepochtimestr\",\"https:\/\/x.com\/TheEpochTimesTR\",\"https:\/\/www.instagram.com\/epochtimestr\"]},{\"@type\":\"Person\",\"@id\":\"https:\/\/epochtimestr.com\/#\/schema\/person\/29464d85d2980e22f2e37bc9adcfb0a2\",\"name\":\"Evren Durmaz\",\"image\":{\"@type\":\"ImageObject\",\"inLanguage\":\"tr\",\"@id\":\"https:\/\/epochtimestr.com\/#\/schema\/person\/image\/\",\"url\":\"https:\/\/secure.gravatar.com\/avatar\/503980a9fab198d7bb655c448172ca6a?s=96&d=mm&r=g\",\"contentUrl\":\"https:\/\/secure.gravatar.com\/avatar\/503980a9fab198d7bb655c448172ca6a?s=96&d=mm&r=g\",\"caption\":\"Evren Durmaz\"},\"url\":\"https:\/\/epochtimestr.com\/index.php\/author\/evren-durmaz\"}]}<\/script>\n<!-- \/ Yoast SEO plugin. -->","yoast_head_json":{"title":"Ahal Teke: Alt\u0131n Renkli T\u00fcrk At\u0131 - The Epoch Times TR","robots":{"index":"index","follow":"follow","max-snippet":"max-snippet:-1","max-image-preview":"max-image-preview:large","max-video-preview":"max-video-preview:-1"},"canonical":"https:\/\/epochtimestr.com\/index.php\/ahal-teke-altin-renkli-turk-ati","og_locale":"tr_TR","og_type":"article","og_title":"Ahal Teke: Alt\u0131n Renkli T\u00fcrk At\u0131 - The Epoch Times TR","og_description":"Ahal Teke bir T\u00fcrkmen at\u0131d\u0131r, ad\u0131 T\u00fcrkmenistan\u2019\u0131n Ahal \u015fehrinden gelir. Bu at\u0131n do\u011fal yerle\u015fim yerleri Kazakistan, T\u00fcrkmenistan, K\u0131rg\u0131zistan, \u00d6zbekistan ve\u00a0Afganistan gibi \u00fclkelerdir. Ahal Teke at\u0131n\u0131n \u00e7ok uzun yollar\u0131 k\u0131sa zamanda kat edebiliyor olmas\u0131 \u015f\u00fcphesiz Orta Asya insanlar\u0131n\u0131n \u00e7ok i\u015fine yaram\u0131\u015ft\u0131r. Cesur, dayan\u0131kl\u0131, korkusuz ve uzun \u00f6m\u00fcrl\u00fc olmas\u0131 bu at\u0131 \u00f6zel k\u0131lmaktad\u0131r. Ahal Teke uzun ve [&hellip;]","og_url":"https:\/\/epochtimestr.com\/index.php\/ahal-teke-altin-renkli-turk-ati","og_site_name":"The Epoch Times TR","article_publisher":"https:\/\/www.facebook.com\/theepochtimestr","article_published_time":"2014-12-12T21:56:08+00:00","article_modified_time":"2022-07-24T14:25:28+00:00","og_image":[{"width":500,"height":347,"url":"https:\/\/epochtimestr.com\/wp-content\/uploads\/2011y\/Ahal-Teke.jpg","type":"image\/jpeg"}],"author":"Evren Durmaz","twitter_card":"summary_large_image","twitter_creator":"@TheEpochTimesTR","twitter_site":"@TheEpochTimesTR","twitter_misc":{"Yazan:":"Evren Durmaz","Tahmini okuma s\u00fcresi":"2 dakika"},"schema":{"@context":"https:\/\/schema.org","@graph":[{"@type":"Article","@id":"https:\/\/epochtimestr.com\/index.php\/ahal-teke-altin-renkli-turk-ati#article","isPartOf":{"@id":"https:\/\/epochtimestr.com\/index.php\/ahal-teke-altin-renkli-turk-ati"},"author":{"name":"Evren Durmaz","@id":"https:\/\/epochtimestr.com\/#\/schema\/person\/29464d85d2980e22f2e37bc9adcfb0a2"},"headline":"Ahal Teke: Alt\u0131n Renkli T\u00fcrk At\u0131","datePublished":"2014-12-12T21:56:08+00:00","dateModified":"2022-07-24T14:25:28+00:00","mainEntityOfPage":{"@id":"https:\/\/epochtimestr.com\/index.php\/ahal-teke-altin-renkli-turk-ati"},"wordCount":352,"commentCount":0,"publisher":{"@id":"https:\/\/epochtimestr.com\/#organization"},"image":{"@id":"https:\/\/epochtimestr.com\/index.php\/ahal-teke-altin-renkli-turk-ati#primaryimage"},"thumbnailUrl":"https:\/\/epochtimestr.com\/wp-content\/uploads\/2011y\/Ahal-Teke.jpg","articleSection":["Do\u011fa ve \u0130nsan","ED\u0130T\u00d6R\u00dcN SE\u00c7\u0130M\u0130"],"inLanguage":"tr","potentialAction":[{"@type":"CommentAction","name":"Comment","target":["https:\/\/epochtimestr.com\/index.php\/ahal-teke-altin-renkli-turk-ati#respond"]}]},{"@type":"WebPage","@id":"https:\/\/epochtimestr.com\/index.php\/ahal-teke-altin-renkli-turk-ati","url":"https:\/\/epochtimestr.com\/index.php\/ahal-teke-altin-renkli-turk-ati","name":"Ahal Teke: Alt\u0131n Renkli T\u00fcrk At\u0131 - The Epoch Times TR","isPartOf":{"@id":"https:\/\/epochtimestr.com\/#website"},"primaryImageOfPage":{"@id":"https:\/\/epochtimestr.com\/index.php\/ahal-teke-altin-renkli-turk-ati#primaryimage"},"image":{"@id":"https:\/\/epochtimestr.com\/index.php\/ahal-teke-altin-renkli-turk-ati#primaryimage"},"thumbnailUrl":"https:\/\/epochtimestr.com\/wp-content\/uploads\/2011y\/Ahal-Teke.jpg","datePublished":"2014-12-12T21:56:08+00:00","dateModified":"2022-07-24T14:25:28+00:00","inLanguage":"tr","potentialAction":[{"@type":"ReadAction","target":["https:\/\/epochtimestr.com\/index.php\/ahal-teke-altin-renkli-turk-ati"]}]},{"@type":"ImageObject","inLanguage":"tr","@id":"https:\/\/epochtimestr.com\/index.php\/ahal-teke-altin-renkli-turk-ati#primaryimage","url":"https:\/\/epochtimestr.com\/wp-content\/uploads\/2011y\/Ahal-Teke.jpg","contentUrl":"https:\/\/epochtimestr.com\/wp-content\/uploads\/2011y\/Ahal-Teke.jpg","width":500,"height":347,"caption":"Ahal Teke At\u0131 (Foto: Getty Images)"},{"@type":"WebSite","@id":"https:\/\/epochtimestr.com\/#website","url":"https:\/\/epochtimestr.com\/","name":"The Epoch Times TR","description":"De\u011fi\u015fen D\u00fcnyam\u0131za Taze Bir Bak\u0131\u015f","publisher":{"@id":"https:\/\/epochtimestr.com\/#organization"},"potentialAction":[{"@type":"SearchAction","target":{"@type":"EntryPoint","urlTemplate":"https:\/\/epochtimestr.com\/?s={search_term_string}"},"query-input":"required name=search_term_string"}],"inLanguage":"tr"},{"@type":"Organization","@id":"https:\/\/epochtimestr.com\/#organization","name":"The EpochTimes T\u00fcrkiye","url":"https:\/\/epochtimestr.com\/","logo":{"@type":"ImageObject","inLanguage":"tr","@id":"https:\/\/epochtimestr.com\/#\/schema\/logo\/image\/","url":"https:\/\/epochtimestr.com\/wp-content\/uploads\/2011y\/ET-Logo-YG.jpg","contentUrl":"https:\/\/epochtimestr.com\/wp-content\/uploads\/2011y\/ET-Logo-YG.jpg","width":346,"height":29,"caption":"The EpochTimes T\u00fcrkiye"},"image":{"@id":"https:\/\/epochtimestr.com\/#\/schema\/logo\/image\/"},"sameAs":["https:\/\/www.facebook.com\/theepochtimestr","https:\/\/x.com\/TheEpochTimesTR","https:\/\/www.instagram.com\/epochtimestr"]},{"@type":"Person","@id":"https:\/\/epochtimestr.com\/#\/schema\/person\/29464d85d2980e22f2e37bc9adcfb0a2","name":"Evren Durmaz","image":{"@type":"ImageObject","inLanguage":"tr","@id":"https:\/\/epochtimestr.com\/#\/schema\/person\/image\/","url":"https:\/\/secure.gravatar.com\/avatar\/503980a9fab198d7bb655c448172ca6a?s=96&d=mm&r=g","contentUrl":"https:\/\/secure.gravatar.com\/avatar\/503980a9fab198d7bb655c448172ca6a?s=96&d=mm&r=g","caption":"Evren Durmaz"},"url":"https:\/\/epochtimestr.com\/index.php\/author\/evren-durmaz"}]}},"_links":{"self":[{"href":"https:\/\/epochtimestr.com\/index.php\/wp-json\/wp\/v2\/posts\/80805"}],"collection":[{"href":"https:\/\/epochtimestr.com\/index.php\/wp-json\/wp\/v2\/posts"}],"about":[{"href":"https:\/\/epochtimestr.com\/index.php\/wp-json\/wp\/v2\/types\/post"}],"author":[{"embeddable":true,"href":"https:\/\/epochtimestr.com\/index.php\/wp-json\/wp\/v2\/users\/2500"}],"replies":[{"embeddable":true,"href":"https:\/\/epochtimestr.com\/index.php\/wp-json\/wp\/v2\/comments?post=80805"}],"version-history":[{"count":3,"href":"https:\/\/epochtimestr.com\/index.php\/wp-json\/wp\/v2\/posts\/80805\/revisions"}],"predecessor-version":[{"id":80809,"href":"https:\/\/epochtimestr.com\/index.php\/wp-json\/wp\/v2\/posts\/80805\/revisions\/80809"}],"wp:featuredmedia":[{"embeddable":true,"href":"https:\/\/epochtimestr.com\/index.php\/wp-json\/wp\/v2\/media\/80807"}],"wp:attachment":[{"href":"https:\/\/epochtimestr.com\/index.php\/wp-json\/wp\/v2\/media?parent=80805"}],"wp:term":[{"taxonomy":"category","embeddable":true,"href":"https:\/\/epochtimestr.com\/index.php\/wp-json\/wp\/v2\/categories?post=80805"},{"taxonomy":"post_tag","embeddable":true,"href":"https:\/\/epochtimestr.com\/index.php\/wp-json\/wp\/v2\/tags?post=80805"}],"curies":[{"name":"wp","href":"https:\/\/api.w.org\/{rel}","templated":true}]}}