{"id":81362,"date":"2015-01-06T16:31:10","date_gmt":"2015-01-06T13:31:10","guid":{"rendered":"http:\/\/epochtimestr.com\/?p=81362"},"modified":"2022-07-24T17:25:04","modified_gmt":"2022-07-24T14:25:04","slug":"taklaci-guvercinler","status":"publish","type":"post","link":"https:\/\/epochtimestr.com\/index.php\/taklaci-guvercinler","title":{"rendered":"Taklac\u0131 G\u00fcvercinler"},"content":{"rendered":"<figure id=\"attachment_81363\" aria-describedby=\"caption-attachment-81363\" style=\"width: 500px\" class=\"wp-caption aligncenter\"><a href=\"https:\/\/epochtimestr.com\/index.php\/taklaci-guvercinler\/800px-west_of_england_tumblerred-1_wkimedi\" rel=\"attachment wp-att-81363\"><img loading=\"lazy\" decoding=\"async\" class=\"size-full wp-image-81363\" src=\"https:\/\/epochtimestr.com\/wp-content\/uploads\/2011y\/800px-West_of_England_tumblerred-1_wkimedi.jpg\" alt=\"Taklac\u0131 g\u00fcvercin (Wikimedia)\" width=\"500\" height=\"400\" srcset=\"https:\/\/epochtimestr.com\/wp-content\/uploads\/2011y\/800px-West_of_England_tumblerred-1_wkimedi.jpg 500w, https:\/\/epochtimestr.com\/wp-content\/uploads\/2011y\/800px-West_of_England_tumblerred-1_wkimedi-150x120.jpg 150w, https:\/\/epochtimestr.com\/wp-content\/uploads\/2011y\/800px-West_of_England_tumblerred-1_wkimedi-300x240.jpg 300w, https:\/\/epochtimestr.com\/wp-content\/uploads\/2011y\/800px-West_of_England_tumblerred-1_wkimedi-292x233.jpg 292w, https:\/\/epochtimestr.com\/wp-content\/uploads\/2011y\/800px-West_of_England_tumblerred-1_wkimedi-80x63.jpg 80w\" sizes=\"(max-width: 500px) 100vw, 500px\" \/><\/a><figcaption id=\"caption-attachment-81363\" class=\"wp-caption-text\">Taklac\u0131 g\u00fcvercin (Wikimedia)<\/figcaption><\/figure>\n<p style=\"text-align: justify;\">G\u00fcvercinler bar\u0131\u015f\u0131n simgesidir. Bir rivayete g\u00f6re Nuh peygamber b\u00fcy\u00fck tufandan sonra \u00e7evreye baks\u0131n diye bir g\u00fcvercin salm\u0131\u015ft\u0131r ve o ku\u015f a\u011fz\u0131nda bir zeytin dal\u0131 ile geri d\u00f6n\u00fcnce d\u00fcnyan\u0131n normale d\u00f6nd\u00fc\u011f\u00fcn\u00fc anlam\u0131\u015ft\u0131r. O g\u00fcnden beri, t\u00fcm d\u00fcnyada g\u00fcvercin ve zeytin dal\u0131 bar\u0131\u015f\u0131 simgeler.<\/p>\n<p style=\"text-align: justify;\">\u00dclkemizde bir\u00e7ok g\u00fcvercin cinsi bulunmaktad\u0131r. Bunlardan baz\u0131lar\u0131 posta g\u00fcvercinleri, s\u00fcs g\u00fcvercinleri ve en ilginci taklac\u0131 g\u00fcvercinlerdir.<\/p>\n<p style=\"text-align: justify;\">T\u00fcrkiye\u2019de mevcut olan baz\u0131 taklac\u0131 g\u00fcvercin cinsleri ise Mardin, Urfa, Sivas, Ankara, Antalya, K\u0131r\u0131kkale taklac\u0131 g\u00fcvercinleridir. Ayr\u0131ca i\u00e7 Anadolu b\u00f6lgesinde \u00f6zelikle Kapadokya civar\u0131nda taklac\u0131 g\u00fcvercinler \u00e7ok g\u00f6r\u00fcl\u00fcr.<\/p>\n<p style=\"text-align: justify;\">Bu ku\u015flar\u0131n \u00f6zelikleri havada takla atmalar\u0131 ve oyun sergilemeleridir. Ku\u015fun pe\u015f pe\u015fe ka\u00e7 takla att\u0131\u011f\u0131, ne kadar d\u00fczg\u00fcn ve h\u0131zl\u0131 takla att\u0131\u011f\u0131, yuvas\u0131na ne s\u0131kl\u0131kla u\u011frad\u0131\u011f\u0131, yuvaya u\u011frarken havadan ne kadar s\u00fcratli indi\u011fi ve ka\u00e7 metre yere yakla\u015ft\u0131\u011f\u0131 \u00f6nemlidir. \u0130yi bir ku\u015f yere \u00e7ok yakla\u015f\u0131r.<\/p>\n<p style=\"text-align: justify;\">G\u00fcvercin severler g\u00fcvercinin havada sergiledikleri hareketleri \u00e7ok dikkatlice izlerler ve onun kaliteli bir ku\u015f olup olmad\u0131\u011f\u0131n\u0131 bir bak\u0131\u015fta anlarlar. \u0130yi g\u00f6r\u00fcn\u00fcml\u00fc ve havada iyi oyun sergileyen bir g\u00fcvercin binlerce lira de\u011ferindedir.<\/p>\n<p style=\"text-align: justify;\">G\u00fcvercin \u00e7ok zaman alan bir hobidir. G\u00fcvercinleri iyi yeti\u015ftirmek i\u00e7in bol bol u\u00e7urmak ve takip etmek gerekir. Atmaca gibi y\u0131rt\u0131c\u0131 ku\u015flar bazen g\u00fcvercinler i\u00e7in tehlike olu\u015fturur. \u00d6zellikle yeni u\u00e7may\u0131 \u00f6\u011frenen ku\u015flar yuvalar\u0131na geri d\u00f6nemez ve kaybolurlar.<\/p>\n<p style=\"text-align: justify;\">Taklac\u0131 g\u00fcvercinler cinsine g\u00f6re farkl\u0131 renklere sahiptir. Yurtd\u0131\u015f\u0131nda da bir\u00e7ok taklac\u0131 (roller pigeon) cinsi mevcuttur. Fakat bizim \u00fclkemizde yeti\u015fenlerin genelde daha oyun sever ve g\u00fczel oldu\u011fu iddia edilir.<\/p>\n","protected":false},"excerpt":{"rendered":"<p>G\u00fcvercinler bar\u0131\u015f\u0131n simgesidir. Bir rivayete g\u00f6re Nuh peygamber b\u00fcy\u00fck tufandan sonra \u00e7evreye baks\u0131n diye bir g\u00fcvercin salm\u0131\u015ft\u0131r ve o ku\u015f a\u011fz\u0131nda bir zeytin dal\u0131 ile geri d\u00f6n\u00fcnce d\u00fcnyan\u0131n normale d\u00f6nd\u00fc\u011f\u00fcn\u00fc anlam\u0131\u015ft\u0131r. O g\u00fcnden beri, t\u00fcm d\u00fcnyada g\u00fcvercin ve zeytin dal\u0131 bar\u0131\u015f\u0131 simgeler. \u00dclkemizde bir\u00e7ok g\u00fcvercin cinsi bulunmaktad\u0131r. Bunlardan baz\u0131lar\u0131 posta g\u00fcvercinleri, s\u00fcs g\u00fcvercinleri ve en [&hellip;]<\/p>\n","protected":false},"author":2500,"featured_media":81363,"comment_status":"open","ping_status":"open","sticky":false,"template":"","format":"standard","meta":{"_yoast_wpseo_focuskw":"","_yoast_wpseo_title":"","_yoast_wpseo_metadesc":"","_bbp_topic_count":0,"_bbp_reply_count":0,"_bbp_total_topic_count":0,"_bbp_total_reply_count":0,"_bbp_voice_count":0,"_bbp_anonymous_reply_count":0,"_bbp_topic_count_hidden":0,"_bbp_reply_count_hidden":0,"_bbp_forum_subforum_count":0,"footnotes":"","_yoast_wpseo_focuskw_text_input":""},"categories":[2882,519],"tags":[],"yoast_head":"<!-- This site is optimized with the Yoast SEO plugin v23.0 - https:\/\/yoast.com\/wordpress\/plugins\/seo\/ -->\n<title>Taklac\u0131 G\u00fcvercinler - The Epoch Times TR<\/title>\n<meta name=\"robots\" content=\"index, follow, max-snippet:-1, max-image-preview:large, max-video-preview:-1\" \/>\n<link rel=\"canonical\" href=\"https:\/\/epochtimestr.com\/index.php\/taklaci-guvercinler\" \/>\n<meta property=\"og:locale\" content=\"tr_TR\" \/>\n<meta property=\"og:type\" content=\"article\" \/>\n<meta property=\"og:title\" content=\"Taklac\u0131 G\u00fcvercinler - The Epoch Times TR\" \/>\n<meta property=\"og:description\" content=\"G\u00fcvercinler bar\u0131\u015f\u0131n simgesidir. Bir rivayete g\u00f6re Nuh peygamber b\u00fcy\u00fck tufandan sonra \u00e7evreye baks\u0131n diye bir g\u00fcvercin salm\u0131\u015ft\u0131r ve o ku\u015f a\u011fz\u0131nda bir zeytin dal\u0131 ile geri d\u00f6n\u00fcnce d\u00fcnyan\u0131n normale d\u00f6nd\u00fc\u011f\u00fcn\u00fc anlam\u0131\u015ft\u0131r. O g\u00fcnden beri, t\u00fcm d\u00fcnyada g\u00fcvercin ve zeytin dal\u0131 bar\u0131\u015f\u0131 simgeler. \u00dclkemizde bir\u00e7ok g\u00fcvercin cinsi bulunmaktad\u0131r. Bunlardan baz\u0131lar\u0131 posta g\u00fcvercinleri, s\u00fcs g\u00fcvercinleri ve en [&hellip;]\" \/>\n<meta property=\"og:url\" content=\"https:\/\/epochtimestr.com\/index.php\/taklaci-guvercinler\" \/>\n<meta property=\"og:site_name\" content=\"The Epoch Times TR\" \/>\n<meta property=\"article:publisher\" content=\"https:\/\/www.facebook.com\/theepochtimestr\" \/>\n<meta property=\"article:published_time\" content=\"2015-01-06T13:31:10+00:00\" \/>\n<meta property=\"article:modified_time\" content=\"2022-07-24T14:25:04+00:00\" \/>\n<meta property=\"og:image\" content=\"https:\/\/epochtimestr.com\/wp-content\/uploads\/2011y\/800px-West_of_England_tumblerred-1_wkimedi.jpg\" \/>\n\t<meta property=\"og:image:width\" content=\"500\" \/>\n\t<meta property=\"og:image:height\" content=\"400\" \/>\n\t<meta property=\"og:image:type\" content=\"image\/jpeg\" \/>\n<meta name=\"author\" content=\"Evren Durmaz\" \/>\n<meta name=\"twitter:card\" content=\"summary_large_image\" \/>\n<meta name=\"twitter:creator\" content=\"@TheEpochTimesTR\" \/>\n<meta name=\"twitter:site\" content=\"@TheEpochTimesTR\" \/>\n<meta name=\"twitter:label1\" content=\"Yazan:\" \/>\n\t<meta name=\"twitter:data1\" content=\"Evren Durmaz\" \/>\n\t<meta name=\"twitter:label2\" content=\"Tahmini okuma s\u00fcresi\" \/>\n\t<meta name=\"twitter:data2\" content=\"2 dakika\" \/>\n<script type=\"application\/ld+json\" class=\"yoast-schema-graph\">{\"@context\":\"https:\/\/schema.org\",\"@graph\":[{\"@type\":\"Article\",\"@id\":\"https:\/\/epochtimestr.com\/index.php\/taklaci-guvercinler#article\",\"isPartOf\":{\"@id\":\"https:\/\/epochtimestr.com\/index.php\/taklaci-guvercinler\"},\"author\":{\"name\":\"Evren Durmaz\",\"@id\":\"https:\/\/epochtimestr.com\/#\/schema\/person\/29464d85d2980e22f2e37bc9adcfb0a2\"},\"headline\":\"Taklac\u0131 G\u00fcvercinler\",\"datePublished\":\"2015-01-06T13:31:10+00:00\",\"dateModified\":\"2022-07-24T14:25:04+00:00\",\"mainEntityOfPage\":{\"@id\":\"https:\/\/epochtimestr.com\/index.php\/taklaci-guvercinler\"},\"wordCount\":330,\"commentCount\":0,\"publisher\":{\"@id\":\"https:\/\/epochtimestr.com\/#organization\"},\"image\":{\"@id\":\"https:\/\/epochtimestr.com\/index.php\/taklaci-guvercinler#primaryimage\"},\"thumbnailUrl\":\"https:\/\/epochtimestr.com\/wp-content\/uploads\/2011y\/800px-West_of_England_tumblerred-1_wkimedi.jpg\",\"articleSection\":[\"Do\u011fa ve \u0130nsan\",\"ED\u0130T\u00d6R\u00dcN SE\u00c7\u0130M\u0130\"],\"inLanguage\":\"tr\",\"potentialAction\":[{\"@type\":\"CommentAction\",\"name\":\"Comment\",\"target\":[\"https:\/\/epochtimestr.com\/index.php\/taklaci-guvercinler#respond\"]}]},{\"@type\":\"WebPage\",\"@id\":\"https:\/\/epochtimestr.com\/index.php\/taklaci-guvercinler\",\"url\":\"https:\/\/epochtimestr.com\/index.php\/taklaci-guvercinler\",\"name\":\"Taklac\u0131 G\u00fcvercinler - The Epoch Times TR\",\"isPartOf\":{\"@id\":\"https:\/\/epochtimestr.com\/#website\"},\"primaryImageOfPage\":{\"@id\":\"https:\/\/epochtimestr.com\/index.php\/taklaci-guvercinler#primaryimage\"},\"image\":{\"@id\":\"https:\/\/epochtimestr.com\/index.php\/taklaci-guvercinler#primaryimage\"},\"thumbnailUrl\":\"https:\/\/epochtimestr.com\/wp-content\/uploads\/2011y\/800px-West_of_England_tumblerred-1_wkimedi.jpg\",\"datePublished\":\"2015-01-06T13:31:10+00:00\",\"dateModified\":\"2022-07-24T14:25:04+00:00\",\"inLanguage\":\"tr\",\"potentialAction\":[{\"@type\":\"ReadAction\",\"target\":[\"https:\/\/epochtimestr.com\/index.php\/taklaci-guvercinler\"]}]},{\"@type\":\"ImageObject\",\"inLanguage\":\"tr\",\"@id\":\"https:\/\/epochtimestr.com\/index.php\/taklaci-guvercinler#primaryimage\",\"url\":\"https:\/\/epochtimestr.com\/wp-content\/uploads\/2011y\/800px-West_of_England_tumblerred-1_wkimedi.jpg\",\"contentUrl\":\"https:\/\/epochtimestr.com\/wp-content\/uploads\/2011y\/800px-West_of_England_tumblerred-1_wkimedi.jpg\",\"width\":500,\"height\":400,\"caption\":\"Taklac\u0131 g\u00fcvercin (Wikimedia)\"},{\"@type\":\"WebSite\",\"@id\":\"https:\/\/epochtimestr.com\/#website\",\"url\":\"https:\/\/epochtimestr.com\/\",\"name\":\"The Epoch Times TR\",\"description\":\"De\u011fi\u015fen D\u00fcnyam\u0131za Taze Bir Bak\u0131\u015f\",\"publisher\":{\"@id\":\"https:\/\/epochtimestr.com\/#organization\"},\"potentialAction\":[{\"@type\":\"SearchAction\",\"target\":{\"@type\":\"EntryPoint\",\"urlTemplate\":\"https:\/\/epochtimestr.com\/?s={search_term_string}\"},\"query-input\":\"required name=search_term_string\"}],\"inLanguage\":\"tr\"},{\"@type\":\"Organization\",\"@id\":\"https:\/\/epochtimestr.com\/#organization\",\"name\":\"The EpochTimes T\u00fcrkiye\",\"url\":\"https:\/\/epochtimestr.com\/\",\"logo\":{\"@type\":\"ImageObject\",\"inLanguage\":\"tr\",\"@id\":\"https:\/\/epochtimestr.com\/#\/schema\/logo\/image\/\",\"url\":\"https:\/\/epochtimestr.com\/wp-content\/uploads\/2011y\/ET-Logo-YG.jpg\",\"contentUrl\":\"https:\/\/epochtimestr.com\/wp-content\/uploads\/2011y\/ET-Logo-YG.jpg\",\"width\":346,\"height\":29,\"caption\":\"The EpochTimes T\u00fcrkiye\"},\"image\":{\"@id\":\"https:\/\/epochtimestr.com\/#\/schema\/logo\/image\/\"},\"sameAs\":[\"https:\/\/www.facebook.com\/theepochtimestr\",\"https:\/\/x.com\/TheEpochTimesTR\",\"https:\/\/www.instagram.com\/epochtimestr\"]},{\"@type\":\"Person\",\"@id\":\"https:\/\/epochtimestr.com\/#\/schema\/person\/29464d85d2980e22f2e37bc9adcfb0a2\",\"name\":\"Evren Durmaz\",\"image\":{\"@type\":\"ImageObject\",\"inLanguage\":\"tr\",\"@id\":\"https:\/\/epochtimestr.com\/#\/schema\/person\/image\/\",\"url\":\"https:\/\/secure.gravatar.com\/avatar\/503980a9fab198d7bb655c448172ca6a?s=96&d=mm&r=g\",\"contentUrl\":\"https:\/\/secure.gravatar.com\/avatar\/503980a9fab198d7bb655c448172ca6a?s=96&d=mm&r=g\",\"caption\":\"Evren Durmaz\"},\"url\":\"https:\/\/epochtimestr.com\/index.php\/author\/evren-durmaz\"}]}<\/script>\n<!-- \/ Yoast SEO plugin. -->","yoast_head_json":{"title":"Taklac\u0131 G\u00fcvercinler - The Epoch Times TR","robots":{"index":"index","follow":"follow","max-snippet":"max-snippet:-1","max-image-preview":"max-image-preview:large","max-video-preview":"max-video-preview:-1"},"canonical":"https:\/\/epochtimestr.com\/index.php\/taklaci-guvercinler","og_locale":"tr_TR","og_type":"article","og_title":"Taklac\u0131 G\u00fcvercinler - The Epoch Times TR","og_description":"G\u00fcvercinler bar\u0131\u015f\u0131n simgesidir. Bir rivayete g\u00f6re Nuh peygamber b\u00fcy\u00fck tufandan sonra \u00e7evreye baks\u0131n diye bir g\u00fcvercin salm\u0131\u015ft\u0131r ve o ku\u015f a\u011fz\u0131nda bir zeytin dal\u0131 ile geri d\u00f6n\u00fcnce d\u00fcnyan\u0131n normale d\u00f6nd\u00fc\u011f\u00fcn\u00fc anlam\u0131\u015ft\u0131r. O g\u00fcnden beri, t\u00fcm d\u00fcnyada g\u00fcvercin ve zeytin dal\u0131 bar\u0131\u015f\u0131 simgeler. \u00dclkemizde bir\u00e7ok g\u00fcvercin cinsi bulunmaktad\u0131r. Bunlardan baz\u0131lar\u0131 posta g\u00fcvercinleri, s\u00fcs g\u00fcvercinleri ve en [&hellip;]","og_url":"https:\/\/epochtimestr.com\/index.php\/taklaci-guvercinler","og_site_name":"The Epoch Times TR","article_publisher":"https:\/\/www.facebook.com\/theepochtimestr","article_published_time":"2015-01-06T13:31:10+00:00","article_modified_time":"2022-07-24T14:25:04+00:00","og_image":[{"width":500,"height":400,"url":"https:\/\/epochtimestr.com\/wp-content\/uploads\/2011y\/800px-West_of_England_tumblerred-1_wkimedi.jpg","type":"image\/jpeg"}],"author":"Evren Durmaz","twitter_card":"summary_large_image","twitter_creator":"@TheEpochTimesTR","twitter_site":"@TheEpochTimesTR","twitter_misc":{"Yazan:":"Evren Durmaz","Tahmini okuma s\u00fcresi":"2 dakika"},"schema":{"@context":"https:\/\/schema.org","@graph":[{"@type":"Article","@id":"https:\/\/epochtimestr.com\/index.php\/taklaci-guvercinler#article","isPartOf":{"@id":"https:\/\/epochtimestr.com\/index.php\/taklaci-guvercinler"},"author":{"name":"Evren Durmaz","@id":"https:\/\/epochtimestr.com\/#\/schema\/person\/29464d85d2980e22f2e37bc9adcfb0a2"},"headline":"Taklac\u0131 G\u00fcvercinler","datePublished":"2015-01-06T13:31:10+00:00","dateModified":"2022-07-24T14:25:04+00:00","mainEntityOfPage":{"@id":"https:\/\/epochtimestr.com\/index.php\/taklaci-guvercinler"},"wordCount":330,"commentCount":0,"publisher":{"@id":"https:\/\/epochtimestr.com\/#organization"},"image":{"@id":"https:\/\/epochtimestr.com\/index.php\/taklaci-guvercinler#primaryimage"},"thumbnailUrl":"https:\/\/epochtimestr.com\/wp-content\/uploads\/2011y\/800px-West_of_England_tumblerred-1_wkimedi.jpg","articleSection":["Do\u011fa ve \u0130nsan","ED\u0130T\u00d6R\u00dcN SE\u00c7\u0130M\u0130"],"inLanguage":"tr","potentialAction":[{"@type":"CommentAction","name":"Comment","target":["https:\/\/epochtimestr.com\/index.php\/taklaci-guvercinler#respond"]}]},{"@type":"WebPage","@id":"https:\/\/epochtimestr.com\/index.php\/taklaci-guvercinler","url":"https:\/\/epochtimestr.com\/index.php\/taklaci-guvercinler","name":"Taklac\u0131 G\u00fcvercinler - The Epoch Times TR","isPartOf":{"@id":"https:\/\/epochtimestr.com\/#website"},"primaryImageOfPage":{"@id":"https:\/\/epochtimestr.com\/index.php\/taklaci-guvercinler#primaryimage"},"image":{"@id":"https:\/\/epochtimestr.com\/index.php\/taklaci-guvercinler#primaryimage"},"thumbnailUrl":"https:\/\/epochtimestr.com\/wp-content\/uploads\/2011y\/800px-West_of_England_tumblerred-1_wkimedi.jpg","datePublished":"2015-01-06T13:31:10+00:00","dateModified":"2022-07-24T14:25:04+00:00","inLanguage":"tr","potentialAction":[{"@type":"ReadAction","target":["https:\/\/epochtimestr.com\/index.php\/taklaci-guvercinler"]}]},{"@type":"ImageObject","inLanguage":"tr","@id":"https:\/\/epochtimestr.com\/index.php\/taklaci-guvercinler#primaryimage","url":"https:\/\/epochtimestr.com\/wp-content\/uploads\/2011y\/800px-West_of_England_tumblerred-1_wkimedi.jpg","contentUrl":"https:\/\/epochtimestr.com\/wp-content\/uploads\/2011y\/800px-West_of_England_tumblerred-1_wkimedi.jpg","width":500,"height":400,"caption":"Taklac\u0131 g\u00fcvercin (Wikimedia)"},{"@type":"WebSite","@id":"https:\/\/epochtimestr.com\/#website","url":"https:\/\/epochtimestr.com\/","name":"The Epoch Times TR","description":"De\u011fi\u015fen D\u00fcnyam\u0131za Taze Bir Bak\u0131\u015f","publisher":{"@id":"https:\/\/epochtimestr.com\/#organization"},"potentialAction":[{"@type":"SearchAction","target":{"@type":"EntryPoint","urlTemplate":"https:\/\/epochtimestr.com\/?s={search_term_string}"},"query-input":"required name=search_term_string"}],"inLanguage":"tr"},{"@type":"Organization","@id":"https:\/\/epochtimestr.com\/#organization","name":"The EpochTimes T\u00fcrkiye","url":"https:\/\/epochtimestr.com\/","logo":{"@type":"ImageObject","inLanguage":"tr","@id":"https:\/\/epochtimestr.com\/#\/schema\/logo\/image\/","url":"https:\/\/epochtimestr.com\/wp-content\/uploads\/2011y\/ET-Logo-YG.jpg","contentUrl":"https:\/\/epochtimestr.com\/wp-content\/uploads\/2011y\/ET-Logo-YG.jpg","width":346,"height":29,"caption":"The EpochTimes T\u00fcrkiye"},"image":{"@id":"https:\/\/epochtimestr.com\/#\/schema\/logo\/image\/"},"sameAs":["https:\/\/www.facebook.com\/theepochtimestr","https:\/\/x.com\/TheEpochTimesTR","https:\/\/www.instagram.com\/epochtimestr"]},{"@type":"Person","@id":"https:\/\/epochtimestr.com\/#\/schema\/person\/29464d85d2980e22f2e37bc9adcfb0a2","name":"Evren Durmaz","image":{"@type":"ImageObject","inLanguage":"tr","@id":"https:\/\/epochtimestr.com\/#\/schema\/person\/image\/","url":"https:\/\/secure.gravatar.com\/avatar\/503980a9fab198d7bb655c448172ca6a?s=96&d=mm&r=g","contentUrl":"https:\/\/secure.gravatar.com\/avatar\/503980a9fab198d7bb655c448172ca6a?s=96&d=mm&r=g","caption":"Evren Durmaz"},"url":"https:\/\/epochtimestr.com\/index.php\/author\/evren-durmaz"}]}},"_links":{"self":[{"href":"https:\/\/epochtimestr.com\/index.php\/wp-json\/wp\/v2\/posts\/81362"}],"collection":[{"href":"https:\/\/epochtimestr.com\/index.php\/wp-json\/wp\/v2\/posts"}],"about":[{"href":"https:\/\/epochtimestr.com\/index.php\/wp-json\/wp\/v2\/types\/post"}],"author":[{"embeddable":true,"href":"https:\/\/epochtimestr.com\/index.php\/wp-json\/wp\/v2\/users\/2500"}],"replies":[{"embeddable":true,"href":"https:\/\/epochtimestr.com\/index.php\/wp-json\/wp\/v2\/comments?post=81362"}],"version-history":[{"count":2,"href":"https:\/\/epochtimestr.com\/index.php\/wp-json\/wp\/v2\/posts\/81362\/revisions"}],"predecessor-version":[{"id":81365,"href":"https:\/\/epochtimestr.com\/index.php\/wp-json\/wp\/v2\/posts\/81362\/revisions\/81365"}],"wp:featuredmedia":[{"embeddable":true,"href":"https:\/\/epochtimestr.com\/index.php\/wp-json\/wp\/v2\/media\/81363"}],"wp:attachment":[{"href":"https:\/\/epochtimestr.com\/index.php\/wp-json\/wp\/v2\/media?parent=81362"}],"wp:term":[{"taxonomy":"category","embeddable":true,"href":"https:\/\/epochtimestr.com\/index.php\/wp-json\/wp\/v2\/categories?post=81362"},{"taxonomy":"post_tag","embeddable":true,"href":"https:\/\/epochtimestr.com\/index.php\/wp-json\/wp\/v2\/tags?post=81362"}],"curies":[{"name":"wp","href":"https:\/\/api.w.org\/{rel}","templated":true}]}}