{"id":83568,"date":"2015-03-24T11:49:25","date_gmt":"2015-03-24T08:49:25","guid":{"rendered":"http:\/\/epochtimestr.com\/?p=83568"},"modified":"2015-03-24T11:52:57","modified_gmt":"2015-03-24T08:52:57","slug":"kopru-kazasindan-kendini-sorumlu-tutan-japon-muhendis-harakiri-yapti","status":"publish","type":"post","link":"https:\/\/epochtimestr.com\/index.php\/kopru-kazasindan-kendini-sorumlu-tutan-japon-muhendis-harakiri-yapti","title":{"rendered":"K\u00f6pr\u00fc Kazas\u0131ndan Kendini Sorumlu Tutan Japon M\u00fchendis Harakiri Yapt\u0131"},"content":{"rendered":"<figure id=\"attachment_83569\" aria-describedby=\"caption-attachment-83569\" style=\"width: 500px\" class=\"wp-caption aligncenter\"><a href=\"https:\/\/epochtimestr.com\/index.php\/kopru-kazasindan-kendini-sorumlu-tutan-japon-muhendis-harakiri-yapti\/japanese-engineer-found-dead-at-cemetery-in-turkeys-yalova\" rel=\"attachment wp-att-83569\"><img loading=\"lazy\" decoding=\"async\" class=\"wp-image-83569\" src=\"https:\/\/epochtimestr.com\/wp-content\/uploads\/2011y\/Kishi-Ryoichi.jpg\" alt=\"Japon M\u00fchendise ait pasaport (Erhan Erdogan\/Anadolu Agency\/Getty Images)\" width=\"500\" height=\"309\" srcset=\"https:\/\/epochtimestr.com\/wp-content\/uploads\/2011y\/Kishi-Ryoichi.jpg 594w, https:\/\/epochtimestr.com\/wp-content\/uploads\/2011y\/Kishi-Ryoichi-150x93.jpg 150w, https:\/\/epochtimestr.com\/wp-content\/uploads\/2011y\/Kishi-Ryoichi-300x185.jpg 300w, https:\/\/epochtimestr.com\/wp-content\/uploads\/2011y\/Kishi-Ryoichi-292x180.jpg 292w\" sizes=\"(max-width: 500px) 100vw, 500px\" \/><\/a><figcaption id=\"caption-attachment-83569\" class=\"wp-caption-text\">Japon M\u00fchendise ait pasaport (Erhan Erdogan\/Anadolu Agency\/Getty Images)<\/figcaption><\/figure>\n<p style=\"text-align: justify;\">\u0130zmit K\u00f6rfez ge\u00e7i\u015f k\u00f6pr\u00fcs\u00fcn\u00fcn ba\u011flant\u0131 halatlar\u0131ndan birinin kopmas\u0131ndan kendini sorumlu tutan Japon m\u00fchendis Kishi Ryoichi harakiri yaparak can\u0131na k\u0131yd\u0131. Kald\u0131\u011f\u0131 misafirhanede b\u0131rakt\u0131\u011f\u0131 intihar mektubunda \u201cOlay\u0131n sorumlulu\u011fu tamamen bana ait. Kimsenin kusuru bulunmamaktad\u0131r\u201d yazd\u0131\u011f\u0131 \u00f6\u011frenildi.<\/p>\n<p style=\"text-align: justify;\">Edinilen bilgiye g\u00f6re, yap\u0131m\u0131 s\u00fcren K\u00f6rfez ge\u00e7i\u015f k\u00f6pr\u00fcs\u00fcn\u00fcn ba\u011flant\u0131 halatlar\u0131ndan birinin Cumartesi g\u00fcn\u00fc kopmas\u0131ndan kendini sorumlu tutan 51 ya\u015f\u0131ndaki Japon m\u00fchendis Kishi Ryoichi bunal\u0131ma girdi. Ryoichi, Yalova\u2019n\u0131n Alt\u0131nova il\u00e7esinde mezarl\u0131\u011fa gitti; mezarl\u0131k kap\u0131s\u0131 giri\u015finde bileklerini ve boynunu kestikten sonra b\u0131\u00e7a\u011f\u0131 karn\u0131na saplayarak harakiri yapt\u0131. Japon m\u00fchendisin kanlar i\u00e7indeki cesedini \u00e7evreden ge\u00e7en \u00f6\u011frenciler bularak polise bildirdi. Mezarl\u0131\u011fa gelen polis, Japon m\u00fchendisin cans\u0131z bedeniyle kar\u015f\u0131la\u015ft\u0131. Yap\u0131lan incelemenin ard\u0131ndan ceset Bursa Adli T\u0131p Kurumu\u2019na g\u00f6nderildi.<\/p>\n<p style=\"text-align: justify;\">Olay\u0131 haber alan Japon arkada\u015flar\u0131 mezarl\u0131\u011fa geldi. Mezarl\u0131ktaki kan itfaiye taraf\u0131ndan tazyikli suyla temizlenirken, olayla ilgili inceleme devam ediyor.<\/p>\n<figure id=\"attachment_83573\" aria-describedby=\"caption-attachment-83573\" style=\"width: 500px\" class=\"wp-caption aligncenter\"><a href=\"https:\/\/epochtimestr.com\/index.php\/kopru-kazasindan-kendini-sorumlu-tutan-japon-muhendis-harakiri-yapti\/izmit-korfez-gecis-koprusu-insaatinda-kaza-892377-664x354\" rel=\"attachment wp-att-83573\"><img loading=\"lazy\" decoding=\"async\" class=\"size-full wp-image-83573\" src=\"https:\/\/epochtimestr.com\/wp-content\/uploads\/2011y\/izmit-korfez-gecis-koprusu-insaatinda-kaza-892377-664x354.jpg\" alt=\"Kopan kablonun suya d\u00fc\u015fmesi sonucu \u0130zmit K\u00f6rfezi ge\u00e7ici olarak gemi trafi\u011fine kapat\u0131ld\u0131. (Foto\u011fraf: \u0130HA)\" width=\"500\" height=\"266\" srcset=\"https:\/\/epochtimestr.com\/wp-content\/uploads\/2011y\/izmit-korfez-gecis-koprusu-insaatinda-kaza-892377-664x354.jpg 500w, https:\/\/epochtimestr.com\/wp-content\/uploads\/2011y\/izmit-korfez-gecis-koprusu-insaatinda-kaza-892377-664x354-150x80.jpg 150w, https:\/\/epochtimestr.com\/wp-content\/uploads\/2011y\/izmit-korfez-gecis-koprusu-insaatinda-kaza-892377-664x354-300x160.jpg 300w, https:\/\/epochtimestr.com\/wp-content\/uploads\/2011y\/izmit-korfez-gecis-koprusu-insaatinda-kaza-892377-664x354-292x155.jpg 292w, https:\/\/epochtimestr.com\/wp-content\/uploads\/2011y\/izmit-korfez-gecis-koprusu-insaatinda-kaza-892377-664x354-190x100.jpg 190w\" sizes=\"(max-width: 500px) 100vw, 500px\" \/><\/a><figcaption id=\"caption-attachment-83573\" class=\"wp-caption-text\">Kopan kablonun suya d\u00fc\u015fmesi sonucu \u0130zmit K\u00f6rfezi ge\u00e7ici olarak gemi trafi\u011fine kapat\u0131ld\u0131. (Foto\u011fraf: \u0130HA)<\/figcaption><\/figure>\n<p style=\"text-align: justify;\">D\u00fcnyan\u0131n en uzun k\u00f6pr\u00fclerinden biri olan \u0130zmit K\u00f6rfez Ge\u00e7i\u015f K\u00f6pr\u00fcs\u00fcn\u00fcn 3 km uzunlu\u011funda olmas\u0131 ve 2017 y\u0131l\u0131nda tamamlanmas\u0131 planlan\u0131yor. T\u00fcrkiye\u2019nin en \u00f6nemli in\u015faat projelerinden biri olan k\u00f6pr\u00fc \u0130stanbul-\u0130zmir aras\u0131ndaki mesafeyi 3 bu\u00e7uk saate indirecek. Al\u0131nan bilgiye g\u00f6re, Cumartesi g\u00fcn\u00fc k\u00f6pr\u00fc in\u015faat\u0131nda ge\u00e7ici y\u00fcr\u00fcy\u00fc\u015f yollar\u0131n\u0131n monte edildi\u011fi s\u0131rada k\u0131lavuz kablolardan biri koparak denize d\u00fc\u015ft\u00fc. Saat 15.30\u2019da meydana gelen kazada herhangi bir \u00f6l\u00fc ve yaral\u0131 olmad\u0131. Kopan kablonun suya d\u00fc\u015fmesi sonucu \u0130zmit K\u00f6rfezi ge\u00e7ici olarak gemi trafi\u011fine kapat\u0131ld\u0131. Kazan\u0131n r\u00fczgar sebebiyle kimsenin \u00e7al\u0131\u015fmad\u0131\u011f\u0131 bir ana denk gelmesi, olas\u0131 bir faciay\u0131 \u00f6nledi.<\/p>\n<p style=\"text-align: justify;\">Kishi Ryoichi\u2019nin haberi d\u00fcn T\u00fcrkiye\u2019de herkesi \u015fa\u015f\u0131rtt\u0131, haber sosyal medyada h\u0131zla yay\u0131ld\u0131. Bir\u00e7ok ki\u015fi Japon m\u00fchendise \u00f6vg\u00fcler ya\u011fd\u0131rd\u0131. Bir\u00e7o\u011fu k\u00f6pr\u00fcye Japon m\u00fchendisin isminin verilmesini istedi. Sosyal medyada payla\u015f\u0131lan mesajlardan baz\u0131lar\u0131:<\/p>\n<p style=\"text-align: justify;\">\u201cBir insan\u0131n kendisine olan sayg\u0131s\u0131n\u0131n en \u00fcst noktas\u0131d\u0131r Japon m\u00fchendis Kishi Ryoichi&#8217;nin yapt\u0131\u011f\u0131.\u201d<\/p>\n<p style=\"text-align: justify;\">\u201c\u0130zmit k\u00f6pr\u00fcs\u00fcn\u00fcn ad\u0131 namus, ahlak, duyarl\u0131l\u0131k ve d\u00fcr\u00fcstl\u00fc\u011f\u00fc hat\u0131rlamam\u0131z i\u00e7in Ryoichi Kishi olmal\u0131.\u201d<\/p>\n<p style=\"text-align: justify;\">\u201cKe\u015fke yapmasayd\u0131n Ryoichi Kishi, gururunun \u00f6n\u00fcne ge\u00e7seydin. Bizde bilerek ne hayatlar\u0131 s\u00f6nd\u00fcrd\u00fcler de y\u00fczleri bile k\u0131zarmad\u0131. halat ne ki\u2026\u201d<\/p>\n","protected":false},"excerpt":{"rendered":"<p>\u0130zmit K\u00f6rfez ge\u00e7i\u015f k\u00f6pr\u00fcs\u00fcn\u00fcn ba\u011flant\u0131 halatlar\u0131ndan birinin kopmas\u0131ndan kendini sorumlu tutan Japon m\u00fchendis Kishi Ryoichi harakiri yaparak can\u0131na k\u0131yd\u0131. Kald\u0131\u011f\u0131 misafirhanede b\u0131rakt\u0131\u011f\u0131 intihar mektubunda \u201cOlay\u0131n sorumlulu\u011fu tamamen bana ait. Kimsenin kusuru bulunmamaktad\u0131r\u201d yazd\u0131\u011f\u0131 \u00f6\u011frenildi. Edinilen bilgiye g\u00f6re, yap\u0131m\u0131 s\u00fcren K\u00f6rfez ge\u00e7i\u015f k\u00f6pr\u00fcs\u00fcn\u00fcn ba\u011flant\u0131 halatlar\u0131ndan birinin Cumartesi g\u00fcn\u00fc kopmas\u0131ndan kendini sorumlu tutan 51 ya\u015f\u0131ndaki Japon m\u00fchendis [&hellip;]<\/p>\n","protected":false},"author":25,"featured_media":83569,"comment_status":"open","ping_status":"open","sticky":false,"template":"","format":"standard","meta":{"_yoast_wpseo_focuskw":"","_yoast_wpseo_title":"","_yoast_wpseo_metadesc":"","_bbp_topic_count":0,"_bbp_reply_count":0,"_bbp_total_topic_count":0,"_bbp_total_reply_count":0,"_bbp_voice_count":0,"_bbp_anonymous_reply_count":0,"_bbp_topic_count_hidden":0,"_bbp_reply_count_hidden":0,"_bbp_forum_subforum_count":0,"footnotes":"","_yoast_wpseo_focuskw_text_input":""},"categories":[37],"tags":[],"yoast_head":"<!-- This site is optimized with the Yoast SEO plugin v23.0 - https:\/\/yoast.com\/wordpress\/plugins\/seo\/ -->\n<title>K\u00f6pr\u00fc Kazas\u0131ndan Kendini Sorumlu Tutan Japon M\u00fchendis Harakiri Yapt\u0131 - The Epoch Times TR<\/title>\n<meta name=\"robots\" content=\"index, follow, max-snippet:-1, max-image-preview:large, max-video-preview:-1\" \/>\n<link rel=\"canonical\" href=\"https:\/\/epochtimestr.com\/index.php\/kopru-kazasindan-kendini-sorumlu-tutan-japon-muhendis-harakiri-yapti\" \/>\n<meta property=\"og:locale\" content=\"tr_TR\" \/>\n<meta property=\"og:type\" content=\"article\" \/>\n<meta property=\"og:title\" content=\"K\u00f6pr\u00fc Kazas\u0131ndan Kendini Sorumlu Tutan Japon M\u00fchendis Harakiri Yapt\u0131 - The Epoch Times TR\" \/>\n<meta property=\"og:description\" content=\"\u0130zmit K\u00f6rfez ge\u00e7i\u015f k\u00f6pr\u00fcs\u00fcn\u00fcn ba\u011flant\u0131 halatlar\u0131ndan birinin kopmas\u0131ndan kendini sorumlu tutan Japon m\u00fchendis Kishi Ryoichi harakiri yaparak can\u0131na k\u0131yd\u0131. Kald\u0131\u011f\u0131 misafirhanede b\u0131rakt\u0131\u011f\u0131 intihar mektubunda \u201cOlay\u0131n sorumlulu\u011fu tamamen bana ait. Kimsenin kusuru bulunmamaktad\u0131r\u201d yazd\u0131\u011f\u0131 \u00f6\u011frenildi. Edinilen bilgiye g\u00f6re, yap\u0131m\u0131 s\u00fcren K\u00f6rfez ge\u00e7i\u015f k\u00f6pr\u00fcs\u00fcn\u00fcn ba\u011flant\u0131 halatlar\u0131ndan birinin Cumartesi g\u00fcn\u00fc kopmas\u0131ndan kendini sorumlu tutan 51 ya\u015f\u0131ndaki Japon m\u00fchendis [&hellip;]\" \/>\n<meta property=\"og:url\" content=\"https:\/\/epochtimestr.com\/index.php\/kopru-kazasindan-kendini-sorumlu-tutan-japon-muhendis-harakiri-yapti\" \/>\n<meta property=\"og:site_name\" content=\"The Epoch Times TR\" \/>\n<meta property=\"article:publisher\" content=\"https:\/\/www.facebook.com\/theepochtimestr\" \/>\n<meta property=\"article:published_time\" content=\"2015-03-24T08:49:25+00:00\" \/>\n<meta property=\"article:modified_time\" content=\"2015-03-24T08:52:57+00:00\" \/>\n<meta property=\"og:image\" content=\"https:\/\/epochtimestr.com\/wp-content\/uploads\/2011y\/Kishi-Ryoichi.jpg\" \/>\n\t<meta property=\"og:image:width\" content=\"594\" \/>\n\t<meta property=\"og:image:height\" content=\"367\" \/>\n\t<meta property=\"og:image:type\" content=\"image\/jpeg\" \/>\n<meta name=\"author\" content=\"Emel AKAN\" \/>\n<meta name=\"twitter:card\" content=\"summary_large_image\" \/>\n<meta name=\"twitter:creator\" content=\"@TheEpochTimesTR\" \/>\n<meta name=\"twitter:site\" content=\"@TheEpochTimesTR\" \/>\n<meta name=\"twitter:label1\" content=\"Yazan:\" \/>\n\t<meta name=\"twitter:data1\" content=\"Emel AKAN\" \/>\n\t<meta name=\"twitter:label2\" content=\"Tahmini okuma s\u00fcresi\" \/>\n\t<meta name=\"twitter:data2\" content=\"2 dakika\" \/>\n<script type=\"application\/ld+json\" class=\"yoast-schema-graph\">{\"@context\":\"https:\/\/schema.org\",\"@graph\":[{\"@type\":\"Article\",\"@id\":\"https:\/\/epochtimestr.com\/index.php\/kopru-kazasindan-kendini-sorumlu-tutan-japon-muhendis-harakiri-yapti#article\",\"isPartOf\":{\"@id\":\"https:\/\/epochtimestr.com\/index.php\/kopru-kazasindan-kendini-sorumlu-tutan-japon-muhendis-harakiri-yapti\"},\"author\":{\"name\":\"Emel AKAN\",\"@id\":\"https:\/\/epochtimestr.com\/#\/schema\/person\/6eb643244a30e5bc1e3f24bb56910e83\"},\"headline\":\"K\u00f6pr\u00fc Kazas\u0131ndan Kendini Sorumlu Tutan Japon M\u00fchendis Harakiri Yapt\u0131\",\"datePublished\":\"2015-03-24T08:49:25+00:00\",\"dateModified\":\"2015-03-24T08:52:57+00:00\",\"mainEntityOfPage\":{\"@id\":\"https:\/\/epochtimestr.com\/index.php\/kopru-kazasindan-kendini-sorumlu-tutan-japon-muhendis-harakiri-yapti\"},\"wordCount\":492,\"commentCount\":0,\"publisher\":{\"@id\":\"https:\/\/epochtimestr.com\/#organization\"},\"image\":{\"@id\":\"https:\/\/epochtimestr.com\/index.php\/kopru-kazasindan-kendini-sorumlu-tutan-japon-muhendis-harakiri-yapti#primaryimage\"},\"thumbnailUrl\":\"https:\/\/epochtimestr.com\/wp-content\/uploads\/2011y\/Kishi-Ryoichi.jpg\",\"articleSection\":[\"T\u00dcRK\u0130YE\"],\"inLanguage\":\"tr\",\"potentialAction\":[{\"@type\":\"CommentAction\",\"name\":\"Comment\",\"target\":[\"https:\/\/epochtimestr.com\/index.php\/kopru-kazasindan-kendini-sorumlu-tutan-japon-muhendis-harakiri-yapti#respond\"]}]},{\"@type\":\"WebPage\",\"@id\":\"https:\/\/epochtimestr.com\/index.php\/kopru-kazasindan-kendini-sorumlu-tutan-japon-muhendis-harakiri-yapti\",\"url\":\"https:\/\/epochtimestr.com\/index.php\/kopru-kazasindan-kendini-sorumlu-tutan-japon-muhendis-harakiri-yapti\",\"name\":\"K\u00f6pr\u00fc Kazas\u0131ndan Kendini Sorumlu Tutan Japon M\u00fchendis Harakiri Yapt\u0131 - The Epoch Times TR\",\"isPartOf\":{\"@id\":\"https:\/\/epochtimestr.com\/#website\"},\"primaryImageOfPage\":{\"@id\":\"https:\/\/epochtimestr.com\/index.php\/kopru-kazasindan-kendini-sorumlu-tutan-japon-muhendis-harakiri-yapti#primaryimage\"},\"image\":{\"@id\":\"https:\/\/epochtimestr.com\/index.php\/kopru-kazasindan-kendini-sorumlu-tutan-japon-muhendis-harakiri-yapti#primaryimage\"},\"thumbnailUrl\":\"https:\/\/epochtimestr.com\/wp-content\/uploads\/2011y\/Kishi-Ryoichi.jpg\",\"datePublished\":\"2015-03-24T08:49:25+00:00\",\"dateModified\":\"2015-03-24T08:52:57+00:00\",\"inLanguage\":\"tr\",\"potentialAction\":[{\"@type\":\"ReadAction\",\"target\":[\"https:\/\/epochtimestr.com\/index.php\/kopru-kazasindan-kendini-sorumlu-tutan-japon-muhendis-harakiri-yapti\"]}]},{\"@type\":\"ImageObject\",\"inLanguage\":\"tr\",\"@id\":\"https:\/\/epochtimestr.com\/index.php\/kopru-kazasindan-kendini-sorumlu-tutan-japon-muhendis-harakiri-yapti#primaryimage\",\"url\":\"https:\/\/epochtimestr.com\/wp-content\/uploads\/2011y\/Kishi-Ryoichi.jpg\",\"contentUrl\":\"https:\/\/epochtimestr.com\/wp-content\/uploads\/2011y\/Kishi-Ryoichi.jpg\",\"width\":594,\"height\":367,\"caption\":\"Japon M\u00fchendise ait pasaport (Erhan Erdogan\/Anadolu Agency\/Getty Images)\"},{\"@type\":\"WebSite\",\"@id\":\"https:\/\/epochtimestr.com\/#website\",\"url\":\"https:\/\/epochtimestr.com\/\",\"name\":\"The Epoch Times TR\",\"description\":\"De\u011fi\u015fen D\u00fcnyam\u0131za Taze Bir Bak\u0131\u015f\",\"publisher\":{\"@id\":\"https:\/\/epochtimestr.com\/#organization\"},\"potentialAction\":[{\"@type\":\"SearchAction\",\"target\":{\"@type\":\"EntryPoint\",\"urlTemplate\":\"https:\/\/epochtimestr.com\/?s={search_term_string}\"},\"query-input\":\"required name=search_term_string\"}],\"inLanguage\":\"tr\"},{\"@type\":\"Organization\",\"@id\":\"https:\/\/epochtimestr.com\/#organization\",\"name\":\"The EpochTimes T\u00fcrkiye\",\"url\":\"https:\/\/epochtimestr.com\/\",\"logo\":{\"@type\":\"ImageObject\",\"inLanguage\":\"tr\",\"@id\":\"https:\/\/epochtimestr.com\/#\/schema\/logo\/image\/\",\"url\":\"https:\/\/epochtimestr.com\/wp-content\/uploads\/2011y\/ET-Logo-YG.jpg\",\"contentUrl\":\"https:\/\/epochtimestr.com\/wp-content\/uploads\/2011y\/ET-Logo-YG.jpg\",\"width\":346,\"height\":29,\"caption\":\"The EpochTimes T\u00fcrkiye\"},\"image\":{\"@id\":\"https:\/\/epochtimestr.com\/#\/schema\/logo\/image\/\"},\"sameAs\":[\"https:\/\/www.facebook.com\/theepochtimestr\",\"https:\/\/x.com\/TheEpochTimesTR\",\"https:\/\/www.instagram.com\/epochtimestr\"]},{\"@type\":\"Person\",\"@id\":\"https:\/\/epochtimestr.com\/#\/schema\/person\/6eb643244a30e5bc1e3f24bb56910e83\",\"name\":\"Emel AKAN\",\"image\":{\"@type\":\"ImageObject\",\"inLanguage\":\"tr\",\"@id\":\"https:\/\/epochtimestr.com\/#\/schema\/person\/image\/\",\"url\":\"https:\/\/secure.gravatar.com\/avatar\/390e1c5fc574e7ba54694d0be151ec60?s=96&d=mm&r=g\",\"contentUrl\":\"https:\/\/secure.gravatar.com\/avatar\/390e1c5fc574e7ba54694d0be151ec60?s=96&d=mm&r=g\",\"caption\":\"Emel AKAN\"},\"url\":\"https:\/\/epochtimestr.com\/index.php\/author\/emel\"}]}<\/script>\n<!-- \/ Yoast SEO plugin. -->","yoast_head_json":{"title":"K\u00f6pr\u00fc Kazas\u0131ndan Kendini Sorumlu Tutan Japon M\u00fchendis Harakiri Yapt\u0131 - The Epoch Times TR","robots":{"index":"index","follow":"follow","max-snippet":"max-snippet:-1","max-image-preview":"max-image-preview:large","max-video-preview":"max-video-preview:-1"},"canonical":"https:\/\/epochtimestr.com\/index.php\/kopru-kazasindan-kendini-sorumlu-tutan-japon-muhendis-harakiri-yapti","og_locale":"tr_TR","og_type":"article","og_title":"K\u00f6pr\u00fc Kazas\u0131ndan Kendini Sorumlu Tutan Japon M\u00fchendis Harakiri Yapt\u0131 - The Epoch Times TR","og_description":"\u0130zmit K\u00f6rfez ge\u00e7i\u015f k\u00f6pr\u00fcs\u00fcn\u00fcn ba\u011flant\u0131 halatlar\u0131ndan birinin kopmas\u0131ndan kendini sorumlu tutan Japon m\u00fchendis Kishi Ryoichi harakiri yaparak can\u0131na k\u0131yd\u0131. Kald\u0131\u011f\u0131 misafirhanede b\u0131rakt\u0131\u011f\u0131 intihar mektubunda \u201cOlay\u0131n sorumlulu\u011fu tamamen bana ait. Kimsenin kusuru bulunmamaktad\u0131r\u201d yazd\u0131\u011f\u0131 \u00f6\u011frenildi. Edinilen bilgiye g\u00f6re, yap\u0131m\u0131 s\u00fcren K\u00f6rfez ge\u00e7i\u015f k\u00f6pr\u00fcs\u00fcn\u00fcn ba\u011flant\u0131 halatlar\u0131ndan birinin Cumartesi g\u00fcn\u00fc kopmas\u0131ndan kendini sorumlu tutan 51 ya\u015f\u0131ndaki Japon m\u00fchendis [&hellip;]","og_url":"https:\/\/epochtimestr.com\/index.php\/kopru-kazasindan-kendini-sorumlu-tutan-japon-muhendis-harakiri-yapti","og_site_name":"The Epoch Times TR","article_publisher":"https:\/\/www.facebook.com\/theepochtimestr","article_published_time":"2015-03-24T08:49:25+00:00","article_modified_time":"2015-03-24T08:52:57+00:00","og_image":[{"width":594,"height":367,"url":"https:\/\/epochtimestr.com\/wp-content\/uploads\/2011y\/Kishi-Ryoichi.jpg","type":"image\/jpeg"}],"author":"Emel AKAN","twitter_card":"summary_large_image","twitter_creator":"@TheEpochTimesTR","twitter_site":"@TheEpochTimesTR","twitter_misc":{"Yazan:":"Emel AKAN","Tahmini okuma s\u00fcresi":"2 dakika"},"schema":{"@context":"https:\/\/schema.org","@graph":[{"@type":"Article","@id":"https:\/\/epochtimestr.com\/index.php\/kopru-kazasindan-kendini-sorumlu-tutan-japon-muhendis-harakiri-yapti#article","isPartOf":{"@id":"https:\/\/epochtimestr.com\/index.php\/kopru-kazasindan-kendini-sorumlu-tutan-japon-muhendis-harakiri-yapti"},"author":{"name":"Emel AKAN","@id":"https:\/\/epochtimestr.com\/#\/schema\/person\/6eb643244a30e5bc1e3f24bb56910e83"},"headline":"K\u00f6pr\u00fc Kazas\u0131ndan Kendini Sorumlu Tutan Japon M\u00fchendis Harakiri Yapt\u0131","datePublished":"2015-03-24T08:49:25+00:00","dateModified":"2015-03-24T08:52:57+00:00","mainEntityOfPage":{"@id":"https:\/\/epochtimestr.com\/index.php\/kopru-kazasindan-kendini-sorumlu-tutan-japon-muhendis-harakiri-yapti"},"wordCount":492,"commentCount":0,"publisher":{"@id":"https:\/\/epochtimestr.com\/#organization"},"image":{"@id":"https:\/\/epochtimestr.com\/index.php\/kopru-kazasindan-kendini-sorumlu-tutan-japon-muhendis-harakiri-yapti#primaryimage"},"thumbnailUrl":"https:\/\/epochtimestr.com\/wp-content\/uploads\/2011y\/Kishi-Ryoichi.jpg","articleSection":["T\u00dcRK\u0130YE"],"inLanguage":"tr","potentialAction":[{"@type":"CommentAction","name":"Comment","target":["https:\/\/epochtimestr.com\/index.php\/kopru-kazasindan-kendini-sorumlu-tutan-japon-muhendis-harakiri-yapti#respond"]}]},{"@type":"WebPage","@id":"https:\/\/epochtimestr.com\/index.php\/kopru-kazasindan-kendini-sorumlu-tutan-japon-muhendis-harakiri-yapti","url":"https:\/\/epochtimestr.com\/index.php\/kopru-kazasindan-kendini-sorumlu-tutan-japon-muhendis-harakiri-yapti","name":"K\u00f6pr\u00fc Kazas\u0131ndan Kendini Sorumlu Tutan Japon M\u00fchendis Harakiri Yapt\u0131 - The Epoch Times TR","isPartOf":{"@id":"https:\/\/epochtimestr.com\/#website"},"primaryImageOfPage":{"@id":"https:\/\/epochtimestr.com\/index.php\/kopru-kazasindan-kendini-sorumlu-tutan-japon-muhendis-harakiri-yapti#primaryimage"},"image":{"@id":"https:\/\/epochtimestr.com\/index.php\/kopru-kazasindan-kendini-sorumlu-tutan-japon-muhendis-harakiri-yapti#primaryimage"},"thumbnailUrl":"https:\/\/epochtimestr.com\/wp-content\/uploads\/2011y\/Kishi-Ryoichi.jpg","datePublished":"2015-03-24T08:49:25+00:00","dateModified":"2015-03-24T08:52:57+00:00","inLanguage":"tr","potentialAction":[{"@type":"ReadAction","target":["https:\/\/epochtimestr.com\/index.php\/kopru-kazasindan-kendini-sorumlu-tutan-japon-muhendis-harakiri-yapti"]}]},{"@type":"ImageObject","inLanguage":"tr","@id":"https:\/\/epochtimestr.com\/index.php\/kopru-kazasindan-kendini-sorumlu-tutan-japon-muhendis-harakiri-yapti#primaryimage","url":"https:\/\/epochtimestr.com\/wp-content\/uploads\/2011y\/Kishi-Ryoichi.jpg","contentUrl":"https:\/\/epochtimestr.com\/wp-content\/uploads\/2011y\/Kishi-Ryoichi.jpg","width":594,"height":367,"caption":"Japon M\u00fchendise ait pasaport (Erhan Erdogan\/Anadolu Agency\/Getty Images)"},{"@type":"WebSite","@id":"https:\/\/epochtimestr.com\/#website","url":"https:\/\/epochtimestr.com\/","name":"The Epoch Times TR","description":"De\u011fi\u015fen D\u00fcnyam\u0131za Taze Bir Bak\u0131\u015f","publisher":{"@id":"https:\/\/epochtimestr.com\/#organization"},"potentialAction":[{"@type":"SearchAction","target":{"@type":"EntryPoint","urlTemplate":"https:\/\/epochtimestr.com\/?s={search_term_string}"},"query-input":"required name=search_term_string"}],"inLanguage":"tr"},{"@type":"Organization","@id":"https:\/\/epochtimestr.com\/#organization","name":"The EpochTimes T\u00fcrkiye","url":"https:\/\/epochtimestr.com\/","logo":{"@type":"ImageObject","inLanguage":"tr","@id":"https:\/\/epochtimestr.com\/#\/schema\/logo\/image\/","url":"https:\/\/epochtimestr.com\/wp-content\/uploads\/2011y\/ET-Logo-YG.jpg","contentUrl":"https:\/\/epochtimestr.com\/wp-content\/uploads\/2011y\/ET-Logo-YG.jpg","width":346,"height":29,"caption":"The EpochTimes T\u00fcrkiye"},"image":{"@id":"https:\/\/epochtimestr.com\/#\/schema\/logo\/image\/"},"sameAs":["https:\/\/www.facebook.com\/theepochtimestr","https:\/\/x.com\/TheEpochTimesTR","https:\/\/www.instagram.com\/epochtimestr"]},{"@type":"Person","@id":"https:\/\/epochtimestr.com\/#\/schema\/person\/6eb643244a30e5bc1e3f24bb56910e83","name":"Emel AKAN","image":{"@type":"ImageObject","inLanguage":"tr","@id":"https:\/\/epochtimestr.com\/#\/schema\/person\/image\/","url":"https:\/\/secure.gravatar.com\/avatar\/390e1c5fc574e7ba54694d0be151ec60?s=96&d=mm&r=g","contentUrl":"https:\/\/secure.gravatar.com\/avatar\/390e1c5fc574e7ba54694d0be151ec60?s=96&d=mm&r=g","caption":"Emel AKAN"},"url":"https:\/\/epochtimestr.com\/index.php\/author\/emel"}]}},"_links":{"self":[{"href":"https:\/\/epochtimestr.com\/index.php\/wp-json\/wp\/v2\/posts\/83568"}],"collection":[{"href":"https:\/\/epochtimestr.com\/index.php\/wp-json\/wp\/v2\/posts"}],"about":[{"href":"https:\/\/epochtimestr.com\/index.php\/wp-json\/wp\/v2\/types\/post"}],"author":[{"embeddable":true,"href":"https:\/\/epochtimestr.com\/index.php\/wp-json\/wp\/v2\/users\/25"}],"replies":[{"embeddable":true,"href":"https:\/\/epochtimestr.com\/index.php\/wp-json\/wp\/v2\/comments?post=83568"}],"version-history":[{"count":5,"href":"https:\/\/epochtimestr.com\/index.php\/wp-json\/wp\/v2\/posts\/83568\/revisions"}],"predecessor-version":[{"id":83577,"href":"https:\/\/epochtimestr.com\/index.php\/wp-json\/wp\/v2\/posts\/83568\/revisions\/83577"}],"wp:featuredmedia":[{"embeddable":true,"href":"https:\/\/epochtimestr.com\/index.php\/wp-json\/wp\/v2\/media\/83569"}],"wp:attachment":[{"href":"https:\/\/epochtimestr.com\/index.php\/wp-json\/wp\/v2\/media?parent=83568"}],"wp:term":[{"taxonomy":"category","embeddable":true,"href":"https:\/\/epochtimestr.com\/index.php\/wp-json\/wp\/v2\/categories?post=83568"},{"taxonomy":"post_tag","embeddable":true,"href":"https:\/\/epochtimestr.com\/index.php\/wp-json\/wp\/v2\/tags?post=83568"}],"curies":[{"name":"wp","href":"https:\/\/api.w.org\/{rel}","templated":true}]}}