{"id":84010,"date":"2015-04-06T17:26:44","date_gmt":"2015-04-06T14:26:44","guid":{"rendered":"http:\/\/epochtimestr.com\/?p=84010"},"modified":"2022-12-25T20:04:15","modified_gmt":"2022-12-25T17:04:15","slug":"cocuk-annesinin-kaybolmadigini-ne-zaman-anlar-nesne-devamliligi","status":"publish","type":"post","link":"https:\/\/epochtimestr.com\/index.php\/cocuk-annesinin-kaybolmadigini-ne-zaman-anlar-nesne-devamliligi","title":{"rendered":"\u00c7ocuk Annesinin Kaybolmad\u0131\u011f\u0131n\u0131 Ne Zaman Anlar? (Nesne Devaml\u0131l\u0131\u011f\u0131)"},"content":{"rendered":"<figure id=\"attachment_84011\" aria-describedby=\"caption-attachment-84011\" style=\"width: 410px\" class=\"wp-caption aligncenter\"><a href=\"https:\/\/epochtimestr.com\/index.php\/cocuk-annesinin-kaybolmadigini-ne-zaman-anlar-nesne-devamliligi\/child-painting\" rel=\"attachment wp-att-84011\"><img loading=\"lazy\" decoding=\"async\" class=\"size-full wp-image-84011\" src=\"https:\/\/epochtimestr.com\/wp-content\/uploads\/2011y\/child-painting.jpg\" alt=\"Foto\u011fraf:www.publicdomainpictures.net\/\" width=\"410\" height=\"615\" srcset=\"https:\/\/epochtimestr.com\/wp-content\/uploads\/2011y\/child-painting.jpg 410w, https:\/\/epochtimestr.com\/wp-content\/uploads\/2011y\/child-painting-100x150.jpg 100w, https:\/\/epochtimestr.com\/wp-content\/uploads\/2011y\/child-painting-200x300.jpg 200w, https:\/\/epochtimestr.com\/wp-content\/uploads\/2011y\/child-painting-267x400.jpg 267w, https:\/\/epochtimestr.com\/wp-content\/uploads\/2011y\/child-painting-292x438.jpg 292w\" sizes=\"(max-width: 410px) 100vw, 410px\" \/><\/a><figcaption id=\"caption-attachment-84011\" class=\"wp-caption-text\">Foto\u011fraf:www.publicdomainpictures.net\/<\/figcaption><\/figure>\n<p style=\"text-align: justify;\">\u0130nsan, do\u011fumdan itibaren pek \u00e7ok a\u015famadan ge\u00e7erek geli\u015fim sa\u011flar. \u00a0Ara\u015ft\u0131rmac\u0131lar \u00a0belli davran\u0131\u015flar\u0131n belli ya\u015f aral\u0131klar\u0131nda yap\u0131ld\u0131\u011f\u0131n\u0131 g\u00f6zlemlemi\u015flerdir. Genellikle \u00e7ocuk\u00a0 bu a\u015famalardan \u00a0her birini tamamlad\u0131ktan sonra bir sonraki a\u015famaya ge\u00e7er . \u00a0Emekleme , s\u0131ralama , y\u00fcr\u00fcme gibi. \u00a0Bu d\u00f6nemlere \u00e7e\u015fitli isimler vermi\u015flerdir.\u00a0 Mesela \u2018<em>nesne \u00a0devaml\u0131l\u0131\u011f\u0131<\/em> \u2018 da \u00a0bunlardan birisidir.<\/p>\n<p style=\"text-align: justify;\">Nesne devaml\u0131l\u0131\u011f\u0131\u00a0 bir nesne veya ki\u015finin \u00e7ocu\u011fun g\u00f6r\u00fc\u015f a\u00e7\u0131s\u0131ndan \u00e7\u0131ksa bile hala var oldu\u011funu, kaybolmad\u0131\u011f\u0131n\u0131 \u00a0anlamas\u0131 demektir. Bu ayn\u0131 zamanda etraf\u0131nda olan bitenin anla\u015f\u0131lmaya, anlamland\u0131r\u0131lmaya ba\u015fland\u0131\u011f\u0131 d\u00f6nemdir. Bebek g\u00f6rd\u00fc\u011f\u00fc duydu\u011fu insanlar\u0131, olaylar\u0131 tan\u0131maya, haf\u0131zaya almaya ba\u015flar. Buna \u00a0ayn\u0131 zamanda \u00a0toplumsal yarg\u0131lar\u0131n olu\u015fmaya ba\u015flad\u0131\u011f\u0131 d\u00f6nem denebilir. Bu d\u00f6nemi sa\u011fl\u0131kl\u0131 bir \u015fekilde atlatmak ilerde olu\u015facak\u00a0 davran\u0131\u015flar\u0131n temelini atabilir.<\/p>\n<p style=\"text-align: justify;\"><strong>Nesne devaml\u0131l\u0131\u011f\u0131 ne zaman kazan\u0131l\u0131r?<\/strong><\/p>\n<p style=\"text-align: justify;\">4- 5 ayl\u0131k bebekler elinden d\u00fc\u015f\u00fcrd\u00fc\u011f\u00fc oyunca\u011f\u0131 \u00a0aramaz. Oyunca\u011f\u0131n yok oldu\u011funu d\u00fc\u015f\u00fcn\u00fcr. \u00a0Bebe\u011fin \u00a0elinden d\u00fc\u015f\u00fcrd\u00fc\u011f\u00fc oyunca\u011f\u0131\u00a0 aramaya ba\u015flamas\u0131 yakla\u015f\u0131k 8 ayl\u0131k olunca ger\u00e7ekle\u015fir. \u00a0Bu ayn\u0131 zamanda haf\u0131zan\u0131n da geli\u015fmeye ba\u015flad\u0131\u011f\u0131n\u0131n g\u00f6stergesidir. Bebek 9 ayl\u0131k olunca oyunca\u011f\u0131n\u0131 d\u00fc\u015f\u00fcrd\u00fc\u011f\u00fcn\u00fc anlar ve onu aramak ister.\u00a0 Ya da annesi odadan \u00e7\u0131kt\u0131\u011f\u0131 zaman onun kaybolmad\u0131\u011f\u0131n\u0131 evin i\u00e7inde oldu\u011funu anlar.\u00a0 Kuramc\u0131 Piaget\u2019e g\u00f6re bu durum bebe\u011fin daha \u00f6nce refleksif davran\u0131\u015ftan bilin\u00e7li davran\u0131\u015fa ge\u00e7mesi anlam\u0131na gelir.<\/p>\n<p style=\"text-align: justify;\">Yakla\u015f\u0131k 8. ayda ba\u015flayan nesne devaml\u0131l\u0131\u011f\u0131 yakla\u015f\u0131k 18. \u00a0aya kadar devam eder.<\/p>\n<p style=\"text-align: justify;\">Bu d\u00f6nemde (\u00f6zellikle 0-1 ya\u015f) \u00a0\u00e7ocu\u011fun ihtiya\u00e7lar\u0131n\u0131n bekletilmeden yerine getirilmesi \u00e7ok \u00f6nemlidir. Yeti\u015fkinler i\u00e7in \u00e7ok basit gibi gelen baz\u0131 davran\u0131\u015flar \u00e7ocuk i\u00e7in \u00e7ok \u00f6nemlidir. Mesela oyunca\u011f\u0131n\u0131 d\u00fc\u015f\u00fcren\u00a0 bir bebe\u011fe oyunca\u011f\u0131n\u0131 hemen tekrar \u00a0geri verdi\u011finizde\u00a0 oyunca\u011f\u0131n\u00a0 kaybolmad\u0131\u011f\u0131n\u0131 anlamas\u0131 daha k\u0131sa s\u00fcrecektir.<\/p>\n<p style=\"text-align: justify;\">Geli\u015fim a\u015famalar\u0131n\u0131 sa\u011fl\u0131kl\u0131 bir \u015fekilde ge\u00e7iremeyen \u00e7ocuklar hayatlar\u0131n\u0131n ilerleyen d\u00f6nemlerinde bunu davran\u0131\u015flar\u0131nda g\u00f6sterebilirler. \u00d6rne\u011fin s\u00f6yledi\u011fi bir yalan\u0131n ba\u015fkalar\u0131 taraf\u0131ndan anla\u015f\u0131lmayaca\u011f\u0131n\u0131 \u00a0sanmak gibi. Bir \u00e7ok konuda sabit d\u00fc\u015f\u00fcnceler , tak\u0131nt\u0131lar olu\u015fturmak gibi&#8230;.<\/p>\n<p style=\"text-align: justify;\">Ailelerin \u00e7ocuklar\u0131na verece\u011fi ahlaki e\u011fitim onlar\u0131n geli\u015fim d\u00f6nemleriyle uyum sa\u011flarsa ba\u015far\u0131l\u0131 olur.<\/p>\n<p style=\"text-align: justify;\">Bu nedenle \u00fcniversitelerin b\u00fct\u00fcn b\u00f6l\u00fcmlerinde bir d\u00f6nem \u00e7ocuk geli\u015fimi dersi konulmas\u0131,\u00a0 \u00e7ocuk geli\u015fimindeki en temel konular\u0131n herkes taraf\u0131ndan \u00f6\u011frenilmesi toplumun gelece\u011fi a\u00e7\u0131s\u0131ndan \u00e7ok b\u00fcy\u00fck fark yaratacakt\u0131r.<\/p>\n","protected":false},"excerpt":{"rendered":"<p>\u0130nsan, do\u011fumdan itibaren pek \u00e7ok a\u015famadan ge\u00e7erek geli\u015fim sa\u011flar. \u00a0Ara\u015ft\u0131rmac\u0131lar \u00a0belli davran\u0131\u015flar\u0131n belli ya\u015f aral\u0131klar\u0131nda yap\u0131ld\u0131\u011f\u0131n\u0131 g\u00f6zlemlemi\u015flerdir. Genellikle \u00e7ocuk\u00a0 bu a\u015famalardan \u00a0her birini tamamlad\u0131ktan sonra bir sonraki a\u015famaya ge\u00e7er . \u00a0Emekleme , s\u0131ralama , y\u00fcr\u00fcme gibi. \u00a0Bu d\u00f6nemlere \u00e7e\u015fitli isimler vermi\u015flerdir.\u00a0 Mesela \u2018nesne \u00a0devaml\u0131l\u0131\u011f\u0131 \u2018 da \u00a0bunlardan birisidir. Nesne devaml\u0131l\u0131\u011f\u0131\u00a0 bir nesne veya ki\u015finin \u00e7ocu\u011fun [&hellip;]<\/p>\n","protected":false},"author":14,"featured_media":84011,"comment_status":"open","ping_status":"open","sticky":false,"template":"","format":"standard","meta":{"_yoast_wpseo_focuskw":"","_yoast_wpseo_title":"","_yoast_wpseo_metadesc":"","_bbp_topic_count":0,"_bbp_reply_count":0,"_bbp_total_topic_count":0,"_bbp_total_reply_count":0,"_bbp_voice_count":0,"_bbp_anonymous_reply_count":0,"_bbp_topic_count_hidden":0,"_bbp_reply_count_hidden":0,"_bbp_forum_subforum_count":0,"footnotes":"","_yoast_wpseo_focuskw_text_input":""},"categories":[8173,519],"tags":[4311,4276,4026,4310,4312,4309],"yoast_head":"<!-- This site is optimized with the Yoast SEO plugin v23.0 - https:\/\/yoast.com\/wordpress\/plugins\/seo\/ -->\n<title>\u00c7ocuk Annesinin Kaybolmad\u0131\u011f\u0131n\u0131 Ne Zaman Anlar? (Nesne Devaml\u0131l\u0131\u011f\u0131) - The Epoch Times TR<\/title>\n<meta name=\"robots\" content=\"index, follow, max-snippet:-1, max-image-preview:large, max-video-preview:-1\" \/>\n<link rel=\"canonical\" href=\"https:\/\/epochtimestr.com\/index.php\/cocuk-annesinin-kaybolmadigini-ne-zaman-anlar-nesne-devamliligi\" \/>\n<meta property=\"og:locale\" content=\"tr_TR\" \/>\n<meta property=\"og:type\" content=\"article\" \/>\n<meta property=\"og:title\" content=\"\u00c7ocuk Annesinin Kaybolmad\u0131\u011f\u0131n\u0131 Ne Zaman Anlar? (Nesne Devaml\u0131l\u0131\u011f\u0131) - The Epoch Times TR\" \/>\n<meta property=\"og:description\" content=\"\u0130nsan, do\u011fumdan itibaren pek \u00e7ok a\u015famadan ge\u00e7erek geli\u015fim sa\u011flar. \u00a0Ara\u015ft\u0131rmac\u0131lar \u00a0belli davran\u0131\u015flar\u0131n belli ya\u015f aral\u0131klar\u0131nda yap\u0131ld\u0131\u011f\u0131n\u0131 g\u00f6zlemlemi\u015flerdir. Genellikle \u00e7ocuk\u00a0 bu a\u015famalardan \u00a0her birini tamamlad\u0131ktan sonra bir sonraki a\u015famaya ge\u00e7er . \u00a0Emekleme , s\u0131ralama , y\u00fcr\u00fcme gibi. \u00a0Bu d\u00f6nemlere \u00e7e\u015fitli isimler vermi\u015flerdir.\u00a0 Mesela \u2018nesne \u00a0devaml\u0131l\u0131\u011f\u0131 \u2018 da \u00a0bunlardan birisidir. Nesne devaml\u0131l\u0131\u011f\u0131\u00a0 bir nesne veya ki\u015finin \u00e7ocu\u011fun [&hellip;]\" \/>\n<meta property=\"og:url\" content=\"https:\/\/epochtimestr.com\/index.php\/cocuk-annesinin-kaybolmadigini-ne-zaman-anlar-nesne-devamliligi\" \/>\n<meta property=\"og:site_name\" content=\"The Epoch Times TR\" \/>\n<meta property=\"article:publisher\" content=\"https:\/\/www.facebook.com\/theepochtimestr\" \/>\n<meta property=\"article:published_time\" content=\"2015-04-06T14:26:44+00:00\" \/>\n<meta property=\"article:modified_time\" content=\"2022-12-25T17:04:15+00:00\" \/>\n<meta property=\"og:image\" content=\"https:\/\/epochtimestr.com\/wp-content\/uploads\/2011y\/child-painting.jpg\" \/>\n\t<meta property=\"og:image:width\" content=\"410\" \/>\n\t<meta property=\"og:image:height\" content=\"615\" \/>\n\t<meta property=\"og:image:type\" content=\"image\/jpeg\" \/>\n<meta name=\"author\" content=\"S.\u015eener\" \/>\n<meta name=\"twitter:card\" content=\"summary_large_image\" \/>\n<meta name=\"twitter:creator\" content=\"@TheEpochTimesTR\" \/>\n<meta name=\"twitter:site\" content=\"@TheEpochTimesTR\" \/>\n<meta name=\"twitter:label1\" content=\"Yazan:\" \/>\n\t<meta name=\"twitter:data1\" content=\"S.\u015eener\" \/>\n\t<meta name=\"twitter:label2\" content=\"Tahmini okuma s\u00fcresi\" \/>\n\t<meta name=\"twitter:data2\" content=\"2 dakika\" \/>\n<script type=\"application\/ld+json\" class=\"yoast-schema-graph\">{\"@context\":\"https:\/\/schema.org\",\"@graph\":[{\"@type\":\"Article\",\"@id\":\"https:\/\/epochtimestr.com\/index.php\/cocuk-annesinin-kaybolmadigini-ne-zaman-anlar-nesne-devamliligi#article\",\"isPartOf\":{\"@id\":\"https:\/\/epochtimestr.com\/index.php\/cocuk-annesinin-kaybolmadigini-ne-zaman-anlar-nesne-devamliligi\"},\"author\":{\"name\":\"S.\u015eener\",\"@id\":\"https:\/\/epochtimestr.com\/#\/schema\/person\/bef9adaaadf46533210ca5eaaa548466\"},\"headline\":\"\u00c7ocuk Annesinin Kaybolmad\u0131\u011f\u0131n\u0131 Ne Zaman Anlar? (Nesne Devaml\u0131l\u0131\u011f\u0131)\",\"datePublished\":\"2015-04-06T14:26:44+00:00\",\"dateModified\":\"2022-12-25T17:04:15+00:00\",\"mainEntityOfPage\":{\"@id\":\"https:\/\/epochtimestr.com\/index.php\/cocuk-annesinin-kaybolmadigini-ne-zaman-anlar-nesne-devamliligi\"},\"wordCount\":476,\"commentCount\":0,\"publisher\":{\"@id\":\"https:\/\/epochtimestr.com\/#organization\"},\"image\":{\"@id\":\"https:\/\/epochtimestr.com\/index.php\/cocuk-annesinin-kaybolmadigini-ne-zaman-anlar-nesne-devamliligi#primaryimage\"},\"thumbnailUrl\":\"https:\/\/epochtimestr.com\/wp-content\/uploads\/2011y\/child-painting.jpg\",\"keywords\":[\"ahlaki e\u011fitim\",\"\u00e7ocuk\",\"e\u011fitim\",\"geli\u015fim\",\"nesne devaml\u0131l\u0131\u011f\u0131\",\"Piaget\"],\"articleSection\":[\"A\u0130LE ve EG\u0130T\u0130M\",\"ED\u0130T\u00d6R\u00dcN SE\u00c7\u0130M\u0130\"],\"inLanguage\":\"tr\",\"potentialAction\":[{\"@type\":\"CommentAction\",\"name\":\"Comment\",\"target\":[\"https:\/\/epochtimestr.com\/index.php\/cocuk-annesinin-kaybolmadigini-ne-zaman-anlar-nesne-devamliligi#respond\"]}]},{\"@type\":\"WebPage\",\"@id\":\"https:\/\/epochtimestr.com\/index.php\/cocuk-annesinin-kaybolmadigini-ne-zaman-anlar-nesne-devamliligi\",\"url\":\"https:\/\/epochtimestr.com\/index.php\/cocuk-annesinin-kaybolmadigini-ne-zaman-anlar-nesne-devamliligi\",\"name\":\"\u00c7ocuk Annesinin Kaybolmad\u0131\u011f\u0131n\u0131 Ne Zaman Anlar? (Nesne Devaml\u0131l\u0131\u011f\u0131) - The Epoch Times TR\",\"isPartOf\":{\"@id\":\"https:\/\/epochtimestr.com\/#website\"},\"primaryImageOfPage\":{\"@id\":\"https:\/\/epochtimestr.com\/index.php\/cocuk-annesinin-kaybolmadigini-ne-zaman-anlar-nesne-devamliligi#primaryimage\"},\"image\":{\"@id\":\"https:\/\/epochtimestr.com\/index.php\/cocuk-annesinin-kaybolmadigini-ne-zaman-anlar-nesne-devamliligi#primaryimage\"},\"thumbnailUrl\":\"https:\/\/epochtimestr.com\/wp-content\/uploads\/2011y\/child-painting.jpg\",\"datePublished\":\"2015-04-06T14:26:44+00:00\",\"dateModified\":\"2022-12-25T17:04:15+00:00\",\"inLanguage\":\"tr\",\"potentialAction\":[{\"@type\":\"ReadAction\",\"target\":[\"https:\/\/epochtimestr.com\/index.php\/cocuk-annesinin-kaybolmadigini-ne-zaman-anlar-nesne-devamliligi\"]}]},{\"@type\":\"ImageObject\",\"inLanguage\":\"tr\",\"@id\":\"https:\/\/epochtimestr.com\/index.php\/cocuk-annesinin-kaybolmadigini-ne-zaman-anlar-nesne-devamliligi#primaryimage\",\"url\":\"https:\/\/epochtimestr.com\/wp-content\/uploads\/2011y\/child-painting.jpg\",\"contentUrl\":\"https:\/\/epochtimestr.com\/wp-content\/uploads\/2011y\/child-painting.jpg\",\"width\":410,\"height\":615,\"caption\":\"Foto\u011fraf:www.publicdomainpictures.net\/\"},{\"@type\":\"WebSite\",\"@id\":\"https:\/\/epochtimestr.com\/#website\",\"url\":\"https:\/\/epochtimestr.com\/\",\"name\":\"The Epoch Times TR\",\"description\":\"De\u011fi\u015fen D\u00fcnyam\u0131za Taze Bir Bak\u0131\u015f\",\"publisher\":{\"@id\":\"https:\/\/epochtimestr.com\/#organization\"},\"potentialAction\":[{\"@type\":\"SearchAction\",\"target\":{\"@type\":\"EntryPoint\",\"urlTemplate\":\"https:\/\/epochtimestr.com\/?s={search_term_string}\"},\"query-input\":\"required name=search_term_string\"}],\"inLanguage\":\"tr\"},{\"@type\":\"Organization\",\"@id\":\"https:\/\/epochtimestr.com\/#organization\",\"name\":\"The EpochTimes T\u00fcrkiye\",\"url\":\"https:\/\/epochtimestr.com\/\",\"logo\":{\"@type\":\"ImageObject\",\"inLanguage\":\"tr\",\"@id\":\"https:\/\/epochtimestr.com\/#\/schema\/logo\/image\/\",\"url\":\"https:\/\/epochtimestr.com\/wp-content\/uploads\/2011y\/ET-Logo-YG.jpg\",\"contentUrl\":\"https:\/\/epochtimestr.com\/wp-content\/uploads\/2011y\/ET-Logo-YG.jpg\",\"width\":346,\"height\":29,\"caption\":\"The EpochTimes T\u00fcrkiye\"},\"image\":{\"@id\":\"https:\/\/epochtimestr.com\/#\/schema\/logo\/image\/\"},\"sameAs\":[\"https:\/\/www.facebook.com\/theepochtimestr\",\"https:\/\/x.com\/TheEpochTimesTR\",\"https:\/\/www.instagram.com\/epochtimestr\"]},{\"@type\":\"Person\",\"@id\":\"https:\/\/epochtimestr.com\/#\/schema\/person\/bef9adaaadf46533210ca5eaaa548466\",\"name\":\"S.\u015eener\",\"image\":{\"@type\":\"ImageObject\",\"inLanguage\":\"tr\",\"@id\":\"https:\/\/epochtimestr.com\/#\/schema\/person\/image\/\",\"url\":\"https:\/\/secure.gravatar.com\/avatar\/17a8f6795001e76d7c247cf5e3926672?s=96&d=mm&r=g\",\"contentUrl\":\"https:\/\/secure.gravatar.com\/avatar\/17a8f6795001e76d7c247cf5e3926672?s=96&d=mm&r=g\",\"caption\":\"S.\u015eener\"},\"url\":\"https:\/\/epochtimestr.com\/index.php\/author\/semra\"}]}<\/script>\n<!-- \/ Yoast SEO plugin. -->","yoast_head_json":{"title":"\u00c7ocuk Annesinin Kaybolmad\u0131\u011f\u0131n\u0131 Ne Zaman Anlar? (Nesne Devaml\u0131l\u0131\u011f\u0131) - The Epoch Times TR","robots":{"index":"index","follow":"follow","max-snippet":"max-snippet:-1","max-image-preview":"max-image-preview:large","max-video-preview":"max-video-preview:-1"},"canonical":"https:\/\/epochtimestr.com\/index.php\/cocuk-annesinin-kaybolmadigini-ne-zaman-anlar-nesne-devamliligi","og_locale":"tr_TR","og_type":"article","og_title":"\u00c7ocuk Annesinin Kaybolmad\u0131\u011f\u0131n\u0131 Ne Zaman Anlar? (Nesne Devaml\u0131l\u0131\u011f\u0131) - The Epoch Times TR","og_description":"\u0130nsan, do\u011fumdan itibaren pek \u00e7ok a\u015famadan ge\u00e7erek geli\u015fim sa\u011flar. \u00a0Ara\u015ft\u0131rmac\u0131lar \u00a0belli davran\u0131\u015flar\u0131n belli ya\u015f aral\u0131klar\u0131nda yap\u0131ld\u0131\u011f\u0131n\u0131 g\u00f6zlemlemi\u015flerdir. Genellikle \u00e7ocuk\u00a0 bu a\u015famalardan \u00a0her birini tamamlad\u0131ktan sonra bir sonraki a\u015famaya ge\u00e7er . \u00a0Emekleme , s\u0131ralama , y\u00fcr\u00fcme gibi. \u00a0Bu d\u00f6nemlere \u00e7e\u015fitli isimler vermi\u015flerdir.\u00a0 Mesela \u2018nesne \u00a0devaml\u0131l\u0131\u011f\u0131 \u2018 da \u00a0bunlardan birisidir. Nesne devaml\u0131l\u0131\u011f\u0131\u00a0 bir nesne veya ki\u015finin \u00e7ocu\u011fun [&hellip;]","og_url":"https:\/\/epochtimestr.com\/index.php\/cocuk-annesinin-kaybolmadigini-ne-zaman-anlar-nesne-devamliligi","og_site_name":"The Epoch Times TR","article_publisher":"https:\/\/www.facebook.com\/theepochtimestr","article_published_time":"2015-04-06T14:26:44+00:00","article_modified_time":"2022-12-25T17:04:15+00:00","og_image":[{"width":410,"height":615,"url":"https:\/\/epochtimestr.com\/wp-content\/uploads\/2011y\/child-painting.jpg","type":"image\/jpeg"}],"author":"S.\u015eener","twitter_card":"summary_large_image","twitter_creator":"@TheEpochTimesTR","twitter_site":"@TheEpochTimesTR","twitter_misc":{"Yazan:":"S.\u015eener","Tahmini okuma s\u00fcresi":"2 dakika"},"schema":{"@context":"https:\/\/schema.org","@graph":[{"@type":"Article","@id":"https:\/\/epochtimestr.com\/index.php\/cocuk-annesinin-kaybolmadigini-ne-zaman-anlar-nesne-devamliligi#article","isPartOf":{"@id":"https:\/\/epochtimestr.com\/index.php\/cocuk-annesinin-kaybolmadigini-ne-zaman-anlar-nesne-devamliligi"},"author":{"name":"S.\u015eener","@id":"https:\/\/epochtimestr.com\/#\/schema\/person\/bef9adaaadf46533210ca5eaaa548466"},"headline":"\u00c7ocuk Annesinin Kaybolmad\u0131\u011f\u0131n\u0131 Ne Zaman Anlar? (Nesne Devaml\u0131l\u0131\u011f\u0131)","datePublished":"2015-04-06T14:26:44+00:00","dateModified":"2022-12-25T17:04:15+00:00","mainEntityOfPage":{"@id":"https:\/\/epochtimestr.com\/index.php\/cocuk-annesinin-kaybolmadigini-ne-zaman-anlar-nesne-devamliligi"},"wordCount":476,"commentCount":0,"publisher":{"@id":"https:\/\/epochtimestr.com\/#organization"},"image":{"@id":"https:\/\/epochtimestr.com\/index.php\/cocuk-annesinin-kaybolmadigini-ne-zaman-anlar-nesne-devamliligi#primaryimage"},"thumbnailUrl":"https:\/\/epochtimestr.com\/wp-content\/uploads\/2011y\/child-painting.jpg","keywords":["ahlaki e\u011fitim","\u00e7ocuk","e\u011fitim","geli\u015fim","nesne devaml\u0131l\u0131\u011f\u0131","Piaget"],"articleSection":["A\u0130LE ve EG\u0130T\u0130M","ED\u0130T\u00d6R\u00dcN SE\u00c7\u0130M\u0130"],"inLanguage":"tr","potentialAction":[{"@type":"CommentAction","name":"Comment","target":["https:\/\/epochtimestr.com\/index.php\/cocuk-annesinin-kaybolmadigini-ne-zaman-anlar-nesne-devamliligi#respond"]}]},{"@type":"WebPage","@id":"https:\/\/epochtimestr.com\/index.php\/cocuk-annesinin-kaybolmadigini-ne-zaman-anlar-nesne-devamliligi","url":"https:\/\/epochtimestr.com\/index.php\/cocuk-annesinin-kaybolmadigini-ne-zaman-anlar-nesne-devamliligi","name":"\u00c7ocuk Annesinin Kaybolmad\u0131\u011f\u0131n\u0131 Ne Zaman Anlar? (Nesne Devaml\u0131l\u0131\u011f\u0131) - The Epoch Times TR","isPartOf":{"@id":"https:\/\/epochtimestr.com\/#website"},"primaryImageOfPage":{"@id":"https:\/\/epochtimestr.com\/index.php\/cocuk-annesinin-kaybolmadigini-ne-zaman-anlar-nesne-devamliligi#primaryimage"},"image":{"@id":"https:\/\/epochtimestr.com\/index.php\/cocuk-annesinin-kaybolmadigini-ne-zaman-anlar-nesne-devamliligi#primaryimage"},"thumbnailUrl":"https:\/\/epochtimestr.com\/wp-content\/uploads\/2011y\/child-painting.jpg","datePublished":"2015-04-06T14:26:44+00:00","dateModified":"2022-12-25T17:04:15+00:00","inLanguage":"tr","potentialAction":[{"@type":"ReadAction","target":["https:\/\/epochtimestr.com\/index.php\/cocuk-annesinin-kaybolmadigini-ne-zaman-anlar-nesne-devamliligi"]}]},{"@type":"ImageObject","inLanguage":"tr","@id":"https:\/\/epochtimestr.com\/index.php\/cocuk-annesinin-kaybolmadigini-ne-zaman-anlar-nesne-devamliligi#primaryimage","url":"https:\/\/epochtimestr.com\/wp-content\/uploads\/2011y\/child-painting.jpg","contentUrl":"https:\/\/epochtimestr.com\/wp-content\/uploads\/2011y\/child-painting.jpg","width":410,"height":615,"caption":"Foto\u011fraf:www.publicdomainpictures.net\/"},{"@type":"WebSite","@id":"https:\/\/epochtimestr.com\/#website","url":"https:\/\/epochtimestr.com\/","name":"The Epoch Times TR","description":"De\u011fi\u015fen D\u00fcnyam\u0131za Taze Bir Bak\u0131\u015f","publisher":{"@id":"https:\/\/epochtimestr.com\/#organization"},"potentialAction":[{"@type":"SearchAction","target":{"@type":"EntryPoint","urlTemplate":"https:\/\/epochtimestr.com\/?s={search_term_string}"},"query-input":"required name=search_term_string"}],"inLanguage":"tr"},{"@type":"Organization","@id":"https:\/\/epochtimestr.com\/#organization","name":"The EpochTimes T\u00fcrkiye","url":"https:\/\/epochtimestr.com\/","logo":{"@type":"ImageObject","inLanguage":"tr","@id":"https:\/\/epochtimestr.com\/#\/schema\/logo\/image\/","url":"https:\/\/epochtimestr.com\/wp-content\/uploads\/2011y\/ET-Logo-YG.jpg","contentUrl":"https:\/\/epochtimestr.com\/wp-content\/uploads\/2011y\/ET-Logo-YG.jpg","width":346,"height":29,"caption":"The EpochTimes T\u00fcrkiye"},"image":{"@id":"https:\/\/epochtimestr.com\/#\/schema\/logo\/image\/"},"sameAs":["https:\/\/www.facebook.com\/theepochtimestr","https:\/\/x.com\/TheEpochTimesTR","https:\/\/www.instagram.com\/epochtimestr"]},{"@type":"Person","@id":"https:\/\/epochtimestr.com\/#\/schema\/person\/bef9adaaadf46533210ca5eaaa548466","name":"S.\u015eener","image":{"@type":"ImageObject","inLanguage":"tr","@id":"https:\/\/epochtimestr.com\/#\/schema\/person\/image\/","url":"https:\/\/secure.gravatar.com\/avatar\/17a8f6795001e76d7c247cf5e3926672?s=96&d=mm&r=g","contentUrl":"https:\/\/secure.gravatar.com\/avatar\/17a8f6795001e76d7c247cf5e3926672?s=96&d=mm&r=g","caption":"S.\u015eener"},"url":"https:\/\/epochtimestr.com\/index.php\/author\/semra"}]}},"_links":{"self":[{"href":"https:\/\/epochtimestr.com\/index.php\/wp-json\/wp\/v2\/posts\/84010"}],"collection":[{"href":"https:\/\/epochtimestr.com\/index.php\/wp-json\/wp\/v2\/posts"}],"about":[{"href":"https:\/\/epochtimestr.com\/index.php\/wp-json\/wp\/v2\/types\/post"}],"author":[{"embeddable":true,"href":"https:\/\/epochtimestr.com\/index.php\/wp-json\/wp\/v2\/users\/14"}],"replies":[{"embeddable":true,"href":"https:\/\/epochtimestr.com\/index.php\/wp-json\/wp\/v2\/comments?post=84010"}],"version-history":[{"count":6,"href":"https:\/\/epochtimestr.com\/index.php\/wp-json\/wp\/v2\/posts\/84010\/revisions"}],"predecessor-version":[{"id":84021,"href":"https:\/\/epochtimestr.com\/index.php\/wp-json\/wp\/v2\/posts\/84010\/revisions\/84021"}],"wp:featuredmedia":[{"embeddable":true,"href":"https:\/\/epochtimestr.com\/index.php\/wp-json\/wp\/v2\/media\/84011"}],"wp:attachment":[{"href":"https:\/\/epochtimestr.com\/index.php\/wp-json\/wp\/v2\/media?parent=84010"}],"wp:term":[{"taxonomy":"category","embeddable":true,"href":"https:\/\/epochtimestr.com\/index.php\/wp-json\/wp\/v2\/categories?post=84010"},{"taxonomy":"post_tag","embeddable":true,"href":"https:\/\/epochtimestr.com\/index.php\/wp-json\/wp\/v2\/tags?post=84010"}],"curies":[{"name":"wp","href":"https:\/\/api.w.org\/{rel}","templated":true}]}}