{"id":86213,"date":"2015-07-15T10:27:00","date_gmt":"2015-07-15T07:27:00","guid":{"rendered":"http:\/\/epochtimestr.com\/?p=86213"},"modified":"2015-07-15T10:27:00","modified_gmt":"2015-07-15T07:27:00","slug":"robin-van-persie-artik-resmen-fenerbahcede","status":"publish","type":"post","link":"https:\/\/epochtimestr.com\/index.php\/robin-van-persie-artik-resmen-fenerbahcede","title":{"rendered":"Robin Van Persie Art\u0131k Resmen Fenerbah\u00e7e&#8217;de"},"content":{"rendered":"<figure id=\"attachment_86214\" aria-describedby=\"caption-attachment-86214\" style=\"width: 600px\" class=\"wp-caption aligncenter\"><a href=\"https:\/\/epochtimestr.com\/wp-content\/uploads\/2011y\/robin-van-persie-imzayi-atti-1121030-664x354.jpg\"><img loading=\"lazy\" decoding=\"async\" class=\"wp-image-86214 size-full\" src=\"https:\/\/epochtimestr.com\/wp-content\/uploads\/2011y\/robin-van-persie-imzayi-atti-1121030-664x354.jpg\" alt=\"Foto\u011fraf: \u0130HA\" width=\"600\" height=\"319\" srcset=\"https:\/\/epochtimestr.com\/wp-content\/uploads\/2011y\/robin-van-persie-imzayi-atti-1121030-664x354.jpg 600w, https:\/\/epochtimestr.com\/wp-content\/uploads\/2011y\/robin-van-persie-imzayi-atti-1121030-664x354-150x80.jpg 150w, https:\/\/epochtimestr.com\/wp-content\/uploads\/2011y\/robin-van-persie-imzayi-atti-1121030-664x354-300x160.jpg 300w, https:\/\/epochtimestr.com\/wp-content\/uploads\/2011y\/robin-van-persie-imzayi-atti-1121030-664x354-292x155.jpg 292w, https:\/\/epochtimestr.com\/wp-content\/uploads\/2011y\/robin-van-persie-imzayi-atti-1121030-664x354-190x100.jpg 190w\" sizes=\"(max-width: 600px) 100vw, 600px\" \/><\/a><figcaption id=\"caption-attachment-86214\" class=\"wp-caption-text\">Foto\u011fraf: \u0130HA<\/figcaption><\/figure>\n<h2 class=\"page-sum\" style=\"text-align: justify;\">Robin Van Persie, Fenerbah\u00e7e \u015e\u00fckr\u00fc Sara\u00e7o\u011flu Stad\u0131&#8217;nda taraftara a\u00e7\u0131k olarak yap\u0131lan imza t\u00f6reninin ard\u0131ndan art\u0131k resmen Fenerbah\u00e7eli.<\/h2>\n<p style=\"text-align: justify;\">Fenerbah\u00e7e&#8217;nin anla\u015fmaya vard\u0131\u011f\u0131 y\u0131ld\u0131z oyuncu Robin Van Persie, d\u00fcn Fenerbah\u00e7e \u015e\u00fckr\u00fc Saraco\u011flu Stad\u0131&#8217;nda d\u00fczenlenen t\u00f6rende sar\u0131-lacivertli tak\u0131mla yollar\u0131n\u0131 birle\u015ftirdi.<\/p>\n<p style=\"text-align: justify;\">Saatler \u00f6ncesinden stada ak\u0131n eden taraftarlar, Hollandal\u0131 oyuncu sahaya \u00e7\u0131kt\u0131\u011f\u0131nda b\u00fcy\u00fck bir co\u015fku ya\u015fad\u0131. Y\u0131ld\u0131z oyuncu i\u00e7in tezah\u00fcratta bulunan taraftarlar, uzun s\u00fcre sevgi g\u00f6sterisinde bulundu.<\/p>\n<p style=\"text-align: justify;\">Sar\u0131-lacivertli tak\u0131ma imzay\u0131 atan Persie, konu\u015fmas\u0131na T\u00fcrk\u00e7e olarak, &#8220;Merhaba Fenerbah\u00e7e&#8221; diye ba\u015flad\u0131. T\u00fcrk\u00e7e \u00f6\u011frenmek istedi\u011fini belirten Van Persie, &#8220;Az \u00f6nce benim T\u00fcrk\u00e7e \u00f6\u011frendi\u011fim ilk kelimeyi duydunuz. En k\u0131sa zamanda T\u00fcrk\u00e7e&#8217;yi \u00f6\u011frenmeye \u00e7al\u0131\u015faca\u011f\u0131m. \u00dclkeye adaptasyon konusunda bunun \u00e7ok \u00f6nemli oldu\u011funu d\u00fc\u015f\u00fcn\u00fcyorum. Ben Fenerbah\u00e7e ailesinin bir par\u00e7as\u0131y\u0131m. Buraya en h\u0131zl\u0131 \u015fekilde uyum sa\u011flayaca\u011f\u0131m\u0131 d\u00fc\u015f\u00fcn\u00fcyorum. Ger\u00e7ekten benim i\u00e7in bu b\u00fcy\u00fck taraftarlar\u0131 g\u00f6rmek \u00e7ok g\u00fczel bir duygu. Size sadece bir \u015feyin s\u00f6z\u00fcn\u00fc veriyorum; ben burada t\u00fcm g\u00fcc\u00fcmle bu tak\u0131ma katk\u0131 verebilmek i\u00e7in elimden gelen her \u015feyi yapaca\u011f\u0131m. \u015eu anda sizi burada b\u00f6yle co\u015fkulu g\u00f6r\u00fcrken, \u015funu d\u00fc\u015f\u00fcn\u00fcyorum, bug\u00fcn b\u00f6yleyse lig \u015fampiyonu olursak nas\u0131l bir kutlama olur, bunu tahmin bile edemiyorum. Te\u015fekk\u00fcrler Fenerbah\u00e7e. Hep birlikte ba\u015faral\u0131m&#8221; dedi.<br \/>\nKonu\u015fmas\u0131n\u0131n ard\u0131ndan o\u011fluyla birlikte kar\u015f\u0131l\u0131kl\u0131 top sektiren Persie, toplar\u0131 taraftara g\u00f6nderdi. Taraftarlar at\u0131lan toplar\u0131 yakalamak i\u00e7in birbiriyle yar\u0131\u015ft\u0131.<\/p>\n<p style=\"text-align: justify;\"><strong>VAN PERS\u0130 BASIN TOPLANTISINDA KONU\u015eTU<\/strong><\/p>\n<p style=\"text-align: justify;\">Fenerbah\u00e7e\u2019nin yeni transferi Robin Van Persie, sar\u0131-lacivertli forma ile kupalar kazanmak ve Avrupa&#8217;da m\u00fccadele etmek istedi\u011fini s\u00f6yledi.<\/p>\n<p style=\"text-align: justify;\">\u0130mza t\u00f6reni sonras\u0131 bas\u0131n mensuplar\u0131n\u0131n sorular\u0131n\u0131 yan\u0131tlayan y\u0131ld\u0131z oyuncu, sar\u0131-lacivertli tak\u0131ma geldi\u011fi i\u00e7in \u00e7ok mutlu oldu\u011funu belirterek, &#8220;Art\u0131k Fenerbah\u00e7e&#8217;nin bir par\u00e7as\u0131y\u0131m. T\u00fcrk futbolcular\u0131n ve taraftarlar\u0131n tutkusunu hep sevmi\u015fimdir. Burada iyi i\u015fler yapmak istiyorum. Bu transferden \u00e7ok mutluyum&#8221; dedi.<\/p>\n<p style=\"text-align: justify;\"><strong>&#8220;TARAFTARIN TUTKUSUNU UNUTMADIM VE \u015e\u0130MD\u0130 DE BURADAYIM&#8221;<\/strong><\/p>\n<p style=\"text-align: justify;\">Bas\u0131n mensuplar\u0131n\u0131n, transfer s\u00fcrecinde Fenerbah\u00e7eli futbolcu Dirk Kuyt&#8217;un etkisinin sorulmas\u0131 \u00fczerine Persie, &#8220;Kuyt benim \u00e7ok iyi bir arkada\u015f\u0131m. Onunla \u00e7ok fazla \u015fey konu\u015fuyoruz ama \u00f6zellikle son y\u0131llarda Fenerbah\u00e7e tutkusundan bahsediyor. Benim i\u00e7in iyi olaca\u011f\u0131n\u0131 s\u00f6yledi. Ayn\u0131 zamanda benim Londra&#8217;da, Menchester&#8217;da bir\u00e7ok T\u00fcrk arkada\u015f\u0131m var ve onlar da Fenerbah\u00e7eli. Ama benim Fenerbah\u00e7e&#8217;ye gelme hikayem daha eskiye dayan\u0131yor. 12 y\u0131l \u00f6nce Feyenoord ile \u015eampiyonlar Ligi ma\u00e7\u0131 i\u00e7in gelmi\u015ftik. O g\u00fcn taraftarlar\u0131 g\u00f6rd\u00fcm, sanki stat yerinden hareket ediyormu\u015f gibiydi. Taraftar\u0131n tutkusunu unutmad\u0131m ve \u015fimdi de buraday\u0131m&#8221; diye konu\u015ftu.<\/p>\n<p style=\"text-align: justify;\"><strong>&#8220;SNE\u0130JDER \u0130LE M\u00dcCADELE ETMEK \u0130\u00c7\u0130N SABIRSIZLANIYORUM&#8221;<\/strong><\/p>\n<p style=\"text-align: justify;\">Bas\u0131n mensuplar\u0131n\u0131n Galatasarayl\u0131 oyuncu Sneijder ile aralar\u0131ndaki rekabeti sormas\u0131 \u00fczerine Van Persie, &#8220;Bizim rekabetimiz sadece sahada olacak. Ben Feyenoord gen\u00e7 tak\u0131m\u0131ndayken o Ajax&#8217;tayd\u0131. Y\u0131llar sonra Hollanda Milli Tak\u0131m\u0131&#8217;nda oynad\u0131k ve \u015fimdi burada kar\u015f\u0131la\u015faca\u011f\u0131z. Onunla m\u00fccadele etmek i\u00e7in sab\u0131rs\u0131zlan\u0131yorum. O ve tak\u0131m\u0131 \u00e7ok iyi, bunu biliyorum. Sneijder ile benim aramda g\u00fczel bir rekabet olaca\u011f\u0131n\u0131 d\u00fc\u015f\u00fcn\u00fcyorum&#8221; \u015feklinde konu\u015ftu.<\/p>\n<p style=\"text-align: justify;\"><strong>&#8220;PERE\u0130RA \u0130LE KEND\u0130M\u0130 EN \u00dcST SEV\u0130YEYE \u00c7IKARMAK \u0130\u00c7\u0130N \u00c7ALI\u015eACA\u011eIZ&#8221;<\/strong><\/p>\n<p style=\"text-align: justify;\">Eski performans\u0131na kavu\u015fmak i\u00e7in zaman ihtiyac\u0131 oldu\u011funu ifade eden Persie, &#8220;Kendimi iyi hissediyorum. Sezon \u00f6ncesi idman\u0131 yapaca\u011f\u0131m. Bireysel olarak idmanlar yapt\u0131m ama kendimi geli\u015ftirmek i\u00e7in 1-2 haftaya ihtiyac\u0131m var. Vitor Pereira ve ekibi ile kendimi en \u00fcst seviyeye \u00e7\u0131karmak i\u00e7in \u00e7al\u0131\u015faca\u011f\u0131z. \u00dcst seviye futbol oynayaca\u011f\u0131ma inan\u0131yorum. Tutkumu g\u00f6sterece\u011fim. Taraftar\u0131 ve bu kul\u00fcb\u00fc mutlu etmek i\u00e7in elimden geleni yapaca\u011f\u0131m&#8221; a\u00e7\u0131klamas\u0131nda bulundu.<\/p>\n<p style=\"text-align: justify;\"><strong>&#8220;EN FAZLA SAYIDA KUPAYI KAZANMAK \u0130ST\u0130YORUM&#8221;<\/strong><\/p>\n<p style=\"text-align: justify;\">Avrupa liglerinde ve T\u00fcrkiye&#8217;de ba\u015far\u0131l\u0131 olmak istedi\u011fini dile getiren Robin Van Persie, &#8220;\u0130lgin\u00e7 bir fikst\u00fcr bizi bekliyor. \u0130ki \u00f6n eleme oynayaca\u011f\u0131z. Burada kar\u015f\u0131m\u0131za Ajax \u00e7\u0131kabilir. Ama bizim ilk hedefimiz \u015eampiyonlar Ligi&#8217;ne kalabilmek. Ben iyi bir i\u015f \u00e7\u0131karaca\u011f\u0131m\u0131za inan\u0131yorum. Milli tak\u0131mda da bizi ilgin\u00e7 bir fikst\u00fcr bekliyor. \u0130zlanda ile oynad\u0131ktan sonra T\u00fcrkiye ile oynayaca\u011f\u0131z. Fenerbah\u00e7e&#8217;ye d\u00f6necek olursak ben burada olabilecek en fazla say\u0131da kupay\u0131 kazanmak istiyorum. Bizde bu kapasitenin oldu\u011funa inan\u0131yorum&#8221; dedi.<\/p>\n<p style=\"text-align: justify;\"><strong>&#8220;BU \u00dcLKEN\u0130N \u00d6NEML\u0130 B\u0130R PAR\u00c7ASI OLMAK \u0130ST\u0130YORUZ&#8221;<\/strong><\/p>\n<p style=\"text-align: justify;\">Konu\u015fmas\u0131n\u0131n sonunda \u0130stanbul&#8217;dan \u00f6vg\u00fcyle s\u00f6z eden y\u0131ld\u0131z oyuncu, &#8220;Buras\u0131 dev bir \u015fehir. Farkl\u0131 bir tecr\u00fcbe. \u0130nsanlar\u0131n ne kadar iyi oldu\u011funu g\u00f6rd\u00fcm. Biz \u015fu an ailecek \u0130stanbul&#8217;u T\u00fcrkiye&#8217;yi g\u00f6rmek istiyoruz. Uyum sa\u011flamak i\u00e7in bu \u00fclkenin dilini \u00f6\u011frenmemiz gerekti\u011fini d\u00fc\u015f\u00fcn\u00fcyorum. Biz bu \u00fclkenin \u00f6nemli bir par\u00e7as\u0131 olmak istiyoruz. Umar\u0131m seneye T\u00fcrk\u00e7e bir bas\u0131n toplant\u0131s\u0131 yapar\u0131z. Burada g\u00fczel bir d\u00f6nem ge\u00e7irmek istiyoruz&#8221; diye konu\u015ftu.<\/p>\n<p style=\"text-align: justify;\"><em>\u0130HA<\/em><\/p>\n","protected":false},"excerpt":{"rendered":"<p>Robin Van Persie, Fenerbah\u00e7e \u015e\u00fckr\u00fc Sara\u00e7o\u011flu Stad\u0131&#8217;nda taraftara a\u00e7\u0131k olarak yap\u0131lan imza t\u00f6reninin ard\u0131ndan art\u0131k resmen Fenerbah\u00e7eli. Fenerbah\u00e7e&#8217;nin anla\u015fmaya vard\u0131\u011f\u0131 y\u0131ld\u0131z oyuncu Robin Van Persie, d\u00fcn Fenerbah\u00e7e \u015e\u00fckr\u00fc Saraco\u011flu Stad\u0131&#8217;nda d\u00fczenlenen t\u00f6rende sar\u0131-lacivertli tak\u0131mla yollar\u0131n\u0131 birle\u015ftirdi. Saatler \u00f6ncesinden stada ak\u0131n eden taraftarlar, Hollandal\u0131 oyuncu sahaya \u00e7\u0131kt\u0131\u011f\u0131nda b\u00fcy\u00fck bir co\u015fku ya\u015fad\u0131. Y\u0131ld\u0131z oyuncu i\u00e7in tezah\u00fcratta bulunan [&hellip;]<\/p>\n","protected":false},"author":2299,"featured_media":86214,"comment_status":"open","ping_status":"open","sticky":false,"template":"","format":"standard","meta":{"_yoast_wpseo_focuskw":"","_yoast_wpseo_title":"","_yoast_wpseo_metadesc":"","_bbp_topic_count":0,"_bbp_reply_count":0,"_bbp_total_topic_count":0,"_bbp_total_reply_count":0,"_bbp_voice_count":0,"_bbp_anonymous_reply_count":0,"_bbp_topic_count_hidden":0,"_bbp_reply_count_hidden":0,"_bbp_forum_subforum_count":0,"footnotes":"","_yoast_wpseo_focuskw_text_input":""},"categories":[9],"tags":[],"yoast_head":"<!-- This site is optimized with the Yoast SEO plugin v23.0 - https:\/\/yoast.com\/wordpress\/plugins\/seo\/ -->\n<title>Robin Van Persie Art\u0131k Resmen Fenerbah\u00e7e&#039;de - The Epoch Times TR<\/title>\n<meta name=\"robots\" content=\"index, follow, max-snippet:-1, max-image-preview:large, max-video-preview:-1\" \/>\n<link rel=\"canonical\" href=\"https:\/\/epochtimestr.com\/index.php\/robin-van-persie-artik-resmen-fenerbahcede\" \/>\n<meta property=\"og:locale\" content=\"tr_TR\" \/>\n<meta property=\"og:type\" content=\"article\" \/>\n<meta property=\"og:title\" content=\"Robin Van Persie Art\u0131k Resmen Fenerbah\u00e7e&#039;de - The Epoch Times TR\" \/>\n<meta property=\"og:description\" content=\"Robin Van Persie, Fenerbah\u00e7e \u015e\u00fckr\u00fc Sara\u00e7o\u011flu Stad\u0131&#8217;nda taraftara a\u00e7\u0131k olarak yap\u0131lan imza t\u00f6reninin ard\u0131ndan art\u0131k resmen Fenerbah\u00e7eli. Fenerbah\u00e7e&#8217;nin anla\u015fmaya vard\u0131\u011f\u0131 y\u0131ld\u0131z oyuncu Robin Van Persie, d\u00fcn Fenerbah\u00e7e \u015e\u00fckr\u00fc Saraco\u011flu Stad\u0131&#8217;nda d\u00fczenlenen t\u00f6rende sar\u0131-lacivertli tak\u0131mla yollar\u0131n\u0131 birle\u015ftirdi. Saatler \u00f6ncesinden stada ak\u0131n eden taraftarlar, Hollandal\u0131 oyuncu sahaya \u00e7\u0131kt\u0131\u011f\u0131nda b\u00fcy\u00fck bir co\u015fku ya\u015fad\u0131. Y\u0131ld\u0131z oyuncu i\u00e7in tezah\u00fcratta bulunan [&hellip;]\" \/>\n<meta property=\"og:url\" content=\"https:\/\/epochtimestr.com\/index.php\/robin-van-persie-artik-resmen-fenerbahcede\" \/>\n<meta property=\"og:site_name\" content=\"The Epoch Times TR\" \/>\n<meta property=\"article:publisher\" content=\"https:\/\/www.facebook.com\/theepochtimestr\" \/>\n<meta property=\"article:published_time\" content=\"2015-07-15T07:27:00+00:00\" \/>\n<meta property=\"og:image\" content=\"https:\/\/epochtimestr.com\/wp-content\/uploads\/2011y\/robin-van-persie-imzayi-atti-1121030-664x354.jpg\" \/>\n\t<meta property=\"og:image:width\" content=\"600\" \/>\n\t<meta property=\"og:image:height\" content=\"319\" \/>\n\t<meta property=\"og:image:type\" content=\"image\/jpeg\" \/>\n<meta name=\"author\" content=\"S. \u00d6zcan\" \/>\n<meta name=\"twitter:card\" content=\"summary_large_image\" \/>\n<meta name=\"twitter:creator\" content=\"@TheEpochTimesTR\" \/>\n<meta name=\"twitter:site\" content=\"@TheEpochTimesTR\" \/>\n<meta name=\"twitter:label1\" content=\"Yazan:\" \/>\n\t<meta name=\"twitter:data1\" content=\"S. \u00d6zcan\" \/>\n\t<meta name=\"twitter:label2\" content=\"Tahmini okuma s\u00fcresi\" \/>\n\t<meta name=\"twitter:data2\" content=\"5 dakika\" \/>\n<script type=\"application\/ld+json\" class=\"yoast-schema-graph\">{\"@context\":\"https:\/\/schema.org\",\"@graph\":[{\"@type\":\"Article\",\"@id\":\"https:\/\/epochtimestr.com\/index.php\/robin-van-persie-artik-resmen-fenerbahcede#article\",\"isPartOf\":{\"@id\":\"https:\/\/epochtimestr.com\/index.php\/robin-van-persie-artik-resmen-fenerbahcede\"},\"author\":{\"name\":\"S. \u00d6zcan\",\"@id\":\"https:\/\/epochtimestr.com\/#\/schema\/person\/a68c9858eda0ed23ec4d60af426d1909\"},\"headline\":\"Robin Van Persie Art\u0131k Resmen Fenerbah\u00e7e&#8217;de\",\"datePublished\":\"2015-07-15T07:27:00+00:00\",\"dateModified\":\"2015-07-15T07:27:00+00:00\",\"mainEntityOfPage\":{\"@id\":\"https:\/\/epochtimestr.com\/index.php\/robin-van-persie-artik-resmen-fenerbahcede\"},\"wordCount\":908,\"commentCount\":0,\"publisher\":{\"@id\":\"https:\/\/epochtimestr.com\/#organization\"},\"image\":{\"@id\":\"https:\/\/epochtimestr.com\/index.php\/robin-van-persie-artik-resmen-fenerbahcede#primaryimage\"},\"thumbnailUrl\":\"https:\/\/epochtimestr.com\/wp-content\/uploads\/2011y\/robin-van-persie-imzayi-atti-1121030-664x354.jpg\",\"articleSection\":[\"Spor\"],\"inLanguage\":\"tr\",\"potentialAction\":[{\"@type\":\"CommentAction\",\"name\":\"Comment\",\"target\":[\"https:\/\/epochtimestr.com\/index.php\/robin-van-persie-artik-resmen-fenerbahcede#respond\"]}]},{\"@type\":\"WebPage\",\"@id\":\"https:\/\/epochtimestr.com\/index.php\/robin-van-persie-artik-resmen-fenerbahcede\",\"url\":\"https:\/\/epochtimestr.com\/index.php\/robin-van-persie-artik-resmen-fenerbahcede\",\"name\":\"Robin Van Persie Art\u0131k Resmen Fenerbah\u00e7e'de - The Epoch Times TR\",\"isPartOf\":{\"@id\":\"https:\/\/epochtimestr.com\/#website\"},\"primaryImageOfPage\":{\"@id\":\"https:\/\/epochtimestr.com\/index.php\/robin-van-persie-artik-resmen-fenerbahcede#primaryimage\"},\"image\":{\"@id\":\"https:\/\/epochtimestr.com\/index.php\/robin-van-persie-artik-resmen-fenerbahcede#primaryimage\"},\"thumbnailUrl\":\"https:\/\/epochtimestr.com\/wp-content\/uploads\/2011y\/robin-van-persie-imzayi-atti-1121030-664x354.jpg\",\"datePublished\":\"2015-07-15T07:27:00+00:00\",\"dateModified\":\"2015-07-15T07:27:00+00:00\",\"inLanguage\":\"tr\",\"potentialAction\":[{\"@type\":\"ReadAction\",\"target\":[\"https:\/\/epochtimestr.com\/index.php\/robin-van-persie-artik-resmen-fenerbahcede\"]}]},{\"@type\":\"ImageObject\",\"inLanguage\":\"tr\",\"@id\":\"https:\/\/epochtimestr.com\/index.php\/robin-van-persie-artik-resmen-fenerbahcede#primaryimage\",\"url\":\"https:\/\/epochtimestr.com\/wp-content\/uploads\/2011y\/robin-van-persie-imzayi-atti-1121030-664x354.jpg\",\"contentUrl\":\"https:\/\/epochtimestr.com\/wp-content\/uploads\/2011y\/robin-van-persie-imzayi-atti-1121030-664x354.jpg\",\"width\":600,\"height\":319,\"caption\":\"Foto\u011fraf: \u0130HA\"},{\"@type\":\"WebSite\",\"@id\":\"https:\/\/epochtimestr.com\/#website\",\"url\":\"https:\/\/epochtimestr.com\/\",\"name\":\"The Epoch Times TR\",\"description\":\"De\u011fi\u015fen D\u00fcnyam\u0131za Taze Bir Bak\u0131\u015f\",\"publisher\":{\"@id\":\"https:\/\/epochtimestr.com\/#organization\"},\"potentialAction\":[{\"@type\":\"SearchAction\",\"target\":{\"@type\":\"EntryPoint\",\"urlTemplate\":\"https:\/\/epochtimestr.com\/?s={search_term_string}\"},\"query-input\":\"required name=search_term_string\"}],\"inLanguage\":\"tr\"},{\"@type\":\"Organization\",\"@id\":\"https:\/\/epochtimestr.com\/#organization\",\"name\":\"The EpochTimes T\u00fcrkiye\",\"url\":\"https:\/\/epochtimestr.com\/\",\"logo\":{\"@type\":\"ImageObject\",\"inLanguage\":\"tr\",\"@id\":\"https:\/\/epochtimestr.com\/#\/schema\/logo\/image\/\",\"url\":\"https:\/\/epochtimestr.com\/wp-content\/uploads\/2011y\/ET-Logo-YG.jpg\",\"contentUrl\":\"https:\/\/epochtimestr.com\/wp-content\/uploads\/2011y\/ET-Logo-YG.jpg\",\"width\":346,\"height\":29,\"caption\":\"The EpochTimes T\u00fcrkiye\"},\"image\":{\"@id\":\"https:\/\/epochtimestr.com\/#\/schema\/logo\/image\/\"},\"sameAs\":[\"https:\/\/www.facebook.com\/theepochtimestr\",\"https:\/\/x.com\/TheEpochTimesTR\",\"https:\/\/www.instagram.com\/epochtimestr\"]},{\"@type\":\"Person\",\"@id\":\"https:\/\/epochtimestr.com\/#\/schema\/person\/a68c9858eda0ed23ec4d60af426d1909\",\"name\":\"S. \u00d6zcan\",\"image\":{\"@type\":\"ImageObject\",\"inLanguage\":\"tr\",\"@id\":\"https:\/\/epochtimestr.com\/#\/schema\/person\/image\/\",\"url\":\"https:\/\/secure.gravatar.com\/avatar\/4d5fe3f80eca8705add16a35528996c4?s=96&d=mm&r=g\",\"contentUrl\":\"https:\/\/secure.gravatar.com\/avatar\/4d5fe3f80eca8705add16a35528996c4?s=96&d=mm&r=g\",\"caption\":\"S. \u00d6zcan\"},\"url\":\"https:\/\/epochtimestr.com\/index.php\/author\/n-kaya\"}]}<\/script>\n<!-- \/ Yoast SEO plugin. -->","yoast_head_json":{"title":"Robin Van Persie Art\u0131k Resmen Fenerbah\u00e7e'de - The Epoch Times TR","robots":{"index":"index","follow":"follow","max-snippet":"max-snippet:-1","max-image-preview":"max-image-preview:large","max-video-preview":"max-video-preview:-1"},"canonical":"https:\/\/epochtimestr.com\/index.php\/robin-van-persie-artik-resmen-fenerbahcede","og_locale":"tr_TR","og_type":"article","og_title":"Robin Van Persie Art\u0131k Resmen Fenerbah\u00e7e'de - The Epoch Times TR","og_description":"Robin Van Persie, Fenerbah\u00e7e \u015e\u00fckr\u00fc Sara\u00e7o\u011flu Stad\u0131&#8217;nda taraftara a\u00e7\u0131k olarak yap\u0131lan imza t\u00f6reninin ard\u0131ndan art\u0131k resmen Fenerbah\u00e7eli. Fenerbah\u00e7e&#8217;nin anla\u015fmaya vard\u0131\u011f\u0131 y\u0131ld\u0131z oyuncu Robin Van Persie, d\u00fcn Fenerbah\u00e7e \u015e\u00fckr\u00fc Saraco\u011flu Stad\u0131&#8217;nda d\u00fczenlenen t\u00f6rende sar\u0131-lacivertli tak\u0131mla yollar\u0131n\u0131 birle\u015ftirdi. Saatler \u00f6ncesinden stada ak\u0131n eden taraftarlar, Hollandal\u0131 oyuncu sahaya \u00e7\u0131kt\u0131\u011f\u0131nda b\u00fcy\u00fck bir co\u015fku ya\u015fad\u0131. Y\u0131ld\u0131z oyuncu i\u00e7in tezah\u00fcratta bulunan [&hellip;]","og_url":"https:\/\/epochtimestr.com\/index.php\/robin-van-persie-artik-resmen-fenerbahcede","og_site_name":"The Epoch Times TR","article_publisher":"https:\/\/www.facebook.com\/theepochtimestr","article_published_time":"2015-07-15T07:27:00+00:00","og_image":[{"width":600,"height":319,"url":"https:\/\/epochtimestr.com\/wp-content\/uploads\/2011y\/robin-van-persie-imzayi-atti-1121030-664x354.jpg","type":"image\/jpeg"}],"author":"S. \u00d6zcan","twitter_card":"summary_large_image","twitter_creator":"@TheEpochTimesTR","twitter_site":"@TheEpochTimesTR","twitter_misc":{"Yazan:":"S. \u00d6zcan","Tahmini okuma s\u00fcresi":"5 dakika"},"schema":{"@context":"https:\/\/schema.org","@graph":[{"@type":"Article","@id":"https:\/\/epochtimestr.com\/index.php\/robin-van-persie-artik-resmen-fenerbahcede#article","isPartOf":{"@id":"https:\/\/epochtimestr.com\/index.php\/robin-van-persie-artik-resmen-fenerbahcede"},"author":{"name":"S. \u00d6zcan","@id":"https:\/\/epochtimestr.com\/#\/schema\/person\/a68c9858eda0ed23ec4d60af426d1909"},"headline":"Robin Van Persie Art\u0131k Resmen Fenerbah\u00e7e&#8217;de","datePublished":"2015-07-15T07:27:00+00:00","dateModified":"2015-07-15T07:27:00+00:00","mainEntityOfPage":{"@id":"https:\/\/epochtimestr.com\/index.php\/robin-van-persie-artik-resmen-fenerbahcede"},"wordCount":908,"commentCount":0,"publisher":{"@id":"https:\/\/epochtimestr.com\/#organization"},"image":{"@id":"https:\/\/epochtimestr.com\/index.php\/robin-van-persie-artik-resmen-fenerbahcede#primaryimage"},"thumbnailUrl":"https:\/\/epochtimestr.com\/wp-content\/uploads\/2011y\/robin-van-persie-imzayi-atti-1121030-664x354.jpg","articleSection":["Spor"],"inLanguage":"tr","potentialAction":[{"@type":"CommentAction","name":"Comment","target":["https:\/\/epochtimestr.com\/index.php\/robin-van-persie-artik-resmen-fenerbahcede#respond"]}]},{"@type":"WebPage","@id":"https:\/\/epochtimestr.com\/index.php\/robin-van-persie-artik-resmen-fenerbahcede","url":"https:\/\/epochtimestr.com\/index.php\/robin-van-persie-artik-resmen-fenerbahcede","name":"Robin Van Persie Art\u0131k Resmen Fenerbah\u00e7e'de - The Epoch Times TR","isPartOf":{"@id":"https:\/\/epochtimestr.com\/#website"},"primaryImageOfPage":{"@id":"https:\/\/epochtimestr.com\/index.php\/robin-van-persie-artik-resmen-fenerbahcede#primaryimage"},"image":{"@id":"https:\/\/epochtimestr.com\/index.php\/robin-van-persie-artik-resmen-fenerbahcede#primaryimage"},"thumbnailUrl":"https:\/\/epochtimestr.com\/wp-content\/uploads\/2011y\/robin-van-persie-imzayi-atti-1121030-664x354.jpg","datePublished":"2015-07-15T07:27:00+00:00","dateModified":"2015-07-15T07:27:00+00:00","inLanguage":"tr","potentialAction":[{"@type":"ReadAction","target":["https:\/\/epochtimestr.com\/index.php\/robin-van-persie-artik-resmen-fenerbahcede"]}]},{"@type":"ImageObject","inLanguage":"tr","@id":"https:\/\/epochtimestr.com\/index.php\/robin-van-persie-artik-resmen-fenerbahcede#primaryimage","url":"https:\/\/epochtimestr.com\/wp-content\/uploads\/2011y\/robin-van-persie-imzayi-atti-1121030-664x354.jpg","contentUrl":"https:\/\/epochtimestr.com\/wp-content\/uploads\/2011y\/robin-van-persie-imzayi-atti-1121030-664x354.jpg","width":600,"height":319,"caption":"Foto\u011fraf: \u0130HA"},{"@type":"WebSite","@id":"https:\/\/epochtimestr.com\/#website","url":"https:\/\/epochtimestr.com\/","name":"The Epoch Times TR","description":"De\u011fi\u015fen D\u00fcnyam\u0131za Taze Bir Bak\u0131\u015f","publisher":{"@id":"https:\/\/epochtimestr.com\/#organization"},"potentialAction":[{"@type":"SearchAction","target":{"@type":"EntryPoint","urlTemplate":"https:\/\/epochtimestr.com\/?s={search_term_string}"},"query-input":"required name=search_term_string"}],"inLanguage":"tr"},{"@type":"Organization","@id":"https:\/\/epochtimestr.com\/#organization","name":"The EpochTimes T\u00fcrkiye","url":"https:\/\/epochtimestr.com\/","logo":{"@type":"ImageObject","inLanguage":"tr","@id":"https:\/\/epochtimestr.com\/#\/schema\/logo\/image\/","url":"https:\/\/epochtimestr.com\/wp-content\/uploads\/2011y\/ET-Logo-YG.jpg","contentUrl":"https:\/\/epochtimestr.com\/wp-content\/uploads\/2011y\/ET-Logo-YG.jpg","width":346,"height":29,"caption":"The EpochTimes T\u00fcrkiye"},"image":{"@id":"https:\/\/epochtimestr.com\/#\/schema\/logo\/image\/"},"sameAs":["https:\/\/www.facebook.com\/theepochtimestr","https:\/\/x.com\/TheEpochTimesTR","https:\/\/www.instagram.com\/epochtimestr"]},{"@type":"Person","@id":"https:\/\/epochtimestr.com\/#\/schema\/person\/a68c9858eda0ed23ec4d60af426d1909","name":"S. \u00d6zcan","image":{"@type":"ImageObject","inLanguage":"tr","@id":"https:\/\/epochtimestr.com\/#\/schema\/person\/image\/","url":"https:\/\/secure.gravatar.com\/avatar\/4d5fe3f80eca8705add16a35528996c4?s=96&d=mm&r=g","contentUrl":"https:\/\/secure.gravatar.com\/avatar\/4d5fe3f80eca8705add16a35528996c4?s=96&d=mm&r=g","caption":"S. \u00d6zcan"},"url":"https:\/\/epochtimestr.com\/index.php\/author\/n-kaya"}]}},"_links":{"self":[{"href":"https:\/\/epochtimestr.com\/index.php\/wp-json\/wp\/v2\/posts\/86213"}],"collection":[{"href":"https:\/\/epochtimestr.com\/index.php\/wp-json\/wp\/v2\/posts"}],"about":[{"href":"https:\/\/epochtimestr.com\/index.php\/wp-json\/wp\/v2\/types\/post"}],"author":[{"embeddable":true,"href":"https:\/\/epochtimestr.com\/index.php\/wp-json\/wp\/v2\/users\/2299"}],"replies":[{"embeddable":true,"href":"https:\/\/epochtimestr.com\/index.php\/wp-json\/wp\/v2\/comments?post=86213"}],"version-history":[{"count":1,"href":"https:\/\/epochtimestr.com\/index.php\/wp-json\/wp\/v2\/posts\/86213\/revisions"}],"predecessor-version":[{"id":86215,"href":"https:\/\/epochtimestr.com\/index.php\/wp-json\/wp\/v2\/posts\/86213\/revisions\/86215"}],"wp:featuredmedia":[{"embeddable":true,"href":"https:\/\/epochtimestr.com\/index.php\/wp-json\/wp\/v2\/media\/86214"}],"wp:attachment":[{"href":"https:\/\/epochtimestr.com\/index.php\/wp-json\/wp\/v2\/media?parent=86213"}],"wp:term":[{"taxonomy":"category","embeddable":true,"href":"https:\/\/epochtimestr.com\/index.php\/wp-json\/wp\/v2\/categories?post=86213"},{"taxonomy":"post_tag","embeddable":true,"href":"https:\/\/epochtimestr.com\/index.php\/wp-json\/wp\/v2\/tags?post=86213"}],"curies":[{"name":"wp","href":"https:\/\/api.w.org\/{rel}","templated":true}]}}