{"id":86563,"date":"2015-08-05T23:34:10","date_gmt":"2015-08-05T20:34:10","guid":{"rendered":"http:\/\/epochtimestr.com\/?p=86563"},"modified":"2018-03-28T23:44:03","modified_gmt":"2018-03-28T20:44:03","slug":"fotograftaki-orb-nedir-ruh-mu-toz-mu","status":"publish","type":"post","link":"https:\/\/epochtimestr.com\/index.php\/fotograftaki-orb-nedir-ruh-mu-toz-mu","title":{"rendered":"Foto\u011fraftaki Orb Nedir? Ruh mu? Toz mu?"},"content":{"rendered":"<figure id=\"attachment_86564\" aria-describedby=\"caption-attachment-86564\" style=\"width: 600px\" class=\"wp-caption aligncenter\"><a href=\"https:\/\/epochtimestr.com\/index.php\/fotograftaki-orb-nedir-ruh-mu-toz-mu\/foto1\" rel=\"attachment wp-att-86564\"><img loading=\"lazy\" decoding=\"async\" class=\"size-full wp-image-86564\" src=\"https:\/\/epochtimestr.com\/wp-content\/uploads\/2011y\/Foto1.jpg\" alt=\"New York\u2019ta bir k\u0131\u015f ak\u015fam\u0131, Orblar havada u\u00e7u\u015fuyor 2009 (Joanne Day)\" width=\"600\" height=\"396\" srcset=\"https:\/\/epochtimestr.com\/wp-content\/uploads\/2011y\/Foto1.jpg 600w, https:\/\/epochtimestr.com\/wp-content\/uploads\/2011y\/Foto1-150x99.jpg 150w, https:\/\/epochtimestr.com\/wp-content\/uploads\/2011y\/Foto1-300x198.jpg 300w, https:\/\/epochtimestr.com\/wp-content\/uploads\/2011y\/Foto1-292x193.jpg 292w\" sizes=\"(max-width: 600px) 100vw, 600px\" \/><\/a><figcaption id=\"caption-attachment-86564\" class=\"wp-caption-text\">New York\u2019ta bir k\u0131\u015f ak\u015fam\u0131, Orblar havada u\u00e7u\u015fuyor 2009 (Joanne Day)<\/figcaption><\/figure>\n<p style=\"text-align: justify;\">Ara\u015ft\u0131rmac\u0131lar baz\u0131 orb\u2019lar\u0131n \u0131\u015f\u0131k yans\u0131mas\u0131 ile a\u00e7\u0131klanamayacak kadar anormal oldu\u011funu belirtiyor.<\/p>\n<p style=\"text-align: justify;\">Bir\u00e7ok insan foto\u011fraflar\u0131nda zaman zaman \u0131\u015f\u0131kl\u0131 yuvarlak bir leke g\u00f6r\u00fcrler. Bu lekeler \u00e7o\u011funlukla orb olarak bilinir. Baz\u0131 insanlar orb\u2019lar\u0131 bir y\u00fczey \u00fczerindeki \u0131\u015f\u0131\u011f\u0131n yans\u0131mas\u0131 olarak a\u00e7\u0131klar; baz\u0131lar\u0131 toz par\u00e7ac\u0131klar\u0131n\u0131n \u00fczerindeki \u0131\u015f\u0131\u011f\u0131n yans\u0131mas\u0131 olarak a\u00e7\u0131klar; ve baz\u0131lar\u0131 da ruhlar veya insan g\u00f6z\u00fc ile g\u00f6r\u00fclmeyen ba\u015fka cisimler olarak a\u00e7\u0131klar.<\/p>\n<p style=\"text-align: justify;\">Bu konu hakk\u0131nda bug\u00fcne kadar \u00e7ok az ara\u015ft\u0131rma yap\u0131ld\u0131 fakat Arizona \u00dcniversitesi\u2019nden Dr. Gary E. Schwartz ve Katherine Creath 2005 y\u0131l\u0131nda orb\u2019lar hakk\u0131nda bir ara\u015ft\u0131rma yay\u0131nlad\u0131.<\/p>\n<p style=\"text-align: justify;\">Bir\u00e7ok orb\u2019un kamera fla\u015f\u0131n\u0131n bir obje \u00fczerindeki yans\u0131mas\u0131 olarak a\u00e7\u0131klanabilece\u011fini belirttiler. Ancak Schwartz ve Creath baz\u0131 orb\u2019lar\u0131n geleneksel optik a\u00e7\u0131klamaya meydan okudu\u011funu kabul etti.<\/p>\n<figure id=\"attachment_86566\" aria-describedby=\"caption-attachment-86566\" style=\"width: 600px\" class=\"wp-caption aligncenter\"><a href=\"https:\/\/epochtimestr.com\/index.php\/fotograftaki-orb-nedir-ruh-mu-toz-mu\/bbc-orb1\" rel=\"attachment wp-att-86566\"><img loading=\"lazy\" decoding=\"async\" class=\"size-full wp-image-86566\" src=\"https:\/\/epochtimestr.com\/wp-content\/uploads\/2011y\/BBC-orb1.jpg\" alt=\"BBC belgeselinde g\u00f6r\u00fclen \u0131\u015f\u0131\u011f\u0131n yans\u0131mas\u0131ndan kaynaklanmayan orb. Arizona \u00dcniversitesi ara\u015ft\u0131rmac\u0131lar\u0131 bu orb i\u00e7in bilimsel bir a\u00e7\u0131klama bulamad\u0131lar (Screenshot\/u.arizona.edu)\" width=\"600\" height=\"399\" srcset=\"https:\/\/epochtimestr.com\/wp-content\/uploads\/2011y\/BBC-orb1.jpg 600w, https:\/\/epochtimestr.com\/wp-content\/uploads\/2011y\/BBC-orb1-150x100.jpg 150w, https:\/\/epochtimestr.com\/wp-content\/uploads\/2011y\/BBC-orb1-300x200.jpg 300w, https:\/\/epochtimestr.com\/wp-content\/uploads\/2011y\/BBC-orb1-292x194.jpg 292w\" sizes=\"(max-width: 600px) 100vw, 600px\" \/><\/a><figcaption id=\"caption-attachment-86566\" class=\"wp-caption-text\">BBC belgeselinde g\u00f6r\u00fclen \u0131\u015f\u0131\u011f\u0131n yans\u0131mas\u0131ndan kaynaklanmayan orb. Arizona \u00dcniversitesi ara\u015ft\u0131rmac\u0131lar\u0131 bu orb i\u00e7in bilimsel bir a\u00e7\u0131klama bulamad\u0131lar (Screenshot\/u.arizona.edu)<\/figcaption><\/figure>\n<p style=\"text-align: justify;\">Mesela BBC\u2019de yay\u0131nlanan belgeselde bir orb\u2019un g\u00f6zden kaybolmadan \u00f6nce yava\u015f\u00e7a hareket etti\u011fi g\u00f6r\u00fcl\u00fcyor. Schwartz ve Creath\u2019in g\u00f6r\u00fc\u015f\u00fcne g\u00f6re rastgele yans\u0131malar\u0131n sebep oldu\u011fu enerjik ve tahmin edilemeyecek \u015fekilde hareket eden bu t\u00fcr k\u00fcresel objeleri a\u00e7\u0131klamak m\u00fcmk\u00fcn de\u011fil. \u00a0Bunun yan\u0131nda bir\u00e7o\u011funun havadaki toz par\u00e7ac\u0131klar\u0131ndan kaynakland\u0131\u011f\u0131n\u0131 s\u00f6ylemek de m\u00fcmk\u00fcn de\u011fil.<\/p>\n<p style=\"text-align: justify;\">Bu belgesel y\u00fcksek kaliteli k\u0131z\u0131l\u00f6tesi kamera ile kaydedilmi\u015ftir. Schwartz ve Creath, her orbun geleneksel optik bilim mekanizmalar\u0131 ile a\u00e7\u0131klanabilmesini mant\u0131kl\u0131 bulmuyor.<\/p>\n<figure id=\"attachment_86567\" aria-describedby=\"caption-attachment-86567\" style=\"width: 600px\" class=\"wp-caption aligncenter\"><a href=\"https:\/\/epochtimestr.com\/index.php\/fotograftaki-orb-nedir-ruh-mu-toz-mu\/shadow-orb-2-2\" rel=\"attachment wp-att-86567\"><img loading=\"lazy\" decoding=\"async\" class=\"size-full wp-image-86567\" src=\"https:\/\/epochtimestr.com\/wp-content\/uploads\/2011y\/shadow-orb-2-2.jpg\" alt=\"Bir \u00f6k\u00fcz\u00fcn boynuzunun yan\u0131ndan sol tarafta g\u00f6r\u00fclen Orb.  Orbun boynuzun \u00fcst\u00fcnde belirmesi ve \u00fczerinde belirgin bir boynuz g\u00f6lgesi g\u00f6r\u00fclmesi ola\u011fand\u0131\u015f\u0131 (Cindy Drukier\/Epoch Times)\" width=\"600\" height=\"399\" srcset=\"https:\/\/epochtimestr.com\/wp-content\/uploads\/2011y\/shadow-orb-2-2.jpg 600w, https:\/\/epochtimestr.com\/wp-content\/uploads\/2011y\/shadow-orb-2-2-150x100.jpg 150w, https:\/\/epochtimestr.com\/wp-content\/uploads\/2011y\/shadow-orb-2-2-300x200.jpg 300w, https:\/\/epochtimestr.com\/wp-content\/uploads\/2011y\/shadow-orb-2-2-292x194.jpg 292w\" sizes=\"(max-width: 600px) 100vw, 600px\" \/><\/a><figcaption id=\"caption-attachment-86567\" class=\"wp-caption-text\">Bir \u00f6k\u00fcz\u00fcn boynuzunun yan\u0131ndan sol tarafta g\u00f6r\u00fclen Orb. Orbun boynuzun \u00fcst\u00fcnde belirmesi ve \u00fczerinde belirgin bir boynuz g\u00f6lgesi g\u00f6r\u00fclmesi ola\u011fand\u0131\u015f\u0131 (Cindy Drukier\/Epoch Times)<\/figcaption><\/figure>\n<figure id=\"attachment_86568\" aria-describedby=\"caption-attachment-86568\" style=\"width: 600px\" class=\"wp-caption aligncenter\"><a href=\"https:\/\/epochtimestr.com\/index.php\/fotograftaki-orb-nedir-ruh-mu-toz-mu\/regent-theatre-falun-14-april-12-after-end-of-evening-show\" rel=\"attachment wp-att-86568\"><img loading=\"lazy\" decoding=\"async\" class=\"size-full wp-image-86568\" src=\"https:\/\/epochtimestr.com\/wp-content\/uploads\/2011y\/Regent-Theatre-Falun-14-April-12-after-end-of-evening-show.jpg\" alt=\"Melbourne, Avustralya\u2019da 14 Nisan 2012 tarihinde Regent Tiyatrosunda Shen Yun G\u00f6steri Sanatlar\u0131 performans\u0131ndan sonra g\u00f6r\u00fclen orblar (Epoch Times)\" width=\"600\" height=\"399\" srcset=\"https:\/\/epochtimestr.com\/wp-content\/uploads\/2011y\/Regent-Theatre-Falun-14-April-12-after-end-of-evening-show.jpg 600w, https:\/\/epochtimestr.com\/wp-content\/uploads\/2011y\/Regent-Theatre-Falun-14-April-12-after-end-of-evening-show-150x100.jpg 150w, https:\/\/epochtimestr.com\/wp-content\/uploads\/2011y\/Regent-Theatre-Falun-14-April-12-after-end-of-evening-show-300x200.jpg 300w, https:\/\/epochtimestr.com\/wp-content\/uploads\/2011y\/Regent-Theatre-Falun-14-April-12-after-end-of-evening-show-292x194.jpg 292w\" sizes=\"(max-width: 600px) 100vw, 600px\" \/><\/a><figcaption id=\"caption-attachment-86568\" class=\"wp-caption-text\">Melbourne, Avustralya\u2019da 14 Nisan 2012 tarihinde Regent Tiyatrosunda Shen Yun G\u00f6steri Sanatlar\u0131 performans\u0131ndan sonra g\u00f6r\u00fclen orblar (Epoch Times)<\/figcaption><\/figure>\n","protected":false},"excerpt":{"rendered":"<p>Ara\u015ft\u0131rmac\u0131lar baz\u0131 orb\u2019lar\u0131n \u0131\u015f\u0131k yans\u0131mas\u0131 ile a\u00e7\u0131klanamayacak kadar anormal oldu\u011funu belirtiyor. Bir\u00e7ok insan foto\u011fraflar\u0131nda zaman zaman \u0131\u015f\u0131kl\u0131 yuvarlak bir leke g\u00f6r\u00fcrler. Bu lekeler \u00e7o\u011funlukla orb olarak bilinir. Baz\u0131 insanlar orb\u2019lar\u0131 bir y\u00fczey \u00fczerindeki \u0131\u015f\u0131\u011f\u0131n yans\u0131mas\u0131 olarak a\u00e7\u0131klar; baz\u0131lar\u0131 toz par\u00e7ac\u0131klar\u0131n\u0131n \u00fczerindeki \u0131\u015f\u0131\u011f\u0131n yans\u0131mas\u0131 olarak a\u00e7\u0131klar; ve baz\u0131lar\u0131 da ruhlar veya insan g\u00f6z\u00fc ile g\u00f6r\u00fclmeyen ba\u015fka [&hellip;]<\/p>\n","protected":false},"author":25,"featured_media":86564,"comment_status":"open","ping_status":"open","sticky":false,"template":"","format":"standard","meta":{"_yoast_wpseo_focuskw":"","_yoast_wpseo_title":"","_yoast_wpseo_metadesc":"","_bbp_topic_count":0,"_bbp_reply_count":0,"_bbp_total_topic_count":0,"_bbp_total_reply_count":0,"_bbp_voice_count":0,"_bbp_anonymous_reply_count":0,"_bbp_topic_count_hidden":0,"_bbp_reply_count_hidden":0,"_bbp_forum_subforum_count":0,"footnotes":"","_yoast_wpseo_focuskw_text_input":""},"categories":[31,70],"tags":[],"yoast_head":"<!-- This site is optimized with the Yoast SEO plugin v23.0 - https:\/\/yoast.com\/wordpress\/plugins\/seo\/ -->\n<title>Foto\u011fraftaki Orb Nedir? Ruh mu? Toz mu? - The Epoch Times TR<\/title>\n<meta name=\"robots\" content=\"index, follow, max-snippet:-1, max-image-preview:large, max-video-preview:-1\" \/>\n<link rel=\"canonical\" href=\"https:\/\/epochtimestr.com\/index.php\/fotograftaki-orb-nedir-ruh-mu-toz-mu\" \/>\n<meta property=\"og:locale\" content=\"tr_TR\" \/>\n<meta property=\"og:type\" content=\"article\" \/>\n<meta property=\"og:title\" content=\"Foto\u011fraftaki Orb Nedir? Ruh mu? Toz mu? - The Epoch Times TR\" \/>\n<meta property=\"og:description\" content=\"Ara\u015ft\u0131rmac\u0131lar baz\u0131 orb\u2019lar\u0131n \u0131\u015f\u0131k yans\u0131mas\u0131 ile a\u00e7\u0131klanamayacak kadar anormal oldu\u011funu belirtiyor. Bir\u00e7ok insan foto\u011fraflar\u0131nda zaman zaman \u0131\u015f\u0131kl\u0131 yuvarlak bir leke g\u00f6r\u00fcrler. Bu lekeler \u00e7o\u011funlukla orb olarak bilinir. Baz\u0131 insanlar orb\u2019lar\u0131 bir y\u00fczey \u00fczerindeki \u0131\u015f\u0131\u011f\u0131n yans\u0131mas\u0131 olarak a\u00e7\u0131klar; baz\u0131lar\u0131 toz par\u00e7ac\u0131klar\u0131n\u0131n \u00fczerindeki \u0131\u015f\u0131\u011f\u0131n yans\u0131mas\u0131 olarak a\u00e7\u0131klar; ve baz\u0131lar\u0131 da ruhlar veya insan g\u00f6z\u00fc ile g\u00f6r\u00fclmeyen ba\u015fka [&hellip;]\" \/>\n<meta property=\"og:url\" content=\"https:\/\/epochtimestr.com\/index.php\/fotograftaki-orb-nedir-ruh-mu-toz-mu\" \/>\n<meta property=\"og:site_name\" content=\"The Epoch Times TR\" \/>\n<meta property=\"article:publisher\" content=\"https:\/\/www.facebook.com\/theepochtimestr\" \/>\n<meta property=\"article:published_time\" content=\"2015-08-05T20:34:10+00:00\" \/>\n<meta property=\"article:modified_time\" content=\"2018-03-28T20:44:03+00:00\" \/>\n<meta property=\"og:image\" content=\"https:\/\/epochtimestr.com\/wp-content\/uploads\/2011y\/Foto1.jpg\" \/>\n\t<meta property=\"og:image:width\" content=\"600\" \/>\n\t<meta property=\"og:image:height\" content=\"396\" \/>\n\t<meta property=\"og:image:type\" content=\"image\/jpeg\" \/>\n<meta name=\"author\" content=\"Emel AKAN\" \/>\n<meta name=\"twitter:card\" content=\"summary_large_image\" \/>\n<meta name=\"twitter:creator\" content=\"@TheEpochTimesTR\" \/>\n<meta name=\"twitter:site\" content=\"@TheEpochTimesTR\" \/>\n<meta name=\"twitter:label1\" content=\"Yazan:\" \/>\n\t<meta name=\"twitter:data1\" content=\"Emel AKAN\" \/>\n\t<meta name=\"twitter:label2\" content=\"Tahmini okuma s\u00fcresi\" \/>\n\t<meta name=\"twitter:data2\" content=\"2 dakika\" \/>\n<script type=\"application\/ld+json\" class=\"yoast-schema-graph\">{\"@context\":\"https:\/\/schema.org\",\"@graph\":[{\"@type\":\"Article\",\"@id\":\"https:\/\/epochtimestr.com\/index.php\/fotograftaki-orb-nedir-ruh-mu-toz-mu#article\",\"isPartOf\":{\"@id\":\"https:\/\/epochtimestr.com\/index.php\/fotograftaki-orb-nedir-ruh-mu-toz-mu\"},\"author\":{\"name\":\"Emel AKAN\",\"@id\":\"https:\/\/epochtimestr.com\/#\/schema\/person\/6eb643244a30e5bc1e3f24bb56910e83\"},\"headline\":\"Foto\u011fraftaki Orb Nedir? Ruh mu? Toz mu?\",\"datePublished\":\"2015-08-05T20:34:10+00:00\",\"dateModified\":\"2018-03-28T20:44:03+00:00\",\"mainEntityOfPage\":{\"@id\":\"https:\/\/epochtimestr.com\/index.php\/fotograftaki-orb-nedir-ruh-mu-toz-mu\"},\"wordCount\":406,\"commentCount\":0,\"publisher\":{\"@id\":\"https:\/\/epochtimestr.com\/#organization\"},\"image\":{\"@id\":\"https:\/\/epochtimestr.com\/index.php\/fotograftaki-orb-nedir-ruh-mu-toz-mu#primaryimage\"},\"thumbnailUrl\":\"https:\/\/epochtimestr.com\/wp-content\/uploads\/2011y\/Foto1.jpg\",\"articleSection\":[\"B\u0130L\u0130M ve \u00d6TES\u0130\",\"Bilimsel Ke\u015fifler\"],\"inLanguage\":\"tr\",\"potentialAction\":[{\"@type\":\"CommentAction\",\"name\":\"Comment\",\"target\":[\"https:\/\/epochtimestr.com\/index.php\/fotograftaki-orb-nedir-ruh-mu-toz-mu#respond\"]}]},{\"@type\":\"WebPage\",\"@id\":\"https:\/\/epochtimestr.com\/index.php\/fotograftaki-orb-nedir-ruh-mu-toz-mu\",\"url\":\"https:\/\/epochtimestr.com\/index.php\/fotograftaki-orb-nedir-ruh-mu-toz-mu\",\"name\":\"Foto\u011fraftaki Orb Nedir? Ruh mu? Toz mu? - The Epoch Times TR\",\"isPartOf\":{\"@id\":\"https:\/\/epochtimestr.com\/#website\"},\"primaryImageOfPage\":{\"@id\":\"https:\/\/epochtimestr.com\/index.php\/fotograftaki-orb-nedir-ruh-mu-toz-mu#primaryimage\"},\"image\":{\"@id\":\"https:\/\/epochtimestr.com\/index.php\/fotograftaki-orb-nedir-ruh-mu-toz-mu#primaryimage\"},\"thumbnailUrl\":\"https:\/\/epochtimestr.com\/wp-content\/uploads\/2011y\/Foto1.jpg\",\"datePublished\":\"2015-08-05T20:34:10+00:00\",\"dateModified\":\"2018-03-28T20:44:03+00:00\",\"inLanguage\":\"tr\",\"potentialAction\":[{\"@type\":\"ReadAction\",\"target\":[\"https:\/\/epochtimestr.com\/index.php\/fotograftaki-orb-nedir-ruh-mu-toz-mu\"]}]},{\"@type\":\"ImageObject\",\"inLanguage\":\"tr\",\"@id\":\"https:\/\/epochtimestr.com\/index.php\/fotograftaki-orb-nedir-ruh-mu-toz-mu#primaryimage\",\"url\":\"https:\/\/epochtimestr.com\/wp-content\/uploads\/2011y\/Foto1.jpg\",\"contentUrl\":\"https:\/\/epochtimestr.com\/wp-content\/uploads\/2011y\/Foto1.jpg\",\"width\":600,\"height\":396,\"caption\":\"New York\u2019ta bir k\u0131\u015f ak\u015fam\u0131, Orblar havada u\u00e7u\u015fuyor 2009 (Joanne Day)\"},{\"@type\":\"WebSite\",\"@id\":\"https:\/\/epochtimestr.com\/#website\",\"url\":\"https:\/\/epochtimestr.com\/\",\"name\":\"The Epoch Times TR\",\"description\":\"De\u011fi\u015fen D\u00fcnyam\u0131za Taze Bir Bak\u0131\u015f\",\"publisher\":{\"@id\":\"https:\/\/epochtimestr.com\/#organization\"},\"potentialAction\":[{\"@type\":\"SearchAction\",\"target\":{\"@type\":\"EntryPoint\",\"urlTemplate\":\"https:\/\/epochtimestr.com\/?s={search_term_string}\"},\"query-input\":\"required name=search_term_string\"}],\"inLanguage\":\"tr\"},{\"@type\":\"Organization\",\"@id\":\"https:\/\/epochtimestr.com\/#organization\",\"name\":\"The EpochTimes T\u00fcrkiye\",\"url\":\"https:\/\/epochtimestr.com\/\",\"logo\":{\"@type\":\"ImageObject\",\"inLanguage\":\"tr\",\"@id\":\"https:\/\/epochtimestr.com\/#\/schema\/logo\/image\/\",\"url\":\"https:\/\/epochtimestr.com\/wp-content\/uploads\/2011y\/ET-Logo-YG.jpg\",\"contentUrl\":\"https:\/\/epochtimestr.com\/wp-content\/uploads\/2011y\/ET-Logo-YG.jpg\",\"width\":346,\"height\":29,\"caption\":\"The EpochTimes T\u00fcrkiye\"},\"image\":{\"@id\":\"https:\/\/epochtimestr.com\/#\/schema\/logo\/image\/\"},\"sameAs\":[\"https:\/\/www.facebook.com\/theepochtimestr\",\"https:\/\/x.com\/TheEpochTimesTR\",\"https:\/\/www.instagram.com\/epochtimestr\"]},{\"@type\":\"Person\",\"@id\":\"https:\/\/epochtimestr.com\/#\/schema\/person\/6eb643244a30e5bc1e3f24bb56910e83\",\"name\":\"Emel AKAN\",\"image\":{\"@type\":\"ImageObject\",\"inLanguage\":\"tr\",\"@id\":\"https:\/\/epochtimestr.com\/#\/schema\/person\/image\/\",\"url\":\"https:\/\/secure.gravatar.com\/avatar\/390e1c5fc574e7ba54694d0be151ec60?s=96&d=mm&r=g\",\"contentUrl\":\"https:\/\/secure.gravatar.com\/avatar\/390e1c5fc574e7ba54694d0be151ec60?s=96&d=mm&r=g\",\"caption\":\"Emel AKAN\"},\"url\":\"https:\/\/epochtimestr.com\/index.php\/author\/emel\"}]}<\/script>\n<!-- \/ Yoast SEO plugin. -->","yoast_head_json":{"title":"Foto\u011fraftaki Orb Nedir? Ruh mu? Toz mu? - The Epoch Times TR","robots":{"index":"index","follow":"follow","max-snippet":"max-snippet:-1","max-image-preview":"max-image-preview:large","max-video-preview":"max-video-preview:-1"},"canonical":"https:\/\/epochtimestr.com\/index.php\/fotograftaki-orb-nedir-ruh-mu-toz-mu","og_locale":"tr_TR","og_type":"article","og_title":"Foto\u011fraftaki Orb Nedir? Ruh mu? Toz mu? - The Epoch Times TR","og_description":"Ara\u015ft\u0131rmac\u0131lar baz\u0131 orb\u2019lar\u0131n \u0131\u015f\u0131k yans\u0131mas\u0131 ile a\u00e7\u0131klanamayacak kadar anormal oldu\u011funu belirtiyor. Bir\u00e7ok insan foto\u011fraflar\u0131nda zaman zaman \u0131\u015f\u0131kl\u0131 yuvarlak bir leke g\u00f6r\u00fcrler. Bu lekeler \u00e7o\u011funlukla orb olarak bilinir. Baz\u0131 insanlar orb\u2019lar\u0131 bir y\u00fczey \u00fczerindeki \u0131\u015f\u0131\u011f\u0131n yans\u0131mas\u0131 olarak a\u00e7\u0131klar; baz\u0131lar\u0131 toz par\u00e7ac\u0131klar\u0131n\u0131n \u00fczerindeki \u0131\u015f\u0131\u011f\u0131n yans\u0131mas\u0131 olarak a\u00e7\u0131klar; ve baz\u0131lar\u0131 da ruhlar veya insan g\u00f6z\u00fc ile g\u00f6r\u00fclmeyen ba\u015fka [&hellip;]","og_url":"https:\/\/epochtimestr.com\/index.php\/fotograftaki-orb-nedir-ruh-mu-toz-mu","og_site_name":"The Epoch Times TR","article_publisher":"https:\/\/www.facebook.com\/theepochtimestr","article_published_time":"2015-08-05T20:34:10+00:00","article_modified_time":"2018-03-28T20:44:03+00:00","og_image":[{"width":600,"height":396,"url":"https:\/\/epochtimestr.com\/wp-content\/uploads\/2011y\/Foto1.jpg","type":"image\/jpeg"}],"author":"Emel AKAN","twitter_card":"summary_large_image","twitter_creator":"@TheEpochTimesTR","twitter_site":"@TheEpochTimesTR","twitter_misc":{"Yazan:":"Emel AKAN","Tahmini okuma s\u00fcresi":"2 dakika"},"schema":{"@context":"https:\/\/schema.org","@graph":[{"@type":"Article","@id":"https:\/\/epochtimestr.com\/index.php\/fotograftaki-orb-nedir-ruh-mu-toz-mu#article","isPartOf":{"@id":"https:\/\/epochtimestr.com\/index.php\/fotograftaki-orb-nedir-ruh-mu-toz-mu"},"author":{"name":"Emel AKAN","@id":"https:\/\/epochtimestr.com\/#\/schema\/person\/6eb643244a30e5bc1e3f24bb56910e83"},"headline":"Foto\u011fraftaki Orb Nedir? Ruh mu? Toz mu?","datePublished":"2015-08-05T20:34:10+00:00","dateModified":"2018-03-28T20:44:03+00:00","mainEntityOfPage":{"@id":"https:\/\/epochtimestr.com\/index.php\/fotograftaki-orb-nedir-ruh-mu-toz-mu"},"wordCount":406,"commentCount":0,"publisher":{"@id":"https:\/\/epochtimestr.com\/#organization"},"image":{"@id":"https:\/\/epochtimestr.com\/index.php\/fotograftaki-orb-nedir-ruh-mu-toz-mu#primaryimage"},"thumbnailUrl":"https:\/\/epochtimestr.com\/wp-content\/uploads\/2011y\/Foto1.jpg","articleSection":["B\u0130L\u0130M ve \u00d6TES\u0130","Bilimsel Ke\u015fifler"],"inLanguage":"tr","potentialAction":[{"@type":"CommentAction","name":"Comment","target":["https:\/\/epochtimestr.com\/index.php\/fotograftaki-orb-nedir-ruh-mu-toz-mu#respond"]}]},{"@type":"WebPage","@id":"https:\/\/epochtimestr.com\/index.php\/fotograftaki-orb-nedir-ruh-mu-toz-mu","url":"https:\/\/epochtimestr.com\/index.php\/fotograftaki-orb-nedir-ruh-mu-toz-mu","name":"Foto\u011fraftaki Orb Nedir? Ruh mu? Toz mu? - The Epoch Times TR","isPartOf":{"@id":"https:\/\/epochtimestr.com\/#website"},"primaryImageOfPage":{"@id":"https:\/\/epochtimestr.com\/index.php\/fotograftaki-orb-nedir-ruh-mu-toz-mu#primaryimage"},"image":{"@id":"https:\/\/epochtimestr.com\/index.php\/fotograftaki-orb-nedir-ruh-mu-toz-mu#primaryimage"},"thumbnailUrl":"https:\/\/epochtimestr.com\/wp-content\/uploads\/2011y\/Foto1.jpg","datePublished":"2015-08-05T20:34:10+00:00","dateModified":"2018-03-28T20:44:03+00:00","inLanguage":"tr","potentialAction":[{"@type":"ReadAction","target":["https:\/\/epochtimestr.com\/index.php\/fotograftaki-orb-nedir-ruh-mu-toz-mu"]}]},{"@type":"ImageObject","inLanguage":"tr","@id":"https:\/\/epochtimestr.com\/index.php\/fotograftaki-orb-nedir-ruh-mu-toz-mu#primaryimage","url":"https:\/\/epochtimestr.com\/wp-content\/uploads\/2011y\/Foto1.jpg","contentUrl":"https:\/\/epochtimestr.com\/wp-content\/uploads\/2011y\/Foto1.jpg","width":600,"height":396,"caption":"New York\u2019ta bir k\u0131\u015f ak\u015fam\u0131, Orblar havada u\u00e7u\u015fuyor 2009 (Joanne Day)"},{"@type":"WebSite","@id":"https:\/\/epochtimestr.com\/#website","url":"https:\/\/epochtimestr.com\/","name":"The Epoch Times TR","description":"De\u011fi\u015fen D\u00fcnyam\u0131za Taze Bir Bak\u0131\u015f","publisher":{"@id":"https:\/\/epochtimestr.com\/#organization"},"potentialAction":[{"@type":"SearchAction","target":{"@type":"EntryPoint","urlTemplate":"https:\/\/epochtimestr.com\/?s={search_term_string}"},"query-input":"required name=search_term_string"}],"inLanguage":"tr"},{"@type":"Organization","@id":"https:\/\/epochtimestr.com\/#organization","name":"The EpochTimes T\u00fcrkiye","url":"https:\/\/epochtimestr.com\/","logo":{"@type":"ImageObject","inLanguage":"tr","@id":"https:\/\/epochtimestr.com\/#\/schema\/logo\/image\/","url":"https:\/\/epochtimestr.com\/wp-content\/uploads\/2011y\/ET-Logo-YG.jpg","contentUrl":"https:\/\/epochtimestr.com\/wp-content\/uploads\/2011y\/ET-Logo-YG.jpg","width":346,"height":29,"caption":"The EpochTimes T\u00fcrkiye"},"image":{"@id":"https:\/\/epochtimestr.com\/#\/schema\/logo\/image\/"},"sameAs":["https:\/\/www.facebook.com\/theepochtimestr","https:\/\/x.com\/TheEpochTimesTR","https:\/\/www.instagram.com\/epochtimestr"]},{"@type":"Person","@id":"https:\/\/epochtimestr.com\/#\/schema\/person\/6eb643244a30e5bc1e3f24bb56910e83","name":"Emel AKAN","image":{"@type":"ImageObject","inLanguage":"tr","@id":"https:\/\/epochtimestr.com\/#\/schema\/person\/image\/","url":"https:\/\/secure.gravatar.com\/avatar\/390e1c5fc574e7ba54694d0be151ec60?s=96&d=mm&r=g","contentUrl":"https:\/\/secure.gravatar.com\/avatar\/390e1c5fc574e7ba54694d0be151ec60?s=96&d=mm&r=g","caption":"Emel AKAN"},"url":"https:\/\/epochtimestr.com\/index.php\/author\/emel"}]}},"_links":{"self":[{"href":"https:\/\/epochtimestr.com\/index.php\/wp-json\/wp\/v2\/posts\/86563"}],"collection":[{"href":"https:\/\/epochtimestr.com\/index.php\/wp-json\/wp\/v2\/posts"}],"about":[{"href":"https:\/\/epochtimestr.com\/index.php\/wp-json\/wp\/v2\/types\/post"}],"author":[{"embeddable":true,"href":"https:\/\/epochtimestr.com\/index.php\/wp-json\/wp\/v2\/users\/25"}],"replies":[{"embeddable":true,"href":"https:\/\/epochtimestr.com\/index.php\/wp-json\/wp\/v2\/comments?post=86563"}],"version-history":[{"count":3,"href":"https:\/\/epochtimestr.com\/index.php\/wp-json\/wp\/v2\/posts\/86563\/revisions"}],"predecessor-version":[{"id":86570,"href":"https:\/\/epochtimestr.com\/index.php\/wp-json\/wp\/v2\/posts\/86563\/revisions\/86570"}],"wp:featuredmedia":[{"embeddable":true,"href":"https:\/\/epochtimestr.com\/index.php\/wp-json\/wp\/v2\/media\/86564"}],"wp:attachment":[{"href":"https:\/\/epochtimestr.com\/index.php\/wp-json\/wp\/v2\/media?parent=86563"}],"wp:term":[{"taxonomy":"category","embeddable":true,"href":"https:\/\/epochtimestr.com\/index.php\/wp-json\/wp\/v2\/categories?post=86563"},{"taxonomy":"post_tag","embeddable":true,"href":"https:\/\/epochtimestr.com\/index.php\/wp-json\/wp\/v2\/tags?post=86563"}],"curies":[{"name":"wp","href":"https:\/\/api.w.org\/{rel}","templated":true}]}}