{"id":8670,"date":"2010-07-29T18:24:26","date_gmt":"2010-07-29T16:24:26","guid":{"rendered":"http:\/\/www.epochtimestr.com\/?p=8670"},"modified":"2024-03-01T16:23:07","modified_gmt":"2024-03-01T13:23:07","slug":"cindoruk-12-eylul-darbesinde-hapis-yattigi-zincirbozandan-referanduma-hayir-dedi","status":"publish","type":"post","link":"https:\/\/epochtimestr.com\/index.php\/cindoruk-12-eylul-darbesinde-hapis-yattigi-zincirbozandan-referanduma-hayir-dedi","title":{"rendered":"Cindoruk, 12 Eyl\u00fcl Darbesinde Hapis Yatt\u0131\u011f\u0131 Zincirbozan&#8217;dan Referanduma &#8216;Hay\u0131r&#8217; Dedi"},"content":{"rendered":"<p><a class=\"highslide\" onclick=\"return vz.expand(this)\" href=\"http:\/\/www.epochtimestr.com\/wp-content\/uploads\/2010\/mart\/1482899_p.jpg\"><span style=\"color: #000000;\"><img loading=\"lazy\" decoding=\"async\" class=\"alignright size-medium wp-image-8671\" title=\"1482899_p\" src=\"http:\/\/www.epochtimestr.com\/wp-content\/uploads\/2010\/mart\/1482899_p-300x225.jpg\" alt=\"\" width=\"300\" height=\"225\" \/><\/span><\/a><a><span style=\"color: #000000;\">\u00c7anakkale&#8217;nin Lapseki il\u00e7esindeki Zincirbozan askeri tesisini ziyaret eden Demokrat Parti (DP) Genel Ba\u015fkan\u0131 H\u00fcsamettin Cindoruk, darbe sonras\u0131 buradaki cezaevinde yatmas\u0131na ra\u011fmen darbe Anayasas\u0131n\u0131n de\u011fi\u015fmesine &#8216;Hay\u0131r&#8217; diyece\u011fini s\u00f6yledi. <\/span><span style=\"color: #000000;\">\u00c7anakkale&#8217;de baz\u0131 ziyaretlerde bulunan DP Genel Ba\u015fkan\u0131 H\u00fcsamettin Cindoruk, son olarak 1980 darbesi sonras\u0131 S\u00fcleyman Demirel ile beraber 4 ay kald\u0131\u011f\u0131 Zincirbozan Askeri Cezaevi&#8217;ni ziyaret etti. 27 y\u0131l aradan sonra ilk defa misafir olarak geldi\u011fi Zincirbozan&#8217;da komutanlar taraf\u0131ndan kap\u0131da kar\u015f\u0131lanan Cindoruk, daha sonra bas\u0131na kapal\u0131 olarak komutanlarla kahve i\u00e7ip sohbet etti.<\/span>\u00a0<\/p>\n<p><span style=\"color: #000000;\">Ziyaret s\u0131ras\u0131nda i\u00e7eriye al\u0131nmayan partililer askerlerin silahl\u0131 n\u00f6bet tutu\u011fu giri\u015f kap\u0131s\u0131 \u00f6n\u00fcnde beklemek zorunda kald\u0131. Ziyaret sonras\u0131 askeri alan i\u00e7erisindeki 600 metrelik yolu makam arac\u0131 yerine y\u00fcr\u00fcyerek \u00e7\u0131k\u0131\u015f kap\u0131s\u0131na kadar gelen Cindoruk, burada bas\u0131n mensuplar\u0131n\u0131n sorular\u0131n\u0131 cevapland\u0131rd\u0131.<\/span>\u00a0<\/p>\n<p><span style=\"color: #000000;\">Darbe sonras\u0131 zorla tutulduklar\u0131 Zincirbozan askeri cezaevine ilk defa ziyaret i\u00e7in geldi\u011fini s\u00f6ylen Cindoruk, daha \u00f6nce \u00c7ardak beldesinden ge\u00e7erken Zincirbozan&#8217;\u0131 d\u0131\u015fardan g\u00f6rd\u00fc\u011f\u00fcn\u00fc, ancak bir t\u00fcrl\u00fc f\u0131rsat bulup i\u00e7eri giremedi\u011fini hat\u0131rlatt\u0131. Cindoruk, &#8220;4 ayl\u0131k hapis s\u00fcrecimizi 2 Kas\u0131m 1983 tarihinde sona erdirmi\u015ftik. Askerimize k\u00fcsmedik, askerimizle ihtilafa d\u00fc\u015fmedik. Ama o darbeyi yapanlara kar\u015f\u0131 d\u00fc\u015f\u00fcncelerimizi de ifade ettik. 27 sene evvel kurdu\u011fumuz DYP, bug\u00fcn DP&#8217;nin bir par\u00e7as\u0131d\u0131r. Do\u011fru Yol Partisi burada kurulmu\u015ftur. Demirel, Do\u011fru Yol&#8217;u bu yolu ar\u015f\u0131nlarken kurdu. Darbeler d\u00f6nemine kar\u015f\u0131 olmam\u0131z i\u00e7in bizim \u00e7ok hakl\u0131 sebeplerimiz var. Hem Adalet Partisi&#8217;ni, hem B\u00fcy\u00fck T\u00fcrkiye Partisi&#8217;ni kapatt\u0131lar. Biz b\u00fct\u00fcn bunlara ra\u011fmen ordumuza sevgimizi, sayg\u0131m\u0131z\u0131 s\u00fcrd\u00fcr\u00fcyoruz. Ancak darbeleri yapanlara kar\u015f\u0131 i\u00e7imizde en b\u00fcy\u00fck kin ve nefreti ta\u015f\u0131d\u0131k.&#8221; dedi.<\/span>\u00a0<\/p>\n<p><span style=\"color: #000000;\">Bir soru \u00fczerine, 12 Eyl\u00fcl&#8217;de yap\u0131lacak olan referandumda oylamaya sunulacak olan yeni anayasaya ni\u00e7in kar\u015f\u0131 oldu\u011funu da a\u00e7\u0131klayan Cindoruk, &#8220;Referandumda hay\u0131r diyorum. \u00c7\u00fcnk\u00fc demokrasiye i\u015flerlik kazand\u0131racak bir anayasa de\u011fi\u015fikli\u011fi yapan iktidar\u0131n uzla\u015fma yapmas\u0131 gerekirdi. \u0130kincisi, bu iktidar\u0131n demokrasiye y\u00f6nelik bir iyilik yapaca\u011f\u0131na inanm\u0131yorum. 72 milyonun telefonunu dinleyen bir iktidar\u0131n anayasa de\u011fi\u015fikli\u011fi yapmas\u0131 i\u00e7in ehliyeti, yetene\u011fi ve demokratik niteli\u011fi yok. Demokratik niteli\u011fi olmayan\u0131n da uygulamada daima anti demokratik, bask\u0131c\u0131 tedbirler alan bir iktidar\u0131n \u00f6zg\u00fcrl\u00fck\u00e7\u00fc, bir anayasa de\u011fi\u015fikli\u011fi yapaca\u011f\u0131na inanm\u0131yorum. Eski defteri kar\u0131\u015ft\u0131rmak yerine yeni defterlere bakacaks\u0131n\u0131z.&#8221; dedi.<\/span>\u00a0<\/p>\n<p><span style=\"color: #000000;\">Bir gazeteci taraf\u0131ndan Zincirbozan&#8217;da cezaland\u0131r\u0131lm\u0131\u015f olmas\u0131na ra\u011fmen darbe anayasan\u0131n de\u011fi\u015fmesine &#8220;Hay\u0131r&#8221; demesinin ne gibi bir anlam\u0131 oldu\u011funun sorulmas\u0131 \u00fczerine Cindoruk, &#8220;Zincirbozan&#8217;da hapis yatm\u0131\u015f bir siyaset\u00e7i, bug\u00fcn bu referanduma hay\u0131r diyorsa bunun bir anlam\u0131 vard\u0131r. Yani bu \u00f6yle bir anlam ki iki \u015feyi ay\u0131rmak vaktiyle mazide ya\u015fanan hadiseleri ay\u0131rmak, yani eski defterleri kar\u0131\u015ft\u0131rarak karar vermek de\u011fil. Yeni defterlere bakacaks\u0131n\u0131z. Yeni defterler demokrasi i\u00e7in ortak uzla\u015fmac\u0131 yeni bir anayasa gerektiriyor.&#8221; \u015feklinde konu\u015ftu.<\/span>\u00a0<\/p>\n<p><span style=\"color: #000000;\">Cumhuriyet Halk Partisi&#8217;nin g\u00fcndeme getirdi\u011fi askerin darbe yapmas\u0131na neden olan 35. maddenin kalkmas\u0131ndan yana olduklar\u0131n\u0131 kaydeden Cindoruk, \u015f\u00f6yle devam etti:<\/span>\u00a0<\/p>\n<p><span style=\"color: #000000;\">&#8220;De\u011fi\u015fmesi ya da kalkmas\u0131 \u00e7ok do\u011frudur. Ancak bu yeterli de\u011fildir. E\u011fer darbelere kar\u015f\u0131 olacaksak, darbelere sebep olan \u015feyleri ortadan kald\u0131rmal\u0131y\u0131z. Halk\u0131n b\u00fcy\u00fck \u00e7o\u011funlu\u011fu ayn\u0131 istikamette uzla\u015f\u0131rsak darbe ihtimali ortadan kalkar. Durduk yerde ordumuzu, kumandanlar\u0131m\u0131z\u0131, askerlerimizi, ter\u00f6rle m\u00fccadele eden subaylar\u0131m\u0131z\u0131 incitmemeliyiz. Ordu darbe yapmaz, ordunun i\u00e7inde birtak\u0131m komutalar darbe yapar. Onlar\u0131n da ne kadar ge\u00e7ersiz, de\u011fersiz oldu\u011funu bug\u00fcn de g\u00f6r\u00fcyorsunuz. 27 sene sonra bir sivil adam olarak, beni burada tutuklu tutan \u015fu tel \u00f6rg\u00fcleri a\u015farak elimi kolumu sallayarak geldim, kahvemi i\u00e7tim. Beraberce buradan \u00f6zg\u00fcrl\u00fc\u011fe do\u011fru y\u00fcr\u00fcyece\u011fiz. Allah bir daha o g\u00fcnleri g\u00f6stermesin. Gen\u00e7 subaylar bana kahve ikram etti. Bunlar ter\u00f6re kar\u015f\u0131 sava\u015f\u0131yor.&#8221;<\/span>\u00a0<\/p>\n<p><\/a><\/p>\n","protected":false},"excerpt":{"rendered":"<p>\u00c7anakkale&#8217;nin Lapseki il\u00e7esindeki Zincirbozan askeri tesisini ziyaret eden Demokrat Parti (DP) Genel Ba\u015fkan\u0131 H\u00fcsamettin Cindoruk, darbe sonras\u0131 buradaki cezaevinde yatmas\u0131na ra\u011fmen darbe Anayasas\u0131n\u0131n de\u011fi\u015fmesine &#8216;Hay\u0131r&#8217; diyece\u011fini s\u00f6yledi. \u00c7anakkale&#8217;de baz\u0131 ziyaretlerde bulunan DP Genel Ba\u015fkan\u0131 H\u00fcsamettin Cindoruk, son olarak 1980 darbesi sonras\u0131 S\u00fcleyman Demirel ile beraber 4 ay kald\u0131\u011f\u0131 Zincirbozan Askeri Cezaevi&#8217;ni ziyaret etti. 27 y\u0131l [&hellip;]<\/p>\n","protected":false},"author":22,"featured_media":0,"comment_status":"open","ping_status":"open","sticky":false,"template":"","format":"standard","meta":{"_yoast_wpseo_focuskw":"","_yoast_wpseo_title":"","_yoast_wpseo_metadesc":"","_bbp_topic_count":0,"_bbp_reply_count":0,"_bbp_total_topic_count":0,"_bbp_total_reply_count":0,"_bbp_voice_count":0,"_bbp_anonymous_reply_count":0,"_bbp_topic_count_hidden":0,"_bbp_reply_count_hidden":0,"_bbp_forum_subforum_count":0,"footnotes":"","_yoast_wpseo_focuskw_text_input":""},"categories":[8226],"tags":[],"yoast_head":"<!-- This site is optimized with the Yoast SEO plugin v23.0 - https:\/\/yoast.com\/wordpress\/plugins\/seo\/ -->\n<title>Cindoruk, 12 Eyl\u00fcl Darbesinde Hapis Yatt\u0131\u011f\u0131 Zincirbozan&#039;dan Referanduma &#039;Hay\u0131r&#039; Dedi - The Epoch Times TR<\/title>\n<meta name=\"robots\" content=\"index, follow, max-snippet:-1, max-image-preview:large, max-video-preview:-1\" \/>\n<link rel=\"canonical\" href=\"https:\/\/epochtimestr.com\/index.php\/cindoruk-12-eylul-darbesinde-hapis-yattigi-zincirbozandan-referanduma-hayir-dedi\" \/>\n<meta property=\"og:locale\" content=\"tr_TR\" \/>\n<meta property=\"og:type\" content=\"article\" \/>\n<meta property=\"og:title\" content=\"Cindoruk, 12 Eyl\u00fcl Darbesinde Hapis Yatt\u0131\u011f\u0131 Zincirbozan&#039;dan Referanduma &#039;Hay\u0131r&#039; Dedi - The Epoch Times TR\" \/>\n<meta property=\"og:description\" content=\"\u00c7anakkale&#8217;nin Lapseki il\u00e7esindeki Zincirbozan askeri tesisini ziyaret eden Demokrat Parti (DP) Genel Ba\u015fkan\u0131 H\u00fcsamettin Cindoruk, darbe sonras\u0131 buradaki cezaevinde yatmas\u0131na ra\u011fmen darbe Anayasas\u0131n\u0131n de\u011fi\u015fmesine &#8216;Hay\u0131r&#8217; diyece\u011fini s\u00f6yledi. \u00c7anakkale&#8217;de baz\u0131 ziyaretlerde bulunan DP Genel Ba\u015fkan\u0131 H\u00fcsamettin Cindoruk, son olarak 1980 darbesi sonras\u0131 S\u00fcleyman Demirel ile beraber 4 ay kald\u0131\u011f\u0131 Zincirbozan Askeri Cezaevi&#8217;ni ziyaret etti. 27 y\u0131l [&hellip;]\" \/>\n<meta property=\"og:url\" content=\"https:\/\/epochtimestr.com\/index.php\/cindoruk-12-eylul-darbesinde-hapis-yattigi-zincirbozandan-referanduma-hayir-dedi\" \/>\n<meta property=\"og:site_name\" content=\"The Epoch Times TR\" \/>\n<meta property=\"article:publisher\" content=\"https:\/\/www.facebook.com\/theepochtimestr\" \/>\n<meta property=\"article:published_time\" content=\"2010-07-29T16:24:26+00:00\" \/>\n<meta property=\"article:modified_time\" content=\"2024-03-01T13:23:07+00:00\" \/>\n<meta property=\"og:image\" content=\"http:\/\/www.epochtimestr.com\/wp-content\/uploads\/2010\/mart\/1482899_p-300x225.jpg\" \/>\n<meta name=\"author\" content=\"G.Hakan Ko\u00e7man\" \/>\n<meta name=\"twitter:card\" content=\"summary_large_image\" \/>\n<meta name=\"twitter:creator\" content=\"@TheEpochTimesTR\" \/>\n<meta name=\"twitter:site\" content=\"@TheEpochTimesTR\" \/>\n<meta name=\"twitter:label1\" content=\"Yazan:\" \/>\n\t<meta name=\"twitter:data1\" content=\"G.Hakan Ko\u00e7man\" \/>\n\t<meta name=\"twitter:label2\" content=\"Tahmini okuma s\u00fcresi\" \/>\n\t<meta name=\"twitter:data2\" content=\"3 dakika\" \/>\n<script type=\"application\/ld+json\" class=\"yoast-schema-graph\">{\"@context\":\"https:\/\/schema.org\",\"@graph\":[{\"@type\":\"Article\",\"@id\":\"https:\/\/epochtimestr.com\/index.php\/cindoruk-12-eylul-darbesinde-hapis-yattigi-zincirbozandan-referanduma-hayir-dedi#article\",\"isPartOf\":{\"@id\":\"https:\/\/epochtimestr.com\/index.php\/cindoruk-12-eylul-darbesinde-hapis-yattigi-zincirbozandan-referanduma-hayir-dedi\"},\"author\":{\"name\":\"G.Hakan Ko\u00e7man\",\"@id\":\"https:\/\/epochtimestr.com\/#\/schema\/person\/b5509977c9a6cd729a3e74d9743d035b\"},\"headline\":\"Cindoruk, 12 Eyl\u00fcl Darbesinde Hapis Yatt\u0131\u011f\u0131 Zincirbozan&#8217;dan Referanduma &#8216;Hay\u0131r&#8217; Dedi\",\"datePublished\":\"2010-07-29T16:24:26+00:00\",\"dateModified\":\"2024-03-01T13:23:07+00:00\",\"mainEntityOfPage\":{\"@id\":\"https:\/\/epochtimestr.com\/index.php\/cindoruk-12-eylul-darbesinde-hapis-yattigi-zincirbozandan-referanduma-hayir-dedi\"},\"wordCount\":704,\"commentCount\":0,\"publisher\":{\"@id\":\"https:\/\/epochtimestr.com\/#organization\"},\"image\":{\"@id\":\"https:\/\/epochtimestr.com\/index.php\/cindoruk-12-eylul-darbesinde-hapis-yattigi-zincirbozandan-referanduma-hayir-dedi#primaryimage\"},\"thumbnailUrl\":\"http:\/\/www.epochtimestr.com\/wp-content\/uploads\/2010\/mart\/1482899_p-300x225.jpg\",\"articleSection\":[\"Siyaset\"],\"inLanguage\":\"tr\",\"potentialAction\":[{\"@type\":\"CommentAction\",\"name\":\"Comment\",\"target\":[\"https:\/\/epochtimestr.com\/index.php\/cindoruk-12-eylul-darbesinde-hapis-yattigi-zincirbozandan-referanduma-hayir-dedi#respond\"]}]},{\"@type\":\"WebPage\",\"@id\":\"https:\/\/epochtimestr.com\/index.php\/cindoruk-12-eylul-darbesinde-hapis-yattigi-zincirbozandan-referanduma-hayir-dedi\",\"url\":\"https:\/\/epochtimestr.com\/index.php\/cindoruk-12-eylul-darbesinde-hapis-yattigi-zincirbozandan-referanduma-hayir-dedi\",\"name\":\"Cindoruk, 12 Eyl\u00fcl Darbesinde Hapis Yatt\u0131\u011f\u0131 Zincirbozan'dan Referanduma 'Hay\u0131r' Dedi - The Epoch Times TR\",\"isPartOf\":{\"@id\":\"https:\/\/epochtimestr.com\/#website\"},\"primaryImageOfPage\":{\"@id\":\"https:\/\/epochtimestr.com\/index.php\/cindoruk-12-eylul-darbesinde-hapis-yattigi-zincirbozandan-referanduma-hayir-dedi#primaryimage\"},\"image\":{\"@id\":\"https:\/\/epochtimestr.com\/index.php\/cindoruk-12-eylul-darbesinde-hapis-yattigi-zincirbozandan-referanduma-hayir-dedi#primaryimage\"},\"thumbnailUrl\":\"http:\/\/www.epochtimestr.com\/wp-content\/uploads\/2010\/mart\/1482899_p-300x225.jpg\",\"datePublished\":\"2010-07-29T16:24:26+00:00\",\"dateModified\":\"2024-03-01T13:23:07+00:00\",\"inLanguage\":\"tr\",\"potentialAction\":[{\"@type\":\"ReadAction\",\"target\":[\"https:\/\/epochtimestr.com\/index.php\/cindoruk-12-eylul-darbesinde-hapis-yattigi-zincirbozandan-referanduma-hayir-dedi\"]}]},{\"@type\":\"ImageObject\",\"inLanguage\":\"tr\",\"@id\":\"https:\/\/epochtimestr.com\/index.php\/cindoruk-12-eylul-darbesinde-hapis-yattigi-zincirbozandan-referanduma-hayir-dedi#primaryimage\",\"url\":\"http:\/\/www.epochtimestr.com\/wp-content\/uploads\/2010\/mart\/1482899_p-300x225.jpg\",\"contentUrl\":\"http:\/\/www.epochtimestr.com\/wp-content\/uploads\/2010\/mart\/1482899_p-300x225.jpg\"},{\"@type\":\"WebSite\",\"@id\":\"https:\/\/epochtimestr.com\/#website\",\"url\":\"https:\/\/epochtimestr.com\/\",\"name\":\"The Epoch Times TR\",\"description\":\"De\u011fi\u015fen D\u00fcnyam\u0131za Taze Bir Bak\u0131\u015f\",\"publisher\":{\"@id\":\"https:\/\/epochtimestr.com\/#organization\"},\"potentialAction\":[{\"@type\":\"SearchAction\",\"target\":{\"@type\":\"EntryPoint\",\"urlTemplate\":\"https:\/\/epochtimestr.com\/?s={search_term_string}\"},\"query-input\":\"required name=search_term_string\"}],\"inLanguage\":\"tr\"},{\"@type\":\"Organization\",\"@id\":\"https:\/\/epochtimestr.com\/#organization\",\"name\":\"The EpochTimes T\u00fcrkiye\",\"url\":\"https:\/\/epochtimestr.com\/\",\"logo\":{\"@type\":\"ImageObject\",\"inLanguage\":\"tr\",\"@id\":\"https:\/\/epochtimestr.com\/#\/schema\/logo\/image\/\",\"url\":\"https:\/\/epochtimestr.com\/wp-content\/uploads\/2011y\/ET-Logo-YG.jpg\",\"contentUrl\":\"https:\/\/epochtimestr.com\/wp-content\/uploads\/2011y\/ET-Logo-YG.jpg\",\"width\":346,\"height\":29,\"caption\":\"The EpochTimes T\u00fcrkiye\"},\"image\":{\"@id\":\"https:\/\/epochtimestr.com\/#\/schema\/logo\/image\/\"},\"sameAs\":[\"https:\/\/www.facebook.com\/theepochtimestr\",\"https:\/\/x.com\/TheEpochTimesTR\",\"https:\/\/www.instagram.com\/epochtimestr\"]},{\"@type\":\"Person\",\"@id\":\"https:\/\/epochtimestr.com\/#\/schema\/person\/b5509977c9a6cd729a3e74d9743d035b\",\"name\":\"G.Hakan Ko\u00e7man\",\"image\":{\"@type\":\"ImageObject\",\"inLanguage\":\"tr\",\"@id\":\"https:\/\/epochtimestr.com\/#\/schema\/person\/image\/\",\"url\":\"https:\/\/secure.gravatar.com\/avatar\/e4eafee1ab5d1f4015c3930376b22ca8?s=96&d=mm&r=g\",\"contentUrl\":\"https:\/\/secure.gravatar.com\/avatar\/e4eafee1ab5d1f4015c3930376b22ca8?s=96&d=mm&r=g\",\"caption\":\"G.Hakan Ko\u00e7man\"},\"url\":\"https:\/\/epochtimestr.com\/index.php\/author\/hakan\"}]}<\/script>\n<!-- \/ Yoast SEO plugin. -->","yoast_head_json":{"title":"Cindoruk, 12 Eyl\u00fcl Darbesinde Hapis Yatt\u0131\u011f\u0131 Zincirbozan'dan Referanduma 'Hay\u0131r' Dedi - The Epoch Times TR","robots":{"index":"index","follow":"follow","max-snippet":"max-snippet:-1","max-image-preview":"max-image-preview:large","max-video-preview":"max-video-preview:-1"},"canonical":"https:\/\/epochtimestr.com\/index.php\/cindoruk-12-eylul-darbesinde-hapis-yattigi-zincirbozandan-referanduma-hayir-dedi","og_locale":"tr_TR","og_type":"article","og_title":"Cindoruk, 12 Eyl\u00fcl Darbesinde Hapis Yatt\u0131\u011f\u0131 Zincirbozan'dan Referanduma 'Hay\u0131r' Dedi - The Epoch Times TR","og_description":"\u00c7anakkale&#8217;nin Lapseki il\u00e7esindeki Zincirbozan askeri tesisini ziyaret eden Demokrat Parti (DP) Genel Ba\u015fkan\u0131 H\u00fcsamettin Cindoruk, darbe sonras\u0131 buradaki cezaevinde yatmas\u0131na ra\u011fmen darbe Anayasas\u0131n\u0131n de\u011fi\u015fmesine &#8216;Hay\u0131r&#8217; diyece\u011fini s\u00f6yledi. \u00c7anakkale&#8217;de baz\u0131 ziyaretlerde bulunan DP Genel Ba\u015fkan\u0131 H\u00fcsamettin Cindoruk, son olarak 1980 darbesi sonras\u0131 S\u00fcleyman Demirel ile beraber 4 ay kald\u0131\u011f\u0131 Zincirbozan Askeri Cezaevi&#8217;ni ziyaret etti. 27 y\u0131l [&hellip;]","og_url":"https:\/\/epochtimestr.com\/index.php\/cindoruk-12-eylul-darbesinde-hapis-yattigi-zincirbozandan-referanduma-hayir-dedi","og_site_name":"The Epoch Times TR","article_publisher":"https:\/\/www.facebook.com\/theepochtimestr","article_published_time":"2010-07-29T16:24:26+00:00","article_modified_time":"2024-03-01T13:23:07+00:00","og_image":[{"url":"http:\/\/www.epochtimestr.com\/wp-content\/uploads\/2010\/mart\/1482899_p-300x225.jpg"}],"author":"G.Hakan Ko\u00e7man","twitter_card":"summary_large_image","twitter_creator":"@TheEpochTimesTR","twitter_site":"@TheEpochTimesTR","twitter_misc":{"Yazan:":"G.Hakan Ko\u00e7man","Tahmini okuma s\u00fcresi":"3 dakika"},"schema":{"@context":"https:\/\/schema.org","@graph":[{"@type":"Article","@id":"https:\/\/epochtimestr.com\/index.php\/cindoruk-12-eylul-darbesinde-hapis-yattigi-zincirbozandan-referanduma-hayir-dedi#article","isPartOf":{"@id":"https:\/\/epochtimestr.com\/index.php\/cindoruk-12-eylul-darbesinde-hapis-yattigi-zincirbozandan-referanduma-hayir-dedi"},"author":{"name":"G.Hakan Ko\u00e7man","@id":"https:\/\/epochtimestr.com\/#\/schema\/person\/b5509977c9a6cd729a3e74d9743d035b"},"headline":"Cindoruk, 12 Eyl\u00fcl Darbesinde Hapis Yatt\u0131\u011f\u0131 Zincirbozan&#8217;dan Referanduma &#8216;Hay\u0131r&#8217; Dedi","datePublished":"2010-07-29T16:24:26+00:00","dateModified":"2024-03-01T13:23:07+00:00","mainEntityOfPage":{"@id":"https:\/\/epochtimestr.com\/index.php\/cindoruk-12-eylul-darbesinde-hapis-yattigi-zincirbozandan-referanduma-hayir-dedi"},"wordCount":704,"commentCount":0,"publisher":{"@id":"https:\/\/epochtimestr.com\/#organization"},"image":{"@id":"https:\/\/epochtimestr.com\/index.php\/cindoruk-12-eylul-darbesinde-hapis-yattigi-zincirbozandan-referanduma-hayir-dedi#primaryimage"},"thumbnailUrl":"http:\/\/www.epochtimestr.com\/wp-content\/uploads\/2010\/mart\/1482899_p-300x225.jpg","articleSection":["Siyaset"],"inLanguage":"tr","potentialAction":[{"@type":"CommentAction","name":"Comment","target":["https:\/\/epochtimestr.com\/index.php\/cindoruk-12-eylul-darbesinde-hapis-yattigi-zincirbozandan-referanduma-hayir-dedi#respond"]}]},{"@type":"WebPage","@id":"https:\/\/epochtimestr.com\/index.php\/cindoruk-12-eylul-darbesinde-hapis-yattigi-zincirbozandan-referanduma-hayir-dedi","url":"https:\/\/epochtimestr.com\/index.php\/cindoruk-12-eylul-darbesinde-hapis-yattigi-zincirbozandan-referanduma-hayir-dedi","name":"Cindoruk, 12 Eyl\u00fcl Darbesinde Hapis Yatt\u0131\u011f\u0131 Zincirbozan'dan Referanduma 'Hay\u0131r' Dedi - The Epoch Times TR","isPartOf":{"@id":"https:\/\/epochtimestr.com\/#website"},"primaryImageOfPage":{"@id":"https:\/\/epochtimestr.com\/index.php\/cindoruk-12-eylul-darbesinde-hapis-yattigi-zincirbozandan-referanduma-hayir-dedi#primaryimage"},"image":{"@id":"https:\/\/epochtimestr.com\/index.php\/cindoruk-12-eylul-darbesinde-hapis-yattigi-zincirbozandan-referanduma-hayir-dedi#primaryimage"},"thumbnailUrl":"http:\/\/www.epochtimestr.com\/wp-content\/uploads\/2010\/mart\/1482899_p-300x225.jpg","datePublished":"2010-07-29T16:24:26+00:00","dateModified":"2024-03-01T13:23:07+00:00","inLanguage":"tr","potentialAction":[{"@type":"ReadAction","target":["https:\/\/epochtimestr.com\/index.php\/cindoruk-12-eylul-darbesinde-hapis-yattigi-zincirbozandan-referanduma-hayir-dedi"]}]},{"@type":"ImageObject","inLanguage":"tr","@id":"https:\/\/epochtimestr.com\/index.php\/cindoruk-12-eylul-darbesinde-hapis-yattigi-zincirbozandan-referanduma-hayir-dedi#primaryimage","url":"http:\/\/www.epochtimestr.com\/wp-content\/uploads\/2010\/mart\/1482899_p-300x225.jpg","contentUrl":"http:\/\/www.epochtimestr.com\/wp-content\/uploads\/2010\/mart\/1482899_p-300x225.jpg"},{"@type":"WebSite","@id":"https:\/\/epochtimestr.com\/#website","url":"https:\/\/epochtimestr.com\/","name":"The Epoch Times TR","description":"De\u011fi\u015fen D\u00fcnyam\u0131za Taze Bir Bak\u0131\u015f","publisher":{"@id":"https:\/\/epochtimestr.com\/#organization"},"potentialAction":[{"@type":"SearchAction","target":{"@type":"EntryPoint","urlTemplate":"https:\/\/epochtimestr.com\/?s={search_term_string}"},"query-input":"required name=search_term_string"}],"inLanguage":"tr"},{"@type":"Organization","@id":"https:\/\/epochtimestr.com\/#organization","name":"The EpochTimes T\u00fcrkiye","url":"https:\/\/epochtimestr.com\/","logo":{"@type":"ImageObject","inLanguage":"tr","@id":"https:\/\/epochtimestr.com\/#\/schema\/logo\/image\/","url":"https:\/\/epochtimestr.com\/wp-content\/uploads\/2011y\/ET-Logo-YG.jpg","contentUrl":"https:\/\/epochtimestr.com\/wp-content\/uploads\/2011y\/ET-Logo-YG.jpg","width":346,"height":29,"caption":"The EpochTimes T\u00fcrkiye"},"image":{"@id":"https:\/\/epochtimestr.com\/#\/schema\/logo\/image\/"},"sameAs":["https:\/\/www.facebook.com\/theepochtimestr","https:\/\/x.com\/TheEpochTimesTR","https:\/\/www.instagram.com\/epochtimestr"]},{"@type":"Person","@id":"https:\/\/epochtimestr.com\/#\/schema\/person\/b5509977c9a6cd729a3e74d9743d035b","name":"G.Hakan Ko\u00e7man","image":{"@type":"ImageObject","inLanguage":"tr","@id":"https:\/\/epochtimestr.com\/#\/schema\/person\/image\/","url":"https:\/\/secure.gravatar.com\/avatar\/e4eafee1ab5d1f4015c3930376b22ca8?s=96&d=mm&r=g","contentUrl":"https:\/\/secure.gravatar.com\/avatar\/e4eafee1ab5d1f4015c3930376b22ca8?s=96&d=mm&r=g","caption":"G.Hakan Ko\u00e7man"},"url":"https:\/\/epochtimestr.com\/index.php\/author\/hakan"}]}},"_links":{"self":[{"href":"https:\/\/epochtimestr.com\/index.php\/wp-json\/wp\/v2\/posts\/8670"}],"collection":[{"href":"https:\/\/epochtimestr.com\/index.php\/wp-json\/wp\/v2\/posts"}],"about":[{"href":"https:\/\/epochtimestr.com\/index.php\/wp-json\/wp\/v2\/types\/post"}],"author":[{"embeddable":true,"href":"https:\/\/epochtimestr.com\/index.php\/wp-json\/wp\/v2\/users\/22"}],"replies":[{"embeddable":true,"href":"https:\/\/epochtimestr.com\/index.php\/wp-json\/wp\/v2\/comments?post=8670"}],"version-history":[{"count":3,"href":"https:\/\/epochtimestr.com\/index.php\/wp-json\/wp\/v2\/posts\/8670\/revisions"}],"predecessor-version":[{"id":150188,"href":"https:\/\/epochtimestr.com\/index.php\/wp-json\/wp\/v2\/posts\/8670\/revisions\/150188"}],"wp:attachment":[{"href":"https:\/\/epochtimestr.com\/index.php\/wp-json\/wp\/v2\/media?parent=8670"}],"wp:term":[{"taxonomy":"category","embeddable":true,"href":"https:\/\/epochtimestr.com\/index.php\/wp-json\/wp\/v2\/categories?post=8670"},{"taxonomy":"post_tag","embeddable":true,"href":"https:\/\/epochtimestr.com\/index.php\/wp-json\/wp\/v2\/tags?post=8670"}],"curies":[{"name":"wp","href":"https:\/\/api.w.org\/{rel}","templated":true}]}}