{"id":87602,"date":"2015-09-23T12:01:12","date_gmt":"2015-09-23T09:01:12","guid":{"rendered":"http:\/\/epochtimestr.com\/?p=87602"},"modified":"2015-09-23T12:01:12","modified_gmt":"2015-09-23T09:01:12","slug":"77-yasindaki-unlu-is-adami-ibrahim-cevahir-hayatini-kaybetti","status":"publish","type":"post","link":"https:\/\/epochtimestr.com\/index.php\/77-yasindaki-unlu-is-adami-ibrahim-cevahir-hayatini-kaybetti","title":{"rendered":"77 Ya\u015f\u0131ndaki \u00dcnl\u00fc \u0130\u015f Adam\u0131 \u0130brahim Cevahir Hayat\u0131n\u0131 Kaybetti"},"content":{"rendered":"<figure id=\"attachment_87603\" aria-describedby=\"caption-attachment-87603\" style=\"width: 600px\" class=\"wp-caption alignnone\"><a href=\"https:\/\/epochtimestr.com\/wp-content\/uploads\/2011y\/unlu-is-adami-ibrahim-cevahir-hayatini-kaybetti-1276586-664x354.jpg\"><img loading=\"lazy\" decoding=\"async\" class=\"wp-image-87603 size-large\" src=\"https:\/\/epochtimestr.com\/wp-content\/uploads\/2011y\/unlu-is-adami-ibrahim-cevahir-hayatini-kaybetti-1276586-664x354-600x320.jpg\" alt=\"Foto\u011fraf \u0130ha\" width=\"600\" height=\"320\" srcset=\"https:\/\/epochtimestr.com\/wp-content\/uploads\/2011y\/unlu-is-adami-ibrahim-cevahir-hayatini-kaybetti-1276586-664x354-600x320.jpg 600w, https:\/\/epochtimestr.com\/wp-content\/uploads\/2011y\/unlu-is-adami-ibrahim-cevahir-hayatini-kaybetti-1276586-664x354-150x80.jpg 150w, https:\/\/epochtimestr.com\/wp-content\/uploads\/2011y\/unlu-is-adami-ibrahim-cevahir-hayatini-kaybetti-1276586-664x354-300x160.jpg 300w, https:\/\/epochtimestr.com\/wp-content\/uploads\/2011y\/unlu-is-adami-ibrahim-cevahir-hayatini-kaybetti-1276586-664x354-292x156.jpg 292w, https:\/\/epochtimestr.com\/wp-content\/uploads\/2011y\/unlu-is-adami-ibrahim-cevahir-hayatini-kaybetti-1276586-664x354-638x340.jpg 638w, https:\/\/epochtimestr.com\/wp-content\/uploads\/2011y\/unlu-is-adami-ibrahim-cevahir-hayatini-kaybetti-1276586-664x354-190x100.jpg 190w, https:\/\/epochtimestr.com\/wp-content\/uploads\/2011y\/unlu-is-adami-ibrahim-cevahir-hayatini-kaybetti-1276586-664x354-629x335.jpg 629w, https:\/\/epochtimestr.com\/wp-content\/uploads\/2011y\/unlu-is-adami-ibrahim-cevahir-hayatini-kaybetti-1276586-664x354.jpg 664w\" sizes=\"(max-width: 600px) 100vw, 600px\" \/><\/a><figcaption id=\"caption-attachment-87603\" class=\"wp-caption-text\"><em>Foto\u011fraf \u0130ha<\/em><\/figcaption><\/figure>\n<p><strong>Cevahir Holding Y\u00f6netim Kurulu Ba\u015fkan\u0131 \u0130brahim Cevahir, ge\u00e7irdi\u011fi kalp krizi sonucu hayat\u0131n\u0131 kaybetti. \u0130brahim Cevahir&#8217;in cenazesinin 25 Eyl\u00fcl Cuma g\u00fcn\u00fc, Cuma namaz\u0131n\u0131 m\u00fcteakiben Fatih Camii&#8217;nde k\u0131l\u0131nacak. Cenaze namaz\u0131n\u0131n ard\u0131ndan Yenik\u00f6y Mezarl\u0131\u011f\u0131&#8217;nda defnedilece\u011fi \u00f6\u011frenildi.\u00a0<\/strong><\/p>\n<p>\u0130brahim Cevahir, 1938 y\u0131l\u0131nda Trabzon \u00c7aykara\u2019da Ulucami K\u00f6y\u00fc\u2019nde d\u00fcnyaya gelmi\u015ftir. 1959 y\u0131l\u0131ndan itibaren karde\u015fleri ile birlikte in\u015faat i\u015fleri yapmaya ba\u015flad\u0131. 2005 y\u0131l\u0131nda Cevahir Al\u0131\u015f Veri\u015f Merkezini a\u00e7an Cevahir Karde\u015fler, Libya, Suudi Arabistan ve Makedonya&#8217;da yapt\u0131klar\u0131 in\u015faatlar ile b\u00fcy\u00fcm\u00fc\u015ft\u00fcr.<\/p>\n<p>&nbsp;<\/p>\n","protected":false},"excerpt":{"rendered":"<p>Cevahir Holding Y\u00f6netim Kurulu Ba\u015fkan\u0131 \u0130brahim Cevahir, ge\u00e7irdi\u011fi kalp krizi sonucu hayat\u0131n\u0131 kaybetti. \u0130brahim Cevahir&#8217;in cenazesinin 25 Eyl\u00fcl Cuma g\u00fcn\u00fc, Cuma namaz\u0131n\u0131 m\u00fcteakiben Fatih Camii&#8217;nde k\u0131l\u0131nacak. Cenaze namaz\u0131n\u0131n ard\u0131ndan Yenik\u00f6y Mezarl\u0131\u011f\u0131&#8217;nda defnedilece\u011fi \u00f6\u011frenildi.\u00a0 \u0130brahim Cevahir, 1938 y\u0131l\u0131nda Trabzon \u00c7aykara\u2019da Ulucami K\u00f6y\u00fc\u2019nde d\u00fcnyaya gelmi\u015ftir. 1959 y\u0131l\u0131ndan itibaren karde\u015fleri ile birlikte in\u015faat i\u015fleri yapmaya ba\u015flad\u0131. 2005 y\u0131l\u0131nda [&hellip;]<\/p>\n","protected":false},"author":36,"featured_media":87603,"comment_status":"open","ping_status":"open","sticky":false,"template":"","format":"standard","meta":{"_yoast_wpseo_focuskw":"","_yoast_wpseo_title":"","_yoast_wpseo_metadesc":"","_bbp_topic_count":0,"_bbp_reply_count":0,"_bbp_total_topic_count":0,"_bbp_total_reply_count":0,"_bbp_voice_count":0,"_bbp_anonymous_reply_count":0,"_bbp_topic_count_hidden":0,"_bbp_reply_count_hidden":0,"_bbp_forum_subforum_count":0,"footnotes":"","_yoast_wpseo_focuskw_text_input":""},"categories":[37],"tags":[],"yoast_head":"<!-- This site is optimized with the Yoast SEO plugin v23.0 - https:\/\/yoast.com\/wordpress\/plugins\/seo\/ -->\n<title>77 Ya\u015f\u0131ndaki \u00dcnl\u00fc \u0130\u015f Adam\u0131 \u0130brahim Cevahir Hayat\u0131n\u0131 Kaybetti - The Epoch Times TR<\/title>\n<meta name=\"robots\" content=\"index, follow, max-snippet:-1, max-image-preview:large, max-video-preview:-1\" \/>\n<link rel=\"canonical\" href=\"https:\/\/epochtimestr.com\/index.php\/77-yasindaki-unlu-is-adami-ibrahim-cevahir-hayatini-kaybetti\" \/>\n<meta property=\"og:locale\" content=\"tr_TR\" \/>\n<meta property=\"og:type\" content=\"article\" \/>\n<meta property=\"og:title\" content=\"77 Ya\u015f\u0131ndaki \u00dcnl\u00fc \u0130\u015f Adam\u0131 \u0130brahim Cevahir Hayat\u0131n\u0131 Kaybetti - The Epoch Times TR\" \/>\n<meta property=\"og:description\" content=\"Cevahir Holding Y\u00f6netim Kurulu Ba\u015fkan\u0131 \u0130brahim Cevahir, ge\u00e7irdi\u011fi kalp krizi sonucu hayat\u0131n\u0131 kaybetti. \u0130brahim Cevahir&#8217;in cenazesinin 25 Eyl\u00fcl Cuma g\u00fcn\u00fc, Cuma namaz\u0131n\u0131 m\u00fcteakiben Fatih Camii&#8217;nde k\u0131l\u0131nacak. Cenaze namaz\u0131n\u0131n ard\u0131ndan Yenik\u00f6y Mezarl\u0131\u011f\u0131&#8217;nda defnedilece\u011fi \u00f6\u011frenildi.\u00a0 \u0130brahim Cevahir, 1938 y\u0131l\u0131nda Trabzon \u00c7aykara\u2019da Ulucami K\u00f6y\u00fc\u2019nde d\u00fcnyaya gelmi\u015ftir. 1959 y\u0131l\u0131ndan itibaren karde\u015fleri ile birlikte in\u015faat i\u015fleri yapmaya ba\u015flad\u0131. 2005 y\u0131l\u0131nda [&hellip;]\" \/>\n<meta property=\"og:url\" content=\"https:\/\/epochtimestr.com\/index.php\/77-yasindaki-unlu-is-adami-ibrahim-cevahir-hayatini-kaybetti\" \/>\n<meta property=\"og:site_name\" content=\"The Epoch Times TR\" \/>\n<meta property=\"article:publisher\" content=\"https:\/\/www.facebook.com\/theepochtimestr\" \/>\n<meta property=\"article:published_time\" content=\"2015-09-23T09:01:12+00:00\" \/>\n<meta property=\"og:image\" content=\"https:\/\/epochtimestr.com\/wp-content\/uploads\/2011y\/unlu-is-adami-ibrahim-cevahir-hayatini-kaybetti-1276586-664x354.jpg\" \/>\n\t<meta property=\"og:image:width\" content=\"664\" \/>\n\t<meta property=\"og:image:height\" content=\"354\" \/>\n\t<meta property=\"og:image:type\" content=\"image\/jpeg\" \/>\n<meta name=\"author\" content=\"Demet G.\" \/>\n<meta name=\"twitter:card\" content=\"summary_large_image\" \/>\n<meta name=\"twitter:creator\" content=\"@TheEpochTimesTR\" \/>\n<meta name=\"twitter:site\" content=\"@TheEpochTimesTR\" \/>\n<meta name=\"twitter:label1\" content=\"Yazan:\" \/>\n\t<meta name=\"twitter:data1\" content=\"Demet G.\" \/>\n\t<meta name=\"twitter:label2\" content=\"Tahmini okuma s\u00fcresi\" \/>\n\t<meta name=\"twitter:data2\" content=\"1 dakika\" \/>\n<script type=\"application\/ld+json\" class=\"yoast-schema-graph\">{\"@context\":\"https:\/\/schema.org\",\"@graph\":[{\"@type\":\"Article\",\"@id\":\"https:\/\/epochtimestr.com\/index.php\/77-yasindaki-unlu-is-adami-ibrahim-cevahir-hayatini-kaybetti#article\",\"isPartOf\":{\"@id\":\"https:\/\/epochtimestr.com\/index.php\/77-yasindaki-unlu-is-adami-ibrahim-cevahir-hayatini-kaybetti\"},\"author\":{\"name\":\"Demet G.\",\"@id\":\"https:\/\/epochtimestr.com\/#\/schema\/person\/d3e91bfb29b1dafeb31433870772ca2e\"},\"headline\":\"77 Ya\u015f\u0131ndaki \u00dcnl\u00fc \u0130\u015f Adam\u0131 \u0130brahim Cevahir Hayat\u0131n\u0131 Kaybetti\",\"datePublished\":\"2015-09-23T09:01:12+00:00\",\"dateModified\":\"2015-09-23T09:01:12+00:00\",\"mainEntityOfPage\":{\"@id\":\"https:\/\/epochtimestr.com\/index.php\/77-yasindaki-unlu-is-adami-ibrahim-cevahir-hayatini-kaybetti\"},\"wordCount\":127,\"commentCount\":0,\"publisher\":{\"@id\":\"https:\/\/epochtimestr.com\/#organization\"},\"image\":{\"@id\":\"https:\/\/epochtimestr.com\/index.php\/77-yasindaki-unlu-is-adami-ibrahim-cevahir-hayatini-kaybetti#primaryimage\"},\"thumbnailUrl\":\"https:\/\/epochtimestr.com\/wp-content\/uploads\/2011y\/unlu-is-adami-ibrahim-cevahir-hayatini-kaybetti-1276586-664x354.jpg\",\"articleSection\":[\"T\u00dcRK\u0130YE\"],\"inLanguage\":\"tr\",\"potentialAction\":[{\"@type\":\"CommentAction\",\"name\":\"Comment\",\"target\":[\"https:\/\/epochtimestr.com\/index.php\/77-yasindaki-unlu-is-adami-ibrahim-cevahir-hayatini-kaybetti#respond\"]}]},{\"@type\":\"WebPage\",\"@id\":\"https:\/\/epochtimestr.com\/index.php\/77-yasindaki-unlu-is-adami-ibrahim-cevahir-hayatini-kaybetti\",\"url\":\"https:\/\/epochtimestr.com\/index.php\/77-yasindaki-unlu-is-adami-ibrahim-cevahir-hayatini-kaybetti\",\"name\":\"77 Ya\u015f\u0131ndaki \u00dcnl\u00fc \u0130\u015f Adam\u0131 \u0130brahim Cevahir Hayat\u0131n\u0131 Kaybetti - The Epoch Times TR\",\"isPartOf\":{\"@id\":\"https:\/\/epochtimestr.com\/#website\"},\"primaryImageOfPage\":{\"@id\":\"https:\/\/epochtimestr.com\/index.php\/77-yasindaki-unlu-is-adami-ibrahim-cevahir-hayatini-kaybetti#primaryimage\"},\"image\":{\"@id\":\"https:\/\/epochtimestr.com\/index.php\/77-yasindaki-unlu-is-adami-ibrahim-cevahir-hayatini-kaybetti#primaryimage\"},\"thumbnailUrl\":\"https:\/\/epochtimestr.com\/wp-content\/uploads\/2011y\/unlu-is-adami-ibrahim-cevahir-hayatini-kaybetti-1276586-664x354.jpg\",\"datePublished\":\"2015-09-23T09:01:12+00:00\",\"dateModified\":\"2015-09-23T09:01:12+00:00\",\"inLanguage\":\"tr\",\"potentialAction\":[{\"@type\":\"ReadAction\",\"target\":[\"https:\/\/epochtimestr.com\/index.php\/77-yasindaki-unlu-is-adami-ibrahim-cevahir-hayatini-kaybetti\"]}]},{\"@type\":\"ImageObject\",\"inLanguage\":\"tr\",\"@id\":\"https:\/\/epochtimestr.com\/index.php\/77-yasindaki-unlu-is-adami-ibrahim-cevahir-hayatini-kaybetti#primaryimage\",\"url\":\"https:\/\/epochtimestr.com\/wp-content\/uploads\/2011y\/unlu-is-adami-ibrahim-cevahir-hayatini-kaybetti-1276586-664x354.jpg\",\"contentUrl\":\"https:\/\/epochtimestr.com\/wp-content\/uploads\/2011y\/unlu-is-adami-ibrahim-cevahir-hayatini-kaybetti-1276586-664x354.jpg\",\"width\":664,\"height\":354,\"caption\":\"Foto\u011fraf \u0130ha\"},{\"@type\":\"WebSite\",\"@id\":\"https:\/\/epochtimestr.com\/#website\",\"url\":\"https:\/\/epochtimestr.com\/\",\"name\":\"The Epoch Times TR\",\"description\":\"De\u011fi\u015fen D\u00fcnyam\u0131za Taze Bir Bak\u0131\u015f\",\"publisher\":{\"@id\":\"https:\/\/epochtimestr.com\/#organization\"},\"potentialAction\":[{\"@type\":\"SearchAction\",\"target\":{\"@type\":\"EntryPoint\",\"urlTemplate\":\"https:\/\/epochtimestr.com\/?s={search_term_string}\"},\"query-input\":\"required name=search_term_string\"}],\"inLanguage\":\"tr\"},{\"@type\":\"Organization\",\"@id\":\"https:\/\/epochtimestr.com\/#organization\",\"name\":\"The EpochTimes T\u00fcrkiye\",\"url\":\"https:\/\/epochtimestr.com\/\",\"logo\":{\"@type\":\"ImageObject\",\"inLanguage\":\"tr\",\"@id\":\"https:\/\/epochtimestr.com\/#\/schema\/logo\/image\/\",\"url\":\"https:\/\/epochtimestr.com\/wp-content\/uploads\/2011y\/ET-Logo-YG.jpg\",\"contentUrl\":\"https:\/\/epochtimestr.com\/wp-content\/uploads\/2011y\/ET-Logo-YG.jpg\",\"width\":346,\"height\":29,\"caption\":\"The EpochTimes T\u00fcrkiye\"},\"image\":{\"@id\":\"https:\/\/epochtimestr.com\/#\/schema\/logo\/image\/\"},\"sameAs\":[\"https:\/\/www.facebook.com\/theepochtimestr\",\"https:\/\/x.com\/TheEpochTimesTR\",\"https:\/\/www.instagram.com\/epochtimestr\"]},{\"@type\":\"Person\",\"@id\":\"https:\/\/epochtimestr.com\/#\/schema\/person\/d3e91bfb29b1dafeb31433870772ca2e\",\"name\":\"Demet G.\",\"image\":{\"@type\":\"ImageObject\",\"inLanguage\":\"tr\",\"@id\":\"https:\/\/epochtimestr.com\/#\/schema\/person\/image\/\",\"url\":\"https:\/\/secure.gravatar.com\/avatar\/c55abc9a8699f910b63eba76dc9ee97a?s=96&d=mm&r=g\",\"contentUrl\":\"https:\/\/secure.gravatar.com\/avatar\/c55abc9a8699f910b63eba76dc9ee97a?s=96&d=mm&r=g\",\"caption\":\"Demet G.\"},\"url\":\"https:\/\/epochtimestr.com\/index.php\/author\/d-gokoglu\"}]}<\/script>\n<!-- \/ Yoast SEO plugin. -->","yoast_head_json":{"title":"77 Ya\u015f\u0131ndaki \u00dcnl\u00fc \u0130\u015f Adam\u0131 \u0130brahim Cevahir Hayat\u0131n\u0131 Kaybetti - The Epoch Times TR","robots":{"index":"index","follow":"follow","max-snippet":"max-snippet:-1","max-image-preview":"max-image-preview:large","max-video-preview":"max-video-preview:-1"},"canonical":"https:\/\/epochtimestr.com\/index.php\/77-yasindaki-unlu-is-adami-ibrahim-cevahir-hayatini-kaybetti","og_locale":"tr_TR","og_type":"article","og_title":"77 Ya\u015f\u0131ndaki \u00dcnl\u00fc \u0130\u015f Adam\u0131 \u0130brahim Cevahir Hayat\u0131n\u0131 Kaybetti - The Epoch Times TR","og_description":"Cevahir Holding Y\u00f6netim Kurulu Ba\u015fkan\u0131 \u0130brahim Cevahir, ge\u00e7irdi\u011fi kalp krizi sonucu hayat\u0131n\u0131 kaybetti. \u0130brahim Cevahir&#8217;in cenazesinin 25 Eyl\u00fcl Cuma g\u00fcn\u00fc, Cuma namaz\u0131n\u0131 m\u00fcteakiben Fatih Camii&#8217;nde k\u0131l\u0131nacak. Cenaze namaz\u0131n\u0131n ard\u0131ndan Yenik\u00f6y Mezarl\u0131\u011f\u0131&#8217;nda defnedilece\u011fi \u00f6\u011frenildi.\u00a0 \u0130brahim Cevahir, 1938 y\u0131l\u0131nda Trabzon \u00c7aykara\u2019da Ulucami K\u00f6y\u00fc\u2019nde d\u00fcnyaya gelmi\u015ftir. 1959 y\u0131l\u0131ndan itibaren karde\u015fleri ile birlikte in\u015faat i\u015fleri yapmaya ba\u015flad\u0131. 2005 y\u0131l\u0131nda [&hellip;]","og_url":"https:\/\/epochtimestr.com\/index.php\/77-yasindaki-unlu-is-adami-ibrahim-cevahir-hayatini-kaybetti","og_site_name":"The Epoch Times TR","article_publisher":"https:\/\/www.facebook.com\/theepochtimestr","article_published_time":"2015-09-23T09:01:12+00:00","og_image":[{"width":664,"height":354,"url":"https:\/\/epochtimestr.com\/wp-content\/uploads\/2011y\/unlu-is-adami-ibrahim-cevahir-hayatini-kaybetti-1276586-664x354.jpg","type":"image\/jpeg"}],"author":"Demet G.","twitter_card":"summary_large_image","twitter_creator":"@TheEpochTimesTR","twitter_site":"@TheEpochTimesTR","twitter_misc":{"Yazan:":"Demet G.","Tahmini okuma s\u00fcresi":"1 dakika"},"schema":{"@context":"https:\/\/schema.org","@graph":[{"@type":"Article","@id":"https:\/\/epochtimestr.com\/index.php\/77-yasindaki-unlu-is-adami-ibrahim-cevahir-hayatini-kaybetti#article","isPartOf":{"@id":"https:\/\/epochtimestr.com\/index.php\/77-yasindaki-unlu-is-adami-ibrahim-cevahir-hayatini-kaybetti"},"author":{"name":"Demet G.","@id":"https:\/\/epochtimestr.com\/#\/schema\/person\/d3e91bfb29b1dafeb31433870772ca2e"},"headline":"77 Ya\u015f\u0131ndaki \u00dcnl\u00fc \u0130\u015f Adam\u0131 \u0130brahim Cevahir Hayat\u0131n\u0131 Kaybetti","datePublished":"2015-09-23T09:01:12+00:00","dateModified":"2015-09-23T09:01:12+00:00","mainEntityOfPage":{"@id":"https:\/\/epochtimestr.com\/index.php\/77-yasindaki-unlu-is-adami-ibrahim-cevahir-hayatini-kaybetti"},"wordCount":127,"commentCount":0,"publisher":{"@id":"https:\/\/epochtimestr.com\/#organization"},"image":{"@id":"https:\/\/epochtimestr.com\/index.php\/77-yasindaki-unlu-is-adami-ibrahim-cevahir-hayatini-kaybetti#primaryimage"},"thumbnailUrl":"https:\/\/epochtimestr.com\/wp-content\/uploads\/2011y\/unlu-is-adami-ibrahim-cevahir-hayatini-kaybetti-1276586-664x354.jpg","articleSection":["T\u00dcRK\u0130YE"],"inLanguage":"tr","potentialAction":[{"@type":"CommentAction","name":"Comment","target":["https:\/\/epochtimestr.com\/index.php\/77-yasindaki-unlu-is-adami-ibrahim-cevahir-hayatini-kaybetti#respond"]}]},{"@type":"WebPage","@id":"https:\/\/epochtimestr.com\/index.php\/77-yasindaki-unlu-is-adami-ibrahim-cevahir-hayatini-kaybetti","url":"https:\/\/epochtimestr.com\/index.php\/77-yasindaki-unlu-is-adami-ibrahim-cevahir-hayatini-kaybetti","name":"77 Ya\u015f\u0131ndaki \u00dcnl\u00fc \u0130\u015f Adam\u0131 \u0130brahim Cevahir Hayat\u0131n\u0131 Kaybetti - The Epoch Times TR","isPartOf":{"@id":"https:\/\/epochtimestr.com\/#website"},"primaryImageOfPage":{"@id":"https:\/\/epochtimestr.com\/index.php\/77-yasindaki-unlu-is-adami-ibrahim-cevahir-hayatini-kaybetti#primaryimage"},"image":{"@id":"https:\/\/epochtimestr.com\/index.php\/77-yasindaki-unlu-is-adami-ibrahim-cevahir-hayatini-kaybetti#primaryimage"},"thumbnailUrl":"https:\/\/epochtimestr.com\/wp-content\/uploads\/2011y\/unlu-is-adami-ibrahim-cevahir-hayatini-kaybetti-1276586-664x354.jpg","datePublished":"2015-09-23T09:01:12+00:00","dateModified":"2015-09-23T09:01:12+00:00","inLanguage":"tr","potentialAction":[{"@type":"ReadAction","target":["https:\/\/epochtimestr.com\/index.php\/77-yasindaki-unlu-is-adami-ibrahim-cevahir-hayatini-kaybetti"]}]},{"@type":"ImageObject","inLanguage":"tr","@id":"https:\/\/epochtimestr.com\/index.php\/77-yasindaki-unlu-is-adami-ibrahim-cevahir-hayatini-kaybetti#primaryimage","url":"https:\/\/epochtimestr.com\/wp-content\/uploads\/2011y\/unlu-is-adami-ibrahim-cevahir-hayatini-kaybetti-1276586-664x354.jpg","contentUrl":"https:\/\/epochtimestr.com\/wp-content\/uploads\/2011y\/unlu-is-adami-ibrahim-cevahir-hayatini-kaybetti-1276586-664x354.jpg","width":664,"height":354,"caption":"Foto\u011fraf \u0130ha"},{"@type":"WebSite","@id":"https:\/\/epochtimestr.com\/#website","url":"https:\/\/epochtimestr.com\/","name":"The Epoch Times TR","description":"De\u011fi\u015fen D\u00fcnyam\u0131za Taze Bir Bak\u0131\u015f","publisher":{"@id":"https:\/\/epochtimestr.com\/#organization"},"potentialAction":[{"@type":"SearchAction","target":{"@type":"EntryPoint","urlTemplate":"https:\/\/epochtimestr.com\/?s={search_term_string}"},"query-input":"required name=search_term_string"}],"inLanguage":"tr"},{"@type":"Organization","@id":"https:\/\/epochtimestr.com\/#organization","name":"The EpochTimes T\u00fcrkiye","url":"https:\/\/epochtimestr.com\/","logo":{"@type":"ImageObject","inLanguage":"tr","@id":"https:\/\/epochtimestr.com\/#\/schema\/logo\/image\/","url":"https:\/\/epochtimestr.com\/wp-content\/uploads\/2011y\/ET-Logo-YG.jpg","contentUrl":"https:\/\/epochtimestr.com\/wp-content\/uploads\/2011y\/ET-Logo-YG.jpg","width":346,"height":29,"caption":"The EpochTimes T\u00fcrkiye"},"image":{"@id":"https:\/\/epochtimestr.com\/#\/schema\/logo\/image\/"},"sameAs":["https:\/\/www.facebook.com\/theepochtimestr","https:\/\/x.com\/TheEpochTimesTR","https:\/\/www.instagram.com\/epochtimestr"]},{"@type":"Person","@id":"https:\/\/epochtimestr.com\/#\/schema\/person\/d3e91bfb29b1dafeb31433870772ca2e","name":"Demet G.","image":{"@type":"ImageObject","inLanguage":"tr","@id":"https:\/\/epochtimestr.com\/#\/schema\/person\/image\/","url":"https:\/\/secure.gravatar.com\/avatar\/c55abc9a8699f910b63eba76dc9ee97a?s=96&d=mm&r=g","contentUrl":"https:\/\/secure.gravatar.com\/avatar\/c55abc9a8699f910b63eba76dc9ee97a?s=96&d=mm&r=g","caption":"Demet G."},"url":"https:\/\/epochtimestr.com\/index.php\/author\/d-gokoglu"}]}},"_links":{"self":[{"href":"https:\/\/epochtimestr.com\/index.php\/wp-json\/wp\/v2\/posts\/87602"}],"collection":[{"href":"https:\/\/epochtimestr.com\/index.php\/wp-json\/wp\/v2\/posts"}],"about":[{"href":"https:\/\/epochtimestr.com\/index.php\/wp-json\/wp\/v2\/types\/post"}],"author":[{"embeddable":true,"href":"https:\/\/epochtimestr.com\/index.php\/wp-json\/wp\/v2\/users\/36"}],"replies":[{"embeddable":true,"href":"https:\/\/epochtimestr.com\/index.php\/wp-json\/wp\/v2\/comments?post=87602"}],"version-history":[{"count":1,"href":"https:\/\/epochtimestr.com\/index.php\/wp-json\/wp\/v2\/posts\/87602\/revisions"}],"predecessor-version":[{"id":87604,"href":"https:\/\/epochtimestr.com\/index.php\/wp-json\/wp\/v2\/posts\/87602\/revisions\/87604"}],"wp:featuredmedia":[{"embeddable":true,"href":"https:\/\/epochtimestr.com\/index.php\/wp-json\/wp\/v2\/media\/87603"}],"wp:attachment":[{"href":"https:\/\/epochtimestr.com\/index.php\/wp-json\/wp\/v2\/media?parent=87602"}],"wp:term":[{"taxonomy":"category","embeddable":true,"href":"https:\/\/epochtimestr.com\/index.php\/wp-json\/wp\/v2\/categories?post=87602"},{"taxonomy":"post_tag","embeddable":true,"href":"https:\/\/epochtimestr.com\/index.php\/wp-json\/wp\/v2\/tags?post=87602"}],"curies":[{"name":"wp","href":"https:\/\/api.w.org\/{rel}","templated":true}]}}