{"id":87780,"date":"2015-09-30T01:47:23","date_gmt":"2015-09-29T22:47:23","guid":{"rendered":"http:\/\/epochtimestr.com\/?p=87780"},"modified":"2015-09-30T11:10:04","modified_gmt":"2015-09-30T08:10:04","slug":"unlu-moda-produktoru-turkiyeden-gulnur-gunes","status":"publish","type":"post","link":"https:\/\/epochtimestr.com\/index.php\/unlu-moda-produktoru-turkiyeden-gulnur-gunes","title":{"rendered":"\u00dcnl\u00fc Moda Prod\u00fckt\u00f6r\u00fc Jessica Minh Anh T\u00fcrkiye&#8217;den G\u00fclnur G\u00fcne\u015f&#8217;i Se\u00e7ti"},"content":{"rendered":"<figure id=\"attachment_87783\" aria-describedby=\"caption-attachment-87783\" style=\"width: 579px\" class=\"wp-caption aligncenter\"><a href=\"https:\/\/epochtimestr.com\/wp-content\/uploads\/2011y\/G\u00fclnur-G\u00fcne\u015f2.jpg\"><img loading=\"lazy\" decoding=\"async\" class=\"size-large wp-image-87783\" src=\"https:\/\/epochtimestr.com\/wp-content\/uploads\/2011y\/G\u00fclnur-G\u00fcne\u015f2-579x400.jpg\" alt=\"Foto\u011fraf: G\u00fclnur G\u00fcne\u015f (Ki\u015fisel sayfas\u0131ndan al\u0131nm\u0131\u015ft\u0131r) \" width=\"579\" height=\"400\" srcset=\"https:\/\/epochtimestr.com\/wp-content\/uploads\/2011y\/G\u00fclnur-G\u00fcne\u015f2-579x400.jpg 579w, https:\/\/epochtimestr.com\/wp-content\/uploads\/2011y\/G\u00fclnur-G\u00fcne\u015f2-600x414.jpg 600w, https:\/\/epochtimestr.com\/wp-content\/uploads\/2011y\/G\u00fclnur-G\u00fcne\u015f2-150x104.jpg 150w, https:\/\/epochtimestr.com\/wp-content\/uploads\/2011y\/G\u00fclnur-G\u00fcne\u015f2-300x207.jpg 300w, https:\/\/epochtimestr.com\/wp-content\/uploads\/2011y\/G\u00fclnur-G\u00fcne\u015f2-292x202.jpg 292w, https:\/\/epochtimestr.com\/wp-content\/uploads\/2011y\/G\u00fclnur-G\u00fcne\u015f2-638x440.jpg 638w, https:\/\/epochtimestr.com\/wp-content\/uploads\/2011y\/G\u00fclnur-G\u00fcne\u015f2-629x434.jpg 629w, https:\/\/epochtimestr.com\/wp-content\/uploads\/2011y\/G\u00fclnur-G\u00fcne\u015f2.jpg 649w\" sizes=\"(max-width: 579px) 100vw, 579px\" \/><\/a><figcaption id=\"caption-attachment-87783\" class=\"wp-caption-text\">Foto\u011fraf: G\u00fclnur G\u00fcne\u015f (Ki\u015fisel sayfas\u0131ndan al\u0131nm\u0131\u015ft\u0131r)<\/figcaption><\/figure>\n<p style=\"text-align: justify;\"><strong>D\u00fcnyaca \u00fcnl\u00fc moda prod\u00fckt\u00f6r\u00fc ve model Jessica Minh Anh \u00a0100 metrelik y\u00fczen podyum \u00fczerinde yapaca\u011f\u0131 sunum i\u00e7in T\u00fcrkiye&#8217;den T\u00fcrk tasar\u0131mc\u0131 G\u00fclnur G\u00fcne\u015f&#8217;i se\u00e7ti. \u00a0<\/strong><\/p>\n<p style=\"text-align: justify;\">Eyfel Kulesi\u2019nde \u015fimdiye kadar kurulan ilk podyumdaki fenomenal ba\u015far\u0131s\u0131n\u0131n ard\u0131ndan,\u00a0 Jessica Minh Anh,\u00a0 modan\u0131n ba\u015fkentinde Seine\u2019nin dev cam teknesini 100 metrelik y\u00fczen bir podyuma d\u00f6n\u00fc\u015ft\u00fcrmek i\u00e7in geri d\u00f6n\u00fcyor. 29 Ekim 2015 tarihinde yap\u0131lacak olan ve sab\u0131rs\u0131zl\u0131kla beklenen J. 2015 Sonbahar Moda \u015eovu\u2019nda\u00a0 model ve \u015fovun giri\u015fimcisi T\u00fcrkiye\u2019yi temsil etmesi i\u00e7in tasar\u0131mc\u0131 G\u00fclnur G\u00fcne\u015f\u2019i tercih etti.<\/p>\n<figure id=\"attachment_87781\" aria-describedby=\"caption-attachment-87781\" style=\"width: 444px\" class=\"wp-caption alignleft\"><a href=\"https:\/\/epochtimestr.com\/wp-content\/uploads\/2011y\/Jessica-Minh-Anh2.jpg\"><img loading=\"lazy\" decoding=\"async\" class=\" wp-image-87781\" src=\"https:\/\/epochtimestr.com\/wp-content\/uploads\/2011y\/Jessica-Minh-Anh2-512x400.jpg\" alt=\"Foto\u011fraf Jessica Min Anh\" width=\"444\" height=\"347\" srcset=\"https:\/\/epochtimestr.com\/wp-content\/uploads\/2011y\/Jessica-Minh-Anh2-512x400.jpg 512w, https:\/\/epochtimestr.com\/wp-content\/uploads\/2011y\/Jessica-Minh-Anh2-600x469.jpg 600w, https:\/\/epochtimestr.com\/wp-content\/uploads\/2011y\/Jessica-Minh-Anh2-150x117.jpg 150w, https:\/\/epochtimestr.com\/wp-content\/uploads\/2011y\/Jessica-Minh-Anh2-300x234.jpg 300w, https:\/\/epochtimestr.com\/wp-content\/uploads\/2011y\/Jessica-Minh-Anh2-292x228.jpg 292w, https:\/\/epochtimestr.com\/wp-content\/uploads\/2011y\/Jessica-Minh-Anh2-638x498.jpg 638w, https:\/\/epochtimestr.com\/wp-content\/uploads\/2011y\/Jessica-Minh-Anh2-100x78.jpg 100w, https:\/\/epochtimestr.com\/wp-content\/uploads\/2011y\/Jessica-Minh-Anh2-80x63.jpg 80w, https:\/\/epochtimestr.com\/wp-content\/uploads\/2011y\/Jessica-Minh-Anh2-629x491.jpg 629w, https:\/\/epochtimestr.com\/wp-content\/uploads\/2011y\/Jessica-Minh-Anh2.jpg 827w\" sizes=\"(max-width: 444px) 100vw, 444px\" \/><\/a><figcaption id=\"caption-attachment-87781\" class=\"wp-caption-text\">Foto\u011fraf Jessica Min Anh<\/figcaption><\/figure>\n<p style=\"text-align: justify;\">Jessica modellerin su \u00fczerinde y\u00fcr\u00fcd\u00fc\u011f\u00fc ilizyonunu yaratmak i\u00e7in, tekne y\u00fczerken misafirlerini \u00e7ok y\u00fczl\u00fc cam pencerelere bakacak \u015fekilde oturtacak. Bunun sonucunda da, Eyfel Kulesi, Notre Dame, Louvre ve 37 \u00fcnl\u00fc k\u00f6pr\u00fc \u00f6zg\u00fcn podyum i\u00e7in do\u011fal bir fon olu\u015fturacak.<\/p>\n<p style=\"text-align: justify;\">G\u00fclnur G\u00fcne\u015f\u2019i \u015fov i\u00e7in neden se\u00e7ti\u011fi hakk\u0131nda konu\u015furken, Jessica Minh Anh; \u201cG\u00fclnur G\u00fcne\u015f\u2019in 60\u2019l\u0131 y\u0131llar\u0131nda s\u0131k\u0131 belli trendinden etkilenen romantik ve kad\u0131ns\u0131 haute couture tasar\u0131mlar\u0131n\u0131 seviyorum. Onun koleksiyonu \u00f6zg\u00fcn, evrensel ve \u00e7ok etkileyici. G\u00fclnur\u2019un elbiseleri kad\u0131n\u0131n k\u0131vr\u0131mlar\u0131n\u0131 vurguluyor ve zarafetini kucakl\u0131yor.\u201d dedi. T\u00fcrk yetenek m\u00fckemmel siluete vurgu yapan ve moday\u0131 bir sanat olarak sunan yeni bir koleksiyonunun pr\u00f6miyerini yapacak.<\/p>\n<p style=\"text-align: justify;\">Jessica Minh Anh\u2019s ge\u00e7mi\u015fteki teatral podyumlar\u0131na benzer \u015fekilde, J. 2015 Sonbahar Moda \u015eovu\u2019nda \u00a0sanat, mimari, k\u00fclt\u00fcr ve moday\u0131 birle\u015ftirecek. Bu b\u00fcy\u00fck etkinlik G\u00fclnur G\u00fcne\u015f\u2019in yan\u0131 s\u0131ra, L\u00fcbnanl\u0131 Haute Couture etiketi Rouba.G, Perulu sanat\u00e7\u0131 Ani \u00c1lvarez Calder\u00f3n, Suudi Arap moda evi Ot Kutyr Atulier, Honk Kong\u2019dan 5.8.0. yarat\u0131c\u0131 st\u00fcdyo ve Kiwi miras\u0131 Iwi Creations markas\u0131n\u0131 da i\u00e7eriyor.<\/p>\n<p style=\"text-align: justify;\">Compagnie des\u00a0Bateaux\u00a0Mouches Operasyon M\u00fcd\u00fcr\u00fc Marco Goncalvez, \u201cJessica Minh Anh ile bu \u00f6zel projede birlikte \u00e7al\u0131\u015fmaktan son derece onur duyuyoruz.\u201d dedi ve \u015f\u00f6yle ekledi; \u201cOnun B\u00fcy\u00fck Kanyon K\u00f6pr\u00fcs\u00fc, Hudson Nehri, Londra Kulesi K\u00f6pr\u00fcs\u00fc ve Tek D\u00fcnya Ticaret Merkezi gibi yerlerde ger\u00e7ekle\u015ftirdi\u011fi ikonik sahnelemelerini y\u0131llard\u0131r hayranl\u0131kla izliyoruz. Mekan\u0131m\u0131z\u0131 Jessica\u2019n\u0131n al\u0131\u015f\u0131lm\u0131\u015f\u0131n d\u0131\u015f\u0131ndaki podyumlar\u0131na eklemesi bizim i\u00e7in bir ayr\u0131cal\u0131k.\u201d \u00a0Uluslararas\u0131 moda tasar\u0131mc\u0131lar\u0131, b\u00fcy\u00fckel\u00e7iler, bakanlar, \u00e7e\u015fitli end\u00fcstrilerdeki etki sahipleri ve uluslararas\u0131 bas\u0131n dahil olmak \u00fczere \u00d6zel VIPler modan\u0131n g\u00fczelli\u011finin ve Paris\u2019in tad\u0131n\u0131 yeni bir \u0131\u015f\u0131k alt\u0131nda \u00e7\u0131karacaklar.<\/p>\n<figure id=\"attachment_87782\" aria-describedby=\"caption-attachment-87782\" style=\"width: 566px\" class=\"wp-caption aligncenter\"><a href=\"https:\/\/epochtimestr.com\/wp-content\/uploads\/2011y\/Jessica-M\u0130nh-Anh.jpg\"><img loading=\"lazy\" decoding=\"async\" class=\" wp-image-87782\" src=\"https:\/\/epochtimestr.com\/wp-content\/uploads\/2011y\/Jessica-M\u0130nh-Anh-410x400.jpg\" alt=\"Foto\u011fraf: Jessica Minh Anh'\u0131n Eyfel Kulesi'nde ger\u00e7ekle\u015ftirdi\u011fi podyum y\u00fcr\u00fcy\u00fc\u015flerinden kareler\" width=\"566\" height=\"552\" srcset=\"https:\/\/epochtimestr.com\/wp-content\/uploads\/2011y\/Jessica-M\u0130nh-Anh-410x400.jpg 410w, https:\/\/epochtimestr.com\/wp-content\/uploads\/2011y\/Jessica-M\u0130nh-Anh-600x585.jpg 600w, https:\/\/epochtimestr.com\/wp-content\/uploads\/2011y\/Jessica-M\u0130nh-Anh-150x146.jpg 150w, https:\/\/epochtimestr.com\/wp-content\/uploads\/2011y\/Jessica-M\u0130nh-Anh-300x292.jpg 300w, https:\/\/epochtimestr.com\/wp-content\/uploads\/2011y\/Jessica-M\u0130nh-Anh-50x50.jpg 50w, https:\/\/epochtimestr.com\/wp-content\/uploads\/2011y\/Jessica-M\u0130nh-Anh-292x285.jpg 292w, https:\/\/epochtimestr.com\/wp-content\/uploads\/2011y\/Jessica-M\u0130nh-Anh-55x55.jpg 55w, https:\/\/epochtimestr.com\/wp-content\/uploads\/2011y\/Jessica-M\u0130nh-Anh-638x622.jpg 638w, https:\/\/epochtimestr.com\/wp-content\/uploads\/2011y\/Jessica-M\u0130nh-Anh-629x613.jpg 629w, https:\/\/epochtimestr.com\/wp-content\/uploads\/2011y\/Jessica-M\u0130nh-Anh-30x30.jpg 30w, https:\/\/epochtimestr.com\/wp-content\/uploads\/2011y\/Jessica-M\u0130nh-Anh.jpg 834w\" sizes=\"(max-width: 566px) 100vw, 566px\" \/><\/a><figcaption id=\"caption-attachment-87782\" class=\"wp-caption-text\">Foto\u011fraf: Jessica Minh Anh&#8217;\u0131n Eyfel Kulesi&#8217;nde ger\u00e7ekle\u015ftirdi\u011fi podyum y\u00fcr\u00fcy\u00fc\u015flerinden kareler<\/figcaption><\/figure>\n<p style=\"text-align: justify;\">Enfes haute couture ve ileri teknoloji giyime haz\u0131r koleksiyonlar\u0131n yan\u0131 s\u0131ra, Jessica\u00a0Minh Anh\u2019\u0131n ola\u011fan\u00fcst\u00fc sa\u00e7 tasar\u0131mlar\u0131 da atraksiyonun bir par\u00e7as\u0131. Onun uluslararas\u0131 en yetenekli sanat\u00e7\u0131lar taraf\u0131ndan yarat\u0131lan mimari sa\u00e7 \u00fcr\u00fcnleri, onun s\u0131rad\u0131\u015f\u0131 vizyonunu tamamlayarak say\u0131s\u0131z g\u00fczellik yay\u0131n\u0131n\u0131 s\u00fcslemi\u015ftir.<\/p>\n<p style=\"text-align: justify;\">Ge\u00e7ti\u011fimiz Temmuz ay\u0131nda, 10. \u00c7\u0131\u011f\u0131r a\u00e7an prod\u00fcksiyonunu d\u00fcnyan\u0131n ilk g\u00fcne\u015f enerjili podyumu ile damgalayan Jessica Minh\u00a0Anh, Montblanc, Graff Diamonds, Paul Costelloe, Addy van den\u00a0Krommenacker, Shiatzy Chen, Yumi Katsura, Tony Ward, ve Buccellati gibi en \u00fcst d\u00fczeydeki tasar\u0131mc\u0131lar ve l\u00fcks markalar ile \u00e7al\u0131\u015f\u0131rken ayn\u0131 zamanda Ziad Nakad ve Shilpa\u00a0Reddy gibi yeni nesilin s\u0131rad\u0131\u015f\u0131 yeteneklerini de destekledi. \u00a0Onun ikonik yerleri hakk\u0131nda konu\u015furken Jessica, \u201cBen en muhte\u015fem tasar\u0131mlar\u0131n, en iyi yerlerde, en yarat\u0131c\u0131 podyum konseptleri kullan\u0131larak vitrine \u00e7\u0131kmas\u0131 gerekti\u011fine inan\u0131yorum. Bu zorlu ama ayn\u0131 zamanda \u00e7ok da \u00f6d\u00fcllendirici bir s\u00fcre\u00e7.\u201d dedi.<\/p>\n<h4 style=\"text-align: justify;\">G\u00fclnur G\u00fcne\u015f kimdir?<\/h4>\n<figure id=\"attachment_87784\" aria-describedby=\"caption-attachment-87784\" style=\"width: 270px\" class=\"wp-caption alignright\"><a href=\"https:\/\/epochtimestr.com\/wp-content\/uploads\/2011y\/G\u00fclnur-G\u00fcne\u015f.jpg\"><img loading=\"lazy\" decoding=\"async\" class=\"size-large wp-image-87784\" src=\"https:\/\/epochtimestr.com\/wp-content\/uploads\/2011y\/G\u00fclnur-G\u00fcne\u015f-270x400.jpg\" alt=\"Foto\u011fraf:  G\u00fclnur G\u00fcne\u015f (Ki\u015fisel sayfas\u0131ndan al\u0131nm\u0131\u015ft\u0131r) \" width=\"270\" height=\"400\" srcset=\"https:\/\/epochtimestr.com\/wp-content\/uploads\/2011y\/G\u00fclnur-G\u00fcne\u015f-270x400.jpg 270w, https:\/\/epochtimestr.com\/wp-content\/uploads\/2011y\/G\u00fclnur-G\u00fcne\u015f-600x889.jpg 600w, https:\/\/epochtimestr.com\/wp-content\/uploads\/2011y\/G\u00fclnur-G\u00fcne\u015f-101x150.jpg 101w, https:\/\/epochtimestr.com\/wp-content\/uploads\/2011y\/G\u00fclnur-G\u00fcne\u015f-202x300.jpg 202w, https:\/\/epochtimestr.com\/wp-content\/uploads\/2011y\/G\u00fclnur-G\u00fcne\u015f-292x433.jpg 292w, https:\/\/epochtimestr.com\/wp-content\/uploads\/2011y\/G\u00fclnur-G\u00fcne\u015f-638x946.jpg 638w, https:\/\/epochtimestr.com\/wp-content\/uploads\/2011y\/G\u00fclnur-G\u00fcne\u015f-629x932.jpg 629w, https:\/\/epochtimestr.com\/wp-content\/uploads\/2011y\/G\u00fclnur-G\u00fcne\u015f.jpg 649w\" sizes=\"(max-width: 270px) 100vw, 270px\" \/><\/a><figcaption id=\"caption-attachment-87784\" class=\"wp-caption-text\">Foto\u011fraf: G\u00fclnur G\u00fcne\u015f (Ki\u015fisel sayfas\u0131ndan al\u0131nm\u0131\u015ft\u0131r)<\/figcaption><\/figure>\n<p style=\"text-align: justify;\">Ankara&#8217;da do\u011fan G\u00fclnur G\u00fcne\u015f, \u0130stanbul Bilgi \u00dcniversitesi Avrupa Birli\u011fi ve Uluslararas\u0131 \u0130li\u015fkiler okurken, modaya olan ilgisini profesyonel bir alana ta\u015f\u0131maya karar verir. Ayn\u0131 anda \u0130stanbul Moda Akademisi&#8217;ne ba\u015flar. Her iki taraftaki e\u011fitimini ba\u015far\u0131yla tamamlad\u0131ktan sonra, moda d\u00fcnyas\u0131na kararl\u0131 bir giri\u015f yapan G\u00fclnur G\u00fcne\u015f, Ni\u015fanta\u015f\u0131&#8217;nda ki \u015f\u0131k buti\u011finde tasar\u0131mlar\u0131n\u0131 moda severlerle bulu\u015fturuyor.<\/p>\n<p style=\"text-align: justify;\">G\u00fclnur G\u00fcne\u015f&#8217;in tasar\u0131mlar\u0131nda, ince elenen ve s\u0131k dokunan detaylar, kusursuz bir \u015fekilde b\u00fct\u00fcn\u00fc olu\u015fturur. B\u00fct\u00fcn denildi\u011finde zihinde beliren kal\u0131plardan \u00f6te, ger\u00e7ek bir kimlik olu\u015fturma fikri vard\u0131r; tasar\u0131m\u0131 anlatmaya gerek kalmadan, &#8220;O&#8221; kendini tan\u0131t\u0131r. \u0130yi giyinmenin bir sanat oldu\u011funu d\u00fc\u015f\u00fcnen, feminen ve romantik bir sil\u00fcetin alt\u0131n\u0131 \u00e7izen, elegan bir kad\u0131n vard\u0131r kar\u015f\u0131m\u0131zda.60&#8217;lar\u0131n yuvarlak hatl\u0131, ince belli, \u00f6zg\u00fcr ruhlu, ba\u011f\u0131ms\u0131z, kum saatini and\u0131ran kad\u0131n sil\u00fcetinden ilham alan G\u00fclnur G\u00fcne\u015f&#8217;in koleksiyonu, 2012- 2013 y\u0131l\u0131nda &#8220;g\u00fc\u00e7&#8221; kavram\u0131 \u00fczerinde y\u00fckseliyor.<\/p>\n<p style=\"text-align: justify;\">G\u00fclnur G\u00fcne\u015f, g\u00fc\u00e7 kavram\u0131n\u0131 erkeklerle \u00f6zde\u015fle\u015ftiren alg\u0131y\u0131 tam anlam\u0131yla tersine \u00e7eviriyor. Feminen g\u00f6r\u00fcnt\u00fcs\u00fcn\u00fc sergilemekten \u00e7ekinmeyen, zarafetin yan\u0131 s\u0131ra g\u00fc\u00e7 kavram\u0131n\u0131 da \u00fcstlenmi\u015f kad\u0131nlardan esinleniyor. G\u00fclnur G\u00fcne\u015f ile &#8220;kad\u0131n&#8221;, art\u0131k bir kal\u0131b\u0131n i\u00e7inde de\u011fil, kendi kimli\u011fini \u00f6zg\u00fcrce ifade edebilece\u011fi s\u0131n\u0131rs\u0131z bir evrenin i\u00e7inde, g\u00fc\u00e7l\u00fc ve bir e\u015fi daha yok&#8230;<\/p>\n","protected":false},"excerpt":{"rendered":"<p>D\u00fcnyaca \u00fcnl\u00fc moda prod\u00fckt\u00f6r\u00fc ve model Jessica Minh Anh \u00a0100 metrelik y\u00fczen podyum \u00fczerinde yapaca\u011f\u0131 sunum i\u00e7in T\u00fcrkiye&#8217;den T\u00fcrk tasar\u0131mc\u0131 G\u00fclnur G\u00fcne\u015f&#8217;i se\u00e7ti. \u00a0 Eyfel Kulesi\u2019nde \u015fimdiye kadar kurulan ilk podyumdaki fenomenal ba\u015far\u0131s\u0131n\u0131n ard\u0131ndan,\u00a0 Jessica Minh Anh,\u00a0 modan\u0131n ba\u015fkentinde Seine\u2019nin dev cam teknesini 100 metrelik y\u00fczen bir podyuma d\u00f6n\u00fc\u015ft\u00fcrmek i\u00e7in geri d\u00f6n\u00fcyor. 29 Ekim 2015 [&hellip;]<\/p>\n","protected":false},"author":22,"featured_media":87783,"comment_status":"open","ping_status":"open","sticky":false,"template":"","format":"standard","meta":{"_yoast_wpseo_focuskw":"","_yoast_wpseo_title":"","_yoast_wpseo_metadesc":"","_bbp_topic_count":0,"_bbp_reply_count":0,"_bbp_total_topic_count":0,"_bbp_total_reply_count":0,"_bbp_voice_count":0,"_bbp_anonymous_reply_count":0,"_bbp_topic_count_hidden":0,"_bbp_reply_count_hidden":0,"_bbp_forum_subforum_count":0,"footnotes":"","_yoast_wpseo_focuskw_text_input":""},"categories":[37],"tags":[],"yoast_head":"<!-- This site is optimized with the Yoast SEO plugin v23.0 - https:\/\/yoast.com\/wordpress\/plugins\/seo\/ -->\n<title>\u00dcnl\u00fc Moda Prod\u00fckt\u00f6r\u00fc Jessica Minh Anh T\u00fcrkiye&#039;den G\u00fclnur G\u00fcne\u015f&#039;i Se\u00e7ti - The Epoch Times TR<\/title>\n<meta name=\"robots\" content=\"index, follow, max-snippet:-1, max-image-preview:large, max-video-preview:-1\" \/>\n<link rel=\"canonical\" href=\"https:\/\/epochtimestr.com\/index.php\/unlu-moda-produktoru-turkiyeden-gulnur-gunes\" \/>\n<meta property=\"og:locale\" content=\"tr_TR\" \/>\n<meta property=\"og:type\" content=\"article\" \/>\n<meta property=\"og:title\" content=\"\u00dcnl\u00fc Moda Prod\u00fckt\u00f6r\u00fc Jessica Minh Anh T\u00fcrkiye&#039;den G\u00fclnur G\u00fcne\u015f&#039;i Se\u00e7ti - The Epoch Times TR\" \/>\n<meta property=\"og:description\" content=\"D\u00fcnyaca \u00fcnl\u00fc moda prod\u00fckt\u00f6r\u00fc ve model Jessica Minh Anh \u00a0100 metrelik y\u00fczen podyum \u00fczerinde yapaca\u011f\u0131 sunum i\u00e7in T\u00fcrkiye&#8217;den T\u00fcrk tasar\u0131mc\u0131 G\u00fclnur G\u00fcne\u015f&#8217;i se\u00e7ti. \u00a0 Eyfel Kulesi\u2019nde \u015fimdiye kadar kurulan ilk podyumdaki fenomenal ba\u015far\u0131s\u0131n\u0131n ard\u0131ndan,\u00a0 Jessica Minh Anh,\u00a0 modan\u0131n ba\u015fkentinde Seine\u2019nin dev cam teknesini 100 metrelik y\u00fczen bir podyuma d\u00f6n\u00fc\u015ft\u00fcrmek i\u00e7in geri d\u00f6n\u00fcyor. 29 Ekim 2015 [&hellip;]\" \/>\n<meta property=\"og:url\" content=\"https:\/\/epochtimestr.com\/index.php\/unlu-moda-produktoru-turkiyeden-gulnur-gunes\" \/>\n<meta property=\"og:site_name\" content=\"The Epoch Times TR\" \/>\n<meta property=\"article:publisher\" content=\"https:\/\/www.facebook.com\/theepochtimestr\" \/>\n<meta property=\"article:published_time\" content=\"2015-09-29T22:47:23+00:00\" \/>\n<meta property=\"article:modified_time\" content=\"2015-09-30T08:10:04+00:00\" \/>\n<meta property=\"og:image\" content=\"https:\/\/epochtimestr.com\/wp-content\/uploads\/2011y\/G\u00fclnur-G\u00fcne\u015f2.jpg\" \/>\n\t<meta property=\"og:image:width\" content=\"649\" \/>\n\t<meta property=\"og:image:height\" content=\"448\" \/>\n\t<meta property=\"og:image:type\" content=\"image\/jpeg\" \/>\n<meta name=\"author\" content=\"G.Hakan Ko\u00e7man\" \/>\n<meta name=\"twitter:card\" content=\"summary_large_image\" \/>\n<meta name=\"twitter:creator\" content=\"@TheEpochTimesTR\" \/>\n<meta name=\"twitter:site\" content=\"@TheEpochTimesTR\" \/>\n<meta name=\"twitter:label1\" content=\"Yazan:\" \/>\n\t<meta name=\"twitter:data1\" content=\"G.Hakan Ko\u00e7man\" \/>\n\t<meta name=\"twitter:label2\" content=\"Tahmini okuma s\u00fcresi\" \/>\n\t<meta name=\"twitter:data2\" content=\"5 dakika\" \/>\n<script type=\"application\/ld+json\" class=\"yoast-schema-graph\">{\"@context\":\"https:\/\/schema.org\",\"@graph\":[{\"@type\":\"Article\",\"@id\":\"https:\/\/epochtimestr.com\/index.php\/unlu-moda-produktoru-turkiyeden-gulnur-gunes#article\",\"isPartOf\":{\"@id\":\"https:\/\/epochtimestr.com\/index.php\/unlu-moda-produktoru-turkiyeden-gulnur-gunes\"},\"author\":{\"name\":\"G.Hakan Ko\u00e7man\",\"@id\":\"https:\/\/epochtimestr.com\/#\/schema\/person\/b5509977c9a6cd729a3e74d9743d035b\"},\"headline\":\"\u00dcnl\u00fc Moda Prod\u00fckt\u00f6r\u00fc Jessica Minh Anh T\u00fcrkiye&#8217;den G\u00fclnur G\u00fcne\u015f&#8217;i Se\u00e7ti\",\"datePublished\":\"2015-09-29T22:47:23+00:00\",\"dateModified\":\"2015-09-30T08:10:04+00:00\",\"mainEntityOfPage\":{\"@id\":\"https:\/\/epochtimestr.com\/index.php\/unlu-moda-produktoru-turkiyeden-gulnur-gunes\"},\"wordCount\":990,\"commentCount\":0,\"publisher\":{\"@id\":\"https:\/\/epochtimestr.com\/#organization\"},\"image\":{\"@id\":\"https:\/\/epochtimestr.com\/index.php\/unlu-moda-produktoru-turkiyeden-gulnur-gunes#primaryimage\"},\"thumbnailUrl\":\"https:\/\/epochtimestr.com\/wp-content\/uploads\/2011y\/G\u00fclnur-G\u00fcne\u015f2.jpg\",\"articleSection\":[\"T\u00dcRK\u0130YE\"],\"inLanguage\":\"tr\",\"potentialAction\":[{\"@type\":\"CommentAction\",\"name\":\"Comment\",\"target\":[\"https:\/\/epochtimestr.com\/index.php\/unlu-moda-produktoru-turkiyeden-gulnur-gunes#respond\"]}]},{\"@type\":\"WebPage\",\"@id\":\"https:\/\/epochtimestr.com\/index.php\/unlu-moda-produktoru-turkiyeden-gulnur-gunes\",\"url\":\"https:\/\/epochtimestr.com\/index.php\/unlu-moda-produktoru-turkiyeden-gulnur-gunes\",\"name\":\"\u00dcnl\u00fc Moda Prod\u00fckt\u00f6r\u00fc Jessica Minh Anh T\u00fcrkiye'den G\u00fclnur G\u00fcne\u015f'i Se\u00e7ti - The Epoch Times TR\",\"isPartOf\":{\"@id\":\"https:\/\/epochtimestr.com\/#website\"},\"primaryImageOfPage\":{\"@id\":\"https:\/\/epochtimestr.com\/index.php\/unlu-moda-produktoru-turkiyeden-gulnur-gunes#primaryimage\"},\"image\":{\"@id\":\"https:\/\/epochtimestr.com\/index.php\/unlu-moda-produktoru-turkiyeden-gulnur-gunes#primaryimage\"},\"thumbnailUrl\":\"https:\/\/epochtimestr.com\/wp-content\/uploads\/2011y\/G\u00fclnur-G\u00fcne\u015f2.jpg\",\"datePublished\":\"2015-09-29T22:47:23+00:00\",\"dateModified\":\"2015-09-30T08:10:04+00:00\",\"inLanguage\":\"tr\",\"potentialAction\":[{\"@type\":\"ReadAction\",\"target\":[\"https:\/\/epochtimestr.com\/index.php\/unlu-moda-produktoru-turkiyeden-gulnur-gunes\"]}]},{\"@type\":\"ImageObject\",\"inLanguage\":\"tr\",\"@id\":\"https:\/\/epochtimestr.com\/index.php\/unlu-moda-produktoru-turkiyeden-gulnur-gunes#primaryimage\",\"url\":\"https:\/\/epochtimestr.com\/wp-content\/uploads\/2011y\/G\u00fclnur-G\u00fcne\u015f2.jpg\",\"contentUrl\":\"https:\/\/epochtimestr.com\/wp-content\/uploads\/2011y\/G\u00fclnur-G\u00fcne\u015f2.jpg\",\"width\":649,\"height\":448,\"caption\":\"Foto\u011fraf: G\u00fclnur G\u00fcne\u015f (Ki\u015fisel sayfas\u0131ndan al\u0131nm\u0131\u015ft\u0131r)\"},{\"@type\":\"WebSite\",\"@id\":\"https:\/\/epochtimestr.com\/#website\",\"url\":\"https:\/\/epochtimestr.com\/\",\"name\":\"The Epoch Times TR\",\"description\":\"De\u011fi\u015fen D\u00fcnyam\u0131za Taze Bir Bak\u0131\u015f\",\"publisher\":{\"@id\":\"https:\/\/epochtimestr.com\/#organization\"},\"potentialAction\":[{\"@type\":\"SearchAction\",\"target\":{\"@type\":\"EntryPoint\",\"urlTemplate\":\"https:\/\/epochtimestr.com\/?s={search_term_string}\"},\"query-input\":\"required name=search_term_string\"}],\"inLanguage\":\"tr\"},{\"@type\":\"Organization\",\"@id\":\"https:\/\/epochtimestr.com\/#organization\",\"name\":\"The EpochTimes T\u00fcrkiye\",\"url\":\"https:\/\/epochtimestr.com\/\",\"logo\":{\"@type\":\"ImageObject\",\"inLanguage\":\"tr\",\"@id\":\"https:\/\/epochtimestr.com\/#\/schema\/logo\/image\/\",\"url\":\"https:\/\/epochtimestr.com\/wp-content\/uploads\/2011y\/ET-Logo-YG.jpg\",\"contentUrl\":\"https:\/\/epochtimestr.com\/wp-content\/uploads\/2011y\/ET-Logo-YG.jpg\",\"width\":346,\"height\":29,\"caption\":\"The EpochTimes T\u00fcrkiye\"},\"image\":{\"@id\":\"https:\/\/epochtimestr.com\/#\/schema\/logo\/image\/\"},\"sameAs\":[\"https:\/\/www.facebook.com\/theepochtimestr\",\"https:\/\/x.com\/TheEpochTimesTR\",\"https:\/\/www.instagram.com\/epochtimestr\"]},{\"@type\":\"Person\",\"@id\":\"https:\/\/epochtimestr.com\/#\/schema\/person\/b5509977c9a6cd729a3e74d9743d035b\",\"name\":\"G.Hakan Ko\u00e7man\",\"image\":{\"@type\":\"ImageObject\",\"inLanguage\":\"tr\",\"@id\":\"https:\/\/epochtimestr.com\/#\/schema\/person\/image\/\",\"url\":\"https:\/\/secure.gravatar.com\/avatar\/e4eafee1ab5d1f4015c3930376b22ca8?s=96&d=mm&r=g\",\"contentUrl\":\"https:\/\/secure.gravatar.com\/avatar\/e4eafee1ab5d1f4015c3930376b22ca8?s=96&d=mm&r=g\",\"caption\":\"G.Hakan Ko\u00e7man\"},\"url\":\"https:\/\/epochtimestr.com\/index.php\/author\/hakan\"}]}<\/script>\n<!-- \/ Yoast SEO plugin. -->","yoast_head_json":{"title":"\u00dcnl\u00fc Moda Prod\u00fckt\u00f6r\u00fc Jessica Minh Anh T\u00fcrkiye'den G\u00fclnur G\u00fcne\u015f'i Se\u00e7ti - The Epoch Times TR","robots":{"index":"index","follow":"follow","max-snippet":"max-snippet:-1","max-image-preview":"max-image-preview:large","max-video-preview":"max-video-preview:-1"},"canonical":"https:\/\/epochtimestr.com\/index.php\/unlu-moda-produktoru-turkiyeden-gulnur-gunes","og_locale":"tr_TR","og_type":"article","og_title":"\u00dcnl\u00fc Moda Prod\u00fckt\u00f6r\u00fc Jessica Minh Anh T\u00fcrkiye'den G\u00fclnur G\u00fcne\u015f'i Se\u00e7ti - The Epoch Times TR","og_description":"D\u00fcnyaca \u00fcnl\u00fc moda prod\u00fckt\u00f6r\u00fc ve model Jessica Minh Anh \u00a0100 metrelik y\u00fczen podyum \u00fczerinde yapaca\u011f\u0131 sunum i\u00e7in T\u00fcrkiye&#8217;den T\u00fcrk tasar\u0131mc\u0131 G\u00fclnur G\u00fcne\u015f&#8217;i se\u00e7ti. \u00a0 Eyfel Kulesi\u2019nde \u015fimdiye kadar kurulan ilk podyumdaki fenomenal ba\u015far\u0131s\u0131n\u0131n ard\u0131ndan,\u00a0 Jessica Minh Anh,\u00a0 modan\u0131n ba\u015fkentinde Seine\u2019nin dev cam teknesini 100 metrelik y\u00fczen bir podyuma d\u00f6n\u00fc\u015ft\u00fcrmek i\u00e7in geri d\u00f6n\u00fcyor. 29 Ekim 2015 [&hellip;]","og_url":"https:\/\/epochtimestr.com\/index.php\/unlu-moda-produktoru-turkiyeden-gulnur-gunes","og_site_name":"The Epoch Times TR","article_publisher":"https:\/\/www.facebook.com\/theepochtimestr","article_published_time":"2015-09-29T22:47:23+00:00","article_modified_time":"2015-09-30T08:10:04+00:00","og_image":[{"width":649,"height":448,"url":"https:\/\/epochtimestr.com\/wp-content\/uploads\/2011y\/G\u00fclnur-G\u00fcne\u015f2.jpg","type":"image\/jpeg"}],"author":"G.Hakan Ko\u00e7man","twitter_card":"summary_large_image","twitter_creator":"@TheEpochTimesTR","twitter_site":"@TheEpochTimesTR","twitter_misc":{"Yazan:":"G.Hakan Ko\u00e7man","Tahmini okuma s\u00fcresi":"5 dakika"},"schema":{"@context":"https:\/\/schema.org","@graph":[{"@type":"Article","@id":"https:\/\/epochtimestr.com\/index.php\/unlu-moda-produktoru-turkiyeden-gulnur-gunes#article","isPartOf":{"@id":"https:\/\/epochtimestr.com\/index.php\/unlu-moda-produktoru-turkiyeden-gulnur-gunes"},"author":{"name":"G.Hakan Ko\u00e7man","@id":"https:\/\/epochtimestr.com\/#\/schema\/person\/b5509977c9a6cd729a3e74d9743d035b"},"headline":"\u00dcnl\u00fc Moda Prod\u00fckt\u00f6r\u00fc Jessica Minh Anh T\u00fcrkiye&#8217;den G\u00fclnur G\u00fcne\u015f&#8217;i Se\u00e7ti","datePublished":"2015-09-29T22:47:23+00:00","dateModified":"2015-09-30T08:10:04+00:00","mainEntityOfPage":{"@id":"https:\/\/epochtimestr.com\/index.php\/unlu-moda-produktoru-turkiyeden-gulnur-gunes"},"wordCount":990,"commentCount":0,"publisher":{"@id":"https:\/\/epochtimestr.com\/#organization"},"image":{"@id":"https:\/\/epochtimestr.com\/index.php\/unlu-moda-produktoru-turkiyeden-gulnur-gunes#primaryimage"},"thumbnailUrl":"https:\/\/epochtimestr.com\/wp-content\/uploads\/2011y\/G\u00fclnur-G\u00fcne\u015f2.jpg","articleSection":["T\u00dcRK\u0130YE"],"inLanguage":"tr","potentialAction":[{"@type":"CommentAction","name":"Comment","target":["https:\/\/epochtimestr.com\/index.php\/unlu-moda-produktoru-turkiyeden-gulnur-gunes#respond"]}]},{"@type":"WebPage","@id":"https:\/\/epochtimestr.com\/index.php\/unlu-moda-produktoru-turkiyeden-gulnur-gunes","url":"https:\/\/epochtimestr.com\/index.php\/unlu-moda-produktoru-turkiyeden-gulnur-gunes","name":"\u00dcnl\u00fc Moda Prod\u00fckt\u00f6r\u00fc Jessica Minh Anh T\u00fcrkiye'den G\u00fclnur G\u00fcne\u015f'i Se\u00e7ti - The Epoch Times TR","isPartOf":{"@id":"https:\/\/epochtimestr.com\/#website"},"primaryImageOfPage":{"@id":"https:\/\/epochtimestr.com\/index.php\/unlu-moda-produktoru-turkiyeden-gulnur-gunes#primaryimage"},"image":{"@id":"https:\/\/epochtimestr.com\/index.php\/unlu-moda-produktoru-turkiyeden-gulnur-gunes#primaryimage"},"thumbnailUrl":"https:\/\/epochtimestr.com\/wp-content\/uploads\/2011y\/G\u00fclnur-G\u00fcne\u015f2.jpg","datePublished":"2015-09-29T22:47:23+00:00","dateModified":"2015-09-30T08:10:04+00:00","inLanguage":"tr","potentialAction":[{"@type":"ReadAction","target":["https:\/\/epochtimestr.com\/index.php\/unlu-moda-produktoru-turkiyeden-gulnur-gunes"]}]},{"@type":"ImageObject","inLanguage":"tr","@id":"https:\/\/epochtimestr.com\/index.php\/unlu-moda-produktoru-turkiyeden-gulnur-gunes#primaryimage","url":"https:\/\/epochtimestr.com\/wp-content\/uploads\/2011y\/G\u00fclnur-G\u00fcne\u015f2.jpg","contentUrl":"https:\/\/epochtimestr.com\/wp-content\/uploads\/2011y\/G\u00fclnur-G\u00fcne\u015f2.jpg","width":649,"height":448,"caption":"Foto\u011fraf: G\u00fclnur G\u00fcne\u015f (Ki\u015fisel sayfas\u0131ndan al\u0131nm\u0131\u015ft\u0131r)"},{"@type":"WebSite","@id":"https:\/\/epochtimestr.com\/#website","url":"https:\/\/epochtimestr.com\/","name":"The Epoch Times TR","description":"De\u011fi\u015fen D\u00fcnyam\u0131za Taze Bir Bak\u0131\u015f","publisher":{"@id":"https:\/\/epochtimestr.com\/#organization"},"potentialAction":[{"@type":"SearchAction","target":{"@type":"EntryPoint","urlTemplate":"https:\/\/epochtimestr.com\/?s={search_term_string}"},"query-input":"required name=search_term_string"}],"inLanguage":"tr"},{"@type":"Organization","@id":"https:\/\/epochtimestr.com\/#organization","name":"The EpochTimes T\u00fcrkiye","url":"https:\/\/epochtimestr.com\/","logo":{"@type":"ImageObject","inLanguage":"tr","@id":"https:\/\/epochtimestr.com\/#\/schema\/logo\/image\/","url":"https:\/\/epochtimestr.com\/wp-content\/uploads\/2011y\/ET-Logo-YG.jpg","contentUrl":"https:\/\/epochtimestr.com\/wp-content\/uploads\/2011y\/ET-Logo-YG.jpg","width":346,"height":29,"caption":"The EpochTimes T\u00fcrkiye"},"image":{"@id":"https:\/\/epochtimestr.com\/#\/schema\/logo\/image\/"},"sameAs":["https:\/\/www.facebook.com\/theepochtimestr","https:\/\/x.com\/TheEpochTimesTR","https:\/\/www.instagram.com\/epochtimestr"]},{"@type":"Person","@id":"https:\/\/epochtimestr.com\/#\/schema\/person\/b5509977c9a6cd729a3e74d9743d035b","name":"G.Hakan Ko\u00e7man","image":{"@type":"ImageObject","inLanguage":"tr","@id":"https:\/\/epochtimestr.com\/#\/schema\/person\/image\/","url":"https:\/\/secure.gravatar.com\/avatar\/e4eafee1ab5d1f4015c3930376b22ca8?s=96&d=mm&r=g","contentUrl":"https:\/\/secure.gravatar.com\/avatar\/e4eafee1ab5d1f4015c3930376b22ca8?s=96&d=mm&r=g","caption":"G.Hakan Ko\u00e7man"},"url":"https:\/\/epochtimestr.com\/index.php\/author\/hakan"}]}},"_links":{"self":[{"href":"https:\/\/epochtimestr.com\/index.php\/wp-json\/wp\/v2\/posts\/87780"}],"collection":[{"href":"https:\/\/epochtimestr.com\/index.php\/wp-json\/wp\/v2\/posts"}],"about":[{"href":"https:\/\/epochtimestr.com\/index.php\/wp-json\/wp\/v2\/types\/post"}],"author":[{"embeddable":true,"href":"https:\/\/epochtimestr.com\/index.php\/wp-json\/wp\/v2\/users\/22"}],"replies":[{"embeddable":true,"href":"https:\/\/epochtimestr.com\/index.php\/wp-json\/wp\/v2\/comments?post=87780"}],"version-history":[{"count":5,"href":"https:\/\/epochtimestr.com\/index.php\/wp-json\/wp\/v2\/posts\/87780\/revisions"}],"predecessor-version":[{"id":87805,"href":"https:\/\/epochtimestr.com\/index.php\/wp-json\/wp\/v2\/posts\/87780\/revisions\/87805"}],"wp:featuredmedia":[{"embeddable":true,"href":"https:\/\/epochtimestr.com\/index.php\/wp-json\/wp\/v2\/media\/87783"}],"wp:attachment":[{"href":"https:\/\/epochtimestr.com\/index.php\/wp-json\/wp\/v2\/media?parent=87780"}],"wp:term":[{"taxonomy":"category","embeddable":true,"href":"https:\/\/epochtimestr.com\/index.php\/wp-json\/wp\/v2\/categories?post=87780"},{"taxonomy":"post_tag","embeddable":true,"href":"https:\/\/epochtimestr.com\/index.php\/wp-json\/wp\/v2\/tags?post=87780"}],"curies":[{"name":"wp","href":"https:\/\/api.w.org\/{rel}","templated":true}]}}