{"id":88323,"date":"2015-10-23T14:25:59","date_gmt":"2015-10-23T11:25:59","guid":{"rendered":"http:\/\/epochtimestr.com\/?p=88323"},"modified":"2015-10-23T14:26:44","modified_gmt":"2015-10-23T11:26:44","slug":"yilmaz-koksal-hayatini-kaybetti","status":"publish","type":"post","link":"https:\/\/epochtimestr.com\/index.php\/yilmaz-koksal-hayatini-kaybetti","title":{"rendered":"Y\u0131lmaz K\u00f6ksal Hayat\u0131n\u0131 Kaybetti"},"content":{"rendered":"<p><a href=\"https:\/\/epochtimestr.com\/wp-content\/uploads\/2011y\/YILMAZ-K\u00d6KSAL.jpg\"><img loading=\"lazy\" decoding=\"async\" class=\"alignnone wp-image-88324\" src=\"https:\/\/epochtimestr.com\/wp-content\/uploads\/2011y\/YILMAZ-K\u00d6KSAL.jpg\" alt=\"YILMAZ K\u00d6KSAL\" width=\"600\" height=\"524\" srcset=\"https:\/\/epochtimestr.com\/wp-content\/uploads\/2011y\/YILMAZ-K\u00d6KSAL.jpg 395w, https:\/\/epochtimestr.com\/wp-content\/uploads\/2011y\/YILMAZ-K\u00d6KSAL-150x131.jpg 150w, https:\/\/epochtimestr.com\/wp-content\/uploads\/2011y\/YILMAZ-K\u00d6KSAL-300x262.jpg 300w, https:\/\/epochtimestr.com\/wp-content\/uploads\/2011y\/YILMAZ-K\u00d6KSAL-90x80.jpg 90w, https:\/\/epochtimestr.com\/wp-content\/uploads\/2011y\/YILMAZ-K\u00d6KSAL-292x255.jpg 292w\" sizes=\"(max-width: 600px) 100vw, 600px\" \/><\/a><\/p>\n<p><strong>15 Temmuz 1939&#8217;da K\u0131r\u015fehir&#8217;de do\u011fan Y\u0131lmaz K\u00f6ksal, Tophane Sanat Enstit\u00fcs\u00fc&#8217;nde okudu. 1965&#8217;ten 2005&#8217;e y\u0131l\u0131na \u00a0kadar 180&#8217;in \u00fczerinde filmde rol alan\u00a0sanat\u00e7\u0131\u00a0Y\u0131lmaz K\u00f6ksal 76 ya\u015f\u0131nda hayat\u0131n\u0131 kaybetti.<\/strong><\/p>\n<p>Uzun s\u00fcredir kanser ile sava\u015fan sanat\u00e7\u0131 Sultanbeyli&#8217;de kald\u0131r\u0131ld\u0131\u011f\u0131 \u00f6zel bir hastanede yo\u011fun bak\u0131ma al\u0131nm\u0131\u015ft\u0131. Ya\u015fam m\u00fccadelesini kaybeden K\u00f6ksal i\u00e7in \u00fcnl\u00fclerin sosyal medyada\u00a0payla\u015ft\u0131\u011f\u0131 ba\u015fsa\u011fl\u0131\u011f\u0131 mesajlar\u0131<\/p>\n<p>-Unutmay\u0131z g\u00fcle\u00e7 kovboyu. Nur i\u00e7inde yat #y\u0131lmazk\u00f6ksal ( Mesut Yar)<\/p>\n<div>-Bana kimse Hazan mevsiminin g\u00fczelli\u011finden bahsetmesin ne \u00a0yap\u0131yorsa yap\u0131yor gelip bizi vuruyor&#8230;<\/div>\n<div>Y\u0131lmaz K\u00f6ksal mart\u0131lar gibi u\u00e7tu gitti.. \u00a0(Orhan Ayd\u0131n)<\/div>\n<div><\/div>\n<div>\n<div>-Y\u0131lmaz K\u00f6ksal a\u011fabeyimizi kaybetmi\u015fiz,mekan\u0131 cennet olsun. \u00a0(Cem Y\u0131lmaz)<\/div>\n<div><\/div>\n<div>&#8211; Bu y\u0131l \u00e7ok yorulduk. #Y\u0131lmazK\u00f6ksal (Erdal Be\u015fik\u00e7io\u011flu)<\/div>\n<div><\/div>\n<div>-\u00c7ocuklu\u011fumuzun kahramanlar\u0131 terk ediyor bizi; Altan Erbulak bir oyun arkada\u015f\u0131na daha kavu\u015ftu. Y\u0131lmaz K\u00f6ksal&#8217;a sayg\u0131yla \u00a0(Sunay Ak\u0131n)<\/div>\n<\/div>\n","protected":false},"excerpt":{"rendered":"<p>15 Temmuz 1939&#8217;da K\u0131r\u015fehir&#8217;de do\u011fan Y\u0131lmaz K\u00f6ksal, Tophane Sanat Enstit\u00fcs\u00fc&#8217;nde okudu. 1965&#8217;ten 2005&#8217;e y\u0131l\u0131na \u00a0kadar 180&#8217;in \u00fczerinde filmde rol alan\u00a0sanat\u00e7\u0131\u00a0Y\u0131lmaz K\u00f6ksal 76 ya\u015f\u0131nda hayat\u0131n\u0131 kaybetti. Uzun s\u00fcredir kanser ile sava\u015fan sanat\u00e7\u0131 Sultanbeyli&#8217;de kald\u0131r\u0131ld\u0131\u011f\u0131 \u00f6zel bir hastanede yo\u011fun bak\u0131ma al\u0131nm\u0131\u015ft\u0131. Ya\u015fam m\u00fccadelesini kaybeden K\u00f6ksal i\u00e7in \u00fcnl\u00fclerin sosyal medyada\u00a0payla\u015ft\u0131\u011f\u0131 ba\u015fsa\u011fl\u0131\u011f\u0131 mesajlar\u0131 -Unutmay\u0131z g\u00fcle\u00e7 kovboyu. Nur i\u00e7inde yat [&hellip;]<\/p>\n","protected":false},"author":36,"featured_media":88324,"comment_status":"open","ping_status":"open","sticky":false,"template":"","format":"standard","meta":{"_yoast_wpseo_focuskw":"","_yoast_wpseo_title":"","_yoast_wpseo_metadesc":"","_bbp_topic_count":0,"_bbp_reply_count":0,"_bbp_total_topic_count":0,"_bbp_total_reply_count":0,"_bbp_voice_count":0,"_bbp_anonymous_reply_count":0,"_bbp_topic_count_hidden":0,"_bbp_reply_count_hidden":0,"_bbp_forum_subforum_count":0,"footnotes":"","_yoast_wpseo_focuskw_text_input":""},"categories":[37],"tags":[],"yoast_head":"<!-- This site is optimized with the Yoast SEO plugin v23.0 - https:\/\/yoast.com\/wordpress\/plugins\/seo\/ -->\n<title>Y\u0131lmaz K\u00f6ksal Hayat\u0131n\u0131 Kaybetti - The Epoch Times TR<\/title>\n<meta name=\"robots\" content=\"index, follow, max-snippet:-1, max-image-preview:large, max-video-preview:-1\" \/>\n<link rel=\"canonical\" href=\"https:\/\/epochtimestr.com\/index.php\/yilmaz-koksal-hayatini-kaybetti\" \/>\n<meta property=\"og:locale\" content=\"tr_TR\" \/>\n<meta property=\"og:type\" content=\"article\" \/>\n<meta property=\"og:title\" content=\"Y\u0131lmaz K\u00f6ksal Hayat\u0131n\u0131 Kaybetti - The Epoch Times TR\" \/>\n<meta property=\"og:description\" content=\"15 Temmuz 1939&#8217;da K\u0131r\u015fehir&#8217;de do\u011fan Y\u0131lmaz K\u00f6ksal, Tophane Sanat Enstit\u00fcs\u00fc&#8217;nde okudu. 1965&#8217;ten 2005&#8217;e y\u0131l\u0131na \u00a0kadar 180&#8217;in \u00fczerinde filmde rol alan\u00a0sanat\u00e7\u0131\u00a0Y\u0131lmaz K\u00f6ksal 76 ya\u015f\u0131nda hayat\u0131n\u0131 kaybetti. Uzun s\u00fcredir kanser ile sava\u015fan sanat\u00e7\u0131 Sultanbeyli&#8217;de kald\u0131r\u0131ld\u0131\u011f\u0131 \u00f6zel bir hastanede yo\u011fun bak\u0131ma al\u0131nm\u0131\u015ft\u0131. Ya\u015fam m\u00fccadelesini kaybeden K\u00f6ksal i\u00e7in \u00fcnl\u00fclerin sosyal medyada\u00a0payla\u015ft\u0131\u011f\u0131 ba\u015fsa\u011fl\u0131\u011f\u0131 mesajlar\u0131 -Unutmay\u0131z g\u00fcle\u00e7 kovboyu. Nur i\u00e7inde yat [&hellip;]\" \/>\n<meta property=\"og:url\" content=\"https:\/\/epochtimestr.com\/index.php\/yilmaz-koksal-hayatini-kaybetti\" \/>\n<meta property=\"og:site_name\" content=\"The Epoch Times TR\" \/>\n<meta property=\"article:publisher\" content=\"https:\/\/www.facebook.com\/theepochtimestr\" \/>\n<meta property=\"article:published_time\" content=\"2015-10-23T11:25:59+00:00\" \/>\n<meta property=\"article:modified_time\" content=\"2015-10-23T11:26:44+00:00\" \/>\n<meta property=\"og:image\" content=\"https:\/\/epochtimestr.com\/wp-content\/uploads\/2011y\/YILMAZ-K\u00d6KSAL.jpg\" \/>\n\t<meta property=\"og:image:width\" content=\"395\" \/>\n\t<meta property=\"og:image:height\" content=\"345\" \/>\n\t<meta property=\"og:image:type\" content=\"image\/jpeg\" \/>\n<meta name=\"author\" content=\"Demet G.\" \/>\n<meta name=\"twitter:card\" content=\"summary_large_image\" \/>\n<meta name=\"twitter:creator\" content=\"@TheEpochTimesTR\" \/>\n<meta name=\"twitter:site\" content=\"@TheEpochTimesTR\" \/>\n<meta name=\"twitter:label1\" content=\"Yazan:\" \/>\n\t<meta name=\"twitter:data1\" content=\"Demet G.\" \/>\n\t<meta name=\"twitter:label2\" content=\"Tahmini okuma s\u00fcresi\" \/>\n\t<meta name=\"twitter:data2\" content=\"1 dakika\" \/>\n<script type=\"application\/ld+json\" class=\"yoast-schema-graph\">{\"@context\":\"https:\/\/schema.org\",\"@graph\":[{\"@type\":\"Article\",\"@id\":\"https:\/\/epochtimestr.com\/index.php\/yilmaz-koksal-hayatini-kaybetti#article\",\"isPartOf\":{\"@id\":\"https:\/\/epochtimestr.com\/index.php\/yilmaz-koksal-hayatini-kaybetti\"},\"author\":{\"name\":\"Demet G.\",\"@id\":\"https:\/\/epochtimestr.com\/#\/schema\/person\/d3e91bfb29b1dafeb31433870772ca2e\"},\"headline\":\"Y\u0131lmaz K\u00f6ksal Hayat\u0131n\u0131 Kaybetti\",\"datePublished\":\"2015-10-23T11:25:59+00:00\",\"dateModified\":\"2015-10-23T11:26:44+00:00\",\"mainEntityOfPage\":{\"@id\":\"https:\/\/epochtimestr.com\/index.php\/yilmaz-koksal-hayatini-kaybetti\"},\"wordCount\":182,\"commentCount\":0,\"publisher\":{\"@id\":\"https:\/\/epochtimestr.com\/#organization\"},\"image\":{\"@id\":\"https:\/\/epochtimestr.com\/index.php\/yilmaz-koksal-hayatini-kaybetti#primaryimage\"},\"thumbnailUrl\":\"https:\/\/epochtimestr.com\/wp-content\/uploads\/2011y\/YILMAZ-K\u00d6KSAL.jpg\",\"articleSection\":[\"T\u00dcRK\u0130YE\"],\"inLanguage\":\"tr\",\"potentialAction\":[{\"@type\":\"CommentAction\",\"name\":\"Comment\",\"target\":[\"https:\/\/epochtimestr.com\/index.php\/yilmaz-koksal-hayatini-kaybetti#respond\"]}]},{\"@type\":\"WebPage\",\"@id\":\"https:\/\/epochtimestr.com\/index.php\/yilmaz-koksal-hayatini-kaybetti\",\"url\":\"https:\/\/epochtimestr.com\/index.php\/yilmaz-koksal-hayatini-kaybetti\",\"name\":\"Y\u0131lmaz K\u00f6ksal Hayat\u0131n\u0131 Kaybetti - The Epoch Times TR\",\"isPartOf\":{\"@id\":\"https:\/\/epochtimestr.com\/#website\"},\"primaryImageOfPage\":{\"@id\":\"https:\/\/epochtimestr.com\/index.php\/yilmaz-koksal-hayatini-kaybetti#primaryimage\"},\"image\":{\"@id\":\"https:\/\/epochtimestr.com\/index.php\/yilmaz-koksal-hayatini-kaybetti#primaryimage\"},\"thumbnailUrl\":\"https:\/\/epochtimestr.com\/wp-content\/uploads\/2011y\/YILMAZ-K\u00d6KSAL.jpg\",\"datePublished\":\"2015-10-23T11:25:59+00:00\",\"dateModified\":\"2015-10-23T11:26:44+00:00\",\"inLanguage\":\"tr\",\"potentialAction\":[{\"@type\":\"ReadAction\",\"target\":[\"https:\/\/epochtimestr.com\/index.php\/yilmaz-koksal-hayatini-kaybetti\"]}]},{\"@type\":\"ImageObject\",\"inLanguage\":\"tr\",\"@id\":\"https:\/\/epochtimestr.com\/index.php\/yilmaz-koksal-hayatini-kaybetti#primaryimage\",\"url\":\"https:\/\/epochtimestr.com\/wp-content\/uploads\/2011y\/YILMAZ-K\u00d6KSAL.jpg\",\"contentUrl\":\"https:\/\/epochtimestr.com\/wp-content\/uploads\/2011y\/YILMAZ-K\u00d6KSAL.jpg\",\"width\":395,\"height\":345},{\"@type\":\"WebSite\",\"@id\":\"https:\/\/epochtimestr.com\/#website\",\"url\":\"https:\/\/epochtimestr.com\/\",\"name\":\"The Epoch Times TR\",\"description\":\"De\u011fi\u015fen D\u00fcnyam\u0131za Taze Bir Bak\u0131\u015f\",\"publisher\":{\"@id\":\"https:\/\/epochtimestr.com\/#organization\"},\"potentialAction\":[{\"@type\":\"SearchAction\",\"target\":{\"@type\":\"EntryPoint\",\"urlTemplate\":\"https:\/\/epochtimestr.com\/?s={search_term_string}\"},\"query-input\":\"required name=search_term_string\"}],\"inLanguage\":\"tr\"},{\"@type\":\"Organization\",\"@id\":\"https:\/\/epochtimestr.com\/#organization\",\"name\":\"The EpochTimes T\u00fcrkiye\",\"url\":\"https:\/\/epochtimestr.com\/\",\"logo\":{\"@type\":\"ImageObject\",\"inLanguage\":\"tr\",\"@id\":\"https:\/\/epochtimestr.com\/#\/schema\/logo\/image\/\",\"url\":\"https:\/\/epochtimestr.com\/wp-content\/uploads\/2011y\/ET-Logo-YG.jpg\",\"contentUrl\":\"https:\/\/epochtimestr.com\/wp-content\/uploads\/2011y\/ET-Logo-YG.jpg\",\"width\":346,\"height\":29,\"caption\":\"The EpochTimes T\u00fcrkiye\"},\"image\":{\"@id\":\"https:\/\/epochtimestr.com\/#\/schema\/logo\/image\/\"},\"sameAs\":[\"https:\/\/www.facebook.com\/theepochtimestr\",\"https:\/\/x.com\/TheEpochTimesTR\",\"https:\/\/www.instagram.com\/epochtimestr\"]},{\"@type\":\"Person\",\"@id\":\"https:\/\/epochtimestr.com\/#\/schema\/person\/d3e91bfb29b1dafeb31433870772ca2e\",\"name\":\"Demet G.\",\"image\":{\"@type\":\"ImageObject\",\"inLanguage\":\"tr\",\"@id\":\"https:\/\/epochtimestr.com\/#\/schema\/person\/image\/\",\"url\":\"https:\/\/secure.gravatar.com\/avatar\/c55abc9a8699f910b63eba76dc9ee97a?s=96&d=mm&r=g\",\"contentUrl\":\"https:\/\/secure.gravatar.com\/avatar\/c55abc9a8699f910b63eba76dc9ee97a?s=96&d=mm&r=g\",\"caption\":\"Demet G.\"},\"url\":\"https:\/\/epochtimestr.com\/index.php\/author\/d-gokoglu\"}]}<\/script>\n<!-- \/ Yoast SEO plugin. -->","yoast_head_json":{"title":"Y\u0131lmaz K\u00f6ksal Hayat\u0131n\u0131 Kaybetti - The Epoch Times TR","robots":{"index":"index","follow":"follow","max-snippet":"max-snippet:-1","max-image-preview":"max-image-preview:large","max-video-preview":"max-video-preview:-1"},"canonical":"https:\/\/epochtimestr.com\/index.php\/yilmaz-koksal-hayatini-kaybetti","og_locale":"tr_TR","og_type":"article","og_title":"Y\u0131lmaz K\u00f6ksal Hayat\u0131n\u0131 Kaybetti - The Epoch Times TR","og_description":"15 Temmuz 1939&#8217;da K\u0131r\u015fehir&#8217;de do\u011fan Y\u0131lmaz K\u00f6ksal, Tophane Sanat Enstit\u00fcs\u00fc&#8217;nde okudu. 1965&#8217;ten 2005&#8217;e y\u0131l\u0131na \u00a0kadar 180&#8217;in \u00fczerinde filmde rol alan\u00a0sanat\u00e7\u0131\u00a0Y\u0131lmaz K\u00f6ksal 76 ya\u015f\u0131nda hayat\u0131n\u0131 kaybetti. Uzun s\u00fcredir kanser ile sava\u015fan sanat\u00e7\u0131 Sultanbeyli&#8217;de kald\u0131r\u0131ld\u0131\u011f\u0131 \u00f6zel bir hastanede yo\u011fun bak\u0131ma al\u0131nm\u0131\u015ft\u0131. Ya\u015fam m\u00fccadelesini kaybeden K\u00f6ksal i\u00e7in \u00fcnl\u00fclerin sosyal medyada\u00a0payla\u015ft\u0131\u011f\u0131 ba\u015fsa\u011fl\u0131\u011f\u0131 mesajlar\u0131 -Unutmay\u0131z g\u00fcle\u00e7 kovboyu. Nur i\u00e7inde yat [&hellip;]","og_url":"https:\/\/epochtimestr.com\/index.php\/yilmaz-koksal-hayatini-kaybetti","og_site_name":"The Epoch Times TR","article_publisher":"https:\/\/www.facebook.com\/theepochtimestr","article_published_time":"2015-10-23T11:25:59+00:00","article_modified_time":"2015-10-23T11:26:44+00:00","og_image":[{"width":395,"height":345,"url":"https:\/\/epochtimestr.com\/wp-content\/uploads\/2011y\/YILMAZ-K\u00d6KSAL.jpg","type":"image\/jpeg"}],"author":"Demet G.","twitter_card":"summary_large_image","twitter_creator":"@TheEpochTimesTR","twitter_site":"@TheEpochTimesTR","twitter_misc":{"Yazan:":"Demet G.","Tahmini okuma s\u00fcresi":"1 dakika"},"schema":{"@context":"https:\/\/schema.org","@graph":[{"@type":"Article","@id":"https:\/\/epochtimestr.com\/index.php\/yilmaz-koksal-hayatini-kaybetti#article","isPartOf":{"@id":"https:\/\/epochtimestr.com\/index.php\/yilmaz-koksal-hayatini-kaybetti"},"author":{"name":"Demet G.","@id":"https:\/\/epochtimestr.com\/#\/schema\/person\/d3e91bfb29b1dafeb31433870772ca2e"},"headline":"Y\u0131lmaz K\u00f6ksal Hayat\u0131n\u0131 Kaybetti","datePublished":"2015-10-23T11:25:59+00:00","dateModified":"2015-10-23T11:26:44+00:00","mainEntityOfPage":{"@id":"https:\/\/epochtimestr.com\/index.php\/yilmaz-koksal-hayatini-kaybetti"},"wordCount":182,"commentCount":0,"publisher":{"@id":"https:\/\/epochtimestr.com\/#organization"},"image":{"@id":"https:\/\/epochtimestr.com\/index.php\/yilmaz-koksal-hayatini-kaybetti#primaryimage"},"thumbnailUrl":"https:\/\/epochtimestr.com\/wp-content\/uploads\/2011y\/YILMAZ-K\u00d6KSAL.jpg","articleSection":["T\u00dcRK\u0130YE"],"inLanguage":"tr","potentialAction":[{"@type":"CommentAction","name":"Comment","target":["https:\/\/epochtimestr.com\/index.php\/yilmaz-koksal-hayatini-kaybetti#respond"]}]},{"@type":"WebPage","@id":"https:\/\/epochtimestr.com\/index.php\/yilmaz-koksal-hayatini-kaybetti","url":"https:\/\/epochtimestr.com\/index.php\/yilmaz-koksal-hayatini-kaybetti","name":"Y\u0131lmaz K\u00f6ksal Hayat\u0131n\u0131 Kaybetti - The Epoch Times TR","isPartOf":{"@id":"https:\/\/epochtimestr.com\/#website"},"primaryImageOfPage":{"@id":"https:\/\/epochtimestr.com\/index.php\/yilmaz-koksal-hayatini-kaybetti#primaryimage"},"image":{"@id":"https:\/\/epochtimestr.com\/index.php\/yilmaz-koksal-hayatini-kaybetti#primaryimage"},"thumbnailUrl":"https:\/\/epochtimestr.com\/wp-content\/uploads\/2011y\/YILMAZ-K\u00d6KSAL.jpg","datePublished":"2015-10-23T11:25:59+00:00","dateModified":"2015-10-23T11:26:44+00:00","inLanguage":"tr","potentialAction":[{"@type":"ReadAction","target":["https:\/\/epochtimestr.com\/index.php\/yilmaz-koksal-hayatini-kaybetti"]}]},{"@type":"ImageObject","inLanguage":"tr","@id":"https:\/\/epochtimestr.com\/index.php\/yilmaz-koksal-hayatini-kaybetti#primaryimage","url":"https:\/\/epochtimestr.com\/wp-content\/uploads\/2011y\/YILMAZ-K\u00d6KSAL.jpg","contentUrl":"https:\/\/epochtimestr.com\/wp-content\/uploads\/2011y\/YILMAZ-K\u00d6KSAL.jpg","width":395,"height":345},{"@type":"WebSite","@id":"https:\/\/epochtimestr.com\/#website","url":"https:\/\/epochtimestr.com\/","name":"The Epoch Times TR","description":"De\u011fi\u015fen D\u00fcnyam\u0131za Taze Bir Bak\u0131\u015f","publisher":{"@id":"https:\/\/epochtimestr.com\/#organization"},"potentialAction":[{"@type":"SearchAction","target":{"@type":"EntryPoint","urlTemplate":"https:\/\/epochtimestr.com\/?s={search_term_string}"},"query-input":"required name=search_term_string"}],"inLanguage":"tr"},{"@type":"Organization","@id":"https:\/\/epochtimestr.com\/#organization","name":"The EpochTimes T\u00fcrkiye","url":"https:\/\/epochtimestr.com\/","logo":{"@type":"ImageObject","inLanguage":"tr","@id":"https:\/\/epochtimestr.com\/#\/schema\/logo\/image\/","url":"https:\/\/epochtimestr.com\/wp-content\/uploads\/2011y\/ET-Logo-YG.jpg","contentUrl":"https:\/\/epochtimestr.com\/wp-content\/uploads\/2011y\/ET-Logo-YG.jpg","width":346,"height":29,"caption":"The EpochTimes T\u00fcrkiye"},"image":{"@id":"https:\/\/epochtimestr.com\/#\/schema\/logo\/image\/"},"sameAs":["https:\/\/www.facebook.com\/theepochtimestr","https:\/\/x.com\/TheEpochTimesTR","https:\/\/www.instagram.com\/epochtimestr"]},{"@type":"Person","@id":"https:\/\/epochtimestr.com\/#\/schema\/person\/d3e91bfb29b1dafeb31433870772ca2e","name":"Demet G.","image":{"@type":"ImageObject","inLanguage":"tr","@id":"https:\/\/epochtimestr.com\/#\/schema\/person\/image\/","url":"https:\/\/secure.gravatar.com\/avatar\/c55abc9a8699f910b63eba76dc9ee97a?s=96&d=mm&r=g","contentUrl":"https:\/\/secure.gravatar.com\/avatar\/c55abc9a8699f910b63eba76dc9ee97a?s=96&d=mm&r=g","caption":"Demet G."},"url":"https:\/\/epochtimestr.com\/index.php\/author\/d-gokoglu"}]}},"_links":{"self":[{"href":"https:\/\/epochtimestr.com\/index.php\/wp-json\/wp\/v2\/posts\/88323"}],"collection":[{"href":"https:\/\/epochtimestr.com\/index.php\/wp-json\/wp\/v2\/posts"}],"about":[{"href":"https:\/\/epochtimestr.com\/index.php\/wp-json\/wp\/v2\/types\/post"}],"author":[{"embeddable":true,"href":"https:\/\/epochtimestr.com\/index.php\/wp-json\/wp\/v2\/users\/36"}],"replies":[{"embeddable":true,"href":"https:\/\/epochtimestr.com\/index.php\/wp-json\/wp\/v2\/comments?post=88323"}],"version-history":[{"count":2,"href":"https:\/\/epochtimestr.com\/index.php\/wp-json\/wp\/v2\/posts\/88323\/revisions"}],"predecessor-version":[{"id":88326,"href":"https:\/\/epochtimestr.com\/index.php\/wp-json\/wp\/v2\/posts\/88323\/revisions\/88326"}],"wp:featuredmedia":[{"embeddable":true,"href":"https:\/\/epochtimestr.com\/index.php\/wp-json\/wp\/v2\/media\/88324"}],"wp:attachment":[{"href":"https:\/\/epochtimestr.com\/index.php\/wp-json\/wp\/v2\/media?parent=88323"}],"wp:term":[{"taxonomy":"category","embeddable":true,"href":"https:\/\/epochtimestr.com\/index.php\/wp-json\/wp\/v2\/categories?post=88323"},{"taxonomy":"post_tag","embeddable":true,"href":"https:\/\/epochtimestr.com\/index.php\/wp-json\/wp\/v2\/tags?post=88323"}],"curies":[{"name":"wp","href":"https:\/\/api.w.org\/{rel}","templated":true}]}}