{"id":89809,"date":"2016-03-03T12:08:48","date_gmt":"2016-03-03T09:08:48","guid":{"rendered":"http:\/\/epochtimestr.com\/?p=89809"},"modified":"2016-03-03T12:08:48","modified_gmt":"2016-03-03T09:08:48","slug":"istanbulda-cevik-kuvvet-sube-mudurlugune-saldiri","status":"publish","type":"post","link":"https:\/\/epochtimestr.com\/index.php\/istanbulda-cevik-kuvvet-sube-mudurlugune-saldiri","title":{"rendered":"\u0130stanbul&#8217;da \u00c7evik Kuvvet \u015eube M\u00fcd\u00fcrl\u00fc\u011f\u00fcne Sald\u0131r\u0131"},"content":{"rendered":"<figure id=\"attachment_89810\" aria-describedby=\"caption-attachment-89810\" style=\"width: 600px\" class=\"wp-caption aligncenter\"><a href=\"https:\/\/epochtimestr.com\/wp-content\/uploads\/2011y\/1546254.jpg\" rel=\"attachment wp-att-89810\"><img loading=\"lazy\" decoding=\"async\" class=\"size-large wp-image-89810\" src=\"https:\/\/epochtimestr.com\/wp-content\/uploads\/2011y\/1546254-600x319.jpg\" alt=\"Foto\u011fraf: \u0130HA\" width=\"600\" height=\"319\" srcset=\"https:\/\/epochtimestr.com\/wp-content\/uploads\/2011y\/1546254.jpg 600w, https:\/\/epochtimestr.com\/wp-content\/uploads\/2011y\/1546254-150x80.jpg 150w, https:\/\/epochtimestr.com\/wp-content\/uploads\/2011y\/1546254-300x160.jpg 300w, https:\/\/epochtimestr.com\/wp-content\/uploads\/2011y\/1546254-292x155.jpg 292w, https:\/\/epochtimestr.com\/wp-content\/uploads\/2011y\/1546254-190x100.jpg 190w\" sizes=\"(max-width: 600px) 100vw, 600px\" \/><\/a><figcaption id=\"caption-attachment-89810\" class=\"wp-caption-text\">Foto\u011fraf: \u0130HA<\/figcaption><\/figure>\n<h2 style=\"text-align: justify;\">Bayrampa\u015fa&#8217;da bulunan \u00c7evik Kuvvet \u015eube M\u00fcd\u00fcrl\u00fc\u011f\u00fc&#8217;ne kimli\u011fi belirsiz ki\u015filerce silahl\u0131 sald\u0131r\u0131 d\u00fczenlendi, s\u0131cak \u00e7at\u0131\u015fma\u00a0s\u00fcr\u00fcyor.<\/h2>\n<p style=\"text-align: justify;\">Bayrampa\u015fa&#8217;da bulunan \u00c7evik Kuvvet \u015eube M\u00fcd\u00fcrl\u00fc\u011f\u00fc&#8217;ne silahl\u0131 sald\u0131r\u0131 d\u00fczenlendi. G\u00f6rg\u00fc \u015fahitleri, sald\u0131rganlar\u0131n \u00c7evik Kuvvet \u015eube M\u00fcd\u00fcrl\u00fc\u011f\u00fc&#8217;ne el bombas\u0131 att\u0131\u011f\u0131n\u0131 da iddia ederken, polis sald\u0131r\u0131y\u0131 ger\u00e7ekle\u015ftirdikleri iddia edilen iki ki\u015finin sakland\u0131klar\u0131 binaya operasyon yap\u0131yor. Bina polis taraf\u0131ndan abluka alt\u0131na al\u0131nd\u0131. \u00d6te yandan, \u00c7evik Kuvvet \u015eube M\u00fcd\u00fcrl\u00fc\u011f\u00fc \u00f6n\u00fcnde bir \u015f\u00fcpheli ara\u00e7 \u00fczerinde inceleme yap\u0131l\u0131yor.<\/p>\n<p style=\"text-align: justify;\"><em>\u0130HA<\/em><\/p>\n","protected":false},"excerpt":{"rendered":"<p>Bayrampa\u015fa&#8217;da bulunan \u00c7evik Kuvvet \u015eube M\u00fcd\u00fcrl\u00fc\u011f\u00fc&#8217;ne kimli\u011fi belirsiz ki\u015filerce silahl\u0131 sald\u0131r\u0131 d\u00fczenlendi, s\u0131cak \u00e7at\u0131\u015fma\u00a0s\u00fcr\u00fcyor. Bayrampa\u015fa&#8217;da bulunan \u00c7evik Kuvvet \u015eube M\u00fcd\u00fcrl\u00fc\u011f\u00fc&#8217;ne silahl\u0131 sald\u0131r\u0131 d\u00fczenlendi. G\u00f6rg\u00fc \u015fahitleri, sald\u0131rganlar\u0131n \u00c7evik Kuvvet \u015eube M\u00fcd\u00fcrl\u00fc\u011f\u00fc&#8217;ne el bombas\u0131 att\u0131\u011f\u0131n\u0131 da iddia ederken, polis sald\u0131r\u0131y\u0131 ger\u00e7ekle\u015ftirdikleri iddia edilen iki ki\u015finin sakland\u0131klar\u0131 binaya operasyon yap\u0131yor. Bina polis taraf\u0131ndan abluka alt\u0131na al\u0131nd\u0131. \u00d6te yandan, [&hellip;]<\/p>\n","protected":false},"author":2299,"featured_media":89810,"comment_status":"open","ping_status":"open","sticky":false,"template":"","format":"standard","meta":{"_yoast_wpseo_focuskw":"","_yoast_wpseo_title":"","_yoast_wpseo_metadesc":"","_bbp_topic_count":0,"_bbp_reply_count":0,"_bbp_total_topic_count":0,"_bbp_total_reply_count":0,"_bbp_voice_count":0,"_bbp_anonymous_reply_count":0,"_bbp_topic_count_hidden":0,"_bbp_reply_count_hidden":0,"_bbp_forum_subforum_count":0,"footnotes":"","_yoast_wpseo_focuskw_text_input":""},"categories":[37],"tags":[4934,356,4935],"yoast_head":"<!-- This site is optimized with the Yoast SEO plugin v23.0 - https:\/\/yoast.com\/wordpress\/plugins\/seo\/ -->\n<title>\u0130stanbul&#039;da \u00c7evik Kuvvet \u015eube M\u00fcd\u00fcrl\u00fc\u011f\u00fcne Sald\u0131r\u0131 - The Epoch Times TR<\/title>\n<meta name=\"robots\" content=\"index, follow, max-snippet:-1, max-image-preview:large, max-video-preview:-1\" \/>\n<link rel=\"canonical\" href=\"https:\/\/epochtimestr.com\/index.php\/istanbulda-cevik-kuvvet-sube-mudurlugune-saldiri\" \/>\n<meta property=\"og:locale\" content=\"tr_TR\" \/>\n<meta property=\"og:type\" content=\"article\" \/>\n<meta property=\"og:title\" content=\"\u0130stanbul&#039;da \u00c7evik Kuvvet \u015eube M\u00fcd\u00fcrl\u00fc\u011f\u00fcne Sald\u0131r\u0131 - The Epoch Times TR\" \/>\n<meta property=\"og:description\" content=\"Bayrampa\u015fa&#8217;da bulunan \u00c7evik Kuvvet \u015eube M\u00fcd\u00fcrl\u00fc\u011f\u00fc&#8217;ne kimli\u011fi belirsiz ki\u015filerce silahl\u0131 sald\u0131r\u0131 d\u00fczenlendi, s\u0131cak \u00e7at\u0131\u015fma\u00a0s\u00fcr\u00fcyor. Bayrampa\u015fa&#8217;da bulunan \u00c7evik Kuvvet \u015eube M\u00fcd\u00fcrl\u00fc\u011f\u00fc&#8217;ne silahl\u0131 sald\u0131r\u0131 d\u00fczenlendi. G\u00f6rg\u00fc \u015fahitleri, sald\u0131rganlar\u0131n \u00c7evik Kuvvet \u015eube M\u00fcd\u00fcrl\u00fc\u011f\u00fc&#8217;ne el bombas\u0131 att\u0131\u011f\u0131n\u0131 da iddia ederken, polis sald\u0131r\u0131y\u0131 ger\u00e7ekle\u015ftirdikleri iddia edilen iki ki\u015finin sakland\u0131klar\u0131 binaya operasyon yap\u0131yor. Bina polis taraf\u0131ndan abluka alt\u0131na al\u0131nd\u0131. \u00d6te yandan, [&hellip;]\" \/>\n<meta property=\"og:url\" content=\"https:\/\/epochtimestr.com\/index.php\/istanbulda-cevik-kuvvet-sube-mudurlugune-saldiri\" \/>\n<meta property=\"og:site_name\" content=\"The Epoch Times TR\" \/>\n<meta property=\"article:publisher\" content=\"https:\/\/www.facebook.com\/theepochtimestr\" \/>\n<meta property=\"article:published_time\" content=\"2016-03-03T09:08:48+00:00\" \/>\n<meta property=\"og:image\" content=\"https:\/\/epochtimestr.com\/wp-content\/uploads\/2011y\/1546254.jpg\" \/>\n\t<meta property=\"og:image:width\" content=\"600\" \/>\n\t<meta property=\"og:image:height\" content=\"319\" \/>\n\t<meta property=\"og:image:type\" content=\"image\/jpeg\" \/>\n<meta name=\"author\" content=\"S. \u00d6zcan\" \/>\n<meta name=\"twitter:card\" content=\"summary_large_image\" \/>\n<meta name=\"twitter:creator\" content=\"@TheEpochTimesTR\" \/>\n<meta name=\"twitter:site\" content=\"@TheEpochTimesTR\" \/>\n<meta name=\"twitter:label1\" content=\"Yazan:\" \/>\n\t<meta name=\"twitter:data1\" content=\"S. \u00d6zcan\" \/>\n\t<meta name=\"twitter:label2\" content=\"Tahmini okuma s\u00fcresi\" \/>\n\t<meta name=\"twitter:data2\" content=\"1 dakika\" \/>\n<script type=\"application\/ld+json\" class=\"yoast-schema-graph\">{\"@context\":\"https:\/\/schema.org\",\"@graph\":[{\"@type\":\"Article\",\"@id\":\"https:\/\/epochtimestr.com\/index.php\/istanbulda-cevik-kuvvet-sube-mudurlugune-saldiri#article\",\"isPartOf\":{\"@id\":\"https:\/\/epochtimestr.com\/index.php\/istanbulda-cevik-kuvvet-sube-mudurlugune-saldiri\"},\"author\":{\"name\":\"S. \u00d6zcan\",\"@id\":\"https:\/\/epochtimestr.com\/#\/schema\/person\/a68c9858eda0ed23ec4d60af426d1909\"},\"headline\":\"\u0130stanbul&#8217;da \u00c7evik Kuvvet \u015eube M\u00fcd\u00fcrl\u00fc\u011f\u00fcne Sald\u0131r\u0131\",\"datePublished\":\"2016-03-03T09:08:48+00:00\",\"dateModified\":\"2016-03-03T09:08:48+00:00\",\"mainEntityOfPage\":{\"@id\":\"https:\/\/epochtimestr.com\/index.php\/istanbulda-cevik-kuvvet-sube-mudurlugune-saldiri\"},\"wordCount\":128,\"commentCount\":0,\"publisher\":{\"@id\":\"https:\/\/epochtimestr.com\/#organization\"},\"image\":{\"@id\":\"https:\/\/epochtimestr.com\/index.php\/istanbulda-cevik-kuvvet-sube-mudurlugune-saldiri#primaryimage\"},\"thumbnailUrl\":\"https:\/\/epochtimestr.com\/wp-content\/uploads\/2011y\/1546254.jpg\",\"keywords\":[\"bayrampa\u015fa\",\"\u00e7at\u0131\u015fma\",\"\u00e7evik kuvvet \u015fube m\u00fcd\u00fcrl\u00fc\u011f\u00fc\"],\"articleSection\":[\"T\u00dcRK\u0130YE\"],\"inLanguage\":\"tr\",\"potentialAction\":[{\"@type\":\"CommentAction\",\"name\":\"Comment\",\"target\":[\"https:\/\/epochtimestr.com\/index.php\/istanbulda-cevik-kuvvet-sube-mudurlugune-saldiri#respond\"]}]},{\"@type\":\"WebPage\",\"@id\":\"https:\/\/epochtimestr.com\/index.php\/istanbulda-cevik-kuvvet-sube-mudurlugune-saldiri\",\"url\":\"https:\/\/epochtimestr.com\/index.php\/istanbulda-cevik-kuvvet-sube-mudurlugune-saldiri\",\"name\":\"\u0130stanbul'da \u00c7evik Kuvvet \u015eube M\u00fcd\u00fcrl\u00fc\u011f\u00fcne Sald\u0131r\u0131 - The Epoch Times TR\",\"isPartOf\":{\"@id\":\"https:\/\/epochtimestr.com\/#website\"},\"primaryImageOfPage\":{\"@id\":\"https:\/\/epochtimestr.com\/index.php\/istanbulda-cevik-kuvvet-sube-mudurlugune-saldiri#primaryimage\"},\"image\":{\"@id\":\"https:\/\/epochtimestr.com\/index.php\/istanbulda-cevik-kuvvet-sube-mudurlugune-saldiri#primaryimage\"},\"thumbnailUrl\":\"https:\/\/epochtimestr.com\/wp-content\/uploads\/2011y\/1546254.jpg\",\"datePublished\":\"2016-03-03T09:08:48+00:00\",\"dateModified\":\"2016-03-03T09:08:48+00:00\",\"inLanguage\":\"tr\",\"potentialAction\":[{\"@type\":\"ReadAction\",\"target\":[\"https:\/\/epochtimestr.com\/index.php\/istanbulda-cevik-kuvvet-sube-mudurlugune-saldiri\"]}]},{\"@type\":\"ImageObject\",\"inLanguage\":\"tr\",\"@id\":\"https:\/\/epochtimestr.com\/index.php\/istanbulda-cevik-kuvvet-sube-mudurlugune-saldiri#primaryimage\",\"url\":\"https:\/\/epochtimestr.com\/wp-content\/uploads\/2011y\/1546254.jpg\",\"contentUrl\":\"https:\/\/epochtimestr.com\/wp-content\/uploads\/2011y\/1546254.jpg\",\"width\":600,\"height\":319,\"caption\":\"Foto\u011fraf: \u0130HA\"},{\"@type\":\"WebSite\",\"@id\":\"https:\/\/epochtimestr.com\/#website\",\"url\":\"https:\/\/epochtimestr.com\/\",\"name\":\"The Epoch Times TR\",\"description\":\"De\u011fi\u015fen D\u00fcnyam\u0131za Taze Bir Bak\u0131\u015f\",\"publisher\":{\"@id\":\"https:\/\/epochtimestr.com\/#organization\"},\"potentialAction\":[{\"@type\":\"SearchAction\",\"target\":{\"@type\":\"EntryPoint\",\"urlTemplate\":\"https:\/\/epochtimestr.com\/?s={search_term_string}\"},\"query-input\":\"required name=search_term_string\"}],\"inLanguage\":\"tr\"},{\"@type\":\"Organization\",\"@id\":\"https:\/\/epochtimestr.com\/#organization\",\"name\":\"The EpochTimes T\u00fcrkiye\",\"url\":\"https:\/\/epochtimestr.com\/\",\"logo\":{\"@type\":\"ImageObject\",\"inLanguage\":\"tr\",\"@id\":\"https:\/\/epochtimestr.com\/#\/schema\/logo\/image\/\",\"url\":\"https:\/\/epochtimestr.com\/wp-content\/uploads\/2011y\/ET-Logo-YG.jpg\",\"contentUrl\":\"https:\/\/epochtimestr.com\/wp-content\/uploads\/2011y\/ET-Logo-YG.jpg\",\"width\":346,\"height\":29,\"caption\":\"The EpochTimes T\u00fcrkiye\"},\"image\":{\"@id\":\"https:\/\/epochtimestr.com\/#\/schema\/logo\/image\/\"},\"sameAs\":[\"https:\/\/www.facebook.com\/theepochtimestr\",\"https:\/\/x.com\/TheEpochTimesTR\",\"https:\/\/www.instagram.com\/epochtimestr\"]},{\"@type\":\"Person\",\"@id\":\"https:\/\/epochtimestr.com\/#\/schema\/person\/a68c9858eda0ed23ec4d60af426d1909\",\"name\":\"S. \u00d6zcan\",\"image\":{\"@type\":\"ImageObject\",\"inLanguage\":\"tr\",\"@id\":\"https:\/\/epochtimestr.com\/#\/schema\/person\/image\/\",\"url\":\"https:\/\/secure.gravatar.com\/avatar\/4d5fe3f80eca8705add16a35528996c4?s=96&d=mm&r=g\",\"contentUrl\":\"https:\/\/secure.gravatar.com\/avatar\/4d5fe3f80eca8705add16a35528996c4?s=96&d=mm&r=g\",\"caption\":\"S. \u00d6zcan\"},\"url\":\"https:\/\/epochtimestr.com\/index.php\/author\/n-kaya\"}]}<\/script>\n<!-- \/ Yoast SEO plugin. -->","yoast_head_json":{"title":"\u0130stanbul'da \u00c7evik Kuvvet \u015eube M\u00fcd\u00fcrl\u00fc\u011f\u00fcne Sald\u0131r\u0131 - The Epoch Times TR","robots":{"index":"index","follow":"follow","max-snippet":"max-snippet:-1","max-image-preview":"max-image-preview:large","max-video-preview":"max-video-preview:-1"},"canonical":"https:\/\/epochtimestr.com\/index.php\/istanbulda-cevik-kuvvet-sube-mudurlugune-saldiri","og_locale":"tr_TR","og_type":"article","og_title":"\u0130stanbul'da \u00c7evik Kuvvet \u015eube M\u00fcd\u00fcrl\u00fc\u011f\u00fcne Sald\u0131r\u0131 - The Epoch Times TR","og_description":"Bayrampa\u015fa&#8217;da bulunan \u00c7evik Kuvvet \u015eube M\u00fcd\u00fcrl\u00fc\u011f\u00fc&#8217;ne kimli\u011fi belirsiz ki\u015filerce silahl\u0131 sald\u0131r\u0131 d\u00fczenlendi, s\u0131cak \u00e7at\u0131\u015fma\u00a0s\u00fcr\u00fcyor. Bayrampa\u015fa&#8217;da bulunan \u00c7evik Kuvvet \u015eube M\u00fcd\u00fcrl\u00fc\u011f\u00fc&#8217;ne silahl\u0131 sald\u0131r\u0131 d\u00fczenlendi. G\u00f6rg\u00fc \u015fahitleri, sald\u0131rganlar\u0131n \u00c7evik Kuvvet \u015eube M\u00fcd\u00fcrl\u00fc\u011f\u00fc&#8217;ne el bombas\u0131 att\u0131\u011f\u0131n\u0131 da iddia ederken, polis sald\u0131r\u0131y\u0131 ger\u00e7ekle\u015ftirdikleri iddia edilen iki ki\u015finin sakland\u0131klar\u0131 binaya operasyon yap\u0131yor. Bina polis taraf\u0131ndan abluka alt\u0131na al\u0131nd\u0131. \u00d6te yandan, [&hellip;]","og_url":"https:\/\/epochtimestr.com\/index.php\/istanbulda-cevik-kuvvet-sube-mudurlugune-saldiri","og_site_name":"The Epoch Times TR","article_publisher":"https:\/\/www.facebook.com\/theepochtimestr","article_published_time":"2016-03-03T09:08:48+00:00","og_image":[{"width":600,"height":319,"url":"https:\/\/epochtimestr.com\/wp-content\/uploads\/2011y\/1546254.jpg","type":"image\/jpeg"}],"author":"S. \u00d6zcan","twitter_card":"summary_large_image","twitter_creator":"@TheEpochTimesTR","twitter_site":"@TheEpochTimesTR","twitter_misc":{"Yazan:":"S. \u00d6zcan","Tahmini okuma s\u00fcresi":"1 dakika"},"schema":{"@context":"https:\/\/schema.org","@graph":[{"@type":"Article","@id":"https:\/\/epochtimestr.com\/index.php\/istanbulda-cevik-kuvvet-sube-mudurlugune-saldiri#article","isPartOf":{"@id":"https:\/\/epochtimestr.com\/index.php\/istanbulda-cevik-kuvvet-sube-mudurlugune-saldiri"},"author":{"name":"S. \u00d6zcan","@id":"https:\/\/epochtimestr.com\/#\/schema\/person\/a68c9858eda0ed23ec4d60af426d1909"},"headline":"\u0130stanbul&#8217;da \u00c7evik Kuvvet \u015eube M\u00fcd\u00fcrl\u00fc\u011f\u00fcne Sald\u0131r\u0131","datePublished":"2016-03-03T09:08:48+00:00","dateModified":"2016-03-03T09:08:48+00:00","mainEntityOfPage":{"@id":"https:\/\/epochtimestr.com\/index.php\/istanbulda-cevik-kuvvet-sube-mudurlugune-saldiri"},"wordCount":128,"commentCount":0,"publisher":{"@id":"https:\/\/epochtimestr.com\/#organization"},"image":{"@id":"https:\/\/epochtimestr.com\/index.php\/istanbulda-cevik-kuvvet-sube-mudurlugune-saldiri#primaryimage"},"thumbnailUrl":"https:\/\/epochtimestr.com\/wp-content\/uploads\/2011y\/1546254.jpg","keywords":["bayrampa\u015fa","\u00e7at\u0131\u015fma","\u00e7evik kuvvet \u015fube m\u00fcd\u00fcrl\u00fc\u011f\u00fc"],"articleSection":["T\u00dcRK\u0130YE"],"inLanguage":"tr","potentialAction":[{"@type":"CommentAction","name":"Comment","target":["https:\/\/epochtimestr.com\/index.php\/istanbulda-cevik-kuvvet-sube-mudurlugune-saldiri#respond"]}]},{"@type":"WebPage","@id":"https:\/\/epochtimestr.com\/index.php\/istanbulda-cevik-kuvvet-sube-mudurlugune-saldiri","url":"https:\/\/epochtimestr.com\/index.php\/istanbulda-cevik-kuvvet-sube-mudurlugune-saldiri","name":"\u0130stanbul'da \u00c7evik Kuvvet \u015eube M\u00fcd\u00fcrl\u00fc\u011f\u00fcne Sald\u0131r\u0131 - The Epoch Times TR","isPartOf":{"@id":"https:\/\/epochtimestr.com\/#website"},"primaryImageOfPage":{"@id":"https:\/\/epochtimestr.com\/index.php\/istanbulda-cevik-kuvvet-sube-mudurlugune-saldiri#primaryimage"},"image":{"@id":"https:\/\/epochtimestr.com\/index.php\/istanbulda-cevik-kuvvet-sube-mudurlugune-saldiri#primaryimage"},"thumbnailUrl":"https:\/\/epochtimestr.com\/wp-content\/uploads\/2011y\/1546254.jpg","datePublished":"2016-03-03T09:08:48+00:00","dateModified":"2016-03-03T09:08:48+00:00","inLanguage":"tr","potentialAction":[{"@type":"ReadAction","target":["https:\/\/epochtimestr.com\/index.php\/istanbulda-cevik-kuvvet-sube-mudurlugune-saldiri"]}]},{"@type":"ImageObject","inLanguage":"tr","@id":"https:\/\/epochtimestr.com\/index.php\/istanbulda-cevik-kuvvet-sube-mudurlugune-saldiri#primaryimage","url":"https:\/\/epochtimestr.com\/wp-content\/uploads\/2011y\/1546254.jpg","contentUrl":"https:\/\/epochtimestr.com\/wp-content\/uploads\/2011y\/1546254.jpg","width":600,"height":319,"caption":"Foto\u011fraf: \u0130HA"},{"@type":"WebSite","@id":"https:\/\/epochtimestr.com\/#website","url":"https:\/\/epochtimestr.com\/","name":"The Epoch Times TR","description":"De\u011fi\u015fen D\u00fcnyam\u0131za Taze Bir Bak\u0131\u015f","publisher":{"@id":"https:\/\/epochtimestr.com\/#organization"},"potentialAction":[{"@type":"SearchAction","target":{"@type":"EntryPoint","urlTemplate":"https:\/\/epochtimestr.com\/?s={search_term_string}"},"query-input":"required name=search_term_string"}],"inLanguage":"tr"},{"@type":"Organization","@id":"https:\/\/epochtimestr.com\/#organization","name":"The EpochTimes T\u00fcrkiye","url":"https:\/\/epochtimestr.com\/","logo":{"@type":"ImageObject","inLanguage":"tr","@id":"https:\/\/epochtimestr.com\/#\/schema\/logo\/image\/","url":"https:\/\/epochtimestr.com\/wp-content\/uploads\/2011y\/ET-Logo-YG.jpg","contentUrl":"https:\/\/epochtimestr.com\/wp-content\/uploads\/2011y\/ET-Logo-YG.jpg","width":346,"height":29,"caption":"The EpochTimes T\u00fcrkiye"},"image":{"@id":"https:\/\/epochtimestr.com\/#\/schema\/logo\/image\/"},"sameAs":["https:\/\/www.facebook.com\/theepochtimestr","https:\/\/x.com\/TheEpochTimesTR","https:\/\/www.instagram.com\/epochtimestr"]},{"@type":"Person","@id":"https:\/\/epochtimestr.com\/#\/schema\/person\/a68c9858eda0ed23ec4d60af426d1909","name":"S. \u00d6zcan","image":{"@type":"ImageObject","inLanguage":"tr","@id":"https:\/\/epochtimestr.com\/#\/schema\/person\/image\/","url":"https:\/\/secure.gravatar.com\/avatar\/4d5fe3f80eca8705add16a35528996c4?s=96&d=mm&r=g","contentUrl":"https:\/\/secure.gravatar.com\/avatar\/4d5fe3f80eca8705add16a35528996c4?s=96&d=mm&r=g","caption":"S. \u00d6zcan"},"url":"https:\/\/epochtimestr.com\/index.php\/author\/n-kaya"}]}},"_links":{"self":[{"href":"https:\/\/epochtimestr.com\/index.php\/wp-json\/wp\/v2\/posts\/89809"}],"collection":[{"href":"https:\/\/epochtimestr.com\/index.php\/wp-json\/wp\/v2\/posts"}],"about":[{"href":"https:\/\/epochtimestr.com\/index.php\/wp-json\/wp\/v2\/types\/post"}],"author":[{"embeddable":true,"href":"https:\/\/epochtimestr.com\/index.php\/wp-json\/wp\/v2\/users\/2299"}],"replies":[{"embeddable":true,"href":"https:\/\/epochtimestr.com\/index.php\/wp-json\/wp\/v2\/comments?post=89809"}],"version-history":[{"count":1,"href":"https:\/\/epochtimestr.com\/index.php\/wp-json\/wp\/v2\/posts\/89809\/revisions"}],"predecessor-version":[{"id":89811,"href":"https:\/\/epochtimestr.com\/index.php\/wp-json\/wp\/v2\/posts\/89809\/revisions\/89811"}],"wp:featuredmedia":[{"embeddable":true,"href":"https:\/\/epochtimestr.com\/index.php\/wp-json\/wp\/v2\/media\/89810"}],"wp:attachment":[{"href":"https:\/\/epochtimestr.com\/index.php\/wp-json\/wp\/v2\/media?parent=89809"}],"wp:term":[{"taxonomy":"category","embeddable":true,"href":"https:\/\/epochtimestr.com\/index.php\/wp-json\/wp\/v2\/categories?post=89809"},{"taxonomy":"post_tag","embeddable":true,"href":"https:\/\/epochtimestr.com\/index.php\/wp-json\/wp\/v2\/tags?post=89809"}],"curies":[{"name":"wp","href":"https:\/\/api.w.org\/{rel}","templated":true}]}}